{"id":5839,"date":"2019-09-26T08:14:55","date_gmt":"2019-09-26T06:14:55","guid":{"rendered":"https:\/\/www.organisator.ch\/?p=5839"},"modified":"2019-09-26T08:14:55","modified_gmt":"2019-09-26T06:14:55","slug":"unternehmenssteuer-oecd-forderungen-duerften-fuer-steuerausfaelle-sorgen","status":"publish","type":"post","link":"https:\/\/www.organisator.ch\/en\/management\/finanzen_recht\/2019-09-26\/unternehmenssteuer-oecd-forderungen-duerften-fuer-steuerausfaelle-sorgen\/","title":{"rendered":"Corporate tax: OECD demands likely to cause tax shortfalls"},"content":{"rendered":"<figure id=\"attachment_5840\" aria-describedby=\"caption-attachment-5840\" style=\"width: 680px\" class=\"wp-caption alignnone\"><img loading=\"lazy\" decoding=\"async\" class=\"size-medium wp-image-5840\" src=\"https:\/\/www.organisator.ch\/wp-content\/uploads\/2019\/09\/Unternehmenssteuer-OECD-Forderungen-duerften-fuer-Steuerausfaelle-sorgen_Organisator.jpg\" alt=\"\" width=\"680\" height=\"480\" srcset=\"https:\/\/www.organisator.ch\/wp-content\/uploads\/2019\/09\/Unternehmenssteuer-OECD-Forderungen-duerften-fuer-Steuerausfaelle-sorgen_Organisator.jpg 680w, https:\/\/www.organisator.ch\/wp-content\/uploads\/2019\/09\/Unternehmenssteuer-OECD-Forderungen-duerften-fuer-Steuerausfaelle-sorgen_Organisator-16x12.jpg 16w, https:\/\/www.organisator.ch\/wp-content\/uploads\/2019\/09\/Unternehmenssteuer-OECD-Forderungen-duerften-fuer-Steuerausfaelle-sorgen_Organisator-248x175.jpg 248w, https:\/\/www.organisator.ch\/wp-content\/uploads\/2019\/09\/Unternehmenssteuer-OECD-Forderungen-duerften-fuer-Steuerausfaelle-sorgen_Organisator-496x350.jpg 496w, https:\/\/www.organisator.ch\/wp-content\/uploads\/2019\/09\/Unternehmenssteuer-OECD-Forderungen-duerften-fuer-Steuerausfaelle-sorgen_Organisator-300x212.jpg 300w\" sizes=\"auto, (max-width: 680px) 100vw, 680px\" \/><figcaption id=\"caption-attachment-5840\" class=\"wp-caption-text\">The OECD has new demands on corporate tax: are tax losses looming for the federal government, cantons and municipalities? (Image: Pixabay.com)<\/figcaption><\/figure>\n<p>Under the title \"<em style=\"font-weight: inherit;\">Taxes<\/em> <em style=\"font-weight: inherit;\">in digital times\"<\/em> the annual conference of EXPERTsuisse took place on September 25, 2019 at the Kursaal in Bern with more than 700 participants. President of EXPERTsuisse Peter Ritter emphasized that the topic of taxes was not chosen at random: \"We use our expertise to draw attention to a highly underestimated, international debate.\" The association's function in the public interest was also acknowledged by Minister of Economic Affairs, Federal Councillor Guy Parmelin, in his welcoming message.<\/p>\n<h2>New OECD plans for corporate tax<\/h2>\n<p style=\"font-style: inherit; font-weight: inherit;\"><span style=\"font-style: inherit; font-weight: inherit;\">Specifically, it concerns the OECD's plans to reorganize the worldwide distribution of corporate taxes. Any tax losses could have massive consequences for the federal government, but also for cantons and municipalities. Daniela Stoffel, Head of the State Secretariat for International Financial Matters, was the key Swiss figure in these negotiations. Her presentation showed that the OECD is pursuing an ambitious roadmap and that Switzerland could soon be confronted with concrete demands. How to approach the OECD was also debated by CVP Council of States member Erich Ettlin and SP National Council member Mattea Meyer, led by moderator Patrizia Laeri.<\/span><\/p>\n<h2 style=\"font-style: inherit; font-weight: inherit;\"><strong style=\"font-style: inherit;\">Modernization of the Labor Code - project with broad support<\/strong><\/h2>\n<p style=\"font-style: inherit; font-weight: inherit;\">The association also noted with satisfaction the development of the labor law. Last week, the Council of States decided to write off the Keller-Sutter parliamentary initiative to liberalize the recording of working hours and to focus on the Graber parliamentary initiative. The latter legalizes proven forms of work by self-determined supervisors and specialists with a special annual working time model, combined with strengthened health protection. EXPERTsuisse welcomes this decision.<\/p>\n<p style=\"font-style: inherit; font-weight: inherit;\">The bill puts proven forms of work by self-determined supervisors and technical specialists on a legal footing. This also serves to improve the compatibility of work and family. A modern working world needs a modern labor law and companies need healthy employees. A discussion between CVP Council of States member Konrad Graber, the author of the parliamentary initiative, and SP Council of States member Daniel Jositsch, President of the Association of Commercial Employees, showed that with the \"plattform. - Angestellte Schweiz\", important employee associations are behind Council of States member Graber's proposal. According to Council of States member Daniel Jositsch, improved health protection in particular would bring added value to employees.<\/p>\n<p><em>Source: <a href=\"http:\/\/www.expertsuisse.ch\">EXPERTsuisse<\/a><\/em><\/p>","protected":false},"excerpt":{"rendered":"<p>Unter dem Titel \u00abSteuern in digitalen Zeiten\u00bb fand am 25. September 2019 im Kursaal in Bern die Jahrestagung von EXPERTsuisse mit \u00fcber 700 Teilnehmerinnen und Teilnehmern statt. Pr\u00e4sident von EXPERTsuisse Peter Ritter betonte, dass das Thema Steuern nicht zuf\u00e4llig gew\u00e4hlt wurde: \u00abWir nutzen unsere Expertise, um auf eine stark untersch\u00e4tzte, internationale Debatte aufmerksam zu machen.\u00bb [&hellip;]<\/p>\n","protected":false},"author":4,"featured_media":5840,"comment_status":"closed","ping_status":"closed","sticky":false,"template":"","format":"standard","meta":{"_acf_changed":false,"_yoast_wpseo_focuskw":"Unternehmenssteuer","_yoast_wpseo_metadesc":"Die Anpassung der kantonalen Steuergesetze nach der Reform der Unternehmenssteuer l\u00e4uft. Doch die OECD hat weitere Forderungen.","articlekey":"","footnotes":""},"categories":[24],"tags":[193,454,531],"class_list":["post-5839","post","type-post","status-publish","format-standard","has-post-thumbnail","hentry","category-finanzen_recht","tag-fachkongressfachmesse","tag-steuern","tag-wirtschaftspolitik"],"acf":[],"yoast_head":"<!-- This site is optimized with the Yoast SEO plugin v27.5 - https:\/\/yoast.com\/product\/yoast-seo-wordpress\/ -->\n<title>Unternehmenssteuer: OECD-Forderungen d\u00fcrften f\u00fcr Steuerausf\u00e4lle sorgen - Organisator<\/title>\n<meta name=\"description\" content=\"Die Anpassung der kantonalen Steuergesetze nach der Reform der Unternehmenssteuer l\u00e4uft. Doch die OECD hat weitere Forderungen.\" \/>\n<meta name=\"robots\" content=\"index, follow, max-snippet:-1, max-image-preview:large, max-video-preview:-1\" \/>\n<link rel=\"canonical\" href=\"https:\/\/www.organisator.ch\/en\/management\/finanzen_recht\/2019-09-26\/unternehmenssteuer-oecd-forderungen-duerften-fuer-steuerausfaelle-sorgen\/\" \/>\n<meta property=\"og:locale\" content=\"en_US\" \/>\n<meta property=\"og:type\" content=\"article\" \/>\n<meta property=\"og:title\" content=\"Unternehmenssteuer: OECD-Forderungen d\u00fcrften f\u00fcr Steuerausf\u00e4lle sorgen\" \/>\n<meta property=\"og:description\" content=\"Die Anpassung der kantonalen Steuergesetze nach der Reform der Unternehmenssteuer l\u00e4uft. Doch die OECD hat weitere Forderungen.\" \/>\n<meta property=\"og:url\" content=\"https:\/\/www.organisator.ch\/en\/management\/finanzen_recht\/2019-09-26\/unternehmenssteuer-oecd-forderungen-duerften-fuer-steuerausfaelle-sorgen\/\" \/>\n<meta property=\"og:site_name\" content=\"Organisator\" \/>\n<meta property=\"article:publisher\" content=\"https:\/\/www.facebook.com\/OrganisatorFachmagazin\" \/>\n<meta property=\"article:published_time\" content=\"2019-09-26T06:14:55+00:00\" \/>\n<meta property=\"og:image\" content=\"https:\/\/www.organisator.ch\/wp-content\/uploads\/2019\/09\/Unternehmenssteuer-OECD-Forderungen-duerften-fuer-Steuerausfaelle-sorgen_Organisator.jpg\" \/>\n\t<meta property=\"og:image:width\" content=\"680\" \/>\n\t<meta property=\"og:image:height\" content=\"480\" \/>\n\t<meta property=\"og:image:type\" content=\"image\/jpeg\" \/>\n<meta name=\"author\" content=\"thomas.berner\" \/>\n<meta name=\"twitter:card\" content=\"summary_large_image\" \/>\n<meta name=\"twitter:title\" content=\"#Unternehmenssteuer: #OECD-Forderungen d\u00fcrften f\u00fcr Steuerausf\u00e4lle sorgen\" \/>\n<meta name=\"twitter:description\" content=\"Die Anpassung der kantonalen Steuergesetze nach der Reform der #Unternehmenssteuer l\u00e4uft. Doch die #OECD hat weitere Forderungen.\" \/>\n<meta name=\"twitter:image\" content=\"https:\/\/www.organisator.ch\/wp-content\/uploads\/2019\/09\/Unternehmenssteuer-OECD-Forderungen-duerften-fuer-Steuerausfaelle-sorgen_Organisator.jpg\" \/>\n<script type=\"application\/ld+json\" class=\"yoast-schema-graph\">{\"@context\":\"https:\\\/\\\/schema.org\",\"@graph\":[{\"@type\":\"Article\",\"@id\":\"https:\\\/\\\/www.organisator.ch\\\/management\\\/finanzen_recht\\\/2019-09-26\\\/unternehmenssteuer-oecd-forderungen-duerften-fuer-steuerausfaelle-sorgen\\\/#article\",\"isPartOf\":{\"@id\":\"https:\\\/\\\/www.organisator.ch\\\/management\\\/finanzen_recht\\\/2019-09-26\\\/unternehmenssteuer-oecd-forderungen-duerften-fuer-steuerausfaelle-sorgen\\\/\"},\"author\":{\"name\":\"thomas.berner\",\"@id\":\"https:\\\/\\\/www.organisator.ch\\\/#\\\/schema\\\/person\\\/6f650f90b2842cd4c0cc334b4e36f67e\"},\"headline\":\"Unternehmenssteuer: OECD-Forderungen d\u00fcrften f\u00fcr Steuerausf\u00e4lle sorgen\",\"datePublished\":\"2019-09-26T06:14:55+00:00\",\"mainEntityOfPage\":{\"@id\":\"https:\\\/\\\/www.organisator.ch\\\/management\\\/finanzen_recht\\\/2019-09-26\\\/unternehmenssteuer-oecd-forderungen-duerften-fuer-steuerausfaelle-sorgen\\\/\"},\"wordCount\":382,\"publisher\":{\"@id\":\"https:\\\/\\\/www.organisator.ch\\\/#organization\"},\"image\":{\"@id\":\"https:\\\/\\\/www.organisator.ch\\\/management\\\/finanzen_recht\\\/2019-09-26\\\/unternehmenssteuer-oecd-forderungen-duerften-fuer-steuerausfaelle-sorgen\\\/#primaryimage\"},\"thumbnailUrl\":\"https:\\\/\\\/www.organisator.ch\\\/wp-content\\\/uploads\\\/2019\\\/09\\\/Unternehmenssteuer-OECD-Forderungen-duerften-fuer-Steuerausfaelle-sorgen_Organisator.jpg\",\"keywords\":[\"Fachkongress\\\/Fachmesse\",\"Steuern\",\"Wirtschaftspolitik\"],\"articleSection\":[\"FINANZEN\\\/RECHT\"],\"inLanguage\":\"en-US\"},{\"@type\":\"WebPage\",\"@id\":\"https:\\\/\\\/www.organisator.ch\\\/management\\\/finanzen_recht\\\/2019-09-26\\\/unternehmenssteuer-oecd-forderungen-duerften-fuer-steuerausfaelle-sorgen\\\/\",\"url\":\"https:\\\/\\\/www.organisator.ch\\\/management\\\/finanzen_recht\\\/2019-09-26\\\/unternehmenssteuer-oecd-forderungen-duerften-fuer-steuerausfaelle-sorgen\\\/\",\"name\":\"Unternehmenssteuer: OECD-Forderungen d\u00fcrften f\u00fcr Steuerausf\u00e4lle sorgen - Organisator\",\"isPartOf\":{\"@id\":\"https:\\\/\\\/www.organisator.ch\\\/#website\"},\"primaryImageOfPage\":{\"@id\":\"https:\\\/\\\/www.organisator.ch\\\/management\\\/finanzen_recht\\\/2019-09-26\\\/unternehmenssteuer-oecd-forderungen-duerften-fuer-steuerausfaelle-sorgen\\\/#primaryimage\"},\"image\":{\"@id\":\"https:\\\/\\\/www.organisator.ch\\\/management\\\/finanzen_recht\\\/2019-09-26\\\/unternehmenssteuer-oecd-forderungen-duerften-fuer-steuerausfaelle-sorgen\\\/#primaryimage\"},\"thumbnailUrl\":\"https:\\\/\\\/www.organisator.ch\\\/wp-content\\\/uploads\\\/2019\\\/09\\\/Unternehmenssteuer-OECD-Forderungen-duerften-fuer-Steuerausfaelle-sorgen_Organisator.jpg\",\"datePublished\":\"2019-09-26T06:14:55+00:00\",\"description\":\"Die Anpassung der kantonalen Steuergesetze nach der Reform der Unternehmenssteuer l\u00e4uft. Doch die OECD hat weitere Forderungen.\",\"breadcrumb\":{\"@id\":\"https:\\\/\\\/www.organisator.ch\\\/management\\\/finanzen_recht\\\/2019-09-26\\\/unternehmenssteuer-oecd-forderungen-duerften-fuer-steuerausfaelle-sorgen\\\/#breadcrumb\"},\"inLanguage\":\"en-US\",\"potentialAction\":[{\"@type\":\"ReadAction\",\"target\":[\"https:\\\/\\\/www.organisator.ch\\\/management\\\/finanzen_recht\\\/2019-09-26\\\/unternehmenssteuer-oecd-forderungen-duerften-fuer-steuerausfaelle-sorgen\\\/\"]}]},{\"@type\":\"ImageObject\",\"inLanguage\":\"en-US\",\"@id\":\"https:\\\/\\\/www.organisator.ch\\\/management\\\/finanzen_recht\\\/2019-09-26\\\/unternehmenssteuer-oecd-forderungen-duerften-fuer-steuerausfaelle-sorgen\\\/#primaryimage\",\"url\":\"https:\\\/\\\/www.organisator.ch\\\/wp-content\\\/uploads\\\/2019\\\/09\\\/Unternehmenssteuer-OECD-Forderungen-duerften-fuer-Steuerausfaelle-sorgen_Organisator.jpg\",\"contentUrl\":\"https:\\\/\\\/www.organisator.ch\\\/wp-content\\\/uploads\\\/2019\\\/09\\\/Unternehmenssteuer-OECD-Forderungen-duerften-fuer-Steuerausfaelle-sorgen_Organisator.jpg\",\"width\":680,\"height\":480,\"caption\":\"Die OECD hat neue Forderungen an die Unternehmenssteuer: Drohen Steuerausf\u00e4lle f\u00fcr Bund, Kantone und Gemeinden? (Bild: Pixabay.com)\"},{\"@type\":\"BreadcrumbList\",\"@id\":\"https:\\\/\\\/www.organisator.ch\\\/management\\\/finanzen_recht\\\/2019-09-26\\\/unternehmenssteuer-oecd-forderungen-duerften-fuer-steuerausfaelle-sorgen\\\/#breadcrumb\",\"itemListElement\":[{\"@type\":\"ListItem\",\"position\":1,\"name\":\"Home\",\"item\":\"https:\\\/\\\/www.organisator.ch\\\/\"},{\"@type\":\"ListItem\",\"position\":2,\"name\":\"Unternehmenssteuer: OECD-Forderungen d\u00fcrften f\u00fcr Steuerausf\u00e4lle sorgen\"}]},{\"@type\":\"WebSite\",\"@id\":\"https:\\\/\\\/www.organisator.ch\\\/#website\",\"url\":\"https:\\\/\\\/www.organisator.ch\\\/\",\"name\":\"Organisator\",\"description\":\"Kompetent. Praxisnah. Der ORGANISATOR bereitet in 10 Ausgaben pro Jahr die wesentlichen Themen f\u00fcr F\u00fchrungskr\u00e4fte von KMU auf.\",\"publisher\":{\"@id\":\"https:\\\/\\\/www.organisator.ch\\\/#organization\"},\"potentialAction\":[{\"@type\":\"SearchAction\",\"target\":{\"@type\":\"EntryPoint\",\"urlTemplate\":\"https:\\\/\\\/www.organisator.ch\\\/?s={search_term_string}\"},\"query-input\":{\"@type\":\"PropertyValueSpecification\",\"valueRequired\":true,\"valueName\":\"search_term_string\"}}],\"inLanguage\":\"en-US\"},{\"@type\":\"Organization\",\"@id\":\"https:\\\/\\\/www.organisator.ch\\\/#organization\",\"name\":\"Organisator\",\"url\":\"https:\\\/\\\/www.organisator.ch\\\/\",\"logo\":{\"@type\":\"ImageObject\",\"inLanguage\":\"en-US\",\"@id\":\"https:\\\/\\\/www.organisator.ch\\\/#\\\/schema\\\/logo\\\/image\\\/\",\"url\":\"https:\\\/\\\/www.organisator.ch\\\/wp-content\\\/uploads\\\/2022\\\/01\\\/Logo_Organisator_Website.png\",\"contentUrl\":\"https:\\\/\\\/www.organisator.ch\\\/wp-content\\\/uploads\\\/2022\\\/01\\\/Logo_Organisator_Website.png\",\"width\":800,\"height\":77,\"caption\":\"Organisator\"},\"image\":{\"@id\":\"https:\\\/\\\/www.organisator.ch\\\/#\\\/schema\\\/logo\\\/image\\\/\"},\"sameAs\":[\"https:\\\/\\\/www.facebook.com\\\/OrganisatorFachmagazin\",\"https:\\\/\\\/www.linkedin.com\\\/showcase\\\/organisator-das-magazin-fr-kmu\",\"https:\\\/\\\/www.xing.com\\\/news\\\/pages\\\/organisator-ch-695\",\"https:\\\/\\\/www.youtube.com\\\/channel\\\/UCGP2Sq0iWaZwT3BdIAQFYpw\"]},{\"@type\":\"Person\",\"@id\":\"https:\\\/\\\/www.organisator.ch\\\/#\\\/schema\\\/person\\\/6f650f90b2842cd4c0cc334b4e36f67e\",\"name\":\"thomas.berner\",\"image\":{\"@type\":\"ImageObject\",\"inLanguage\":\"en-US\",\"@id\":\"https:\\\/\\\/secure.gravatar.com\\\/avatar\\\/ac5001d2a36cb6c6cd3e50789007ffca834b477b74a2144564522e944eabff61?s=96&d=mm&r=g\",\"url\":\"https:\\\/\\\/secure.gravatar.com\\\/avatar\\\/ac5001d2a36cb6c6cd3e50789007ffca834b477b74a2144564522e944eabff61?s=96&d=mm&r=g\",\"contentUrl\":\"https:\\\/\\\/secure.gravatar.com\\\/avatar\\\/ac5001d2a36cb6c6cd3e50789007ffca834b477b74a2144564522e944eabff61?s=96&d=mm&r=g\",\"caption\":\"thomas.berner\"},\"url\":\"https:\\\/\\\/www.organisator.ch\\\/en\\\/author\\\/thomas-berner\\\/\"}]}<\/script>\n<!-- \/ Yoast SEO plugin. -->","yoast_head_json":{"title":"Corporate tax: OECD demands likely to cause tax shortfalls - Organiser","description":"The adjustment of cantonal tax laws following the reform of corporate tax is underway. But the OECD has further demands.","robots":{"index":"index","follow":"follow","max-snippet":"max-snippet:-1","max-image-preview":"max-image-preview:large","max-video-preview":"max-video-preview:-1"},"canonical":"https:\/\/www.organisator.ch\/en\/management\/finanzen_recht\/2019-09-26\/unternehmenssteuer-oecd-forderungen-duerften-fuer-steuerausfaelle-sorgen\/","og_locale":"en_US","og_type":"article","og_title":"Unternehmenssteuer: OECD-Forderungen d\u00fcrften f\u00fcr Steuerausf\u00e4lle sorgen","og_description":"Die Anpassung der kantonalen Steuergesetze nach der Reform der Unternehmenssteuer l\u00e4uft. Doch die OECD hat weitere Forderungen.","og_url":"https:\/\/www.organisator.ch\/en\/management\/finanzen_recht\/2019-09-26\/unternehmenssteuer-oecd-forderungen-duerften-fuer-steuerausfaelle-sorgen\/","og_site_name":"Organisator","article_publisher":"https:\/\/www.facebook.com\/OrganisatorFachmagazin","article_published_time":"2019-09-26T06:14:55+00:00","og_image":[{"width":680,"height":480,"url":"https:\/\/www.organisator.ch\/wp-content\/uploads\/2019\/09\/Unternehmenssteuer-OECD-Forderungen-duerften-fuer-Steuerausfaelle-sorgen_Organisator.jpg","type":"image\/jpeg"}],"author":"thomas.berner","twitter_card":"summary_large_image","twitter_title":"#Unternehmenssteuer: #OECD-Forderungen d\u00fcrften f\u00fcr Steuerausf\u00e4lle sorgen","twitter_description":"Die Anpassung der kantonalen Steuergesetze nach der Reform der #Unternehmenssteuer l\u00e4uft. Doch die #OECD hat weitere Forderungen.","twitter_image":"https:\/\/www.organisator.ch\/wp-content\/uploads\/2019\/09\/Unternehmenssteuer-OECD-Forderungen-duerften-fuer-Steuerausfaelle-sorgen_Organisator.jpg","schema":{"@context":"https:\/\/schema.org","@graph":[{"@type":"Article","@id":"https:\/\/www.organisator.ch\/management\/finanzen_recht\/2019-09-26\/unternehmenssteuer-oecd-forderungen-duerften-fuer-steuerausfaelle-sorgen\/#article","isPartOf":{"@id":"https:\/\/www.organisator.ch\/management\/finanzen_recht\/2019-09-26\/unternehmenssteuer-oecd-forderungen-duerften-fuer-steuerausfaelle-sorgen\/"},"author":{"name":"thomas.berner","@id":"https:\/\/www.organisator.ch\/#\/schema\/person\/6f650f90b2842cd4c0cc334b4e36f67e"},"headline":"Unternehmenssteuer: OECD-Forderungen d\u00fcrften f\u00fcr Steuerausf\u00e4lle sorgen","datePublished":"2019-09-26T06:14:55+00:00","mainEntityOfPage":{"@id":"https:\/\/www.organisator.ch\/management\/finanzen_recht\/2019-09-26\/unternehmenssteuer-oecd-forderungen-duerften-fuer-steuerausfaelle-sorgen\/"},"wordCount":382,"publisher":{"@id":"https:\/\/www.organisator.ch\/#organization"},"image":{"@id":"https:\/\/www.organisator.ch\/management\/finanzen_recht\/2019-09-26\/unternehmenssteuer-oecd-forderungen-duerften-fuer-steuerausfaelle-sorgen\/#primaryimage"},"thumbnailUrl":"https:\/\/www.organisator.ch\/wp-content\/uploads\/2019\/09\/Unternehmenssteuer-OECD-Forderungen-duerften-fuer-Steuerausfaelle-sorgen_Organisator.jpg","keywords":["Fachkongress\/Fachmesse","Steuern","Wirtschaftspolitik"],"articleSection":["FINANZEN\/RECHT"],"inLanguage":"en-US"},{"@type":"WebPage","@id":"https:\/\/www.organisator.ch\/management\/finanzen_recht\/2019-09-26\/unternehmenssteuer-oecd-forderungen-duerften-fuer-steuerausfaelle-sorgen\/","url":"https:\/\/www.organisator.ch\/management\/finanzen_recht\/2019-09-26\/unternehmenssteuer-oecd-forderungen-duerften-fuer-steuerausfaelle-sorgen\/","name":"Corporate tax: OECD demands likely to cause tax shortfalls - Organiser","isPartOf":{"@id":"https:\/\/www.organisator.ch\/#website"},"primaryImageOfPage":{"@id":"https:\/\/www.organisator.ch\/management\/finanzen_recht\/2019-09-26\/unternehmenssteuer-oecd-forderungen-duerften-fuer-steuerausfaelle-sorgen\/#primaryimage"},"image":{"@id":"https:\/\/www.organisator.ch\/management\/finanzen_recht\/2019-09-26\/unternehmenssteuer-oecd-forderungen-duerften-fuer-steuerausfaelle-sorgen\/#primaryimage"},"thumbnailUrl":"https:\/\/www.organisator.ch\/wp-content\/uploads\/2019\/09\/Unternehmenssteuer-OECD-Forderungen-duerften-fuer-Steuerausfaelle-sorgen_Organisator.jpg","datePublished":"2019-09-26T06:14:55+00:00","description":"The adjustment of cantonal tax laws following the reform of corporate tax is underway. But the OECD has further demands.","breadcrumb":{"@id":"https:\/\/www.organisator.ch\/management\/finanzen_recht\/2019-09-26\/unternehmenssteuer-oecd-forderungen-duerften-fuer-steuerausfaelle-sorgen\/#breadcrumb"},"inLanguage":"en-US","potentialAction":[{"@type":"ReadAction","target":["https:\/\/www.organisator.ch\/management\/finanzen_recht\/2019-09-26\/unternehmenssteuer-oecd-forderungen-duerften-fuer-steuerausfaelle-sorgen\/"]}]},{"@type":"ImageObject","inLanguage":"en-US","@id":"https:\/\/www.organisator.ch\/management\/finanzen_recht\/2019-09-26\/unternehmenssteuer-oecd-forderungen-duerften-fuer-steuerausfaelle-sorgen\/#primaryimage","url":"https:\/\/www.organisator.ch\/wp-content\/uploads\/2019\/09\/Unternehmenssteuer-OECD-Forderungen-duerften-fuer-Steuerausfaelle-sorgen_Organisator.jpg","contentUrl":"https:\/\/www.organisator.ch\/wp-content\/uploads\/2019\/09\/Unternehmenssteuer-OECD-Forderungen-duerften-fuer-Steuerausfaelle-sorgen_Organisator.jpg","width":680,"height":480,"caption":"Die OECD hat neue Forderungen an die Unternehmenssteuer: Drohen Steuerausf\u00e4lle f\u00fcr Bund, Kantone und Gemeinden? (Bild: Pixabay.com)"},{"@type":"BreadcrumbList","@id":"https:\/\/www.organisator.ch\/management\/finanzen_recht\/2019-09-26\/unternehmenssteuer-oecd-forderungen-duerften-fuer-steuerausfaelle-sorgen\/#breadcrumb","itemListElement":[{"@type":"ListItem","position":1,"name":"Home","item":"https:\/\/www.organisator.ch\/"},{"@type":"ListItem","position":2,"name":"Unternehmenssteuer: OECD-Forderungen d\u00fcrften f\u00fcr Steuerausf\u00e4lle sorgen"}]},{"@type":"WebSite","@id":"https:\/\/www.organisator.ch\/#website","url":"https:\/\/www.organisator.ch\/","name":"Organizer","description":"Competent. Practical. In 10 issues per year, ORGANISATOR presents the essential topics for managers of SMEs.","publisher":{"@id":"https:\/\/www.organisator.ch\/#organization"},"potentialAction":[{"@type":"SearchAction","target":{"@type":"EntryPoint","urlTemplate":"https:\/\/www.organisator.ch\/?s={search_term_string}"},"query-input":{"@type":"PropertyValueSpecification","valueRequired":true,"valueName":"search_term_string"}}],"inLanguage":"en-US"},{"@type":"Organization","@id":"https:\/\/www.organisator.ch\/#organization","name":"Organizer","url":"https:\/\/www.organisator.ch\/","logo":{"@type":"ImageObject","inLanguage":"en-US","@id":"https:\/\/www.organisator.ch\/#\/schema\/logo\/image\/","url":"https:\/\/www.organisator.ch\/wp-content\/uploads\/2022\/01\/Logo_Organisator_Website.png","contentUrl":"https:\/\/www.organisator.ch\/wp-content\/uploads\/2022\/01\/Logo_Organisator_Website.png","width":800,"height":77,"caption":"Organisator"},"image":{"@id":"https:\/\/www.organisator.ch\/#\/schema\/logo\/image\/"},"sameAs":["https:\/\/www.facebook.com\/OrganisatorFachmagazin","https:\/\/www.linkedin.com\/showcase\/organisator-das-magazin-fr-kmu","https:\/\/www.xing.com\/news\/pages\/organisator-ch-695","https:\/\/www.youtube.com\/channel\/UCGP2Sq0iWaZwT3BdIAQFYpw"]},{"@type":"Person","@id":"https:\/\/www.organisator.ch\/#\/schema\/person\/6f650f90b2842cd4c0cc334b4e36f67e","name":"thomas.berner","image":{"@type":"ImageObject","inLanguage":"en-US","@id":"https:\/\/secure.gravatar.com\/avatar\/ac5001d2a36cb6c6cd3e50789007ffca834b477b74a2144564522e944eabff61?s=96&d=mm&r=g","url":"https:\/\/secure.gravatar.com\/avatar\/ac5001d2a36cb6c6cd3e50789007ffca834b477b74a2144564522e944eabff61?s=96&d=mm&r=g","contentUrl":"https:\/\/secure.gravatar.com\/avatar\/ac5001d2a36cb6c6cd3e50789007ffca834b477b74a2144564522e944eabff61?s=96&d=mm&r=g","caption":"thomas.berner"},"url":"https:\/\/www.organisator.ch\/en\/author\/thomas-berner\/"}]}},"_links":{"self":[{"href":"https:\/\/www.organisator.ch\/en\/wp-json\/wp\/v2\/posts\/5839","targetHints":{"allow":["GET"]}}],"collection":[{"href":"https:\/\/www.organisator.ch\/en\/wp-json\/wp\/v2\/posts"}],"about":[{"href":"https:\/\/www.organisator.ch\/en\/wp-json\/wp\/v2\/types\/post"}],"author":[{"embeddable":true,"href":"https:\/\/www.organisator.ch\/en\/wp-json\/wp\/v2\/users\/4"}],"replies":[{"embeddable":true,"href":"https:\/\/www.organisator.ch\/en\/wp-json\/wp\/v2\/comments?post=5839"}],"version-history":[{"count":0,"href":"https:\/\/www.organisator.ch\/en\/wp-json\/wp\/v2\/posts\/5839\/revisions"}],"wp:featuredmedia":[{"embeddable":true,"href":"https:\/\/www.organisator.ch\/en\/wp-json\/wp\/v2\/media\/5840"}],"wp:attachment":[{"href":"https:\/\/www.organisator.ch\/en\/wp-json\/wp\/v2\/media?parent=5839"}],"wp:term":[{"taxonomy":"category","embeddable":true,"href":"https:\/\/www.organisator.ch\/en\/wp-json\/wp\/v2\/categories?post=5839"},{"taxonomy":"post_tag","embeddable":true,"href":"https:\/\/www.organisator.ch\/en\/wp-json\/wp\/v2\/tags?post=5839"}],"curies":[{"name":"wp","href":"https:\/\/api.w.org\/{rel}","templated":true}]}}