{"id":5842,"date":"2019-09-26T08:32:09","date_gmt":"2019-09-26T06:32:09","guid":{"rendered":"https:\/\/www.organisator.ch\/?p=5842"},"modified":"2019-09-26T08:32:09","modified_gmt":"2019-09-26T06:32:09","slug":"the-succession-bus-tour-2019-on-the-road-in-zuerich-and-winterthur","status":"publish","type":"post","link":"https:\/\/www.organisator.ch\/en\/management\/2019-09-26\/die-nachfolgebus-tour-2019-unterwegs-in-zuerich-und-winterthur\/","title":{"rendered":"The follow-up bus tour 2019 on the road in Zurich and Winterthur"},"content":{"rendered":"<figure id=\"attachment_5103\" aria-describedby=\"caption-attachment-5103\" style=\"width: 680px\" class=\"wp-caption alignnone\"><img loading=\"lazy\" decoding=\"async\" class=\"size-medium wp-image-5103\" src=\"https:\/\/www.organisator.ch\/wp-content\/uploads\/2019\/04\/Initiative-Nachfolgebus-2019-Gut-besuchter-Start-in-Zuerich_Organisator.jpg\" alt=\"\" width=\"680\" height=\"383\" srcset=\"https:\/\/www.organisator.ch\/wp-content\/uploads\/2019\/04\/Initiative-Nachfolgebus-2019-Gut-besuchter-Start-in-Zuerich_Organisator.jpg 680w, https:\/\/www.organisator.ch\/wp-content\/uploads\/2019\/04\/Initiative-Nachfolgebus-2019-Gut-besuchter-Start-in-Zuerich_Organisator-16x9.jpg 16w, https:\/\/www.organisator.ch\/wp-content\/uploads\/2019\/04\/Initiative-Nachfolgebus-2019-Gut-besuchter-Start-in-Zuerich_Organisator-311x175.jpg 311w, https:\/\/www.organisator.ch\/wp-content\/uploads\/2019\/04\/Initiative-Nachfolgebus-2019-Gut-besuchter-Start-in-Zuerich_Organisator-621x350.jpg 621w, https:\/\/www.organisator.ch\/wp-content\/uploads\/2019\/04\/Initiative-Nachfolgebus-2019-Gut-besuchter-Start-in-Zuerich_Organisator-300x169.jpg 300w\" sizes=\"auto, (max-width: 680px) 100vw, 680px\" \/><figcaption id=\"caption-attachment-5103\" class=\"wp-caption-text\">Carla Kaufmann, initiator of the Nachfolgebus, is pleased with the successful kick-off in Zurich for the Nachfolgebus Tour 2019. (Image: Nachfolgebus.ch)<\/figcaption><\/figure>\n<p>Initiated by Carla Kaufmann, herself a succession expert and partner of Companymarket AG, 15 experienced experts in succession planning are touring German-speaking Switzerland with the Succession Bus. From April to November 2019, they will be providing SME entrepreneurs with comprehensive information on business succession in free talks.<\/p>\n<h2>Guest at the Business Innovation Week<\/h2>\n<p>The second stop on the 2019 follow-up bus tour in the fall will be in Zurich on October 1 and 2. The Infomobile, which is unique in this form, will then make a stop at the Business Innovation<br \/>\nWeek, KMU-Expo Hall 622, Therese-Giehse-Strasse 10, 8050 Zurich. A fitting setting, because succession and business innovation often go together. From 10 a.m. to 7 p.m. each day, SME entrepreneurs have the opportunity to obtain comprehensive information free of charge from an experienced team of experts on all aspects of business succession.<\/p>\n<h2>Follow-up bus tour 2019 also stops in Winterthur<\/h2>\n<p>On October 3, the succession bus will stop at MAXX (Kitag Cinemas) in the Kesselhaus, Z\u00fcrcherstrasse 1, 8400 Winterthur, from 7 am to 12 pm. Under the motto \"We present company stories and discuss realities\", the 2019 Succession Bus Tour will focus even more on succession practice. To this end, in addition to the individual discussions, insights into the succession stories of a wide variety of Swiss companies will be provided by means of interviews and practical dialogues with regional SME entrepreneurs and experts with succession experience. In Winterthur, these are D\u00e9sir\u00e9e Schiess, Managing Director of Schiess AG and President of KMU Verband Winterthur und Umgebung, Judith Maag, Managing Director of Maag Recycling AG, and various experts from the succession bus team.<\/p>\n<p>The booking of the expert talks takes place via <a href=\"http:\/\/www.nachfolgebus.ch\">successorbus.ch<\/a>.<\/p>","protected":false},"excerpt":{"rendered":"<p>Initiiert von Carla Kaufmann, selber Nachfolge-Expertin und Partnerin der Companymarket AG, touren mit dem Nachfolgebus 15 erfahrene Expertinnen und Experten f\u00fcr Nachfolgeregelungen quer durch die Deutschschweiz. Seit April bis November 2019 informieren sie KMU-Unternehmer in kostenlosen Gespr\u00e4chen umfassend rund um die Unternehmensnachfolge. Zu Gast an der Business Innovation Week Die zweite Station der Nachfolgebus Tour [&hellip;]<\/p>\n","protected":false},"author":4,"featured_media":5103,"comment_status":"closed","ping_status":"closed","sticky":false,"template":"","format":"standard","meta":{"_acf_changed":false,"_yoast_wpseo_focuskw":"Nachfolgebus Tour 2019","_yoast_wpseo_metadesc":"Die n\u00e4chsten Stationen der Nachfolgebus Tour 2019 sind am 1. und 2. Oktober Z\u00fcrich (im Rahmen der Business Innovation Week) und am 3. Oktober Winterthur.","articlekey":"","footnotes":""},"categories":[28],"tags":[193,207,357,492],"class_list":["post-5842","post","type-post","status-publish","format-standard","has-post-thumbnail","hentry","category-management","tag-fachkongressfachmesse","tag-firmennachfolge","tag-nachfolgeregelung","tag-unternehmen"],"acf":[],"yoast_head":"<!-- This site is optimized with the Yoast SEO plugin v27.5 - https:\/\/yoast.com\/product\/yoast-seo-wordpress\/ -->\n<title>Die Nachfolgebus Tour 2019 unterwegs in Z\u00fcrich und Winterthur - Organisator<\/title>\n<meta name=\"description\" content=\"Die n\u00e4chsten Stationen der Nachfolgebus Tour 2019 sind am 1. und 2. Oktober Z\u00fcrich (im Rahmen der Business Innovation Week) und am 3. Oktober Winterthur.\" \/>\n<meta name=\"robots\" content=\"index, follow, max-snippet:-1, max-image-preview:large, max-video-preview:-1\" \/>\n<link rel=\"canonical\" href=\"https:\/\/www.organisator.ch\/en\/management\/2019-09-26\/the-succession-bus-tour-2019-on-the-road-in-zuerich-and-winterthur\/\" \/>\n<meta property=\"og:locale\" content=\"en_US\" \/>\n<meta property=\"og:type\" content=\"article\" \/>\n<meta property=\"og:title\" content=\"Die Nachfolgebus Tour 2019 unterwegs in Z\u00fcrich und Winterthur\" \/>\n<meta property=\"og:description\" content=\"Die n\u00e4chsten Stationen der Nachfolgebus Tour 2019 sind am 1. und 2. Oktober Z\u00fcrich (im Rahmen der Business Innovation Week) und am 3. Oktober Winterthur.\" \/>\n<meta property=\"og:url\" content=\"https:\/\/www.organisator.ch\/en\/management\/2019-09-26\/the-succession-bus-tour-2019-on-the-road-in-zuerich-and-winterthur\/\" \/>\n<meta property=\"og:site_name\" content=\"Organisator\" \/>\n<meta property=\"article:publisher\" content=\"https:\/\/www.facebook.com\/OrganisatorFachmagazin\" \/>\n<meta property=\"article:published_time\" content=\"2019-09-26T06:32:09+00:00\" \/>\n<meta property=\"og:image\" content=\"https:\/\/www.organisator.ch\/wp-content\/uploads\/2019\/04\/Initiative-Nachfolgebus-2019-Gut-besuchter-Start-in-Zuerich_Organisator.jpg\" \/>\n\t<meta property=\"og:image:width\" content=\"680\" \/>\n\t<meta property=\"og:image:height\" content=\"383\" \/>\n\t<meta property=\"og:image:type\" content=\"image\/jpeg\" \/>\n<meta name=\"author\" content=\"thomas.berner\" \/>\n<meta name=\"twitter:card\" content=\"summary_large_image\" \/>\n<meta name=\"twitter:title\" content=\"Die #Nachfolgebus Tour 2019 unterwegs in Z\u00fcrich und Winterthur\" \/>\n<meta name=\"twitter:description\" content=\"Die n\u00e4chsten Stationen der #Nachfolgebus Tour 2019 sind am 1. und 2. Oktober Z\u00fcrich (im Rahmen der Business Innovation Week) und am 3. Oktober Winterthur.\" \/>\n<meta name=\"twitter:image\" content=\"https:\/\/www.organisator.ch\/wp-content\/uploads\/2019\/04\/Initiative-Nachfolgebus-2019-Gut-besuchter-Start-in-Zuerich_Organisator.jpg\" \/>\n<script type=\"application\/ld+json\" class=\"yoast-schema-graph\">{\"@context\":\"https:\\\/\\\/schema.org\",\"@graph\":[{\"@type\":\"Article\",\"@id\":\"https:\\\/\\\/www.organisator.ch\\\/management\\\/2019-09-26\\\/die-nachfolgebus-tour-2019-unterwegs-in-zuerich-und-winterthur\\\/#article\",\"isPartOf\":{\"@id\":\"https:\\\/\\\/www.organisator.ch\\\/management\\\/2019-09-26\\\/die-nachfolgebus-tour-2019-unterwegs-in-zuerich-und-winterthur\\\/\"},\"author\":{\"name\":\"thomas.berner\",\"@id\":\"https:\\\/\\\/www.organisator.ch\\\/#\\\/schema\\\/person\\\/6f650f90b2842cd4c0cc334b4e36f67e\"},\"headline\":\"Die Nachfolgebus Tour 2019 unterwegs in Z\u00fcrich und Winterthur\",\"datePublished\":\"2019-09-26T06:32:09+00:00\",\"mainEntityOfPage\":{\"@id\":\"https:\\\/\\\/www.organisator.ch\\\/management\\\/2019-09-26\\\/die-nachfolgebus-tour-2019-unterwegs-in-zuerich-und-winterthur\\\/\"},\"wordCount\":274,\"publisher\":{\"@id\":\"https:\\\/\\\/www.organisator.ch\\\/#organization\"},\"image\":{\"@id\":\"https:\\\/\\\/www.organisator.ch\\\/management\\\/2019-09-26\\\/die-nachfolgebus-tour-2019-unterwegs-in-zuerich-und-winterthur\\\/#primaryimage\"},\"thumbnailUrl\":\"https:\\\/\\\/www.organisator.ch\\\/wp-content\\\/uploads\\\/2019\\\/04\\\/Initiative-Nachfolgebus-2019-Gut-besuchter-Start-in-Zuerich_Organisator.jpg\",\"keywords\":[\"Fachkongress\\\/Fachmesse\",\"Firmennachfolge\",\"Nachfolgeregelung\",\"Unternehmen\"],\"articleSection\":[\"MANAGEMENT\"],\"inLanguage\":\"en-US\"},{\"@type\":\"WebPage\",\"@id\":\"https:\\\/\\\/www.organisator.ch\\\/management\\\/2019-09-26\\\/die-nachfolgebus-tour-2019-unterwegs-in-zuerich-und-winterthur\\\/\",\"url\":\"https:\\\/\\\/www.organisator.ch\\\/management\\\/2019-09-26\\\/die-nachfolgebus-tour-2019-unterwegs-in-zuerich-und-winterthur\\\/\",\"name\":\"Die Nachfolgebus Tour 2019 unterwegs in Z\u00fcrich und Winterthur - Organisator\",\"isPartOf\":{\"@id\":\"https:\\\/\\\/www.organisator.ch\\\/#website\"},\"primaryImageOfPage\":{\"@id\":\"https:\\\/\\\/www.organisator.ch\\\/management\\\/2019-09-26\\\/die-nachfolgebus-tour-2019-unterwegs-in-zuerich-und-winterthur\\\/#primaryimage\"},\"image\":{\"@id\":\"https:\\\/\\\/www.organisator.ch\\\/management\\\/2019-09-26\\\/die-nachfolgebus-tour-2019-unterwegs-in-zuerich-und-winterthur\\\/#primaryimage\"},\"thumbnailUrl\":\"https:\\\/\\\/www.organisator.ch\\\/wp-content\\\/uploads\\\/2019\\\/04\\\/Initiative-Nachfolgebus-2019-Gut-besuchter-Start-in-Zuerich_Organisator.jpg\",\"datePublished\":\"2019-09-26T06:32:09+00:00\",\"description\":\"Die n\u00e4chsten Stationen der Nachfolgebus Tour 2019 sind am 1. und 2. Oktober Z\u00fcrich (im Rahmen der Business Innovation Week) und am 3. Oktober Winterthur.\",\"breadcrumb\":{\"@id\":\"https:\\\/\\\/www.organisator.ch\\\/management\\\/2019-09-26\\\/die-nachfolgebus-tour-2019-unterwegs-in-zuerich-und-winterthur\\\/#breadcrumb\"},\"inLanguage\":\"en-US\",\"potentialAction\":[{\"@type\":\"ReadAction\",\"target\":[\"https:\\\/\\\/www.organisator.ch\\\/management\\\/2019-09-26\\\/die-nachfolgebus-tour-2019-unterwegs-in-zuerich-und-winterthur\\\/\"]}]},{\"@type\":\"ImageObject\",\"inLanguage\":\"en-US\",\"@id\":\"https:\\\/\\\/www.organisator.ch\\\/management\\\/2019-09-26\\\/die-nachfolgebus-tour-2019-unterwegs-in-zuerich-und-winterthur\\\/#primaryimage\",\"url\":\"https:\\\/\\\/www.organisator.ch\\\/wp-content\\\/uploads\\\/2019\\\/04\\\/Initiative-Nachfolgebus-2019-Gut-besuchter-Start-in-Zuerich_Organisator.jpg\",\"contentUrl\":\"https:\\\/\\\/www.organisator.ch\\\/wp-content\\\/uploads\\\/2019\\\/04\\\/Initiative-Nachfolgebus-2019-Gut-besuchter-Start-in-Zuerich_Organisator.jpg\",\"width\":680,\"height\":383,\"caption\":\"Carla Kaufmann, Initiatorin des Nachfolgebus, freut sich \u00fcber den gelungenen Auftakt in Z\u00fcrich f\u00fcr die Nachfolgebus Tour 2019. (Bild: Nachfolgebus.ch)\"},{\"@type\":\"BreadcrumbList\",\"@id\":\"https:\\\/\\\/www.organisator.ch\\\/management\\\/2019-09-26\\\/die-nachfolgebus-tour-2019-unterwegs-in-zuerich-und-winterthur\\\/#breadcrumb\",\"itemListElement\":[{\"@type\":\"ListItem\",\"position\":1,\"name\":\"Home\",\"item\":\"https:\\\/\\\/www.organisator.ch\\\/\"},{\"@type\":\"ListItem\",\"position\":2,\"name\":\"Die Nachfolgebus Tour 2019 unterwegs in Z\u00fcrich und Winterthur\"}]},{\"@type\":\"WebSite\",\"@id\":\"https:\\\/\\\/www.organisator.ch\\\/#website\",\"url\":\"https:\\\/\\\/www.organisator.ch\\\/\",\"name\":\"Organisator\",\"description\":\"Kompetent. Praxisnah. Der ORGANISATOR bereitet in 10 Ausgaben pro Jahr die wesentlichen Themen f\u00fcr F\u00fchrungskr\u00e4fte von KMU auf.\",\"publisher\":{\"@id\":\"https:\\\/\\\/www.organisator.ch\\\/#organization\"},\"potentialAction\":[{\"@type\":\"SearchAction\",\"target\":{\"@type\":\"EntryPoint\",\"urlTemplate\":\"https:\\\/\\\/www.organisator.ch\\\/?s={search_term_string}\"},\"query-input\":{\"@type\":\"PropertyValueSpecification\",\"valueRequired\":true,\"valueName\":\"search_term_string\"}}],\"inLanguage\":\"en-US\"},{\"@type\":\"Organization\",\"@id\":\"https:\\\/\\\/www.organisator.ch\\\/#organization\",\"name\":\"Organisator\",\"url\":\"https:\\\/\\\/www.organisator.ch\\\/\",\"logo\":{\"@type\":\"ImageObject\",\"inLanguage\":\"en-US\",\"@id\":\"https:\\\/\\\/www.organisator.ch\\\/#\\\/schema\\\/logo\\\/image\\\/\",\"url\":\"https:\\\/\\\/www.organisator.ch\\\/wp-content\\\/uploads\\\/2022\\\/01\\\/Logo_Organisator_Website.png\",\"contentUrl\":\"https:\\\/\\\/www.organisator.ch\\\/wp-content\\\/uploads\\\/2022\\\/01\\\/Logo_Organisator_Website.png\",\"width\":800,\"height\":77,\"caption\":\"Organisator\"},\"image\":{\"@id\":\"https:\\\/\\\/www.organisator.ch\\\/#\\\/schema\\\/logo\\\/image\\\/\"},\"sameAs\":[\"https:\\\/\\\/www.facebook.com\\\/OrganisatorFachmagazin\",\"https:\\\/\\\/www.linkedin.com\\\/showcase\\\/organisator-das-magazin-fr-kmu\",\"https:\\\/\\\/www.xing.com\\\/news\\\/pages\\\/organisator-ch-695\",\"https:\\\/\\\/www.youtube.com\\\/channel\\\/UCGP2Sq0iWaZwT3BdIAQFYpw\"]},{\"@type\":\"Person\",\"@id\":\"https:\\\/\\\/www.organisator.ch\\\/#\\\/schema\\\/person\\\/6f650f90b2842cd4c0cc334b4e36f67e\",\"name\":\"thomas.berner\",\"image\":{\"@type\":\"ImageObject\",\"inLanguage\":\"en-US\",\"@id\":\"https:\\\/\\\/secure.gravatar.com\\\/avatar\\\/ac5001d2a36cb6c6cd3e50789007ffca834b477b74a2144564522e944eabff61?s=96&d=mm&r=g\",\"url\":\"https:\\\/\\\/secure.gravatar.com\\\/avatar\\\/ac5001d2a36cb6c6cd3e50789007ffca834b477b74a2144564522e944eabff61?s=96&d=mm&r=g\",\"contentUrl\":\"https:\\\/\\\/secure.gravatar.com\\\/avatar\\\/ac5001d2a36cb6c6cd3e50789007ffca834b477b74a2144564522e944eabff61?s=96&d=mm&r=g\",\"caption\":\"thomas.berner\"},\"url\":\"https:\\\/\\\/www.organisator.ch\\\/en\\\/author\\\/thomas-berner\\\/\"}]}<\/script>\n<!-- \/ Yoast SEO plugin. -->","yoast_head_json":{"title":"The follow-up bus tour 2019 on the road in Zurich and Winterthur - organizer","description":"The next stops on the 2019 follow-up bus tour are Zurich on October 1 and 2 (as part of Business Innovation Week) and Winterthur on October 3.","robots":{"index":"index","follow":"follow","max-snippet":"max-snippet:-1","max-image-preview":"max-image-preview:large","max-video-preview":"max-video-preview:-1"},"canonical":"https:\/\/www.organisator.ch\/en\/management\/2019-09-26\/the-succession-bus-tour-2019-on-the-road-in-zuerich-and-winterthur\/","og_locale":"en_US","og_type":"article","og_title":"Die Nachfolgebus Tour 2019 unterwegs in Z\u00fcrich und Winterthur","og_description":"Die n\u00e4chsten Stationen der Nachfolgebus Tour 2019 sind am 1. und 2. Oktober Z\u00fcrich (im Rahmen der Business Innovation Week) und am 3. Oktober Winterthur.","og_url":"https:\/\/www.organisator.ch\/en\/management\/2019-09-26\/the-succession-bus-tour-2019-on-the-road-in-zuerich-and-winterthur\/","og_site_name":"Organisator","article_publisher":"https:\/\/www.facebook.com\/OrganisatorFachmagazin","article_published_time":"2019-09-26T06:32:09+00:00","og_image":[{"width":680,"height":383,"url":"https:\/\/www.organisator.ch\/wp-content\/uploads\/2019\/04\/Initiative-Nachfolgebus-2019-Gut-besuchter-Start-in-Zuerich_Organisator.jpg","type":"image\/jpeg"}],"author":"thomas.berner","twitter_card":"summary_large_image","twitter_title":"Die #Nachfolgebus Tour 2019 unterwegs in Z\u00fcrich und Winterthur","twitter_description":"Die n\u00e4chsten Stationen der #Nachfolgebus Tour 2019 sind am 1. und 2. Oktober Z\u00fcrich (im Rahmen der Business Innovation Week) und am 3. Oktober Winterthur.","twitter_image":"https:\/\/www.organisator.ch\/wp-content\/uploads\/2019\/04\/Initiative-Nachfolgebus-2019-Gut-besuchter-Start-in-Zuerich_Organisator.jpg","schema":{"@context":"https:\/\/schema.org","@graph":[{"@type":"Article","@id":"https:\/\/www.organisator.ch\/management\/2019-09-26\/die-nachfolgebus-tour-2019-unterwegs-in-zuerich-und-winterthur\/#article","isPartOf":{"@id":"https:\/\/www.organisator.ch\/management\/2019-09-26\/die-nachfolgebus-tour-2019-unterwegs-in-zuerich-und-winterthur\/"},"author":{"name":"thomas.berner","@id":"https:\/\/www.organisator.ch\/#\/schema\/person\/6f650f90b2842cd4c0cc334b4e36f67e"},"headline":"Die Nachfolgebus Tour 2019 unterwegs in Z\u00fcrich und Winterthur","datePublished":"2019-09-26T06:32:09+00:00","mainEntityOfPage":{"@id":"https:\/\/www.organisator.ch\/management\/2019-09-26\/die-nachfolgebus-tour-2019-unterwegs-in-zuerich-und-winterthur\/"},"wordCount":274,"publisher":{"@id":"https:\/\/www.organisator.ch\/#organization"},"image":{"@id":"https:\/\/www.organisator.ch\/management\/2019-09-26\/die-nachfolgebus-tour-2019-unterwegs-in-zuerich-und-winterthur\/#primaryimage"},"thumbnailUrl":"https:\/\/www.organisator.ch\/wp-content\/uploads\/2019\/04\/Initiative-Nachfolgebus-2019-Gut-besuchter-Start-in-Zuerich_Organisator.jpg","keywords":["Fachkongress\/Fachmesse","Firmennachfolge","Nachfolgeregelung","Unternehmen"],"articleSection":["MANAGEMENT"],"inLanguage":"en-US"},{"@type":"WebPage","@id":"https:\/\/www.organisator.ch\/management\/2019-09-26\/die-nachfolgebus-tour-2019-unterwegs-in-zuerich-und-winterthur\/","url":"https:\/\/www.organisator.ch\/management\/2019-09-26\/die-nachfolgebus-tour-2019-unterwegs-in-zuerich-und-winterthur\/","name":"The follow-up bus tour 2019 on the road in Zurich and Winterthur - organizer","isPartOf":{"@id":"https:\/\/www.organisator.ch\/#website"},"primaryImageOfPage":{"@id":"https:\/\/www.organisator.ch\/management\/2019-09-26\/die-nachfolgebus-tour-2019-unterwegs-in-zuerich-und-winterthur\/#primaryimage"},"image":{"@id":"https:\/\/www.organisator.ch\/management\/2019-09-26\/die-nachfolgebus-tour-2019-unterwegs-in-zuerich-und-winterthur\/#primaryimage"},"thumbnailUrl":"https:\/\/www.organisator.ch\/wp-content\/uploads\/2019\/04\/Initiative-Nachfolgebus-2019-Gut-besuchter-Start-in-Zuerich_Organisator.jpg","datePublished":"2019-09-26T06:32:09+00:00","description":"The next stops on the 2019 follow-up bus tour are Zurich on October 1 and 2 (as part of Business Innovation Week) and Winterthur on October 3.","breadcrumb":{"@id":"https:\/\/www.organisator.ch\/management\/2019-09-26\/die-nachfolgebus-tour-2019-unterwegs-in-zuerich-und-winterthur\/#breadcrumb"},"inLanguage":"en-US","potentialAction":[{"@type":"ReadAction","target":["https:\/\/www.organisator.ch\/management\/2019-09-26\/die-nachfolgebus-tour-2019-unterwegs-in-zuerich-und-winterthur\/"]}]},{"@type":"ImageObject","inLanguage":"en-US","@id":"https:\/\/www.organisator.ch\/management\/2019-09-26\/die-nachfolgebus-tour-2019-unterwegs-in-zuerich-und-winterthur\/#primaryimage","url":"https:\/\/www.organisator.ch\/wp-content\/uploads\/2019\/04\/Initiative-Nachfolgebus-2019-Gut-besuchter-Start-in-Zuerich_Organisator.jpg","contentUrl":"https:\/\/www.organisator.ch\/wp-content\/uploads\/2019\/04\/Initiative-Nachfolgebus-2019-Gut-besuchter-Start-in-Zuerich_Organisator.jpg","width":680,"height":383,"caption":"Carla Kaufmann, Initiatorin des Nachfolgebus, freut sich \u00fcber den gelungenen Auftakt in Z\u00fcrich f\u00fcr die Nachfolgebus Tour 2019. (Bild: Nachfolgebus.ch)"},{"@type":"BreadcrumbList","@id":"https:\/\/www.organisator.ch\/management\/2019-09-26\/die-nachfolgebus-tour-2019-unterwegs-in-zuerich-und-winterthur\/#breadcrumb","itemListElement":[{"@type":"ListItem","position":1,"name":"Home","item":"https:\/\/www.organisator.ch\/"},{"@type":"ListItem","position":2,"name":"Die Nachfolgebus Tour 2019 unterwegs in Z\u00fcrich und Winterthur"}]},{"@type":"WebSite","@id":"https:\/\/www.organisator.ch\/#website","url":"https:\/\/www.organisator.ch\/","name":"Organizer","description":"Competent. Practical. In 10 issues per year, ORGANISATOR presents the essential topics for managers of SMEs.","publisher":{"@id":"https:\/\/www.organisator.ch\/#organization"},"potentialAction":[{"@type":"SearchAction","target":{"@type":"EntryPoint","urlTemplate":"https:\/\/www.organisator.ch\/?s={search_term_string}"},"query-input":{"@type":"PropertyValueSpecification","valueRequired":true,"valueName":"search_term_string"}}],"inLanguage":"en-US"},{"@type":"Organization","@id":"https:\/\/www.organisator.ch\/#organization","name":"Organizer","url":"https:\/\/www.organisator.ch\/","logo":{"@type":"ImageObject","inLanguage":"en-US","@id":"https:\/\/www.organisator.ch\/#\/schema\/logo\/image\/","url":"https:\/\/www.organisator.ch\/wp-content\/uploads\/2022\/01\/Logo_Organisator_Website.png","contentUrl":"https:\/\/www.organisator.ch\/wp-content\/uploads\/2022\/01\/Logo_Organisator_Website.png","width":800,"height":77,"caption":"Organisator"},"image":{"@id":"https:\/\/www.organisator.ch\/#\/schema\/logo\/image\/"},"sameAs":["https:\/\/www.facebook.com\/OrganisatorFachmagazin","https:\/\/www.linkedin.com\/showcase\/organisator-das-magazin-fr-kmu","https:\/\/www.xing.com\/news\/pages\/organisator-ch-695","https:\/\/www.youtube.com\/channel\/UCGP2Sq0iWaZwT3BdIAQFYpw"]},{"@type":"Person","@id":"https:\/\/www.organisator.ch\/#\/schema\/person\/6f650f90b2842cd4c0cc334b4e36f67e","name":"thomas.berner","image":{"@type":"ImageObject","inLanguage":"en-US","@id":"https:\/\/secure.gravatar.com\/avatar\/ac5001d2a36cb6c6cd3e50789007ffca834b477b74a2144564522e944eabff61?s=96&d=mm&r=g","url":"https:\/\/secure.gravatar.com\/avatar\/ac5001d2a36cb6c6cd3e50789007ffca834b477b74a2144564522e944eabff61?s=96&d=mm&r=g","contentUrl":"https:\/\/secure.gravatar.com\/avatar\/ac5001d2a36cb6c6cd3e50789007ffca834b477b74a2144564522e944eabff61?s=96&d=mm&r=g","caption":"thomas.berner"},"url":"https:\/\/www.organisator.ch\/en\/author\/thomas-berner\/"}]}},"_links":{"self":[{"href":"https:\/\/www.organisator.ch\/en\/wp-json\/wp\/v2\/posts\/5842","targetHints":{"allow":["GET"]}}],"collection":[{"href":"https:\/\/www.organisator.ch\/en\/wp-json\/wp\/v2\/posts"}],"about":[{"href":"https:\/\/www.organisator.ch\/en\/wp-json\/wp\/v2\/types\/post"}],"author":[{"embeddable":true,"href":"https:\/\/www.organisator.ch\/en\/wp-json\/wp\/v2\/users\/4"}],"replies":[{"embeddable":true,"href":"https:\/\/www.organisator.ch\/en\/wp-json\/wp\/v2\/comments?post=5842"}],"version-history":[{"count":0,"href":"https:\/\/www.organisator.ch\/en\/wp-json\/wp\/v2\/posts\/5842\/revisions"}],"wp:featuredmedia":[{"embeddable":true,"href":"https:\/\/www.organisator.ch\/en\/wp-json\/wp\/v2\/media\/5103"}],"wp:attachment":[{"href":"https:\/\/www.organisator.ch\/en\/wp-json\/wp\/v2\/media?parent=5842"}],"wp:term":[{"taxonomy":"category","embeddable":true,"href":"https:\/\/www.organisator.ch\/en\/wp-json\/wp\/v2\/categories?post=5842"},{"taxonomy":"post_tag","embeddable":true,"href":"https:\/\/www.organisator.ch\/en\/wp-json\/wp\/v2\/tags?post=5842"}],"curies":[{"name":"wp","href":"https:\/\/api.w.org\/{rel}","templated":true}]}}