{"id":5844,"date":"2019-09-26T08:42:29","date_gmt":"2019-09-26T06:42:29","guid":{"rendered":"https:\/\/www.organisator.ch\/?p=5844"},"modified":"2019-09-26T08:42:29","modified_gmt":"2019-09-26T06:42:29","slug":"schaffen-sie-perspektive","status":"publish","type":"post","link":"https:\/\/www.organisator.ch\/en\/management\/2019-09-26\/schaffen-sie-perspektive\/","title":{"rendered":"Create perspective!"},"content":{"rendered":"<figure id=\"attachment_5848\" aria-describedby=\"caption-attachment-5848\" style=\"width: 680px\" class=\"wp-caption alignnone\"><img loading=\"lazy\" decoding=\"async\" class=\"size-medium wp-image-5848\" src=\"https:\/\/www.organisator.ch\/wp-content\/uploads\/2019\/09\/Schaffen-Sie-Perspektive_Organisator.jpg\" alt=\"\" width=\"680\" height=\"355\" srcset=\"https:\/\/www.organisator.ch\/wp-content\/uploads\/2019\/09\/Schaffen-Sie-Perspektive_Organisator.jpg 680w, https:\/\/www.organisator.ch\/wp-content\/uploads\/2019\/09\/Schaffen-Sie-Perspektive_Organisator-16x8.jpg 16w, https:\/\/www.organisator.ch\/wp-content\/uploads\/2019\/09\/Schaffen-Sie-Perspektive_Organisator-335x175.jpg 335w, https:\/\/www.organisator.ch\/wp-content\/uploads\/2019\/09\/Schaffen-Sie-Perspektive_Organisator-670x350.jpg 670w, https:\/\/www.organisator.ch\/wp-content\/uploads\/2019\/09\/Schaffen-Sie-Perspektive_Organisator-300x157.jpg 300w\" sizes=\"auto, (max-width: 680px) 100vw, 680px\" \/><figcaption id=\"caption-attachment-5848\" class=\"wp-caption-text\">Create perspective! Because this is missing in many companies. (Image: Pixabay.com)<\/figcaption><\/figure>\n<p>What I always notice the most in companies is.<strong> the lack of a real perspective<\/strong>. When I ask my typical question \"what would you change immediately if you had magical powers and that change was guaranteed to work?\" most have no answer at all or a very operational answer.<\/p>\n<h2>When big ideas are missing...<\/h2>\n<p><strong>Almost no one comes up with a really great idea.<\/strong> At the same time, most of them work for many years in the same company and also have various suggestions for improvement (mostly for the others). What is missing is a real perspective that is worth fighting for.<\/p>\n<p><strong>The good news: we all have the ability to develop great perspectives<\/strong>. Most people have simply been taught it over many years. \"Cobbler, stick to your last!\"<\/p>\n<h2>Learn to dream again<\/h2>\n<p>To put it more theatrically, we have forgotten how to dream. And not of any castles in the air, but of achieving great goals. I wrote about this in the penultimate Success Impulse (\"Why you should fly to the moon\").<\/p>\n<p><strong>The good news: What you <em>ver<\/em>learns, you can also again <em>he<\/em>learn<\/strong> And that is one of your core tasks if you want to move anything positive together with others, especially as a leader. <strong>How to do it? Here are three ways to help:<\/strong><\/p>\n<ol>\n<li><strong>Life perspective<\/strong>. Do you have a vision for your life or at least the next five years? Who do you want to be? What do you want to change in the world? With whom? Why? And so on. Such a vision is your north star, your direction. It guides your decisions. The less developed your own perspective is, the more you will stick to what exists, even if it is not good.<\/li>\n<li><strong>Awareness<\/strong>. Most people today are so strongly controlled by others that they no longer have an anchor point for developing a perspective that stands on solid ground. We are so busy and exhausted by all the tasks that we often simply lack the energy to develop a perspective.<\/li>\n<li><strong>Exercise<\/strong>. What you have forgotten, you have to practice to regain it. You can practice this every day. And especially with your team. Practice answers to questions like my example above. Or, \"If we were starting from scratch again, what would we do differently? And why?\"<\/li>\n<\/ol>\n<h2>So: Create perspective!<\/h2>\n<p>An important effect of a strong perspective is the significantly increased attractiveness on the labor market, especially for young talent. This is becoming increasingly important for most SMEs. But beware: You must also live this strong perspective credibly within the company. Lip service only does harm.<\/p>\n<p><i>To the author:<br \/>\n<\/i><em>Volkmar V\u00f6lzke is a success maximizer. Book author. Consultant. Coach. Speaker. <a href=\"http:\/\/www.volkmarvoelzke.ch\/\">www.volkmarvoelzke.ch<\/a><\/em><\/p>","protected":false},"excerpt":{"rendered":"<p>Was mir immer wieder am meisten in Unternehmen auff\u00e4llt, ist das Fehlen einer wirklichen Perspektive. Wenn ich meine typische Frage stelle \u201ewas w\u00fcrden Sie sofort \u00e4ndern, wenn Sie magische Kr\u00e4fte h\u00e4tten und diese \u00c4nderung garantiert funktionieren w\u00fcrde?\u201c haben die meisten gar keine oder eine sehr operative Antwort. Wenn grosse Ideen fehlen&#8230; Fast keiner kommt mit [&hellip;]<\/p>\n","protected":false},"author":4,"featured_media":5848,"comment_status":"closed","ping_status":"closed","sticky":false,"template":"","format":"standard","meta":{"_acf_changed":false,"_yoast_wpseo_focuskw":"Schaffen Sie Perspektive","_yoast_wpseo_metadesc":"Vielen Unternehmen fehlt eine wirkliche Perspektive. Die Forderungen des Autors sind deshalb einfach: Schaffen Sie Perspektive!","articlekey":"","footnotes":""},"categories":[28],"tags":[115,177,335],"class_list":["post-5844","post","type-post","status-publish","format-standard","has-post-thumbnail","hentry","category-management","tag-checklisten","tag-erfolgs-impuls","tag-management-und-unternehmensfuehrung"],"acf":[],"yoast_head":"<!-- This site is optimized with the Yoast SEO plugin v27.5 - https:\/\/yoast.com\/product\/yoast-seo-wordpress\/ -->\n<title>Schaffen Sie Perspektive! - Organisator<\/title>\n<meta name=\"description\" content=\"Vielen Unternehmen fehlt eine wirkliche Perspektive. Die Forderungen des Autors sind deshalb einfach: Schaffen Sie Perspektive!\" \/>\n<meta name=\"robots\" content=\"index, follow, max-snippet:-1, max-image-preview:large, max-video-preview:-1\" \/>\n<link rel=\"canonical\" href=\"https:\/\/www.organisator.ch\/en\/management\/2019-09-26\/schaffen-sie-perspektive\/\" \/>\n<meta property=\"og:locale\" content=\"en_US\" \/>\n<meta property=\"og:type\" content=\"article\" \/>\n<meta property=\"og:title\" content=\"Schaffen Sie Perspektive!\" \/>\n<meta property=\"og:description\" content=\"Vielen Unternehmen fehlt eine wirkliche Perspektive. Die Forderungen des Autors sind deshalb einfach: Schaffen Sie Perspektive!\" \/>\n<meta property=\"og:url\" content=\"https:\/\/www.organisator.ch\/en\/management\/2019-09-26\/schaffen-sie-perspektive\/\" \/>\n<meta property=\"og:site_name\" content=\"Organisator\" \/>\n<meta property=\"article:publisher\" content=\"https:\/\/www.facebook.com\/OrganisatorFachmagazin\" \/>\n<meta property=\"article:published_time\" content=\"2019-09-26T06:42:29+00:00\" \/>\n<meta property=\"og:image\" content=\"https:\/\/www.organisator.ch\/wp-content\/uploads\/2019\/09\/Schaffen-Sie-Perspektive_Organisator.jpg\" \/>\n\t<meta property=\"og:image:width\" content=\"680\" \/>\n\t<meta property=\"og:image:height\" content=\"355\" \/>\n\t<meta property=\"og:image:type\" content=\"image\/jpeg\" \/>\n<meta name=\"author\" content=\"thomas.berner\" \/>\n<meta name=\"twitter:card\" content=\"summary_large_image\" \/>\n<meta name=\"twitter:title\" content=\"Schaffen Sie Perspektive!\" \/>\n<meta name=\"twitter:description\" content=\"Vielen Unternehmen fehlt eine wirkliche Perspektive. Die Forderungen des Autors sind deshalb einfach: Schaffen Sie Perspektive!\" \/>\n<meta name=\"twitter:image\" content=\"https:\/\/www.organisator.ch\/wp-content\/uploads\/2019\/09\/Schaffen-Sie-Perspektive_Organisator.jpg\" \/>\n<script type=\"application\/ld+json\" class=\"yoast-schema-graph\">{\"@context\":\"https:\\\/\\\/schema.org\",\"@graph\":[{\"@type\":\"Article\",\"@id\":\"https:\\\/\\\/www.organisator.ch\\\/management\\\/2019-09-26\\\/schaffen-sie-perspektive\\\/#article\",\"isPartOf\":{\"@id\":\"https:\\\/\\\/www.organisator.ch\\\/management\\\/2019-09-26\\\/schaffen-sie-perspektive\\\/\"},\"author\":{\"name\":\"thomas.berner\",\"@id\":\"https:\\\/\\\/www.organisator.ch\\\/#\\\/schema\\\/person\\\/6f650f90b2842cd4c0cc334b4e36f67e\"},\"headline\":\"Schaffen Sie Perspektive!\",\"datePublished\":\"2019-09-26T06:42:29+00:00\",\"mainEntityOfPage\":{\"@id\":\"https:\\\/\\\/www.organisator.ch\\\/management\\\/2019-09-26\\\/schaffen-sie-perspektive\\\/\"},\"wordCount\":461,\"publisher\":{\"@id\":\"https:\\\/\\\/www.organisator.ch\\\/#organization\"},\"image\":{\"@id\":\"https:\\\/\\\/www.organisator.ch\\\/management\\\/2019-09-26\\\/schaffen-sie-perspektive\\\/#primaryimage\"},\"thumbnailUrl\":\"https:\\\/\\\/www.organisator.ch\\\/wp-content\\\/uploads\\\/2019\\\/09\\\/Schaffen-Sie-Perspektive_Organisator.jpg\",\"keywords\":[\"Checklisten\",\"Erfolgs-Impuls\",\"Management und Unternehmensf\u00fchrung\"],\"articleSection\":[\"MANAGEMENT\"],\"inLanguage\":\"en-US\"},{\"@type\":\"WebPage\",\"@id\":\"https:\\\/\\\/www.organisator.ch\\\/management\\\/2019-09-26\\\/schaffen-sie-perspektive\\\/\",\"url\":\"https:\\\/\\\/www.organisator.ch\\\/management\\\/2019-09-26\\\/schaffen-sie-perspektive\\\/\",\"name\":\"Schaffen Sie Perspektive! - Organisator\",\"isPartOf\":{\"@id\":\"https:\\\/\\\/www.organisator.ch\\\/#website\"},\"primaryImageOfPage\":{\"@id\":\"https:\\\/\\\/www.organisator.ch\\\/management\\\/2019-09-26\\\/schaffen-sie-perspektive\\\/#primaryimage\"},\"image\":{\"@id\":\"https:\\\/\\\/www.organisator.ch\\\/management\\\/2019-09-26\\\/schaffen-sie-perspektive\\\/#primaryimage\"},\"thumbnailUrl\":\"https:\\\/\\\/www.organisator.ch\\\/wp-content\\\/uploads\\\/2019\\\/09\\\/Schaffen-Sie-Perspektive_Organisator.jpg\",\"datePublished\":\"2019-09-26T06:42:29+00:00\",\"description\":\"Vielen Unternehmen fehlt eine wirkliche Perspektive. Die Forderungen des Autors sind deshalb einfach: Schaffen Sie Perspektive!\",\"breadcrumb\":{\"@id\":\"https:\\\/\\\/www.organisator.ch\\\/management\\\/2019-09-26\\\/schaffen-sie-perspektive\\\/#breadcrumb\"},\"inLanguage\":\"en-US\",\"potentialAction\":[{\"@type\":\"ReadAction\",\"target\":[\"https:\\\/\\\/www.organisator.ch\\\/management\\\/2019-09-26\\\/schaffen-sie-perspektive\\\/\"]}]},{\"@type\":\"ImageObject\",\"inLanguage\":\"en-US\",\"@id\":\"https:\\\/\\\/www.organisator.ch\\\/management\\\/2019-09-26\\\/schaffen-sie-perspektive\\\/#primaryimage\",\"url\":\"https:\\\/\\\/www.organisator.ch\\\/wp-content\\\/uploads\\\/2019\\\/09\\\/Schaffen-Sie-Perspektive_Organisator.jpg\",\"contentUrl\":\"https:\\\/\\\/www.organisator.ch\\\/wp-content\\\/uploads\\\/2019\\\/09\\\/Schaffen-Sie-Perspektive_Organisator.jpg\",\"width\":680,\"height\":355,\"caption\":\"Schaffen Sie Perspektive! Denn dies fehlt in vielen Unternehmen. (Bild: Pixabay.com)\"},{\"@type\":\"BreadcrumbList\",\"@id\":\"https:\\\/\\\/www.organisator.ch\\\/management\\\/2019-09-26\\\/schaffen-sie-perspektive\\\/#breadcrumb\",\"itemListElement\":[{\"@type\":\"ListItem\",\"position\":1,\"name\":\"Home\",\"item\":\"https:\\\/\\\/www.organisator.ch\\\/\"},{\"@type\":\"ListItem\",\"position\":2,\"name\":\"Schaffen Sie Perspektive!\"}]},{\"@type\":\"WebSite\",\"@id\":\"https:\\\/\\\/www.organisator.ch\\\/#website\",\"url\":\"https:\\\/\\\/www.organisator.ch\\\/\",\"name\":\"Organisator\",\"description\":\"Kompetent. Praxisnah. Der ORGANISATOR bereitet in 10 Ausgaben pro Jahr die wesentlichen Themen f\u00fcr F\u00fchrungskr\u00e4fte von KMU auf.\",\"publisher\":{\"@id\":\"https:\\\/\\\/www.organisator.ch\\\/#organization\"},\"potentialAction\":[{\"@type\":\"SearchAction\",\"target\":{\"@type\":\"EntryPoint\",\"urlTemplate\":\"https:\\\/\\\/www.organisator.ch\\\/?s={search_term_string}\"},\"query-input\":{\"@type\":\"PropertyValueSpecification\",\"valueRequired\":true,\"valueName\":\"search_term_string\"}}],\"inLanguage\":\"en-US\"},{\"@type\":\"Organization\",\"@id\":\"https:\\\/\\\/www.organisator.ch\\\/#organization\",\"name\":\"Organisator\",\"url\":\"https:\\\/\\\/www.organisator.ch\\\/\",\"logo\":{\"@type\":\"ImageObject\",\"inLanguage\":\"en-US\",\"@id\":\"https:\\\/\\\/www.organisator.ch\\\/#\\\/schema\\\/logo\\\/image\\\/\",\"url\":\"https:\\\/\\\/www.organisator.ch\\\/wp-content\\\/uploads\\\/2022\\\/01\\\/Logo_Organisator_Website.png\",\"contentUrl\":\"https:\\\/\\\/www.organisator.ch\\\/wp-content\\\/uploads\\\/2022\\\/01\\\/Logo_Organisator_Website.png\",\"width\":800,\"height\":77,\"caption\":\"Organisator\"},\"image\":{\"@id\":\"https:\\\/\\\/www.organisator.ch\\\/#\\\/schema\\\/logo\\\/image\\\/\"},\"sameAs\":[\"https:\\\/\\\/www.facebook.com\\\/OrganisatorFachmagazin\",\"https:\\\/\\\/www.linkedin.com\\\/showcase\\\/organisator-das-magazin-fr-kmu\",\"https:\\\/\\\/www.xing.com\\\/news\\\/pages\\\/organisator-ch-695\",\"https:\\\/\\\/www.youtube.com\\\/channel\\\/UCGP2Sq0iWaZwT3BdIAQFYpw\"]},{\"@type\":\"Person\",\"@id\":\"https:\\\/\\\/www.organisator.ch\\\/#\\\/schema\\\/person\\\/6f650f90b2842cd4c0cc334b4e36f67e\",\"name\":\"thomas.berner\",\"image\":{\"@type\":\"ImageObject\",\"inLanguage\":\"en-US\",\"@id\":\"https:\\\/\\\/secure.gravatar.com\\\/avatar\\\/ac5001d2a36cb6c6cd3e50789007ffca834b477b74a2144564522e944eabff61?s=96&d=mm&r=g\",\"url\":\"https:\\\/\\\/secure.gravatar.com\\\/avatar\\\/ac5001d2a36cb6c6cd3e50789007ffca834b477b74a2144564522e944eabff61?s=96&d=mm&r=g\",\"contentUrl\":\"https:\\\/\\\/secure.gravatar.com\\\/avatar\\\/ac5001d2a36cb6c6cd3e50789007ffca834b477b74a2144564522e944eabff61?s=96&d=mm&r=g\",\"caption\":\"thomas.berner\"},\"url\":\"https:\\\/\\\/www.organisator.ch\\\/en\\\/author\\\/thomas-berner\\\/\"}]}<\/script>\n<!-- \/ Yoast SEO plugin. -->","yoast_head_json":{"title":"Create perspective! - Organizer","description":"Many companies lack a real perspective. The author's demands are therefore simple: Create perspective!","robots":{"index":"index","follow":"follow","max-snippet":"max-snippet:-1","max-image-preview":"max-image-preview:large","max-video-preview":"max-video-preview:-1"},"canonical":"https:\/\/www.organisator.ch\/en\/management\/2019-09-26\/schaffen-sie-perspektive\/","og_locale":"en_US","og_type":"article","og_title":"Schaffen Sie Perspektive!","og_description":"Vielen Unternehmen fehlt eine wirkliche Perspektive. Die Forderungen des Autors sind deshalb einfach: Schaffen Sie Perspektive!","og_url":"https:\/\/www.organisator.ch\/en\/management\/2019-09-26\/schaffen-sie-perspektive\/","og_site_name":"Organisator","article_publisher":"https:\/\/www.facebook.com\/OrganisatorFachmagazin","article_published_time":"2019-09-26T06:42:29+00:00","og_image":[{"width":680,"height":355,"url":"https:\/\/www.organisator.ch\/wp-content\/uploads\/2019\/09\/Schaffen-Sie-Perspektive_Organisator.jpg","type":"image\/jpeg"}],"author":"thomas.berner","twitter_card":"summary_large_image","twitter_title":"Schaffen Sie Perspektive!","twitter_description":"Vielen Unternehmen fehlt eine wirkliche Perspektive. Die Forderungen des Autors sind deshalb einfach: Schaffen Sie Perspektive!","twitter_image":"https:\/\/www.organisator.ch\/wp-content\/uploads\/2019\/09\/Schaffen-Sie-Perspektive_Organisator.jpg","schema":{"@context":"https:\/\/schema.org","@graph":[{"@type":"Article","@id":"https:\/\/www.organisator.ch\/management\/2019-09-26\/schaffen-sie-perspektive\/#article","isPartOf":{"@id":"https:\/\/www.organisator.ch\/management\/2019-09-26\/schaffen-sie-perspektive\/"},"author":{"name":"thomas.berner","@id":"https:\/\/www.organisator.ch\/#\/schema\/person\/6f650f90b2842cd4c0cc334b4e36f67e"},"headline":"Schaffen Sie Perspektive!","datePublished":"2019-09-26T06:42:29+00:00","mainEntityOfPage":{"@id":"https:\/\/www.organisator.ch\/management\/2019-09-26\/schaffen-sie-perspektive\/"},"wordCount":461,"publisher":{"@id":"https:\/\/www.organisator.ch\/#organization"},"image":{"@id":"https:\/\/www.organisator.ch\/management\/2019-09-26\/schaffen-sie-perspektive\/#primaryimage"},"thumbnailUrl":"https:\/\/www.organisator.ch\/wp-content\/uploads\/2019\/09\/Schaffen-Sie-Perspektive_Organisator.jpg","keywords":["Checklisten","Erfolgs-Impuls","Management und Unternehmensf\u00fchrung"],"articleSection":["MANAGEMENT"],"inLanguage":"en-US"},{"@type":"WebPage","@id":"https:\/\/www.organisator.ch\/management\/2019-09-26\/schaffen-sie-perspektive\/","url":"https:\/\/www.organisator.ch\/management\/2019-09-26\/schaffen-sie-perspektive\/","name":"Create perspective! - Organizer","isPartOf":{"@id":"https:\/\/www.organisator.ch\/#website"},"primaryImageOfPage":{"@id":"https:\/\/www.organisator.ch\/management\/2019-09-26\/schaffen-sie-perspektive\/#primaryimage"},"image":{"@id":"https:\/\/www.organisator.ch\/management\/2019-09-26\/schaffen-sie-perspektive\/#primaryimage"},"thumbnailUrl":"https:\/\/www.organisator.ch\/wp-content\/uploads\/2019\/09\/Schaffen-Sie-Perspektive_Organisator.jpg","datePublished":"2019-09-26T06:42:29+00:00","description":"Many companies lack a real perspective. The author's demands are therefore simple: Create perspective!","breadcrumb":{"@id":"https:\/\/www.organisator.ch\/management\/2019-09-26\/schaffen-sie-perspektive\/#breadcrumb"},"inLanguage":"en-US","potentialAction":[{"@type":"ReadAction","target":["https:\/\/www.organisator.ch\/management\/2019-09-26\/schaffen-sie-perspektive\/"]}]},{"@type":"ImageObject","inLanguage":"en-US","@id":"https:\/\/www.organisator.ch\/management\/2019-09-26\/schaffen-sie-perspektive\/#primaryimage","url":"https:\/\/www.organisator.ch\/wp-content\/uploads\/2019\/09\/Schaffen-Sie-Perspektive_Organisator.jpg","contentUrl":"https:\/\/www.organisator.ch\/wp-content\/uploads\/2019\/09\/Schaffen-Sie-Perspektive_Organisator.jpg","width":680,"height":355,"caption":"Schaffen Sie Perspektive! Denn dies fehlt in vielen Unternehmen. (Bild: Pixabay.com)"},{"@type":"BreadcrumbList","@id":"https:\/\/www.organisator.ch\/management\/2019-09-26\/schaffen-sie-perspektive\/#breadcrumb","itemListElement":[{"@type":"ListItem","position":1,"name":"Home","item":"https:\/\/www.organisator.ch\/"},{"@type":"ListItem","position":2,"name":"Schaffen Sie Perspektive!"}]},{"@type":"WebSite","@id":"https:\/\/www.organisator.ch\/#website","url":"https:\/\/www.organisator.ch\/","name":"Organizer","description":"Competent. Practical. In 10 issues per year, ORGANISATOR presents the essential topics for managers of SMEs.","publisher":{"@id":"https:\/\/www.organisator.ch\/#organization"},"potentialAction":[{"@type":"SearchAction","target":{"@type":"EntryPoint","urlTemplate":"https:\/\/www.organisator.ch\/?s={search_term_string}"},"query-input":{"@type":"PropertyValueSpecification","valueRequired":true,"valueName":"search_term_string"}}],"inLanguage":"en-US"},{"@type":"Organization","@id":"https:\/\/www.organisator.ch\/#organization","name":"Organizer","url":"https:\/\/www.organisator.ch\/","logo":{"@type":"ImageObject","inLanguage":"en-US","@id":"https:\/\/www.organisator.ch\/#\/schema\/logo\/image\/","url":"https:\/\/www.organisator.ch\/wp-content\/uploads\/2022\/01\/Logo_Organisator_Website.png","contentUrl":"https:\/\/www.organisator.ch\/wp-content\/uploads\/2022\/01\/Logo_Organisator_Website.png","width":800,"height":77,"caption":"Organisator"},"image":{"@id":"https:\/\/www.organisator.ch\/#\/schema\/logo\/image\/"},"sameAs":["https:\/\/www.facebook.com\/OrganisatorFachmagazin","https:\/\/www.linkedin.com\/showcase\/organisator-das-magazin-fr-kmu","https:\/\/www.xing.com\/news\/pages\/organisator-ch-695","https:\/\/www.youtube.com\/channel\/UCGP2Sq0iWaZwT3BdIAQFYpw"]},{"@type":"Person","@id":"https:\/\/www.organisator.ch\/#\/schema\/person\/6f650f90b2842cd4c0cc334b4e36f67e","name":"thomas.berner","image":{"@type":"ImageObject","inLanguage":"en-US","@id":"https:\/\/secure.gravatar.com\/avatar\/ac5001d2a36cb6c6cd3e50789007ffca834b477b74a2144564522e944eabff61?s=96&d=mm&r=g","url":"https:\/\/secure.gravatar.com\/avatar\/ac5001d2a36cb6c6cd3e50789007ffca834b477b74a2144564522e944eabff61?s=96&d=mm&r=g","contentUrl":"https:\/\/secure.gravatar.com\/avatar\/ac5001d2a36cb6c6cd3e50789007ffca834b477b74a2144564522e944eabff61?s=96&d=mm&r=g","caption":"thomas.berner"},"url":"https:\/\/www.organisator.ch\/en\/author\/thomas-berner\/"}]}},"_links":{"self":[{"href":"https:\/\/www.organisator.ch\/en\/wp-json\/wp\/v2\/posts\/5844","targetHints":{"allow":["GET"]}}],"collection":[{"href":"https:\/\/www.organisator.ch\/en\/wp-json\/wp\/v2\/posts"}],"about":[{"href":"https:\/\/www.organisator.ch\/en\/wp-json\/wp\/v2\/types\/post"}],"author":[{"embeddable":true,"href":"https:\/\/www.organisator.ch\/en\/wp-json\/wp\/v2\/users\/4"}],"replies":[{"embeddable":true,"href":"https:\/\/www.organisator.ch\/en\/wp-json\/wp\/v2\/comments?post=5844"}],"version-history":[{"count":0,"href":"https:\/\/www.organisator.ch\/en\/wp-json\/wp\/v2\/posts\/5844\/revisions"}],"wp:featuredmedia":[{"embeddable":true,"href":"https:\/\/www.organisator.ch\/en\/wp-json\/wp\/v2\/media\/5848"}],"wp:attachment":[{"href":"https:\/\/www.organisator.ch\/en\/wp-json\/wp\/v2\/media?parent=5844"}],"wp:term":[{"taxonomy":"category","embeddable":true,"href":"https:\/\/www.organisator.ch\/en\/wp-json\/wp\/v2\/categories?post=5844"},{"taxonomy":"post_tag","embeddable":true,"href":"https:\/\/www.organisator.ch\/en\/wp-json\/wp\/v2\/tags?post=5844"}],"curies":[{"name":"wp","href":"https:\/\/api.w.org\/{rel}","templated":true}]}}