{"id":5853,"date":"2019-09-27T09:09:33","date_gmt":"2019-09-27T07:09:33","guid":{"rendered":"https:\/\/www.organisator.ch\/?p=5853"},"modified":"2019-09-27T09:09:33","modified_gmt":"2019-09-27T07:09:33","slug":"unternehmerische-zukunftsfaehigkeit-oebu-laedt-zum-forum-oe","status":"publish","type":"post","link":"https:\/\/www.organisator.ch\/en\/management\/2019-09-27\/unternehmerische-zukunftsfaehigkeit-oebu-laedt-zum-forum-oe\/","title":{"rendered":"Entrepreneurial sustainability: \u00f6bu invites to forum \u00f6"},"content":{"rendered":"<figure id=\"attachment_5854\" aria-describedby=\"caption-attachment-5854\" style=\"width: 680px\" class=\"wp-caption alignnone\"><img loading=\"lazy\" decoding=\"async\" class=\"size-medium wp-image-5854\" src=\"https:\/\/www.organisator.ch\/wp-content\/uploads\/2019\/09\/Unternehmerische-Zukunftsfaehigkeit-oebu-laedt-zum-Forum-oe_Organisator.jpg\" alt=\"\" width=\"680\" height=\"264\" srcset=\"https:\/\/www.organisator.ch\/wp-content\/uploads\/2019\/09\/Unternehmerische-Zukunftsfaehigkeit-oebu-laedt-zum-Forum-oe_Organisator.jpg 680w, https:\/\/www.organisator.ch\/wp-content\/uploads\/2019\/09\/Unternehmerische-Zukunftsfaehigkeit-oebu-laedt-zum-Forum-oe_Organisator-16x6.jpg 16w, https:\/\/www.organisator.ch\/wp-content\/uploads\/2019\/09\/Unternehmerische-Zukunftsfaehigkeit-oebu-laedt-zum-Forum-oe_Organisator-375x146.jpg 375w, https:\/\/www.organisator.ch\/wp-content\/uploads\/2019\/09\/Unternehmerische-Zukunftsfaehigkeit-oebu-laedt-zum-Forum-oe_Organisator-300x116.jpg 300w\" sizes=\"auto, (max-width: 680px) 100vw, 680px\" \/><figcaption id=\"caption-attachment-5854\" class=\"wp-caption-text\">Entrepreneurial sustainability: People as bridge builders. This is the theme of this year's Forum \u00f6 on October 31, 2019 at GDI in R\u00fcschlikon.<\/figcaption><\/figure>\n<p>The Forum \u00f6 is the annual meeting of the sustainable economy in Switzerland. Once a year, this event brings together leading Swiss companies and organizations with thought leaders from science, politics and consulting to discuss the opportunities and challenges of sustainable economic development. Under this year's motto \"Sustainability of Business: People as Bridge Builders\", thought leaders and lateral thinkers from business, science and society will discuss the opportunities and challenges of sustainable economic development on October 31. Visitors can expect exciting insights into successful, novel and sustainable business models as well as relevant topics for sustainable companies: From intrapreneurship and multistakeholder dialogues to sustainable supply chains, circular economy and reporting, sufficiency and societal innovation.<\/p>\n<p>As a visitor, you have the choice. You will have plenty of time to ask the experts questions and, if you wish, to get actively involved. There will also be plenty of time to exchange ideas with the other participants. Because it's high time we got down to work together and courageously built bridges. Between companies. Between people. And that goes far beyond the Forum \u00f6. We expect over 200 participants at this birthday event at the inspiring Gottlieb Duttweiler Institute in R\u00fcschlikon.<\/p>\n<p><em> <a href=\"http:\/\/www.oebu.ch\/forumoe-2019\">www.oebu.ch\/forumoe-2019<\/a><\/em><\/p>","protected":false},"excerpt":{"rendered":"<p>Das Forum \u00f6 ist das j\u00e4hrliche Treffen der nachhaltigen Wirtschaft in der Schweiz. Einmal pro Jahr bringt dieser Anlass f\u00fchrende Schweizer Unternehmen und Organisationen zusammen mit Vordenkern aus Wissenschaft, Politik und Beratung, um die Chancen und Herausforderungen einer nachhaltigen Wirtschaftsentwicklung zu diskutieren. Unter dem diesj\u00e4hrigen Motto \u00abZukunftsf\u00e4higkeit von Unternehmen: Der Mensch als Br\u00fcckenbauer\u00bb diskutieren am [&hellip;]<\/p>\n","protected":false},"author":4,"featured_media":5854,"comment_status":"closed","ping_status":"closed","sticky":false,"template":"","format":"standard","meta":{"_acf_changed":false,"_yoast_wpseo_focuskw":"Zukunftsf\u00e4higkeit","_yoast_wpseo_metadesc":"\u00f6bu, der Verband f\u00fcr nachhaltiges Wirtschaften in der Schweiz, feiert 2019 sein 30j\u00e4hriges Bestehen. Grund, um einen Blick in die Zukunft zu werfen.","articlekey":"","footnotes":""},"categories":[28],"tags":[193,335,358,503],"class_list":["post-5853","post","type-post","status-publish","format-standard","has-post-thumbnail","hentry","category-management","tag-fachkongressfachmesse","tag-management-und-unternehmensfuehrung","tag-nachhaltige-wirtschaft","tag-verbaende"],"acf":[],"yoast_head":"<!-- This site is optimized with the Yoast SEO plugin v27.5 - https:\/\/yoast.com\/product\/yoast-seo-wordpress\/ -->\n<title>Unternehmerische Zukunftsf\u00e4higkeit: \u00f6bu l\u00e4dt zum Forum \u00f6 - Organisator<\/title>\n<meta name=\"description\" content=\"\u00f6bu, der Verband f\u00fcr nachhaltiges Wirtschaften in der Schweiz, feiert 2019 sein 30j\u00e4hriges Bestehen. Grund, um einen Blick in die Zukunft zu werfen.\" \/>\n<meta name=\"robots\" content=\"index, follow, max-snippet:-1, max-image-preview:large, max-video-preview:-1\" \/>\n<link rel=\"canonical\" href=\"https:\/\/www.organisator.ch\/en\/management\/2019-09-27\/unternehmerische-zukunftsfaehigkeit-oebu-laedt-zum-forum-oe\/\" \/>\n<meta property=\"og:locale\" content=\"en_US\" \/>\n<meta property=\"og:type\" content=\"article\" \/>\n<meta property=\"og:title\" content=\"Unternehmerische Zukunftsf\u00e4higkeit: \u00f6bu l\u00e4dt zum Forum \u00f6\" \/>\n<meta property=\"og:description\" content=\"\u00f6bu, der Verband f\u00fcr nachhaltiges Wirtschaften in der Schweiz, feiert 2019 sein 30j\u00e4hriges Bestehen. Grund, um einen Blick in die Zukunft zu werfen.\" \/>\n<meta property=\"og:url\" content=\"https:\/\/www.organisator.ch\/en\/management\/2019-09-27\/unternehmerische-zukunftsfaehigkeit-oebu-laedt-zum-forum-oe\/\" \/>\n<meta property=\"og:site_name\" content=\"Organisator\" \/>\n<meta property=\"article:publisher\" content=\"https:\/\/www.facebook.com\/OrganisatorFachmagazin\" \/>\n<meta property=\"article:published_time\" content=\"2019-09-27T07:09:33+00:00\" \/>\n<meta property=\"og:image\" content=\"https:\/\/www.organisator.ch\/wp-content\/uploads\/2019\/09\/Unternehmerische-Zukunftsfaehigkeit-oebu-laedt-zum-Forum-oe_Organisator.jpg\" \/>\n\t<meta property=\"og:image:width\" content=\"680\" \/>\n\t<meta property=\"og:image:height\" content=\"264\" \/>\n\t<meta property=\"og:image:type\" content=\"image\/jpeg\" \/>\n<meta name=\"author\" content=\"thomas.berner\" \/>\n<meta name=\"twitter:card\" content=\"summary_large_image\" \/>\n<meta name=\"twitter:title\" content=\"Unternehmerische #Zukunftsf\u00e4higkeit: #\u00f6bu l\u00e4dt zum Forum \u00f6\" \/>\n<meta name=\"twitter:description\" content=\"#\u00f6bu, der Verband f\u00fcr nachhaltiges Wirtschaften in der Schweiz, feiert 2019 sein 30j\u00e4hriges Bestehen. Grund, um einen Blick in die Zukunft zu werfen.\" \/>\n<meta name=\"twitter:image\" content=\"https:\/\/www.organisator.ch\/wp-content\/uploads\/2019\/09\/Unternehmerische-Zukunftsfaehigkeit-oebu-laedt-zum-Forum-oe_Organisator.jpg\" \/>\n<script type=\"application\/ld+json\" class=\"yoast-schema-graph\">{\"@context\":\"https:\\\/\\\/schema.org\",\"@graph\":[{\"@type\":\"Article\",\"@id\":\"https:\\\/\\\/www.organisator.ch\\\/management\\\/2019-09-27\\\/unternehmerische-zukunftsfaehigkeit-oebu-laedt-zum-forum-oe\\\/#article\",\"isPartOf\":{\"@id\":\"https:\\\/\\\/www.organisator.ch\\\/management\\\/2019-09-27\\\/unternehmerische-zukunftsfaehigkeit-oebu-laedt-zum-forum-oe\\\/\"},\"author\":{\"name\":\"thomas.berner\",\"@id\":\"https:\\\/\\\/www.organisator.ch\\\/#\\\/schema\\\/person\\\/6f650f90b2842cd4c0cc334b4e36f67e\"},\"headline\":\"Unternehmerische Zukunftsf\u00e4higkeit: \u00f6bu l\u00e4dt zum Forum \u00f6\",\"datePublished\":\"2019-09-27T07:09:33+00:00\",\"mainEntityOfPage\":{\"@id\":\"https:\\\/\\\/www.organisator.ch\\\/management\\\/2019-09-27\\\/unternehmerische-zukunftsfaehigkeit-oebu-laedt-zum-forum-oe\\\/\"},\"wordCount\":236,\"publisher\":{\"@id\":\"https:\\\/\\\/www.organisator.ch\\\/#organization\"},\"image\":{\"@id\":\"https:\\\/\\\/www.organisator.ch\\\/management\\\/2019-09-27\\\/unternehmerische-zukunftsfaehigkeit-oebu-laedt-zum-forum-oe\\\/#primaryimage\"},\"thumbnailUrl\":\"https:\\\/\\\/www.organisator.ch\\\/wp-content\\\/uploads\\\/2019\\\/09\\\/Unternehmerische-Zukunftsfaehigkeit-oebu-laedt-zum-Forum-oe_Organisator.jpg\",\"keywords\":[\"Fachkongress\\\/Fachmesse\",\"Management und Unternehmensf\u00fchrung\",\"Nachhaltige Wirtschaft\",\"Verb\u00e4nde\"],\"articleSection\":[\"MANAGEMENT\"],\"inLanguage\":\"en-US\"},{\"@type\":\"WebPage\",\"@id\":\"https:\\\/\\\/www.organisator.ch\\\/management\\\/2019-09-27\\\/unternehmerische-zukunftsfaehigkeit-oebu-laedt-zum-forum-oe\\\/\",\"url\":\"https:\\\/\\\/www.organisator.ch\\\/management\\\/2019-09-27\\\/unternehmerische-zukunftsfaehigkeit-oebu-laedt-zum-forum-oe\\\/\",\"name\":\"Unternehmerische Zukunftsf\u00e4higkeit: \u00f6bu l\u00e4dt zum Forum \u00f6 - Organisator\",\"isPartOf\":{\"@id\":\"https:\\\/\\\/www.organisator.ch\\\/#website\"},\"primaryImageOfPage\":{\"@id\":\"https:\\\/\\\/www.organisator.ch\\\/management\\\/2019-09-27\\\/unternehmerische-zukunftsfaehigkeit-oebu-laedt-zum-forum-oe\\\/#primaryimage\"},\"image\":{\"@id\":\"https:\\\/\\\/www.organisator.ch\\\/management\\\/2019-09-27\\\/unternehmerische-zukunftsfaehigkeit-oebu-laedt-zum-forum-oe\\\/#primaryimage\"},\"thumbnailUrl\":\"https:\\\/\\\/www.organisator.ch\\\/wp-content\\\/uploads\\\/2019\\\/09\\\/Unternehmerische-Zukunftsfaehigkeit-oebu-laedt-zum-Forum-oe_Organisator.jpg\",\"datePublished\":\"2019-09-27T07:09:33+00:00\",\"description\":\"\u00f6bu, der Verband f\u00fcr nachhaltiges Wirtschaften in der Schweiz, feiert 2019 sein 30j\u00e4hriges Bestehen. Grund, um einen Blick in die Zukunft zu werfen.\",\"breadcrumb\":{\"@id\":\"https:\\\/\\\/www.organisator.ch\\\/management\\\/2019-09-27\\\/unternehmerische-zukunftsfaehigkeit-oebu-laedt-zum-forum-oe\\\/#breadcrumb\"},\"inLanguage\":\"en-US\",\"potentialAction\":[{\"@type\":\"ReadAction\",\"target\":[\"https:\\\/\\\/www.organisator.ch\\\/management\\\/2019-09-27\\\/unternehmerische-zukunftsfaehigkeit-oebu-laedt-zum-forum-oe\\\/\"]}]},{\"@type\":\"ImageObject\",\"inLanguage\":\"en-US\",\"@id\":\"https:\\\/\\\/www.organisator.ch\\\/management\\\/2019-09-27\\\/unternehmerische-zukunftsfaehigkeit-oebu-laedt-zum-forum-oe\\\/#primaryimage\",\"url\":\"https:\\\/\\\/www.organisator.ch\\\/wp-content\\\/uploads\\\/2019\\\/09\\\/Unternehmerische-Zukunftsfaehigkeit-oebu-laedt-zum-Forum-oe_Organisator.jpg\",\"contentUrl\":\"https:\\\/\\\/www.organisator.ch\\\/wp-content\\\/uploads\\\/2019\\\/09\\\/Unternehmerische-Zukunftsfaehigkeit-oebu-laedt-zum-Forum-oe_Organisator.jpg\",\"width\":680,\"height\":264,\"caption\":\"Unternehmerische Zukunftsf\u00e4higkeit: Der Mensch als Br\u00fcckenbauer. So lautet das Thema des diesj\u00e4hrigen Forum \u00f6 am 31. Oktober 2019 im GDI in R\u00fcschlikon.\"},{\"@type\":\"BreadcrumbList\",\"@id\":\"https:\\\/\\\/www.organisator.ch\\\/management\\\/2019-09-27\\\/unternehmerische-zukunftsfaehigkeit-oebu-laedt-zum-forum-oe\\\/#breadcrumb\",\"itemListElement\":[{\"@type\":\"ListItem\",\"position\":1,\"name\":\"Home\",\"item\":\"https:\\\/\\\/www.organisator.ch\\\/\"},{\"@type\":\"ListItem\",\"position\":2,\"name\":\"Unternehmerische Zukunftsf\u00e4higkeit: \u00f6bu l\u00e4dt zum Forum \u00f6\"}]},{\"@type\":\"WebSite\",\"@id\":\"https:\\\/\\\/www.organisator.ch\\\/#website\",\"url\":\"https:\\\/\\\/www.organisator.ch\\\/\",\"name\":\"Organisator\",\"description\":\"Kompetent. Praxisnah. Der ORGANISATOR bereitet in 10 Ausgaben pro Jahr die wesentlichen Themen f\u00fcr F\u00fchrungskr\u00e4fte von KMU auf.\",\"publisher\":{\"@id\":\"https:\\\/\\\/www.organisator.ch\\\/#organization\"},\"potentialAction\":[{\"@type\":\"SearchAction\",\"target\":{\"@type\":\"EntryPoint\",\"urlTemplate\":\"https:\\\/\\\/www.organisator.ch\\\/?s={search_term_string}\"},\"query-input\":{\"@type\":\"PropertyValueSpecification\",\"valueRequired\":true,\"valueName\":\"search_term_string\"}}],\"inLanguage\":\"en-US\"},{\"@type\":\"Organization\",\"@id\":\"https:\\\/\\\/www.organisator.ch\\\/#organization\",\"name\":\"Organisator\",\"url\":\"https:\\\/\\\/www.organisator.ch\\\/\",\"logo\":{\"@type\":\"ImageObject\",\"inLanguage\":\"en-US\",\"@id\":\"https:\\\/\\\/www.organisator.ch\\\/#\\\/schema\\\/logo\\\/image\\\/\",\"url\":\"https:\\\/\\\/www.organisator.ch\\\/wp-content\\\/uploads\\\/2022\\\/01\\\/Logo_Organisator_Website.png\",\"contentUrl\":\"https:\\\/\\\/www.organisator.ch\\\/wp-content\\\/uploads\\\/2022\\\/01\\\/Logo_Organisator_Website.png\",\"width\":800,\"height\":77,\"caption\":\"Organisator\"},\"image\":{\"@id\":\"https:\\\/\\\/www.organisator.ch\\\/#\\\/schema\\\/logo\\\/image\\\/\"},\"sameAs\":[\"https:\\\/\\\/www.facebook.com\\\/OrganisatorFachmagazin\",\"https:\\\/\\\/www.linkedin.com\\\/showcase\\\/organisator-das-magazin-fr-kmu\",\"https:\\\/\\\/www.xing.com\\\/news\\\/pages\\\/organisator-ch-695\",\"https:\\\/\\\/www.youtube.com\\\/channel\\\/UCGP2Sq0iWaZwT3BdIAQFYpw\"]},{\"@type\":\"Person\",\"@id\":\"https:\\\/\\\/www.organisator.ch\\\/#\\\/schema\\\/person\\\/6f650f90b2842cd4c0cc334b4e36f67e\",\"name\":\"thomas.berner\",\"image\":{\"@type\":\"ImageObject\",\"inLanguage\":\"en-US\",\"@id\":\"https:\\\/\\\/secure.gravatar.com\\\/avatar\\\/ac5001d2a36cb6c6cd3e50789007ffca834b477b74a2144564522e944eabff61?s=96&d=mm&r=g\",\"url\":\"https:\\\/\\\/secure.gravatar.com\\\/avatar\\\/ac5001d2a36cb6c6cd3e50789007ffca834b477b74a2144564522e944eabff61?s=96&d=mm&r=g\",\"contentUrl\":\"https:\\\/\\\/secure.gravatar.com\\\/avatar\\\/ac5001d2a36cb6c6cd3e50789007ffca834b477b74a2144564522e944eabff61?s=96&d=mm&r=g\",\"caption\":\"thomas.berner\"},\"url\":\"https:\\\/\\\/www.organisator.ch\\\/en\\\/author\\\/thomas-berner\\\/\"}]}<\/script>\n<!-- \/ Yoast SEO plugin. -->","yoast_head_json":{"title":"Entrepreneurial sustainability: \u00f6bu invites to forum \u00f6 - Organizer","description":"\u00f6bu, the association for sustainable business in Switzerland, celebrates its 30th anniversary in 2019. Reason to take a look into the future.","robots":{"index":"index","follow":"follow","max-snippet":"max-snippet:-1","max-image-preview":"max-image-preview:large","max-video-preview":"max-video-preview:-1"},"canonical":"https:\/\/www.organisator.ch\/en\/management\/2019-09-27\/unternehmerische-zukunftsfaehigkeit-oebu-laedt-zum-forum-oe\/","og_locale":"en_US","og_type":"article","og_title":"Unternehmerische Zukunftsf\u00e4higkeit: \u00f6bu l\u00e4dt zum Forum \u00f6","og_description":"\u00f6bu, der Verband f\u00fcr nachhaltiges Wirtschaften in der Schweiz, feiert 2019 sein 30j\u00e4hriges Bestehen. Grund, um einen Blick in die Zukunft zu werfen.","og_url":"https:\/\/www.organisator.ch\/en\/management\/2019-09-27\/unternehmerische-zukunftsfaehigkeit-oebu-laedt-zum-forum-oe\/","og_site_name":"Organisator","article_publisher":"https:\/\/www.facebook.com\/OrganisatorFachmagazin","article_published_time":"2019-09-27T07:09:33+00:00","og_image":[{"width":680,"height":264,"url":"https:\/\/www.organisator.ch\/wp-content\/uploads\/2019\/09\/Unternehmerische-Zukunftsfaehigkeit-oebu-laedt-zum-Forum-oe_Organisator.jpg","type":"image\/jpeg"}],"author":"thomas.berner","twitter_card":"summary_large_image","twitter_title":"Unternehmerische #Zukunftsf\u00e4higkeit: #\u00f6bu l\u00e4dt zum Forum \u00f6","twitter_description":"#\u00f6bu, der Verband f\u00fcr nachhaltiges Wirtschaften in der Schweiz, feiert 2019 sein 30j\u00e4hriges Bestehen. Grund, um einen Blick in die Zukunft zu werfen.","twitter_image":"https:\/\/www.organisator.ch\/wp-content\/uploads\/2019\/09\/Unternehmerische-Zukunftsfaehigkeit-oebu-laedt-zum-Forum-oe_Organisator.jpg","schema":{"@context":"https:\/\/schema.org","@graph":[{"@type":"Article","@id":"https:\/\/www.organisator.ch\/management\/2019-09-27\/unternehmerische-zukunftsfaehigkeit-oebu-laedt-zum-forum-oe\/#article","isPartOf":{"@id":"https:\/\/www.organisator.ch\/management\/2019-09-27\/unternehmerische-zukunftsfaehigkeit-oebu-laedt-zum-forum-oe\/"},"author":{"name":"thomas.berner","@id":"https:\/\/www.organisator.ch\/#\/schema\/person\/6f650f90b2842cd4c0cc334b4e36f67e"},"headline":"Unternehmerische Zukunftsf\u00e4higkeit: \u00f6bu l\u00e4dt zum Forum \u00f6","datePublished":"2019-09-27T07:09:33+00:00","mainEntityOfPage":{"@id":"https:\/\/www.organisator.ch\/management\/2019-09-27\/unternehmerische-zukunftsfaehigkeit-oebu-laedt-zum-forum-oe\/"},"wordCount":236,"publisher":{"@id":"https:\/\/www.organisator.ch\/#organization"},"image":{"@id":"https:\/\/www.organisator.ch\/management\/2019-09-27\/unternehmerische-zukunftsfaehigkeit-oebu-laedt-zum-forum-oe\/#primaryimage"},"thumbnailUrl":"https:\/\/www.organisator.ch\/wp-content\/uploads\/2019\/09\/Unternehmerische-Zukunftsfaehigkeit-oebu-laedt-zum-Forum-oe_Organisator.jpg","keywords":["Fachkongress\/Fachmesse","Management und Unternehmensf\u00fchrung","Nachhaltige Wirtschaft","Verb\u00e4nde"],"articleSection":["MANAGEMENT"],"inLanguage":"en-US"},{"@type":"WebPage","@id":"https:\/\/www.organisator.ch\/management\/2019-09-27\/unternehmerische-zukunftsfaehigkeit-oebu-laedt-zum-forum-oe\/","url":"https:\/\/www.organisator.ch\/management\/2019-09-27\/unternehmerische-zukunftsfaehigkeit-oebu-laedt-zum-forum-oe\/","name":"Entrepreneurial sustainability: \u00f6bu invites to forum \u00f6 - Organizer","isPartOf":{"@id":"https:\/\/www.organisator.ch\/#website"},"primaryImageOfPage":{"@id":"https:\/\/www.organisator.ch\/management\/2019-09-27\/unternehmerische-zukunftsfaehigkeit-oebu-laedt-zum-forum-oe\/#primaryimage"},"image":{"@id":"https:\/\/www.organisator.ch\/management\/2019-09-27\/unternehmerische-zukunftsfaehigkeit-oebu-laedt-zum-forum-oe\/#primaryimage"},"thumbnailUrl":"https:\/\/www.organisator.ch\/wp-content\/uploads\/2019\/09\/Unternehmerische-Zukunftsfaehigkeit-oebu-laedt-zum-Forum-oe_Organisator.jpg","datePublished":"2019-09-27T07:09:33+00:00","description":"\u00f6bu, the association for sustainable business in Switzerland, celebrates its 30th anniversary in 2019. Reason to take a look into the future.","breadcrumb":{"@id":"https:\/\/www.organisator.ch\/management\/2019-09-27\/unternehmerische-zukunftsfaehigkeit-oebu-laedt-zum-forum-oe\/#breadcrumb"},"inLanguage":"en-US","potentialAction":[{"@type":"ReadAction","target":["https:\/\/www.organisator.ch\/management\/2019-09-27\/unternehmerische-zukunftsfaehigkeit-oebu-laedt-zum-forum-oe\/"]}]},{"@type":"ImageObject","inLanguage":"en-US","@id":"https:\/\/www.organisator.ch\/management\/2019-09-27\/unternehmerische-zukunftsfaehigkeit-oebu-laedt-zum-forum-oe\/#primaryimage","url":"https:\/\/www.organisator.ch\/wp-content\/uploads\/2019\/09\/Unternehmerische-Zukunftsfaehigkeit-oebu-laedt-zum-Forum-oe_Organisator.jpg","contentUrl":"https:\/\/www.organisator.ch\/wp-content\/uploads\/2019\/09\/Unternehmerische-Zukunftsfaehigkeit-oebu-laedt-zum-Forum-oe_Organisator.jpg","width":680,"height":264,"caption":"Unternehmerische Zukunftsf\u00e4higkeit: Der Mensch als Br\u00fcckenbauer. So lautet das Thema des diesj\u00e4hrigen Forum \u00f6 am 31. Oktober 2019 im GDI in R\u00fcschlikon."},{"@type":"BreadcrumbList","@id":"https:\/\/www.organisator.ch\/management\/2019-09-27\/unternehmerische-zukunftsfaehigkeit-oebu-laedt-zum-forum-oe\/#breadcrumb","itemListElement":[{"@type":"ListItem","position":1,"name":"Home","item":"https:\/\/www.organisator.ch\/"},{"@type":"ListItem","position":2,"name":"Unternehmerische Zukunftsf\u00e4higkeit: \u00f6bu l\u00e4dt zum Forum \u00f6"}]},{"@type":"WebSite","@id":"https:\/\/www.organisator.ch\/#website","url":"https:\/\/www.organisator.ch\/","name":"Organizer","description":"Competent. Practical. In 10 issues per year, ORGANISATOR presents the essential topics for managers of SMEs.","publisher":{"@id":"https:\/\/www.organisator.ch\/#organization"},"potentialAction":[{"@type":"SearchAction","target":{"@type":"EntryPoint","urlTemplate":"https:\/\/www.organisator.ch\/?s={search_term_string}"},"query-input":{"@type":"PropertyValueSpecification","valueRequired":true,"valueName":"search_term_string"}}],"inLanguage":"en-US"},{"@type":"Organization","@id":"https:\/\/www.organisator.ch\/#organization","name":"Organizer","url":"https:\/\/www.organisator.ch\/","logo":{"@type":"ImageObject","inLanguage":"en-US","@id":"https:\/\/www.organisator.ch\/#\/schema\/logo\/image\/","url":"https:\/\/www.organisator.ch\/wp-content\/uploads\/2022\/01\/Logo_Organisator_Website.png","contentUrl":"https:\/\/www.organisator.ch\/wp-content\/uploads\/2022\/01\/Logo_Organisator_Website.png","width":800,"height":77,"caption":"Organisator"},"image":{"@id":"https:\/\/www.organisator.ch\/#\/schema\/logo\/image\/"},"sameAs":["https:\/\/www.facebook.com\/OrganisatorFachmagazin","https:\/\/www.linkedin.com\/showcase\/organisator-das-magazin-fr-kmu","https:\/\/www.xing.com\/news\/pages\/organisator-ch-695","https:\/\/www.youtube.com\/channel\/UCGP2Sq0iWaZwT3BdIAQFYpw"]},{"@type":"Person","@id":"https:\/\/www.organisator.ch\/#\/schema\/person\/6f650f90b2842cd4c0cc334b4e36f67e","name":"thomas.berner","image":{"@type":"ImageObject","inLanguage":"en-US","@id":"https:\/\/secure.gravatar.com\/avatar\/ac5001d2a36cb6c6cd3e50789007ffca834b477b74a2144564522e944eabff61?s=96&d=mm&r=g","url":"https:\/\/secure.gravatar.com\/avatar\/ac5001d2a36cb6c6cd3e50789007ffca834b477b74a2144564522e944eabff61?s=96&d=mm&r=g","contentUrl":"https:\/\/secure.gravatar.com\/avatar\/ac5001d2a36cb6c6cd3e50789007ffca834b477b74a2144564522e944eabff61?s=96&d=mm&r=g","caption":"thomas.berner"},"url":"https:\/\/www.organisator.ch\/en\/author\/thomas-berner\/"}]}},"_links":{"self":[{"href":"https:\/\/www.organisator.ch\/en\/wp-json\/wp\/v2\/posts\/5853","targetHints":{"allow":["GET"]}}],"collection":[{"href":"https:\/\/www.organisator.ch\/en\/wp-json\/wp\/v2\/posts"}],"about":[{"href":"https:\/\/www.organisator.ch\/en\/wp-json\/wp\/v2\/types\/post"}],"author":[{"embeddable":true,"href":"https:\/\/www.organisator.ch\/en\/wp-json\/wp\/v2\/users\/4"}],"replies":[{"embeddable":true,"href":"https:\/\/www.organisator.ch\/en\/wp-json\/wp\/v2\/comments?post=5853"}],"version-history":[{"count":0,"href":"https:\/\/www.organisator.ch\/en\/wp-json\/wp\/v2\/posts\/5853\/revisions"}],"wp:featuredmedia":[{"embeddable":true,"href":"https:\/\/www.organisator.ch\/en\/wp-json\/wp\/v2\/media\/5854"}],"wp:attachment":[{"href":"https:\/\/www.organisator.ch\/en\/wp-json\/wp\/v2\/media?parent=5853"}],"wp:term":[{"taxonomy":"category","embeddable":true,"href":"https:\/\/www.organisator.ch\/en\/wp-json\/wp\/v2\/categories?post=5853"},{"taxonomy":"post_tag","embeddable":true,"href":"https:\/\/www.organisator.ch\/en\/wp-json\/wp\/v2\/tags?post=5853"}],"curies":[{"name":"wp","href":"https:\/\/api.w.org\/{rel}","templated":true}]}}