{"id":5863,"date":"2019-10-02T08:35:25","date_gmt":"2019-10-02T06:35:25","guid":{"rendered":"https:\/\/www.organisator.ch\/?p=5863"},"modified":"2019-10-02T08:35:25","modified_gmt":"2019-10-02T06:35:25","slug":"schweizer-innovationskraft-besser-nutzen-business-innovation-week-laeuft","status":"publish","type":"post","link":"https:\/\/www.organisator.ch\/en\/management\/2019-10-02\/schweizer-innovationskraft-besser-nutzen-business-innovation-week-laeuft\/","title":{"rendered":"Making better use of Swiss innovative strength - Business Innovation Week comes to an end"},"content":{"rendered":"<figure id=\"attachment_5864\" aria-describedby=\"caption-attachment-5864\" style=\"width: 680px\" class=\"wp-caption alignnone\"><img loading=\"lazy\" decoding=\"async\" class=\"size-medium wp-image-5864\" src=\"https:\/\/www.organisator.ch\/wp-content\/uploads\/2019\/10\/Schweizer-Innovationskraft-besser-nutzen-Business-Innovation-Week-laeuft_Organisator.jpg\" alt=\"\" width=\"680\" height=\"360\" srcset=\"https:\/\/www.organisator.ch\/wp-content\/uploads\/2019\/10\/Schweizer-Innovationskraft-besser-nutzen-Business-Innovation-Week-laeuft_Organisator.jpg 680w, https:\/\/www.organisator.ch\/wp-content\/uploads\/2019\/10\/Schweizer-Innovationskraft-besser-nutzen-Business-Innovation-Week-laeuft_Organisator-16x8.jpg 16w, https:\/\/www.organisator.ch\/wp-content\/uploads\/2019\/10\/Schweizer-Innovationskraft-besser-nutzen-Business-Innovation-Week-laeuft_Organisator-331x175.jpg 331w, https:\/\/www.organisator.ch\/wp-content\/uploads\/2019\/10\/Schweizer-Innovationskraft-besser-nutzen-Business-Innovation-Week-laeuft_Organisator-661x350.jpg 661w, https:\/\/www.organisator.ch\/wp-content\/uploads\/2019\/10\/Schweizer-Innovationskraft-besser-nutzen-Business-Innovation-Week-laeuft_Organisator-300x159.jpg 300w\" sizes=\"auto, (max-width: 680px) 100vw, 680px\" \/><figcaption id=\"caption-attachment-5864\" class=\"wp-caption-text\">Swiss innovation and artificial intelligence: BIW founder Ewa Ming (3rd from left) and moderator Stephan Klapproth (4th from left) with speakers and talk guests from business, science and politics. (Photo: BIW)<\/figcaption><\/figure>\n<p>Today, October 4, 2019, marks the end of the first edition of Business Innovation Week. The goals were ambitious: It was to be a major event in festival style, transforming the vibrant workplace of Zurich Oerlikon into an \"inspiring, interactive forum for company-relevant innovations and business models\". The focus was on digitization, new work, trends and the latest technologies for the modern working world. Whether the expected 10,000 or so trade visitors were actually reached cannot yet be judged. However, initial comments from exhibitors and visitors sound cautiously positive: the quality was good, but the audience could have been a bit larger.<\/p>\n<h2>Future SwAIz<\/h2>\n<p>On the opening day, the main focus was on Swiss innovative strength: At the opening forum \"Zukunft SchwAIz,\" Dr. Peter Gr\u00fcnenfelder, Director of Avenir Suisse Business, made it clear that Switzerland should make better use of its economic potential. \"We must finally break the reform logjam,\" he called on those present. In his view, artificial intelligence does not threaten the labor market: \"Technology-related unemployment is a myth.\" New job profiles would compensate for that.<\/p>\n<h2>Swiss innovative strength vs. caution<\/h2>\n<p>SMEs in particular are called upon to attend. Tuesday, October 1, started as a theme day on innovation culture, co-working, leadership, HR and new work. All topics that companies should keep in focus if they want to remain competitive in the future. \"These topics affect every SME,\" said Lionel Schlessinger, owner and CEO of paint manufacturer Monopol AG. \"How do I deal with Generation Z? How to deal with new markets? The Swiss gets up early and wakes up very late,\" Schlessinger told the media. Futurist Gerd Leonhard urges companies to leave their comfort zone. \"Acceleration is increasing, and exponentially. However, people themselves are not exponential,\" he says, summing up the problem.<\/p>\n<h2>Diverse event format<\/h2>\n<p>The format of Business Innovation Week is a reflection of the complexity in which the business world must operate today. \"Our vision is to offer different perspectives on issues,\" says Ewa Ming, who launched and created the event. \"We want to bring different people together on different topics.\"<\/p>\n<p>Whether this format works remains to be seen. The first day of the conference certainly deserved a bit more of an audience. But it's not just about papers and presentations, the organizers and speakers agree. \"It has to be about experiencing and experiencing technology,\" said Gerd Leonhard. And that was certainly possible: for example, 25 humanoid robots made an appearance this week; this was the largest robot show in Europe to date. HERA, a new European robotics alliance, was also launched at the Business Innovation Week: the \"Human Empowering Robot Alliance\".<\/p>\n<p>In any case, one can be curious about the future of the event.<\/p>\n<p><a href=\"http:\/\/www.businessinnovation.ch\"><em>www.businessinnovation.ch<\/em><\/a><\/p>","protected":false},"excerpt":{"rendered":"<p>Heute, 4. Oktober 2019, endet die erste Ausgabe der Business Innovation Week. Die Ziele waren ambitioniert: Ein Grossanlass im Festival-Style sollte es werden und den pulsierenden Werkplatz Z\u00fcrich Oerlikon in ein &#8222;inspirierendes, interaktives Forum f\u00fcr unternehmsrelevante Innovationen und Gesch\u00e4ftsmodelle&#8220; verwandeln. Im Fokus standen die Themen Digitalisierung, New Work, Trends und neueste Technologien f\u00fcr die moderne [&hellip;]<\/p>\n","protected":false},"author":4,"featured_media":5864,"comment_status":"closed","ping_status":"closed","sticky":false,"template":"","format":"standard","meta":{"_acf_changed":false,"_yoast_wpseo_focuskw":"Schweizer Innovationskraft","_yoast_wpseo_metadesc":"Schweizer Innovationskraft im Fokus: An der Business Innovation Week befassten sich \u00fcber 100 Speakerinnen und Speaker sowie Aussteller mit Zukunftsthemen.","articlekey":"","footnotes":""},"categories":[28],"tags":[156,193,274,335],"class_list":["post-5863","post","type-post","status-publish","format-standard","has-post-thumbnail","hentry","category-management","tag-digitalisierung","tag-fachkongressfachmesse","tag-innovation","tag-management-und-unternehmensfuehrung"],"acf":[],"yoast_head":"<!-- This site is optimized with the Yoast SEO plugin v27.4 - https:\/\/yoast.com\/product\/yoast-seo-wordpress\/ -->\n<title>Schweizer Innovationskraft besser nutzen - Business Innovation Week geht zu Ende - Organisator<\/title>\n<meta name=\"description\" content=\"Schweizer Innovationskraft im Fokus: An der Business Innovation Week befassten sich \u00fcber 100 Speakerinnen und Speaker sowie Aussteller mit Zukunftsthemen.\" \/>\n<meta name=\"robots\" content=\"index, follow, max-snippet:-1, max-image-preview:large, max-video-preview:-1\" \/>\n<link rel=\"canonical\" href=\"https:\/\/www.organisator.ch\/en\/management\/2019-10-02\/schweizer-innovationskraft-besser-nutzen-business-innovation-week-laeuft\/\" \/>\n<meta property=\"og:locale\" content=\"en_US\" \/>\n<meta property=\"og:type\" content=\"article\" \/>\n<meta property=\"og:title\" content=\"Schweizer Innovationskraft besser nutzen - Business Innovation Week l\u00e4uft\" \/>\n<meta property=\"og:description\" content=\"Noch bis Freitag, 4. Oktober 2019, werden \u00fcber 100 Speakerinnen und Speaker sowie Aussteller sich mit dem Thema Mensch-Maschine-Megatrends befassen.\" \/>\n<meta property=\"og:url\" content=\"https:\/\/www.organisator.ch\/en\/management\/2019-10-02\/schweizer-innovationskraft-besser-nutzen-business-innovation-week-laeuft\/\" \/>\n<meta property=\"og:site_name\" content=\"Organisator\" \/>\n<meta property=\"article:publisher\" content=\"https:\/\/www.facebook.com\/OrganisatorFachmagazin\" \/>\n<meta property=\"article:published_time\" content=\"2019-10-02T06:35:25+00:00\" \/>\n<meta property=\"og:image\" content=\"https:\/\/www.organisator.ch\/wp-content\/uploads\/2019\/10\/Schweizer-Innovationskraft-besser-nutzen-Business-Innovation-Week-laeuft_Organisator.jpg\" \/>\n\t<meta property=\"og:image:width\" content=\"680\" \/>\n\t<meta property=\"og:image:height\" content=\"360\" \/>\n\t<meta property=\"og:image:type\" content=\"image\/jpeg\" \/>\n<meta name=\"author\" content=\"thomas.berner\" \/>\n<meta name=\"twitter:card\" content=\"summary_large_image\" \/>\n<meta name=\"twitter:title\" content=\"Schweizer #Innovationskraft besser nutzen - Business Innovation Week l\u00e4uft\" \/>\n<meta name=\"twitter:description\" content=\"Noch bis Freitag, 4. Oktober 2019, werden \u00fcber 100 Speakerinnen und Speaker sowie Aussteller sich mit dem Thema #Mensch-Maschine-Megatrends befassen.\" \/>\n<meta name=\"twitter:image\" content=\"https:\/\/www.organisator.ch\/wp-content\/uploads\/2019\/10\/Schweizer-Innovationskraft-besser-nutzen-Business-Innovation-Week-laeuft_Organisator.jpg\" \/>\n<script type=\"application\/ld+json\" class=\"yoast-schema-graph\">{\"@context\":\"https:\\\/\\\/schema.org\",\"@graph\":[{\"@type\":\"Article\",\"@id\":\"https:\\\/\\\/www.organisator.ch\\\/management\\\/2019-10-02\\\/schweizer-innovationskraft-besser-nutzen-business-innovation-week-laeuft\\\/#article\",\"isPartOf\":{\"@id\":\"https:\\\/\\\/www.organisator.ch\\\/management\\\/2019-10-02\\\/schweizer-innovationskraft-besser-nutzen-business-innovation-week-laeuft\\\/\"},\"author\":{\"name\":\"thomas.berner\",\"@id\":\"https:\\\/\\\/www.organisator.ch\\\/#\\\/schema\\\/person\\\/6f650f90b2842cd4c0cc334b4e36f67e\"},\"headline\":\"Schweizer Innovationskraft besser nutzen &#8211; Business Innovation Week geht zu Ende\",\"datePublished\":\"2019-10-02T06:35:25+00:00\",\"mainEntityOfPage\":{\"@id\":\"https:\\\/\\\/www.organisator.ch\\\/management\\\/2019-10-02\\\/schweizer-innovationskraft-besser-nutzen-business-innovation-week-laeuft\\\/\"},\"wordCount\":496,\"publisher\":{\"@id\":\"https:\\\/\\\/www.organisator.ch\\\/#organization\"},\"image\":{\"@id\":\"https:\\\/\\\/www.organisator.ch\\\/management\\\/2019-10-02\\\/schweizer-innovationskraft-besser-nutzen-business-innovation-week-laeuft\\\/#primaryimage\"},\"thumbnailUrl\":\"https:\\\/\\\/www.organisator.ch\\\/wp-content\\\/uploads\\\/2019\\\/10\\\/Schweizer-Innovationskraft-besser-nutzen-Business-Innovation-Week-laeuft_Organisator.jpg\",\"keywords\":[\"Digitalisierung\",\"Fachkongress\\\/Fachmesse\",\"Innovation\",\"Management und Unternehmensf\u00fchrung\"],\"articleSection\":[\"MANAGEMENT\"],\"inLanguage\":\"en-US\"},{\"@type\":\"WebPage\",\"@id\":\"https:\\\/\\\/www.organisator.ch\\\/management\\\/2019-10-02\\\/schweizer-innovationskraft-besser-nutzen-business-innovation-week-laeuft\\\/\",\"url\":\"https:\\\/\\\/www.organisator.ch\\\/management\\\/2019-10-02\\\/schweizer-innovationskraft-besser-nutzen-business-innovation-week-laeuft\\\/\",\"name\":\"Schweizer Innovationskraft besser nutzen - Business Innovation Week geht zu Ende - Organisator\",\"isPartOf\":{\"@id\":\"https:\\\/\\\/www.organisator.ch\\\/#website\"},\"primaryImageOfPage\":{\"@id\":\"https:\\\/\\\/www.organisator.ch\\\/management\\\/2019-10-02\\\/schweizer-innovationskraft-besser-nutzen-business-innovation-week-laeuft\\\/#primaryimage\"},\"image\":{\"@id\":\"https:\\\/\\\/www.organisator.ch\\\/management\\\/2019-10-02\\\/schweizer-innovationskraft-besser-nutzen-business-innovation-week-laeuft\\\/#primaryimage\"},\"thumbnailUrl\":\"https:\\\/\\\/www.organisator.ch\\\/wp-content\\\/uploads\\\/2019\\\/10\\\/Schweizer-Innovationskraft-besser-nutzen-Business-Innovation-Week-laeuft_Organisator.jpg\",\"datePublished\":\"2019-10-02T06:35:25+00:00\",\"description\":\"Schweizer Innovationskraft im Fokus: An der Business Innovation Week befassten sich \u00fcber 100 Speakerinnen und Speaker sowie Aussteller mit Zukunftsthemen.\",\"breadcrumb\":{\"@id\":\"https:\\\/\\\/www.organisator.ch\\\/management\\\/2019-10-02\\\/schweizer-innovationskraft-besser-nutzen-business-innovation-week-laeuft\\\/#breadcrumb\"},\"inLanguage\":\"en-US\",\"potentialAction\":[{\"@type\":\"ReadAction\",\"target\":[\"https:\\\/\\\/www.organisator.ch\\\/management\\\/2019-10-02\\\/schweizer-innovationskraft-besser-nutzen-business-innovation-week-laeuft\\\/\"]}]},{\"@type\":\"ImageObject\",\"inLanguage\":\"en-US\",\"@id\":\"https:\\\/\\\/www.organisator.ch\\\/management\\\/2019-10-02\\\/schweizer-innovationskraft-besser-nutzen-business-innovation-week-laeuft\\\/#primaryimage\",\"url\":\"https:\\\/\\\/www.organisator.ch\\\/wp-content\\\/uploads\\\/2019\\\/10\\\/Schweizer-Innovationskraft-besser-nutzen-Business-Innovation-Week-laeuft_Organisator.jpg\",\"contentUrl\":\"https:\\\/\\\/www.organisator.ch\\\/wp-content\\\/uploads\\\/2019\\\/10\\\/Schweizer-Innovationskraft-besser-nutzen-Business-Innovation-Week-laeuft_Organisator.jpg\",\"width\":680,\"height\":360,\"caption\":\"Schweizer Innovationskraft und k\u00fcnstliche Intelligenz: BIW-Gr\u00fcnderin Ewa Ming (3.v.l.) und Moderator Stephan Klapproth (4.v.l.) mit Speakern und Talkg\u00e4sten aus Wirtschaft, Wissenschaft und Politik. (Foto: BIW)\"},{\"@type\":\"BreadcrumbList\",\"@id\":\"https:\\\/\\\/www.organisator.ch\\\/management\\\/2019-10-02\\\/schweizer-innovationskraft-besser-nutzen-business-innovation-week-laeuft\\\/#breadcrumb\",\"itemListElement\":[{\"@type\":\"ListItem\",\"position\":1,\"name\":\"Home\",\"item\":\"https:\\\/\\\/www.organisator.ch\\\/\"},{\"@type\":\"ListItem\",\"position\":2,\"name\":\"Schweizer Innovationskraft besser nutzen &#8211; Business Innovation Week geht zu Ende\"}]},{\"@type\":\"WebSite\",\"@id\":\"https:\\\/\\\/www.organisator.ch\\\/#website\",\"url\":\"https:\\\/\\\/www.organisator.ch\\\/\",\"name\":\"Organisator\",\"description\":\"Kompetent. Praxisnah. Der ORGANISATOR bereitet in 10 Ausgaben pro Jahr die wesentlichen Themen f\u00fcr F\u00fchrungskr\u00e4fte von KMU auf.\",\"publisher\":{\"@id\":\"https:\\\/\\\/www.organisator.ch\\\/#organization\"},\"potentialAction\":[{\"@type\":\"SearchAction\",\"target\":{\"@type\":\"EntryPoint\",\"urlTemplate\":\"https:\\\/\\\/www.organisator.ch\\\/?s={search_term_string}\"},\"query-input\":{\"@type\":\"PropertyValueSpecification\",\"valueRequired\":true,\"valueName\":\"search_term_string\"}}],\"inLanguage\":\"en-US\"},{\"@type\":\"Organization\",\"@id\":\"https:\\\/\\\/www.organisator.ch\\\/#organization\",\"name\":\"Organisator\",\"url\":\"https:\\\/\\\/www.organisator.ch\\\/\",\"logo\":{\"@type\":\"ImageObject\",\"inLanguage\":\"en-US\",\"@id\":\"https:\\\/\\\/www.organisator.ch\\\/#\\\/schema\\\/logo\\\/image\\\/\",\"url\":\"https:\\\/\\\/www.organisator.ch\\\/wp-content\\\/uploads\\\/2022\\\/01\\\/Logo_Organisator_Website.png\",\"contentUrl\":\"https:\\\/\\\/www.organisator.ch\\\/wp-content\\\/uploads\\\/2022\\\/01\\\/Logo_Organisator_Website.png\",\"width\":800,\"height\":77,\"caption\":\"Organisator\"},\"image\":{\"@id\":\"https:\\\/\\\/www.organisator.ch\\\/#\\\/schema\\\/logo\\\/image\\\/\"},\"sameAs\":[\"https:\\\/\\\/www.facebook.com\\\/OrganisatorFachmagazin\",\"https:\\\/\\\/www.linkedin.com\\\/showcase\\\/organisator-das-magazin-fr-kmu\",\"https:\\\/\\\/www.xing.com\\\/news\\\/pages\\\/organisator-ch-695\",\"https:\\\/\\\/www.youtube.com\\\/channel\\\/UCGP2Sq0iWaZwT3BdIAQFYpw\"]},{\"@type\":\"Person\",\"@id\":\"https:\\\/\\\/www.organisator.ch\\\/#\\\/schema\\\/person\\\/6f650f90b2842cd4c0cc334b4e36f67e\",\"name\":\"thomas.berner\",\"image\":{\"@type\":\"ImageObject\",\"inLanguage\":\"en-US\",\"@id\":\"https:\\\/\\\/secure.gravatar.com\\\/avatar\\\/ac5001d2a36cb6c6cd3e50789007ffca834b477b74a2144564522e944eabff61?s=96&d=mm&r=g\",\"url\":\"https:\\\/\\\/secure.gravatar.com\\\/avatar\\\/ac5001d2a36cb6c6cd3e50789007ffca834b477b74a2144564522e944eabff61?s=96&d=mm&r=g\",\"contentUrl\":\"https:\\\/\\\/secure.gravatar.com\\\/avatar\\\/ac5001d2a36cb6c6cd3e50789007ffca834b477b74a2144564522e944eabff61?s=96&d=mm&r=g\",\"caption\":\"thomas.berner\"},\"url\":\"https:\\\/\\\/www.organisator.ch\\\/en\\\/author\\\/thomas-berner\\\/\"}]}<\/script>\n<!-- \/ Yoast SEO plugin. -->","yoast_head_json":{"title":"Making better use of Swiss innovative power - Business Innovation Week comes to an end - Organizer","description":"Swiss innovative strength in focus: At the Business Innovation Week, more than 100 speakers and exhibitors dealt with topics of the future.","robots":{"index":"index","follow":"follow","max-snippet":"max-snippet:-1","max-image-preview":"max-image-preview:large","max-video-preview":"max-video-preview:-1"},"canonical":"https:\/\/www.organisator.ch\/en\/management\/2019-10-02\/schweizer-innovationskraft-besser-nutzen-business-innovation-week-laeuft\/","og_locale":"en_US","og_type":"article","og_title":"Schweizer Innovationskraft besser nutzen - Business Innovation Week l\u00e4uft","og_description":"Noch bis Freitag, 4. Oktober 2019, werden \u00fcber 100 Speakerinnen und Speaker sowie Aussteller sich mit dem Thema Mensch-Maschine-Megatrends befassen.","og_url":"https:\/\/www.organisator.ch\/en\/management\/2019-10-02\/schweizer-innovationskraft-besser-nutzen-business-innovation-week-laeuft\/","og_site_name":"Organisator","article_publisher":"https:\/\/www.facebook.com\/OrganisatorFachmagazin","article_published_time":"2019-10-02T06:35:25+00:00","og_image":[{"width":680,"height":360,"url":"https:\/\/www.organisator.ch\/wp-content\/uploads\/2019\/10\/Schweizer-Innovationskraft-besser-nutzen-Business-Innovation-Week-laeuft_Organisator.jpg","type":"image\/jpeg"}],"author":"thomas.berner","twitter_card":"summary_large_image","twitter_title":"Schweizer #Innovationskraft besser nutzen - Business Innovation Week l\u00e4uft","twitter_description":"Noch bis Freitag, 4. Oktober 2019, werden \u00fcber 100 Speakerinnen und Speaker sowie Aussteller sich mit dem Thema #Mensch-Maschine-Megatrends befassen.","twitter_image":"https:\/\/www.organisator.ch\/wp-content\/uploads\/2019\/10\/Schweizer-Innovationskraft-besser-nutzen-Business-Innovation-Week-laeuft_Organisator.jpg","schema":{"@context":"https:\/\/schema.org","@graph":[{"@type":"Article","@id":"https:\/\/www.organisator.ch\/management\/2019-10-02\/schweizer-innovationskraft-besser-nutzen-business-innovation-week-laeuft\/#article","isPartOf":{"@id":"https:\/\/www.organisator.ch\/management\/2019-10-02\/schweizer-innovationskraft-besser-nutzen-business-innovation-week-laeuft\/"},"author":{"name":"thomas.berner","@id":"https:\/\/www.organisator.ch\/#\/schema\/person\/6f650f90b2842cd4c0cc334b4e36f67e"},"headline":"Schweizer Innovationskraft besser nutzen &#8211; Business Innovation Week geht zu Ende","datePublished":"2019-10-02T06:35:25+00:00","mainEntityOfPage":{"@id":"https:\/\/www.organisator.ch\/management\/2019-10-02\/schweizer-innovationskraft-besser-nutzen-business-innovation-week-laeuft\/"},"wordCount":496,"publisher":{"@id":"https:\/\/www.organisator.ch\/#organization"},"image":{"@id":"https:\/\/www.organisator.ch\/management\/2019-10-02\/schweizer-innovationskraft-besser-nutzen-business-innovation-week-laeuft\/#primaryimage"},"thumbnailUrl":"https:\/\/www.organisator.ch\/wp-content\/uploads\/2019\/10\/Schweizer-Innovationskraft-besser-nutzen-Business-Innovation-Week-laeuft_Organisator.jpg","keywords":["Digitalisierung","Fachkongress\/Fachmesse","Innovation","Management und Unternehmensf\u00fchrung"],"articleSection":["MANAGEMENT"],"inLanguage":"en-US"},{"@type":"WebPage","@id":"https:\/\/www.organisator.ch\/management\/2019-10-02\/schweizer-innovationskraft-besser-nutzen-business-innovation-week-laeuft\/","url":"https:\/\/www.organisator.ch\/management\/2019-10-02\/schweizer-innovationskraft-besser-nutzen-business-innovation-week-laeuft\/","name":"Making better use of Swiss innovative power - Business Innovation Week comes to an end - Organizer","isPartOf":{"@id":"https:\/\/www.organisator.ch\/#website"},"primaryImageOfPage":{"@id":"https:\/\/www.organisator.ch\/management\/2019-10-02\/schweizer-innovationskraft-besser-nutzen-business-innovation-week-laeuft\/#primaryimage"},"image":{"@id":"https:\/\/www.organisator.ch\/management\/2019-10-02\/schweizer-innovationskraft-besser-nutzen-business-innovation-week-laeuft\/#primaryimage"},"thumbnailUrl":"https:\/\/www.organisator.ch\/wp-content\/uploads\/2019\/10\/Schweizer-Innovationskraft-besser-nutzen-Business-Innovation-Week-laeuft_Organisator.jpg","datePublished":"2019-10-02T06:35:25+00:00","description":"Swiss innovative strength in focus: At the Business Innovation Week, more than 100 speakers and exhibitors dealt with topics of the future.","breadcrumb":{"@id":"https:\/\/www.organisator.ch\/management\/2019-10-02\/schweizer-innovationskraft-besser-nutzen-business-innovation-week-laeuft\/#breadcrumb"},"inLanguage":"en-US","potentialAction":[{"@type":"ReadAction","target":["https:\/\/www.organisator.ch\/management\/2019-10-02\/schweizer-innovationskraft-besser-nutzen-business-innovation-week-laeuft\/"]}]},{"@type":"ImageObject","inLanguage":"en-US","@id":"https:\/\/www.organisator.ch\/management\/2019-10-02\/schweizer-innovationskraft-besser-nutzen-business-innovation-week-laeuft\/#primaryimage","url":"https:\/\/www.organisator.ch\/wp-content\/uploads\/2019\/10\/Schweizer-Innovationskraft-besser-nutzen-Business-Innovation-Week-laeuft_Organisator.jpg","contentUrl":"https:\/\/www.organisator.ch\/wp-content\/uploads\/2019\/10\/Schweizer-Innovationskraft-besser-nutzen-Business-Innovation-Week-laeuft_Organisator.jpg","width":680,"height":360,"caption":"Schweizer Innovationskraft und k\u00fcnstliche Intelligenz: BIW-Gr\u00fcnderin Ewa Ming (3.v.l.) und Moderator Stephan Klapproth (4.v.l.) mit Speakern und Talkg\u00e4sten aus Wirtschaft, Wissenschaft und Politik. (Foto: BIW)"},{"@type":"BreadcrumbList","@id":"https:\/\/www.organisator.ch\/management\/2019-10-02\/schweizer-innovationskraft-besser-nutzen-business-innovation-week-laeuft\/#breadcrumb","itemListElement":[{"@type":"ListItem","position":1,"name":"Home","item":"https:\/\/www.organisator.ch\/"},{"@type":"ListItem","position":2,"name":"Schweizer Innovationskraft besser nutzen &#8211; Business Innovation Week geht zu Ende"}]},{"@type":"WebSite","@id":"https:\/\/www.organisator.ch\/#website","url":"https:\/\/www.organisator.ch\/","name":"Organizer","description":"Competent. Practical. In 10 issues per year, ORGANISATOR presents the essential topics for managers of SMEs.","publisher":{"@id":"https:\/\/www.organisator.ch\/#organization"},"potentialAction":[{"@type":"SearchAction","target":{"@type":"EntryPoint","urlTemplate":"https:\/\/www.organisator.ch\/?s={search_term_string}"},"query-input":{"@type":"PropertyValueSpecification","valueRequired":true,"valueName":"search_term_string"}}],"inLanguage":"en-US"},{"@type":"Organization","@id":"https:\/\/www.organisator.ch\/#organization","name":"Organizer","url":"https:\/\/www.organisator.ch\/","logo":{"@type":"ImageObject","inLanguage":"en-US","@id":"https:\/\/www.organisator.ch\/#\/schema\/logo\/image\/","url":"https:\/\/www.organisator.ch\/wp-content\/uploads\/2022\/01\/Logo_Organisator_Website.png","contentUrl":"https:\/\/www.organisator.ch\/wp-content\/uploads\/2022\/01\/Logo_Organisator_Website.png","width":800,"height":77,"caption":"Organisator"},"image":{"@id":"https:\/\/www.organisator.ch\/#\/schema\/logo\/image\/"},"sameAs":["https:\/\/www.facebook.com\/OrganisatorFachmagazin","https:\/\/www.linkedin.com\/showcase\/organisator-das-magazin-fr-kmu","https:\/\/www.xing.com\/news\/pages\/organisator-ch-695","https:\/\/www.youtube.com\/channel\/UCGP2Sq0iWaZwT3BdIAQFYpw"]},{"@type":"Person","@id":"https:\/\/www.organisator.ch\/#\/schema\/person\/6f650f90b2842cd4c0cc334b4e36f67e","name":"thomas.berner","image":{"@type":"ImageObject","inLanguage":"en-US","@id":"https:\/\/secure.gravatar.com\/avatar\/ac5001d2a36cb6c6cd3e50789007ffca834b477b74a2144564522e944eabff61?s=96&d=mm&r=g","url":"https:\/\/secure.gravatar.com\/avatar\/ac5001d2a36cb6c6cd3e50789007ffca834b477b74a2144564522e944eabff61?s=96&d=mm&r=g","contentUrl":"https:\/\/secure.gravatar.com\/avatar\/ac5001d2a36cb6c6cd3e50789007ffca834b477b74a2144564522e944eabff61?s=96&d=mm&r=g","caption":"thomas.berner"},"url":"https:\/\/www.organisator.ch\/en\/author\/thomas-berner\/"}]}},"_links":{"self":[{"href":"https:\/\/www.organisator.ch\/en\/wp-json\/wp\/v2\/posts\/5863","targetHints":{"allow":["GET"]}}],"collection":[{"href":"https:\/\/www.organisator.ch\/en\/wp-json\/wp\/v2\/posts"}],"about":[{"href":"https:\/\/www.organisator.ch\/en\/wp-json\/wp\/v2\/types\/post"}],"author":[{"embeddable":true,"href":"https:\/\/www.organisator.ch\/en\/wp-json\/wp\/v2\/users\/4"}],"replies":[{"embeddable":true,"href":"https:\/\/www.organisator.ch\/en\/wp-json\/wp\/v2\/comments?post=5863"}],"version-history":[{"count":0,"href":"https:\/\/www.organisator.ch\/en\/wp-json\/wp\/v2\/posts\/5863\/revisions"}],"wp:featuredmedia":[{"embeddable":true,"href":"https:\/\/www.organisator.ch\/en\/wp-json\/wp\/v2\/media\/5864"}],"wp:attachment":[{"href":"https:\/\/www.organisator.ch\/en\/wp-json\/wp\/v2\/media?parent=5863"}],"wp:term":[{"taxonomy":"category","embeddable":true,"href":"https:\/\/www.organisator.ch\/en\/wp-json\/wp\/v2\/categories?post=5863"},{"taxonomy":"post_tag","embeddable":true,"href":"https:\/\/www.organisator.ch\/en\/wp-json\/wp\/v2\/tags?post=5863"}],"curies":[{"name":"wp","href":"https:\/\/api.w.org\/{rel}","templated":true}]}}