{"id":5882,"date":"2019-10-08T08:05:26","date_gmt":"2019-10-08T06:05:26","guid":{"rendered":"https:\/\/www.organisator.ch\/?p=5882"},"modified":"2019-10-08T08:05:26","modified_gmt":"2019-10-08T06:05:26","slug":"europa-forum-luzern-mit-motto-aufbruch-statt-abbruch","status":"publish","type":"post","link":"https:\/\/www.organisator.ch\/en\/management\/2019-10-08\/europa-forum-luzern-mit-motto-aufbruch-statt-abbruch\/","title":{"rendered":"Europe Forum Lucerne with the motto \"Departure instead of demolition"},"content":{"rendered":"<figure id=\"attachment_5883\" aria-describedby=\"caption-attachment-5883\" style=\"width: 680px\" class=\"wp-caption alignnone\"><img loading=\"lazy\" decoding=\"async\" class=\"size-medium wp-image-5883\" src=\"https:\/\/www.organisator.ch\/wp-content\/uploads\/2019\/10\/Europa-Forum-Luzern-mit-Motto-Aufbruch-statt-Abbruch_Organisator.jpg\" alt=\"\" width=\"680\" height=\"510\" srcset=\"https:\/\/www.organisator.ch\/wp-content\/uploads\/2019\/10\/Europa-Forum-Luzern-mit-Motto-Aufbruch-statt-Abbruch_Organisator.jpg 680w, https:\/\/www.organisator.ch\/wp-content\/uploads\/2019\/10\/Europa-Forum-Luzern-mit-Motto-Aufbruch-statt-Abbruch_Organisator-16x12.jpg 16w, https:\/\/www.organisator.ch\/wp-content\/uploads\/2019\/10\/Europa-Forum-Luzern-mit-Motto-Aufbruch-statt-Abbruch_Organisator-233x175.jpg 233w, https:\/\/www.organisator.ch\/wp-content\/uploads\/2019\/10\/Europa-Forum-Luzern-mit-Motto-Aufbruch-statt-Abbruch_Organisator-467x350.jpg 467w, https:\/\/www.organisator.ch\/wp-content\/uploads\/2019\/10\/Europa-Forum-Luzern-mit-Motto-Aufbruch-statt-Abbruch_Organisator-300x225.jpg 300w\" sizes=\"auto, (max-width: 680px) 100vw, 680px\" \/><figcaption id=\"caption-attachment-5883\" class=\"wp-caption-text\">As a fixed star, the newly established Europa Forum Luzern wants to make a significant contribution to a strong Switzerland and a strong Europe. (Image: KKL Lucerne)<\/figcaption><\/figure>\n<p>Against the background that Switzerland is currently at a crossroads in regulating its relationship with Europe, this year's congress theme is almost programmatically \"Departure instead of demolition.\" The question arises: more proximity or more demarcation between Switzerland and Europe? The focus is also on thoughts about the further development of Switzerland and Europe in general: How can Europe find a way out of this narrowness - and what could be possible recipes for a new beginning? What are the priorities that decision-makers in business, politics and science must set, and what can each individual do? The Europa Forum wants to provide orientation in this discussion, promote dialog and provide new inspiration and impetus.<\/p>\n<h2>Europa Forum Luzern: A \"fixed star\" for 20 years<\/h2>\n<p>The Europa Forum in Lucerne offers - for 20 years - orientation in times of confusion. This year's event will take place on December 3 and 4, 2019 at the KKL Lucerne and is a must for all those people who are convinced of the importance of the topic. But the event should also be a fixed point for those who want to network and exchange ideas with high-profile personalities - also beyond the topic of Europe. As Sigmar Gabriel, former German Foreign Minister, puts it in a nutshell: \"Europe needs a new departure. Because the global tasks ahead are so big that any one country alone is simply too small to solve them.\" The top speakers at this year's event promise much. Among them are: Ignazio Cassis, Federal Councillor; Doris Leuthard, former Federal Councillor\/Federal President; Sigmar Gabriel, former German Foreign Minister; Jan Peter Balkenende, former Dutch Prime Minister; Flavia Kleiner, Co-President Operation Libero; George Osborne, former Chancellor of the Exchequer of the British Government; Aude Pugin, CEO APCO Technologies; Peter Spuhler, Chairman of the Board Stadler Rail; Carsten Spohr, Chairman of the Executive Board Lufthansa, and many more.<\/p>\n<h2>Prominently staffed steering committee<\/h2>\n<p>The Europa Forum Luzern is also presenting itself in the KKL with a new face and wants to have an even broader presence in the future. With a new strategy, well-known personalities in the Steering Committee and Executive Committee as well as exclusive partners, the countdown for the first annual event under the new flag has started promisingly. In addition to the annual event, the Europa Forum is pursuing long-term issues along six so-called funding initiatives on specific topics such as education &amp; research, Generation Future, SMEs\/entrepreneurship. These are intended to deepen and cultivate the discourse beyond the actual congress throughout the year. The 13-member Steering Committee is chaired by former Federal Councillor Doris Leuthard and former German Foreign Minister Sigmar Gabriel. The Executive Committee, with 17 members, is headed by Marcel Stalder, Chairman (CEO ChainIQ), and Philipp Gm\u00fcr, Vice Chairman (CEO Helvetia Group). Director Christof Wicki and his team have been running the office for 20 years.<\/p>\n<p><a href=\"http:\/\/www.europaforum.ch\"><em>www.europaforum.ch<\/em><\/a><\/p>","protected":false},"excerpt":{"rendered":"<p>Vor dem Hintergrund, dass die Schweiz derzeit in der Regelung ihrer Beziehung zu Europa an einem Scheideweg steht, lautet das diesj\u00e4hrige Kongressthema fast schon programmatisch \u00abAufbruch statt Abbruch.\u00bb Es stellt sich die Frage: Mehr N\u00e4he oder mehr Abgrenzung zwischen der Schweiz und Europa? Auch Gedanken zur weiteren Entwicklung der Schweiz und Europa ganz generell stehen [&hellip;]<\/p>\n","protected":false},"author":4,"featured_media":5883,"comment_status":"closed","ping_status":"closed","sticky":false,"template":"","format":"standard","meta":{"_acf_changed":false,"_yoast_wpseo_focuskw":"Europa Forum Luzern","_yoast_wpseo_metadesc":"Top-Speaker wie Doris Leuthard, Sigmar Gabriel, Jan Peter Balkenende und Peter Spuhler diskutieren am 3.\/4. Dezember am Europa Forum Luzern.","articlekey":"","footnotes":""},"categories":[28],"tags":[193,502,508,531],"class_list":["post-5882","post","type-post","status-publish","format-standard","has-post-thumbnail","hentry","category-management","tag-fachkongressfachmesse","tag-veranstaltungen","tag-vermischtes","tag-wirtschaftspolitik"],"acf":[],"yoast_head":"<!-- This site is optimized with the Yoast SEO plugin v27.5 - https:\/\/yoast.com\/product\/yoast-seo-wordpress\/ -->\n<title>Europa Forum Luzern mit Motto \u00abAufbruch statt Abbruch\u00bb - Organisator<\/title>\n<meta name=\"description\" content=\"Top-Speaker wie Doris Leuthard, Sigmar Gabriel, Jan Peter Balkenende und Peter Spuhler diskutieren am 3.\/4. Dezember am Europa Forum Luzern.\" \/>\n<meta name=\"robots\" content=\"index, follow, max-snippet:-1, max-image-preview:large, max-video-preview:-1\" \/>\n<link rel=\"canonical\" href=\"https:\/\/www.organisator.ch\/en\/management\/2019-10-08\/europa-forum-luzern-mit-motto-aufbruch-statt-abbruch\/\" \/>\n<meta property=\"og:locale\" content=\"en_US\" \/>\n<meta property=\"og:type\" content=\"article\" \/>\n<meta property=\"og:title\" content=\"Europa Forum Luzern mit Motto \u00abAufbruch statt Abbruch\u00bb\" \/>\n<meta property=\"og:description\" content=\"Top-Speaker wie Doris Leuthard, Sigmar Gabriel, Jan Peter Balkenende und Peter Spuhler diskutieren am 3.\/4. Dezember am Europa Forum Luzern.\" \/>\n<meta property=\"og:url\" content=\"https:\/\/www.organisator.ch\/en\/management\/2019-10-08\/europa-forum-luzern-mit-motto-aufbruch-statt-abbruch\/\" \/>\n<meta property=\"og:site_name\" content=\"Organisator\" \/>\n<meta property=\"article:publisher\" content=\"https:\/\/www.facebook.com\/OrganisatorFachmagazin\" \/>\n<meta property=\"article:published_time\" content=\"2019-10-08T06:05:26+00:00\" \/>\n<meta property=\"og:image\" content=\"https:\/\/www.organisator.ch\/wp-content\/uploads\/2019\/10\/Europa-Forum-Luzern-mit-Motto-Aufbruch-statt-Abbruch_Organisator.jpg\" \/>\n\t<meta property=\"og:image:width\" content=\"680\" \/>\n\t<meta property=\"og:image:height\" content=\"510\" \/>\n\t<meta property=\"og:image:type\" content=\"image\/jpeg\" \/>\n<meta name=\"author\" content=\"thomas.berner\" \/>\n<meta name=\"twitter:card\" content=\"summary_large_image\" \/>\n<meta name=\"twitter:title\" content=\"#EuropaForumLuzern mit Motto \u00abAufbruch statt Abbruch\u00bb\" \/>\n<meta name=\"twitter:description\" content=\"#Top-Speaker wie Doris #Leuthard, Sigmar Gabriel, Jan Peter Balkenende und Peter #Spuhler diskutieren am 3.\/4. Dezember am Europa Forum Luzern.\" \/>\n<meta name=\"twitter:image\" content=\"https:\/\/www.organisator.ch\/wp-content\/uploads\/2019\/10\/Europa-Forum-Luzern-mit-Motto-Aufbruch-statt-Abbruch_Organisator.jpg\" \/>\n<script type=\"application\/ld+json\" class=\"yoast-schema-graph\">{\"@context\":\"https:\\\/\\\/schema.org\",\"@graph\":[{\"@type\":\"Article\",\"@id\":\"https:\\\/\\\/www.organisator.ch\\\/management\\\/2019-10-08\\\/europa-forum-luzern-mit-motto-aufbruch-statt-abbruch\\\/#article\",\"isPartOf\":{\"@id\":\"https:\\\/\\\/www.organisator.ch\\\/management\\\/2019-10-08\\\/europa-forum-luzern-mit-motto-aufbruch-statt-abbruch\\\/\"},\"author\":{\"name\":\"thomas.berner\",\"@id\":\"https:\\\/\\\/www.organisator.ch\\\/#\\\/schema\\\/person\\\/6f650f90b2842cd4c0cc334b4e36f67e\"},\"headline\":\"Europa Forum Luzern mit Motto \u00abAufbruch statt Abbruch\u00bb\",\"datePublished\":\"2019-10-08T06:05:26+00:00\",\"mainEntityOfPage\":{\"@id\":\"https:\\\/\\\/www.organisator.ch\\\/management\\\/2019-10-08\\\/europa-forum-luzern-mit-motto-aufbruch-statt-abbruch\\\/\"},\"wordCount\":497,\"publisher\":{\"@id\":\"https:\\\/\\\/www.organisator.ch\\\/#organization\"},\"image\":{\"@id\":\"https:\\\/\\\/www.organisator.ch\\\/management\\\/2019-10-08\\\/europa-forum-luzern-mit-motto-aufbruch-statt-abbruch\\\/#primaryimage\"},\"thumbnailUrl\":\"https:\\\/\\\/www.organisator.ch\\\/wp-content\\\/uploads\\\/2019\\\/10\\\/Europa-Forum-Luzern-mit-Motto-Aufbruch-statt-Abbruch_Organisator.jpg\",\"keywords\":[\"Fachkongress\\\/Fachmesse\",\"Veranstaltungen\",\"Vermischtes\",\"Wirtschaftspolitik\"],\"articleSection\":[\"MANAGEMENT\"],\"inLanguage\":\"en-US\"},{\"@type\":\"WebPage\",\"@id\":\"https:\\\/\\\/www.organisator.ch\\\/management\\\/2019-10-08\\\/europa-forum-luzern-mit-motto-aufbruch-statt-abbruch\\\/\",\"url\":\"https:\\\/\\\/www.organisator.ch\\\/management\\\/2019-10-08\\\/europa-forum-luzern-mit-motto-aufbruch-statt-abbruch\\\/\",\"name\":\"Europa Forum Luzern mit Motto \u00abAufbruch statt Abbruch\u00bb - Organisator\",\"isPartOf\":{\"@id\":\"https:\\\/\\\/www.organisator.ch\\\/#website\"},\"primaryImageOfPage\":{\"@id\":\"https:\\\/\\\/www.organisator.ch\\\/management\\\/2019-10-08\\\/europa-forum-luzern-mit-motto-aufbruch-statt-abbruch\\\/#primaryimage\"},\"image\":{\"@id\":\"https:\\\/\\\/www.organisator.ch\\\/management\\\/2019-10-08\\\/europa-forum-luzern-mit-motto-aufbruch-statt-abbruch\\\/#primaryimage\"},\"thumbnailUrl\":\"https:\\\/\\\/www.organisator.ch\\\/wp-content\\\/uploads\\\/2019\\\/10\\\/Europa-Forum-Luzern-mit-Motto-Aufbruch-statt-Abbruch_Organisator.jpg\",\"datePublished\":\"2019-10-08T06:05:26+00:00\",\"description\":\"Top-Speaker wie Doris Leuthard, Sigmar Gabriel, Jan Peter Balkenende und Peter Spuhler diskutieren am 3.\\\/4. Dezember am Europa Forum Luzern.\",\"breadcrumb\":{\"@id\":\"https:\\\/\\\/www.organisator.ch\\\/management\\\/2019-10-08\\\/europa-forum-luzern-mit-motto-aufbruch-statt-abbruch\\\/#breadcrumb\"},\"inLanguage\":\"en-US\",\"potentialAction\":[{\"@type\":\"ReadAction\",\"target\":[\"https:\\\/\\\/www.organisator.ch\\\/management\\\/2019-10-08\\\/europa-forum-luzern-mit-motto-aufbruch-statt-abbruch\\\/\"]}]},{\"@type\":\"ImageObject\",\"inLanguage\":\"en-US\",\"@id\":\"https:\\\/\\\/www.organisator.ch\\\/management\\\/2019-10-08\\\/europa-forum-luzern-mit-motto-aufbruch-statt-abbruch\\\/#primaryimage\",\"url\":\"https:\\\/\\\/www.organisator.ch\\\/wp-content\\\/uploads\\\/2019\\\/10\\\/Europa-Forum-Luzern-mit-Motto-Aufbruch-statt-Abbruch_Organisator.jpg\",\"contentUrl\":\"https:\\\/\\\/www.organisator.ch\\\/wp-content\\\/uploads\\\/2019\\\/10\\\/Europa-Forum-Luzern-mit-Motto-Aufbruch-statt-Abbruch_Organisator.jpg\",\"width\":680,\"height\":510,\"caption\":\"Das neu aufgestellte Europa Forum Luzern will als Fixstern einen massgeblichen Beitrag leisten f\u00fcr eine starke Schweiz und ein starkes Europa. (Bild: KKL Luzern)\"},{\"@type\":\"BreadcrumbList\",\"@id\":\"https:\\\/\\\/www.organisator.ch\\\/management\\\/2019-10-08\\\/europa-forum-luzern-mit-motto-aufbruch-statt-abbruch\\\/#breadcrumb\",\"itemListElement\":[{\"@type\":\"ListItem\",\"position\":1,\"name\":\"Home\",\"item\":\"https:\\\/\\\/www.organisator.ch\\\/\"},{\"@type\":\"ListItem\",\"position\":2,\"name\":\"Europa Forum Luzern mit Motto \u00abAufbruch statt Abbruch\u00bb\"}]},{\"@type\":\"WebSite\",\"@id\":\"https:\\\/\\\/www.organisator.ch\\\/#website\",\"url\":\"https:\\\/\\\/www.organisator.ch\\\/\",\"name\":\"Organisator\",\"description\":\"Kompetent. Praxisnah. Der ORGANISATOR bereitet in 10 Ausgaben pro Jahr die wesentlichen Themen f\u00fcr F\u00fchrungskr\u00e4fte von KMU auf.\",\"publisher\":{\"@id\":\"https:\\\/\\\/www.organisator.ch\\\/#organization\"},\"potentialAction\":[{\"@type\":\"SearchAction\",\"target\":{\"@type\":\"EntryPoint\",\"urlTemplate\":\"https:\\\/\\\/www.organisator.ch\\\/?s={search_term_string}\"},\"query-input\":{\"@type\":\"PropertyValueSpecification\",\"valueRequired\":true,\"valueName\":\"search_term_string\"}}],\"inLanguage\":\"en-US\"},{\"@type\":\"Organization\",\"@id\":\"https:\\\/\\\/www.organisator.ch\\\/#organization\",\"name\":\"Organisator\",\"url\":\"https:\\\/\\\/www.organisator.ch\\\/\",\"logo\":{\"@type\":\"ImageObject\",\"inLanguage\":\"en-US\",\"@id\":\"https:\\\/\\\/www.organisator.ch\\\/#\\\/schema\\\/logo\\\/image\\\/\",\"url\":\"https:\\\/\\\/www.organisator.ch\\\/wp-content\\\/uploads\\\/2022\\\/01\\\/Logo_Organisator_Website.png\",\"contentUrl\":\"https:\\\/\\\/www.organisator.ch\\\/wp-content\\\/uploads\\\/2022\\\/01\\\/Logo_Organisator_Website.png\",\"width\":800,\"height\":77,\"caption\":\"Organisator\"},\"image\":{\"@id\":\"https:\\\/\\\/www.organisator.ch\\\/#\\\/schema\\\/logo\\\/image\\\/\"},\"sameAs\":[\"https:\\\/\\\/www.facebook.com\\\/OrganisatorFachmagazin\",\"https:\\\/\\\/www.linkedin.com\\\/showcase\\\/organisator-das-magazin-fr-kmu\",\"https:\\\/\\\/www.xing.com\\\/news\\\/pages\\\/organisator-ch-695\",\"https:\\\/\\\/www.youtube.com\\\/channel\\\/UCGP2Sq0iWaZwT3BdIAQFYpw\"]},{\"@type\":\"Person\",\"@id\":\"https:\\\/\\\/www.organisator.ch\\\/#\\\/schema\\\/person\\\/6f650f90b2842cd4c0cc334b4e36f67e\",\"name\":\"thomas.berner\",\"image\":{\"@type\":\"ImageObject\",\"inLanguage\":\"en-US\",\"@id\":\"https:\\\/\\\/secure.gravatar.com\\\/avatar\\\/ac5001d2a36cb6c6cd3e50789007ffca834b477b74a2144564522e944eabff61?s=96&d=mm&r=g\",\"url\":\"https:\\\/\\\/secure.gravatar.com\\\/avatar\\\/ac5001d2a36cb6c6cd3e50789007ffca834b477b74a2144564522e944eabff61?s=96&d=mm&r=g\",\"contentUrl\":\"https:\\\/\\\/secure.gravatar.com\\\/avatar\\\/ac5001d2a36cb6c6cd3e50789007ffca834b477b74a2144564522e944eabff61?s=96&d=mm&r=g\",\"caption\":\"thomas.berner\"},\"url\":\"https:\\\/\\\/www.organisator.ch\\\/en\\\/author\\\/thomas-berner\\\/\"}]}<\/script>\n<!-- \/ Yoast SEO plugin. -->","yoast_head_json":{"title":"Europe Forum Lucerne with the motto \"departure instead of demolition\" - organizer","description":"Top speakers such as Doris Leuthard, Sigmar Gabriel, Jan Peter Balkenende and Peter Spuhler will discuss at the Europa Forum Lucerne on December 3-4.","robots":{"index":"index","follow":"follow","max-snippet":"max-snippet:-1","max-image-preview":"max-image-preview:large","max-video-preview":"max-video-preview:-1"},"canonical":"https:\/\/www.organisator.ch\/en\/management\/2019-10-08\/europa-forum-luzern-mit-motto-aufbruch-statt-abbruch\/","og_locale":"en_US","og_type":"article","og_title":"Europa Forum Luzern mit Motto \u00abAufbruch statt Abbruch\u00bb","og_description":"Top-Speaker wie Doris Leuthard, Sigmar Gabriel, Jan Peter Balkenende und Peter Spuhler diskutieren am 3.\/4. Dezember am Europa Forum Luzern.","og_url":"https:\/\/www.organisator.ch\/en\/management\/2019-10-08\/europa-forum-luzern-mit-motto-aufbruch-statt-abbruch\/","og_site_name":"Organisator","article_publisher":"https:\/\/www.facebook.com\/OrganisatorFachmagazin","article_published_time":"2019-10-08T06:05:26+00:00","og_image":[{"width":680,"height":510,"url":"https:\/\/www.organisator.ch\/wp-content\/uploads\/2019\/10\/Europa-Forum-Luzern-mit-Motto-Aufbruch-statt-Abbruch_Organisator.jpg","type":"image\/jpeg"}],"author":"thomas.berner","twitter_card":"summary_large_image","twitter_title":"#EuropaForumLuzern mit Motto \u00abAufbruch statt Abbruch\u00bb","twitter_description":"#Top-Speaker wie Doris #Leuthard, Sigmar Gabriel, Jan Peter Balkenende und Peter #Spuhler diskutieren am 3.\/4. Dezember am Europa Forum Luzern.","twitter_image":"https:\/\/www.organisator.ch\/wp-content\/uploads\/2019\/10\/Europa-Forum-Luzern-mit-Motto-Aufbruch-statt-Abbruch_Organisator.jpg","schema":{"@context":"https:\/\/schema.org","@graph":[{"@type":"Article","@id":"https:\/\/www.organisator.ch\/management\/2019-10-08\/europa-forum-luzern-mit-motto-aufbruch-statt-abbruch\/#article","isPartOf":{"@id":"https:\/\/www.organisator.ch\/management\/2019-10-08\/europa-forum-luzern-mit-motto-aufbruch-statt-abbruch\/"},"author":{"name":"thomas.berner","@id":"https:\/\/www.organisator.ch\/#\/schema\/person\/6f650f90b2842cd4c0cc334b4e36f67e"},"headline":"Europa Forum Luzern mit Motto \u00abAufbruch statt Abbruch\u00bb","datePublished":"2019-10-08T06:05:26+00:00","mainEntityOfPage":{"@id":"https:\/\/www.organisator.ch\/management\/2019-10-08\/europa-forum-luzern-mit-motto-aufbruch-statt-abbruch\/"},"wordCount":497,"publisher":{"@id":"https:\/\/www.organisator.ch\/#organization"},"image":{"@id":"https:\/\/www.organisator.ch\/management\/2019-10-08\/europa-forum-luzern-mit-motto-aufbruch-statt-abbruch\/#primaryimage"},"thumbnailUrl":"https:\/\/www.organisator.ch\/wp-content\/uploads\/2019\/10\/Europa-Forum-Luzern-mit-Motto-Aufbruch-statt-Abbruch_Organisator.jpg","keywords":["Fachkongress\/Fachmesse","Veranstaltungen","Vermischtes","Wirtschaftspolitik"],"articleSection":["MANAGEMENT"],"inLanguage":"en-US"},{"@type":"WebPage","@id":"https:\/\/www.organisator.ch\/management\/2019-10-08\/europa-forum-luzern-mit-motto-aufbruch-statt-abbruch\/","url":"https:\/\/www.organisator.ch\/management\/2019-10-08\/europa-forum-luzern-mit-motto-aufbruch-statt-abbruch\/","name":"Europe Forum Lucerne with the motto \"departure instead of demolition\" - organizer","isPartOf":{"@id":"https:\/\/www.organisator.ch\/#website"},"primaryImageOfPage":{"@id":"https:\/\/www.organisator.ch\/management\/2019-10-08\/europa-forum-luzern-mit-motto-aufbruch-statt-abbruch\/#primaryimage"},"image":{"@id":"https:\/\/www.organisator.ch\/management\/2019-10-08\/europa-forum-luzern-mit-motto-aufbruch-statt-abbruch\/#primaryimage"},"thumbnailUrl":"https:\/\/www.organisator.ch\/wp-content\/uploads\/2019\/10\/Europa-Forum-Luzern-mit-Motto-Aufbruch-statt-Abbruch_Organisator.jpg","datePublished":"2019-10-08T06:05:26+00:00","description":"Top speakers such as Doris Leuthard, Sigmar Gabriel, Jan Peter Balkenende and Peter Spuhler will discuss at the Europa Forum Lucerne on December 3-4.","breadcrumb":{"@id":"https:\/\/www.organisator.ch\/management\/2019-10-08\/europa-forum-luzern-mit-motto-aufbruch-statt-abbruch\/#breadcrumb"},"inLanguage":"en-US","potentialAction":[{"@type":"ReadAction","target":["https:\/\/www.organisator.ch\/management\/2019-10-08\/europa-forum-luzern-mit-motto-aufbruch-statt-abbruch\/"]}]},{"@type":"ImageObject","inLanguage":"en-US","@id":"https:\/\/www.organisator.ch\/management\/2019-10-08\/europa-forum-luzern-mit-motto-aufbruch-statt-abbruch\/#primaryimage","url":"https:\/\/www.organisator.ch\/wp-content\/uploads\/2019\/10\/Europa-Forum-Luzern-mit-Motto-Aufbruch-statt-Abbruch_Organisator.jpg","contentUrl":"https:\/\/www.organisator.ch\/wp-content\/uploads\/2019\/10\/Europa-Forum-Luzern-mit-Motto-Aufbruch-statt-Abbruch_Organisator.jpg","width":680,"height":510,"caption":"Das neu aufgestellte Europa Forum Luzern will als Fixstern einen massgeblichen Beitrag leisten f\u00fcr eine starke Schweiz und ein starkes Europa. (Bild: KKL Luzern)"},{"@type":"BreadcrumbList","@id":"https:\/\/www.organisator.ch\/management\/2019-10-08\/europa-forum-luzern-mit-motto-aufbruch-statt-abbruch\/#breadcrumb","itemListElement":[{"@type":"ListItem","position":1,"name":"Home","item":"https:\/\/www.organisator.ch\/"},{"@type":"ListItem","position":2,"name":"Europa Forum Luzern mit Motto \u00abAufbruch statt Abbruch\u00bb"}]},{"@type":"WebSite","@id":"https:\/\/www.organisator.ch\/#website","url":"https:\/\/www.organisator.ch\/","name":"Organizer","description":"Competent. Practical. In 10 issues per year, ORGANISATOR presents the essential topics for managers of SMEs.","publisher":{"@id":"https:\/\/www.organisator.ch\/#organization"},"potentialAction":[{"@type":"SearchAction","target":{"@type":"EntryPoint","urlTemplate":"https:\/\/www.organisator.ch\/?s={search_term_string}"},"query-input":{"@type":"PropertyValueSpecification","valueRequired":true,"valueName":"search_term_string"}}],"inLanguage":"en-US"},{"@type":"Organization","@id":"https:\/\/www.organisator.ch\/#organization","name":"Organizer","url":"https:\/\/www.organisator.ch\/","logo":{"@type":"ImageObject","inLanguage":"en-US","@id":"https:\/\/www.organisator.ch\/#\/schema\/logo\/image\/","url":"https:\/\/www.organisator.ch\/wp-content\/uploads\/2022\/01\/Logo_Organisator_Website.png","contentUrl":"https:\/\/www.organisator.ch\/wp-content\/uploads\/2022\/01\/Logo_Organisator_Website.png","width":800,"height":77,"caption":"Organisator"},"image":{"@id":"https:\/\/www.organisator.ch\/#\/schema\/logo\/image\/"},"sameAs":["https:\/\/www.facebook.com\/OrganisatorFachmagazin","https:\/\/www.linkedin.com\/showcase\/organisator-das-magazin-fr-kmu","https:\/\/www.xing.com\/news\/pages\/organisator-ch-695","https:\/\/www.youtube.com\/channel\/UCGP2Sq0iWaZwT3BdIAQFYpw"]},{"@type":"Person","@id":"https:\/\/www.organisator.ch\/#\/schema\/person\/6f650f90b2842cd4c0cc334b4e36f67e","name":"thomas.berner","image":{"@type":"ImageObject","inLanguage":"en-US","@id":"https:\/\/secure.gravatar.com\/avatar\/ac5001d2a36cb6c6cd3e50789007ffca834b477b74a2144564522e944eabff61?s=96&d=mm&r=g","url":"https:\/\/secure.gravatar.com\/avatar\/ac5001d2a36cb6c6cd3e50789007ffca834b477b74a2144564522e944eabff61?s=96&d=mm&r=g","contentUrl":"https:\/\/secure.gravatar.com\/avatar\/ac5001d2a36cb6c6cd3e50789007ffca834b477b74a2144564522e944eabff61?s=96&d=mm&r=g","caption":"thomas.berner"},"url":"https:\/\/www.organisator.ch\/en\/author\/thomas-berner\/"}]}},"_links":{"self":[{"href":"https:\/\/www.organisator.ch\/en\/wp-json\/wp\/v2\/posts\/5882","targetHints":{"allow":["GET"]}}],"collection":[{"href":"https:\/\/www.organisator.ch\/en\/wp-json\/wp\/v2\/posts"}],"about":[{"href":"https:\/\/www.organisator.ch\/en\/wp-json\/wp\/v2\/types\/post"}],"author":[{"embeddable":true,"href":"https:\/\/www.organisator.ch\/en\/wp-json\/wp\/v2\/users\/4"}],"replies":[{"embeddable":true,"href":"https:\/\/www.organisator.ch\/en\/wp-json\/wp\/v2\/comments?post=5882"}],"version-history":[{"count":0,"href":"https:\/\/www.organisator.ch\/en\/wp-json\/wp\/v2\/posts\/5882\/revisions"}],"wp:featuredmedia":[{"embeddable":true,"href":"https:\/\/www.organisator.ch\/en\/wp-json\/wp\/v2\/media\/5883"}],"wp:attachment":[{"href":"https:\/\/www.organisator.ch\/en\/wp-json\/wp\/v2\/media?parent=5882"}],"wp:term":[{"taxonomy":"category","embeddable":true,"href":"https:\/\/www.organisator.ch\/en\/wp-json\/wp\/v2\/categories?post=5882"},{"taxonomy":"post_tag","embeddable":true,"href":"https:\/\/www.organisator.ch\/en\/wp-json\/wp\/v2\/tags?post=5882"}],"curies":[{"name":"wp","href":"https:\/\/api.w.org\/{rel}","templated":true}]}}