{"id":592,"date":"2016-06-10T12:10:21","date_gmt":"2016-06-10T10:10:21","guid":{"rendered":"http:\/\/dev.organisator.ch\/?p=592"},"modified":"2016-06-10T12:10:21","modified_gmt":"2016-06-10T10:10:21","slug":"digitalisierung-und-hrm-kreativitaet-initiative-und-leidenschaft-weiter-einfordern","status":"publish","type":"post","link":"https:\/\/www.organisator.ch\/en\/management\/2016-06-10\/digitalisierung-und-hrm-kreativitaet-initiative-und-leidenschaft-weiter-einfordern\/","title":{"rendered":"Digitization and HRM: Continue to demand creativity, initiative and passion"},"content":{"rendered":"<figure id=\"attachment_593\" aria-describedby=\"caption-attachment-593\" style=\"width: 506px\" class=\"wp-caption alignnone\"><img loading=\"lazy\" decoding=\"async\" class=\"size-full wp-image-593\" src=\"https:\/\/www.organisator.ch\/wp-content\/uploads\/2016\/12\/Digitalisierung-und-HRM-Kreativitaet-Initiative-und-Leidenschaft-weiter-einfordern-organisator.jpg\" alt=\"\" width=\"506\" height=\"480\" srcset=\"https:\/\/www.organisator.ch\/wp-content\/uploads\/2016\/12\/Digitalisierung-und-HRM-Kreativitaet-Initiative-und-Leidenschaft-weiter-einfordern-organisator.jpg 506w, https:\/\/www.organisator.ch\/wp-content\/uploads\/2016\/12\/Digitalisierung-und-HRM-Kreativitaet-Initiative-und-Leidenschaft-weiter-einfordern-organisator-13x12.jpg 13w, https:\/\/www.organisator.ch\/wp-content\/uploads\/2016\/12\/Digitalisierung-und-HRM-Kreativitaet-Initiative-und-Leidenschaft-weiter-einfordern-organisator-184x175.jpg 184w, https:\/\/www.organisator.ch\/wp-content\/uploads\/2016\/12\/Digitalisierung-und-HRM-Kreativitaet-Initiative-und-Leidenschaft-weiter-einfordern-organisator-369x350.jpg 369w, https:\/\/www.organisator.ch\/wp-content\/uploads\/2016\/12\/Digitalisierung-und-HRM-Kreativitaet-Initiative-und-Leidenschaft-weiter-einfordern-organisator-300x285.jpg 300w\" sizes=\"auto, (max-width: 506px) 100vw, 506px\" \/><figcaption id=\"caption-attachment-593\" class=\"wp-caption-text\">Moderator Marco Fritsche in conversation with speakers Petra Schmidhalter (left) and Bianca Gatschet. (Photo: thb)<\/figcaption><\/figure>\n<p>The East Switzerland Personnel Day 2016, organized by the Freie Erfa-Gruppe Personal Ostschweiz and the FHS St.Gallen in collaboration with Freicom, featured an innovation: During the stand-up lunch, various \"topic islands\" were available so that visitors could discuss their questions with experts there. However, these would have been more popular, as Karin Egle, President of the Free Erfa Group Eastern Switzerland, regretted at the beginning of the \"official part\". Perhaps this idea simply needs some more time to develop.<\/p>\n<p><strong>\"Work \"Smart<\/strong><\/p>\n<p>But then the guests were soon in the midst of the actual conference topic: personnel management in the digital age. Petra Schmidhalter and Bianca Gatschet from Swisscom talked about what this \"digital age\" already means and what it will bring in the future. Bianca Gatschet, 19 years old and thus fully part of Generation Y, convincingly explained what has already happened in terms of \"Work Smart\": Anyone who regards e-mail as the ultimate in digitization is already part of the grandparents' generation... Today, knowledge is shared via open platforms, people are networked both internally and externally, they are spontaneous, independent and can work from anywhere, and the demands for security and balance in terms of work-life balance are high. For managers, this means no more \"demand and control\" but a transformational management style. Bianca Gatschet, although fully at home in the world of \"smart work,\" admitted at the end that she, too, first had to learn how to deal with this great flexibility.<\/p>\n<p><strong>More marketing skills for HRM<\/strong><\/p>\n<p>The fact that the digital transformation has a direct influence on HRM then became clear from J\u00f6rg Buckmann's presentation. He showed a number of examples of how HRM is working \"digitally\" today - both in a negative and a positive sense. Above all, however, Buckmann would like to see a paradigm shift in recruitment: more creative marketing than rigid formalism and target group-oriented thinking. After all, applicants are nothing more than customers who want to be addressed in the right way. HR management therefore needs to relearn how to communicate, especially with regard to social media.<\/p>\n<p>Management consultant and bestselling author Anja F\u00f6rster could only agree with the comments of the previous speaker. She continued the thread accordingly: She regretted that the drivers of digitization come primarily from IT and engineering, but not from HRM. \"HR managers are not driving the change in the world of work enough,\" she said, pointing to the danger that many opportunities are being missed here. Today, employees need initiative, creativity and passion - and this cannot be demanded with \"normal\" management. Rules and prohibitions are understandable, but they only create \"followers. Anja F\u00f6rster also advocates \"tearing down fences\" to create more freedom. This is what an effective leadership culture and HR work for the digital age looks like.<\/p>\n<p><strong>Human quality is becoming increasingly important\u00a0<\/strong><\/p>\n<p>Sibylle Olbert Bock from the University of Applied Sciences St.Gallen approached the topic from a quasi scientific perspective. She notes that the discussion surrounding Industry 4.0 is currently being conducted primarily at the technological level, but not with reference to human capital. Technological developments mean that the degree of networking and task diversification of the workforce is increasing. Even the so-called digital natives are sometimes overwhelmed here because they lack long-term experience in self-organization. Ultimately, the goal of every organization must be to ensure that strategy, technology and people remain on an equal footing.<\/p>\n<p>Patrich D. Cowden, a pioneer in the field of leadership, concluded by teaching the audience the art of building trust. And once again, the terms often heard that afternoon were mentioned: People, creativity, passion. According to the speaker, these three concepts must be brought together, and only then can quality be achieved. And in the quality of togetherness there are no limits. By means of a small exercise with the audience, he was able to prove right away that this works. In just six minutes, it is possible for people who have never met before to establish a functioning collaboration - assuming communication and the will to cooperate.<\/p>\n<p><strong>Direct dialog with the speakers<\/strong><\/p>\n<p>All in all, this year's Personnel Day in Eastern Switzerland, which has long been able to attract audiences from other parts of the country to St.Gallen, was once again able to provide the visitors with practical impulses. The fact that the audience was able to enter into a direct dialogue with the speakers also contributed to the success of the event - the moderation by Marco Fritsche played its part. The next Personnel Day will take place on June 8, 2017, again in St.Gallen.<\/p>\n<p><em>Text: Thomas Berner. Further information: <a href=\"http:\/\/www.personaltag.ch\" target=\"_blank\" data-cke-saved-href=\"http:\/\/www.personaltag.ch\" rel=\"noopener\">www.personaltag.ch<\/a><\/em><\/p>\n<div id='gallery-1' class='gallery galleryid-592 gallery-columns-3 gallery-size-thumbnail'><figure class='gallery-item'>\n\t\t\t<div class='gallery-icon landscape'>\n\t\t\t\t<a href='https:\/\/www.organisator.ch\/en\/management\/2016-06-10\/digitalisierung-und-hrm-kreativitaet-initiative-und-leidenschaft-weiter-einfordern\/attachment\/digitalisierung-und-hrm-kreativitaet-initiative-und-leidenschaft-weiter-einfordern1-organisator\/'><img loading=\"lazy\" decoding=\"async\" width=\"150\" height=\"150\" src=\"https:\/\/www.organisator.ch\/wp-content\/uploads\/2016\/12\/Digitalisierung-und-HRM-Kreativitaet-Initiative-und-Leidenschaft-weiter-einfordern1-organisator-1-150x150.jpg\" class=\"attachment-thumbnail size-thumbnail\" alt=\"\" srcset=\"https:\/\/www.organisator.ch\/wp-content\/uploads\/2016\/12\/Digitalisierung-und-HRM-Kreativitaet-Initiative-und-Leidenschaft-weiter-einfordern1-organisator-1-150x150.jpg 150w, https:\/\/www.organisator.ch\/wp-content\/uploads\/2016\/12\/Digitalisierung-und-HRM-Kreativitaet-Initiative-und-Leidenschaft-weiter-einfordern1-organisator-1-12x12.jpg 12w, https:\/\/www.organisator.ch\/wp-content\/uploads\/2016\/12\/Digitalisierung-und-HRM-Kreativitaet-Initiative-und-Leidenschaft-weiter-einfordern1-organisator-1-250x250.jpg 250w, https:\/\/www.organisator.ch\/wp-content\/uploads\/2016\/12\/Digitalisierung-und-HRM-Kreativitaet-Initiative-und-Leidenschaft-weiter-einfordern1-organisator-1-100x100.jpg 100w\" sizes=\"auto, (max-width: 150px) 100vw, 150px\" \/><\/a>\n\t\t\t<\/div><\/figure><figure class='gallery-item'>\n\t\t\t<div class='gallery-icon landscape'>\n\t\t\t\t<a href='https:\/\/www.organisator.ch\/en\/management\/2016-06-10\/digitalisierung-und-hrm-kreativitaet-initiative-und-leidenschaft-weiter-einfordern\/attachment\/digitalisierung-und-hrm-kreativitaet-initiative-und-leidenschaft-weiter-einfordern2-organisator\/'><img loading=\"lazy\" decoding=\"async\" width=\"150\" height=\"150\" src=\"https:\/\/www.organisator.ch\/wp-content\/uploads\/2016\/12\/Digitalisierung-und-HRM-Kreativitaet-Initiative-und-Leidenschaft-weiter-einfordern2-organisator-150x150.jpg\" class=\"attachment-thumbnail size-thumbnail\" alt=\"\" srcset=\"https:\/\/www.organisator.ch\/wp-content\/uploads\/2016\/12\/Digitalisierung-und-HRM-Kreativitaet-Initiative-und-Leidenschaft-weiter-einfordern2-organisator-150x150.jpg 150w, https:\/\/www.organisator.ch\/wp-content\/uploads\/2016\/12\/Digitalisierung-und-HRM-Kreativitaet-Initiative-und-Leidenschaft-weiter-einfordern2-organisator-13x12.jpg 13w, https:\/\/www.organisator.ch\/wp-content\/uploads\/2016\/12\/Digitalisierung-und-HRM-Kreativitaet-Initiative-und-Leidenschaft-weiter-einfordern2-organisator-250x250.jpg 250w, https:\/\/www.organisator.ch\/wp-content\/uploads\/2016\/12\/Digitalisierung-und-HRM-Kreativitaet-Initiative-und-Leidenschaft-weiter-einfordern2-organisator-100x100.jpg 100w\" sizes=\"auto, (max-width: 150px) 100vw, 150px\" \/><\/a>\n\t\t\t<\/div><\/figure><figure class='gallery-item'>\n\t\t\t<div class='gallery-icon landscape'>\n\t\t\t\t<a href='https:\/\/www.organisator.ch\/en\/management\/2016-06-10\/digitalisierung-und-hrm-kreativitaet-initiative-und-leidenschaft-weiter-einfordern\/attachment\/digitalisierung-und-hrm-kreativitaet-initiative-und-leidenschaft-weiter-einfordern3-organisator\/'><img loading=\"lazy\" decoding=\"async\" width=\"150\" height=\"150\" src=\"https:\/\/www.organisator.ch\/wp-content\/uploads\/2016\/12\/Digitalisierung-und-HRM-Kreativitaet-Initiative-und-Leidenschaft-weiter-einfordern3-organisator-150x150.jpg\" class=\"attachment-thumbnail size-thumbnail\" alt=\"\" srcset=\"https:\/\/www.organisator.ch\/wp-content\/uploads\/2016\/12\/Digitalisierung-und-HRM-Kreativitaet-Initiative-und-Leidenschaft-weiter-einfordern3-organisator-150x150.jpg 150w, https:\/\/www.organisator.ch\/wp-content\/uploads\/2016\/12\/Digitalisierung-und-HRM-Kreativitaet-Initiative-und-Leidenschaft-weiter-einfordern3-organisator-12x12.jpg 12w, https:\/\/www.organisator.ch\/wp-content\/uploads\/2016\/12\/Digitalisierung-und-HRM-Kreativitaet-Initiative-und-Leidenschaft-weiter-einfordern3-organisator-250x250.jpg 250w, https:\/\/www.organisator.ch\/wp-content\/uploads\/2016\/12\/Digitalisierung-und-HRM-Kreativitaet-Initiative-und-Leidenschaft-weiter-einfordern3-organisator-100x100.jpg 100w\" sizes=\"auto, (max-width: 150px) 100vw, 150px\" \/><\/a>\n\t\t\t<\/div><\/figure><figure class='gallery-item'>\n\t\t\t<div class='gallery-icon portrait'>\n\t\t\t\t<a href='https:\/\/www.organisator.ch\/en\/management\/2016-06-10\/digitalisierung-und-hrm-kreativitaet-initiative-und-leidenschaft-weiter-einfordern\/attachment\/digitalisierung-und-hrm-kreativitaet-initiative-und-leidenschaft-weiter-einfordern4-organisator\/'><img loading=\"lazy\" decoding=\"async\" width=\"150\" height=\"150\" src=\"https:\/\/www.organisator.ch\/wp-content\/uploads\/2016\/12\/Digitalisierung-und-HRM-Kreativitaet-Initiative-und-Leidenschaft-weiter-einfordern4-organisator-150x150.jpg\" class=\"attachment-thumbnail size-thumbnail\" alt=\"\" srcset=\"https:\/\/www.organisator.ch\/wp-content\/uploads\/2016\/12\/Digitalisierung-und-HRM-Kreativitaet-Initiative-und-Leidenschaft-weiter-einfordern4-organisator-150x150.jpg 150w, https:\/\/www.organisator.ch\/wp-content\/uploads\/2016\/12\/Digitalisierung-und-HRM-Kreativitaet-Initiative-und-Leidenschaft-weiter-einfordern4-organisator-250x250.jpg 250w, https:\/\/www.organisator.ch\/wp-content\/uploads\/2016\/12\/Digitalisierung-und-HRM-Kreativitaet-Initiative-und-Leidenschaft-weiter-einfordern4-organisator-100x100.jpg 100w\" sizes=\"auto, (max-width: 150px) 100vw, 150px\" \/><\/a>\n\t\t\t<\/div><\/figure>\n\t\t<\/div>\n\n<p><em>J\u00f6rg Buckmann, Anja F\u00f6rster, Sibylle Olbert-Bock, Patrick D. Cowden (Photos: thb)<\/em><\/p>","protected":false},"excerpt":{"rendered":"<p>Der Ostschweizer Personaltag 2016, veranstaltet durch die Freie Erfa-Gruppe Personal Ostschweiz und die FHS St.Gallen in Zusammenarbeit mit Freicom, wartete mit einer Neuerung auf: W\u00e4hrend des Stehlunchs standen verschiedene &#8222;Themen-Inseln&#8220; bereit,\u00a0damit die Besucher dort ihre Fragen mit Fachleuten diskutieren konnten.\u00a0Diesen w\u00e4ren allerdings mehr Zuspruch zu w\u00fcnschen gewesen, wie Karin Egle, Pr\u00e4sidentin der Freien Erfa-Gruppe Ostschweiz, [&hellip;]<\/p>\n","protected":false},"author":1,"featured_media":593,"comment_status":"open","ping_status":"open","sticky":false,"template":"","format":"standard","meta":{"_acf_changed":false,"_yoast_wpseo_focuskw":"Digitalisierung und HRM","_yoast_wpseo_metadesc":"Der 12. Ostschweizer Personaltag widmete sich ganz dem Thema Digitalisierung im Personalmanagement (HRM) und wie sich die Arbeitswelt ver\u00e4ndert.","articlekey":"","footnotes":""},"categories":[28],"tags":[193,334,335],"class_list":["post-592","post","type-post","status-publish","format-standard","has-post-thumbnail","hentry","category-management","tag-fachkongressfachmesse","tag-management","tag-management-und-unternehmensfuehrung"],"acf":[],"yoast_head":"<!-- This site is optimized with the Yoast SEO plugin v27.5 - https:\/\/yoast.com\/product\/yoast-seo-wordpress\/ -->\n<title>Digitalisierung und HRM: Kreativit\u00e4t, Initiative und Leidenschaft weiter einfordern - Organisator<\/title>\n<meta name=\"description\" content=\"Der 12. Ostschweizer Personaltag widmete sich ganz dem Thema Digitalisierung im Personalmanagement (HRM) und wie sich die Arbeitswelt ver\u00e4ndert.\" \/>\n<meta name=\"robots\" content=\"index, follow, max-snippet:-1, max-image-preview:large, max-video-preview:-1\" \/>\n<link rel=\"canonical\" href=\"https:\/\/www.organisator.ch\/en\/management\/2016-06-10\/digitalisierung-und-hrm-kreativitaet-initiative-und-leidenschaft-weiter-einfordern\/\" \/>\n<meta property=\"og:locale\" content=\"en_US\" \/>\n<meta property=\"og:type\" content=\"article\" \/>\n<meta property=\"og:title\" content=\"Digitalisierung und HRM: Kreativit\u00e4t, Initiative und Leidenschaft weiter einfordern\" \/>\n<meta property=\"og:description\" content=\"Der 12. Ostschweizer Personaltag widmete sich ganz dem Thema Personalmanagement im Digitalen Zeitalter. Wie sich die Arbeitswelt ver\u00e4ndert, wie das HRM darauf reagieren soll bzw. muss und welche &quot;Standards&quot; auch weitere industrielle Revolutionen \u00fcberdauern werden, dar\u00fcber wurde intensiv referiert und diskutiert.\" \/>\n<meta property=\"og:url\" content=\"https:\/\/www.organisator.ch\/en\/management\/2016-06-10\/digitalisierung-und-hrm-kreativitaet-initiative-und-leidenschaft-weiter-einfordern\/\" \/>\n<meta property=\"og:site_name\" content=\"Organisator\" \/>\n<meta property=\"article:publisher\" content=\"https:\/\/www.facebook.com\/OrganisatorFachmagazin\" \/>\n<meta property=\"article:published_time\" content=\"2016-06-10T10:10:21+00:00\" \/>\n<meta name=\"author\" content=\"admin\" \/>\n<meta name=\"twitter:card\" content=\"summary_large_image\" \/>\n<meta name=\"twitter:image\" content=\"https:\/\/www.organisator.ch\/wp-content\/uploads\/2016\/12\/Digitalisierung-und-HRM-Kreativitaet-Initiative-und-Leidenschaft-weiter-einfordern-organisator.jpg\" \/>\n<script type=\"application\/ld+json\" class=\"yoast-schema-graph\">{\"@context\":\"https:\\\/\\\/schema.org\",\"@graph\":[{\"@type\":\"Article\",\"@id\":\"https:\\\/\\\/www.organisator.ch\\\/management\\\/2016-06-10\\\/digitalisierung-und-hrm-kreativitaet-initiative-und-leidenschaft-weiter-einfordern\\\/#article\",\"isPartOf\":{\"@id\":\"https:\\\/\\\/www.organisator.ch\\\/management\\\/2016-06-10\\\/digitalisierung-und-hrm-kreativitaet-initiative-und-leidenschaft-weiter-einfordern\\\/\"},\"author\":{\"name\":\"admin\",\"@id\":\"https:\\\/\\\/www.organisator.ch\\\/#\\\/schema\\\/person\\\/aa2bace6c5c5aad60102004a50c4eb1c\"},\"headline\":\"Digitalisierung und HRM: Kreativit\u00e4t, Initiative und Leidenschaft weiter einfordern\",\"datePublished\":\"2016-06-10T10:10:21+00:00\",\"mainEntityOfPage\":{\"@id\":\"https:\\\/\\\/www.organisator.ch\\\/management\\\/2016-06-10\\\/digitalisierung-und-hrm-kreativitaet-initiative-und-leidenschaft-weiter-einfordern\\\/\"},\"wordCount\":806,\"commentCount\":0,\"publisher\":{\"@id\":\"https:\\\/\\\/www.organisator.ch\\\/#organization\"},\"image\":{\"@id\":\"https:\\\/\\\/www.organisator.ch\\\/management\\\/2016-06-10\\\/digitalisierung-und-hrm-kreativitaet-initiative-und-leidenschaft-weiter-einfordern\\\/#primaryimage\"},\"thumbnailUrl\":\"https:\\\/\\\/www.organisator.ch\\\/wp-content\\\/uploads\\\/2016\\\/12\\\/Digitalisierung-und-HRM-Kreativitaet-Initiative-und-Leidenschaft-weiter-einfordern-organisator.jpg\",\"keywords\":[\"Fachkongress\\\/Fachmesse\",\"Management\",\"Management und Unternehmensf\u00fchrung\"],\"articleSection\":[\"MANAGEMENT\"],\"inLanguage\":\"en-US\"},{\"@type\":\"WebPage\",\"@id\":\"https:\\\/\\\/www.organisator.ch\\\/management\\\/2016-06-10\\\/digitalisierung-und-hrm-kreativitaet-initiative-und-leidenschaft-weiter-einfordern\\\/\",\"url\":\"https:\\\/\\\/www.organisator.ch\\\/management\\\/2016-06-10\\\/digitalisierung-und-hrm-kreativitaet-initiative-und-leidenschaft-weiter-einfordern\\\/\",\"name\":\"Digitalisierung und HRM: Kreativit\u00e4t, Initiative und Leidenschaft weiter einfordern - Organisator\",\"isPartOf\":{\"@id\":\"https:\\\/\\\/www.organisator.ch\\\/#website\"},\"primaryImageOfPage\":{\"@id\":\"https:\\\/\\\/www.organisator.ch\\\/management\\\/2016-06-10\\\/digitalisierung-und-hrm-kreativitaet-initiative-und-leidenschaft-weiter-einfordern\\\/#primaryimage\"},\"image\":{\"@id\":\"https:\\\/\\\/www.organisator.ch\\\/management\\\/2016-06-10\\\/digitalisierung-und-hrm-kreativitaet-initiative-und-leidenschaft-weiter-einfordern\\\/#primaryimage\"},\"thumbnailUrl\":\"https:\\\/\\\/www.organisator.ch\\\/wp-content\\\/uploads\\\/2016\\\/12\\\/Digitalisierung-und-HRM-Kreativitaet-Initiative-und-Leidenschaft-weiter-einfordern-organisator.jpg\",\"datePublished\":\"2016-06-10T10:10:21+00:00\",\"description\":\"Der 12. Ostschweizer Personaltag widmete sich ganz dem Thema Digitalisierung im Personalmanagement (HRM) und wie sich die Arbeitswelt ver\u00e4ndert.\",\"breadcrumb\":{\"@id\":\"https:\\\/\\\/www.organisator.ch\\\/management\\\/2016-06-10\\\/digitalisierung-und-hrm-kreativitaet-initiative-und-leidenschaft-weiter-einfordern\\\/#breadcrumb\"},\"inLanguage\":\"en-US\",\"potentialAction\":[{\"@type\":\"ReadAction\",\"target\":[\"https:\\\/\\\/www.organisator.ch\\\/management\\\/2016-06-10\\\/digitalisierung-und-hrm-kreativitaet-initiative-und-leidenschaft-weiter-einfordern\\\/\"]}]},{\"@type\":\"ImageObject\",\"inLanguage\":\"en-US\",\"@id\":\"https:\\\/\\\/www.organisator.ch\\\/management\\\/2016-06-10\\\/digitalisierung-und-hrm-kreativitaet-initiative-und-leidenschaft-weiter-einfordern\\\/#primaryimage\",\"url\":\"https:\\\/\\\/www.organisator.ch\\\/wp-content\\\/uploads\\\/2016\\\/12\\\/Digitalisierung-und-HRM-Kreativitaet-Initiative-und-Leidenschaft-weiter-einfordern-organisator.jpg\",\"contentUrl\":\"https:\\\/\\\/www.organisator.ch\\\/wp-content\\\/uploads\\\/2016\\\/12\\\/Digitalisierung-und-HRM-Kreativitaet-Initiative-und-Leidenschaft-weiter-einfordern-organisator.jpg\",\"width\":506,\"height\":480,\"caption\":\"Moderator Marco Fritsche im Gespr\u00e4ch mit den Referentinnen Petra Schmidhalter (links) und Bianca Gatschet. (Foto: thb)\"},{\"@type\":\"BreadcrumbList\",\"@id\":\"https:\\\/\\\/www.organisator.ch\\\/management\\\/2016-06-10\\\/digitalisierung-und-hrm-kreativitaet-initiative-und-leidenschaft-weiter-einfordern\\\/#breadcrumb\",\"itemListElement\":[{\"@type\":\"ListItem\",\"position\":1,\"name\":\"Home\",\"item\":\"https:\\\/\\\/www.organisator.ch\\\/\"},{\"@type\":\"ListItem\",\"position\":2,\"name\":\"Digitalisierung und HRM: Kreativit\u00e4t, Initiative und Leidenschaft weiter einfordern\"}]},{\"@type\":\"WebSite\",\"@id\":\"https:\\\/\\\/www.organisator.ch\\\/#website\",\"url\":\"https:\\\/\\\/www.organisator.ch\\\/\",\"name\":\"Organisator\",\"description\":\"Kompetent. Praxisnah. Der ORGANISATOR bereitet in 10 Ausgaben pro Jahr die wesentlichen Themen f\u00fcr F\u00fchrungskr\u00e4fte von KMU auf.\",\"publisher\":{\"@id\":\"https:\\\/\\\/www.organisator.ch\\\/#organization\"},\"potentialAction\":[{\"@type\":\"SearchAction\",\"target\":{\"@type\":\"EntryPoint\",\"urlTemplate\":\"https:\\\/\\\/www.organisator.ch\\\/?s={search_term_string}\"},\"query-input\":{\"@type\":\"PropertyValueSpecification\",\"valueRequired\":true,\"valueName\":\"search_term_string\"}}],\"inLanguage\":\"en-US\"},{\"@type\":\"Organization\",\"@id\":\"https:\\\/\\\/www.organisator.ch\\\/#organization\",\"name\":\"Organisator\",\"url\":\"https:\\\/\\\/www.organisator.ch\\\/\",\"logo\":{\"@type\":\"ImageObject\",\"inLanguage\":\"en-US\",\"@id\":\"https:\\\/\\\/www.organisator.ch\\\/#\\\/schema\\\/logo\\\/image\\\/\",\"url\":\"https:\\\/\\\/www.organisator.ch\\\/wp-content\\\/uploads\\\/2022\\\/01\\\/Logo_Organisator_Website.png\",\"contentUrl\":\"https:\\\/\\\/www.organisator.ch\\\/wp-content\\\/uploads\\\/2022\\\/01\\\/Logo_Organisator_Website.png\",\"width\":800,\"height\":77,\"caption\":\"Organisator\"},\"image\":{\"@id\":\"https:\\\/\\\/www.organisator.ch\\\/#\\\/schema\\\/logo\\\/image\\\/\"},\"sameAs\":[\"https:\\\/\\\/www.facebook.com\\\/OrganisatorFachmagazin\",\"https:\\\/\\\/www.linkedin.com\\\/showcase\\\/organisator-das-magazin-fr-kmu\",\"https:\\\/\\\/www.xing.com\\\/news\\\/pages\\\/organisator-ch-695\",\"https:\\\/\\\/www.youtube.com\\\/channel\\\/UCGP2Sq0iWaZwT3BdIAQFYpw\"]},{\"@type\":\"Person\",\"@id\":\"https:\\\/\\\/www.organisator.ch\\\/#\\\/schema\\\/person\\\/aa2bace6c5c5aad60102004a50c4eb1c\",\"name\":\"admin\",\"image\":{\"@type\":\"ImageObject\",\"inLanguage\":\"en-US\",\"@id\":\"https:\\\/\\\/secure.gravatar.com\\\/avatar\\\/ae2f4d718e6c49043e314ce431e7e645d646302a24a5ef5a8bc8e3f5a032e319?s=96&d=mm&r=g\",\"url\":\"https:\\\/\\\/secure.gravatar.com\\\/avatar\\\/ae2f4d718e6c49043e314ce431e7e645d646302a24a5ef5a8bc8e3f5a032e319?s=96&d=mm&r=g\",\"contentUrl\":\"https:\\\/\\\/secure.gravatar.com\\\/avatar\\\/ae2f4d718e6c49043e314ce431e7e645d646302a24a5ef5a8bc8e3f5a032e319?s=96&d=mm&r=g\",\"caption\":\"admin\"},\"sameAs\":[\"https:\\\/\\\/www.organisator.ch\"],\"url\":\"https:\\\/\\\/www.organisator.ch\\\/en\\\/author\\\/admin\\\/\"}]}<\/script>\n<!-- \/ Yoast SEO plugin. -->","yoast_head_json":{"title":"Digitalization and HRM: Continue to demand creativity, initiative and passion - Organizer","description":"The 12th East Switzerland HR Day was entirely dedicated to the topic of digitalization in human resource management (HRM) and how the world of work is changing.","robots":{"index":"index","follow":"follow","max-snippet":"max-snippet:-1","max-image-preview":"max-image-preview:large","max-video-preview":"max-video-preview:-1"},"canonical":"https:\/\/www.organisator.ch\/en\/management\/2016-06-10\/digitalisierung-und-hrm-kreativitaet-initiative-und-leidenschaft-weiter-einfordern\/","og_locale":"en_US","og_type":"article","og_title":"Digitalisierung und HRM: Kreativit\u00e4t, Initiative und Leidenschaft weiter einfordern","og_description":"Der 12. Ostschweizer Personaltag widmete sich ganz dem Thema Personalmanagement im Digitalen Zeitalter. Wie sich die Arbeitswelt ver\u00e4ndert, wie das HRM darauf reagieren soll bzw. muss und welche \"Standards\" auch weitere industrielle Revolutionen \u00fcberdauern werden, dar\u00fcber wurde intensiv referiert und diskutiert.","og_url":"https:\/\/www.organisator.ch\/en\/management\/2016-06-10\/digitalisierung-und-hrm-kreativitaet-initiative-und-leidenschaft-weiter-einfordern\/","og_site_name":"Organisator","article_publisher":"https:\/\/www.facebook.com\/OrganisatorFachmagazin","article_published_time":"2016-06-10T10:10:21+00:00","author":"admin","twitter_card":"summary_large_image","twitter_image":"https:\/\/www.organisator.ch\/wp-content\/uploads\/2016\/12\/Digitalisierung-und-HRM-Kreativitaet-Initiative-und-Leidenschaft-weiter-einfordern-organisator.jpg","schema":{"@context":"https:\/\/schema.org","@graph":[{"@type":"Article","@id":"https:\/\/www.organisator.ch\/management\/2016-06-10\/digitalisierung-und-hrm-kreativitaet-initiative-und-leidenschaft-weiter-einfordern\/#article","isPartOf":{"@id":"https:\/\/www.organisator.ch\/management\/2016-06-10\/digitalisierung-und-hrm-kreativitaet-initiative-und-leidenschaft-weiter-einfordern\/"},"author":{"name":"admin","@id":"https:\/\/www.organisator.ch\/#\/schema\/person\/aa2bace6c5c5aad60102004a50c4eb1c"},"headline":"Digitalisierung und HRM: Kreativit\u00e4t, Initiative und Leidenschaft weiter einfordern","datePublished":"2016-06-10T10:10:21+00:00","mainEntityOfPage":{"@id":"https:\/\/www.organisator.ch\/management\/2016-06-10\/digitalisierung-und-hrm-kreativitaet-initiative-und-leidenschaft-weiter-einfordern\/"},"wordCount":806,"commentCount":0,"publisher":{"@id":"https:\/\/www.organisator.ch\/#organization"},"image":{"@id":"https:\/\/www.organisator.ch\/management\/2016-06-10\/digitalisierung-und-hrm-kreativitaet-initiative-und-leidenschaft-weiter-einfordern\/#primaryimage"},"thumbnailUrl":"https:\/\/www.organisator.ch\/wp-content\/uploads\/2016\/12\/Digitalisierung-und-HRM-Kreativitaet-Initiative-und-Leidenschaft-weiter-einfordern-organisator.jpg","keywords":["Fachkongress\/Fachmesse","Management","Management und Unternehmensf\u00fchrung"],"articleSection":["MANAGEMENT"],"inLanguage":"en-US"},{"@type":"WebPage","@id":"https:\/\/www.organisator.ch\/management\/2016-06-10\/digitalisierung-und-hrm-kreativitaet-initiative-und-leidenschaft-weiter-einfordern\/","url":"https:\/\/www.organisator.ch\/management\/2016-06-10\/digitalisierung-und-hrm-kreativitaet-initiative-und-leidenschaft-weiter-einfordern\/","name":"Digitalization and HRM: Continue to demand creativity, initiative and passion - Organizer","isPartOf":{"@id":"https:\/\/www.organisator.ch\/#website"},"primaryImageOfPage":{"@id":"https:\/\/www.organisator.ch\/management\/2016-06-10\/digitalisierung-und-hrm-kreativitaet-initiative-und-leidenschaft-weiter-einfordern\/#primaryimage"},"image":{"@id":"https:\/\/www.organisator.ch\/management\/2016-06-10\/digitalisierung-und-hrm-kreativitaet-initiative-und-leidenschaft-weiter-einfordern\/#primaryimage"},"thumbnailUrl":"https:\/\/www.organisator.ch\/wp-content\/uploads\/2016\/12\/Digitalisierung-und-HRM-Kreativitaet-Initiative-und-Leidenschaft-weiter-einfordern-organisator.jpg","datePublished":"2016-06-10T10:10:21+00:00","description":"The 12th East Switzerland HR Day was entirely dedicated to the topic of digitalization in human resource management (HRM) and how the world of work is changing.","breadcrumb":{"@id":"https:\/\/www.organisator.ch\/management\/2016-06-10\/digitalisierung-und-hrm-kreativitaet-initiative-und-leidenschaft-weiter-einfordern\/#breadcrumb"},"inLanguage":"en-US","potentialAction":[{"@type":"ReadAction","target":["https:\/\/www.organisator.ch\/management\/2016-06-10\/digitalisierung-und-hrm-kreativitaet-initiative-und-leidenschaft-weiter-einfordern\/"]}]},{"@type":"ImageObject","inLanguage":"en-US","@id":"https:\/\/www.organisator.ch\/management\/2016-06-10\/digitalisierung-und-hrm-kreativitaet-initiative-und-leidenschaft-weiter-einfordern\/#primaryimage","url":"https:\/\/www.organisator.ch\/wp-content\/uploads\/2016\/12\/Digitalisierung-und-HRM-Kreativitaet-Initiative-und-Leidenschaft-weiter-einfordern-organisator.jpg","contentUrl":"https:\/\/www.organisator.ch\/wp-content\/uploads\/2016\/12\/Digitalisierung-und-HRM-Kreativitaet-Initiative-und-Leidenschaft-weiter-einfordern-organisator.jpg","width":506,"height":480,"caption":"Moderator Marco Fritsche im Gespr\u00e4ch mit den Referentinnen Petra Schmidhalter (links) und Bianca Gatschet. (Foto: thb)"},{"@type":"BreadcrumbList","@id":"https:\/\/www.organisator.ch\/management\/2016-06-10\/digitalisierung-und-hrm-kreativitaet-initiative-und-leidenschaft-weiter-einfordern\/#breadcrumb","itemListElement":[{"@type":"ListItem","position":1,"name":"Home","item":"https:\/\/www.organisator.ch\/"},{"@type":"ListItem","position":2,"name":"Digitalisierung und HRM: Kreativit\u00e4t, Initiative und Leidenschaft weiter einfordern"}]},{"@type":"WebSite","@id":"https:\/\/www.organisator.ch\/#website","url":"https:\/\/www.organisator.ch\/","name":"Organizer","description":"Competent. Practical. In 10 issues per year, ORGANISATOR presents the essential topics for managers of SMEs.","publisher":{"@id":"https:\/\/www.organisator.ch\/#organization"},"potentialAction":[{"@type":"SearchAction","target":{"@type":"EntryPoint","urlTemplate":"https:\/\/www.organisator.ch\/?s={search_term_string}"},"query-input":{"@type":"PropertyValueSpecification","valueRequired":true,"valueName":"search_term_string"}}],"inLanguage":"en-US"},{"@type":"Organization","@id":"https:\/\/www.organisator.ch\/#organization","name":"Organizer","url":"https:\/\/www.organisator.ch\/","logo":{"@type":"ImageObject","inLanguage":"en-US","@id":"https:\/\/www.organisator.ch\/#\/schema\/logo\/image\/","url":"https:\/\/www.organisator.ch\/wp-content\/uploads\/2022\/01\/Logo_Organisator_Website.png","contentUrl":"https:\/\/www.organisator.ch\/wp-content\/uploads\/2022\/01\/Logo_Organisator_Website.png","width":800,"height":77,"caption":"Organisator"},"image":{"@id":"https:\/\/www.organisator.ch\/#\/schema\/logo\/image\/"},"sameAs":["https:\/\/www.facebook.com\/OrganisatorFachmagazin","https:\/\/www.linkedin.com\/showcase\/organisator-das-magazin-fr-kmu","https:\/\/www.xing.com\/news\/pages\/organisator-ch-695","https:\/\/www.youtube.com\/channel\/UCGP2Sq0iWaZwT3BdIAQFYpw"]},{"@type":"Person","@id":"https:\/\/www.organisator.ch\/#\/schema\/person\/aa2bace6c5c5aad60102004a50c4eb1c","name":"admin","image":{"@type":"ImageObject","inLanguage":"en-US","@id":"https:\/\/secure.gravatar.com\/avatar\/ae2f4d718e6c49043e314ce431e7e645d646302a24a5ef5a8bc8e3f5a032e319?s=96&d=mm&r=g","url":"https:\/\/secure.gravatar.com\/avatar\/ae2f4d718e6c49043e314ce431e7e645d646302a24a5ef5a8bc8e3f5a032e319?s=96&d=mm&r=g","contentUrl":"https:\/\/secure.gravatar.com\/avatar\/ae2f4d718e6c49043e314ce431e7e645d646302a24a5ef5a8bc8e3f5a032e319?s=96&d=mm&r=g","caption":"admin"},"sameAs":["https:\/\/www.organisator.ch"],"url":"https:\/\/www.organisator.ch\/en\/author\/admin\/"}]}},"_links":{"self":[{"href":"https:\/\/www.organisator.ch\/en\/wp-json\/wp\/v2\/posts\/592","targetHints":{"allow":["GET"]}}],"collection":[{"href":"https:\/\/www.organisator.ch\/en\/wp-json\/wp\/v2\/posts"}],"about":[{"href":"https:\/\/www.organisator.ch\/en\/wp-json\/wp\/v2\/types\/post"}],"author":[{"embeddable":true,"href":"https:\/\/www.organisator.ch\/en\/wp-json\/wp\/v2\/users\/1"}],"replies":[{"embeddable":true,"href":"https:\/\/www.organisator.ch\/en\/wp-json\/wp\/v2\/comments?post=592"}],"version-history":[{"count":0,"href":"https:\/\/www.organisator.ch\/en\/wp-json\/wp\/v2\/posts\/592\/revisions"}],"wp:featuredmedia":[{"embeddable":true,"href":"https:\/\/www.organisator.ch\/en\/wp-json\/wp\/v2\/media\/593"}],"wp:attachment":[{"href":"https:\/\/www.organisator.ch\/en\/wp-json\/wp\/v2\/media?parent=592"}],"wp:term":[{"taxonomy":"category","embeddable":true,"href":"https:\/\/www.organisator.ch\/en\/wp-json\/wp\/v2\/categories?post=592"},{"taxonomy":"post_tag","embeddable":true,"href":"https:\/\/www.organisator.ch\/en\/wp-json\/wp\/v2\/tags?post=592"}],"curies":[{"name":"wp","href":"https:\/\/api.w.org\/{rel}","templated":true}]}}