{"id":5937,"date":"2019-10-22T09:23:22","date_gmt":"2019-10-22T07:23:22","guid":{"rendered":"https:\/\/www.organisator.ch\/?p=5937"},"modified":"2019-10-22T09:23:22","modified_gmt":"2019-10-22T07:23:22","slug":"praxisdialog-emotionale-intelligenz-gemeinsamer-nenner-eines-inclusive-leadership","status":"publish","type":"post","link":"https:\/\/www.organisator.ch\/en\/management\/2019-10-22\/praxisdialog-emotionale-intelligenz-gemeinsamer-nenner-eines-inclusive-leadership\/","title":{"rendered":"Practice Dialogue \"Emotional Intelligence: Common Denominator of Inclusive Leadership?\""},"content":{"rendered":"<figure id=\"attachment_5938\" aria-describedby=\"caption-attachment-5938\" style=\"width: 680px\" class=\"wp-caption alignnone\"><img loading=\"lazy\" decoding=\"async\" class=\"size-medium wp-image-5938\" src=\"https:\/\/www.organisator.ch\/wp-content\/uploads\/2019\/10\/Praxisdialog-Emotionale-Intelligenz-Gemeinsamer-Nenner-eines-Inclusive-Leadership_Organisator.jpg\" alt=\"\" width=\"680\" height=\"366\" srcset=\"https:\/\/www.organisator.ch\/wp-content\/uploads\/2019\/10\/Praxisdialog-Emotionale-Intelligenz-Gemeinsamer-Nenner-eines-Inclusive-Leadership_Organisator.jpg 680w, https:\/\/www.organisator.ch\/wp-content\/uploads\/2019\/10\/Praxisdialog-Emotionale-Intelligenz-Gemeinsamer-Nenner-eines-Inclusive-Leadership_Organisator-16x9.jpg 16w, https:\/\/www.organisator.ch\/wp-content\/uploads\/2019\/10\/Praxisdialog-Emotionale-Intelligenz-Gemeinsamer-Nenner-eines-Inclusive-Leadership_Organisator-325x175.jpg 325w, https:\/\/www.organisator.ch\/wp-content\/uploads\/2019\/10\/Praxisdialog-Emotionale-Intelligenz-Gemeinsamer-Nenner-eines-Inclusive-Leadership_Organisator-650x350.jpg 650w, https:\/\/www.organisator.ch\/wp-content\/uploads\/2019\/10\/Praxisdialog-Emotionale-Intelligenz-Gemeinsamer-Nenner-eines-Inclusive-Leadership_Organisator-300x161.jpg 300w\" sizes=\"auto, (max-width: 680px) 100vw, 680px\" \/><figcaption id=\"caption-attachment-5938\" class=\"wp-caption-text\">These are the keynote speakers at the third Female Business Seminars Practice Dialogue: HR strategist Yves Givel, Hyatt Hotels Corporation, Nicole Brandes, and top golfer and young entrepreneur Fabienne In-Albon. (Image: Female Business Seminars)<\/figcaption><\/figure>\n<p>For the third time, Female Business Seminars, a company specializing in gender diversity, is holding its practical dialogue, which will take place on November 20, as it did last year, in the <strong>Porsche Centre Zurich<\/strong>\u00a0(Schlieren) will take place. Around the topic\u00a0<strong>\"Emotional intelligence: common denominator for inclusive leadership?\"\u00a0<\/strong>a panel discussion moderated by Dr. Karin Jeker will shed light on what today's times need for a leadership style, what room there is for emotions alongside all the digitality, and whether EQ advances men and women equally and contributes to more sustainable leadership.<\/p>\n<p>Look forward to keynote speaker and book author\u00a0<strong>Nicole Brandes<\/strong>, HR Strategist\u00a0<strong>Yves Givel<\/strong>, Hyatt Hotels Corporation and top golfer and young entrepreneur\u00a0<strong>Fabienne In-Albon<\/strong>. This is a <strong>\"Welcome Ladies &amp; Gentlemen\"<\/strong>\u00a0occasion, so men are also welcome.<\/p>\n<p>There are still a few places available; ORGANISATOR readers can still register until the end of October at the preferential price of CHF 65.- (instead of CHF 85.-) by calling <a href=\"https:\/\/www.femalebusinessseminars.ch\/veranstaltungen\/fb-praxisdialog-2019\">https:\/\/www.femalebusinessseminars.ch\/veranstaltungen\/fb-praxisdialog-2019<\/a> (promotion code: organizer2019)<\/p>","protected":false},"excerpt":{"rendered":"<p>Bereits zum dritten Mal f\u00fchrt das auf Gender Diversity spezialisierte Unternehmen Female Business Seminars ihren Praxisdialog durch, der am 20. November wie letztes Jahr im Porsche Zentrum Z\u00fcrich\u00a0(Schlieren) stattfindet. Rund um das Thema\u00a0\u00abEmotionale Intelligenz: Gemeinsamer Nenner f\u00fcr einen Inclusive Leadership?\u00bb\u00a0wird mit einer von Frau Dr. Karin Jeker moderierten Podiumsdiskussion beleuchtet, was die heutige Zeit f\u00fcr [&hellip;]<\/p>\n","protected":false},"author":4,"featured_media":5938,"comment_status":"closed","ping_status":"closed","sticky":false,"template":"","format":"standard","meta":{"_acf_changed":false,"_yoast_wpseo_focuskw":"Praxisdialog","_yoast_wpseo_metadesc":"Unter dem Titel \u00abEmotionale Intelligenz\u00bb wird am Praxisdialog vom 20. November 2019 beleuchtet, welchen F\u00fchrungsstil die heutige Zeit ben\u00f6tigt.","articlekey":"","footnotes":""},"categories":[28],"tags":[208,496,502],"class_list":["post-5937","post","type-post","status-publish","format-standard","has-post-thumbnail","hentry","category-management","tag-fit-im-job","tag-unternehmensfuehrung","tag-veranstaltungen"],"acf":[],"yoast_head":"<!-- This site is optimized with the Yoast SEO plugin v27.4 - https:\/\/yoast.com\/product\/yoast-seo-wordpress\/ -->\n<title>Praxisdialog &quot;Emotionale Intelligenz: Gemeinsamer Nenner eines Inclusive Leadership?&quot; - Organisator<\/title>\n<meta name=\"description\" content=\"Unter dem Titel \u00abEmotionale Intelligenz\u00bb wird am Praxisdialog vom 20. November 2019 beleuchtet, welchen F\u00fchrungsstil die heutige Zeit ben\u00f6tigt.\" \/>\n<meta name=\"robots\" content=\"index, follow, max-snippet:-1, max-image-preview:large, max-video-preview:-1\" \/>\n<link rel=\"canonical\" href=\"https:\/\/www.organisator.ch\/en\/management\/2019-10-22\/praxisdialog-emotionale-intelligenz-gemeinsamer-nenner-eines-inclusive-leadership\/\" \/>\n<meta property=\"og:locale\" content=\"en_US\" \/>\n<meta property=\"og:type\" content=\"article\" \/>\n<meta property=\"og:title\" content=\"Praxisdialog &quot;Emotionale Intelligenz: Gemeinsamer Nenner eines Inclusive Leadership?&quot;\" \/>\n<meta property=\"og:description\" content=\"Unter dem Titel \u00abEmotionale Intelligenz\u00bb wird am Praxisdialog vom 20. November 2019 beleuchtet, welchen F\u00fchrungsstil die heutige Zeit ben\u00f6tigt.\" \/>\n<meta property=\"og:url\" content=\"https:\/\/www.organisator.ch\/en\/management\/2019-10-22\/praxisdialog-emotionale-intelligenz-gemeinsamer-nenner-eines-inclusive-leadership\/\" \/>\n<meta property=\"og:site_name\" content=\"Organisator\" \/>\n<meta property=\"article:publisher\" content=\"https:\/\/www.facebook.com\/OrganisatorFachmagazin\" \/>\n<meta property=\"article:published_time\" content=\"2019-10-22T07:23:22+00:00\" \/>\n<meta property=\"og:image\" content=\"https:\/\/www.organisator.ch\/wp-content\/uploads\/2019\/10\/Praxisdialog-Emotionale-Intelligenz-Gemeinsamer-Nenner-eines-Inclusive-Leadership_Organisator.jpg\" \/>\n\t<meta property=\"og:image:width\" content=\"680\" \/>\n\t<meta property=\"og:image:height\" content=\"366\" \/>\n\t<meta property=\"og:image:type\" content=\"image\/jpeg\" \/>\n<meta name=\"author\" content=\"thomas.berner\" \/>\n<meta name=\"twitter:card\" content=\"summary_large_image\" \/>\n<meta name=\"twitter:title\" content=\"#Praxisdialog &quot;Emotionale Intelligenz: Gemeinsamer Nenner eines Inclusive #Leadership?&quot;\" \/>\n<meta name=\"twitter:description\" content=\"Unter dem Titel \u00abEmotionale Intelligenz\u00bb wird am #Praxisdialog vom 20. November 2019 beleuchtet, welchen #F\u00fchrungsstil die heutige Zeit ben\u00f6tigt.\" \/>\n<meta name=\"twitter:image\" content=\"https:\/\/www.organisator.ch\/wp-content\/uploads\/2019\/10\/Praxisdialog-Emotionale-Intelligenz-Gemeinsamer-Nenner-eines-Inclusive-Leadership_Organisator.jpg\" \/>\n<script type=\"application\/ld+json\" class=\"yoast-schema-graph\">{\"@context\":\"https:\\\/\\\/schema.org\",\"@graph\":[{\"@type\":\"Article\",\"@id\":\"https:\\\/\\\/www.organisator.ch\\\/management\\\/2019-10-22\\\/praxisdialog-emotionale-intelligenz-gemeinsamer-nenner-eines-inclusive-leadership\\\/#article\",\"isPartOf\":{\"@id\":\"https:\\\/\\\/www.organisator.ch\\\/management\\\/2019-10-22\\\/praxisdialog-emotionale-intelligenz-gemeinsamer-nenner-eines-inclusive-leadership\\\/\"},\"author\":{\"name\":\"thomas.berner\",\"@id\":\"https:\\\/\\\/www.organisator.ch\\\/#\\\/schema\\\/person\\\/6f650f90b2842cd4c0cc334b4e36f67e\"},\"headline\":\"Praxisdialog &#8222;Emotionale Intelligenz: Gemeinsamer Nenner eines Inclusive Leadership?&#8220;\",\"datePublished\":\"2019-10-22T07:23:22+00:00\",\"mainEntityOfPage\":{\"@id\":\"https:\\\/\\\/www.organisator.ch\\\/management\\\/2019-10-22\\\/praxisdialog-emotionale-intelligenz-gemeinsamer-nenner-eines-inclusive-leadership\\\/\"},\"wordCount\":208,\"publisher\":{\"@id\":\"https:\\\/\\\/www.organisator.ch\\\/#organization\"},\"image\":{\"@id\":\"https:\\\/\\\/www.organisator.ch\\\/management\\\/2019-10-22\\\/praxisdialog-emotionale-intelligenz-gemeinsamer-nenner-eines-inclusive-leadership\\\/#primaryimage\"},\"thumbnailUrl\":\"https:\\\/\\\/www.organisator.ch\\\/wp-content\\\/uploads\\\/2019\\\/10\\\/Praxisdialog-Emotionale-Intelligenz-Gemeinsamer-Nenner-eines-Inclusive-Leadership_Organisator.jpg\",\"keywords\":[\"Fit im Job\",\"Unternehmensf\u00fchrung\",\"Veranstaltungen\"],\"articleSection\":[\"MANAGEMENT\"],\"inLanguage\":\"en-US\"},{\"@type\":\"WebPage\",\"@id\":\"https:\\\/\\\/www.organisator.ch\\\/management\\\/2019-10-22\\\/praxisdialog-emotionale-intelligenz-gemeinsamer-nenner-eines-inclusive-leadership\\\/\",\"url\":\"https:\\\/\\\/www.organisator.ch\\\/management\\\/2019-10-22\\\/praxisdialog-emotionale-intelligenz-gemeinsamer-nenner-eines-inclusive-leadership\\\/\",\"name\":\"Praxisdialog \\\"Emotionale Intelligenz: Gemeinsamer Nenner eines Inclusive Leadership?\\\" - Organisator\",\"isPartOf\":{\"@id\":\"https:\\\/\\\/www.organisator.ch\\\/#website\"},\"primaryImageOfPage\":{\"@id\":\"https:\\\/\\\/www.organisator.ch\\\/management\\\/2019-10-22\\\/praxisdialog-emotionale-intelligenz-gemeinsamer-nenner-eines-inclusive-leadership\\\/#primaryimage\"},\"image\":{\"@id\":\"https:\\\/\\\/www.organisator.ch\\\/management\\\/2019-10-22\\\/praxisdialog-emotionale-intelligenz-gemeinsamer-nenner-eines-inclusive-leadership\\\/#primaryimage\"},\"thumbnailUrl\":\"https:\\\/\\\/www.organisator.ch\\\/wp-content\\\/uploads\\\/2019\\\/10\\\/Praxisdialog-Emotionale-Intelligenz-Gemeinsamer-Nenner-eines-Inclusive-Leadership_Organisator.jpg\",\"datePublished\":\"2019-10-22T07:23:22+00:00\",\"description\":\"Unter dem Titel \u00abEmotionale Intelligenz\u00bb wird am Praxisdialog vom 20. November 2019 beleuchtet, welchen F\u00fchrungsstil die heutige Zeit ben\u00f6tigt.\",\"breadcrumb\":{\"@id\":\"https:\\\/\\\/www.organisator.ch\\\/management\\\/2019-10-22\\\/praxisdialog-emotionale-intelligenz-gemeinsamer-nenner-eines-inclusive-leadership\\\/#breadcrumb\"},\"inLanguage\":\"en-US\",\"potentialAction\":[{\"@type\":\"ReadAction\",\"target\":[\"https:\\\/\\\/www.organisator.ch\\\/management\\\/2019-10-22\\\/praxisdialog-emotionale-intelligenz-gemeinsamer-nenner-eines-inclusive-leadership\\\/\"]}]},{\"@type\":\"ImageObject\",\"inLanguage\":\"en-US\",\"@id\":\"https:\\\/\\\/www.organisator.ch\\\/management\\\/2019-10-22\\\/praxisdialog-emotionale-intelligenz-gemeinsamer-nenner-eines-inclusive-leadership\\\/#primaryimage\",\"url\":\"https:\\\/\\\/www.organisator.ch\\\/wp-content\\\/uploads\\\/2019\\\/10\\\/Praxisdialog-Emotionale-Intelligenz-Gemeinsamer-Nenner-eines-Inclusive-Leadership_Organisator.jpg\",\"contentUrl\":\"https:\\\/\\\/www.organisator.ch\\\/wp-content\\\/uploads\\\/2019\\\/10\\\/Praxisdialog-Emotionale-Intelligenz-Gemeinsamer-Nenner-eines-Inclusive-Leadership_Organisator.jpg\",\"width\":680,\"height\":366,\"caption\":\"Das sind die Keynote-Speaker am dritten Praxisdialog von Female Business Seminars: Nicole Brandes, HR-Stratege\u00a0Yves Givel, Hyatt Hotels Corporation und Top-Golferin und Jung-Unternehmerin\u00a0Fabienne In-Albon.\u00a0\"},{\"@type\":\"BreadcrumbList\",\"@id\":\"https:\\\/\\\/www.organisator.ch\\\/management\\\/2019-10-22\\\/praxisdialog-emotionale-intelligenz-gemeinsamer-nenner-eines-inclusive-leadership\\\/#breadcrumb\",\"itemListElement\":[{\"@type\":\"ListItem\",\"position\":1,\"name\":\"Home\",\"item\":\"https:\\\/\\\/www.organisator.ch\\\/\"},{\"@type\":\"ListItem\",\"position\":2,\"name\":\"Praxisdialog &#8222;Emotionale Intelligenz: Gemeinsamer Nenner eines Inclusive Leadership?&#8220;\"}]},{\"@type\":\"WebSite\",\"@id\":\"https:\\\/\\\/www.organisator.ch\\\/#website\",\"url\":\"https:\\\/\\\/www.organisator.ch\\\/\",\"name\":\"Organisator\",\"description\":\"Kompetent. Praxisnah. Der ORGANISATOR bereitet in 10 Ausgaben pro Jahr die wesentlichen Themen f\u00fcr F\u00fchrungskr\u00e4fte von KMU auf.\",\"publisher\":{\"@id\":\"https:\\\/\\\/www.organisator.ch\\\/#organization\"},\"potentialAction\":[{\"@type\":\"SearchAction\",\"target\":{\"@type\":\"EntryPoint\",\"urlTemplate\":\"https:\\\/\\\/www.organisator.ch\\\/?s={search_term_string}\"},\"query-input\":{\"@type\":\"PropertyValueSpecification\",\"valueRequired\":true,\"valueName\":\"search_term_string\"}}],\"inLanguage\":\"en-US\"},{\"@type\":\"Organization\",\"@id\":\"https:\\\/\\\/www.organisator.ch\\\/#organization\",\"name\":\"Organisator\",\"url\":\"https:\\\/\\\/www.organisator.ch\\\/\",\"logo\":{\"@type\":\"ImageObject\",\"inLanguage\":\"en-US\",\"@id\":\"https:\\\/\\\/www.organisator.ch\\\/#\\\/schema\\\/logo\\\/image\\\/\",\"url\":\"https:\\\/\\\/www.organisator.ch\\\/wp-content\\\/uploads\\\/2022\\\/01\\\/Logo_Organisator_Website.png\",\"contentUrl\":\"https:\\\/\\\/www.organisator.ch\\\/wp-content\\\/uploads\\\/2022\\\/01\\\/Logo_Organisator_Website.png\",\"width\":800,\"height\":77,\"caption\":\"Organisator\"},\"image\":{\"@id\":\"https:\\\/\\\/www.organisator.ch\\\/#\\\/schema\\\/logo\\\/image\\\/\"},\"sameAs\":[\"https:\\\/\\\/www.facebook.com\\\/OrganisatorFachmagazin\",\"https:\\\/\\\/www.linkedin.com\\\/showcase\\\/organisator-das-magazin-fr-kmu\",\"https:\\\/\\\/www.xing.com\\\/news\\\/pages\\\/organisator-ch-695\",\"https:\\\/\\\/www.youtube.com\\\/channel\\\/UCGP2Sq0iWaZwT3BdIAQFYpw\"]},{\"@type\":\"Person\",\"@id\":\"https:\\\/\\\/www.organisator.ch\\\/#\\\/schema\\\/person\\\/6f650f90b2842cd4c0cc334b4e36f67e\",\"name\":\"thomas.berner\",\"image\":{\"@type\":\"ImageObject\",\"inLanguage\":\"en-US\",\"@id\":\"https:\\\/\\\/secure.gravatar.com\\\/avatar\\\/ac5001d2a36cb6c6cd3e50789007ffca834b477b74a2144564522e944eabff61?s=96&d=mm&r=g\",\"url\":\"https:\\\/\\\/secure.gravatar.com\\\/avatar\\\/ac5001d2a36cb6c6cd3e50789007ffca834b477b74a2144564522e944eabff61?s=96&d=mm&r=g\",\"contentUrl\":\"https:\\\/\\\/secure.gravatar.com\\\/avatar\\\/ac5001d2a36cb6c6cd3e50789007ffca834b477b74a2144564522e944eabff61?s=96&d=mm&r=g\",\"caption\":\"thomas.berner\"},\"url\":\"https:\\\/\\\/www.organisator.ch\\\/en\\\/author\\\/thomas-berner\\\/\"}]}<\/script>\n<!-- \/ Yoast SEO plugin. -->","yoast_head_json":{"title":"Practice Dialogue \"Emotional Intelligence: Common Denominator of Inclusive Leadership?\" - Organizer","description":"Under the title \"Emotional Intelligence\", the Practical Dialogue on November 20, 2019, will shed light on what leadership style is needed in today's world.","robots":{"index":"index","follow":"follow","max-snippet":"max-snippet:-1","max-image-preview":"max-image-preview:large","max-video-preview":"max-video-preview:-1"},"canonical":"https:\/\/www.organisator.ch\/en\/management\/2019-10-22\/praxisdialog-emotionale-intelligenz-gemeinsamer-nenner-eines-inclusive-leadership\/","og_locale":"en_US","og_type":"article","og_title":"Praxisdialog \"Emotionale Intelligenz: Gemeinsamer Nenner eines Inclusive Leadership?\"","og_description":"Unter dem Titel \u00abEmotionale Intelligenz\u00bb wird am Praxisdialog vom 20. November 2019 beleuchtet, welchen F\u00fchrungsstil die heutige Zeit ben\u00f6tigt.","og_url":"https:\/\/www.organisator.ch\/en\/management\/2019-10-22\/praxisdialog-emotionale-intelligenz-gemeinsamer-nenner-eines-inclusive-leadership\/","og_site_name":"Organisator","article_publisher":"https:\/\/www.facebook.com\/OrganisatorFachmagazin","article_published_time":"2019-10-22T07:23:22+00:00","og_image":[{"width":680,"height":366,"url":"https:\/\/www.organisator.ch\/wp-content\/uploads\/2019\/10\/Praxisdialog-Emotionale-Intelligenz-Gemeinsamer-Nenner-eines-Inclusive-Leadership_Organisator.jpg","type":"image\/jpeg"}],"author":"thomas.berner","twitter_card":"summary_large_image","twitter_title":"#Praxisdialog \"Emotionale Intelligenz: Gemeinsamer Nenner eines Inclusive #Leadership?\"","twitter_description":"Unter dem Titel \u00abEmotionale Intelligenz\u00bb wird am #Praxisdialog vom 20. November 2019 beleuchtet, welchen #F\u00fchrungsstil die heutige Zeit ben\u00f6tigt.","twitter_image":"https:\/\/www.organisator.ch\/wp-content\/uploads\/2019\/10\/Praxisdialog-Emotionale-Intelligenz-Gemeinsamer-Nenner-eines-Inclusive-Leadership_Organisator.jpg","schema":{"@context":"https:\/\/schema.org","@graph":[{"@type":"Article","@id":"https:\/\/www.organisator.ch\/management\/2019-10-22\/praxisdialog-emotionale-intelligenz-gemeinsamer-nenner-eines-inclusive-leadership\/#article","isPartOf":{"@id":"https:\/\/www.organisator.ch\/management\/2019-10-22\/praxisdialog-emotionale-intelligenz-gemeinsamer-nenner-eines-inclusive-leadership\/"},"author":{"name":"thomas.berner","@id":"https:\/\/www.organisator.ch\/#\/schema\/person\/6f650f90b2842cd4c0cc334b4e36f67e"},"headline":"Praxisdialog &#8222;Emotionale Intelligenz: Gemeinsamer Nenner eines Inclusive Leadership?&#8220;","datePublished":"2019-10-22T07:23:22+00:00","mainEntityOfPage":{"@id":"https:\/\/www.organisator.ch\/management\/2019-10-22\/praxisdialog-emotionale-intelligenz-gemeinsamer-nenner-eines-inclusive-leadership\/"},"wordCount":208,"publisher":{"@id":"https:\/\/www.organisator.ch\/#organization"},"image":{"@id":"https:\/\/www.organisator.ch\/management\/2019-10-22\/praxisdialog-emotionale-intelligenz-gemeinsamer-nenner-eines-inclusive-leadership\/#primaryimage"},"thumbnailUrl":"https:\/\/www.organisator.ch\/wp-content\/uploads\/2019\/10\/Praxisdialog-Emotionale-Intelligenz-Gemeinsamer-Nenner-eines-Inclusive-Leadership_Organisator.jpg","keywords":["Fit im Job","Unternehmensf\u00fchrung","Veranstaltungen"],"articleSection":["MANAGEMENT"],"inLanguage":"en-US"},{"@type":"WebPage","@id":"https:\/\/www.organisator.ch\/management\/2019-10-22\/praxisdialog-emotionale-intelligenz-gemeinsamer-nenner-eines-inclusive-leadership\/","url":"https:\/\/www.organisator.ch\/management\/2019-10-22\/praxisdialog-emotionale-intelligenz-gemeinsamer-nenner-eines-inclusive-leadership\/","name":"Practice Dialogue \"Emotional Intelligence: Common Denominator of Inclusive Leadership?\" - Organizer","isPartOf":{"@id":"https:\/\/www.organisator.ch\/#website"},"primaryImageOfPage":{"@id":"https:\/\/www.organisator.ch\/management\/2019-10-22\/praxisdialog-emotionale-intelligenz-gemeinsamer-nenner-eines-inclusive-leadership\/#primaryimage"},"image":{"@id":"https:\/\/www.organisator.ch\/management\/2019-10-22\/praxisdialog-emotionale-intelligenz-gemeinsamer-nenner-eines-inclusive-leadership\/#primaryimage"},"thumbnailUrl":"https:\/\/www.organisator.ch\/wp-content\/uploads\/2019\/10\/Praxisdialog-Emotionale-Intelligenz-Gemeinsamer-Nenner-eines-Inclusive-Leadership_Organisator.jpg","datePublished":"2019-10-22T07:23:22+00:00","description":"Under the title \"Emotional Intelligence\", the Practical Dialogue on November 20, 2019, will shed light on what leadership style is needed in today's world.","breadcrumb":{"@id":"https:\/\/www.organisator.ch\/management\/2019-10-22\/praxisdialog-emotionale-intelligenz-gemeinsamer-nenner-eines-inclusive-leadership\/#breadcrumb"},"inLanguage":"en-US","potentialAction":[{"@type":"ReadAction","target":["https:\/\/www.organisator.ch\/management\/2019-10-22\/praxisdialog-emotionale-intelligenz-gemeinsamer-nenner-eines-inclusive-leadership\/"]}]},{"@type":"ImageObject","inLanguage":"en-US","@id":"https:\/\/www.organisator.ch\/management\/2019-10-22\/praxisdialog-emotionale-intelligenz-gemeinsamer-nenner-eines-inclusive-leadership\/#primaryimage","url":"https:\/\/www.organisator.ch\/wp-content\/uploads\/2019\/10\/Praxisdialog-Emotionale-Intelligenz-Gemeinsamer-Nenner-eines-Inclusive-Leadership_Organisator.jpg","contentUrl":"https:\/\/www.organisator.ch\/wp-content\/uploads\/2019\/10\/Praxisdialog-Emotionale-Intelligenz-Gemeinsamer-Nenner-eines-Inclusive-Leadership_Organisator.jpg","width":680,"height":366,"caption":"Das sind die Keynote-Speaker am dritten Praxisdialog von Female Business Seminars: Nicole Brandes, HR-Stratege\u00a0Yves Givel, Hyatt Hotels Corporation und Top-Golferin und Jung-Unternehmerin\u00a0Fabienne In-Albon.\u00a0"},{"@type":"BreadcrumbList","@id":"https:\/\/www.organisator.ch\/management\/2019-10-22\/praxisdialog-emotionale-intelligenz-gemeinsamer-nenner-eines-inclusive-leadership\/#breadcrumb","itemListElement":[{"@type":"ListItem","position":1,"name":"Home","item":"https:\/\/www.organisator.ch\/"},{"@type":"ListItem","position":2,"name":"Praxisdialog &#8222;Emotionale Intelligenz: Gemeinsamer Nenner eines Inclusive Leadership?&#8220;"}]},{"@type":"WebSite","@id":"https:\/\/www.organisator.ch\/#website","url":"https:\/\/www.organisator.ch\/","name":"Organizer","description":"Competent. Practical. In 10 issues per year, ORGANISATOR presents the essential topics for managers of SMEs.","publisher":{"@id":"https:\/\/www.organisator.ch\/#organization"},"potentialAction":[{"@type":"SearchAction","target":{"@type":"EntryPoint","urlTemplate":"https:\/\/www.organisator.ch\/?s={search_term_string}"},"query-input":{"@type":"PropertyValueSpecification","valueRequired":true,"valueName":"search_term_string"}}],"inLanguage":"en-US"},{"@type":"Organization","@id":"https:\/\/www.organisator.ch\/#organization","name":"Organizer","url":"https:\/\/www.organisator.ch\/","logo":{"@type":"ImageObject","inLanguage":"en-US","@id":"https:\/\/www.organisator.ch\/#\/schema\/logo\/image\/","url":"https:\/\/www.organisator.ch\/wp-content\/uploads\/2022\/01\/Logo_Organisator_Website.png","contentUrl":"https:\/\/www.organisator.ch\/wp-content\/uploads\/2022\/01\/Logo_Organisator_Website.png","width":800,"height":77,"caption":"Organisator"},"image":{"@id":"https:\/\/www.organisator.ch\/#\/schema\/logo\/image\/"},"sameAs":["https:\/\/www.facebook.com\/OrganisatorFachmagazin","https:\/\/www.linkedin.com\/showcase\/organisator-das-magazin-fr-kmu","https:\/\/www.xing.com\/news\/pages\/organisator-ch-695","https:\/\/www.youtube.com\/channel\/UCGP2Sq0iWaZwT3BdIAQFYpw"]},{"@type":"Person","@id":"https:\/\/www.organisator.ch\/#\/schema\/person\/6f650f90b2842cd4c0cc334b4e36f67e","name":"thomas.berner","image":{"@type":"ImageObject","inLanguage":"en-US","@id":"https:\/\/secure.gravatar.com\/avatar\/ac5001d2a36cb6c6cd3e50789007ffca834b477b74a2144564522e944eabff61?s=96&d=mm&r=g","url":"https:\/\/secure.gravatar.com\/avatar\/ac5001d2a36cb6c6cd3e50789007ffca834b477b74a2144564522e944eabff61?s=96&d=mm&r=g","contentUrl":"https:\/\/secure.gravatar.com\/avatar\/ac5001d2a36cb6c6cd3e50789007ffca834b477b74a2144564522e944eabff61?s=96&d=mm&r=g","caption":"thomas.berner"},"url":"https:\/\/www.organisator.ch\/en\/author\/thomas-berner\/"}]}},"_links":{"self":[{"href":"https:\/\/www.organisator.ch\/en\/wp-json\/wp\/v2\/posts\/5937","targetHints":{"allow":["GET"]}}],"collection":[{"href":"https:\/\/www.organisator.ch\/en\/wp-json\/wp\/v2\/posts"}],"about":[{"href":"https:\/\/www.organisator.ch\/en\/wp-json\/wp\/v2\/types\/post"}],"author":[{"embeddable":true,"href":"https:\/\/www.organisator.ch\/en\/wp-json\/wp\/v2\/users\/4"}],"replies":[{"embeddable":true,"href":"https:\/\/www.organisator.ch\/en\/wp-json\/wp\/v2\/comments?post=5937"}],"version-history":[{"count":0,"href":"https:\/\/www.organisator.ch\/en\/wp-json\/wp\/v2\/posts\/5937\/revisions"}],"wp:featuredmedia":[{"embeddable":true,"href":"https:\/\/www.organisator.ch\/en\/wp-json\/wp\/v2\/media\/5938"}],"wp:attachment":[{"href":"https:\/\/www.organisator.ch\/en\/wp-json\/wp\/v2\/media?parent=5937"}],"wp:term":[{"taxonomy":"category","embeddable":true,"href":"https:\/\/www.organisator.ch\/en\/wp-json\/wp\/v2\/categories?post=5937"},{"taxonomy":"post_tag","embeddable":true,"href":"https:\/\/www.organisator.ch\/en\/wp-json\/wp\/v2\/tags?post=5937"}],"curies":[{"name":"wp","href":"https:\/\/api.w.org\/{rel}","templated":true}]}}