{"id":5940,"date":"2019-10-22T09:42:27","date_gmt":"2019-10-22T07:42:27","guid":{"rendered":"https:\/\/www.organisator.ch\/?p=5940"},"modified":"2019-10-22T09:42:27","modified_gmt":"2019-10-22T07:42:27","slug":"neuer-lehrgang-zu-mobbing-sexueller-belaestigung-und-diskriminierung","status":"publish","type":"post","link":"https:\/\/www.organisator.ch\/en\/human-resources\/fit_im_job\/2019-10-22\/neuer-lehrgang-zu-mobbing-sexueller-belaestigung-und-diskriminierung\/","title":{"rendered":"New course on bullying, sexual harassment and discrimination"},"content":{"rendered":"<figure id=\"attachment_5941\" aria-describedby=\"caption-attachment-5941\" style=\"width: 680px\" class=\"wp-caption alignnone\"><img loading=\"lazy\" decoding=\"async\" class=\"size-medium wp-image-5941\" src=\"https:\/\/www.organisator.ch\/wp-content\/uploads\/2019\/10\/Neuer-Lehrgang-zu-Mobbing-sexueller-Belaestigung-und-Diskriminierung_Organisator.jpg\" alt=\"\" width=\"680\" height=\"454\" srcset=\"https:\/\/www.organisator.ch\/wp-content\/uploads\/2019\/10\/Neuer-Lehrgang-zu-Mobbing-sexueller-Belaestigung-und-Diskriminierung_Organisator.jpg 680w, https:\/\/www.organisator.ch\/wp-content\/uploads\/2019\/10\/Neuer-Lehrgang-zu-Mobbing-sexueller-Belaestigung-und-Diskriminierung_Organisator-16x12.jpg 16w, https:\/\/www.organisator.ch\/wp-content\/uploads\/2019\/10\/Neuer-Lehrgang-zu-Mobbing-sexueller-Belaestigung-und-Diskriminierung_Organisator-262x175.jpg 262w, https:\/\/www.organisator.ch\/wp-content\/uploads\/2019\/10\/Neuer-Lehrgang-zu-Mobbing-sexueller-Belaestigung-und-Diskriminierung_Organisator-524x350.jpg 524w, https:\/\/www.organisator.ch\/wp-content\/uploads\/2019\/10\/Neuer-Lehrgang-zu-Mobbing-sexueller-Belaestigung-und-Diskriminierung_Organisator-300x200.jpg 300w\" sizes=\"auto, (max-width: 680px) 100vw, 680px\" \/><figcaption id=\"caption-attachment-5941\" class=\"wp-caption-text\">New course on bullying, sexual harassment and discrimination in the cleaning industry: Corinne Sch\u00e4rer explains the motives. (Image: zVg)<\/figcaption><\/figure>\n<p>In German-speaking Switzerland, 65,000 people are employed in the cleaning industry. Many employees have a migration background and do not yet have a high level of proficiency in the national language. The cleaning industry offers them the opportunity to gain a foothold in a versatile, but also increasingly demanding profession. They can also take advantage of numerous opportunities for ongoing on-the-job training.<\/p>\n<h2><strong>Practice-oriented vocational training <\/strong><\/h2>\n<p><strong>Corinne Sch\u00e4rer<\/strong> is Vice President of the PK Reinigung and represents the interests of the employees. The central secretary and head of Unia's policy department is convinced that education is essential for the cleaning industry, starting with language skills: \"Cleaners must be able to communicate and understand what jobs they have to do. Those who have a good knowledge of the job will advance professionally and personally. The entire industry benefits from this, because customer requirements are also increasing in the cleaning sector. Better trained employees provide better service to customers - so everyone is satisfied.\" The Vice President of the PK Reinigung emphasizes that the way in which education is provided is crucial: \"Education must start with the individual - with his or her competencies. Vocational training in particular must be very practice-oriented. Education is very important for the development of the cleaning industry, but also overall for the future of our society, especially the world of work. For individuals, it's the opportunity to advance professionally and do interesting jobs.\" (Video Interview: <a href=\"https:\/\/www.youtube.com\/watch?v=uCSVlbwyygE\">https:\/\/www.youtube.com\/watch?v=uCSVlbwyygE<\/a>)<\/p>\n<h2>\"Respect in the Workplace: New course on bullying, sexual harassment and discrimination<\/h2>\n<p>The numerous services offered by PK Reinigung are actively used. The German courses alone were attended by around 900 people in 2018. In 2018, PK Reinigung successfully introduced the wage-relevant CLA training course. Starting in October 2019, a new 2-part course on mobbing, sexual harassment and discrimination will be held. In the basic and in-depth module, employees and managers acquire the necessary knowledge to recognize cases of bullying, sexual harassment and discrimination. They learn how to react appropriately and take the necessary steps. They test concrete actions. Social pedagogue Lu Decurtins is one of six experts who developed the course. He formulates his personal wish for the cleaning industry: \"Employees should feel strong, have a secure position and stand up for their rights.\"<\/p>\n<p><em>More information: <a href=\"http:\/\/www.reineprofis.ch\">www.reineprofis.ch <\/a><\/em><\/p>","protected":false},"excerpt":{"rendered":"<p>In der Reinigungsbranche sind in der Deutschschweiz 65\u2019000 Menschen t\u00e4tig. Zahreiche Arbeitnehmenden verf\u00fcgen \u00fcber einen Migrationshintergrund und beherrschen die Landessprache noch nicht auf hohem Niveau. Ihnen bietet die Reinigungsbranche die Chance, in einem vielseitigen, aber auch zunehmend anspruchsvollen Beruf Fuss zu fassen. Sie k\u00f6nnen zudem zahlreiche Angebote nutzen, um sich laufend on the Job weiterzubilden. [&hellip;]<\/p>\n","protected":false},"author":4,"featured_media":5941,"comment_status":"closed","ping_status":"closed","sticky":false,"template":"","format":"standard","meta":{"_acf_changed":false,"_yoast_wpseo_focuskw":"Neuer Lehrgang zu Mobbing","_yoast_wpseo_metadesc":"Die Reinigungsbranche setzt ihre Bildungsoffensive weiter um. Ein neuer Lehrgang zu Mobbing, sexueller Bel\u00e4stigung und Diskriminierung wurde geschaffen.","articlekey":"","footnotes":""},"categories":[25],"tags":[62,208,254,503],"class_list":["post-5940","post","type-post","status-publish","format-standard","has-post-thumbnail","hentry","category-fit_im_job","tag-aus-weiterbildung","tag-fit-im-job","tag-hrm","tag-verbaende"],"acf":[],"yoast_head":"<!-- This site is optimized with the Yoast SEO plugin v27.4 - https:\/\/yoast.com\/product\/yoast-seo-wordpress\/ -->\n<title>Neuer Lehrgang zu Mobbing, sexueller Bel\u00e4stigung und Diskriminierung - Organisator<\/title>\n<meta name=\"description\" content=\"Die Reinigungsbranche setzt ihre Bildungsoffensive weiter um. Ein neuer Lehrgang zu Mobbing, sexueller Bel\u00e4stigung und Diskriminierung wurde geschaffen.\" \/>\n<meta name=\"robots\" content=\"index, follow, max-snippet:-1, max-image-preview:large, max-video-preview:-1\" \/>\n<link rel=\"canonical\" href=\"https:\/\/www.organisator.ch\/en\/human-resources\/fit_im_job\/2019-10-22\/neuer-lehrgang-zu-mobbing-sexueller-belaestigung-und-diskriminierung\/\" \/>\n<meta property=\"og:locale\" content=\"en_US\" \/>\n<meta property=\"og:type\" content=\"article\" \/>\n<meta property=\"og:title\" content=\"Neuer Lehrgang zu Mobbing, sexueller Bel\u00e4stigung und Diskriminierung\" \/>\n<meta property=\"og:description\" content=\"Die Reinigungsbranche setzt ihre Bildungsoffensive weiter um. Ein neuer Lehrgang zu Mobbing, sexueller Bel\u00e4stigung und Diskriminierung wurde geschaffen.\" \/>\n<meta property=\"og:url\" content=\"https:\/\/www.organisator.ch\/en\/human-resources\/fit_im_job\/2019-10-22\/neuer-lehrgang-zu-mobbing-sexueller-belaestigung-und-diskriminierung\/\" \/>\n<meta property=\"og:site_name\" content=\"Organisator\" \/>\n<meta property=\"article:publisher\" content=\"https:\/\/www.facebook.com\/OrganisatorFachmagazin\" \/>\n<meta property=\"article:published_time\" content=\"2019-10-22T07:42:27+00:00\" \/>\n<meta property=\"og:image\" content=\"https:\/\/www.organisator.ch\/wp-content\/uploads\/2019\/10\/Neuer-Lehrgang-zu-Mobbing-sexueller-Belaestigung-und-Diskriminierung_Organisator.jpg\" \/>\n\t<meta property=\"og:image:width\" content=\"680\" \/>\n\t<meta property=\"og:image:height\" content=\"454\" \/>\n\t<meta property=\"og:image:type\" content=\"image\/jpeg\" \/>\n<meta name=\"author\" content=\"thomas.berner\" \/>\n<meta name=\"twitter:card\" content=\"summary_large_image\" \/>\n<meta name=\"twitter:title\" content=\"Neuer Lehrgang zu #Mobbing, sexueller #Bel\u00e4stigung und #Diskriminierung\" \/>\n<meta name=\"twitter:description\" content=\"Die #Reinigungsbranche setzt ihre #Bildungsoffensive weiter um. Ein neuer Lehrgang zu #Mobbing, sexueller #Bel\u00e4stigung und #Diskriminierung wurde geschaffen.\" \/>\n<meta name=\"twitter:image\" content=\"https:\/\/www.organisator.ch\/wp-content\/uploads\/2019\/10\/Neuer-Lehrgang-zu-Mobbing-sexueller-Belaestigung-und-Diskriminierung_Organisator.jpg\" \/>\n<script type=\"application\/ld+json\" class=\"yoast-schema-graph\">{\"@context\":\"https:\\\/\\\/schema.org\",\"@graph\":[{\"@type\":\"Article\",\"@id\":\"https:\\\/\\\/www.organisator.ch\\\/human-resources\\\/fit_im_job\\\/2019-10-22\\\/neuer-lehrgang-zu-mobbing-sexueller-belaestigung-und-diskriminierung\\\/#article\",\"isPartOf\":{\"@id\":\"https:\\\/\\\/www.organisator.ch\\\/human-resources\\\/fit_im_job\\\/2019-10-22\\\/neuer-lehrgang-zu-mobbing-sexueller-belaestigung-und-diskriminierung\\\/\"},\"author\":{\"name\":\"thomas.berner\",\"@id\":\"https:\\\/\\\/www.organisator.ch\\\/#\\\/schema\\\/person\\\/6f650f90b2842cd4c0cc334b4e36f67e\"},\"headline\":\"Neuer Lehrgang zu Mobbing, sexueller Bel\u00e4stigung und Diskriminierung\",\"datePublished\":\"2019-10-22T07:42:27+00:00\",\"mainEntityOfPage\":{\"@id\":\"https:\\\/\\\/www.organisator.ch\\\/human-resources\\\/fit_im_job\\\/2019-10-22\\\/neuer-lehrgang-zu-mobbing-sexueller-belaestigung-und-diskriminierung\\\/\"},\"wordCount\":427,\"publisher\":{\"@id\":\"https:\\\/\\\/www.organisator.ch\\\/#organization\"},\"image\":{\"@id\":\"https:\\\/\\\/www.organisator.ch\\\/human-resources\\\/fit_im_job\\\/2019-10-22\\\/neuer-lehrgang-zu-mobbing-sexueller-belaestigung-und-diskriminierung\\\/#primaryimage\"},\"thumbnailUrl\":\"https:\\\/\\\/www.organisator.ch\\\/wp-content\\\/uploads\\\/2019\\\/10\\\/Neuer-Lehrgang-zu-Mobbing-sexueller-Belaestigung-und-Diskriminierung_Organisator.jpg\",\"keywords\":[\"Aus-\\\/Weiterbildung\",\"Fit im Job\",\"HRM\",\"Verb\u00e4nde\"],\"articleSection\":[\"FIT IM JOB\"],\"inLanguage\":\"en-US\"},{\"@type\":\"WebPage\",\"@id\":\"https:\\\/\\\/www.organisator.ch\\\/human-resources\\\/fit_im_job\\\/2019-10-22\\\/neuer-lehrgang-zu-mobbing-sexueller-belaestigung-und-diskriminierung\\\/\",\"url\":\"https:\\\/\\\/www.organisator.ch\\\/human-resources\\\/fit_im_job\\\/2019-10-22\\\/neuer-lehrgang-zu-mobbing-sexueller-belaestigung-und-diskriminierung\\\/\",\"name\":\"Neuer Lehrgang zu Mobbing, sexueller Bel\u00e4stigung und Diskriminierung - Organisator\",\"isPartOf\":{\"@id\":\"https:\\\/\\\/www.organisator.ch\\\/#website\"},\"primaryImageOfPage\":{\"@id\":\"https:\\\/\\\/www.organisator.ch\\\/human-resources\\\/fit_im_job\\\/2019-10-22\\\/neuer-lehrgang-zu-mobbing-sexueller-belaestigung-und-diskriminierung\\\/#primaryimage\"},\"image\":{\"@id\":\"https:\\\/\\\/www.organisator.ch\\\/human-resources\\\/fit_im_job\\\/2019-10-22\\\/neuer-lehrgang-zu-mobbing-sexueller-belaestigung-und-diskriminierung\\\/#primaryimage\"},\"thumbnailUrl\":\"https:\\\/\\\/www.organisator.ch\\\/wp-content\\\/uploads\\\/2019\\\/10\\\/Neuer-Lehrgang-zu-Mobbing-sexueller-Belaestigung-und-Diskriminierung_Organisator.jpg\",\"datePublished\":\"2019-10-22T07:42:27+00:00\",\"description\":\"Die Reinigungsbranche setzt ihre Bildungsoffensive weiter um. Ein neuer Lehrgang zu Mobbing, sexueller Bel\u00e4stigung und Diskriminierung wurde geschaffen.\",\"breadcrumb\":{\"@id\":\"https:\\\/\\\/www.organisator.ch\\\/human-resources\\\/fit_im_job\\\/2019-10-22\\\/neuer-lehrgang-zu-mobbing-sexueller-belaestigung-und-diskriminierung\\\/#breadcrumb\"},\"inLanguage\":\"en-US\",\"potentialAction\":[{\"@type\":\"ReadAction\",\"target\":[\"https:\\\/\\\/www.organisator.ch\\\/human-resources\\\/fit_im_job\\\/2019-10-22\\\/neuer-lehrgang-zu-mobbing-sexueller-belaestigung-und-diskriminierung\\\/\"]}]},{\"@type\":\"ImageObject\",\"inLanguage\":\"en-US\",\"@id\":\"https:\\\/\\\/www.organisator.ch\\\/human-resources\\\/fit_im_job\\\/2019-10-22\\\/neuer-lehrgang-zu-mobbing-sexueller-belaestigung-und-diskriminierung\\\/#primaryimage\",\"url\":\"https:\\\/\\\/www.organisator.ch\\\/wp-content\\\/uploads\\\/2019\\\/10\\\/Neuer-Lehrgang-zu-Mobbing-sexueller-Belaestigung-und-Diskriminierung_Organisator.jpg\",\"contentUrl\":\"https:\\\/\\\/www.organisator.ch\\\/wp-content\\\/uploads\\\/2019\\\/10\\\/Neuer-Lehrgang-zu-Mobbing-sexueller-Belaestigung-und-Diskriminierung_Organisator.jpg\",\"width\":680,\"height\":454,\"caption\":\"Neuer Lehrgang zu Mobbing, sexueller Bel\u00e4stigung und Diskriminierung in der Reinigungsbranche: Corinne Sch\u00e4rer erl\u00e4utert die Beweggr\u00fcnde. (Bild: zVg)\"},{\"@type\":\"BreadcrumbList\",\"@id\":\"https:\\\/\\\/www.organisator.ch\\\/human-resources\\\/fit_im_job\\\/2019-10-22\\\/neuer-lehrgang-zu-mobbing-sexueller-belaestigung-und-diskriminierung\\\/#breadcrumb\",\"itemListElement\":[{\"@type\":\"ListItem\",\"position\":1,\"name\":\"Home\",\"item\":\"https:\\\/\\\/www.organisator.ch\\\/\"},{\"@type\":\"ListItem\",\"position\":2,\"name\":\"Neuer Lehrgang zu Mobbing, sexueller Bel\u00e4stigung und Diskriminierung\"}]},{\"@type\":\"WebSite\",\"@id\":\"https:\\\/\\\/www.organisator.ch\\\/#website\",\"url\":\"https:\\\/\\\/www.organisator.ch\\\/\",\"name\":\"Organisator\",\"description\":\"Kompetent. Praxisnah. Der ORGANISATOR bereitet in 10 Ausgaben pro Jahr die wesentlichen Themen f\u00fcr F\u00fchrungskr\u00e4fte von KMU auf.\",\"publisher\":{\"@id\":\"https:\\\/\\\/www.organisator.ch\\\/#organization\"},\"potentialAction\":[{\"@type\":\"SearchAction\",\"target\":{\"@type\":\"EntryPoint\",\"urlTemplate\":\"https:\\\/\\\/www.organisator.ch\\\/?s={search_term_string}\"},\"query-input\":{\"@type\":\"PropertyValueSpecification\",\"valueRequired\":true,\"valueName\":\"search_term_string\"}}],\"inLanguage\":\"en-US\"},{\"@type\":\"Organization\",\"@id\":\"https:\\\/\\\/www.organisator.ch\\\/#organization\",\"name\":\"Organisator\",\"url\":\"https:\\\/\\\/www.organisator.ch\\\/\",\"logo\":{\"@type\":\"ImageObject\",\"inLanguage\":\"en-US\",\"@id\":\"https:\\\/\\\/www.organisator.ch\\\/#\\\/schema\\\/logo\\\/image\\\/\",\"url\":\"https:\\\/\\\/www.organisator.ch\\\/wp-content\\\/uploads\\\/2022\\\/01\\\/Logo_Organisator_Website.png\",\"contentUrl\":\"https:\\\/\\\/www.organisator.ch\\\/wp-content\\\/uploads\\\/2022\\\/01\\\/Logo_Organisator_Website.png\",\"width\":800,\"height\":77,\"caption\":\"Organisator\"},\"image\":{\"@id\":\"https:\\\/\\\/www.organisator.ch\\\/#\\\/schema\\\/logo\\\/image\\\/\"},\"sameAs\":[\"https:\\\/\\\/www.facebook.com\\\/OrganisatorFachmagazin\",\"https:\\\/\\\/www.linkedin.com\\\/showcase\\\/organisator-das-magazin-fr-kmu\",\"https:\\\/\\\/www.xing.com\\\/news\\\/pages\\\/organisator-ch-695\",\"https:\\\/\\\/www.youtube.com\\\/channel\\\/UCGP2Sq0iWaZwT3BdIAQFYpw\"]},{\"@type\":\"Person\",\"@id\":\"https:\\\/\\\/www.organisator.ch\\\/#\\\/schema\\\/person\\\/6f650f90b2842cd4c0cc334b4e36f67e\",\"name\":\"thomas.berner\",\"image\":{\"@type\":\"ImageObject\",\"inLanguage\":\"en-US\",\"@id\":\"https:\\\/\\\/secure.gravatar.com\\\/avatar\\\/ac5001d2a36cb6c6cd3e50789007ffca834b477b74a2144564522e944eabff61?s=96&d=mm&r=g\",\"url\":\"https:\\\/\\\/secure.gravatar.com\\\/avatar\\\/ac5001d2a36cb6c6cd3e50789007ffca834b477b74a2144564522e944eabff61?s=96&d=mm&r=g\",\"contentUrl\":\"https:\\\/\\\/secure.gravatar.com\\\/avatar\\\/ac5001d2a36cb6c6cd3e50789007ffca834b477b74a2144564522e944eabff61?s=96&d=mm&r=g\",\"caption\":\"thomas.berner\"},\"url\":\"https:\\\/\\\/www.organisator.ch\\\/en\\\/author\\\/thomas-berner\\\/\"}]}<\/script>\n<!-- \/ Yoast SEO plugin. -->","yoast_head_json":{"title":"New course on bullying, sexual harassment and discrimination - organizer","description":"The cleaning industry continues to implement its education offensive. A new course on bullying, sexual harassment and discrimination has been created.","robots":{"index":"index","follow":"follow","max-snippet":"max-snippet:-1","max-image-preview":"max-image-preview:large","max-video-preview":"max-video-preview:-1"},"canonical":"https:\/\/www.organisator.ch\/en\/human-resources\/fit_im_job\/2019-10-22\/neuer-lehrgang-zu-mobbing-sexueller-belaestigung-und-diskriminierung\/","og_locale":"en_US","og_type":"article","og_title":"Neuer Lehrgang zu Mobbing, sexueller Bel\u00e4stigung und Diskriminierung","og_description":"Die Reinigungsbranche setzt ihre Bildungsoffensive weiter um. Ein neuer Lehrgang zu Mobbing, sexueller Bel\u00e4stigung und Diskriminierung wurde geschaffen.","og_url":"https:\/\/www.organisator.ch\/en\/human-resources\/fit_im_job\/2019-10-22\/neuer-lehrgang-zu-mobbing-sexueller-belaestigung-und-diskriminierung\/","og_site_name":"Organisator","article_publisher":"https:\/\/www.facebook.com\/OrganisatorFachmagazin","article_published_time":"2019-10-22T07:42:27+00:00","og_image":[{"width":680,"height":454,"url":"https:\/\/www.organisator.ch\/wp-content\/uploads\/2019\/10\/Neuer-Lehrgang-zu-Mobbing-sexueller-Belaestigung-und-Diskriminierung_Organisator.jpg","type":"image\/jpeg"}],"author":"thomas.berner","twitter_card":"summary_large_image","twitter_title":"Neuer Lehrgang zu #Mobbing, sexueller #Bel\u00e4stigung und #Diskriminierung","twitter_description":"Die #Reinigungsbranche setzt ihre #Bildungsoffensive weiter um. Ein neuer Lehrgang zu #Mobbing, sexueller #Bel\u00e4stigung und #Diskriminierung wurde geschaffen.","twitter_image":"https:\/\/www.organisator.ch\/wp-content\/uploads\/2019\/10\/Neuer-Lehrgang-zu-Mobbing-sexueller-Belaestigung-und-Diskriminierung_Organisator.jpg","schema":{"@context":"https:\/\/schema.org","@graph":[{"@type":"Article","@id":"https:\/\/www.organisator.ch\/human-resources\/fit_im_job\/2019-10-22\/neuer-lehrgang-zu-mobbing-sexueller-belaestigung-und-diskriminierung\/#article","isPartOf":{"@id":"https:\/\/www.organisator.ch\/human-resources\/fit_im_job\/2019-10-22\/neuer-lehrgang-zu-mobbing-sexueller-belaestigung-und-diskriminierung\/"},"author":{"name":"thomas.berner","@id":"https:\/\/www.organisator.ch\/#\/schema\/person\/6f650f90b2842cd4c0cc334b4e36f67e"},"headline":"Neuer Lehrgang zu Mobbing, sexueller Bel\u00e4stigung und Diskriminierung","datePublished":"2019-10-22T07:42:27+00:00","mainEntityOfPage":{"@id":"https:\/\/www.organisator.ch\/human-resources\/fit_im_job\/2019-10-22\/neuer-lehrgang-zu-mobbing-sexueller-belaestigung-und-diskriminierung\/"},"wordCount":427,"publisher":{"@id":"https:\/\/www.organisator.ch\/#organization"},"image":{"@id":"https:\/\/www.organisator.ch\/human-resources\/fit_im_job\/2019-10-22\/neuer-lehrgang-zu-mobbing-sexueller-belaestigung-und-diskriminierung\/#primaryimage"},"thumbnailUrl":"https:\/\/www.organisator.ch\/wp-content\/uploads\/2019\/10\/Neuer-Lehrgang-zu-Mobbing-sexueller-Belaestigung-und-Diskriminierung_Organisator.jpg","keywords":["Aus-\/Weiterbildung","Fit im Job","HRM","Verb\u00e4nde"],"articleSection":["FIT IM JOB"],"inLanguage":"en-US"},{"@type":"WebPage","@id":"https:\/\/www.organisator.ch\/human-resources\/fit_im_job\/2019-10-22\/neuer-lehrgang-zu-mobbing-sexueller-belaestigung-und-diskriminierung\/","url":"https:\/\/www.organisator.ch\/human-resources\/fit_im_job\/2019-10-22\/neuer-lehrgang-zu-mobbing-sexueller-belaestigung-und-diskriminierung\/","name":"New course on bullying, sexual harassment and discrimination - organizer","isPartOf":{"@id":"https:\/\/www.organisator.ch\/#website"},"primaryImageOfPage":{"@id":"https:\/\/www.organisator.ch\/human-resources\/fit_im_job\/2019-10-22\/neuer-lehrgang-zu-mobbing-sexueller-belaestigung-und-diskriminierung\/#primaryimage"},"image":{"@id":"https:\/\/www.organisator.ch\/human-resources\/fit_im_job\/2019-10-22\/neuer-lehrgang-zu-mobbing-sexueller-belaestigung-und-diskriminierung\/#primaryimage"},"thumbnailUrl":"https:\/\/www.organisator.ch\/wp-content\/uploads\/2019\/10\/Neuer-Lehrgang-zu-Mobbing-sexueller-Belaestigung-und-Diskriminierung_Organisator.jpg","datePublished":"2019-10-22T07:42:27+00:00","description":"The cleaning industry continues to implement its education offensive. A new course on bullying, sexual harassment and discrimination has been created.","breadcrumb":{"@id":"https:\/\/www.organisator.ch\/human-resources\/fit_im_job\/2019-10-22\/neuer-lehrgang-zu-mobbing-sexueller-belaestigung-und-diskriminierung\/#breadcrumb"},"inLanguage":"en-US","potentialAction":[{"@type":"ReadAction","target":["https:\/\/www.organisator.ch\/human-resources\/fit_im_job\/2019-10-22\/neuer-lehrgang-zu-mobbing-sexueller-belaestigung-und-diskriminierung\/"]}]},{"@type":"ImageObject","inLanguage":"en-US","@id":"https:\/\/www.organisator.ch\/human-resources\/fit_im_job\/2019-10-22\/neuer-lehrgang-zu-mobbing-sexueller-belaestigung-und-diskriminierung\/#primaryimage","url":"https:\/\/www.organisator.ch\/wp-content\/uploads\/2019\/10\/Neuer-Lehrgang-zu-Mobbing-sexueller-Belaestigung-und-Diskriminierung_Organisator.jpg","contentUrl":"https:\/\/www.organisator.ch\/wp-content\/uploads\/2019\/10\/Neuer-Lehrgang-zu-Mobbing-sexueller-Belaestigung-und-Diskriminierung_Organisator.jpg","width":680,"height":454,"caption":"Neuer Lehrgang zu Mobbing, sexueller Bel\u00e4stigung und Diskriminierung in der Reinigungsbranche: Corinne Sch\u00e4rer erl\u00e4utert die Beweggr\u00fcnde. (Bild: zVg)"},{"@type":"BreadcrumbList","@id":"https:\/\/www.organisator.ch\/human-resources\/fit_im_job\/2019-10-22\/neuer-lehrgang-zu-mobbing-sexueller-belaestigung-und-diskriminierung\/#breadcrumb","itemListElement":[{"@type":"ListItem","position":1,"name":"Home","item":"https:\/\/www.organisator.ch\/"},{"@type":"ListItem","position":2,"name":"Neuer Lehrgang zu Mobbing, sexueller Bel\u00e4stigung und Diskriminierung"}]},{"@type":"WebSite","@id":"https:\/\/www.organisator.ch\/#website","url":"https:\/\/www.organisator.ch\/","name":"Organizer","description":"Competent. Practical. In 10 issues per year, ORGANISATOR presents the essential topics for managers of SMEs.","publisher":{"@id":"https:\/\/www.organisator.ch\/#organization"},"potentialAction":[{"@type":"SearchAction","target":{"@type":"EntryPoint","urlTemplate":"https:\/\/www.organisator.ch\/?s={search_term_string}"},"query-input":{"@type":"PropertyValueSpecification","valueRequired":true,"valueName":"search_term_string"}}],"inLanguage":"en-US"},{"@type":"Organization","@id":"https:\/\/www.organisator.ch\/#organization","name":"Organizer","url":"https:\/\/www.organisator.ch\/","logo":{"@type":"ImageObject","inLanguage":"en-US","@id":"https:\/\/www.organisator.ch\/#\/schema\/logo\/image\/","url":"https:\/\/www.organisator.ch\/wp-content\/uploads\/2022\/01\/Logo_Organisator_Website.png","contentUrl":"https:\/\/www.organisator.ch\/wp-content\/uploads\/2022\/01\/Logo_Organisator_Website.png","width":800,"height":77,"caption":"Organisator"},"image":{"@id":"https:\/\/www.organisator.ch\/#\/schema\/logo\/image\/"},"sameAs":["https:\/\/www.facebook.com\/OrganisatorFachmagazin","https:\/\/www.linkedin.com\/showcase\/organisator-das-magazin-fr-kmu","https:\/\/www.xing.com\/news\/pages\/organisator-ch-695","https:\/\/www.youtube.com\/channel\/UCGP2Sq0iWaZwT3BdIAQFYpw"]},{"@type":"Person","@id":"https:\/\/www.organisator.ch\/#\/schema\/person\/6f650f90b2842cd4c0cc334b4e36f67e","name":"thomas.berner","image":{"@type":"ImageObject","inLanguage":"en-US","@id":"https:\/\/secure.gravatar.com\/avatar\/ac5001d2a36cb6c6cd3e50789007ffca834b477b74a2144564522e944eabff61?s=96&d=mm&r=g","url":"https:\/\/secure.gravatar.com\/avatar\/ac5001d2a36cb6c6cd3e50789007ffca834b477b74a2144564522e944eabff61?s=96&d=mm&r=g","contentUrl":"https:\/\/secure.gravatar.com\/avatar\/ac5001d2a36cb6c6cd3e50789007ffca834b477b74a2144564522e944eabff61?s=96&d=mm&r=g","caption":"thomas.berner"},"url":"https:\/\/www.organisator.ch\/en\/author\/thomas-berner\/"}]}},"_links":{"self":[{"href":"https:\/\/www.organisator.ch\/en\/wp-json\/wp\/v2\/posts\/5940","targetHints":{"allow":["GET"]}}],"collection":[{"href":"https:\/\/www.organisator.ch\/en\/wp-json\/wp\/v2\/posts"}],"about":[{"href":"https:\/\/www.organisator.ch\/en\/wp-json\/wp\/v2\/types\/post"}],"author":[{"embeddable":true,"href":"https:\/\/www.organisator.ch\/en\/wp-json\/wp\/v2\/users\/4"}],"replies":[{"embeddable":true,"href":"https:\/\/www.organisator.ch\/en\/wp-json\/wp\/v2\/comments?post=5940"}],"version-history":[{"count":0,"href":"https:\/\/www.organisator.ch\/en\/wp-json\/wp\/v2\/posts\/5940\/revisions"}],"wp:featuredmedia":[{"embeddable":true,"href":"https:\/\/www.organisator.ch\/en\/wp-json\/wp\/v2\/media\/5941"}],"wp:attachment":[{"href":"https:\/\/www.organisator.ch\/en\/wp-json\/wp\/v2\/media?parent=5940"}],"wp:term":[{"taxonomy":"category","embeddable":true,"href":"https:\/\/www.organisator.ch\/en\/wp-json\/wp\/v2\/categories?post=5940"},{"taxonomy":"post_tag","embeddable":true,"href":"https:\/\/www.organisator.ch\/en\/wp-json\/wp\/v2\/tags?post=5940"}],"curies":[{"name":"wp","href":"https:\/\/api.w.org\/{rel}","templated":true}]}}