{"id":5946,"date":"2019-10-24T16:02:47","date_gmt":"2019-10-24T14:02:47","guid":{"rendered":"https:\/\/www.organisator.ch\/?p=5946"},"modified":"2019-10-24T16:02:47","modified_gmt":"2019-10-24T14:02:47","slug":"entscheiden-motivieren-verantwortung-uebernehmen","status":"publish","type":"post","link":"https:\/\/www.organisator.ch\/en\/management\/2019-10-24\/entscheiden-motivieren-verantwortung-uebernehmen\/","title":{"rendered":"Decide - motivate - take responsibility"},"content":{"rendered":"<figure id=\"attachment_5948\" aria-describedby=\"caption-attachment-5948\" style=\"width: 680px\" class=\"wp-caption alignnone\"><img loading=\"lazy\" decoding=\"async\" class=\"size-medium wp-image-5948\" src=\"https:\/\/www.organisator.ch\/wp-content\/uploads\/2019\/10\/Entscheiden-motivieren-Verantwortung-uebernehmen-1_Organisator.jpg\" alt=\"\" width=\"680\" height=\"464\" \/><figcaption id=\"caption-attachment-5948\" class=\"wp-caption-text\">Mathias M\u00fcller provided practical input on the essence of leadership: deciding, motivating, taking responsibility. (Image: Thomas Berner)<\/figcaption><\/figure>\n<p>The range of topics was broad: making decisions, motivating, taking responsibility, but also self-reflection, allowing criticism or personal well-being in leadership roles were discussed and debated on the afternoon of October 23, 2019.<\/p>\n<h2>Leadership is more than just making decisions<\/h2>\n<p>The event began with an input presentation by Mathias M\u00fcller. He is a studied psychologist, politician, book author and professional officer of the Swiss Army. In his current function, he is responsible for the annual recruitment of new soldiers. His definition of leadership is also found in the service regulations of the Armed Forces: \"To direct the actions of subordinates toward the achievement of a goal.\" And to do that, it requires the following three duties: Deciding, motivating (by conveying meaning) and taking responsibility. Using various personally experienced examples, he showed that leadership is anything but just giving orders. The personal value compass always plays a role, he said: \"Nobody wants to act badly. People always want to do well,\" M\u00fcller said. But, of course, he conceded that what one person thinks is good can also be bad for others. A boss must also know the strengths and weaknesses of his subordinates well. This is another essence of good leadership, he said. And on the subject of \"wrong decisions,\" Mathias M\u00fcller advised the audience to allow criticism and to \"learn instead of regret.<\/p>\n<h2>Variety of topics communicated holistically<\/h2>\n<figure id=\"attachment_5949\" aria-describedby=\"caption-attachment-5949\" style=\"width: 680px\" class=\"wp-caption alignnone\"><img loading=\"lazy\" decoding=\"async\" class=\"size-medium wp-image-5949\" src=\"https:\/\/www.organisator.ch\/wp-content\/uploads\/2019\/10\/Entscheiden-motivieren-Verantwortung-uebernehmen-2_Organisator.jpg\" alt=\"\" width=\"680\" height=\"336\" \/><figcaption id=\"caption-attachment-5949\" class=\"wp-caption-text\">Impression from the World Caf\u00e9s: Leadership needs the right framework conditions - \"well-being\" is also part of it. (Image: Thomas Berner)<\/figcaption><\/figure>\n<p>Afterwards, there was an opportunity to find out more about the offerings of various companies from the sant\u00e9 &amp; entreprise network. Beat R\u00fcfli, Managing Director of the network, which now has a considerable number of members in the Espace Mittelland region, succeeded in offering a mix of topics that at first glance seemed unusual. But on closer inspection and in the discussions between the participants, it became clear to what extent these topics are directly related to each other. Those who do not feel well work ineffectively, which influences the quality of decisions and has corresponding consequences. Therefore, not only \"leadership\" itself was discussed, but also, for example, needs-oriented nutrition or motivation and spirit - the chosen method of World Caf\u00e9s allowed for a correspondingly lively interaction. The cruise on Lake Biel with the solar-powered catamaran Mobicat provided a correspondingly harmonious setting.<\/p>\n<p><em>More information about the network: <a href=\"http:\/\/www.santeprise.ch\">www.santeprise.ch<\/a><\/em><\/p>","protected":false},"excerpt":{"rendered":"<p>Die Themenpalette war breit: Entscheiden, motivieren, Verantwortung \u00fcbernehmen, aber auch Selbstreflexion, das Zulassen von Kritik oder das pers\u00f6nliche Wohlbefinden bei F\u00fchrungsaufgaben wurden am Nachmittag des 23. Oktober 2019 er\u00f6rtert und diskutiert. F\u00fchrung ist mehr als bloss Entscheiden Den Anfang bildete ein Input-Referat von Mathias M\u00fcller. Er ist studierter Psychologe, Politiker, Buchautor und Berufsoffizier der Schweizer [&hellip;]<\/p>\n","protected":false},"author":4,"featured_media":8469,"comment_status":"closed","ping_status":"closed","sticky":false,"template":"","format":"standard","meta":{"_acf_changed":false,"_yoast_wpseo_focuskw":"Entscheiden","_yoast_wpseo_metadesc":"An Bord des Solar-Katamarans Mobicat trafen sich rund 35 Interessierte zu einem lehrreichen Austausch \u00fcber entscheidende F\u00fchrungsfragen.","articlekey":"","footnotes":""},"categories":[28],"tags":[193,208,335],"class_list":["post-5946","post","type-post","status-publish","format-standard","has-post-thumbnail","hentry","category-management","tag-fachkongressfachmesse","tag-fit-im-job","tag-management-und-unternehmensfuehrung"],"acf":[],"yoast_head":"<!-- This site is optimized with the Yoast SEO plugin v27.4 - https:\/\/yoast.com\/product\/yoast-seo-wordpress\/ -->\n<title>Entscheiden \u2013 motivieren \u2013 Verantwortung \u00fcbernehmen - Organisator<\/title>\n<meta name=\"description\" content=\"An Bord des Solar-Katamarans Mobicat trafen sich rund 35 Interessierte zu einem lehrreichen Austausch \u00fcber entscheidende F\u00fchrungsfragen.\" \/>\n<meta name=\"robots\" content=\"index, follow, max-snippet:-1, max-image-preview:large, max-video-preview:-1\" \/>\n<link rel=\"canonical\" href=\"https:\/\/www.organisator.ch\/en\/management\/2019-10-24\/entscheiden-motivieren-verantwortung-uebernehmen\/\" \/>\n<meta property=\"og:locale\" content=\"en_US\" \/>\n<meta property=\"og:type\" content=\"article\" \/>\n<meta property=\"og:title\" content=\"Entscheiden \u2013 motivieren \u2013 Verantwortung \u00fcbernehmen\" \/>\n<meta property=\"og:description\" content=\"An Bord des Solar-Katamarans Mobicat trafen sich rund 35 Interessierte zu einem lehrreichen Austausch \u00fcber entscheidende F\u00fchrungsfragen.\" \/>\n<meta property=\"og:url\" content=\"https:\/\/www.organisator.ch\/en\/management\/2019-10-24\/entscheiden-motivieren-verantwortung-uebernehmen\/\" \/>\n<meta property=\"og:site_name\" content=\"Organisator\" \/>\n<meta property=\"article:publisher\" content=\"https:\/\/www.facebook.com\/OrganisatorFachmagazin\" \/>\n<meta property=\"article:published_time\" content=\"2019-10-24T14:02:47+00:00\" \/>\n<meta property=\"og:image\" content=\"https:\/\/www.organisator.ch\/wp-content\/uploads\/2021\/07\/Logo_Organisator_2020.jpg\" \/>\n\t<meta property=\"og:image:width\" content=\"800\" \/>\n\t<meta property=\"og:image:height\" content=\"137\" \/>\n\t<meta property=\"og:image:type\" content=\"image\/jpeg\" \/>\n<meta name=\"author\" content=\"thomas.berner\" \/>\n<meta name=\"twitter:card\" content=\"summary_large_image\" \/>\n<meta name=\"twitter:title\" content=\"#Entscheiden \u2013 #motivieren \u2013 #Verantwortung \u00fcbernehmen\" \/>\n<meta name=\"twitter:description\" content=\"An Bord des #Solar-Katamarans Mobicat trafen sich rund 35 Interessierte zu einem lehrreichen Austausch \u00fcber entscheidende #F\u00fchrungsfragen.\" \/>\n<script type=\"application\/ld+json\" class=\"yoast-schema-graph\">{\"@context\":\"https:\\\/\\\/schema.org\",\"@graph\":[{\"@type\":\"Article\",\"@id\":\"https:\\\/\\\/www.organisator.ch\\\/management\\\/2019-10-24\\\/entscheiden-motivieren-verantwortung-uebernehmen\\\/#article\",\"isPartOf\":{\"@id\":\"https:\\\/\\\/www.organisator.ch\\\/management\\\/2019-10-24\\\/entscheiden-motivieren-verantwortung-uebernehmen\\\/\"},\"author\":{\"name\":\"thomas.berner\",\"@id\":\"https:\\\/\\\/www.organisator.ch\\\/#\\\/schema\\\/person\\\/6f650f90b2842cd4c0cc334b4e36f67e\"},\"headline\":\"Entscheiden \u2013 motivieren \u2013 Verantwortung \u00fcbernehmen\",\"datePublished\":\"2019-10-24T14:02:47+00:00\",\"mainEntityOfPage\":{\"@id\":\"https:\\\/\\\/www.organisator.ch\\\/management\\\/2019-10-24\\\/entscheiden-motivieren-verantwortung-uebernehmen\\\/\"},\"wordCount\":434,\"publisher\":{\"@id\":\"https:\\\/\\\/www.organisator.ch\\\/#organization\"},\"image\":{\"@id\":\"https:\\\/\\\/www.organisator.ch\\\/management\\\/2019-10-24\\\/entscheiden-motivieren-verantwortung-uebernehmen\\\/#primaryimage\"},\"thumbnailUrl\":\"https:\\\/\\\/www.organisator.ch\\\/wp-content\\\/uploads\\\/2019\\\/10\\\/Entscheiden-motivieren-Verantwortung-uebernehmen-1_Organisator.jpg\",\"keywords\":[\"Fachkongress\\\/Fachmesse\",\"Fit im Job\",\"Management und Unternehmensf\u00fchrung\"],\"articleSection\":[\"MANAGEMENT\"],\"inLanguage\":\"en-US\"},{\"@type\":\"WebPage\",\"@id\":\"https:\\\/\\\/www.organisator.ch\\\/management\\\/2019-10-24\\\/entscheiden-motivieren-verantwortung-uebernehmen\\\/\",\"url\":\"https:\\\/\\\/www.organisator.ch\\\/management\\\/2019-10-24\\\/entscheiden-motivieren-verantwortung-uebernehmen\\\/\",\"name\":\"Entscheiden \u2013 motivieren \u2013 Verantwortung \u00fcbernehmen - Organisator\",\"isPartOf\":{\"@id\":\"https:\\\/\\\/www.organisator.ch\\\/#website\"},\"primaryImageOfPage\":{\"@id\":\"https:\\\/\\\/www.organisator.ch\\\/management\\\/2019-10-24\\\/entscheiden-motivieren-verantwortung-uebernehmen\\\/#primaryimage\"},\"image\":{\"@id\":\"https:\\\/\\\/www.organisator.ch\\\/management\\\/2019-10-24\\\/entscheiden-motivieren-verantwortung-uebernehmen\\\/#primaryimage\"},\"thumbnailUrl\":\"https:\\\/\\\/www.organisator.ch\\\/wp-content\\\/uploads\\\/2019\\\/10\\\/Entscheiden-motivieren-Verantwortung-uebernehmen-1_Organisator.jpg\",\"datePublished\":\"2019-10-24T14:02:47+00:00\",\"description\":\"An Bord des Solar-Katamarans Mobicat trafen sich rund 35 Interessierte zu einem lehrreichen Austausch \u00fcber entscheidende F\u00fchrungsfragen.\",\"breadcrumb\":{\"@id\":\"https:\\\/\\\/www.organisator.ch\\\/management\\\/2019-10-24\\\/entscheiden-motivieren-verantwortung-uebernehmen\\\/#breadcrumb\"},\"inLanguage\":\"en-US\",\"potentialAction\":[{\"@type\":\"ReadAction\",\"target\":[\"https:\\\/\\\/www.organisator.ch\\\/management\\\/2019-10-24\\\/entscheiden-motivieren-verantwortung-uebernehmen\\\/\"]}]},{\"@type\":\"ImageObject\",\"inLanguage\":\"en-US\",\"@id\":\"https:\\\/\\\/www.organisator.ch\\\/management\\\/2019-10-24\\\/entscheiden-motivieren-verantwortung-uebernehmen\\\/#primaryimage\",\"url\":\"https:\\\/\\\/www.organisator.ch\\\/wp-content\\\/uploads\\\/2019\\\/10\\\/Entscheiden-motivieren-Verantwortung-uebernehmen-1_Organisator.jpg\",\"contentUrl\":\"https:\\\/\\\/www.organisator.ch\\\/wp-content\\\/uploads\\\/2019\\\/10\\\/Entscheiden-motivieren-Verantwortung-uebernehmen-1_Organisator.jpg\",\"width\":680,\"height\":464,\"caption\":\"Mathias M\u00fcller vermittelte praxisbezogene Inputs zur Essenz von F\u00fchrung: Entscheiden, motivieren, Verantwortung tragen. (Bild: Thomas Berner)\"},{\"@type\":\"BreadcrumbList\",\"@id\":\"https:\\\/\\\/www.organisator.ch\\\/management\\\/2019-10-24\\\/entscheiden-motivieren-verantwortung-uebernehmen\\\/#breadcrumb\",\"itemListElement\":[{\"@type\":\"ListItem\",\"position\":1,\"name\":\"Home\",\"item\":\"https:\\\/\\\/www.organisator.ch\\\/\"},{\"@type\":\"ListItem\",\"position\":2,\"name\":\"Entscheiden \u2013 motivieren \u2013 Verantwortung \u00fcbernehmen\"}]},{\"@type\":\"WebSite\",\"@id\":\"https:\\\/\\\/www.organisator.ch\\\/#website\",\"url\":\"https:\\\/\\\/www.organisator.ch\\\/\",\"name\":\"Organisator\",\"description\":\"Kompetent. Praxisnah. Der ORGANISATOR bereitet in 10 Ausgaben pro Jahr die wesentlichen Themen f\u00fcr F\u00fchrungskr\u00e4fte von KMU auf.\",\"publisher\":{\"@id\":\"https:\\\/\\\/www.organisator.ch\\\/#organization\"},\"potentialAction\":[{\"@type\":\"SearchAction\",\"target\":{\"@type\":\"EntryPoint\",\"urlTemplate\":\"https:\\\/\\\/www.organisator.ch\\\/?s={search_term_string}\"},\"query-input\":{\"@type\":\"PropertyValueSpecification\",\"valueRequired\":true,\"valueName\":\"search_term_string\"}}],\"inLanguage\":\"en-US\"},{\"@type\":\"Organization\",\"@id\":\"https:\\\/\\\/www.organisator.ch\\\/#organization\",\"name\":\"Organisator\",\"url\":\"https:\\\/\\\/www.organisator.ch\\\/\",\"logo\":{\"@type\":\"ImageObject\",\"inLanguage\":\"en-US\",\"@id\":\"https:\\\/\\\/www.organisator.ch\\\/#\\\/schema\\\/logo\\\/image\\\/\",\"url\":\"https:\\\/\\\/www.organisator.ch\\\/wp-content\\\/uploads\\\/2022\\\/01\\\/Logo_Organisator_Website.png\",\"contentUrl\":\"https:\\\/\\\/www.organisator.ch\\\/wp-content\\\/uploads\\\/2022\\\/01\\\/Logo_Organisator_Website.png\",\"width\":800,\"height\":77,\"caption\":\"Organisator\"},\"image\":{\"@id\":\"https:\\\/\\\/www.organisator.ch\\\/#\\\/schema\\\/logo\\\/image\\\/\"},\"sameAs\":[\"https:\\\/\\\/www.facebook.com\\\/OrganisatorFachmagazin\",\"https:\\\/\\\/www.linkedin.com\\\/showcase\\\/organisator-das-magazin-fr-kmu\",\"https:\\\/\\\/www.xing.com\\\/news\\\/pages\\\/organisator-ch-695\",\"https:\\\/\\\/www.youtube.com\\\/channel\\\/UCGP2Sq0iWaZwT3BdIAQFYpw\"]},{\"@type\":\"Person\",\"@id\":\"https:\\\/\\\/www.organisator.ch\\\/#\\\/schema\\\/person\\\/6f650f90b2842cd4c0cc334b4e36f67e\",\"name\":\"thomas.berner\",\"image\":{\"@type\":\"ImageObject\",\"inLanguage\":\"en-US\",\"@id\":\"https:\\\/\\\/secure.gravatar.com\\\/avatar\\\/ac5001d2a36cb6c6cd3e50789007ffca834b477b74a2144564522e944eabff61?s=96&d=mm&r=g\",\"url\":\"https:\\\/\\\/secure.gravatar.com\\\/avatar\\\/ac5001d2a36cb6c6cd3e50789007ffca834b477b74a2144564522e944eabff61?s=96&d=mm&r=g\",\"contentUrl\":\"https:\\\/\\\/secure.gravatar.com\\\/avatar\\\/ac5001d2a36cb6c6cd3e50789007ffca834b477b74a2144564522e944eabff61?s=96&d=mm&r=g\",\"caption\":\"thomas.berner\"},\"url\":\"https:\\\/\\\/www.organisator.ch\\\/en\\\/author\\\/thomas-berner\\\/\"}]}<\/script>\n<!-- \/ Yoast SEO plugin. -->","yoast_head_json":{"title":"Decide - motivate - take responsibility - organizer","description":"On board the solar catamaran Mobicat, around 35 interested parties met for an instructive exchange on crucial leadership issues.","robots":{"index":"index","follow":"follow","max-snippet":"max-snippet:-1","max-image-preview":"max-image-preview:large","max-video-preview":"max-video-preview:-1"},"canonical":"https:\/\/www.organisator.ch\/en\/management\/2019-10-24\/entscheiden-motivieren-verantwortung-uebernehmen\/","og_locale":"en_US","og_type":"article","og_title":"Entscheiden \u2013 motivieren \u2013 Verantwortung \u00fcbernehmen","og_description":"An Bord des Solar-Katamarans Mobicat trafen sich rund 35 Interessierte zu einem lehrreichen Austausch \u00fcber entscheidende F\u00fchrungsfragen.","og_url":"https:\/\/www.organisator.ch\/en\/management\/2019-10-24\/entscheiden-motivieren-verantwortung-uebernehmen\/","og_site_name":"Organisator","article_publisher":"https:\/\/www.facebook.com\/OrganisatorFachmagazin","article_published_time":"2019-10-24T14:02:47+00:00","og_image":[{"width":800,"height":137,"url":"https:\/\/www.organisator.ch\/wp-content\/uploads\/2021\/07\/Logo_Organisator_2020.jpg","type":"image\/jpeg"}],"author":"thomas.berner","twitter_card":"summary_large_image","twitter_title":"#Entscheiden \u2013 #motivieren \u2013 #Verantwortung \u00fcbernehmen","twitter_description":"An Bord des #Solar-Katamarans Mobicat trafen sich rund 35 Interessierte zu einem lehrreichen Austausch \u00fcber entscheidende #F\u00fchrungsfragen.","schema":{"@context":"https:\/\/schema.org","@graph":[{"@type":"Article","@id":"https:\/\/www.organisator.ch\/management\/2019-10-24\/entscheiden-motivieren-verantwortung-uebernehmen\/#article","isPartOf":{"@id":"https:\/\/www.organisator.ch\/management\/2019-10-24\/entscheiden-motivieren-verantwortung-uebernehmen\/"},"author":{"name":"thomas.berner","@id":"https:\/\/www.organisator.ch\/#\/schema\/person\/6f650f90b2842cd4c0cc334b4e36f67e"},"headline":"Entscheiden \u2013 motivieren \u2013 Verantwortung \u00fcbernehmen","datePublished":"2019-10-24T14:02:47+00:00","mainEntityOfPage":{"@id":"https:\/\/www.organisator.ch\/management\/2019-10-24\/entscheiden-motivieren-verantwortung-uebernehmen\/"},"wordCount":434,"publisher":{"@id":"https:\/\/www.organisator.ch\/#organization"},"image":{"@id":"https:\/\/www.organisator.ch\/management\/2019-10-24\/entscheiden-motivieren-verantwortung-uebernehmen\/#primaryimage"},"thumbnailUrl":"https:\/\/www.organisator.ch\/wp-content\/uploads\/2019\/10\/Entscheiden-motivieren-Verantwortung-uebernehmen-1_Organisator.jpg","keywords":["Fachkongress\/Fachmesse","Fit im Job","Management und Unternehmensf\u00fchrung"],"articleSection":["MANAGEMENT"],"inLanguage":"en-US"},{"@type":"WebPage","@id":"https:\/\/www.organisator.ch\/management\/2019-10-24\/entscheiden-motivieren-verantwortung-uebernehmen\/","url":"https:\/\/www.organisator.ch\/management\/2019-10-24\/entscheiden-motivieren-verantwortung-uebernehmen\/","name":"Decide - motivate - take responsibility - organizer","isPartOf":{"@id":"https:\/\/www.organisator.ch\/#website"},"primaryImageOfPage":{"@id":"https:\/\/www.organisator.ch\/management\/2019-10-24\/entscheiden-motivieren-verantwortung-uebernehmen\/#primaryimage"},"image":{"@id":"https:\/\/www.organisator.ch\/management\/2019-10-24\/entscheiden-motivieren-verantwortung-uebernehmen\/#primaryimage"},"thumbnailUrl":"https:\/\/www.organisator.ch\/wp-content\/uploads\/2019\/10\/Entscheiden-motivieren-Verantwortung-uebernehmen-1_Organisator.jpg","datePublished":"2019-10-24T14:02:47+00:00","description":"On board the solar catamaran Mobicat, around 35 interested parties met for an instructive exchange on crucial leadership issues.","breadcrumb":{"@id":"https:\/\/www.organisator.ch\/management\/2019-10-24\/entscheiden-motivieren-verantwortung-uebernehmen\/#breadcrumb"},"inLanguage":"en-US","potentialAction":[{"@type":"ReadAction","target":["https:\/\/www.organisator.ch\/management\/2019-10-24\/entscheiden-motivieren-verantwortung-uebernehmen\/"]}]},{"@type":"ImageObject","inLanguage":"en-US","@id":"https:\/\/www.organisator.ch\/management\/2019-10-24\/entscheiden-motivieren-verantwortung-uebernehmen\/#primaryimage","url":"https:\/\/www.organisator.ch\/wp-content\/uploads\/2019\/10\/Entscheiden-motivieren-Verantwortung-uebernehmen-1_Organisator.jpg","contentUrl":"https:\/\/www.organisator.ch\/wp-content\/uploads\/2019\/10\/Entscheiden-motivieren-Verantwortung-uebernehmen-1_Organisator.jpg","width":680,"height":464,"caption":"Mathias M\u00fcller vermittelte praxisbezogene Inputs zur Essenz von F\u00fchrung: Entscheiden, motivieren, Verantwortung tragen. (Bild: Thomas Berner)"},{"@type":"BreadcrumbList","@id":"https:\/\/www.organisator.ch\/management\/2019-10-24\/entscheiden-motivieren-verantwortung-uebernehmen\/#breadcrumb","itemListElement":[{"@type":"ListItem","position":1,"name":"Home","item":"https:\/\/www.organisator.ch\/"},{"@type":"ListItem","position":2,"name":"Entscheiden \u2013 motivieren \u2013 Verantwortung \u00fcbernehmen"}]},{"@type":"WebSite","@id":"https:\/\/www.organisator.ch\/#website","url":"https:\/\/www.organisator.ch\/","name":"Organizer","description":"Competent. Practical. In 10 issues per year, ORGANISATOR presents the essential topics for managers of SMEs.","publisher":{"@id":"https:\/\/www.organisator.ch\/#organization"},"potentialAction":[{"@type":"SearchAction","target":{"@type":"EntryPoint","urlTemplate":"https:\/\/www.organisator.ch\/?s={search_term_string}"},"query-input":{"@type":"PropertyValueSpecification","valueRequired":true,"valueName":"search_term_string"}}],"inLanguage":"en-US"},{"@type":"Organization","@id":"https:\/\/www.organisator.ch\/#organization","name":"Organizer","url":"https:\/\/www.organisator.ch\/","logo":{"@type":"ImageObject","inLanguage":"en-US","@id":"https:\/\/www.organisator.ch\/#\/schema\/logo\/image\/","url":"https:\/\/www.organisator.ch\/wp-content\/uploads\/2022\/01\/Logo_Organisator_Website.png","contentUrl":"https:\/\/www.organisator.ch\/wp-content\/uploads\/2022\/01\/Logo_Organisator_Website.png","width":800,"height":77,"caption":"Organisator"},"image":{"@id":"https:\/\/www.organisator.ch\/#\/schema\/logo\/image\/"},"sameAs":["https:\/\/www.facebook.com\/OrganisatorFachmagazin","https:\/\/www.linkedin.com\/showcase\/organisator-das-magazin-fr-kmu","https:\/\/www.xing.com\/news\/pages\/organisator-ch-695","https:\/\/www.youtube.com\/channel\/UCGP2Sq0iWaZwT3BdIAQFYpw"]},{"@type":"Person","@id":"https:\/\/www.organisator.ch\/#\/schema\/person\/6f650f90b2842cd4c0cc334b4e36f67e","name":"thomas.berner","image":{"@type":"ImageObject","inLanguage":"en-US","@id":"https:\/\/secure.gravatar.com\/avatar\/ac5001d2a36cb6c6cd3e50789007ffca834b477b74a2144564522e944eabff61?s=96&d=mm&r=g","url":"https:\/\/secure.gravatar.com\/avatar\/ac5001d2a36cb6c6cd3e50789007ffca834b477b74a2144564522e944eabff61?s=96&d=mm&r=g","contentUrl":"https:\/\/secure.gravatar.com\/avatar\/ac5001d2a36cb6c6cd3e50789007ffca834b477b74a2144564522e944eabff61?s=96&d=mm&r=g","caption":"thomas.berner"},"url":"https:\/\/www.organisator.ch\/en\/author\/thomas-berner\/"}]}},"_links":{"self":[{"href":"https:\/\/www.organisator.ch\/en\/wp-json\/wp\/v2\/posts\/5946","targetHints":{"allow":["GET"]}}],"collection":[{"href":"https:\/\/www.organisator.ch\/en\/wp-json\/wp\/v2\/posts"}],"about":[{"href":"https:\/\/www.organisator.ch\/en\/wp-json\/wp\/v2\/types\/post"}],"author":[{"embeddable":true,"href":"https:\/\/www.organisator.ch\/en\/wp-json\/wp\/v2\/users\/4"}],"replies":[{"embeddable":true,"href":"https:\/\/www.organisator.ch\/en\/wp-json\/wp\/v2\/comments?post=5946"}],"version-history":[{"count":0,"href":"https:\/\/www.organisator.ch\/en\/wp-json\/wp\/v2\/posts\/5946\/revisions"}],"wp:featuredmedia":[{"embeddable":true,"href":"https:\/\/www.organisator.ch\/en\/wp-json\/wp\/v2\/media\/8469"}],"wp:attachment":[{"href":"https:\/\/www.organisator.ch\/en\/wp-json\/wp\/v2\/media?parent=5946"}],"wp:term":[{"taxonomy":"category","embeddable":true,"href":"https:\/\/www.organisator.ch\/en\/wp-json\/wp\/v2\/categories?post=5946"},{"taxonomy":"post_tag","embeddable":true,"href":"https:\/\/www.organisator.ch\/en\/wp-json\/wp\/v2\/tags?post=5946"}],"curies":[{"name":"wp","href":"https:\/\/api.w.org\/{rel}","templated":true}]}}