{"id":6270,"date":"2020-01-24T08:34:01","date_gmt":"2020-01-24T07:34:01","guid":{"rendered":"https:\/\/www.organisator.ch\/?p=6270"},"modified":"2020-01-24T08:34:01","modified_gmt":"2020-01-24T07:34:01","slug":"mehrere-millionen-franken-fuer-klimaschutz-projekte","status":"publish","type":"post","link":"https:\/\/www.organisator.ch\/en\/management\/2020-01-24\/mehrere-millionen-franken-fuer-klimaschutz-projekte\/","title":{"rendered":"Several million francs for climate protection projects"},"content":{"rendered":"<figure id=\"attachment_6271\" aria-describedby=\"caption-attachment-6271\" style=\"width: 680px\" class=\"wp-caption alignnone\"><img loading=\"lazy\" decoding=\"async\" class=\"size-medium wp-image-6271\" src=\"https:\/\/www.organisator.ch\/wp-content\/uploads\/2020\/01\/Mehrere-Millionen-Franken-fuer-Klimaschutz-Projekte_Organisator.jpg\" alt=\"\" width=\"680\" height=\"306\" srcset=\"https:\/\/www.organisator.ch\/wp-content\/uploads\/2020\/01\/Mehrere-Millionen-Franken-fuer-Klimaschutz-Projekte_Organisator.jpg 680w, https:\/\/www.organisator.ch\/wp-content\/uploads\/2020\/01\/Mehrere-Millionen-Franken-fuer-Klimaschutz-Projekte_Organisator-16x7.jpg 16w, https:\/\/www.organisator.ch\/wp-content\/uploads\/2020\/01\/Mehrere-Millionen-Franken-fuer-Klimaschutz-Projekte_Organisator-375x169.jpg 375w, https:\/\/www.organisator.ch\/wp-content\/uploads\/2020\/01\/Mehrere-Millionen-Franken-fuer-Klimaschutz-Projekte_Organisator-300x135.jpg 300w\" sizes=\"auto, (max-width: 680px) 100vw, 680px\" \/><figcaption id=\"caption-attachment-6271\" class=\"wp-caption-text\">The Swiss Climate Foundation provides funding for climate protection projects. Vatorex, for example, which has developed a floor heating system for honey bees, has taken advantage of this. (Image: maxcomm-green.com)<\/figcaption><\/figure>\n<p>Climate protection and sustainability are at the top of the agenda. If the goal of a climate-neutral Switzerland by 2050 is to be achieved, a determined commitment is needed from all sides. More and more SMEs are also making a commitment by launching promising projects or upgrading in terms of energy efficiency. However, in order to successfully implement such an undertaking in a cost-effective and sustainable manner, many companies need start-up assistance. They can now apply for this from the Swiss Climate Foundation. The foundation is accepting applications for financial support for climate protection projects until March 1, 2020.<\/p>\n<h2><strong>Innovations for the climate in demand<\/strong><\/h2>\n<p>SMEs in Switzerland and Liechtenstein that are developing an innovative solution for climate protection can apply online via the <a href=\"https:\/\/maxcomm.us12.list-manage.com\/track\/click?u=74090039ecde65db808b5baa9&amp;id=d677ce8e7d&amp;e=4a105d0b7c\">Website<\/a> submit an application for funding to the Swiss Climate Foundation. The spectrum of innovations that have been supported by the foundation so far is broad: While some are developing energy-efficient glass facades thanks to the Swiss Climate Foundation's support (<a href=\"https:\/\/maxcomm.us12.list-manage.com\/track\/click?u=74090039ecde65db808b5baa9&amp;id=11af00c074&amp;e=4a105d0b7c\">HyWin<\/a>), others are tinkering with innovative composting methods (<a href=\"https:\/\/maxcomm.us12.list-manage.com\/track\/click?u=74090039ecde65db808b5baa9&amp;id=edc353c389&amp;e=4a105d0b7c\">WormUp<\/a>) or floor heaters for honey bees (<a href=\"https:\/\/maxcomm.us12.list-manage.com\/track\/click?u=74090039ecde65db808b5baa9&amp;id=121335e638&amp;e=4a105d0b7c\">Vatorex<\/a>) - all of which are new products that ultimately benefit the climate. In addition, the foundation also supports far-reaching measures to save energy in the company's own operations. Applications for energy efficiency projects over CHF 20,000 can also be submitted until March 1. <a href=\"https:\/\/maxcomm.us12.list-manage.com\/track\/click?u=74090039ecde65db808b5baa9&amp;id=b6487c2d9e&amp;e=4a105d0b7c\">submitted<\/a> be implemented. Smaller efficiency measures, so-called <a href=\"https:\/\/maxcomm.us12.list-manage.com\/track\/click?u=74090039ecde65db808b5baa9&amp;id=46fed00631&amp;e=4a105d0b7c\">Standard measures<\/a>, can be applied for at any time. Last year alone, the Swiss Climate Foundation invested CHF 4.2 million in climate protection projects and energy-saving measures by Swiss and Liechtenstein companies.<\/p>\n<h2><strong>From the economy for the economy\u00a0<\/strong><\/h2>\n<p>The Swiss Climate Foundation is again expecting numerous applications from companies with new ideas and advanced products that help promote climate protection. \"Switzerland has been leading the global ranking of the most innovative countries for years. In particular, it positions itself at the forefront of research and education. This provides fertile ground for promising climate protection projects,\" says Vincent Eckert, Managing Director of the Foundation. \"However, young companies that want to make a positive contribution to sustainable development with innovative business ideas often lack the necessary financial resources,\" adds Christian Hofer, member of the foundation's Board of Trustees and Head of Corporate Responsibility and Sustainability at Raiffeisen Switzerland. \"With its broad support in the business community, the Climate Foundation can make an important contribution to overcoming this hurdle.\"<\/p>\n<h2>Promotion of climate protection projects thanks to long-standing partners<\/h2>\n<p>The Swiss Climate Foundation can count on the long-standing support of 27 partner companies from Switzerland and Liechtenstein, including banks and insurance companies as well as service providers such as PwC Switzerland, Sanitas and SAP. The partner companies voluntarily donate their rebates from the CO2 emissions tax and thus make the commitment of the Swiss Climate Foundation possible in the first place.<\/p>","protected":false},"excerpt":{"rendered":"<p>Klimaschutz und Nachhaltigkeit stehen ganz oben auf der Agenda. Soll das Ziel einer klimaneutralen Schweiz bis 2050 erreicht werden, ist ein entschlossenes Engagement von allen Seiten n\u00f6tig. Auch immer mehr KMU machen sich daf\u00fcr stark, indem sie zukunftstr\u00e4chtige Projekte lancieren oder in Sachen Energieeffizienz aufr\u00fcsten. Um ein solches Unterfangen wirtschaftlich und nachhaltig erfolgreich umzusetzen, brauchen [&hellip;]<\/p>\n","protected":false},"author":4,"featured_media":6271,"comment_status":"closed","ping_status":"closed","sticky":false,"template":"","format":"standard","meta":{"_acf_changed":false,"_yoast_wpseo_focuskw":"Klimaschutz-Projekte","_yoast_wpseo_metadesc":"Die Klimastiftung Schweiz investiert erneut mehrere Millionen Franken in Klimaschutz-Projekte in der Schweiz und Liechtenstein.","articlekey":"","footnotes":""},"categories":[28],"tags":[203,275,300,334,335],"class_list":["post-6270","post","type-post","status-publish","format-standard","has-post-thumbnail","hentry","category-management","tag-finanzierung","tag-institutionen","tag-klimaschutz","tag-management","tag-management-und-unternehmensfuehrung"],"acf":[],"yoast_head":"<!-- This site is optimized with the Yoast SEO plugin v27.4 - https:\/\/yoast.com\/product\/yoast-seo-wordpress\/ -->\n<title>Mehrere Millionen Franken f\u00fcr Klimaschutz-Projekte - Organisator<\/title>\n<meta name=\"description\" content=\"Die Klimastiftung Schweiz investiert erneut mehrere Millionen Franken in Klimaschutz-Projekte in der Schweiz und Liechtenstein.\" \/>\n<meta name=\"robots\" content=\"index, follow, max-snippet:-1, max-image-preview:large, max-video-preview:-1\" \/>\n<link rel=\"canonical\" href=\"https:\/\/www.organisator.ch\/en\/management\/2020-01-24\/mehrere-millionen-franken-fuer-klimaschutz-projekte\/\" \/>\n<meta property=\"og:locale\" content=\"en_US\" \/>\n<meta property=\"og:type\" content=\"article\" \/>\n<meta property=\"og:title\" content=\"Mehrere Millionen Franken f\u00fcr Klimaschutz-Projekte\" \/>\n<meta property=\"og:description\" content=\"Die Klimastiftung Schweiz investiert erneut mehrere Millionen Franken in Klimaschutz-Projekte in der Schweiz und Liechtenstein.\" \/>\n<meta property=\"og:url\" content=\"https:\/\/www.organisator.ch\/en\/management\/2020-01-24\/mehrere-millionen-franken-fuer-klimaschutz-projekte\/\" \/>\n<meta property=\"og:site_name\" content=\"Organisator\" \/>\n<meta property=\"article:publisher\" content=\"https:\/\/www.facebook.com\/OrganisatorFachmagazin\" \/>\n<meta property=\"article:published_time\" content=\"2020-01-24T07:34:01+00:00\" \/>\n<meta property=\"og:image\" content=\"https:\/\/www.organisator.ch\/wp-content\/uploads\/2020\/01\/Mehrere-Millionen-Franken-fuer-Klimaschutz-Projekte_Organisator.jpg\" \/>\n\t<meta property=\"og:image:width\" content=\"680\" \/>\n\t<meta property=\"og:image:height\" content=\"306\" \/>\n\t<meta property=\"og:image:type\" content=\"image\/jpeg\" \/>\n<meta name=\"author\" content=\"thomas.berner\" \/>\n<meta name=\"twitter:card\" content=\"summary_large_image\" \/>\n<meta name=\"twitter:title\" content=\"Mehrere Millionen Franken f\u00fcr #Klimaschutz-Projekte\" \/>\n<meta name=\"twitter:description\" content=\"Die #Klimastiftung Schweiz investiert erneut mehrere Millionen Franken in #Klimaschutz-Projekte in der Schweiz und Liechtenstein.\" \/>\n<meta name=\"twitter:image\" content=\"https:\/\/www.organisator.ch\/wp-content\/uploads\/2020\/01\/Mehrere-Millionen-Franken-fuer-Klimaschutz-Projekte_Organisator.jpg\" \/>\n<script type=\"application\/ld+json\" class=\"yoast-schema-graph\">{\"@context\":\"https:\\\/\\\/schema.org\",\"@graph\":[{\"@type\":\"Article\",\"@id\":\"https:\\\/\\\/www.organisator.ch\\\/management\\\/2020-01-24\\\/mehrere-millionen-franken-fuer-klimaschutz-projekte\\\/#article\",\"isPartOf\":{\"@id\":\"https:\\\/\\\/www.organisator.ch\\\/management\\\/2020-01-24\\\/mehrere-millionen-franken-fuer-klimaschutz-projekte\\\/\"},\"author\":{\"name\":\"thomas.berner\",\"@id\":\"https:\\\/\\\/www.organisator.ch\\\/#\\\/schema\\\/person\\\/6f650f90b2842cd4c0cc334b4e36f67e\"},\"headline\":\"Mehrere Millionen Franken f\u00fcr Klimaschutz-Projekte\",\"datePublished\":\"2020-01-24T07:34:01+00:00\",\"mainEntityOfPage\":{\"@id\":\"https:\\\/\\\/www.organisator.ch\\\/management\\\/2020-01-24\\\/mehrere-millionen-franken-fuer-klimaschutz-projekte\\\/\"},\"wordCount\":474,\"publisher\":{\"@id\":\"https:\\\/\\\/www.organisator.ch\\\/#organization\"},\"image\":{\"@id\":\"https:\\\/\\\/www.organisator.ch\\\/management\\\/2020-01-24\\\/mehrere-millionen-franken-fuer-klimaschutz-projekte\\\/#primaryimage\"},\"thumbnailUrl\":\"https:\\\/\\\/www.organisator.ch\\\/wp-content\\\/uploads\\\/2020\\\/01\\\/Mehrere-Millionen-Franken-fuer-Klimaschutz-Projekte_Organisator.jpg\",\"keywords\":[\"Finanzierung\",\"Institutionen\",\"Klimaschutz\",\"Management\",\"Management und Unternehmensf\u00fchrung\"],\"articleSection\":[\"MANAGEMENT\"],\"inLanguage\":\"en-US\"},{\"@type\":\"WebPage\",\"@id\":\"https:\\\/\\\/www.organisator.ch\\\/management\\\/2020-01-24\\\/mehrere-millionen-franken-fuer-klimaschutz-projekte\\\/\",\"url\":\"https:\\\/\\\/www.organisator.ch\\\/management\\\/2020-01-24\\\/mehrere-millionen-franken-fuer-klimaschutz-projekte\\\/\",\"name\":\"Mehrere Millionen Franken f\u00fcr Klimaschutz-Projekte - Organisator\",\"isPartOf\":{\"@id\":\"https:\\\/\\\/www.organisator.ch\\\/#website\"},\"primaryImageOfPage\":{\"@id\":\"https:\\\/\\\/www.organisator.ch\\\/management\\\/2020-01-24\\\/mehrere-millionen-franken-fuer-klimaschutz-projekte\\\/#primaryimage\"},\"image\":{\"@id\":\"https:\\\/\\\/www.organisator.ch\\\/management\\\/2020-01-24\\\/mehrere-millionen-franken-fuer-klimaschutz-projekte\\\/#primaryimage\"},\"thumbnailUrl\":\"https:\\\/\\\/www.organisator.ch\\\/wp-content\\\/uploads\\\/2020\\\/01\\\/Mehrere-Millionen-Franken-fuer-Klimaschutz-Projekte_Organisator.jpg\",\"datePublished\":\"2020-01-24T07:34:01+00:00\",\"description\":\"Die Klimastiftung Schweiz investiert erneut mehrere Millionen Franken in Klimaschutz-Projekte in der Schweiz und Liechtenstein.\",\"breadcrumb\":{\"@id\":\"https:\\\/\\\/www.organisator.ch\\\/management\\\/2020-01-24\\\/mehrere-millionen-franken-fuer-klimaschutz-projekte\\\/#breadcrumb\"},\"inLanguage\":\"en-US\",\"potentialAction\":[{\"@type\":\"ReadAction\",\"target\":[\"https:\\\/\\\/www.organisator.ch\\\/management\\\/2020-01-24\\\/mehrere-millionen-franken-fuer-klimaschutz-projekte\\\/\"]}]},{\"@type\":\"ImageObject\",\"inLanguage\":\"en-US\",\"@id\":\"https:\\\/\\\/www.organisator.ch\\\/management\\\/2020-01-24\\\/mehrere-millionen-franken-fuer-klimaschutz-projekte\\\/#primaryimage\",\"url\":\"https:\\\/\\\/www.organisator.ch\\\/wp-content\\\/uploads\\\/2020\\\/01\\\/Mehrere-Millionen-Franken-fuer-Klimaschutz-Projekte_Organisator.jpg\",\"contentUrl\":\"https:\\\/\\\/www.organisator.ch\\\/wp-content\\\/uploads\\\/2020\\\/01\\\/Mehrere-Millionen-Franken-fuer-Klimaschutz-Projekte_Organisator.jpg\",\"width\":680,\"height\":306,\"caption\":\"F\u00fcr Klimaschutz-Projekte stellt die Klimastiftung Schweiz F\u00f6rdergelder bereit. Genutzt hat dies etwa Vatorex, die eine Bodenheizungen f\u00fcr Honigbienen entwickelt hat. (Bild: maxcomm-green.com)\"},{\"@type\":\"BreadcrumbList\",\"@id\":\"https:\\\/\\\/www.organisator.ch\\\/management\\\/2020-01-24\\\/mehrere-millionen-franken-fuer-klimaschutz-projekte\\\/#breadcrumb\",\"itemListElement\":[{\"@type\":\"ListItem\",\"position\":1,\"name\":\"Home\",\"item\":\"https:\\\/\\\/www.organisator.ch\\\/\"},{\"@type\":\"ListItem\",\"position\":2,\"name\":\"Mehrere Millionen Franken f\u00fcr Klimaschutz-Projekte\"}]},{\"@type\":\"WebSite\",\"@id\":\"https:\\\/\\\/www.organisator.ch\\\/#website\",\"url\":\"https:\\\/\\\/www.organisator.ch\\\/\",\"name\":\"Organisator\",\"description\":\"Kompetent. Praxisnah. Der ORGANISATOR bereitet in 10 Ausgaben pro Jahr die wesentlichen Themen f\u00fcr F\u00fchrungskr\u00e4fte von KMU auf.\",\"publisher\":{\"@id\":\"https:\\\/\\\/www.organisator.ch\\\/#organization\"},\"potentialAction\":[{\"@type\":\"SearchAction\",\"target\":{\"@type\":\"EntryPoint\",\"urlTemplate\":\"https:\\\/\\\/www.organisator.ch\\\/?s={search_term_string}\"},\"query-input\":{\"@type\":\"PropertyValueSpecification\",\"valueRequired\":true,\"valueName\":\"search_term_string\"}}],\"inLanguage\":\"en-US\"},{\"@type\":\"Organization\",\"@id\":\"https:\\\/\\\/www.organisator.ch\\\/#organization\",\"name\":\"Organisator\",\"url\":\"https:\\\/\\\/www.organisator.ch\\\/\",\"logo\":{\"@type\":\"ImageObject\",\"inLanguage\":\"en-US\",\"@id\":\"https:\\\/\\\/www.organisator.ch\\\/#\\\/schema\\\/logo\\\/image\\\/\",\"url\":\"https:\\\/\\\/www.organisator.ch\\\/wp-content\\\/uploads\\\/2022\\\/01\\\/Logo_Organisator_Website.png\",\"contentUrl\":\"https:\\\/\\\/www.organisator.ch\\\/wp-content\\\/uploads\\\/2022\\\/01\\\/Logo_Organisator_Website.png\",\"width\":800,\"height\":77,\"caption\":\"Organisator\"},\"image\":{\"@id\":\"https:\\\/\\\/www.organisator.ch\\\/#\\\/schema\\\/logo\\\/image\\\/\"},\"sameAs\":[\"https:\\\/\\\/www.facebook.com\\\/OrganisatorFachmagazin\",\"https:\\\/\\\/www.linkedin.com\\\/showcase\\\/organisator-das-magazin-fr-kmu\",\"https:\\\/\\\/www.xing.com\\\/news\\\/pages\\\/organisator-ch-695\",\"https:\\\/\\\/www.youtube.com\\\/channel\\\/UCGP2Sq0iWaZwT3BdIAQFYpw\"]},{\"@type\":\"Person\",\"@id\":\"https:\\\/\\\/www.organisator.ch\\\/#\\\/schema\\\/person\\\/6f650f90b2842cd4c0cc334b4e36f67e\",\"name\":\"thomas.berner\",\"image\":{\"@type\":\"ImageObject\",\"inLanguage\":\"en-US\",\"@id\":\"https:\\\/\\\/secure.gravatar.com\\\/avatar\\\/ac5001d2a36cb6c6cd3e50789007ffca834b477b74a2144564522e944eabff61?s=96&d=mm&r=g\",\"url\":\"https:\\\/\\\/secure.gravatar.com\\\/avatar\\\/ac5001d2a36cb6c6cd3e50789007ffca834b477b74a2144564522e944eabff61?s=96&d=mm&r=g\",\"contentUrl\":\"https:\\\/\\\/secure.gravatar.com\\\/avatar\\\/ac5001d2a36cb6c6cd3e50789007ffca834b477b74a2144564522e944eabff61?s=96&d=mm&r=g\",\"caption\":\"thomas.berner\"},\"url\":\"https:\\\/\\\/www.organisator.ch\\\/en\\\/author\\\/thomas-berner\\\/\"}]}<\/script>\n<!-- \/ Yoast SEO plugin. -->","yoast_head_json":{"title":"Several million francs for climate protection projects - organizer","description":"The Swiss Climate Foundation is once again investing several million francs in climate protection projects in Switzerland and Liechtenstein.","robots":{"index":"index","follow":"follow","max-snippet":"max-snippet:-1","max-image-preview":"max-image-preview:large","max-video-preview":"max-video-preview:-1"},"canonical":"https:\/\/www.organisator.ch\/en\/management\/2020-01-24\/mehrere-millionen-franken-fuer-klimaschutz-projekte\/","og_locale":"en_US","og_type":"article","og_title":"Mehrere Millionen Franken f\u00fcr Klimaschutz-Projekte","og_description":"Die Klimastiftung Schweiz investiert erneut mehrere Millionen Franken in Klimaschutz-Projekte in der Schweiz und Liechtenstein.","og_url":"https:\/\/www.organisator.ch\/en\/management\/2020-01-24\/mehrere-millionen-franken-fuer-klimaschutz-projekte\/","og_site_name":"Organisator","article_publisher":"https:\/\/www.facebook.com\/OrganisatorFachmagazin","article_published_time":"2020-01-24T07:34:01+00:00","og_image":[{"width":680,"height":306,"url":"https:\/\/www.organisator.ch\/wp-content\/uploads\/2020\/01\/Mehrere-Millionen-Franken-fuer-Klimaschutz-Projekte_Organisator.jpg","type":"image\/jpeg"}],"author":"thomas.berner","twitter_card":"summary_large_image","twitter_title":"Mehrere Millionen Franken f\u00fcr #Klimaschutz-Projekte","twitter_description":"Die #Klimastiftung Schweiz investiert erneut mehrere Millionen Franken in #Klimaschutz-Projekte in der Schweiz und Liechtenstein.","twitter_image":"https:\/\/www.organisator.ch\/wp-content\/uploads\/2020\/01\/Mehrere-Millionen-Franken-fuer-Klimaschutz-Projekte_Organisator.jpg","schema":{"@context":"https:\/\/schema.org","@graph":[{"@type":"Article","@id":"https:\/\/www.organisator.ch\/management\/2020-01-24\/mehrere-millionen-franken-fuer-klimaschutz-projekte\/#article","isPartOf":{"@id":"https:\/\/www.organisator.ch\/management\/2020-01-24\/mehrere-millionen-franken-fuer-klimaschutz-projekte\/"},"author":{"name":"thomas.berner","@id":"https:\/\/www.organisator.ch\/#\/schema\/person\/6f650f90b2842cd4c0cc334b4e36f67e"},"headline":"Mehrere Millionen Franken f\u00fcr Klimaschutz-Projekte","datePublished":"2020-01-24T07:34:01+00:00","mainEntityOfPage":{"@id":"https:\/\/www.organisator.ch\/management\/2020-01-24\/mehrere-millionen-franken-fuer-klimaschutz-projekte\/"},"wordCount":474,"publisher":{"@id":"https:\/\/www.organisator.ch\/#organization"},"image":{"@id":"https:\/\/www.organisator.ch\/management\/2020-01-24\/mehrere-millionen-franken-fuer-klimaschutz-projekte\/#primaryimage"},"thumbnailUrl":"https:\/\/www.organisator.ch\/wp-content\/uploads\/2020\/01\/Mehrere-Millionen-Franken-fuer-Klimaschutz-Projekte_Organisator.jpg","keywords":["Finanzierung","Institutionen","Klimaschutz","Management","Management und Unternehmensf\u00fchrung"],"articleSection":["MANAGEMENT"],"inLanguage":"en-US"},{"@type":"WebPage","@id":"https:\/\/www.organisator.ch\/management\/2020-01-24\/mehrere-millionen-franken-fuer-klimaschutz-projekte\/","url":"https:\/\/www.organisator.ch\/management\/2020-01-24\/mehrere-millionen-franken-fuer-klimaschutz-projekte\/","name":"Several million francs for climate protection projects - organizer","isPartOf":{"@id":"https:\/\/www.organisator.ch\/#website"},"primaryImageOfPage":{"@id":"https:\/\/www.organisator.ch\/management\/2020-01-24\/mehrere-millionen-franken-fuer-klimaschutz-projekte\/#primaryimage"},"image":{"@id":"https:\/\/www.organisator.ch\/management\/2020-01-24\/mehrere-millionen-franken-fuer-klimaschutz-projekte\/#primaryimage"},"thumbnailUrl":"https:\/\/www.organisator.ch\/wp-content\/uploads\/2020\/01\/Mehrere-Millionen-Franken-fuer-Klimaschutz-Projekte_Organisator.jpg","datePublished":"2020-01-24T07:34:01+00:00","description":"The Swiss Climate Foundation is once again investing several million francs in climate protection projects in Switzerland and Liechtenstein.","breadcrumb":{"@id":"https:\/\/www.organisator.ch\/management\/2020-01-24\/mehrere-millionen-franken-fuer-klimaschutz-projekte\/#breadcrumb"},"inLanguage":"en-US","potentialAction":[{"@type":"ReadAction","target":["https:\/\/www.organisator.ch\/management\/2020-01-24\/mehrere-millionen-franken-fuer-klimaschutz-projekte\/"]}]},{"@type":"ImageObject","inLanguage":"en-US","@id":"https:\/\/www.organisator.ch\/management\/2020-01-24\/mehrere-millionen-franken-fuer-klimaschutz-projekte\/#primaryimage","url":"https:\/\/www.organisator.ch\/wp-content\/uploads\/2020\/01\/Mehrere-Millionen-Franken-fuer-Klimaschutz-Projekte_Organisator.jpg","contentUrl":"https:\/\/www.organisator.ch\/wp-content\/uploads\/2020\/01\/Mehrere-Millionen-Franken-fuer-Klimaschutz-Projekte_Organisator.jpg","width":680,"height":306,"caption":"F\u00fcr Klimaschutz-Projekte stellt die Klimastiftung Schweiz F\u00f6rdergelder bereit. Genutzt hat dies etwa Vatorex, die eine Bodenheizungen f\u00fcr Honigbienen entwickelt hat. (Bild: maxcomm-green.com)"},{"@type":"BreadcrumbList","@id":"https:\/\/www.organisator.ch\/management\/2020-01-24\/mehrere-millionen-franken-fuer-klimaschutz-projekte\/#breadcrumb","itemListElement":[{"@type":"ListItem","position":1,"name":"Home","item":"https:\/\/www.organisator.ch\/"},{"@type":"ListItem","position":2,"name":"Mehrere Millionen Franken f\u00fcr Klimaschutz-Projekte"}]},{"@type":"WebSite","@id":"https:\/\/www.organisator.ch\/#website","url":"https:\/\/www.organisator.ch\/","name":"Organizer","description":"Competent. Practical. In 10 issues per year, ORGANISATOR presents the essential topics for managers of SMEs.","publisher":{"@id":"https:\/\/www.organisator.ch\/#organization"},"potentialAction":[{"@type":"SearchAction","target":{"@type":"EntryPoint","urlTemplate":"https:\/\/www.organisator.ch\/?s={search_term_string}"},"query-input":{"@type":"PropertyValueSpecification","valueRequired":true,"valueName":"search_term_string"}}],"inLanguage":"en-US"},{"@type":"Organization","@id":"https:\/\/www.organisator.ch\/#organization","name":"Organizer","url":"https:\/\/www.organisator.ch\/","logo":{"@type":"ImageObject","inLanguage":"en-US","@id":"https:\/\/www.organisator.ch\/#\/schema\/logo\/image\/","url":"https:\/\/www.organisator.ch\/wp-content\/uploads\/2022\/01\/Logo_Organisator_Website.png","contentUrl":"https:\/\/www.organisator.ch\/wp-content\/uploads\/2022\/01\/Logo_Organisator_Website.png","width":800,"height":77,"caption":"Organisator"},"image":{"@id":"https:\/\/www.organisator.ch\/#\/schema\/logo\/image\/"},"sameAs":["https:\/\/www.facebook.com\/OrganisatorFachmagazin","https:\/\/www.linkedin.com\/showcase\/organisator-das-magazin-fr-kmu","https:\/\/www.xing.com\/news\/pages\/organisator-ch-695","https:\/\/www.youtube.com\/channel\/UCGP2Sq0iWaZwT3BdIAQFYpw"]},{"@type":"Person","@id":"https:\/\/www.organisator.ch\/#\/schema\/person\/6f650f90b2842cd4c0cc334b4e36f67e","name":"thomas.berner","image":{"@type":"ImageObject","inLanguage":"en-US","@id":"https:\/\/secure.gravatar.com\/avatar\/ac5001d2a36cb6c6cd3e50789007ffca834b477b74a2144564522e944eabff61?s=96&d=mm&r=g","url":"https:\/\/secure.gravatar.com\/avatar\/ac5001d2a36cb6c6cd3e50789007ffca834b477b74a2144564522e944eabff61?s=96&d=mm&r=g","contentUrl":"https:\/\/secure.gravatar.com\/avatar\/ac5001d2a36cb6c6cd3e50789007ffca834b477b74a2144564522e944eabff61?s=96&d=mm&r=g","caption":"thomas.berner"},"url":"https:\/\/www.organisator.ch\/en\/author\/thomas-berner\/"}]}},"_links":{"self":[{"href":"https:\/\/www.organisator.ch\/en\/wp-json\/wp\/v2\/posts\/6270","targetHints":{"allow":["GET"]}}],"collection":[{"href":"https:\/\/www.organisator.ch\/en\/wp-json\/wp\/v2\/posts"}],"about":[{"href":"https:\/\/www.organisator.ch\/en\/wp-json\/wp\/v2\/types\/post"}],"author":[{"embeddable":true,"href":"https:\/\/www.organisator.ch\/en\/wp-json\/wp\/v2\/users\/4"}],"replies":[{"embeddable":true,"href":"https:\/\/www.organisator.ch\/en\/wp-json\/wp\/v2\/comments?post=6270"}],"version-history":[{"count":0,"href":"https:\/\/www.organisator.ch\/en\/wp-json\/wp\/v2\/posts\/6270\/revisions"}],"wp:featuredmedia":[{"embeddable":true,"href":"https:\/\/www.organisator.ch\/en\/wp-json\/wp\/v2\/media\/6271"}],"wp:attachment":[{"href":"https:\/\/www.organisator.ch\/en\/wp-json\/wp\/v2\/media?parent=6270"}],"wp:term":[{"taxonomy":"category","embeddable":true,"href":"https:\/\/www.organisator.ch\/en\/wp-json\/wp\/v2\/categories?post=6270"},{"taxonomy":"post_tag","embeddable":true,"href":"https:\/\/www.organisator.ch\/en\/wp-json\/wp\/v2\/tags?post=6270"}],"curies":[{"name":"wp","href":"https:\/\/api.w.org\/{rel}","templated":true}]}}