{"id":6281,"date":"2020-01-27T15:54:00","date_gmt":"2020-01-27T14:54:00","guid":{"rendered":"https:\/\/www.organisator.ch\/?p=6281"},"modified":"2020-01-27T15:54:00","modified_gmt":"2020-01-27T14:54:00","slug":"so-machen-sie-das-jahr-2020-ganz-anders","status":"publish","type":"post","link":"https:\/\/www.organisator.ch\/en\/allgemein\/2020-01-27\/so-machen-sie-das-jahr-2020-ganz-anders\/","title":{"rendered":"How to make the year 2020 completely different"},"content":{"rendered":"<figure id=\"attachment_6283\" aria-describedby=\"caption-attachment-6283\" style=\"width: 680px\" class=\"wp-caption alignnone\"><img loading=\"lazy\" decoding=\"async\" class=\"size-medium wp-image-6283\" src=\"https:\/\/www.organisator.ch\/wp-content\/uploads\/2020\/01\/So-machen-Sie-das-Jahr-2020-ganz-anders_Organisator.jpg\" alt=\"\" width=\"680\" height=\"453\" srcset=\"https:\/\/www.organisator.ch\/wp-content\/uploads\/2020\/01\/So-machen-Sie-das-Jahr-2020-ganz-anders_Organisator.jpg 680w, https:\/\/www.organisator.ch\/wp-content\/uploads\/2020\/01\/So-machen-Sie-das-Jahr-2020-ganz-anders_Organisator-16x12.jpg 16w, https:\/\/www.organisator.ch\/wp-content\/uploads\/2020\/01\/So-machen-Sie-das-Jahr-2020-ganz-anders_Organisator-263x175.jpg 263w, https:\/\/www.organisator.ch\/wp-content\/uploads\/2020\/01\/So-machen-Sie-das-Jahr-2020-ganz-anders_Organisator-525x350.jpg 525w, https:\/\/www.organisator.ch\/wp-content\/uploads\/2020\/01\/So-machen-Sie-das-Jahr-2020-ganz-anders_Organisator-300x200.jpg 300w\" sizes=\"auto, (max-width: 680px) 100vw, 680px\" \/><figcaption id=\"caption-attachment-6283\" class=\"wp-caption-text\">Even if 2020 is already a month old: it's never too late for change. (Image: Pixabay.com)<\/figcaption><\/figure>\n<p>It's not too late: at the end of January, you still have every chance to set the course for making 2020 something very special. And you've probably already heard all kinds of well-intentioned advice on how to do just that. I don't want to repeat them here.<\/p>\n<h2>More courage to make changes<\/h2>\n<p>When I look at the projects and coaching sessions I have done with my clients over the past few years, however, there are certainly some things where I would like to see more courage to make significant changes.<\/p>\n<p>The old truth that if you do almost the same thing every year, you'll always get the same results, just holds true in the new decade. And minor improvements (which everyone makes) are also \"the same\" in this sense.<\/p>\n<h2>How 2020 will be better: 5 ideas<\/h2>\n<p>Here are five ideas for a very different (and therefore an even better) 2020, one or two of which will hopefully get you thinking and acting:<\/p>\n<ol>\n<li><strong>Seriousness<\/strong>. Don't always take yourself so damn seriously. We are all fallible individuals trying to make the best of our lives. The world turns without us. Looseness is often good for us.<\/li>\n<li><strong>Finiteness<\/strong>. Your life is finite. Finally, stop putting things off and start! Or at least plan a fixed start date in your calendar. Make the most of every day!<\/li>\n<li><strong>Thickness<\/strong>. You have all the power. They are incredibly powerful when it comes to positively influencing others. It's just that most people suppress that for fear of standing out too much. My tip: make the lives of at least three people a little better every day, specifically.<\/li>\n<li><strong>Determination<\/strong>. You decide about everything. Only over 95% of our decisions are unconscious, controlled by our programming. Make more conscious positive decisions in 2020 instead of getting lost in habits.<\/li>\n<li><strong>Speed<\/strong>. Action beats knowledge every time. Many people know a great deal, but make little of it. Others know less and create facts and successes instead. My tip: generate positive momentum for action, every day.<\/li>\n<\/ol>\n<p>Well then, it's up to you! And if you've always practiced these suggestions anyway (which should make you less than one percent of my readers), pass these tips on to your teams and colleagues.<\/p>\n<p><i><strong>To the author:<\/strong><br \/>\n<\/i><em>Volkmar V\u00f6lzke is a success maximizer. Book author. Consultant. Coach. Speaker. <a href=\"http:\/\/www.volkmarvoelzke.ch\/\">www.volkmarvoelzke.ch<\/a><\/em><\/p>","protected":false},"excerpt":{"rendered":"<p>Noch ist es nicht zu sp\u00e4t: Ende Januar haben Sie noch alle Chancen, die Weichen zu stellen, um das Jahr 2020 zu etwas ganz Besonderem zu machen. Und wahrscheinlich haben Sie bereits alle m\u00f6glichen gut gemeinten Ratschl\u00e4ge geh\u00f6rt, wie Sie genau das erreichen k\u00f6nnen. Diese will ich hier nicht wiederholen. Mehr Mut zu \u00c4nderungen Wenn [&hellip;]<\/p>\n","protected":false},"author":4,"featured_media":6283,"comment_status":"closed","ping_status":"closed","sticky":false,"template":"","format":"standard","meta":{"_acf_changed":false,"_yoast_wpseo_focuskw":"das Jahr 2020","_yoast_wpseo_metadesc":"Das Jahr 2020 ist knapp einen Monat alt. Noch nicht zu sp\u00e4t, dieses Jahr zu etwas Speziellem zu machen, meint Kolumnist Volkmar V\u00f6lzke.","articlekey":"","footnotes":""},"categories":[1],"tags":[115,177,334,508],"class_list":["post-6281","post","type-post","status-publish","format-standard","has-post-thumbnail","hentry","category-allgemein","tag-checklisten","tag-erfolgs-impuls","tag-management","tag-vermischtes"],"acf":[],"yoast_head":"<!-- This site is optimized with the Yoast SEO plugin v27.5 - https:\/\/yoast.com\/product\/yoast-seo-wordpress\/ -->\n<title>So machen Sie das Jahr 2020 ganz anders - Organisator<\/title>\n<meta name=\"description\" content=\"Das Jahr 2020 ist knapp einen Monat alt. Noch nicht zu sp\u00e4t, dieses Jahr zu etwas Speziellem zu machen, meint Kolumnist Volkmar V\u00f6lzke.\" \/>\n<meta name=\"robots\" content=\"index, follow, max-snippet:-1, max-image-preview:large, max-video-preview:-1\" \/>\n<link rel=\"canonical\" href=\"https:\/\/www.organisator.ch\/en\/general\/2020-01-27\/so-machen-sie-das-jahr-2020-ganz-anders\/\" \/>\n<meta property=\"og:locale\" content=\"en_US\" \/>\n<meta property=\"og:type\" content=\"article\" \/>\n<meta property=\"og:title\" content=\"So machen Sie das Jahr 2020 ganz anders\" \/>\n<meta property=\"og:description\" content=\"Das Jahr 2020 ist knapp einen Monat alt. Noch nicht zu sp\u00e4t, dieses Jahr zu etwas Speziellem zu machen, meint Kolumnist Volkmar V\u00f6lzke.\" \/>\n<meta property=\"og:url\" content=\"https:\/\/www.organisator.ch\/en\/general\/2020-01-27\/so-machen-sie-das-jahr-2020-ganz-anders\/\" \/>\n<meta property=\"og:site_name\" content=\"Organisator\" \/>\n<meta property=\"article:publisher\" content=\"https:\/\/www.facebook.com\/OrganisatorFachmagazin\" \/>\n<meta property=\"article:published_time\" content=\"2020-01-27T14:54:00+00:00\" \/>\n<meta property=\"og:image\" content=\"https:\/\/www.organisator.ch\/wp-content\/uploads\/2020\/01\/So-machen-Sie-das-Jahr-2020-ganz-anders_Organisator.jpg\" \/>\n\t<meta property=\"og:image:width\" content=\"680\" \/>\n\t<meta property=\"og:image:height\" content=\"453\" \/>\n\t<meta property=\"og:image:type\" content=\"image\/jpeg\" \/>\n<meta name=\"author\" content=\"thomas.berner\" \/>\n<meta name=\"twitter:card\" content=\"summary_large_image\" \/>\n<meta name=\"twitter:title\" content=\"So machen Sie das Jahr 2020 ganz anders\" \/>\n<meta name=\"twitter:description\" content=\"Das Jahr 2020 ist knapp einen Monat alt. Noch nicht zu sp\u00e4t, dieses Jahr zu etwas Speziellem zu machen, meint Kolumnist Volkmar V\u00f6lzke.\" \/>\n<meta name=\"twitter:image\" content=\"https:\/\/www.organisator.ch\/wp-content\/uploads\/2020\/01\/So-machen-Sie-das-Jahr-2020-ganz-anders_Organisator.jpg\" \/>\n<script type=\"application\/ld+json\" class=\"yoast-schema-graph\">{\"@context\":\"https:\\\/\\\/schema.org\",\"@graph\":[{\"@type\":\"Article\",\"@id\":\"https:\\\/\\\/www.organisator.ch\\\/fr\\\/general\\\/2020-01-27\\\/so-machen-sie-das-jahr-2020-ganz-anders\\\/#article\",\"isPartOf\":{\"@id\":\"https:\\\/\\\/www.organisator.ch\\\/fr\\\/general\\\/2020-01-27\\\/so-machen-sie-das-jahr-2020-ganz-anders\\\/\"},\"author\":{\"name\":\"thomas.berner\",\"@id\":\"https:\\\/\\\/www.organisator.ch\\\/#\\\/schema\\\/person\\\/6f650f90b2842cd4c0cc334b4e36f67e\"},\"headline\":\"So machen Sie das Jahr 2020 ganz anders\",\"datePublished\":\"2020-01-27T14:54:00+00:00\",\"mainEntityOfPage\":{\"@id\":\"https:\\\/\\\/www.organisator.ch\\\/fr\\\/general\\\/2020-01-27\\\/so-machen-sie-das-jahr-2020-ganz-anders\\\/\"},\"wordCount\":434,\"publisher\":{\"@id\":\"https:\\\/\\\/www.organisator.ch\\\/#organization\"},\"image\":{\"@id\":\"https:\\\/\\\/www.organisator.ch\\\/fr\\\/general\\\/2020-01-27\\\/so-machen-sie-das-jahr-2020-ganz-anders\\\/#primaryimage\"},\"thumbnailUrl\":\"https:\\\/\\\/www.organisator.ch\\\/wp-content\\\/uploads\\\/2020\\\/01\\\/So-machen-Sie-das-Jahr-2020-ganz-anders_Organisator.jpg\",\"keywords\":[\"Checklisten\",\"Erfolgs-Impuls\",\"Management\",\"Vermischtes\"],\"articleSection\":[\"Allgemein\"],\"inLanguage\":\"en-US\"},{\"@type\":\"WebPage\",\"@id\":\"https:\\\/\\\/www.organisator.ch\\\/fr\\\/general\\\/2020-01-27\\\/so-machen-sie-das-jahr-2020-ganz-anders\\\/\",\"url\":\"https:\\\/\\\/www.organisator.ch\\\/fr\\\/general\\\/2020-01-27\\\/so-machen-sie-das-jahr-2020-ganz-anders\\\/\",\"name\":\"So machen Sie das Jahr 2020 ganz anders - Organisator\",\"isPartOf\":{\"@id\":\"https:\\\/\\\/www.organisator.ch\\\/#website\"},\"primaryImageOfPage\":{\"@id\":\"https:\\\/\\\/www.organisator.ch\\\/fr\\\/general\\\/2020-01-27\\\/so-machen-sie-das-jahr-2020-ganz-anders\\\/#primaryimage\"},\"image\":{\"@id\":\"https:\\\/\\\/www.organisator.ch\\\/fr\\\/general\\\/2020-01-27\\\/so-machen-sie-das-jahr-2020-ganz-anders\\\/#primaryimage\"},\"thumbnailUrl\":\"https:\\\/\\\/www.organisator.ch\\\/wp-content\\\/uploads\\\/2020\\\/01\\\/So-machen-Sie-das-Jahr-2020-ganz-anders_Organisator.jpg\",\"datePublished\":\"2020-01-27T14:54:00+00:00\",\"description\":\"Das Jahr 2020 ist knapp einen Monat alt. Noch nicht zu sp\u00e4t, dieses Jahr zu etwas Speziellem zu machen, meint Kolumnist Volkmar V\u00f6lzke.\",\"breadcrumb\":{\"@id\":\"https:\\\/\\\/www.organisator.ch\\\/fr\\\/general\\\/2020-01-27\\\/so-machen-sie-das-jahr-2020-ganz-anders\\\/#breadcrumb\"},\"inLanguage\":\"en-US\",\"potentialAction\":[{\"@type\":\"ReadAction\",\"target\":[\"https:\\\/\\\/www.organisator.ch\\\/fr\\\/general\\\/2020-01-27\\\/so-machen-sie-das-jahr-2020-ganz-anders\\\/\"]}]},{\"@type\":\"ImageObject\",\"inLanguage\":\"en-US\",\"@id\":\"https:\\\/\\\/www.organisator.ch\\\/fr\\\/general\\\/2020-01-27\\\/so-machen-sie-das-jahr-2020-ganz-anders\\\/#primaryimage\",\"url\":\"https:\\\/\\\/www.organisator.ch\\\/wp-content\\\/uploads\\\/2020\\\/01\\\/So-machen-Sie-das-Jahr-2020-ganz-anders_Organisator.jpg\",\"contentUrl\":\"https:\\\/\\\/www.organisator.ch\\\/wp-content\\\/uploads\\\/2020\\\/01\\\/So-machen-Sie-das-Jahr-2020-ganz-anders_Organisator.jpg\",\"width\":680,\"height\":453,\"caption\":\"Auch wenn das Jahr 2020 bereits einen Monat alt ist: F\u00fcr Ver\u00e4nderungen ist es nie zu sp\u00e4t. (Bild: Pixabay.com)\"},{\"@type\":\"BreadcrumbList\",\"@id\":\"https:\\\/\\\/www.organisator.ch\\\/fr\\\/general\\\/2020-01-27\\\/so-machen-sie-das-jahr-2020-ganz-anders\\\/#breadcrumb\",\"itemListElement\":[{\"@type\":\"ListItem\",\"position\":1,\"name\":\"Home\",\"item\":\"https:\\\/\\\/www.organisator.ch\\\/\"},{\"@type\":\"ListItem\",\"position\":2,\"name\":\"So machen Sie das Jahr 2020 ganz anders\"}]},{\"@type\":\"WebSite\",\"@id\":\"https:\\\/\\\/www.organisator.ch\\\/#website\",\"url\":\"https:\\\/\\\/www.organisator.ch\\\/\",\"name\":\"Organisator\",\"description\":\"Kompetent. Praxisnah. Der ORGANISATOR bereitet in 10 Ausgaben pro Jahr die wesentlichen Themen f\u00fcr F\u00fchrungskr\u00e4fte von KMU auf.\",\"publisher\":{\"@id\":\"https:\\\/\\\/www.organisator.ch\\\/#organization\"},\"potentialAction\":[{\"@type\":\"SearchAction\",\"target\":{\"@type\":\"EntryPoint\",\"urlTemplate\":\"https:\\\/\\\/www.organisator.ch\\\/?s={search_term_string}\"},\"query-input\":{\"@type\":\"PropertyValueSpecification\",\"valueRequired\":true,\"valueName\":\"search_term_string\"}}],\"inLanguage\":\"en-US\"},{\"@type\":\"Organization\",\"@id\":\"https:\\\/\\\/www.organisator.ch\\\/#organization\",\"name\":\"Organisator\",\"url\":\"https:\\\/\\\/www.organisator.ch\\\/\",\"logo\":{\"@type\":\"ImageObject\",\"inLanguage\":\"en-US\",\"@id\":\"https:\\\/\\\/www.organisator.ch\\\/#\\\/schema\\\/logo\\\/image\\\/\",\"url\":\"https:\\\/\\\/www.organisator.ch\\\/wp-content\\\/uploads\\\/2022\\\/01\\\/Logo_Organisator_Website.png\",\"contentUrl\":\"https:\\\/\\\/www.organisator.ch\\\/wp-content\\\/uploads\\\/2022\\\/01\\\/Logo_Organisator_Website.png\",\"width\":800,\"height\":77,\"caption\":\"Organisator\"},\"image\":{\"@id\":\"https:\\\/\\\/www.organisator.ch\\\/#\\\/schema\\\/logo\\\/image\\\/\"},\"sameAs\":[\"https:\\\/\\\/www.facebook.com\\\/OrganisatorFachmagazin\",\"https:\\\/\\\/www.linkedin.com\\\/showcase\\\/organisator-das-magazin-fr-kmu\",\"https:\\\/\\\/www.xing.com\\\/news\\\/pages\\\/organisator-ch-695\",\"https:\\\/\\\/www.youtube.com\\\/channel\\\/UCGP2Sq0iWaZwT3BdIAQFYpw\"]},{\"@type\":\"Person\",\"@id\":\"https:\\\/\\\/www.organisator.ch\\\/#\\\/schema\\\/person\\\/6f650f90b2842cd4c0cc334b4e36f67e\",\"name\":\"thomas.berner\",\"image\":{\"@type\":\"ImageObject\",\"inLanguage\":\"en-US\",\"@id\":\"https:\\\/\\\/secure.gravatar.com\\\/avatar\\\/ac5001d2a36cb6c6cd3e50789007ffca834b477b74a2144564522e944eabff61?s=96&d=mm&r=g\",\"url\":\"https:\\\/\\\/secure.gravatar.com\\\/avatar\\\/ac5001d2a36cb6c6cd3e50789007ffca834b477b74a2144564522e944eabff61?s=96&d=mm&r=g\",\"contentUrl\":\"https:\\\/\\\/secure.gravatar.com\\\/avatar\\\/ac5001d2a36cb6c6cd3e50789007ffca834b477b74a2144564522e944eabff61?s=96&d=mm&r=g\",\"caption\":\"thomas.berner\"},\"url\":\"https:\\\/\\\/www.organisator.ch\\\/en\\\/author\\\/thomas-berner\\\/\"}]}<\/script>\n<!-- \/ Yoast SEO plugin. -->","yoast_head_json":{"title":"How to make 2020 very different - organizer","description":"The year 2020 is barely a month old. Not too late to make this year special, says columnist Volkmar V\u00f6lzke.","robots":{"index":"index","follow":"follow","max-snippet":"max-snippet:-1","max-image-preview":"max-image-preview:large","max-video-preview":"max-video-preview:-1"},"canonical":"https:\/\/www.organisator.ch\/en\/general\/2020-01-27\/so-machen-sie-das-jahr-2020-ganz-anders\/","og_locale":"en_US","og_type":"article","og_title":"So machen Sie das Jahr 2020 ganz anders","og_description":"Das Jahr 2020 ist knapp einen Monat alt. Noch nicht zu sp\u00e4t, dieses Jahr zu etwas Speziellem zu machen, meint Kolumnist Volkmar V\u00f6lzke.","og_url":"https:\/\/www.organisator.ch\/en\/general\/2020-01-27\/so-machen-sie-das-jahr-2020-ganz-anders\/","og_site_name":"Organisator","article_publisher":"https:\/\/www.facebook.com\/OrganisatorFachmagazin","article_published_time":"2020-01-27T14:54:00+00:00","og_image":[{"width":680,"height":453,"url":"https:\/\/www.organisator.ch\/wp-content\/uploads\/2020\/01\/So-machen-Sie-das-Jahr-2020-ganz-anders_Organisator.jpg","type":"image\/jpeg"}],"author":"thomas.berner","twitter_card":"summary_large_image","twitter_title":"So machen Sie das Jahr 2020 ganz anders","twitter_description":"Das Jahr 2020 ist knapp einen Monat alt. Noch nicht zu sp\u00e4t, dieses Jahr zu etwas Speziellem zu machen, meint Kolumnist Volkmar V\u00f6lzke.","twitter_image":"https:\/\/www.organisator.ch\/wp-content\/uploads\/2020\/01\/So-machen-Sie-das-Jahr-2020-ganz-anders_Organisator.jpg","schema":{"@context":"https:\/\/schema.org","@graph":[{"@type":"Article","@id":"https:\/\/www.organisator.ch\/fr\/general\/2020-01-27\/so-machen-sie-das-jahr-2020-ganz-anders\/#article","isPartOf":{"@id":"https:\/\/www.organisator.ch\/fr\/general\/2020-01-27\/so-machen-sie-das-jahr-2020-ganz-anders\/"},"author":{"name":"thomas.berner","@id":"https:\/\/www.organisator.ch\/#\/schema\/person\/6f650f90b2842cd4c0cc334b4e36f67e"},"headline":"So machen Sie das Jahr 2020 ganz anders","datePublished":"2020-01-27T14:54:00+00:00","mainEntityOfPage":{"@id":"https:\/\/www.organisator.ch\/fr\/general\/2020-01-27\/so-machen-sie-das-jahr-2020-ganz-anders\/"},"wordCount":434,"publisher":{"@id":"https:\/\/www.organisator.ch\/#organization"},"image":{"@id":"https:\/\/www.organisator.ch\/fr\/general\/2020-01-27\/so-machen-sie-das-jahr-2020-ganz-anders\/#primaryimage"},"thumbnailUrl":"https:\/\/www.organisator.ch\/wp-content\/uploads\/2020\/01\/So-machen-Sie-das-Jahr-2020-ganz-anders_Organisator.jpg","keywords":["Checklisten","Erfolgs-Impuls","Management","Vermischtes"],"articleSection":["Allgemein"],"inLanguage":"en-US"},{"@type":"WebPage","@id":"https:\/\/www.organisator.ch\/fr\/general\/2020-01-27\/so-machen-sie-das-jahr-2020-ganz-anders\/","url":"https:\/\/www.organisator.ch\/fr\/general\/2020-01-27\/so-machen-sie-das-jahr-2020-ganz-anders\/","name":"How to make 2020 very different - organizer","isPartOf":{"@id":"https:\/\/www.organisator.ch\/#website"},"primaryImageOfPage":{"@id":"https:\/\/www.organisator.ch\/fr\/general\/2020-01-27\/so-machen-sie-das-jahr-2020-ganz-anders\/#primaryimage"},"image":{"@id":"https:\/\/www.organisator.ch\/fr\/general\/2020-01-27\/so-machen-sie-das-jahr-2020-ganz-anders\/#primaryimage"},"thumbnailUrl":"https:\/\/www.organisator.ch\/wp-content\/uploads\/2020\/01\/So-machen-Sie-das-Jahr-2020-ganz-anders_Organisator.jpg","datePublished":"2020-01-27T14:54:00+00:00","description":"The year 2020 is barely a month old. Not too late to make this year special, says columnist Volkmar V\u00f6lzke.","breadcrumb":{"@id":"https:\/\/www.organisator.ch\/fr\/general\/2020-01-27\/so-machen-sie-das-jahr-2020-ganz-anders\/#breadcrumb"},"inLanguage":"en-US","potentialAction":[{"@type":"ReadAction","target":["https:\/\/www.organisator.ch\/fr\/general\/2020-01-27\/so-machen-sie-das-jahr-2020-ganz-anders\/"]}]},{"@type":"ImageObject","inLanguage":"en-US","@id":"https:\/\/www.organisator.ch\/fr\/general\/2020-01-27\/so-machen-sie-das-jahr-2020-ganz-anders\/#primaryimage","url":"https:\/\/www.organisator.ch\/wp-content\/uploads\/2020\/01\/So-machen-Sie-das-Jahr-2020-ganz-anders_Organisator.jpg","contentUrl":"https:\/\/www.organisator.ch\/wp-content\/uploads\/2020\/01\/So-machen-Sie-das-Jahr-2020-ganz-anders_Organisator.jpg","width":680,"height":453,"caption":"Auch wenn das Jahr 2020 bereits einen Monat alt ist: F\u00fcr Ver\u00e4nderungen ist es nie zu sp\u00e4t. (Bild: Pixabay.com)"},{"@type":"BreadcrumbList","@id":"https:\/\/www.organisator.ch\/fr\/general\/2020-01-27\/so-machen-sie-das-jahr-2020-ganz-anders\/#breadcrumb","itemListElement":[{"@type":"ListItem","position":1,"name":"Home","item":"https:\/\/www.organisator.ch\/"},{"@type":"ListItem","position":2,"name":"So machen Sie das Jahr 2020 ganz anders"}]},{"@type":"WebSite","@id":"https:\/\/www.organisator.ch\/#website","url":"https:\/\/www.organisator.ch\/","name":"Organizer","description":"Competent. Practical. In 10 issues per year, ORGANISATOR presents the essential topics for managers of SMEs.","publisher":{"@id":"https:\/\/www.organisator.ch\/#organization"},"potentialAction":[{"@type":"SearchAction","target":{"@type":"EntryPoint","urlTemplate":"https:\/\/www.organisator.ch\/?s={search_term_string}"},"query-input":{"@type":"PropertyValueSpecification","valueRequired":true,"valueName":"search_term_string"}}],"inLanguage":"en-US"},{"@type":"Organization","@id":"https:\/\/www.organisator.ch\/#organization","name":"Organizer","url":"https:\/\/www.organisator.ch\/","logo":{"@type":"ImageObject","inLanguage":"en-US","@id":"https:\/\/www.organisator.ch\/#\/schema\/logo\/image\/","url":"https:\/\/www.organisator.ch\/wp-content\/uploads\/2022\/01\/Logo_Organisator_Website.png","contentUrl":"https:\/\/www.organisator.ch\/wp-content\/uploads\/2022\/01\/Logo_Organisator_Website.png","width":800,"height":77,"caption":"Organisator"},"image":{"@id":"https:\/\/www.organisator.ch\/#\/schema\/logo\/image\/"},"sameAs":["https:\/\/www.facebook.com\/OrganisatorFachmagazin","https:\/\/www.linkedin.com\/showcase\/organisator-das-magazin-fr-kmu","https:\/\/www.xing.com\/news\/pages\/organisator-ch-695","https:\/\/www.youtube.com\/channel\/UCGP2Sq0iWaZwT3BdIAQFYpw"]},{"@type":"Person","@id":"https:\/\/www.organisator.ch\/#\/schema\/person\/6f650f90b2842cd4c0cc334b4e36f67e","name":"thomas.berner","image":{"@type":"ImageObject","inLanguage":"en-US","@id":"https:\/\/secure.gravatar.com\/avatar\/ac5001d2a36cb6c6cd3e50789007ffca834b477b74a2144564522e944eabff61?s=96&d=mm&r=g","url":"https:\/\/secure.gravatar.com\/avatar\/ac5001d2a36cb6c6cd3e50789007ffca834b477b74a2144564522e944eabff61?s=96&d=mm&r=g","contentUrl":"https:\/\/secure.gravatar.com\/avatar\/ac5001d2a36cb6c6cd3e50789007ffca834b477b74a2144564522e944eabff61?s=96&d=mm&r=g","caption":"thomas.berner"},"url":"https:\/\/www.organisator.ch\/en\/author\/thomas-berner\/"}]}},"_links":{"self":[{"href":"https:\/\/www.organisator.ch\/en\/wp-json\/wp\/v2\/posts\/6281","targetHints":{"allow":["GET"]}}],"collection":[{"href":"https:\/\/www.organisator.ch\/en\/wp-json\/wp\/v2\/posts"}],"about":[{"href":"https:\/\/www.organisator.ch\/en\/wp-json\/wp\/v2\/types\/post"}],"author":[{"embeddable":true,"href":"https:\/\/www.organisator.ch\/en\/wp-json\/wp\/v2\/users\/4"}],"replies":[{"embeddable":true,"href":"https:\/\/www.organisator.ch\/en\/wp-json\/wp\/v2\/comments?post=6281"}],"version-history":[{"count":0,"href":"https:\/\/www.organisator.ch\/en\/wp-json\/wp\/v2\/posts\/6281\/revisions"}],"wp:featuredmedia":[{"embeddable":true,"href":"https:\/\/www.organisator.ch\/en\/wp-json\/wp\/v2\/media\/6283"}],"wp:attachment":[{"href":"https:\/\/www.organisator.ch\/en\/wp-json\/wp\/v2\/media?parent=6281"}],"wp:term":[{"taxonomy":"category","embeddable":true,"href":"https:\/\/www.organisator.ch\/en\/wp-json\/wp\/v2\/categories?post=6281"},{"taxonomy":"post_tag","embeddable":true,"href":"https:\/\/www.organisator.ch\/en\/wp-json\/wp\/v2\/tags?post=6281"}],"curies":[{"name":"wp","href":"https:\/\/api.w.org\/{rel}","templated":true}]}}