{"id":6291,"date":"2020-01-31T09:09:58","date_gmt":"2020-01-31T08:09:58","guid":{"rendered":"https:\/\/www.organisator.ch\/?p=6291"},"modified":"2020-01-31T09:09:58","modified_gmt":"2020-01-31T08:09:58","slug":"digitaler-wandel-laesst-mietwagen-markt-boomen","status":"publish","type":"post","link":"https:\/\/www.organisator.ch\/en\/management\/2020-01-31\/digitaler-wandel-laesst-mietwagen-markt-boomen\/","title":{"rendered":"Digital transformation causes rental car market to boom"},"content":{"rendered":"<figure id=\"attachment_6292\" aria-describedby=\"caption-attachment-6292\" style=\"width: 680px\" class=\"wp-caption alignnone\"><img loading=\"lazy\" decoding=\"async\" class=\"size-medium wp-image-6292\" src=\"https:\/\/www.organisator.ch\/wp-content\/uploads\/2020\/01\/Digitaler-Wandel-laesst-Mietwagen-Markt-boomen_Organisator.jpg\" alt=\"\" width=\"680\" height=\"680\" srcset=\"https:\/\/www.organisator.ch\/wp-content\/uploads\/2020\/01\/Digitaler-Wandel-laesst-Mietwagen-Markt-boomen_Organisator.jpg 680w, https:\/\/www.organisator.ch\/wp-content\/uploads\/2020\/01\/Digitaler-Wandel-laesst-Mietwagen-Markt-boomen_Organisator-150x150.jpg 150w, https:\/\/www.organisator.ch\/wp-content\/uploads\/2020\/01\/Digitaler-Wandel-laesst-Mietwagen-Markt-boomen_Organisator-12x12.jpg 12w, https:\/\/www.organisator.ch\/wp-content\/uploads\/2020\/01\/Digitaler-Wandel-laesst-Mietwagen-Markt-boomen_Organisator-175x175.jpg 175w, https:\/\/www.organisator.ch\/wp-content\/uploads\/2020\/01\/Digitaler-Wandel-laesst-Mietwagen-Markt-boomen_Organisator-350x350.jpg 350w, https:\/\/www.organisator.ch\/wp-content\/uploads\/2020\/01\/Digitaler-Wandel-laesst-Mietwagen-Markt-boomen_Organisator-250x250.jpg 250w, https:\/\/www.organisator.ch\/wp-content\/uploads\/2020\/01\/Digitaler-Wandel-laesst-Mietwagen-Markt-boomen_Organisator-300x300.jpg 300w, https:\/\/www.organisator.ch\/wp-content\/uploads\/2020\/01\/Digitaler-Wandel-laesst-Mietwagen-Markt-boomen_Organisator-100x100.jpg 100w\" sizes=\"auto, (max-width: 680px) 100vw, 680px\" \/><figcaption id=\"caption-attachment-6292\" class=\"wp-caption-text\">Marco Venturini, Managing Director of MSS Fahrzeugvermietung AG, is shaking up the Swiss car rental market with new digital offerings. (Image: zVg)<\/figcaption><\/figure>\n<p>The Swiss mobility market is growing between 4 and 5% annually. An upward trend that is also reflected in Enterprise Switzerland's annual figures. \"The utilization of our fleet was around 84% in 2019. We were able to increase sales and rentals by 15% compared to the previous year,\" says Marco Venturini, CEO of Enterprise Switzerland. The company felt a particular increase in direct customer business, as Venturini elaborates: \"We are seeing a 50% increase in customers booking directly through us. We want to increase this and have developed new business models for 2020 that are even more responsive to the needs in the market.\"<\/p>\n<h2>Digitization and car sharing change rental car market<\/h2>\n<p>MSS Holding has taken a stake in a startup that has developed what it says is a unique car-sharing platform. The goal is to automate the entire car rental and car sharing process, from booking to return, via this app technology, according to reports. In doing so, Enterprise Switzerland wants nothing more than to turn the industry on its head. The correspondingly self-confident credo is: spontaneous, simple, transparent and uncomplicated. \"We offer our corporate customers a new car sharing model, which gives you demand-oriented access to our entire car fleet. Business vehicles can now be obtained from us on a subscription basis. This benefits our customers significantly,\" explains Venturini.<\/p>\n<h2>Novel app for counterless access to rental cars<\/h2>\n<p>In addition, Enterprise Switzerland is launching a new type of app in May that will give business and private customers counterless access to rental cars. Venturini emphasizes: \"We are convinced that we will have a massive impact on the Swiss car rental and mobility market in the coming years thanks to our innovative technologies, a flexible and simple rental process, automatic damage detection and control.\"<\/p>\n<p><em>More information: <a href=\"https:\/\/www.enterprise.ch\/de\/home.html\">MSS Vehicle Rental AG<\/a><\/em><\/p>","protected":false},"excerpt":{"rendered":"<p>Der Schweizer Mobilit\u00e4tsmarkt w\u00e4chst j\u00e4hrlich zwischen 4 bis 5%. Ein Aufw\u00e4rtstrend, der sich auch in den Jahreszahlen von Enterprise Schweiz widerspiegelt. \u201eDie Auslastung unserer Flotte lag 2019 bei rund 84%. Umsatz und Mieten haben wir im Vergleich zum Vorjahr um 15% steigern k\u00f6nnen\u201c, sagt Marco Venturini, CEO von Enterprise Schweiz. Eine besondere Zunahme versp\u00fcrte das [&hellip;]<\/p>\n","protected":false},"author":4,"featured_media":6292,"comment_status":"closed","ping_status":"closed","sticky":false,"template":"","format":"standard","meta":{"_acf_changed":false,"_yoast_wpseo_focuskw":"Mietwagen-Markt","_yoast_wpseo_metadesc":"Mit einem neuartigen Konzept f\u00fcr Flotten- und Firmenkunden will nun Enterprise Schweiz den hiesigen Mietwagen-Markt aufmischen.","articlekey":"","footnotes":""},"categories":[28],"tags":[212,335,354,492],"class_list":["post-6291","post","type-post","status-publish","format-standard","has-post-thumbnail","hentry","category-management","tag-flottenmanagement","tag-management-und-unternehmensfuehrung","tag-mobilitaet","tag-unternehmen"],"acf":[],"yoast_head":"<!-- This site is optimized with the Yoast SEO plugin v27.5 - https:\/\/yoast.com\/product\/yoast-seo-wordpress\/ -->\n<title>Digitaler Wandel l\u00e4sst Mietwagen-Markt boomen - Organisator<\/title>\n<meta name=\"description\" content=\"Mit einem neuartigen Konzept f\u00fcr Flotten- und Firmenkunden will nun Enterprise Schweiz den hiesigen Mietwagen-Markt aufmischen.\" \/>\n<meta name=\"robots\" content=\"index, follow, max-snippet:-1, max-image-preview:large, max-video-preview:-1\" \/>\n<link rel=\"canonical\" href=\"https:\/\/www.organisator.ch\/en\/management\/2020-01-31\/digitaler-wandel-laesst-mietwagen-markt-boomen\/\" \/>\n<meta property=\"og:locale\" content=\"en_US\" \/>\n<meta property=\"og:type\" content=\"article\" \/>\n<meta property=\"og:title\" content=\"Digitaler Wandel l\u00e4sst Mietwagen-Markt boomen\" \/>\n<meta property=\"og:description\" content=\"Mit einem neuartigen Konzept f\u00fcr Flotten- und Firmenkunden will nun Enterprise Schweiz den hiesigen Mietwagen-Markt aufmischen.\" \/>\n<meta property=\"og:url\" content=\"https:\/\/www.organisator.ch\/en\/management\/2020-01-31\/digitaler-wandel-laesst-mietwagen-markt-boomen\/\" \/>\n<meta property=\"og:site_name\" content=\"Organisator\" \/>\n<meta property=\"article:publisher\" content=\"https:\/\/www.facebook.com\/OrganisatorFachmagazin\" \/>\n<meta property=\"article:published_time\" content=\"2020-01-31T08:09:58+00:00\" \/>\n<meta property=\"og:image\" content=\"https:\/\/www.organisator.ch\/wp-content\/uploads\/2020\/01\/Digitaler-Wandel-laesst-Mietwagen-Markt-boomen_Organisator.jpg\" \/>\n\t<meta property=\"og:image:width\" content=\"680\" \/>\n\t<meta property=\"og:image:height\" content=\"680\" \/>\n\t<meta property=\"og:image:type\" content=\"image\/jpeg\" \/>\n<meta name=\"author\" content=\"thomas.berner\" \/>\n<meta name=\"twitter:card\" content=\"summary_large_image\" \/>\n<meta name=\"twitter:title\" content=\"Digitaler Wandel l\u00e4sst #Mietwagen-Markt boomen\" \/>\n<meta name=\"twitter:description\" content=\"Mit einem neuartigen Konzept f\u00fcr Flotten- und Firmenkunden will nun #Enterprise Schweiz den hiesigen #Mietwagen-Markt aufmischen.\" \/>\n<meta name=\"twitter:image\" content=\"https:\/\/www.organisator.ch\/wp-content\/uploads\/2020\/01\/Digitaler-Wandel-laesst-Mietwagen-Markt-boomen_Organisator.jpg\" \/>\n<script type=\"application\/ld+json\" class=\"yoast-schema-graph\">{\"@context\":\"https:\\\/\\\/schema.org\",\"@graph\":[{\"@type\":\"Article\",\"@id\":\"https:\\\/\\\/www.organisator.ch\\\/management\\\/2020-01-31\\\/digitaler-wandel-laesst-mietwagen-markt-boomen\\\/#article\",\"isPartOf\":{\"@id\":\"https:\\\/\\\/www.organisator.ch\\\/management\\\/2020-01-31\\\/digitaler-wandel-laesst-mietwagen-markt-boomen\\\/\"},\"author\":{\"name\":\"thomas.berner\",\"@id\":\"https:\\\/\\\/www.organisator.ch\\\/#\\\/schema\\\/person\\\/6f650f90b2842cd4c0cc334b4e36f67e\"},\"headline\":\"Digitaler Wandel l\u00e4sst Mietwagen-Markt boomen\",\"datePublished\":\"2020-01-31T08:09:58+00:00\",\"mainEntityOfPage\":{\"@id\":\"https:\\\/\\\/www.organisator.ch\\\/management\\\/2020-01-31\\\/digitaler-wandel-laesst-mietwagen-markt-boomen\\\/\"},\"wordCount\":306,\"publisher\":{\"@id\":\"https:\\\/\\\/www.organisator.ch\\\/#organization\"},\"image\":{\"@id\":\"https:\\\/\\\/www.organisator.ch\\\/management\\\/2020-01-31\\\/digitaler-wandel-laesst-mietwagen-markt-boomen\\\/#primaryimage\"},\"thumbnailUrl\":\"https:\\\/\\\/www.organisator.ch\\\/wp-content\\\/uploads\\\/2020\\\/01\\\/Digitaler-Wandel-laesst-Mietwagen-Markt-boomen_Organisator.jpg\",\"keywords\":[\"Flottenmanagement\",\"Management und Unternehmensf\u00fchrung\",\"Mobilit\u00e4t\",\"Unternehmen\"],\"articleSection\":[\"MANAGEMENT\"],\"inLanguage\":\"en-US\"},{\"@type\":\"WebPage\",\"@id\":\"https:\\\/\\\/www.organisator.ch\\\/management\\\/2020-01-31\\\/digitaler-wandel-laesst-mietwagen-markt-boomen\\\/\",\"url\":\"https:\\\/\\\/www.organisator.ch\\\/management\\\/2020-01-31\\\/digitaler-wandel-laesst-mietwagen-markt-boomen\\\/\",\"name\":\"Digitaler Wandel l\u00e4sst Mietwagen-Markt boomen - Organisator\",\"isPartOf\":{\"@id\":\"https:\\\/\\\/www.organisator.ch\\\/#website\"},\"primaryImageOfPage\":{\"@id\":\"https:\\\/\\\/www.organisator.ch\\\/management\\\/2020-01-31\\\/digitaler-wandel-laesst-mietwagen-markt-boomen\\\/#primaryimage\"},\"image\":{\"@id\":\"https:\\\/\\\/www.organisator.ch\\\/management\\\/2020-01-31\\\/digitaler-wandel-laesst-mietwagen-markt-boomen\\\/#primaryimage\"},\"thumbnailUrl\":\"https:\\\/\\\/www.organisator.ch\\\/wp-content\\\/uploads\\\/2020\\\/01\\\/Digitaler-Wandel-laesst-Mietwagen-Markt-boomen_Organisator.jpg\",\"datePublished\":\"2020-01-31T08:09:58+00:00\",\"description\":\"Mit einem neuartigen Konzept f\u00fcr Flotten- und Firmenkunden will nun Enterprise Schweiz den hiesigen Mietwagen-Markt aufmischen.\",\"breadcrumb\":{\"@id\":\"https:\\\/\\\/www.organisator.ch\\\/management\\\/2020-01-31\\\/digitaler-wandel-laesst-mietwagen-markt-boomen\\\/#breadcrumb\"},\"inLanguage\":\"en-US\",\"potentialAction\":[{\"@type\":\"ReadAction\",\"target\":[\"https:\\\/\\\/www.organisator.ch\\\/management\\\/2020-01-31\\\/digitaler-wandel-laesst-mietwagen-markt-boomen\\\/\"]}]},{\"@type\":\"ImageObject\",\"inLanguage\":\"en-US\",\"@id\":\"https:\\\/\\\/www.organisator.ch\\\/management\\\/2020-01-31\\\/digitaler-wandel-laesst-mietwagen-markt-boomen\\\/#primaryimage\",\"url\":\"https:\\\/\\\/www.organisator.ch\\\/wp-content\\\/uploads\\\/2020\\\/01\\\/Digitaler-Wandel-laesst-Mietwagen-Markt-boomen_Organisator.jpg\",\"contentUrl\":\"https:\\\/\\\/www.organisator.ch\\\/wp-content\\\/uploads\\\/2020\\\/01\\\/Digitaler-Wandel-laesst-Mietwagen-Markt-boomen_Organisator.jpg\",\"width\":680,\"height\":680,\"caption\":\"Marco Venturini, Managing Director MSS Fahrzeugvermietung AG, mischt mit neuen digitalen Angeboten den Schweizer Mietwagen-Markt auf. (Bild: zVg)\"},{\"@type\":\"BreadcrumbList\",\"@id\":\"https:\\\/\\\/www.organisator.ch\\\/management\\\/2020-01-31\\\/digitaler-wandel-laesst-mietwagen-markt-boomen\\\/#breadcrumb\",\"itemListElement\":[{\"@type\":\"ListItem\",\"position\":1,\"name\":\"Home\",\"item\":\"https:\\\/\\\/www.organisator.ch\\\/\"},{\"@type\":\"ListItem\",\"position\":2,\"name\":\"Digitaler Wandel l\u00e4sst Mietwagen-Markt boomen\"}]},{\"@type\":\"WebSite\",\"@id\":\"https:\\\/\\\/www.organisator.ch\\\/#website\",\"url\":\"https:\\\/\\\/www.organisator.ch\\\/\",\"name\":\"Organisator\",\"description\":\"Kompetent. Praxisnah. Der ORGANISATOR bereitet in 10 Ausgaben pro Jahr die wesentlichen Themen f\u00fcr F\u00fchrungskr\u00e4fte von KMU auf.\",\"publisher\":{\"@id\":\"https:\\\/\\\/www.organisator.ch\\\/#organization\"},\"potentialAction\":[{\"@type\":\"SearchAction\",\"target\":{\"@type\":\"EntryPoint\",\"urlTemplate\":\"https:\\\/\\\/www.organisator.ch\\\/?s={search_term_string}\"},\"query-input\":{\"@type\":\"PropertyValueSpecification\",\"valueRequired\":true,\"valueName\":\"search_term_string\"}}],\"inLanguage\":\"en-US\"},{\"@type\":\"Organization\",\"@id\":\"https:\\\/\\\/www.organisator.ch\\\/#organization\",\"name\":\"Organisator\",\"url\":\"https:\\\/\\\/www.organisator.ch\\\/\",\"logo\":{\"@type\":\"ImageObject\",\"inLanguage\":\"en-US\",\"@id\":\"https:\\\/\\\/www.organisator.ch\\\/#\\\/schema\\\/logo\\\/image\\\/\",\"url\":\"https:\\\/\\\/www.organisator.ch\\\/wp-content\\\/uploads\\\/2022\\\/01\\\/Logo_Organisator_Website.png\",\"contentUrl\":\"https:\\\/\\\/www.organisator.ch\\\/wp-content\\\/uploads\\\/2022\\\/01\\\/Logo_Organisator_Website.png\",\"width\":800,\"height\":77,\"caption\":\"Organisator\"},\"image\":{\"@id\":\"https:\\\/\\\/www.organisator.ch\\\/#\\\/schema\\\/logo\\\/image\\\/\"},\"sameAs\":[\"https:\\\/\\\/www.facebook.com\\\/OrganisatorFachmagazin\",\"https:\\\/\\\/www.linkedin.com\\\/showcase\\\/organisator-das-magazin-fr-kmu\",\"https:\\\/\\\/www.xing.com\\\/news\\\/pages\\\/organisator-ch-695\",\"https:\\\/\\\/www.youtube.com\\\/channel\\\/UCGP2Sq0iWaZwT3BdIAQFYpw\"]},{\"@type\":\"Person\",\"@id\":\"https:\\\/\\\/www.organisator.ch\\\/#\\\/schema\\\/person\\\/6f650f90b2842cd4c0cc334b4e36f67e\",\"name\":\"thomas.berner\",\"image\":{\"@type\":\"ImageObject\",\"inLanguage\":\"en-US\",\"@id\":\"https:\\\/\\\/secure.gravatar.com\\\/avatar\\\/ac5001d2a36cb6c6cd3e50789007ffca834b477b74a2144564522e944eabff61?s=96&d=mm&r=g\",\"url\":\"https:\\\/\\\/secure.gravatar.com\\\/avatar\\\/ac5001d2a36cb6c6cd3e50789007ffca834b477b74a2144564522e944eabff61?s=96&d=mm&r=g\",\"contentUrl\":\"https:\\\/\\\/secure.gravatar.com\\\/avatar\\\/ac5001d2a36cb6c6cd3e50789007ffca834b477b74a2144564522e944eabff61?s=96&d=mm&r=g\",\"caption\":\"thomas.berner\"},\"url\":\"https:\\\/\\\/www.organisator.ch\\\/en\\\/author\\\/thomas-berner\\\/\"}]}<\/script>\n<!-- \/ Yoast SEO plugin. -->","yoast_head_json":{"title":"Digital transformation lets rental car market boom - Organizer","description":"Enterprise Switzerland now wants to shake up the local rental car market with a new concept for fleet and corporate customers.","robots":{"index":"index","follow":"follow","max-snippet":"max-snippet:-1","max-image-preview":"max-image-preview:large","max-video-preview":"max-video-preview:-1"},"canonical":"https:\/\/www.organisator.ch\/en\/management\/2020-01-31\/digitaler-wandel-laesst-mietwagen-markt-boomen\/","og_locale":"en_US","og_type":"article","og_title":"Digitaler Wandel l\u00e4sst Mietwagen-Markt boomen","og_description":"Mit einem neuartigen Konzept f\u00fcr Flotten- und Firmenkunden will nun Enterprise Schweiz den hiesigen Mietwagen-Markt aufmischen.","og_url":"https:\/\/www.organisator.ch\/en\/management\/2020-01-31\/digitaler-wandel-laesst-mietwagen-markt-boomen\/","og_site_name":"Organisator","article_publisher":"https:\/\/www.facebook.com\/OrganisatorFachmagazin","article_published_time":"2020-01-31T08:09:58+00:00","og_image":[{"width":680,"height":680,"url":"https:\/\/www.organisator.ch\/wp-content\/uploads\/2020\/01\/Digitaler-Wandel-laesst-Mietwagen-Markt-boomen_Organisator.jpg","type":"image\/jpeg"}],"author":"thomas.berner","twitter_card":"summary_large_image","twitter_title":"Digitaler Wandel l\u00e4sst #Mietwagen-Markt boomen","twitter_description":"Mit einem neuartigen Konzept f\u00fcr Flotten- und Firmenkunden will nun #Enterprise Schweiz den hiesigen #Mietwagen-Markt aufmischen.","twitter_image":"https:\/\/www.organisator.ch\/wp-content\/uploads\/2020\/01\/Digitaler-Wandel-laesst-Mietwagen-Markt-boomen_Organisator.jpg","schema":{"@context":"https:\/\/schema.org","@graph":[{"@type":"Article","@id":"https:\/\/www.organisator.ch\/management\/2020-01-31\/digitaler-wandel-laesst-mietwagen-markt-boomen\/#article","isPartOf":{"@id":"https:\/\/www.organisator.ch\/management\/2020-01-31\/digitaler-wandel-laesst-mietwagen-markt-boomen\/"},"author":{"name":"thomas.berner","@id":"https:\/\/www.organisator.ch\/#\/schema\/person\/6f650f90b2842cd4c0cc334b4e36f67e"},"headline":"Digitaler Wandel l\u00e4sst Mietwagen-Markt boomen","datePublished":"2020-01-31T08:09:58+00:00","mainEntityOfPage":{"@id":"https:\/\/www.organisator.ch\/management\/2020-01-31\/digitaler-wandel-laesst-mietwagen-markt-boomen\/"},"wordCount":306,"publisher":{"@id":"https:\/\/www.organisator.ch\/#organization"},"image":{"@id":"https:\/\/www.organisator.ch\/management\/2020-01-31\/digitaler-wandel-laesst-mietwagen-markt-boomen\/#primaryimage"},"thumbnailUrl":"https:\/\/www.organisator.ch\/wp-content\/uploads\/2020\/01\/Digitaler-Wandel-laesst-Mietwagen-Markt-boomen_Organisator.jpg","keywords":["Flottenmanagement","Management und Unternehmensf\u00fchrung","Mobilit\u00e4t","Unternehmen"],"articleSection":["MANAGEMENT"],"inLanguage":"en-US"},{"@type":"WebPage","@id":"https:\/\/www.organisator.ch\/management\/2020-01-31\/digitaler-wandel-laesst-mietwagen-markt-boomen\/","url":"https:\/\/www.organisator.ch\/management\/2020-01-31\/digitaler-wandel-laesst-mietwagen-markt-boomen\/","name":"Digital transformation lets rental car market boom - Organizer","isPartOf":{"@id":"https:\/\/www.organisator.ch\/#website"},"primaryImageOfPage":{"@id":"https:\/\/www.organisator.ch\/management\/2020-01-31\/digitaler-wandel-laesst-mietwagen-markt-boomen\/#primaryimage"},"image":{"@id":"https:\/\/www.organisator.ch\/management\/2020-01-31\/digitaler-wandel-laesst-mietwagen-markt-boomen\/#primaryimage"},"thumbnailUrl":"https:\/\/www.organisator.ch\/wp-content\/uploads\/2020\/01\/Digitaler-Wandel-laesst-Mietwagen-Markt-boomen_Organisator.jpg","datePublished":"2020-01-31T08:09:58+00:00","description":"Enterprise Switzerland now wants to shake up the local rental car market with a new concept for fleet and corporate customers.","breadcrumb":{"@id":"https:\/\/www.organisator.ch\/management\/2020-01-31\/digitaler-wandel-laesst-mietwagen-markt-boomen\/#breadcrumb"},"inLanguage":"en-US","potentialAction":[{"@type":"ReadAction","target":["https:\/\/www.organisator.ch\/management\/2020-01-31\/digitaler-wandel-laesst-mietwagen-markt-boomen\/"]}]},{"@type":"ImageObject","inLanguage":"en-US","@id":"https:\/\/www.organisator.ch\/management\/2020-01-31\/digitaler-wandel-laesst-mietwagen-markt-boomen\/#primaryimage","url":"https:\/\/www.organisator.ch\/wp-content\/uploads\/2020\/01\/Digitaler-Wandel-laesst-Mietwagen-Markt-boomen_Organisator.jpg","contentUrl":"https:\/\/www.organisator.ch\/wp-content\/uploads\/2020\/01\/Digitaler-Wandel-laesst-Mietwagen-Markt-boomen_Organisator.jpg","width":680,"height":680,"caption":"Marco Venturini, Managing Director MSS Fahrzeugvermietung AG, mischt mit neuen digitalen Angeboten den Schweizer Mietwagen-Markt auf. (Bild: zVg)"},{"@type":"BreadcrumbList","@id":"https:\/\/www.organisator.ch\/management\/2020-01-31\/digitaler-wandel-laesst-mietwagen-markt-boomen\/#breadcrumb","itemListElement":[{"@type":"ListItem","position":1,"name":"Home","item":"https:\/\/www.organisator.ch\/"},{"@type":"ListItem","position":2,"name":"Digitaler Wandel l\u00e4sst Mietwagen-Markt boomen"}]},{"@type":"WebSite","@id":"https:\/\/www.organisator.ch\/#website","url":"https:\/\/www.organisator.ch\/","name":"Organizer","description":"Competent. Practical. In 10 issues per year, ORGANISATOR presents the essential topics for managers of SMEs.","publisher":{"@id":"https:\/\/www.organisator.ch\/#organization"},"potentialAction":[{"@type":"SearchAction","target":{"@type":"EntryPoint","urlTemplate":"https:\/\/www.organisator.ch\/?s={search_term_string}"},"query-input":{"@type":"PropertyValueSpecification","valueRequired":true,"valueName":"search_term_string"}}],"inLanguage":"en-US"},{"@type":"Organization","@id":"https:\/\/www.organisator.ch\/#organization","name":"Organizer","url":"https:\/\/www.organisator.ch\/","logo":{"@type":"ImageObject","inLanguage":"en-US","@id":"https:\/\/www.organisator.ch\/#\/schema\/logo\/image\/","url":"https:\/\/www.organisator.ch\/wp-content\/uploads\/2022\/01\/Logo_Organisator_Website.png","contentUrl":"https:\/\/www.organisator.ch\/wp-content\/uploads\/2022\/01\/Logo_Organisator_Website.png","width":800,"height":77,"caption":"Organisator"},"image":{"@id":"https:\/\/www.organisator.ch\/#\/schema\/logo\/image\/"},"sameAs":["https:\/\/www.facebook.com\/OrganisatorFachmagazin","https:\/\/www.linkedin.com\/showcase\/organisator-das-magazin-fr-kmu","https:\/\/www.xing.com\/news\/pages\/organisator-ch-695","https:\/\/www.youtube.com\/channel\/UCGP2Sq0iWaZwT3BdIAQFYpw"]},{"@type":"Person","@id":"https:\/\/www.organisator.ch\/#\/schema\/person\/6f650f90b2842cd4c0cc334b4e36f67e","name":"thomas.berner","image":{"@type":"ImageObject","inLanguage":"en-US","@id":"https:\/\/secure.gravatar.com\/avatar\/ac5001d2a36cb6c6cd3e50789007ffca834b477b74a2144564522e944eabff61?s=96&d=mm&r=g","url":"https:\/\/secure.gravatar.com\/avatar\/ac5001d2a36cb6c6cd3e50789007ffca834b477b74a2144564522e944eabff61?s=96&d=mm&r=g","contentUrl":"https:\/\/secure.gravatar.com\/avatar\/ac5001d2a36cb6c6cd3e50789007ffca834b477b74a2144564522e944eabff61?s=96&d=mm&r=g","caption":"thomas.berner"},"url":"https:\/\/www.organisator.ch\/en\/author\/thomas-berner\/"}]}},"_links":{"self":[{"href":"https:\/\/www.organisator.ch\/en\/wp-json\/wp\/v2\/posts\/6291","targetHints":{"allow":["GET"]}}],"collection":[{"href":"https:\/\/www.organisator.ch\/en\/wp-json\/wp\/v2\/posts"}],"about":[{"href":"https:\/\/www.organisator.ch\/en\/wp-json\/wp\/v2\/types\/post"}],"author":[{"embeddable":true,"href":"https:\/\/www.organisator.ch\/en\/wp-json\/wp\/v2\/users\/4"}],"replies":[{"embeddable":true,"href":"https:\/\/www.organisator.ch\/en\/wp-json\/wp\/v2\/comments?post=6291"}],"version-history":[{"count":0,"href":"https:\/\/www.organisator.ch\/en\/wp-json\/wp\/v2\/posts\/6291\/revisions"}],"wp:featuredmedia":[{"embeddable":true,"href":"https:\/\/www.organisator.ch\/en\/wp-json\/wp\/v2\/media\/6292"}],"wp:attachment":[{"href":"https:\/\/www.organisator.ch\/en\/wp-json\/wp\/v2\/media?parent=6291"}],"wp:term":[{"taxonomy":"category","embeddable":true,"href":"https:\/\/www.organisator.ch\/en\/wp-json\/wp\/v2\/categories?post=6291"},{"taxonomy":"post_tag","embeddable":true,"href":"https:\/\/www.organisator.ch\/en\/wp-json\/wp\/v2\/tags?post=6291"}],"curies":[{"name":"wp","href":"https:\/\/api.w.org\/{rel}","templated":true}]}}