{"id":6295,"date":"2020-02-03T08:49:26","date_gmt":"2020-02-03T07:49:26","guid":{"rendered":"https:\/\/www.organisator.ch\/?p=6295"},"modified":"2020-02-03T08:49:26","modified_gmt":"2020-02-03T07:49:26","slug":"globale-ict-trends-schweiz-haelt-nicht-ueberall-mit","status":"publish","type":"post","link":"https:\/\/www.organisator.ch\/en\/management\/it\/2020-02-03\/globale-ict-trends-schweiz-haelt-nicht-ueberall-mit\/","title":{"rendered":"Global ICT trends: Switzerland is not keeping up everywhere"},"content":{"rendered":"<figure id=\"attachment_6296\" aria-describedby=\"caption-attachment-6296\" style=\"width: 680px\" class=\"wp-caption alignnone\"><img loading=\"lazy\" decoding=\"async\" class=\"size-medium wp-image-6296\" src=\"https:\/\/www.organisator.ch\/wp-content\/uploads\/2020\/02\/Globale-ICT-Trends-Schweiz-haelt-nicht-ueberall-mit-1_Organisator.jpg\" alt=\"\" width=\"680\" height=\"217\" srcset=\"https:\/\/www.organisator.ch\/wp-content\/uploads\/2020\/02\/Globale-ICT-Trends-Schweiz-haelt-nicht-ueberall-mit-1_Organisator.jpg 680w, https:\/\/www.organisator.ch\/wp-content\/uploads\/2020\/02\/Globale-ICT-Trends-Schweiz-haelt-nicht-ueberall-mit-1_Organisator-16x5.jpg 16w, https:\/\/www.organisator.ch\/wp-content\/uploads\/2020\/02\/Globale-ICT-Trends-Schweiz-haelt-nicht-ueberall-mit-1_Organisator-375x120.jpg 375w, https:\/\/www.organisator.ch\/wp-content\/uploads\/2020\/02\/Globale-ICT-Trends-Schweiz-haelt-nicht-ueberall-mit-1_Organisator-300x96.jpg 300w\" sizes=\"auto, (max-width: 680px) 100vw, 680px\" \/><figcaption id=\"caption-attachment-6296\" class=\"wp-caption-text\">Investments in technologies by Swiss industry: Swiss companies do not follow global ICT trends everywhere. (Graphic: Swico)<\/figcaption><\/figure>\n<p>The study \"Swico House View 2020\" provides interesting insights into the state of digitization in Switzerland: The industries invest in almost all technologies. However, they place different emphases. \"The industries are making very targeted investments,\" says Judith Bellaiche, Managing Director of Swico, the trade association for the ICT and online industry. \"Cloud is the real game changer.<span style=\"font-weight: inherit;\"> \u00a0<\/span>- Around 26 percent of all investments flow into cloud technology. Cloud enables the digitization of Switzerland, so to speak,\" she continues. <span style=\"font-weight: inherit;\">The information and communications technology sector (9 percent) and financial services providers and insurance companies (9 percent) invest the most in cloud. Transport and logistics and public administration also rely heavily on cloud projects, with 8 percent each.<\/span><\/p>\n<h2>Potential of the platforms recognized<\/h2>\n<p><span style=\"font-weight: inherit;\">Another ICT trend is \"platforms\": Around 19 percent of all current projects of the Swico members surveyed are based on platform technology. The financial services and insurance industry recorded the most projects (12 percent), followed by public administration (10 percent) and information and communications technology (9 percent). \"The service industries have recognized that platforms offer enormous potential,\" Bellaiche comments.<\/span><\/p>\n<h2><span style=\"font-weight: inherit;\"><strong>Global ICT trends do not always coincide with Switzerland<\/strong><\/span><\/h2>\n<p><span style=\"font-weight: inherit;\">A comparison with global growth trends shows: Switzerland is not investing in all technologies in sync with the rest of the world. \"We are lagging behind in certain technology trends,\" says Bellaiche. For her, the study also shows where industries need to catch up: \"Individual industries - agriculture, for example - are still making far too little use of the opportunities offered by digitization,\" Bellaiche is convinced.<\/span><\/p>\n<h2>Switzerland lags behind in IoT and Big Data<\/h2>\n<p>Overall, growing sales are forecast in the coming years for all eight technology trends examined. Most impressive is the huge volume of \"Internet of Things\" with over 800 billion US dollars in 2020. In Switzerland, \"Internet of Things\" accounts for 11 percent of the pie.<\/p>\n<figure id=\"attachment_6297\" aria-describedby=\"caption-attachment-6297\" style=\"width: 680px\" class=\"wp-caption alignnone\"><img loading=\"lazy\" decoding=\"async\" class=\"size-medium wp-image-6297\" src=\"https:\/\/www.organisator.ch\/wp-content\/uploads\/2020\/02\/Globale-ICT-Trends-Schweiz-haelt-nicht-ueberall-mit-2_Organisator.jpg\" alt=\"\" width=\"680\" height=\"291\" srcset=\"https:\/\/www.organisator.ch\/wp-content\/uploads\/2020\/02\/Globale-ICT-Trends-Schweiz-haelt-nicht-ueberall-mit-2_Organisator.jpg 680w, https:\/\/www.organisator.ch\/wp-content\/uploads\/2020\/02\/Globale-ICT-Trends-Schweiz-haelt-nicht-ueberall-mit-2_Organisator-16x7.jpg 16w, https:\/\/www.organisator.ch\/wp-content\/uploads\/2020\/02\/Globale-ICT-Trends-Schweiz-haelt-nicht-ueberall-mit-2_Organisator-375x160.jpg 375w, https:\/\/www.organisator.ch\/wp-content\/uploads\/2020\/02\/Globale-ICT-Trends-Schweiz-haelt-nicht-ueberall-mit-2_Organisator-300x128.jpg 300w\" sizes=\"auto, (max-width: 680px) 100vw, 680px\" \/><figcaption id=\"caption-attachment-6297\" class=\"wp-caption-text\">Global development of the eight most important technology trends (Graphic: Swico)<\/figcaption><\/figure>\n<p><span style=\"font-weight: inherit;\">Switzerland also lags slightly behind in \"Big Data\": After \"Cloud\" in third place worldwide, \"Big Data\" is (still) in fourth place in this country. According to the study, however, \"big data\" will gain in importance: In 2021, global spending on Big Data solutions is already expected to amount to 231 billion US dollars (2018: 164 billion US dollars). This represents a doubling since 2015, with growth driven by rapid advances in machine learning and artificial intelligence. In Switzerland, the energy and transport sectors, the medical sector, Industry 4.0 application industries, financial services, telecommunications, and agriculture are particularly promising in terms of short- to medium-term market potential.<\/span><\/p>\n<h2><strong>\"Augmented reality\" is becoming increasingly important<\/strong><\/h2>\n<p><span style=\"font-weight: inherit;\">An above-average growth trend is evident in the global market for augmented, virtual and mixed reality technologies: Here, the growth rate is expected to increase tenfold in the next three years, as shown by the approach of a veritable \"field hockey stick\" (see graphic on global development).<\/span><\/p>\n<p><span style=\"font-weight: inherit;\">In Switzerland, the mechanical engineering and vehicle construction sectors, as well as transport and logistics, are the main users of augmented reality. The technology trend \"Blockchain\" is by far the most frequently used by financial services and insurance, followed by services. \"Cognitive Computing\" (AI) is again most frequently used by financial services and insurance, ICT, and transport and logistics.<\/span><\/p>\n<p><em>Source and further information: <a href=\"http:\/\/www.swico.ch\">www.swico.ch<\/a><\/em><\/p>","protected":false},"excerpt":{"rendered":"<p>Die Studie \u00abSwico House View 2020\u00bb liefert interessante Einblicke zum Stand der Digitalisierung der Schweiz: Die Branchen investieren in fast alle Technologien. Sie legen jedoch unterschiedliche Schwerpunkte. \u00abDie Industrien investieren sehr gezielt\u00bb, sagt dazu Judith Bellaiche, Gesch\u00e4ftsf\u00fchrerin von Swico, dem Wirtschaftsverband der ICT- und Online-Branche. \u00abCloud ist der eigentliche \u2018Gamechanger\u2019 \u00a0\u2013 rund 26 Prozent aller [&hellip;]<\/p>\n","protected":false},"author":4,"featured_media":6296,"comment_status":"closed","ping_status":"closed","sticky":false,"template":"","format":"standard","meta":{"_acf_changed":false,"_yoast_wpseo_focuskw":"ICT-Trends","_yoast_wpseo_metadesc":"Die Schweizer Wirtschaft investiert je nach Branche sehr unterschiedlich in die IT \u2013 und auch nicht immer deckungsgleich mit den globalen ICT-Trends.","articlekey":"","footnotes":""},"categories":[27],"tags":[123,156,286,459],"class_list":["post-6295","post","type-post","status-publish","format-standard","has-post-thumbnail","hentry","category-it","tag-cloud-computing","tag-digitalisierung","tag-it","tag-studie"],"acf":[],"yoast_head":"<!-- This site is optimized with the Yoast SEO plugin v27.5 - https:\/\/yoast.com\/product\/yoast-seo-wordpress\/ -->\n<title>Globale ICT-Trends: Schweiz h\u00e4lt nicht \u00fcberall mit - Organisator<\/title>\n<meta name=\"description\" content=\"Die Schweizer Wirtschaft investiert je nach Branche sehr unterschiedlich in die IT \u2013 und auch nicht immer deckungsgleich mit den globalen ICT-Trends.\" \/>\n<meta name=\"robots\" content=\"index, follow, max-snippet:-1, max-image-preview:large, max-video-preview:-1\" \/>\n<link rel=\"canonical\" href=\"https:\/\/www.organisator.ch\/en\/management\/it\/2020-02-03\/globale-ict-trends-schweiz-haelt-nicht-ueberall-mit\/\" \/>\n<meta property=\"og:locale\" content=\"en_US\" \/>\n<meta property=\"og:type\" content=\"article\" \/>\n<meta property=\"og:title\" content=\"Globale ICT-Trends: Schweiz h\u00e4lt nicht \u00fcberall mit\" \/>\n<meta property=\"og:description\" content=\"Die Schweizer Wirtschaft investiert je nach Branche sehr unterschiedlich in die IT \u2013 und auch nicht immer deckungsgleich mit den globalen ICT-Trends.\" \/>\n<meta property=\"og:url\" content=\"https:\/\/www.organisator.ch\/en\/management\/it\/2020-02-03\/globale-ict-trends-schweiz-haelt-nicht-ueberall-mit\/\" \/>\n<meta property=\"og:site_name\" content=\"Organisator\" \/>\n<meta property=\"article:publisher\" content=\"https:\/\/www.facebook.com\/OrganisatorFachmagazin\" \/>\n<meta property=\"article:published_time\" content=\"2020-02-03T07:49:26+00:00\" \/>\n<meta property=\"og:image\" content=\"https:\/\/www.organisator.ch\/wp-content\/uploads\/2020\/02\/Globale-ICT-Trends-Schweiz-haelt-nicht-ueberall-mit-1_Organisator.jpg\" \/>\n\t<meta property=\"og:image:width\" content=\"680\" \/>\n\t<meta property=\"og:image:height\" content=\"217\" \/>\n\t<meta property=\"og:image:type\" content=\"image\/jpeg\" \/>\n<meta name=\"author\" content=\"thomas.berner\" \/>\n<meta name=\"twitter:card\" content=\"summary_large_image\" \/>\n<meta name=\"twitter:title\" content=\"Globale #ICT-Trends: Schweiz h\u00e4lt nicht \u00fcberall mit\" \/>\n<meta name=\"twitter:description\" content=\"Die Schweizer Wirtschaft investiert je nach Branche sehr unterschiedlich in die IT \u2013 und auch nicht immer deckungsgleich mit den globalen #ICT-Trends.\" \/>\n<meta name=\"twitter:image\" content=\"https:\/\/www.organisator.ch\/wp-content\/uploads\/2020\/02\/Globale-ICT-Trends-Schweiz-haelt-nicht-ueberall-mit-1_Organisator.jpg\" \/>\n<script type=\"application\/ld+json\" class=\"yoast-schema-graph\">{\"@context\":\"https:\\\/\\\/schema.org\",\"@graph\":[{\"@type\":\"Article\",\"@id\":\"https:\\\/\\\/www.organisator.ch\\\/management\\\/it\\\/2020-02-03\\\/globale-ict-trends-schweiz-haelt-nicht-ueberall-mit\\\/#article\",\"isPartOf\":{\"@id\":\"https:\\\/\\\/www.organisator.ch\\\/management\\\/it\\\/2020-02-03\\\/globale-ict-trends-schweiz-haelt-nicht-ueberall-mit\\\/\"},\"author\":{\"name\":\"thomas.berner\",\"@id\":\"https:\\\/\\\/www.organisator.ch\\\/#\\\/schema\\\/person\\\/6f650f90b2842cd4c0cc334b4e36f67e\"},\"headline\":\"Globale ICT-Trends: Schweiz h\u00e4lt nicht \u00fcberall mit\",\"datePublished\":\"2020-02-03T07:49:26+00:00\",\"mainEntityOfPage\":{\"@id\":\"https:\\\/\\\/www.organisator.ch\\\/management\\\/it\\\/2020-02-03\\\/globale-ict-trends-schweiz-haelt-nicht-ueberall-mit\\\/\"},\"wordCount\":532,\"publisher\":{\"@id\":\"https:\\\/\\\/www.organisator.ch\\\/#organization\"},\"image\":{\"@id\":\"https:\\\/\\\/www.organisator.ch\\\/management\\\/it\\\/2020-02-03\\\/globale-ict-trends-schweiz-haelt-nicht-ueberall-mit\\\/#primaryimage\"},\"thumbnailUrl\":\"https:\\\/\\\/www.organisator.ch\\\/wp-content\\\/uploads\\\/2020\\\/02\\\/Globale-ICT-Trends-Schweiz-haelt-nicht-ueberall-mit-1_Organisator.jpg\",\"keywords\":[\"Cloud Computing\",\"Digitalisierung\",\"IT\",\"Studie\"],\"articleSection\":[\"IT\"],\"inLanguage\":\"en-US\"},{\"@type\":\"WebPage\",\"@id\":\"https:\\\/\\\/www.organisator.ch\\\/management\\\/it\\\/2020-02-03\\\/globale-ict-trends-schweiz-haelt-nicht-ueberall-mit\\\/\",\"url\":\"https:\\\/\\\/www.organisator.ch\\\/management\\\/it\\\/2020-02-03\\\/globale-ict-trends-schweiz-haelt-nicht-ueberall-mit\\\/\",\"name\":\"Globale ICT-Trends: Schweiz h\u00e4lt nicht \u00fcberall mit - Organisator\",\"isPartOf\":{\"@id\":\"https:\\\/\\\/www.organisator.ch\\\/#website\"},\"primaryImageOfPage\":{\"@id\":\"https:\\\/\\\/www.organisator.ch\\\/management\\\/it\\\/2020-02-03\\\/globale-ict-trends-schweiz-haelt-nicht-ueberall-mit\\\/#primaryimage\"},\"image\":{\"@id\":\"https:\\\/\\\/www.organisator.ch\\\/management\\\/it\\\/2020-02-03\\\/globale-ict-trends-schweiz-haelt-nicht-ueberall-mit\\\/#primaryimage\"},\"thumbnailUrl\":\"https:\\\/\\\/www.organisator.ch\\\/wp-content\\\/uploads\\\/2020\\\/02\\\/Globale-ICT-Trends-Schweiz-haelt-nicht-ueberall-mit-1_Organisator.jpg\",\"datePublished\":\"2020-02-03T07:49:26+00:00\",\"description\":\"Die Schweizer Wirtschaft investiert je nach Branche sehr unterschiedlich in die IT \u2013 und auch nicht immer deckungsgleich mit den globalen ICT-Trends.\",\"breadcrumb\":{\"@id\":\"https:\\\/\\\/www.organisator.ch\\\/management\\\/it\\\/2020-02-03\\\/globale-ict-trends-schweiz-haelt-nicht-ueberall-mit\\\/#breadcrumb\"},\"inLanguage\":\"en-US\",\"potentialAction\":[{\"@type\":\"ReadAction\",\"target\":[\"https:\\\/\\\/www.organisator.ch\\\/management\\\/it\\\/2020-02-03\\\/globale-ict-trends-schweiz-haelt-nicht-ueberall-mit\\\/\"]}]},{\"@type\":\"ImageObject\",\"inLanguage\":\"en-US\",\"@id\":\"https:\\\/\\\/www.organisator.ch\\\/management\\\/it\\\/2020-02-03\\\/globale-ict-trends-schweiz-haelt-nicht-ueberall-mit\\\/#primaryimage\",\"url\":\"https:\\\/\\\/www.organisator.ch\\\/wp-content\\\/uploads\\\/2020\\\/02\\\/Globale-ICT-Trends-Schweiz-haelt-nicht-ueberall-mit-1_Organisator.jpg\",\"contentUrl\":\"https:\\\/\\\/www.organisator.ch\\\/wp-content\\\/uploads\\\/2020\\\/02\\\/Globale-ICT-Trends-Schweiz-haelt-nicht-ueberall-mit-1_Organisator.jpg\",\"width\":680,\"height\":217,\"caption\":\"Investitionen in Technologien nach Schweizer Branchen: Nicht \u00fcberall folgen Schweizer Unternehmen den globalen ICT-Trends. (Grafik: Swico)\"},{\"@type\":\"BreadcrumbList\",\"@id\":\"https:\\\/\\\/www.organisator.ch\\\/management\\\/it\\\/2020-02-03\\\/globale-ict-trends-schweiz-haelt-nicht-ueberall-mit\\\/#breadcrumb\",\"itemListElement\":[{\"@type\":\"ListItem\",\"position\":1,\"name\":\"Home\",\"item\":\"https:\\\/\\\/www.organisator.ch\\\/\"},{\"@type\":\"ListItem\",\"position\":2,\"name\":\"Globale ICT-Trends: Schweiz h\u00e4lt nicht \u00fcberall mit\"}]},{\"@type\":\"WebSite\",\"@id\":\"https:\\\/\\\/www.organisator.ch\\\/#website\",\"url\":\"https:\\\/\\\/www.organisator.ch\\\/\",\"name\":\"Organisator\",\"description\":\"Kompetent. Praxisnah. Der ORGANISATOR bereitet in 10 Ausgaben pro Jahr die wesentlichen Themen f\u00fcr F\u00fchrungskr\u00e4fte von KMU auf.\",\"publisher\":{\"@id\":\"https:\\\/\\\/www.organisator.ch\\\/#organization\"},\"potentialAction\":[{\"@type\":\"SearchAction\",\"target\":{\"@type\":\"EntryPoint\",\"urlTemplate\":\"https:\\\/\\\/www.organisator.ch\\\/?s={search_term_string}\"},\"query-input\":{\"@type\":\"PropertyValueSpecification\",\"valueRequired\":true,\"valueName\":\"search_term_string\"}}],\"inLanguage\":\"en-US\"},{\"@type\":\"Organization\",\"@id\":\"https:\\\/\\\/www.organisator.ch\\\/#organization\",\"name\":\"Organisator\",\"url\":\"https:\\\/\\\/www.organisator.ch\\\/\",\"logo\":{\"@type\":\"ImageObject\",\"inLanguage\":\"en-US\",\"@id\":\"https:\\\/\\\/www.organisator.ch\\\/#\\\/schema\\\/logo\\\/image\\\/\",\"url\":\"https:\\\/\\\/www.organisator.ch\\\/wp-content\\\/uploads\\\/2022\\\/01\\\/Logo_Organisator_Website.png\",\"contentUrl\":\"https:\\\/\\\/www.organisator.ch\\\/wp-content\\\/uploads\\\/2022\\\/01\\\/Logo_Organisator_Website.png\",\"width\":800,\"height\":77,\"caption\":\"Organisator\"},\"image\":{\"@id\":\"https:\\\/\\\/www.organisator.ch\\\/#\\\/schema\\\/logo\\\/image\\\/\"},\"sameAs\":[\"https:\\\/\\\/www.facebook.com\\\/OrganisatorFachmagazin\",\"https:\\\/\\\/www.linkedin.com\\\/showcase\\\/organisator-das-magazin-fr-kmu\",\"https:\\\/\\\/www.xing.com\\\/news\\\/pages\\\/organisator-ch-695\",\"https:\\\/\\\/www.youtube.com\\\/channel\\\/UCGP2Sq0iWaZwT3BdIAQFYpw\"]},{\"@type\":\"Person\",\"@id\":\"https:\\\/\\\/www.organisator.ch\\\/#\\\/schema\\\/person\\\/6f650f90b2842cd4c0cc334b4e36f67e\",\"name\":\"thomas.berner\",\"image\":{\"@type\":\"ImageObject\",\"inLanguage\":\"en-US\",\"@id\":\"https:\\\/\\\/secure.gravatar.com\\\/avatar\\\/ac5001d2a36cb6c6cd3e50789007ffca834b477b74a2144564522e944eabff61?s=96&d=mm&r=g\",\"url\":\"https:\\\/\\\/secure.gravatar.com\\\/avatar\\\/ac5001d2a36cb6c6cd3e50789007ffca834b477b74a2144564522e944eabff61?s=96&d=mm&r=g\",\"contentUrl\":\"https:\\\/\\\/secure.gravatar.com\\\/avatar\\\/ac5001d2a36cb6c6cd3e50789007ffca834b477b74a2144564522e944eabff61?s=96&d=mm&r=g\",\"caption\":\"thomas.berner\"},\"url\":\"https:\\\/\\\/www.organisator.ch\\\/en\\\/author\\\/thomas-berner\\\/\"}]}<\/script>\n<!-- \/ Yoast SEO plugin. -->","yoast_head_json":{"title":"Global ICT trends: Switzerland is not keeping up everywhere - Organizer","description":"The Swiss economy invests in IT very differently depending on the industry - and not always congruently with global ICT trends either.","robots":{"index":"index","follow":"follow","max-snippet":"max-snippet:-1","max-image-preview":"max-image-preview:large","max-video-preview":"max-video-preview:-1"},"canonical":"https:\/\/www.organisator.ch\/en\/management\/it\/2020-02-03\/globale-ict-trends-schweiz-haelt-nicht-ueberall-mit\/","og_locale":"en_US","og_type":"article","og_title":"Globale ICT-Trends: Schweiz h\u00e4lt nicht \u00fcberall mit","og_description":"Die Schweizer Wirtschaft investiert je nach Branche sehr unterschiedlich in die IT \u2013 und auch nicht immer deckungsgleich mit den globalen ICT-Trends.","og_url":"https:\/\/www.organisator.ch\/en\/management\/it\/2020-02-03\/globale-ict-trends-schweiz-haelt-nicht-ueberall-mit\/","og_site_name":"Organisator","article_publisher":"https:\/\/www.facebook.com\/OrganisatorFachmagazin","article_published_time":"2020-02-03T07:49:26+00:00","og_image":[{"width":680,"height":217,"url":"https:\/\/www.organisator.ch\/wp-content\/uploads\/2020\/02\/Globale-ICT-Trends-Schweiz-haelt-nicht-ueberall-mit-1_Organisator.jpg","type":"image\/jpeg"}],"author":"thomas.berner","twitter_card":"summary_large_image","twitter_title":"Globale #ICT-Trends: Schweiz h\u00e4lt nicht \u00fcberall mit","twitter_description":"Die Schweizer Wirtschaft investiert je nach Branche sehr unterschiedlich in die IT \u2013 und auch nicht immer deckungsgleich mit den globalen #ICT-Trends.","twitter_image":"https:\/\/www.organisator.ch\/wp-content\/uploads\/2020\/02\/Globale-ICT-Trends-Schweiz-haelt-nicht-ueberall-mit-1_Organisator.jpg","schema":{"@context":"https:\/\/schema.org","@graph":[{"@type":"Article","@id":"https:\/\/www.organisator.ch\/management\/it\/2020-02-03\/globale-ict-trends-schweiz-haelt-nicht-ueberall-mit\/#article","isPartOf":{"@id":"https:\/\/www.organisator.ch\/management\/it\/2020-02-03\/globale-ict-trends-schweiz-haelt-nicht-ueberall-mit\/"},"author":{"name":"thomas.berner","@id":"https:\/\/www.organisator.ch\/#\/schema\/person\/6f650f90b2842cd4c0cc334b4e36f67e"},"headline":"Globale ICT-Trends: Schweiz h\u00e4lt nicht \u00fcberall mit","datePublished":"2020-02-03T07:49:26+00:00","mainEntityOfPage":{"@id":"https:\/\/www.organisator.ch\/management\/it\/2020-02-03\/globale-ict-trends-schweiz-haelt-nicht-ueberall-mit\/"},"wordCount":532,"publisher":{"@id":"https:\/\/www.organisator.ch\/#organization"},"image":{"@id":"https:\/\/www.organisator.ch\/management\/it\/2020-02-03\/globale-ict-trends-schweiz-haelt-nicht-ueberall-mit\/#primaryimage"},"thumbnailUrl":"https:\/\/www.organisator.ch\/wp-content\/uploads\/2020\/02\/Globale-ICT-Trends-Schweiz-haelt-nicht-ueberall-mit-1_Organisator.jpg","keywords":["Cloud Computing","Digitalisierung","IT","Studie"],"articleSection":["IT"],"inLanguage":"en-US"},{"@type":"WebPage","@id":"https:\/\/www.organisator.ch\/management\/it\/2020-02-03\/globale-ict-trends-schweiz-haelt-nicht-ueberall-mit\/","url":"https:\/\/www.organisator.ch\/management\/it\/2020-02-03\/globale-ict-trends-schweiz-haelt-nicht-ueberall-mit\/","name":"Global ICT trends: Switzerland is not keeping up everywhere - Organizer","isPartOf":{"@id":"https:\/\/www.organisator.ch\/#website"},"primaryImageOfPage":{"@id":"https:\/\/www.organisator.ch\/management\/it\/2020-02-03\/globale-ict-trends-schweiz-haelt-nicht-ueberall-mit\/#primaryimage"},"image":{"@id":"https:\/\/www.organisator.ch\/management\/it\/2020-02-03\/globale-ict-trends-schweiz-haelt-nicht-ueberall-mit\/#primaryimage"},"thumbnailUrl":"https:\/\/www.organisator.ch\/wp-content\/uploads\/2020\/02\/Globale-ICT-Trends-Schweiz-haelt-nicht-ueberall-mit-1_Organisator.jpg","datePublished":"2020-02-03T07:49:26+00:00","description":"The Swiss economy invests in IT very differently depending on the industry - and not always congruently with global ICT trends either.","breadcrumb":{"@id":"https:\/\/www.organisator.ch\/management\/it\/2020-02-03\/globale-ict-trends-schweiz-haelt-nicht-ueberall-mit\/#breadcrumb"},"inLanguage":"en-US","potentialAction":[{"@type":"ReadAction","target":["https:\/\/www.organisator.ch\/management\/it\/2020-02-03\/globale-ict-trends-schweiz-haelt-nicht-ueberall-mit\/"]}]},{"@type":"ImageObject","inLanguage":"en-US","@id":"https:\/\/www.organisator.ch\/management\/it\/2020-02-03\/globale-ict-trends-schweiz-haelt-nicht-ueberall-mit\/#primaryimage","url":"https:\/\/www.organisator.ch\/wp-content\/uploads\/2020\/02\/Globale-ICT-Trends-Schweiz-haelt-nicht-ueberall-mit-1_Organisator.jpg","contentUrl":"https:\/\/www.organisator.ch\/wp-content\/uploads\/2020\/02\/Globale-ICT-Trends-Schweiz-haelt-nicht-ueberall-mit-1_Organisator.jpg","width":680,"height":217,"caption":"Investitionen in Technologien nach Schweizer Branchen: Nicht \u00fcberall folgen Schweizer Unternehmen den globalen ICT-Trends. (Grafik: Swico)"},{"@type":"BreadcrumbList","@id":"https:\/\/www.organisator.ch\/management\/it\/2020-02-03\/globale-ict-trends-schweiz-haelt-nicht-ueberall-mit\/#breadcrumb","itemListElement":[{"@type":"ListItem","position":1,"name":"Home","item":"https:\/\/www.organisator.ch\/"},{"@type":"ListItem","position":2,"name":"Globale ICT-Trends: Schweiz h\u00e4lt nicht \u00fcberall mit"}]},{"@type":"WebSite","@id":"https:\/\/www.organisator.ch\/#website","url":"https:\/\/www.organisator.ch\/","name":"Organizer","description":"Competent. Practical. In 10 issues per year, ORGANISATOR presents the essential topics for managers of SMEs.","publisher":{"@id":"https:\/\/www.organisator.ch\/#organization"},"potentialAction":[{"@type":"SearchAction","target":{"@type":"EntryPoint","urlTemplate":"https:\/\/www.organisator.ch\/?s={search_term_string}"},"query-input":{"@type":"PropertyValueSpecification","valueRequired":true,"valueName":"search_term_string"}}],"inLanguage":"en-US"},{"@type":"Organization","@id":"https:\/\/www.organisator.ch\/#organization","name":"Organizer","url":"https:\/\/www.organisator.ch\/","logo":{"@type":"ImageObject","inLanguage":"en-US","@id":"https:\/\/www.organisator.ch\/#\/schema\/logo\/image\/","url":"https:\/\/www.organisator.ch\/wp-content\/uploads\/2022\/01\/Logo_Organisator_Website.png","contentUrl":"https:\/\/www.organisator.ch\/wp-content\/uploads\/2022\/01\/Logo_Organisator_Website.png","width":800,"height":77,"caption":"Organisator"},"image":{"@id":"https:\/\/www.organisator.ch\/#\/schema\/logo\/image\/"},"sameAs":["https:\/\/www.facebook.com\/OrganisatorFachmagazin","https:\/\/www.linkedin.com\/showcase\/organisator-das-magazin-fr-kmu","https:\/\/www.xing.com\/news\/pages\/organisator-ch-695","https:\/\/www.youtube.com\/channel\/UCGP2Sq0iWaZwT3BdIAQFYpw"]},{"@type":"Person","@id":"https:\/\/www.organisator.ch\/#\/schema\/person\/6f650f90b2842cd4c0cc334b4e36f67e","name":"thomas.berner","image":{"@type":"ImageObject","inLanguage":"en-US","@id":"https:\/\/secure.gravatar.com\/avatar\/ac5001d2a36cb6c6cd3e50789007ffca834b477b74a2144564522e944eabff61?s=96&d=mm&r=g","url":"https:\/\/secure.gravatar.com\/avatar\/ac5001d2a36cb6c6cd3e50789007ffca834b477b74a2144564522e944eabff61?s=96&d=mm&r=g","contentUrl":"https:\/\/secure.gravatar.com\/avatar\/ac5001d2a36cb6c6cd3e50789007ffca834b477b74a2144564522e944eabff61?s=96&d=mm&r=g","caption":"thomas.berner"},"url":"https:\/\/www.organisator.ch\/en\/author\/thomas-berner\/"}]}},"_links":{"self":[{"href":"https:\/\/www.organisator.ch\/en\/wp-json\/wp\/v2\/posts\/6295","targetHints":{"allow":["GET"]}}],"collection":[{"href":"https:\/\/www.organisator.ch\/en\/wp-json\/wp\/v2\/posts"}],"about":[{"href":"https:\/\/www.organisator.ch\/en\/wp-json\/wp\/v2\/types\/post"}],"author":[{"embeddable":true,"href":"https:\/\/www.organisator.ch\/en\/wp-json\/wp\/v2\/users\/4"}],"replies":[{"embeddable":true,"href":"https:\/\/www.organisator.ch\/en\/wp-json\/wp\/v2\/comments?post=6295"}],"version-history":[{"count":0,"href":"https:\/\/www.organisator.ch\/en\/wp-json\/wp\/v2\/posts\/6295\/revisions"}],"wp:featuredmedia":[{"embeddable":true,"href":"https:\/\/www.organisator.ch\/en\/wp-json\/wp\/v2\/media\/6296"}],"wp:attachment":[{"href":"https:\/\/www.organisator.ch\/en\/wp-json\/wp\/v2\/media?parent=6295"}],"wp:term":[{"taxonomy":"category","embeddable":true,"href":"https:\/\/www.organisator.ch\/en\/wp-json\/wp\/v2\/categories?post=6295"},{"taxonomy":"post_tag","embeddable":true,"href":"https:\/\/www.organisator.ch\/en\/wp-json\/wp\/v2\/tags?post=6295"}],"curies":[{"name":"wp","href":"https:\/\/api.w.org\/{rel}","templated":true}]}}