{"id":6317,"date":"2020-02-07T08:21:44","date_gmt":"2020-02-07T07:21:44","guid":{"rendered":"https:\/\/www.organisator.ch\/?p=6317"},"modified":"2020-02-07T08:21:44","modified_gmt":"2020-02-07T07:21:44","slug":"swiss-software-provider-opacc-is-good-in-shape","status":"publish","type":"post","link":"https:\/\/www.organisator.ch\/en\/management\/it\/2020-02-07\/schweizer-software-anbieter-opacc-ist-gut-im-schuss\/","title":{"rendered":"Swiss software provider Opacc is \"in good shape\"."},"content":{"rendered":"<figure id=\"attachment_6318\" aria-describedby=\"caption-attachment-6318\" style=\"width: 680px\" class=\"wp-caption alignnone\"><img loading=\"lazy\" decoding=\"async\" class=\"size-medium wp-image-6318\" src=\"https:\/\/www.organisator.ch\/wp-content\/uploads\/2020\/02\/Schweizer-Software-Anbieter-Opacc-ist-gut-im-Schuss_Organisator.jpg\" alt=\"\" width=\"680\" height=\"354\" srcset=\"https:\/\/www.organisator.ch\/wp-content\/uploads\/2020\/02\/Schweizer-Software-Anbieter-Opacc-ist-gut-im-Schuss_Organisator.jpg 680w, https:\/\/www.organisator.ch\/wp-content\/uploads\/2020\/02\/Schweizer-Software-Anbieter-Opacc-ist-gut-im-Schuss_Organisator-16x8.jpg 16w, https:\/\/www.organisator.ch\/wp-content\/uploads\/2020\/02\/Schweizer-Software-Anbieter-Opacc-ist-gut-im-Schuss_Organisator-336x175.jpg 336w, https:\/\/www.organisator.ch\/wp-content\/uploads\/2020\/02\/Schweizer-Software-Anbieter-Opacc-ist-gut-im-Schuss_Organisator-672x350.jpg 672w, https:\/\/www.organisator.ch\/wp-content\/uploads\/2020\/02\/Schweizer-Software-Anbieter-Opacc-ist-gut-im-Schuss_Organisator-300x156.jpg 300w\" sizes=\"auto, (max-width: 680px) 100vw, 680px\" \/><figcaption id=\"caption-attachment-6318\" class=\"wp-caption-text\">Swiss software provider Opacc looks back on the best business result in its 30-year history. (Image: Opacc)<\/figcaption><\/figure>\n<p>The move from Kriens to Rothenburg has paid off. The first full business year at OpaccCampus Rothenburg was the best in the company's more than 30-year history. This is according to the Swiss software provider, which has been developing its own enterprise software platform (<a href=\"https:\/\/www.opacc.ch\/produkte\/opacc-oxas\">Opacc OXAS<\/a>) developed with. Sales increased by more than 10%, 17 new jobs were created and more than 1500 new users were acquired for Opacc. Beat Bussmann, founder and CEO, sees more than just the bare figures: \"Even nicer for us is the realization that larger companies in particular are increasingly considering us as a partner. The OpaccCampus virtually opens up new business potential for us in a different segment.\"<\/p>\n<h2>Personnel market remains dry<\/h2>\n<p>Opacc is - as in previous years - one of the most popular employers in Switzerland and has received several awards. The rating platform kununu.com has determined which Swiss companies are the most popular employers. Opacc, with its approximately 150 employees, has occupied top positions for years. The software provider also achieved 2nd place in the Swiss Employer Award and also 2nd place in \"Best Workplace 2019\". Opacc responded to the shortage of skilled workers last year with a wide range of measures. The pleasant working atmosphere in the brand-new OpaccCampus is just as much a part of this as flexible working hours, fair application processes and the \"Friendly Work Space\" initiative.<\/p>\n<p>Work-life balance as well as ongoing support for training and development are further cornerstones for good and stable employment relationships. Two broad-based recruitment campaigns generated a gratifying number of inquiries.<\/p>\n<h2>Events on our own campus<\/h2>\n<p>The new building in Rothenburg opens up new perspectives for in-house events. The various event formats enjoyed great demand in 2019, especially the OpaccTalks at the end of the day with up to 50 guests and exciting speakers. But also the morning events Early Bird and the in-depth seminars OpaccTracks for customers were very well attended. The company from central Switzerland has been building on experience in the development and implementation of enterprise software for over 30 years. In 2019, numerous new installations were completed and two major software updates were delivered. Thanks to Opacc's unique upgrade guarantee, customers are automatically kept up to date.<\/p>\n<p><em>Source: <a href=\"http:\/\/www.opacc.ch\">Opacc<\/a><\/em><\/p>","protected":false},"excerpt":{"rendered":"<p>Der Umzug von Kriens nach Rothenburg hat sich gelohnt. Das erste volle Gesch\u00e4ftsjahr im OpaccCampus Rothenburg war das Beste in der \u00fcber 30-j\u00e4hrigen Firmengeschichte. Dies teilt der Schweizer Software-Anbieter, der seit 1988 eine eigenen Enterprise Software Plattform (Opacc OXAS) entwickelt, mit. So wurde der Umsatz um mehr als 10% gesteigert, 17 neue Stellen geschaffen und [&hellip;]<\/p>\n","protected":false},"author":4,"featured_media":6318,"comment_status":"closed","ping_status":"closed","sticky":false,"template":"","format":"standard","meta":{"_acf_changed":false,"_yoast_wpseo_focuskw":"Schweizer Software-Anbieter","_yoast_wpseo_metadesc":"Der Schweizer Software-Anbieter Opacc blickt auf ein hervorragendes Gesch\u00e4ftsjahr 2019 zur\u00fcck und geh\u00f6rt zu den beliebtesten Arbeitgebern.","articlekey":"","footnotes":""},"categories":[27],"tags":[182,286,288,492],"class_list":["post-6317","post","type-post","status-publish","format-standard","has-post-thumbnail","hentry","category-it","tag-erp","tag-it","tag-it-business-software","tag-unternehmen"],"acf":[],"yoast_head":"<!-- This site is optimized with the Yoast SEO plugin v27.5 - https:\/\/yoast.com\/product\/yoast-seo-wordpress\/ -->\n<title>Schweizer Software-Anbieter Opacc ist &quot;gut im Schuss&quot; - Organisator<\/title>\n<meta name=\"description\" content=\"Der Schweizer Software-Anbieter Opacc blickt auf ein hervorragendes Gesch\u00e4ftsjahr 2019 zur\u00fcck und geh\u00f6rt zu den beliebtesten Arbeitgebern.\" \/>\n<meta name=\"robots\" content=\"index, follow, max-snippet:-1, max-image-preview:large, max-video-preview:-1\" \/>\n<link rel=\"canonical\" href=\"https:\/\/www.organisator.ch\/en\/management\/it\/2020-02-07\/swiss-software-provider-opacc-is-good-in-shape\/\" \/>\n<meta property=\"og:locale\" content=\"en_US\" \/>\n<meta property=\"og:type\" content=\"article\" \/>\n<meta property=\"og:title\" content=\"Schweizer Software-Anbieter Opacc ist &quot;gut im Schuss&quot;\" \/>\n<meta property=\"og:description\" content=\"Der Schweizer Software-Anbieter Opacc blickt auf ein hervorragendes Gesch\u00e4ftsjahr 2019 zur\u00fcck und geh\u00f6rt zu den beliebtesten Arbeitgebern.\" \/>\n<meta property=\"og:url\" content=\"https:\/\/www.organisator.ch\/en\/management\/it\/2020-02-07\/swiss-software-provider-opacc-is-good-in-shape\/\" \/>\n<meta property=\"og:site_name\" content=\"Organisator\" \/>\n<meta property=\"article:publisher\" content=\"https:\/\/www.facebook.com\/OrganisatorFachmagazin\" \/>\n<meta property=\"article:published_time\" content=\"2020-02-07T07:21:44+00:00\" \/>\n<meta property=\"og:image\" content=\"https:\/\/www.organisator.ch\/wp-content\/uploads\/2020\/02\/Schweizer-Software-Anbieter-Opacc-ist-gut-im-Schuss_Organisator.jpg\" \/>\n\t<meta property=\"og:image:width\" content=\"680\" \/>\n\t<meta property=\"og:image:height\" content=\"354\" \/>\n\t<meta property=\"og:image:type\" content=\"image\/jpeg\" \/>\n<meta name=\"author\" content=\"thomas.berner\" \/>\n<meta name=\"twitter:card\" content=\"summary_large_image\" \/>\n<meta name=\"twitter:title\" content=\"Schweizer #Software-Anbieter #Opacc ist &quot;gut im Schuss&quot;\" \/>\n<meta name=\"twitter:description\" content=\"Der Schweizer #Software-Anbieter #Opacc blickt auf ein hervorragendes Gesch\u00e4ftsjahr 2019 zur\u00fcck und geh\u00f6rt zu den beliebtesten Arbeitgebern.\" \/>\n<meta name=\"twitter:image\" content=\"https:\/\/www.organisator.ch\/wp-content\/uploads\/2020\/02\/Schweizer-Software-Anbieter-Opacc-ist-gut-im-Schuss_Organisator.jpg\" \/>\n<script type=\"application\/ld+json\" class=\"yoast-schema-graph\">{\"@context\":\"https:\\\/\\\/schema.org\",\"@graph\":[{\"@type\":\"Article\",\"@id\":\"https:\\\/\\\/www.organisator.ch\\\/management\\\/it\\\/2020-02-07\\\/schweizer-software-anbieter-opacc-ist-gut-im-schuss\\\/#article\",\"isPartOf\":{\"@id\":\"https:\\\/\\\/www.organisator.ch\\\/management\\\/it\\\/2020-02-07\\\/schweizer-software-anbieter-opacc-ist-gut-im-schuss\\\/\"},\"author\":{\"name\":\"thomas.berner\",\"@id\":\"https:\\\/\\\/www.organisator.ch\\\/#\\\/schema\\\/person\\\/6f650f90b2842cd4c0cc334b4e36f67e\"},\"headline\":\"Schweizer Software-Anbieter Opacc ist &#8222;gut im Schuss&#8220;\",\"datePublished\":\"2020-02-07T07:21:44+00:00\",\"mainEntityOfPage\":{\"@id\":\"https:\\\/\\\/www.organisator.ch\\\/management\\\/it\\\/2020-02-07\\\/schweizer-software-anbieter-opacc-ist-gut-im-schuss\\\/\"},\"wordCount\":374,\"publisher\":{\"@id\":\"https:\\\/\\\/www.organisator.ch\\\/#organization\"},\"image\":{\"@id\":\"https:\\\/\\\/www.organisator.ch\\\/management\\\/it\\\/2020-02-07\\\/schweizer-software-anbieter-opacc-ist-gut-im-schuss\\\/#primaryimage\"},\"thumbnailUrl\":\"https:\\\/\\\/www.organisator.ch\\\/wp-content\\\/uploads\\\/2020\\\/02\\\/Schweizer-Software-Anbieter-Opacc-ist-gut-im-Schuss_Organisator.jpg\",\"keywords\":[\"ERP\",\"IT\",\"IT &amp; Business Software\",\"Unternehmen\"],\"articleSection\":[\"IT\"],\"inLanguage\":\"en-US\"},{\"@type\":\"WebPage\",\"@id\":\"https:\\\/\\\/www.organisator.ch\\\/management\\\/it\\\/2020-02-07\\\/schweizer-software-anbieter-opacc-ist-gut-im-schuss\\\/\",\"url\":\"https:\\\/\\\/www.organisator.ch\\\/management\\\/it\\\/2020-02-07\\\/schweizer-software-anbieter-opacc-ist-gut-im-schuss\\\/\",\"name\":\"Schweizer Software-Anbieter Opacc ist \\\"gut im Schuss\\\" - Organisator\",\"isPartOf\":{\"@id\":\"https:\\\/\\\/www.organisator.ch\\\/#website\"},\"primaryImageOfPage\":{\"@id\":\"https:\\\/\\\/www.organisator.ch\\\/management\\\/it\\\/2020-02-07\\\/schweizer-software-anbieter-opacc-ist-gut-im-schuss\\\/#primaryimage\"},\"image\":{\"@id\":\"https:\\\/\\\/www.organisator.ch\\\/management\\\/it\\\/2020-02-07\\\/schweizer-software-anbieter-opacc-ist-gut-im-schuss\\\/#primaryimage\"},\"thumbnailUrl\":\"https:\\\/\\\/www.organisator.ch\\\/wp-content\\\/uploads\\\/2020\\\/02\\\/Schweizer-Software-Anbieter-Opacc-ist-gut-im-Schuss_Organisator.jpg\",\"datePublished\":\"2020-02-07T07:21:44+00:00\",\"description\":\"Der Schweizer Software-Anbieter Opacc blickt auf ein hervorragendes Gesch\u00e4ftsjahr 2019 zur\u00fcck und geh\u00f6rt zu den beliebtesten Arbeitgebern.\",\"breadcrumb\":{\"@id\":\"https:\\\/\\\/www.organisator.ch\\\/management\\\/it\\\/2020-02-07\\\/schweizer-software-anbieter-opacc-ist-gut-im-schuss\\\/#breadcrumb\"},\"inLanguage\":\"en-US\",\"potentialAction\":[{\"@type\":\"ReadAction\",\"target\":[\"https:\\\/\\\/www.organisator.ch\\\/management\\\/it\\\/2020-02-07\\\/schweizer-software-anbieter-opacc-ist-gut-im-schuss\\\/\"]}]},{\"@type\":\"ImageObject\",\"inLanguage\":\"en-US\",\"@id\":\"https:\\\/\\\/www.organisator.ch\\\/management\\\/it\\\/2020-02-07\\\/schweizer-software-anbieter-opacc-ist-gut-im-schuss\\\/#primaryimage\",\"url\":\"https:\\\/\\\/www.organisator.ch\\\/wp-content\\\/uploads\\\/2020\\\/02\\\/Schweizer-Software-Anbieter-Opacc-ist-gut-im-Schuss_Organisator.jpg\",\"contentUrl\":\"https:\\\/\\\/www.organisator.ch\\\/wp-content\\\/uploads\\\/2020\\\/02\\\/Schweizer-Software-Anbieter-Opacc-ist-gut-im-Schuss_Organisator.jpg\",\"width\":680,\"height\":354,\"caption\":\"Der Schweizer Softare-Anbieter Opacc blickt auf das beste Gesch\u00e4ftsergebnis seiner 30-j\u00e4hrigen Geschichte zur\u00fcck. (Bild: Opacc)\"},{\"@type\":\"BreadcrumbList\",\"@id\":\"https:\\\/\\\/www.organisator.ch\\\/management\\\/it\\\/2020-02-07\\\/schweizer-software-anbieter-opacc-ist-gut-im-schuss\\\/#breadcrumb\",\"itemListElement\":[{\"@type\":\"ListItem\",\"position\":1,\"name\":\"Home\",\"item\":\"https:\\\/\\\/www.organisator.ch\\\/\"},{\"@type\":\"ListItem\",\"position\":2,\"name\":\"Schweizer Software-Anbieter Opacc ist &#8222;gut im Schuss&#8220;\"}]},{\"@type\":\"WebSite\",\"@id\":\"https:\\\/\\\/www.organisator.ch\\\/#website\",\"url\":\"https:\\\/\\\/www.organisator.ch\\\/\",\"name\":\"Organisator\",\"description\":\"Kompetent. Praxisnah. Der ORGANISATOR bereitet in 10 Ausgaben pro Jahr die wesentlichen Themen f\u00fcr F\u00fchrungskr\u00e4fte von KMU auf.\",\"publisher\":{\"@id\":\"https:\\\/\\\/www.organisator.ch\\\/#organization\"},\"potentialAction\":[{\"@type\":\"SearchAction\",\"target\":{\"@type\":\"EntryPoint\",\"urlTemplate\":\"https:\\\/\\\/www.organisator.ch\\\/?s={search_term_string}\"},\"query-input\":{\"@type\":\"PropertyValueSpecification\",\"valueRequired\":true,\"valueName\":\"search_term_string\"}}],\"inLanguage\":\"en-US\"},{\"@type\":\"Organization\",\"@id\":\"https:\\\/\\\/www.organisator.ch\\\/#organization\",\"name\":\"Organisator\",\"url\":\"https:\\\/\\\/www.organisator.ch\\\/\",\"logo\":{\"@type\":\"ImageObject\",\"inLanguage\":\"en-US\",\"@id\":\"https:\\\/\\\/www.organisator.ch\\\/#\\\/schema\\\/logo\\\/image\\\/\",\"url\":\"https:\\\/\\\/www.organisator.ch\\\/wp-content\\\/uploads\\\/2022\\\/01\\\/Logo_Organisator_Website.png\",\"contentUrl\":\"https:\\\/\\\/www.organisator.ch\\\/wp-content\\\/uploads\\\/2022\\\/01\\\/Logo_Organisator_Website.png\",\"width\":800,\"height\":77,\"caption\":\"Organisator\"},\"image\":{\"@id\":\"https:\\\/\\\/www.organisator.ch\\\/#\\\/schema\\\/logo\\\/image\\\/\"},\"sameAs\":[\"https:\\\/\\\/www.facebook.com\\\/OrganisatorFachmagazin\",\"https:\\\/\\\/www.linkedin.com\\\/showcase\\\/organisator-das-magazin-fr-kmu\",\"https:\\\/\\\/www.xing.com\\\/news\\\/pages\\\/organisator-ch-695\",\"https:\\\/\\\/www.youtube.com\\\/channel\\\/UCGP2Sq0iWaZwT3BdIAQFYpw\"]},{\"@type\":\"Person\",\"@id\":\"https:\\\/\\\/www.organisator.ch\\\/#\\\/schema\\\/person\\\/6f650f90b2842cd4c0cc334b4e36f67e\",\"name\":\"thomas.berner\",\"image\":{\"@type\":\"ImageObject\",\"inLanguage\":\"en-US\",\"@id\":\"https:\\\/\\\/secure.gravatar.com\\\/avatar\\\/ac5001d2a36cb6c6cd3e50789007ffca834b477b74a2144564522e944eabff61?s=96&d=mm&r=g\",\"url\":\"https:\\\/\\\/secure.gravatar.com\\\/avatar\\\/ac5001d2a36cb6c6cd3e50789007ffca834b477b74a2144564522e944eabff61?s=96&d=mm&r=g\",\"contentUrl\":\"https:\\\/\\\/secure.gravatar.com\\\/avatar\\\/ac5001d2a36cb6c6cd3e50789007ffca834b477b74a2144564522e944eabff61?s=96&d=mm&r=g\",\"caption\":\"thomas.berner\"},\"url\":\"https:\\\/\\\/www.organisator.ch\\\/en\\\/author\\\/thomas-berner\\\/\"}]}<\/script>\n<!-- \/ Yoast SEO plugin. -->","yoast_head_json":{"title":"Swiss software provider Opacc is \"in good shape\" - Organizer","description":"The Swiss software provider Opacc looks back on an excellent fiscal year 2019 and is one of the most popular employers.","robots":{"index":"index","follow":"follow","max-snippet":"max-snippet:-1","max-image-preview":"max-image-preview:large","max-video-preview":"max-video-preview:-1"},"canonical":"https:\/\/www.organisator.ch\/en\/management\/it\/2020-02-07\/swiss-software-provider-opacc-is-good-in-shape\/","og_locale":"en_US","og_type":"article","og_title":"Schweizer Software-Anbieter Opacc ist \"gut im Schuss\"","og_description":"Der Schweizer Software-Anbieter Opacc blickt auf ein hervorragendes Gesch\u00e4ftsjahr 2019 zur\u00fcck und geh\u00f6rt zu den beliebtesten Arbeitgebern.","og_url":"https:\/\/www.organisator.ch\/en\/management\/it\/2020-02-07\/swiss-software-provider-opacc-is-good-in-shape\/","og_site_name":"Organisator","article_publisher":"https:\/\/www.facebook.com\/OrganisatorFachmagazin","article_published_time":"2020-02-07T07:21:44+00:00","og_image":[{"width":680,"height":354,"url":"https:\/\/www.organisator.ch\/wp-content\/uploads\/2020\/02\/Schweizer-Software-Anbieter-Opacc-ist-gut-im-Schuss_Organisator.jpg","type":"image\/jpeg"}],"author":"thomas.berner","twitter_card":"summary_large_image","twitter_title":"Schweizer #Software-Anbieter #Opacc ist \"gut im Schuss\"","twitter_description":"Der Schweizer #Software-Anbieter #Opacc blickt auf ein hervorragendes Gesch\u00e4ftsjahr 2019 zur\u00fcck und geh\u00f6rt zu den beliebtesten Arbeitgebern.","twitter_image":"https:\/\/www.organisator.ch\/wp-content\/uploads\/2020\/02\/Schweizer-Software-Anbieter-Opacc-ist-gut-im-Schuss_Organisator.jpg","schema":{"@context":"https:\/\/schema.org","@graph":[{"@type":"Article","@id":"https:\/\/www.organisator.ch\/management\/it\/2020-02-07\/schweizer-software-anbieter-opacc-ist-gut-im-schuss\/#article","isPartOf":{"@id":"https:\/\/www.organisator.ch\/management\/it\/2020-02-07\/schweizer-software-anbieter-opacc-ist-gut-im-schuss\/"},"author":{"name":"thomas.berner","@id":"https:\/\/www.organisator.ch\/#\/schema\/person\/6f650f90b2842cd4c0cc334b4e36f67e"},"headline":"Schweizer Software-Anbieter Opacc ist &#8222;gut im Schuss&#8220;","datePublished":"2020-02-07T07:21:44+00:00","mainEntityOfPage":{"@id":"https:\/\/www.organisator.ch\/management\/it\/2020-02-07\/schweizer-software-anbieter-opacc-ist-gut-im-schuss\/"},"wordCount":374,"publisher":{"@id":"https:\/\/www.organisator.ch\/#organization"},"image":{"@id":"https:\/\/www.organisator.ch\/management\/it\/2020-02-07\/schweizer-software-anbieter-opacc-ist-gut-im-schuss\/#primaryimage"},"thumbnailUrl":"https:\/\/www.organisator.ch\/wp-content\/uploads\/2020\/02\/Schweizer-Software-Anbieter-Opacc-ist-gut-im-Schuss_Organisator.jpg","keywords":["ERP","IT","IT &amp; Business Software","Unternehmen"],"articleSection":["IT"],"inLanguage":"en-US"},{"@type":"WebPage","@id":"https:\/\/www.organisator.ch\/management\/it\/2020-02-07\/schweizer-software-anbieter-opacc-ist-gut-im-schuss\/","url":"https:\/\/www.organisator.ch\/management\/it\/2020-02-07\/schweizer-software-anbieter-opacc-ist-gut-im-schuss\/","name":"Swiss software provider Opacc is \"in good shape\" - Organizer","isPartOf":{"@id":"https:\/\/www.organisator.ch\/#website"},"primaryImageOfPage":{"@id":"https:\/\/www.organisator.ch\/management\/it\/2020-02-07\/schweizer-software-anbieter-opacc-ist-gut-im-schuss\/#primaryimage"},"image":{"@id":"https:\/\/www.organisator.ch\/management\/it\/2020-02-07\/schweizer-software-anbieter-opacc-ist-gut-im-schuss\/#primaryimage"},"thumbnailUrl":"https:\/\/www.organisator.ch\/wp-content\/uploads\/2020\/02\/Schweizer-Software-Anbieter-Opacc-ist-gut-im-Schuss_Organisator.jpg","datePublished":"2020-02-07T07:21:44+00:00","description":"The Swiss software provider Opacc looks back on an excellent fiscal year 2019 and is one of the most popular employers.","breadcrumb":{"@id":"https:\/\/www.organisator.ch\/management\/it\/2020-02-07\/schweizer-software-anbieter-opacc-ist-gut-im-schuss\/#breadcrumb"},"inLanguage":"en-US","potentialAction":[{"@type":"ReadAction","target":["https:\/\/www.organisator.ch\/management\/it\/2020-02-07\/schweizer-software-anbieter-opacc-ist-gut-im-schuss\/"]}]},{"@type":"ImageObject","inLanguage":"en-US","@id":"https:\/\/www.organisator.ch\/management\/it\/2020-02-07\/schweizer-software-anbieter-opacc-ist-gut-im-schuss\/#primaryimage","url":"https:\/\/www.organisator.ch\/wp-content\/uploads\/2020\/02\/Schweizer-Software-Anbieter-Opacc-ist-gut-im-Schuss_Organisator.jpg","contentUrl":"https:\/\/www.organisator.ch\/wp-content\/uploads\/2020\/02\/Schweizer-Software-Anbieter-Opacc-ist-gut-im-Schuss_Organisator.jpg","width":680,"height":354,"caption":"Der Schweizer Softare-Anbieter Opacc blickt auf das beste Gesch\u00e4ftsergebnis seiner 30-j\u00e4hrigen Geschichte zur\u00fcck. (Bild: Opacc)"},{"@type":"BreadcrumbList","@id":"https:\/\/www.organisator.ch\/management\/it\/2020-02-07\/schweizer-software-anbieter-opacc-ist-gut-im-schuss\/#breadcrumb","itemListElement":[{"@type":"ListItem","position":1,"name":"Home","item":"https:\/\/www.organisator.ch\/"},{"@type":"ListItem","position":2,"name":"Schweizer Software-Anbieter Opacc ist &#8222;gut im Schuss&#8220;"}]},{"@type":"WebSite","@id":"https:\/\/www.organisator.ch\/#website","url":"https:\/\/www.organisator.ch\/","name":"Organizer","description":"Competent. Practical. In 10 issues per year, ORGANISATOR presents the essential topics for managers of SMEs.","publisher":{"@id":"https:\/\/www.organisator.ch\/#organization"},"potentialAction":[{"@type":"SearchAction","target":{"@type":"EntryPoint","urlTemplate":"https:\/\/www.organisator.ch\/?s={search_term_string}"},"query-input":{"@type":"PropertyValueSpecification","valueRequired":true,"valueName":"search_term_string"}}],"inLanguage":"en-US"},{"@type":"Organization","@id":"https:\/\/www.organisator.ch\/#organization","name":"Organizer","url":"https:\/\/www.organisator.ch\/","logo":{"@type":"ImageObject","inLanguage":"en-US","@id":"https:\/\/www.organisator.ch\/#\/schema\/logo\/image\/","url":"https:\/\/www.organisator.ch\/wp-content\/uploads\/2022\/01\/Logo_Organisator_Website.png","contentUrl":"https:\/\/www.organisator.ch\/wp-content\/uploads\/2022\/01\/Logo_Organisator_Website.png","width":800,"height":77,"caption":"Organisator"},"image":{"@id":"https:\/\/www.organisator.ch\/#\/schema\/logo\/image\/"},"sameAs":["https:\/\/www.facebook.com\/OrganisatorFachmagazin","https:\/\/www.linkedin.com\/showcase\/organisator-das-magazin-fr-kmu","https:\/\/www.xing.com\/news\/pages\/organisator-ch-695","https:\/\/www.youtube.com\/channel\/UCGP2Sq0iWaZwT3BdIAQFYpw"]},{"@type":"Person","@id":"https:\/\/www.organisator.ch\/#\/schema\/person\/6f650f90b2842cd4c0cc334b4e36f67e","name":"thomas.berner","image":{"@type":"ImageObject","inLanguage":"en-US","@id":"https:\/\/secure.gravatar.com\/avatar\/ac5001d2a36cb6c6cd3e50789007ffca834b477b74a2144564522e944eabff61?s=96&d=mm&r=g","url":"https:\/\/secure.gravatar.com\/avatar\/ac5001d2a36cb6c6cd3e50789007ffca834b477b74a2144564522e944eabff61?s=96&d=mm&r=g","contentUrl":"https:\/\/secure.gravatar.com\/avatar\/ac5001d2a36cb6c6cd3e50789007ffca834b477b74a2144564522e944eabff61?s=96&d=mm&r=g","caption":"thomas.berner"},"url":"https:\/\/www.organisator.ch\/en\/author\/thomas-berner\/"}]}},"_links":{"self":[{"href":"https:\/\/www.organisator.ch\/en\/wp-json\/wp\/v2\/posts\/6317","targetHints":{"allow":["GET"]}}],"collection":[{"href":"https:\/\/www.organisator.ch\/en\/wp-json\/wp\/v2\/posts"}],"about":[{"href":"https:\/\/www.organisator.ch\/en\/wp-json\/wp\/v2\/types\/post"}],"author":[{"embeddable":true,"href":"https:\/\/www.organisator.ch\/en\/wp-json\/wp\/v2\/users\/4"}],"replies":[{"embeddable":true,"href":"https:\/\/www.organisator.ch\/en\/wp-json\/wp\/v2\/comments?post=6317"}],"version-history":[{"count":0,"href":"https:\/\/www.organisator.ch\/en\/wp-json\/wp\/v2\/posts\/6317\/revisions"}],"wp:featuredmedia":[{"embeddable":true,"href":"https:\/\/www.organisator.ch\/en\/wp-json\/wp\/v2\/media\/6318"}],"wp:attachment":[{"href":"https:\/\/www.organisator.ch\/en\/wp-json\/wp\/v2\/media?parent=6317"}],"wp:term":[{"taxonomy":"category","embeddable":true,"href":"https:\/\/www.organisator.ch\/en\/wp-json\/wp\/v2\/categories?post=6317"},{"taxonomy":"post_tag","embeddable":true,"href":"https:\/\/www.organisator.ch\/en\/wp-json\/wp\/v2\/tags?post=6317"}],"curies":[{"name":"wp","href":"https:\/\/api.w.org\/{rel}","templated":true}]}}