{"id":6325,"date":"2020-02-11T09:58:01","date_gmt":"2020-02-11T08:58:01","guid":{"rendered":"https:\/\/www.organisator.ch\/?p=6325"},"modified":"2020-02-11T09:58:01","modified_gmt":"2020-02-11T08:58:01","slug":"am-puls-der-schweizer-tech-bewegung","status":"publish","type":"post","link":"https:\/\/www.organisator.ch\/en\/management\/2020-02-11\/am-puls-der-schweizer-tech-bewegung\/","title":{"rendered":"On the pulse of the Swiss tech movement"},"content":{"rendered":"<figure id=\"attachment_6326\" aria-describedby=\"caption-attachment-6326\" style=\"width: 680px\" class=\"wp-caption alignnone\"><img loading=\"lazy\" decoding=\"async\" class=\"size-medium wp-image-6326\" src=\"https:\/\/www.organisator.ch\/wp-content\/uploads\/2020\/02\/Am-Puls-der-Schweizer-Tech-Bewegung_Organisator.jpg\" alt=\"\" width=\"680\" height=\"354\" srcset=\"https:\/\/www.organisator.ch\/wp-content\/uploads\/2020\/02\/Am-Puls-der-Schweizer-Tech-Bewegung_Organisator.jpg 680w, https:\/\/www.organisator.ch\/wp-content\/uploads\/2020\/02\/Am-Puls-der-Schweizer-Tech-Bewegung_Organisator-16x8.jpg 16w, https:\/\/www.organisator.ch\/wp-content\/uploads\/2020\/02\/Am-Puls-der-Schweizer-Tech-Bewegung_Organisator-336x175.jpg 336w, https:\/\/www.organisator.ch\/wp-content\/uploads\/2020\/02\/Am-Puls-der-Schweizer-Tech-Bewegung_Organisator-672x350.jpg 672w, https:\/\/www.organisator.ch\/wp-content\/uploads\/2020\/02\/Am-Puls-der-Schweizer-Tech-Bewegung_Organisator-300x156.jpg 300w\" sizes=\"auto, (max-width: 680px) 100vw, 680px\" \/><figcaption id=\"caption-attachment-6326\" class=\"wp-caption-text\">Creates a meeting place for the Swiss tech movement: Alex von M\u00fchlenen, founder of Chainwork. (Image: zVg)<\/figcaption><\/figure>\n<p>The founders of Chainwork want to further strengthen Switzerland as a business location as a global hub in the technology world. \"Chainwork supports the digital transformation of companies and offers the Swiss economy unique access to forward-looking and disruptive technologies. We focus on cooperation and knowledge transfer between startups, investors, technology companies, and Swiss SMEs and corporations,\" says Alex von M\u00fchlenen, CEO and founder of Chainwork.<\/p>\n<h2>Support tech movement<\/h2>\n<p>The well-connected young entrepreneur created the basis for a platform with Chainwork about a year ago, which is intended to support the Swiss startup ecosystem with targeted consolidation. Von M\u00fchlenen elaborates: \"Switzerland is a hotspot for technological innovation and very well positioned in global competition. However, we see a problem in the current fragmentation of the individual economic players. We want to counteract this fragmentation with Chainwork.\"<\/p>\n<h2>Cooperation instead of competition<\/h2>\n<p>Located in Zurich's Seefeld district, the company's HUB covers over 1800 m2 with a large coworking space, a modern event venue and a living room with its own bar-caf\u00e9 concept. Alex von M\u00fchlenen emphasizes: \"We want to offer technology-savvy creatives and like-minded people an exciting framework for networking and community building. Chainwork is to become a meeting point and cross-generational meeting place for the tech and corporate world.\" With its coworking space, various event series and a startup support program, Chainwork is its own interactive ecosystem, wherein the digital transformation of Swiss companies is to accelerate. \"The synergies of our business units make us unique. At the same time, we also represent an open platform which is designed for cooperation and capable of integrating further ecosystems.\"<\/p>\n<h2>Recognize challenges of the market<\/h2>\n<p>With his company, Alex von M\u00fchlenen relies on proven big names in Swiss business. Unlike other providers of startup support, Chainwork has explicitly commercial aspects. Von M\u00fchlenen emphasizes: \"It's not just 'good' ideas from startups that count. These must also be practical and meet the real needs of companies by anticipating commercial interests.\" Accordingly, Chainwork places great emphasis on careful curation and coordination of the companies that make up its pool of members: \"Quality trumps quantity for us. We see ourselves as a boutique label for forward-looking collaborations between innovators and investors who see eye-to-eye,\" says Alex von M\u00fchlenen.<\/p>\n<p><em>Information: <a href=\"http:\/\/www.chainwork.com\">www.chainwork.com<\/a><\/em><\/p>","protected":false},"excerpt":{"rendered":"<p>Die Gr\u00fcnder von Chainwork wollen den Wirtschaftsstandort Schweiz weiter als globalen Drehpunkt in der Technologie-Welt st\u00e4rken. \u201eChainwork unterst\u00fctzt die digitale Transformation von Unternehmen und bietet der Schweizer Wirtschaft einen einzigartigen Zugang zu zukunftsweisenden und disruptiven Technologien. Wir setzen auf Kooperation und Wissenstransfer zwischen Startups, Investoren, Technologie-unternehmen sowie Schweizer KMU und Konzernen\u201c, sagt Alex von M\u00fchlenen, [&hellip;]<\/p>\n","protected":false},"author":4,"featured_media":6326,"comment_status":"closed","ping_status":"closed","sticky":false,"template":"","format":"standard","meta":{"_acf_changed":false,"_yoast_wpseo_focuskw":"Tech-Bewegung","_yoast_wpseo_metadesc":"Am Puls der Schweizer Tech-Bewegung: Das Schweizer Unternehmen Chainwork schafft einen Begegnungsort f\u00fcr technologieaffine KMU, Startups und Investoren.","articlekey":"","footnotes":""},"categories":[28],"tags":[135,156,451,492],"class_list":["post-6325","post","type-post","status-publish","format-standard","has-post-thumbnail","hentry","category-management","tag-coworking","tag-digitalisierung","tag-startups","tag-unternehmen"],"acf":[],"yoast_head":"<!-- This site is optimized with the Yoast SEO plugin v27.5 - https:\/\/yoast.com\/product\/yoast-seo-wordpress\/ -->\n<title>Am Puls der Schweizer Tech-Bewegung - Organisator<\/title>\n<meta name=\"description\" content=\"Am Puls der Schweizer Tech-Bewegung: Das Schweizer Unternehmen Chainwork schafft einen Begegnungsort f\u00fcr technologieaffine KMU, Startups und Investoren.\" \/>\n<meta name=\"robots\" content=\"index, follow, max-snippet:-1, max-image-preview:large, max-video-preview:-1\" \/>\n<link rel=\"canonical\" href=\"https:\/\/www.organisator.ch\/en\/management\/2020-02-11\/am-puls-der-schweizer-tech-bewegung\/\" \/>\n<meta property=\"og:locale\" content=\"en_US\" \/>\n<meta property=\"og:type\" content=\"article\" \/>\n<meta property=\"og:title\" content=\"Am Puls der Schweizer Tech-Bewegung\" \/>\n<meta property=\"og:description\" content=\"Am Puls der Schweizer Tech-Bewegung: Das Schweizer Unternehmen Chainwork schafft einen Begegnungsort f\u00fcr technologieaffine KMU, Startups und Investoren.\" \/>\n<meta property=\"og:url\" content=\"https:\/\/www.organisator.ch\/en\/management\/2020-02-11\/am-puls-der-schweizer-tech-bewegung\/\" \/>\n<meta property=\"og:site_name\" content=\"Organisator\" \/>\n<meta property=\"article:publisher\" content=\"https:\/\/www.facebook.com\/OrganisatorFachmagazin\" \/>\n<meta property=\"article:published_time\" content=\"2020-02-11T08:58:01+00:00\" \/>\n<meta property=\"og:image\" content=\"https:\/\/www.organisator.ch\/wp-content\/uploads\/2020\/02\/Am-Puls-der-Schweizer-Tech-Bewegung_Organisator.jpg\" \/>\n\t<meta property=\"og:image:width\" content=\"680\" \/>\n\t<meta property=\"og:image:height\" content=\"354\" \/>\n\t<meta property=\"og:image:type\" content=\"image\/jpeg\" \/>\n<meta name=\"author\" content=\"thomas.berner\" \/>\n<meta name=\"twitter:card\" content=\"summary_large_image\" \/>\n<meta name=\"twitter:title\" content=\"Am Puls der Schweizer #Tech-Bewegung\" \/>\n<meta name=\"twitter:description\" content=\"Am Puls der Schweizer #Tech-Bewegung: Das Schweizer Unternehmen #Chainwork schafft einen Begegnungsort f\u00fcr technologieaffine KMU, Startups und Investoren.\" \/>\n<meta name=\"twitter:image\" content=\"https:\/\/www.organisator.ch\/wp-content\/uploads\/2020\/02\/Am-Puls-der-Schweizer-Tech-Bewegung_Organisator.jpg\" \/>\n<script type=\"application\/ld+json\" class=\"yoast-schema-graph\">{\"@context\":\"https:\\\/\\\/schema.org\",\"@graph\":[{\"@type\":\"Article\",\"@id\":\"https:\\\/\\\/www.organisator.ch\\\/management\\\/2020-02-11\\\/am-puls-der-schweizer-tech-bewegung\\\/#article\",\"isPartOf\":{\"@id\":\"https:\\\/\\\/www.organisator.ch\\\/management\\\/2020-02-11\\\/am-puls-der-schweizer-tech-bewegung\\\/\"},\"author\":{\"name\":\"thomas.berner\",\"@id\":\"https:\\\/\\\/www.organisator.ch\\\/#\\\/schema\\\/person\\\/6f650f90b2842cd4c0cc334b4e36f67e\"},\"headline\":\"Am Puls der Schweizer Tech-Bewegung\",\"datePublished\":\"2020-02-11T08:58:01+00:00\",\"mainEntityOfPage\":{\"@id\":\"https:\\\/\\\/www.organisator.ch\\\/management\\\/2020-02-11\\\/am-puls-der-schweizer-tech-bewegung\\\/\"},\"wordCount\":407,\"publisher\":{\"@id\":\"https:\\\/\\\/www.organisator.ch\\\/#organization\"},\"image\":{\"@id\":\"https:\\\/\\\/www.organisator.ch\\\/management\\\/2020-02-11\\\/am-puls-der-schweizer-tech-bewegung\\\/#primaryimage\"},\"thumbnailUrl\":\"https:\\\/\\\/www.organisator.ch\\\/wp-content\\\/uploads\\\/2020\\\/02\\\/Am-Puls-der-Schweizer-Tech-Bewegung_Organisator.jpg\",\"keywords\":[\"Coworking\",\"Digitalisierung\",\"Startups\",\"Unternehmen\"],\"articleSection\":[\"MANAGEMENT\"],\"inLanguage\":\"en-US\"},{\"@type\":\"WebPage\",\"@id\":\"https:\\\/\\\/www.organisator.ch\\\/management\\\/2020-02-11\\\/am-puls-der-schweizer-tech-bewegung\\\/\",\"url\":\"https:\\\/\\\/www.organisator.ch\\\/management\\\/2020-02-11\\\/am-puls-der-schweizer-tech-bewegung\\\/\",\"name\":\"Am Puls der Schweizer Tech-Bewegung - Organisator\",\"isPartOf\":{\"@id\":\"https:\\\/\\\/www.organisator.ch\\\/#website\"},\"primaryImageOfPage\":{\"@id\":\"https:\\\/\\\/www.organisator.ch\\\/management\\\/2020-02-11\\\/am-puls-der-schweizer-tech-bewegung\\\/#primaryimage\"},\"image\":{\"@id\":\"https:\\\/\\\/www.organisator.ch\\\/management\\\/2020-02-11\\\/am-puls-der-schweizer-tech-bewegung\\\/#primaryimage\"},\"thumbnailUrl\":\"https:\\\/\\\/www.organisator.ch\\\/wp-content\\\/uploads\\\/2020\\\/02\\\/Am-Puls-der-Schweizer-Tech-Bewegung_Organisator.jpg\",\"datePublished\":\"2020-02-11T08:58:01+00:00\",\"description\":\"Am Puls der Schweizer Tech-Bewegung: Das Schweizer Unternehmen Chainwork schafft einen Begegnungsort f\u00fcr technologieaffine KMU, Startups und Investoren.\",\"breadcrumb\":{\"@id\":\"https:\\\/\\\/www.organisator.ch\\\/management\\\/2020-02-11\\\/am-puls-der-schweizer-tech-bewegung\\\/#breadcrumb\"},\"inLanguage\":\"en-US\",\"potentialAction\":[{\"@type\":\"ReadAction\",\"target\":[\"https:\\\/\\\/www.organisator.ch\\\/management\\\/2020-02-11\\\/am-puls-der-schweizer-tech-bewegung\\\/\"]}]},{\"@type\":\"ImageObject\",\"inLanguage\":\"en-US\",\"@id\":\"https:\\\/\\\/www.organisator.ch\\\/management\\\/2020-02-11\\\/am-puls-der-schweizer-tech-bewegung\\\/#primaryimage\",\"url\":\"https:\\\/\\\/www.organisator.ch\\\/wp-content\\\/uploads\\\/2020\\\/02\\\/Am-Puls-der-Schweizer-Tech-Bewegung_Organisator.jpg\",\"contentUrl\":\"https:\\\/\\\/www.organisator.ch\\\/wp-content\\\/uploads\\\/2020\\\/02\\\/Am-Puls-der-Schweizer-Tech-Bewegung_Organisator.jpg\",\"width\":680,\"height\":354,\"caption\":\"Schafft einen Begegnungsort f\u00fcr die Schweizer Tech-Bewegung: Alex von M\u00fchlenen, Gr\u00fcnder von Chainwork. (Bild: zVg)\"},{\"@type\":\"BreadcrumbList\",\"@id\":\"https:\\\/\\\/www.organisator.ch\\\/management\\\/2020-02-11\\\/am-puls-der-schweizer-tech-bewegung\\\/#breadcrumb\",\"itemListElement\":[{\"@type\":\"ListItem\",\"position\":1,\"name\":\"Home\",\"item\":\"https:\\\/\\\/www.organisator.ch\\\/\"},{\"@type\":\"ListItem\",\"position\":2,\"name\":\"Am Puls der Schweizer Tech-Bewegung\"}]},{\"@type\":\"WebSite\",\"@id\":\"https:\\\/\\\/www.organisator.ch\\\/#website\",\"url\":\"https:\\\/\\\/www.organisator.ch\\\/\",\"name\":\"Organisator\",\"description\":\"Kompetent. Praxisnah. Der ORGANISATOR bereitet in 10 Ausgaben pro Jahr die wesentlichen Themen f\u00fcr F\u00fchrungskr\u00e4fte von KMU auf.\",\"publisher\":{\"@id\":\"https:\\\/\\\/www.organisator.ch\\\/#organization\"},\"potentialAction\":[{\"@type\":\"SearchAction\",\"target\":{\"@type\":\"EntryPoint\",\"urlTemplate\":\"https:\\\/\\\/www.organisator.ch\\\/?s={search_term_string}\"},\"query-input\":{\"@type\":\"PropertyValueSpecification\",\"valueRequired\":true,\"valueName\":\"search_term_string\"}}],\"inLanguage\":\"en-US\"},{\"@type\":\"Organization\",\"@id\":\"https:\\\/\\\/www.organisator.ch\\\/#organization\",\"name\":\"Organisator\",\"url\":\"https:\\\/\\\/www.organisator.ch\\\/\",\"logo\":{\"@type\":\"ImageObject\",\"inLanguage\":\"en-US\",\"@id\":\"https:\\\/\\\/www.organisator.ch\\\/#\\\/schema\\\/logo\\\/image\\\/\",\"url\":\"https:\\\/\\\/www.organisator.ch\\\/wp-content\\\/uploads\\\/2022\\\/01\\\/Logo_Organisator_Website.png\",\"contentUrl\":\"https:\\\/\\\/www.organisator.ch\\\/wp-content\\\/uploads\\\/2022\\\/01\\\/Logo_Organisator_Website.png\",\"width\":800,\"height\":77,\"caption\":\"Organisator\"},\"image\":{\"@id\":\"https:\\\/\\\/www.organisator.ch\\\/#\\\/schema\\\/logo\\\/image\\\/\"},\"sameAs\":[\"https:\\\/\\\/www.facebook.com\\\/OrganisatorFachmagazin\",\"https:\\\/\\\/www.linkedin.com\\\/showcase\\\/organisator-das-magazin-fr-kmu\",\"https:\\\/\\\/www.xing.com\\\/news\\\/pages\\\/organisator-ch-695\",\"https:\\\/\\\/www.youtube.com\\\/channel\\\/UCGP2Sq0iWaZwT3BdIAQFYpw\"]},{\"@type\":\"Person\",\"@id\":\"https:\\\/\\\/www.organisator.ch\\\/#\\\/schema\\\/person\\\/6f650f90b2842cd4c0cc334b4e36f67e\",\"name\":\"thomas.berner\",\"image\":{\"@type\":\"ImageObject\",\"inLanguage\":\"en-US\",\"@id\":\"https:\\\/\\\/secure.gravatar.com\\\/avatar\\\/ac5001d2a36cb6c6cd3e50789007ffca834b477b74a2144564522e944eabff61?s=96&d=mm&r=g\",\"url\":\"https:\\\/\\\/secure.gravatar.com\\\/avatar\\\/ac5001d2a36cb6c6cd3e50789007ffca834b477b74a2144564522e944eabff61?s=96&d=mm&r=g\",\"contentUrl\":\"https:\\\/\\\/secure.gravatar.com\\\/avatar\\\/ac5001d2a36cb6c6cd3e50789007ffca834b477b74a2144564522e944eabff61?s=96&d=mm&r=g\",\"caption\":\"thomas.berner\"},\"url\":\"https:\\\/\\\/www.organisator.ch\\\/en\\\/author\\\/thomas-berner\\\/\"}]}<\/script>\n<!-- \/ Yoast SEO plugin. -->","yoast_head_json":{"title":"On the pulse of the Swiss tech movement - organizer","description":"On the pulse of the Swiss tech movement: Swiss company Chainwork creates a meeting place for technology-savvy SMEs, startups and investors.","robots":{"index":"index","follow":"follow","max-snippet":"max-snippet:-1","max-image-preview":"max-image-preview:large","max-video-preview":"max-video-preview:-1"},"canonical":"https:\/\/www.organisator.ch\/en\/management\/2020-02-11\/am-puls-der-schweizer-tech-bewegung\/","og_locale":"en_US","og_type":"article","og_title":"Am Puls der Schweizer Tech-Bewegung","og_description":"Am Puls der Schweizer Tech-Bewegung: Das Schweizer Unternehmen Chainwork schafft einen Begegnungsort f\u00fcr technologieaffine KMU, Startups und Investoren.","og_url":"https:\/\/www.organisator.ch\/en\/management\/2020-02-11\/am-puls-der-schweizer-tech-bewegung\/","og_site_name":"Organisator","article_publisher":"https:\/\/www.facebook.com\/OrganisatorFachmagazin","article_published_time":"2020-02-11T08:58:01+00:00","og_image":[{"width":680,"height":354,"url":"https:\/\/www.organisator.ch\/wp-content\/uploads\/2020\/02\/Am-Puls-der-Schweizer-Tech-Bewegung_Organisator.jpg","type":"image\/jpeg"}],"author":"thomas.berner","twitter_card":"summary_large_image","twitter_title":"Am Puls der Schweizer #Tech-Bewegung","twitter_description":"Am Puls der Schweizer #Tech-Bewegung: Das Schweizer Unternehmen #Chainwork schafft einen Begegnungsort f\u00fcr technologieaffine KMU, Startups und Investoren.","twitter_image":"https:\/\/www.organisator.ch\/wp-content\/uploads\/2020\/02\/Am-Puls-der-Schweizer-Tech-Bewegung_Organisator.jpg","schema":{"@context":"https:\/\/schema.org","@graph":[{"@type":"Article","@id":"https:\/\/www.organisator.ch\/management\/2020-02-11\/am-puls-der-schweizer-tech-bewegung\/#article","isPartOf":{"@id":"https:\/\/www.organisator.ch\/management\/2020-02-11\/am-puls-der-schweizer-tech-bewegung\/"},"author":{"name":"thomas.berner","@id":"https:\/\/www.organisator.ch\/#\/schema\/person\/6f650f90b2842cd4c0cc334b4e36f67e"},"headline":"Am Puls der Schweizer Tech-Bewegung","datePublished":"2020-02-11T08:58:01+00:00","mainEntityOfPage":{"@id":"https:\/\/www.organisator.ch\/management\/2020-02-11\/am-puls-der-schweizer-tech-bewegung\/"},"wordCount":407,"publisher":{"@id":"https:\/\/www.organisator.ch\/#organization"},"image":{"@id":"https:\/\/www.organisator.ch\/management\/2020-02-11\/am-puls-der-schweizer-tech-bewegung\/#primaryimage"},"thumbnailUrl":"https:\/\/www.organisator.ch\/wp-content\/uploads\/2020\/02\/Am-Puls-der-Schweizer-Tech-Bewegung_Organisator.jpg","keywords":["Coworking","Digitalisierung","Startups","Unternehmen"],"articleSection":["MANAGEMENT"],"inLanguage":"en-US"},{"@type":"WebPage","@id":"https:\/\/www.organisator.ch\/management\/2020-02-11\/am-puls-der-schweizer-tech-bewegung\/","url":"https:\/\/www.organisator.ch\/management\/2020-02-11\/am-puls-der-schweizer-tech-bewegung\/","name":"On the pulse of the Swiss tech movement - organizer","isPartOf":{"@id":"https:\/\/www.organisator.ch\/#website"},"primaryImageOfPage":{"@id":"https:\/\/www.organisator.ch\/management\/2020-02-11\/am-puls-der-schweizer-tech-bewegung\/#primaryimage"},"image":{"@id":"https:\/\/www.organisator.ch\/management\/2020-02-11\/am-puls-der-schweizer-tech-bewegung\/#primaryimage"},"thumbnailUrl":"https:\/\/www.organisator.ch\/wp-content\/uploads\/2020\/02\/Am-Puls-der-Schweizer-Tech-Bewegung_Organisator.jpg","datePublished":"2020-02-11T08:58:01+00:00","description":"On the pulse of the Swiss tech movement: Swiss company Chainwork creates a meeting place for technology-savvy SMEs, startups and investors.","breadcrumb":{"@id":"https:\/\/www.organisator.ch\/management\/2020-02-11\/am-puls-der-schweizer-tech-bewegung\/#breadcrumb"},"inLanguage":"en-US","potentialAction":[{"@type":"ReadAction","target":["https:\/\/www.organisator.ch\/management\/2020-02-11\/am-puls-der-schweizer-tech-bewegung\/"]}]},{"@type":"ImageObject","inLanguage":"en-US","@id":"https:\/\/www.organisator.ch\/management\/2020-02-11\/am-puls-der-schweizer-tech-bewegung\/#primaryimage","url":"https:\/\/www.organisator.ch\/wp-content\/uploads\/2020\/02\/Am-Puls-der-Schweizer-Tech-Bewegung_Organisator.jpg","contentUrl":"https:\/\/www.organisator.ch\/wp-content\/uploads\/2020\/02\/Am-Puls-der-Schweizer-Tech-Bewegung_Organisator.jpg","width":680,"height":354,"caption":"Schafft einen Begegnungsort f\u00fcr die Schweizer Tech-Bewegung: Alex von M\u00fchlenen, Gr\u00fcnder von Chainwork. (Bild: zVg)"},{"@type":"BreadcrumbList","@id":"https:\/\/www.organisator.ch\/management\/2020-02-11\/am-puls-der-schweizer-tech-bewegung\/#breadcrumb","itemListElement":[{"@type":"ListItem","position":1,"name":"Home","item":"https:\/\/www.organisator.ch\/"},{"@type":"ListItem","position":2,"name":"Am Puls der Schweizer Tech-Bewegung"}]},{"@type":"WebSite","@id":"https:\/\/www.organisator.ch\/#website","url":"https:\/\/www.organisator.ch\/","name":"Organizer","description":"Competent. Practical. In 10 issues per year, ORGANISATOR presents the essential topics for managers of SMEs.","publisher":{"@id":"https:\/\/www.organisator.ch\/#organization"},"potentialAction":[{"@type":"SearchAction","target":{"@type":"EntryPoint","urlTemplate":"https:\/\/www.organisator.ch\/?s={search_term_string}"},"query-input":{"@type":"PropertyValueSpecification","valueRequired":true,"valueName":"search_term_string"}}],"inLanguage":"en-US"},{"@type":"Organization","@id":"https:\/\/www.organisator.ch\/#organization","name":"Organizer","url":"https:\/\/www.organisator.ch\/","logo":{"@type":"ImageObject","inLanguage":"en-US","@id":"https:\/\/www.organisator.ch\/#\/schema\/logo\/image\/","url":"https:\/\/www.organisator.ch\/wp-content\/uploads\/2022\/01\/Logo_Organisator_Website.png","contentUrl":"https:\/\/www.organisator.ch\/wp-content\/uploads\/2022\/01\/Logo_Organisator_Website.png","width":800,"height":77,"caption":"Organisator"},"image":{"@id":"https:\/\/www.organisator.ch\/#\/schema\/logo\/image\/"},"sameAs":["https:\/\/www.facebook.com\/OrganisatorFachmagazin","https:\/\/www.linkedin.com\/showcase\/organisator-das-magazin-fr-kmu","https:\/\/www.xing.com\/news\/pages\/organisator-ch-695","https:\/\/www.youtube.com\/channel\/UCGP2Sq0iWaZwT3BdIAQFYpw"]},{"@type":"Person","@id":"https:\/\/www.organisator.ch\/#\/schema\/person\/6f650f90b2842cd4c0cc334b4e36f67e","name":"thomas.berner","image":{"@type":"ImageObject","inLanguage":"en-US","@id":"https:\/\/secure.gravatar.com\/avatar\/ac5001d2a36cb6c6cd3e50789007ffca834b477b74a2144564522e944eabff61?s=96&d=mm&r=g","url":"https:\/\/secure.gravatar.com\/avatar\/ac5001d2a36cb6c6cd3e50789007ffca834b477b74a2144564522e944eabff61?s=96&d=mm&r=g","contentUrl":"https:\/\/secure.gravatar.com\/avatar\/ac5001d2a36cb6c6cd3e50789007ffca834b477b74a2144564522e944eabff61?s=96&d=mm&r=g","caption":"thomas.berner"},"url":"https:\/\/www.organisator.ch\/en\/author\/thomas-berner\/"}]}},"_links":{"self":[{"href":"https:\/\/www.organisator.ch\/en\/wp-json\/wp\/v2\/posts\/6325","targetHints":{"allow":["GET"]}}],"collection":[{"href":"https:\/\/www.organisator.ch\/en\/wp-json\/wp\/v2\/posts"}],"about":[{"href":"https:\/\/www.organisator.ch\/en\/wp-json\/wp\/v2\/types\/post"}],"author":[{"embeddable":true,"href":"https:\/\/www.organisator.ch\/en\/wp-json\/wp\/v2\/users\/4"}],"replies":[{"embeddable":true,"href":"https:\/\/www.organisator.ch\/en\/wp-json\/wp\/v2\/comments?post=6325"}],"version-history":[{"count":0,"href":"https:\/\/www.organisator.ch\/en\/wp-json\/wp\/v2\/posts\/6325\/revisions"}],"wp:featuredmedia":[{"embeddable":true,"href":"https:\/\/www.organisator.ch\/en\/wp-json\/wp\/v2\/media\/6326"}],"wp:attachment":[{"href":"https:\/\/www.organisator.ch\/en\/wp-json\/wp\/v2\/media?parent=6325"}],"wp:term":[{"taxonomy":"category","embeddable":true,"href":"https:\/\/www.organisator.ch\/en\/wp-json\/wp\/v2\/categories?post=6325"},{"taxonomy":"post_tag","embeddable":true,"href":"https:\/\/www.organisator.ch\/en\/wp-json\/wp\/v2\/tags?post=6325"}],"curies":[{"name":"wp","href":"https:\/\/api.w.org\/{rel}","templated":true}]}}