{"id":6346,"date":"2020-02-18T08:27:37","date_gmt":"2020-02-18T07:27:37","guid":{"rendered":"https:\/\/www.organisator.ch\/?p=6346"},"modified":"2020-02-18T08:27:37","modified_gmt":"2020-02-18T07:27:37","slug":"force-majeure-ein-spannendes-thema-nicht-nur-fuer-juristen","status":"publish","type":"post","link":"https:\/\/www.organisator.ch\/en\/management\/2020-02-18\/force-majeure-ein-spannendes-thema-nicht-nur-fuer-juristen\/","title":{"rendered":"Force Majeure: A fascinating topic not only for lawyers"},"content":{"rendered":"<figure id=\"attachment_6347\" aria-describedby=\"caption-attachment-6347\" style=\"width: 680px\" class=\"wp-caption alignnone\"><img loading=\"lazy\" decoding=\"async\" class=\"size-medium wp-image-6347\" src=\"https:\/\/www.organisator.ch\/wp-content\/uploads\/2020\/02\/Force-Majeure-Ein-spannendes-Thema-nicht-nur-fuer-Juristen_Organisator.jpg\" alt=\"\" width=\"680\" height=\"510\" srcset=\"https:\/\/www.organisator.ch\/wp-content\/uploads\/2020\/02\/Force-Majeure-Ein-spannendes-Thema-nicht-nur-fuer-Juristen_Organisator.jpg 680w, https:\/\/www.organisator.ch\/wp-content\/uploads\/2020\/02\/Force-Majeure-Ein-spannendes-Thema-nicht-nur-fuer-Juristen_Organisator-16x12.jpg 16w, https:\/\/www.organisator.ch\/wp-content\/uploads\/2020\/02\/Force-Majeure-Ein-spannendes-Thema-nicht-nur-fuer-Juristen_Organisator-233x175.jpg 233w, https:\/\/www.organisator.ch\/wp-content\/uploads\/2020\/02\/Force-Majeure-Ein-spannendes-Thema-nicht-nur-fuer-Juristen_Organisator-467x350.jpg 467w, https:\/\/www.organisator.ch\/wp-content\/uploads\/2020\/02\/Force-Majeure-Ein-spannendes-Thema-nicht-nur-fuer-Juristen_Organisator-300x225.jpg 300w\" sizes=\"auto, (max-width: 680px) 100vw, 680px\" \/><figcaption id=\"caption-attachment-6347\" class=\"wp-caption-text\">The topic \"Force Majeure\" met with great interest at the Swiss Shippers Council Forum in Interlaken. (Image: Helene Tobler, SSC)<\/figcaption><\/figure>\n<p>Natural events that prevent a transport, but also unavoidable events such as a strike, piracy or, most recently, the Corona virus, are subsumed under the term force majeure. However, the collapse of the Morandi Bridge in Genoa and the sinking of the rail bed near Raststatt would not a priori fall under this term, explained German specialist lawyer Frank Wilting and Genoa lawyer Enrico Modiglia. They were based on human errors, lack of maintenance, incorrect calculations, etc.<\/p>\n<h2>Force majeure does not always prevail in court<\/h2>\n<p>\"Lawyers like to argue force majeure, but the courts have high standards,\" added Giovanna Montanaro of the Zurich law firm Wartmann Merker. A lively panel discussion on \"Legal bases and contractual management of liability risks in force majeure\" was moderated by Barbara Klett, an attorney in insurance and transport law and an active member of Ladies in Logistics Switzerland. The problem is often not solved with an exclusion of liability, as commercial considerations play a major role in the transport sector, she explained. In addition to liability steering measures, operational measures could also have a preventive effect.<\/p>\n<p>The exciting practical examples and instructive seminars on the subject of \"Force Majeure - where are the risks for the shipper?\" provided many aha experiences, especially for non-legal specialists and managers. The different entrepreneurial backgrounds of the forum participants allowed a very diverse view of the problems and inspired the exchange of experiences.<\/p>\n<h2>Diverse range of topics<\/h2>\n<p>Other topics were also discussed at the SSC Forum, such as \"Security in the Supply Chain\", \"Waiting Times in Container Terminals\", \"Shortage of Chauffeurs in Switzerland and Europe\", \"New Silk Road - Risk for the West?\", \"Documents Digitalization - Who is Responsible in the Company?\", \"Powder Keg Persian Gulf\".<\/p>\n<p>The event showed once again that many women have not yet recognized the value of such trade events for knowledge enhancement and networking. Female participation was - as usual in the logistics world - weak. However, this should not be accepted as a given, explained Susanne Biemer of the \"Ladies in Logistics Switzerland\" (LiLS). She used the platform to present the network and call on the logistics professionals present to motivate their female employees more to make themselves more visible. \"The industry needs to become even more attractive to women. This would also help to alleviate the shortage of skilled workers,\" said Susanne Biemer.<\/p>\n<p>The next Ladies in Logistics, Switzerland Lounge will take place on March 26 at the Verkehrsdrehscheibe Schweiz in Basel.<\/p>\n<p><a href=\"https:\/\/www.xing.com\/events\/9-ladies-logistics-switzerland-lounge-2583061\"><em>Click here to register<\/em><\/a><\/p>","protected":false},"excerpt":{"rendered":"<p>Naturereignisse, die einen Transport verhindern, aber auch unabwendbare Ereignisse wie ein Streik, Piraterie oder ganz aktuell der Coronavirus, werden unter dem Begriff Force Majeure (&#8222;H\u00f6here Gewalt&#8220;) subsummiert. Der Einsturz der Morandi-Br\u00fccke in Genua und das Absinken des Gleisbetts bei Raststatt w\u00fcrden aber nicht a priori unter diesen Begriff fallen, erl\u00e4uterten der deutsche Fachanwalt Frank Wilting [&hellip;]<\/p>\n","protected":false},"author":4,"featured_media":6347,"comment_status":"closed","ping_status":"closed","sticky":false,"template":"","format":"standard","meta":{"_acf_changed":false,"_yoast_wpseo_focuskw":"Force Majeure","_yoast_wpseo_metadesc":"Spektakul\u00e4re Schadensf\u00e4lle, Haftungsrisiken und Sicherheitsthemen, die unter \"Force Majeure\" subsummiert werden k\u00f6nnen, stossen auf lebhaftes Interesse.","articlekey":"","footnotes":""},"categories":[28],"tags":[193,202,328,335],"class_list":["post-6346","post","type-post","status-publish","format-standard","has-post-thumbnail","hentry","category-management","tag-fachkongressfachmesse","tag-finanzenrecht","tag-logistik","tag-management-und-unternehmensfuehrung"],"acf":[],"yoast_head":"<!-- This site is optimized with the Yoast SEO plugin v27.5 - https:\/\/yoast.com\/product\/yoast-seo-wordpress\/ -->\n<title>Force Majeure: Ein spannendes Thema nicht nur f\u00fcr Juristen - Organisator<\/title>\n<meta name=\"description\" content=\"Spektakul\u00e4re Schadensf\u00e4lle, Haftungsrisiken und Sicherheitsthemen, die unter &quot;Force Majeure&quot; subsummiert werden k\u00f6nnen, stossen auf lebhaftes Interesse.\" \/>\n<meta name=\"robots\" content=\"index, follow, max-snippet:-1, max-image-preview:large, max-video-preview:-1\" \/>\n<link rel=\"canonical\" href=\"https:\/\/www.organisator.ch\/en\/management\/2020-02-18\/force-majeure-ein-spannendes-thema-nicht-nur-fuer-juristen\/\" \/>\n<meta property=\"og:locale\" content=\"en_US\" \/>\n<meta property=\"og:type\" content=\"article\" \/>\n<meta property=\"og:title\" content=\"Force Majeure: Ein spannendes Thema nicht nur f\u00fcr Juristen\" \/>\n<meta property=\"og:description\" content=\"Spektakul\u00e4re Schadensf\u00e4lle, Haftungsrisiken und Sicherheitsthemen, die unter &quot;Force Majeure&quot; subsummiert werden k\u00f6nnen, stossen auf lebhaftes Interesse.\" \/>\n<meta property=\"og:url\" content=\"https:\/\/www.organisator.ch\/en\/management\/2020-02-18\/force-majeure-ein-spannendes-thema-nicht-nur-fuer-juristen\/\" \/>\n<meta property=\"og:site_name\" content=\"Organisator\" \/>\n<meta property=\"article:publisher\" content=\"https:\/\/www.facebook.com\/OrganisatorFachmagazin\" \/>\n<meta property=\"article:published_time\" content=\"2020-02-18T07:27:37+00:00\" \/>\n<meta property=\"og:image\" content=\"https:\/\/www.organisator.ch\/wp-content\/uploads\/2020\/02\/Force-Majeure-Ein-spannendes-Thema-nicht-nur-fuer-Juristen_Organisator.jpg\" \/>\n\t<meta property=\"og:image:width\" content=\"680\" \/>\n\t<meta property=\"og:image:height\" content=\"510\" \/>\n\t<meta property=\"og:image:type\" content=\"image\/jpeg\" \/>\n<meta name=\"author\" content=\"thomas.berner\" \/>\n<meta name=\"twitter:card\" content=\"summary_large_image\" \/>\n<meta name=\"twitter:title\" content=\"Force #Majeure: Ein spannendes Thema nicht nur f\u00fcr #Juristen\" \/>\n<meta name=\"twitter:description\" content=\"Spektakul\u00e4re #Schadensf\u00e4lle, #Haftungsrisiken und #Sicherheitsthemen, die unter &quot;Force Majeure&quot; subsummiert werden k\u00f6nnen, stossen auf lebhaftes Interesse.\" \/>\n<meta name=\"twitter:image\" content=\"https:\/\/www.organisator.ch\/wp-content\/uploads\/2020\/02\/Force-Majeure-Ein-spannendes-Thema-nicht-nur-fuer-Juristen_Organisator.jpg\" \/>\n<script type=\"application\/ld+json\" class=\"yoast-schema-graph\">{\"@context\":\"https:\\\/\\\/schema.org\",\"@graph\":[{\"@type\":\"Article\",\"@id\":\"https:\\\/\\\/www.organisator.ch\\\/management\\\/2020-02-18\\\/force-majeure-ein-spannendes-thema-nicht-nur-fuer-juristen\\\/#article\",\"isPartOf\":{\"@id\":\"https:\\\/\\\/www.organisator.ch\\\/management\\\/2020-02-18\\\/force-majeure-ein-spannendes-thema-nicht-nur-fuer-juristen\\\/\"},\"author\":{\"name\":\"thomas.berner\",\"@id\":\"https:\\\/\\\/www.organisator.ch\\\/#\\\/schema\\\/person\\\/6f650f90b2842cd4c0cc334b4e36f67e\"},\"headline\":\"Force Majeure: Ein spannendes Thema nicht nur f\u00fcr Juristen\",\"datePublished\":\"2020-02-18T07:27:37+00:00\",\"mainEntityOfPage\":{\"@id\":\"https:\\\/\\\/www.organisator.ch\\\/management\\\/2020-02-18\\\/force-majeure-ein-spannendes-thema-nicht-nur-fuer-juristen\\\/\"},\"wordCount\":434,\"publisher\":{\"@id\":\"https:\\\/\\\/www.organisator.ch\\\/#organization\"},\"image\":{\"@id\":\"https:\\\/\\\/www.organisator.ch\\\/management\\\/2020-02-18\\\/force-majeure-ein-spannendes-thema-nicht-nur-fuer-juristen\\\/#primaryimage\"},\"thumbnailUrl\":\"https:\\\/\\\/www.organisator.ch\\\/wp-content\\\/uploads\\\/2020\\\/02\\\/Force-Majeure-Ein-spannendes-Thema-nicht-nur-fuer-Juristen_Organisator.jpg\",\"keywords\":[\"Fachkongress\\\/Fachmesse\",\"Finanzen\\\/Recht\",\"Logistik\",\"Management und Unternehmensf\u00fchrung\"],\"articleSection\":[\"MANAGEMENT\"],\"inLanguage\":\"en-US\"},{\"@type\":\"WebPage\",\"@id\":\"https:\\\/\\\/www.organisator.ch\\\/management\\\/2020-02-18\\\/force-majeure-ein-spannendes-thema-nicht-nur-fuer-juristen\\\/\",\"url\":\"https:\\\/\\\/www.organisator.ch\\\/management\\\/2020-02-18\\\/force-majeure-ein-spannendes-thema-nicht-nur-fuer-juristen\\\/\",\"name\":\"Force Majeure: Ein spannendes Thema nicht nur f\u00fcr Juristen - Organisator\",\"isPartOf\":{\"@id\":\"https:\\\/\\\/www.organisator.ch\\\/#website\"},\"primaryImageOfPage\":{\"@id\":\"https:\\\/\\\/www.organisator.ch\\\/management\\\/2020-02-18\\\/force-majeure-ein-spannendes-thema-nicht-nur-fuer-juristen\\\/#primaryimage\"},\"image\":{\"@id\":\"https:\\\/\\\/www.organisator.ch\\\/management\\\/2020-02-18\\\/force-majeure-ein-spannendes-thema-nicht-nur-fuer-juristen\\\/#primaryimage\"},\"thumbnailUrl\":\"https:\\\/\\\/www.organisator.ch\\\/wp-content\\\/uploads\\\/2020\\\/02\\\/Force-Majeure-Ein-spannendes-Thema-nicht-nur-fuer-Juristen_Organisator.jpg\",\"datePublished\":\"2020-02-18T07:27:37+00:00\",\"description\":\"Spektakul\u00e4re Schadensf\u00e4lle, Haftungsrisiken und Sicherheitsthemen, die unter \\\"Force Majeure\\\" subsummiert werden k\u00f6nnen, stossen auf lebhaftes Interesse.\",\"breadcrumb\":{\"@id\":\"https:\\\/\\\/www.organisator.ch\\\/management\\\/2020-02-18\\\/force-majeure-ein-spannendes-thema-nicht-nur-fuer-juristen\\\/#breadcrumb\"},\"inLanguage\":\"en-US\",\"potentialAction\":[{\"@type\":\"ReadAction\",\"target\":[\"https:\\\/\\\/www.organisator.ch\\\/management\\\/2020-02-18\\\/force-majeure-ein-spannendes-thema-nicht-nur-fuer-juristen\\\/\"]}]},{\"@type\":\"ImageObject\",\"inLanguage\":\"en-US\",\"@id\":\"https:\\\/\\\/www.organisator.ch\\\/management\\\/2020-02-18\\\/force-majeure-ein-spannendes-thema-nicht-nur-fuer-juristen\\\/#primaryimage\",\"url\":\"https:\\\/\\\/www.organisator.ch\\\/wp-content\\\/uploads\\\/2020\\\/02\\\/Force-Majeure-Ein-spannendes-Thema-nicht-nur-fuer-Juristen_Organisator.jpg\",\"contentUrl\":\"https:\\\/\\\/www.organisator.ch\\\/wp-content\\\/uploads\\\/2020\\\/02\\\/Force-Majeure-Ein-spannendes-Thema-nicht-nur-fuer-Juristen_Organisator.jpg\",\"width\":680,\"height\":510,\"caption\":\"Das Thema \\\"Force Majeure\\\" stiess am Swiss Shippers Council Forum in Interlaken auf grosses Interesse. (Bild: Helene Tobler, SSC)\"},{\"@type\":\"BreadcrumbList\",\"@id\":\"https:\\\/\\\/www.organisator.ch\\\/management\\\/2020-02-18\\\/force-majeure-ein-spannendes-thema-nicht-nur-fuer-juristen\\\/#breadcrumb\",\"itemListElement\":[{\"@type\":\"ListItem\",\"position\":1,\"name\":\"Home\",\"item\":\"https:\\\/\\\/www.organisator.ch\\\/\"},{\"@type\":\"ListItem\",\"position\":2,\"name\":\"Force Majeure: Ein spannendes Thema nicht nur f\u00fcr Juristen\"}]},{\"@type\":\"WebSite\",\"@id\":\"https:\\\/\\\/www.organisator.ch\\\/#website\",\"url\":\"https:\\\/\\\/www.organisator.ch\\\/\",\"name\":\"Organisator\",\"description\":\"Kompetent. Praxisnah. Der ORGANISATOR bereitet in 10 Ausgaben pro Jahr die wesentlichen Themen f\u00fcr F\u00fchrungskr\u00e4fte von KMU auf.\",\"publisher\":{\"@id\":\"https:\\\/\\\/www.organisator.ch\\\/#organization\"},\"potentialAction\":[{\"@type\":\"SearchAction\",\"target\":{\"@type\":\"EntryPoint\",\"urlTemplate\":\"https:\\\/\\\/www.organisator.ch\\\/?s={search_term_string}\"},\"query-input\":{\"@type\":\"PropertyValueSpecification\",\"valueRequired\":true,\"valueName\":\"search_term_string\"}}],\"inLanguage\":\"en-US\"},{\"@type\":\"Organization\",\"@id\":\"https:\\\/\\\/www.organisator.ch\\\/#organization\",\"name\":\"Organisator\",\"url\":\"https:\\\/\\\/www.organisator.ch\\\/\",\"logo\":{\"@type\":\"ImageObject\",\"inLanguage\":\"en-US\",\"@id\":\"https:\\\/\\\/www.organisator.ch\\\/#\\\/schema\\\/logo\\\/image\\\/\",\"url\":\"https:\\\/\\\/www.organisator.ch\\\/wp-content\\\/uploads\\\/2022\\\/01\\\/Logo_Organisator_Website.png\",\"contentUrl\":\"https:\\\/\\\/www.organisator.ch\\\/wp-content\\\/uploads\\\/2022\\\/01\\\/Logo_Organisator_Website.png\",\"width\":800,\"height\":77,\"caption\":\"Organisator\"},\"image\":{\"@id\":\"https:\\\/\\\/www.organisator.ch\\\/#\\\/schema\\\/logo\\\/image\\\/\"},\"sameAs\":[\"https:\\\/\\\/www.facebook.com\\\/OrganisatorFachmagazin\",\"https:\\\/\\\/www.linkedin.com\\\/showcase\\\/organisator-das-magazin-fr-kmu\",\"https:\\\/\\\/www.xing.com\\\/news\\\/pages\\\/organisator-ch-695\",\"https:\\\/\\\/www.youtube.com\\\/channel\\\/UCGP2Sq0iWaZwT3BdIAQFYpw\"]},{\"@type\":\"Person\",\"@id\":\"https:\\\/\\\/www.organisator.ch\\\/#\\\/schema\\\/person\\\/6f650f90b2842cd4c0cc334b4e36f67e\",\"name\":\"thomas.berner\",\"image\":{\"@type\":\"ImageObject\",\"inLanguage\":\"en-US\",\"@id\":\"https:\\\/\\\/secure.gravatar.com\\\/avatar\\\/ac5001d2a36cb6c6cd3e50789007ffca834b477b74a2144564522e944eabff61?s=96&d=mm&r=g\",\"url\":\"https:\\\/\\\/secure.gravatar.com\\\/avatar\\\/ac5001d2a36cb6c6cd3e50789007ffca834b477b74a2144564522e944eabff61?s=96&d=mm&r=g\",\"contentUrl\":\"https:\\\/\\\/secure.gravatar.com\\\/avatar\\\/ac5001d2a36cb6c6cd3e50789007ffca834b477b74a2144564522e944eabff61?s=96&d=mm&r=g\",\"caption\":\"thomas.berner\"},\"url\":\"https:\\\/\\\/www.organisator.ch\\\/en\\\/author\\\/thomas-berner\\\/\"}]}<\/script>\n<!-- \/ Yoast SEO plugin. -->","yoast_head_json":{"title":"Force Majeure: An exciting topic not only for lawyers - Organizer","description":"Spectacular claims, liability risks and safety topics that can be subsumed under \"force majeure\" attract lively interest.","robots":{"index":"index","follow":"follow","max-snippet":"max-snippet:-1","max-image-preview":"max-image-preview:large","max-video-preview":"max-video-preview:-1"},"canonical":"https:\/\/www.organisator.ch\/en\/management\/2020-02-18\/force-majeure-ein-spannendes-thema-nicht-nur-fuer-juristen\/","og_locale":"en_US","og_type":"article","og_title":"Force Majeure: Ein spannendes Thema nicht nur f\u00fcr Juristen","og_description":"Spektakul\u00e4re Schadensf\u00e4lle, Haftungsrisiken und Sicherheitsthemen, die unter \"Force Majeure\" subsummiert werden k\u00f6nnen, stossen auf lebhaftes Interesse.","og_url":"https:\/\/www.organisator.ch\/en\/management\/2020-02-18\/force-majeure-ein-spannendes-thema-nicht-nur-fuer-juristen\/","og_site_name":"Organisator","article_publisher":"https:\/\/www.facebook.com\/OrganisatorFachmagazin","article_published_time":"2020-02-18T07:27:37+00:00","og_image":[{"width":680,"height":510,"url":"https:\/\/www.organisator.ch\/wp-content\/uploads\/2020\/02\/Force-Majeure-Ein-spannendes-Thema-nicht-nur-fuer-Juristen_Organisator.jpg","type":"image\/jpeg"}],"author":"thomas.berner","twitter_card":"summary_large_image","twitter_title":"Force #Majeure: Ein spannendes Thema nicht nur f\u00fcr #Juristen","twitter_description":"Spektakul\u00e4re #Schadensf\u00e4lle, #Haftungsrisiken und #Sicherheitsthemen, die unter \"Force Majeure\" subsummiert werden k\u00f6nnen, stossen auf lebhaftes Interesse.","twitter_image":"https:\/\/www.organisator.ch\/wp-content\/uploads\/2020\/02\/Force-Majeure-Ein-spannendes-Thema-nicht-nur-fuer-Juristen_Organisator.jpg","schema":{"@context":"https:\/\/schema.org","@graph":[{"@type":"Article","@id":"https:\/\/www.organisator.ch\/management\/2020-02-18\/force-majeure-ein-spannendes-thema-nicht-nur-fuer-juristen\/#article","isPartOf":{"@id":"https:\/\/www.organisator.ch\/management\/2020-02-18\/force-majeure-ein-spannendes-thema-nicht-nur-fuer-juristen\/"},"author":{"name":"thomas.berner","@id":"https:\/\/www.organisator.ch\/#\/schema\/person\/6f650f90b2842cd4c0cc334b4e36f67e"},"headline":"Force Majeure: Ein spannendes Thema nicht nur f\u00fcr Juristen","datePublished":"2020-02-18T07:27:37+00:00","mainEntityOfPage":{"@id":"https:\/\/www.organisator.ch\/management\/2020-02-18\/force-majeure-ein-spannendes-thema-nicht-nur-fuer-juristen\/"},"wordCount":434,"publisher":{"@id":"https:\/\/www.organisator.ch\/#organization"},"image":{"@id":"https:\/\/www.organisator.ch\/management\/2020-02-18\/force-majeure-ein-spannendes-thema-nicht-nur-fuer-juristen\/#primaryimage"},"thumbnailUrl":"https:\/\/www.organisator.ch\/wp-content\/uploads\/2020\/02\/Force-Majeure-Ein-spannendes-Thema-nicht-nur-fuer-Juristen_Organisator.jpg","keywords":["Fachkongress\/Fachmesse","Finanzen\/Recht","Logistik","Management und Unternehmensf\u00fchrung"],"articleSection":["MANAGEMENT"],"inLanguage":"en-US"},{"@type":"WebPage","@id":"https:\/\/www.organisator.ch\/management\/2020-02-18\/force-majeure-ein-spannendes-thema-nicht-nur-fuer-juristen\/","url":"https:\/\/www.organisator.ch\/management\/2020-02-18\/force-majeure-ein-spannendes-thema-nicht-nur-fuer-juristen\/","name":"Force Majeure: An exciting topic not only for lawyers - Organizer","isPartOf":{"@id":"https:\/\/www.organisator.ch\/#website"},"primaryImageOfPage":{"@id":"https:\/\/www.organisator.ch\/management\/2020-02-18\/force-majeure-ein-spannendes-thema-nicht-nur-fuer-juristen\/#primaryimage"},"image":{"@id":"https:\/\/www.organisator.ch\/management\/2020-02-18\/force-majeure-ein-spannendes-thema-nicht-nur-fuer-juristen\/#primaryimage"},"thumbnailUrl":"https:\/\/www.organisator.ch\/wp-content\/uploads\/2020\/02\/Force-Majeure-Ein-spannendes-Thema-nicht-nur-fuer-Juristen_Organisator.jpg","datePublished":"2020-02-18T07:27:37+00:00","description":"Spectacular claims, liability risks and safety topics that can be subsumed under \"force majeure\" attract lively interest.","breadcrumb":{"@id":"https:\/\/www.organisator.ch\/management\/2020-02-18\/force-majeure-ein-spannendes-thema-nicht-nur-fuer-juristen\/#breadcrumb"},"inLanguage":"en-US","potentialAction":[{"@type":"ReadAction","target":["https:\/\/www.organisator.ch\/management\/2020-02-18\/force-majeure-ein-spannendes-thema-nicht-nur-fuer-juristen\/"]}]},{"@type":"ImageObject","inLanguage":"en-US","@id":"https:\/\/www.organisator.ch\/management\/2020-02-18\/force-majeure-ein-spannendes-thema-nicht-nur-fuer-juristen\/#primaryimage","url":"https:\/\/www.organisator.ch\/wp-content\/uploads\/2020\/02\/Force-Majeure-Ein-spannendes-Thema-nicht-nur-fuer-Juristen_Organisator.jpg","contentUrl":"https:\/\/www.organisator.ch\/wp-content\/uploads\/2020\/02\/Force-Majeure-Ein-spannendes-Thema-nicht-nur-fuer-Juristen_Organisator.jpg","width":680,"height":510,"caption":"Das Thema \"Force Majeure\" stiess am Swiss Shippers Council Forum in Interlaken auf grosses Interesse. (Bild: Helene Tobler, SSC)"},{"@type":"BreadcrumbList","@id":"https:\/\/www.organisator.ch\/management\/2020-02-18\/force-majeure-ein-spannendes-thema-nicht-nur-fuer-juristen\/#breadcrumb","itemListElement":[{"@type":"ListItem","position":1,"name":"Home","item":"https:\/\/www.organisator.ch\/"},{"@type":"ListItem","position":2,"name":"Force Majeure: Ein spannendes Thema nicht nur f\u00fcr Juristen"}]},{"@type":"WebSite","@id":"https:\/\/www.organisator.ch\/#website","url":"https:\/\/www.organisator.ch\/","name":"Organizer","description":"Competent. Practical. In 10 issues per year, ORGANISATOR presents the essential topics for managers of SMEs.","publisher":{"@id":"https:\/\/www.organisator.ch\/#organization"},"potentialAction":[{"@type":"SearchAction","target":{"@type":"EntryPoint","urlTemplate":"https:\/\/www.organisator.ch\/?s={search_term_string}"},"query-input":{"@type":"PropertyValueSpecification","valueRequired":true,"valueName":"search_term_string"}}],"inLanguage":"en-US"},{"@type":"Organization","@id":"https:\/\/www.organisator.ch\/#organization","name":"Organizer","url":"https:\/\/www.organisator.ch\/","logo":{"@type":"ImageObject","inLanguage":"en-US","@id":"https:\/\/www.organisator.ch\/#\/schema\/logo\/image\/","url":"https:\/\/www.organisator.ch\/wp-content\/uploads\/2022\/01\/Logo_Organisator_Website.png","contentUrl":"https:\/\/www.organisator.ch\/wp-content\/uploads\/2022\/01\/Logo_Organisator_Website.png","width":800,"height":77,"caption":"Organisator"},"image":{"@id":"https:\/\/www.organisator.ch\/#\/schema\/logo\/image\/"},"sameAs":["https:\/\/www.facebook.com\/OrganisatorFachmagazin","https:\/\/www.linkedin.com\/showcase\/organisator-das-magazin-fr-kmu","https:\/\/www.xing.com\/news\/pages\/organisator-ch-695","https:\/\/www.youtube.com\/channel\/UCGP2Sq0iWaZwT3BdIAQFYpw"]},{"@type":"Person","@id":"https:\/\/www.organisator.ch\/#\/schema\/person\/6f650f90b2842cd4c0cc334b4e36f67e","name":"thomas.berner","image":{"@type":"ImageObject","inLanguage":"en-US","@id":"https:\/\/secure.gravatar.com\/avatar\/ac5001d2a36cb6c6cd3e50789007ffca834b477b74a2144564522e944eabff61?s=96&d=mm&r=g","url":"https:\/\/secure.gravatar.com\/avatar\/ac5001d2a36cb6c6cd3e50789007ffca834b477b74a2144564522e944eabff61?s=96&d=mm&r=g","contentUrl":"https:\/\/secure.gravatar.com\/avatar\/ac5001d2a36cb6c6cd3e50789007ffca834b477b74a2144564522e944eabff61?s=96&d=mm&r=g","caption":"thomas.berner"},"url":"https:\/\/www.organisator.ch\/en\/author\/thomas-berner\/"}]}},"_links":{"self":[{"href":"https:\/\/www.organisator.ch\/en\/wp-json\/wp\/v2\/posts\/6346","targetHints":{"allow":["GET"]}}],"collection":[{"href":"https:\/\/www.organisator.ch\/en\/wp-json\/wp\/v2\/posts"}],"about":[{"href":"https:\/\/www.organisator.ch\/en\/wp-json\/wp\/v2\/types\/post"}],"author":[{"embeddable":true,"href":"https:\/\/www.organisator.ch\/en\/wp-json\/wp\/v2\/users\/4"}],"replies":[{"embeddable":true,"href":"https:\/\/www.organisator.ch\/en\/wp-json\/wp\/v2\/comments?post=6346"}],"version-history":[{"count":0,"href":"https:\/\/www.organisator.ch\/en\/wp-json\/wp\/v2\/posts\/6346\/revisions"}],"wp:featuredmedia":[{"embeddable":true,"href":"https:\/\/www.organisator.ch\/en\/wp-json\/wp\/v2\/media\/6347"}],"wp:attachment":[{"href":"https:\/\/www.organisator.ch\/en\/wp-json\/wp\/v2\/media?parent=6346"}],"wp:term":[{"taxonomy":"category","embeddable":true,"href":"https:\/\/www.organisator.ch\/en\/wp-json\/wp\/v2\/categories?post=6346"},{"taxonomy":"post_tag","embeddable":true,"href":"https:\/\/www.organisator.ch\/en\/wp-json\/wp\/v2\/tags?post=6346"}],"curies":[{"name":"wp","href":"https:\/\/api.w.org\/{rel}","templated":true}]}}