{"id":6371,"date":"2020-02-21T08:51:19","date_gmt":"2020-02-21T07:51:19","guid":{"rendered":"https:\/\/www.organisator.ch\/?p=6371"},"modified":"2020-02-21T08:51:19","modified_gmt":"2020-02-21T07:51:19","slug":"neue-arbeitsumgebung-auch-mit-dem-kopf-umziehen","status":"publish","type":"post","link":"https:\/\/www.organisator.ch\/en\/management\/2020-02-21\/neue-arbeitsumgebung-auch-mit-dem-kopf-umziehen\/","title":{"rendered":"New working environment: Moving with your head as well"},"content":{"rendered":"<figure id=\"attachment_6372\" aria-describedby=\"caption-attachment-6372\" style=\"width: 680px\" class=\"wp-caption alignnone\"><img loading=\"lazy\" decoding=\"async\" class=\"size-medium wp-image-6372\" src=\"https:\/\/www.organisator.ch\/wp-content\/uploads\/2020\/02\/Neue-Arbeitsumgebung-Auch-mit-dem-Kopf-umziehen_Organisator.jpg\" alt=\"\" width=\"680\" height=\"454\" srcset=\"https:\/\/www.organisator.ch\/wp-content\/uploads\/2020\/02\/Neue-Arbeitsumgebung-Auch-mit-dem-Kopf-umziehen_Organisator.jpg 680w, https:\/\/www.organisator.ch\/wp-content\/uploads\/2020\/02\/Neue-Arbeitsumgebung-Auch-mit-dem-Kopf-umziehen_Organisator-16x12.jpg 16w, https:\/\/www.organisator.ch\/wp-content\/uploads\/2020\/02\/Neue-Arbeitsumgebung-Auch-mit-dem-Kopf-umziehen_Organisator-262x175.jpg 262w, https:\/\/www.organisator.ch\/wp-content\/uploads\/2020\/02\/Neue-Arbeitsumgebung-Auch-mit-dem-Kopf-umziehen_Organisator-524x350.jpg 524w, https:\/\/www.organisator.ch\/wp-content\/uploads\/2020\/02\/Neue-Arbeitsumgebung-Auch-mit-dem-Kopf-umziehen_Organisator-300x200.jpg 300w\" sizes=\"auto, (max-width: 680px) 100vw, 680px\" \/><figcaption id=\"caption-attachment-6372\" class=\"wp-caption-text\">A new work environment helps change the mindset of employees as well. (Image: Pixabay.com)<\/figcaption><\/figure>\n<p>In the wake of the digital transformation of the economy, the demands on employees are also changing - among other things, because modern information and communications technology not only enables new solutions to problems, but also new forms of work organization. That's why many companies are currently asking themselves under the buzzword New Work: How can we use not only the technical possibilities of digitization, but also the modern forms of collaboration for our success that many start-ups and innovative niche providers practice, for example?<\/p>\n<p>As a rule, these forms of work aim to,<\/p>\n<ul>\n<li>Increase employee and team ownership,<\/li>\n<li>Improve cross-divisional and cross-functional collaboration; and<\/li>\n<li>Increase creativity and speed in developing and implementing new solutions to problems.<\/li>\n<\/ul>\n<h2><strong>Be flexible, creative and productive<\/strong><\/h2>\n<p>In achieving these goals, technical innovations are both the key and the driver. For example, digital collaboration tools increase the possibilities for cooperation in teams whose members work at different locations. They also open up new possibilities for integrating external service providers, business partners or customers into projects.<\/p>\n<p>Companies that provide complex services for their customers or design solutions to problems are particularly keen to exploit this potential. However, as with any change, projects to establish new forms of work organization and collaboration are also subject to the following: In addition to supporters and opponents among the employees, there is usually an undecided mass. So the question arises: How can the number of supporters necessary for the success of the project be won? An effective transmission belt can be a new working environment.<\/p>\n<h2><strong>Create a new working environment<\/strong><\/h2>\n<p>New forms of (collaborative) work that, for example.<\/p>\n<ul>\n<li>a high degree of automation,<\/li>\n<li>cross-departmental and cross-functional teamwork, and<\/li>\n<li>short decision paths<\/li>\n<\/ul>\n<p>usually also require different working environments. So it's important to create workspaces that support these goals - because they match (future) work processes and requirements and make teams creative and productive. Therefore, before redesigning existing and creating new workspaces, it is advisable to analyze factors such as:<\/p>\n<ul>\n<li>How much time will team members spend on common tasks in the future?<\/li>\n<li>How often is concentrated individual work necessary?<\/li>\n<li>Which technical processes and tools need to be integrated?<\/li>\n<li>How often are conferences and phone calls held - with colleagues, service providers, customers, etc.?<\/li>\n<\/ul>\n<p>From the results, companies can derive the appropriate space concept. In addition, such an analysis offers the opportunity to identify and eliminate work processes that waste resources.<\/p>\n<h2><strong>Success factor: Involvement of those affected<\/strong><\/h2>\n<p>If companies give their employees a great deal of opportunity to participate in the planning phase, many of those affected can be won over as supporters at an early stage of the project. It is then easier to break down outdated structures and patterns of thought and behavior and implement more targeted processes.<\/p>\n<p>Every move gives you the chance to move with your head - in other words, to set a new mental course. After all, every move is preceded by a lengthy planning process, during which the cards are sometimes reshuffled. The employees know this. Accordingly, they look forward to the change with curiosity, excitement and (sometimes) uncertainty. Therefore, from a change management perspective, a move should be used as an organizational \"unfreeze\" moment in the sense of Kurt Lewin: Employees are taken out of their comfort zone and put into motion. This is less about introducing new tools than developing a changed mindset, because: Organizations will only become faster and more flexible, more willing to learn and more customer-oriented if employees understand their role differently - and their managers allow them to act more independently and responsibly.<\/p>\n<h2><strong>Goal: \"Happy working people<\/strong><\/h2>\n<p>In the digital age, only tasks are increasingly left for human employees due to advancing digitalization and automation,<\/p>\n<ul>\n<li>which are difficult to decide and<\/li>\n<li>where you also have to rely on your intuition resulting from your expertise.<\/li>\n<\/ul>\n<p>So companies need employees who are willing and able to make such risky decisions because they can, want to and are allowed to do so.<\/p>\n<p>The \"can\" and \"may\" require new structural framework conditions. In order to use these effectively, employees usually need to be trained. The \"want\", on the other hand, is already present in many employees. The positive response that the buzzword \"New Work\" has met with, for example, shows that many people long for meaningful (collaborative) work that is also oriented toward parameters other than top-down defined processes and structures. Companies will need such employees in the future: \"Happy working people\" are a prerequisite for entrepreneurial success in the digital age.<\/p>\n<p><em><strong>To the author:<br \/>\n<\/strong>Dr. Georg Kraus is managing partner of the management consultancy Dr. Kraus &amp; Partner, Bruchsal (<a href=\"http:\/\/www.kraus-und-partner.de\">www.kraus-und-partner.de<\/a>). Among others, he is a lecturer at the University of Karlsruhe, the IAE in Aix-en-provence, the St. Gallen Business School and the Technical University of Clausthal.<\/em><\/p>","protected":false},"excerpt":{"rendered":"<p>Im Gefolge der digitalen Transformation der Wirtschaft ver\u00e4ndern sich auch die Anforderungen an die Mitarbeiter \u2013 unter anderem, weil die moderne Informations- und Kommunikationstechnik au\u00dfer nur neuen Probleml\u00f6sungen, auch neue Formen der Arbeitsorganisation erm\u00f6glicht. Deshalb fragen sich zurzeit viele Unternehmen unter dem Schlagwort New Work: Wie k\u00f6nnen wir neben den technischen M\u00f6glichkeiten der Digitalisierung auch [&hellip;]<\/p>\n","protected":false},"author":4,"featured_media":6372,"comment_status":"closed","ping_status":"closed","sticky":false,"template":"","format":"standard","meta":{"_acf_changed":false,"_yoast_wpseo_focuskw":"Neue Arbeitsumgebung","_yoast_wpseo_metadesc":"Neue Arbeitsumgebung - neues Mindset: Ein Umzug oder eine Neugestaltung des Arbeitsumfelds ist der ideale Aufh\u00e4nger f\u00fcr ein solches Change-Projekt.","articlekey":"","footnotes":""},"categories":[28],"tags":[112,156,335,363],"class_list":["post-6371","post","type-post","status-publish","format-standard","has-post-thumbnail","hentry","category-management","tag-change-management","tag-digitalisierung","tag-management-und-unternehmensfuehrung","tag-new-work"],"acf":[],"yoast_head":"<!-- This site is optimized with the Yoast SEO plugin v27.5 - https:\/\/yoast.com\/product\/yoast-seo-wordpress\/ -->\n<title>Neue Arbeitsumgebung: Auch mit dem Kopf umziehen - Organisator<\/title>\n<meta name=\"description\" content=\"Neue Arbeitsumgebung - neues Mindset: Ein Umzug oder eine Neugestaltung des Arbeitsumfelds ist der ideale Aufh\u00e4nger f\u00fcr ein solches Change-Projekt.\" \/>\n<meta name=\"robots\" content=\"index, follow, max-snippet:-1, max-image-preview:large, max-video-preview:-1\" \/>\n<link rel=\"canonical\" href=\"https:\/\/www.organisator.ch\/en\/management\/2020-02-21\/neue-arbeitsumgebung-auch-mit-dem-kopf-umziehen\/\" \/>\n<meta property=\"og:locale\" content=\"en_US\" \/>\n<meta property=\"og:type\" content=\"article\" \/>\n<meta property=\"og:title\" content=\"Neue Arbeitsumgebung: Auch mit dem Kopf umziehen\" \/>\n<meta property=\"og:description\" content=\"Neue Arbeitsumgebung - neues Mindset: Ein Umzug oder eine Neugestaltung des Arbeitsumfelds ist der ideale Aufh\u00e4nger f\u00fcr ein solches Change-Projekt.\" \/>\n<meta property=\"og:url\" content=\"https:\/\/www.organisator.ch\/en\/management\/2020-02-21\/neue-arbeitsumgebung-auch-mit-dem-kopf-umziehen\/\" \/>\n<meta property=\"og:site_name\" content=\"Organisator\" \/>\n<meta property=\"article:publisher\" content=\"https:\/\/www.facebook.com\/OrganisatorFachmagazin\" \/>\n<meta property=\"article:published_time\" content=\"2020-02-21T07:51:19+00:00\" \/>\n<meta property=\"og:image\" content=\"https:\/\/www.organisator.ch\/wp-content\/uploads\/2020\/02\/Neue-Arbeitsumgebung-Auch-mit-dem-Kopf-umziehen_Organisator.jpg\" \/>\n\t<meta property=\"og:image:width\" content=\"680\" \/>\n\t<meta property=\"og:image:height\" content=\"454\" \/>\n\t<meta property=\"og:image:type\" content=\"image\/jpeg\" \/>\n<meta name=\"author\" content=\"thomas.berner\" \/>\n<meta name=\"twitter:card\" content=\"summary_large_image\" \/>\n<meta name=\"twitter:title\" content=\"Neue #Arbeitsumgebung: Auch mit dem Kopf umziehen\" \/>\n<meta name=\"twitter:description\" content=\"Neue #Arbeitsumgebung - neues #Mindset: Ein Umzug oder eine Neugestaltung des Arbeitsumfelds ist der ideale Aufh\u00e4nger f\u00fcr ein solches #Change-Projekt.\" \/>\n<meta name=\"twitter:image\" content=\"https:\/\/www.organisator.ch\/wp-content\/uploads\/2020\/02\/Neue-Arbeitsumgebung-Auch-mit-dem-Kopf-umziehen_Organisator.jpg\" \/>\n<script type=\"application\/ld+json\" class=\"yoast-schema-graph\">{\"@context\":\"https:\\\/\\\/schema.org\",\"@graph\":[{\"@type\":\"Article\",\"@id\":\"https:\\\/\\\/www.organisator.ch\\\/management\\\/2020-02-21\\\/neue-arbeitsumgebung-auch-mit-dem-kopf-umziehen\\\/#article\",\"isPartOf\":{\"@id\":\"https:\\\/\\\/www.organisator.ch\\\/management\\\/2020-02-21\\\/neue-arbeitsumgebung-auch-mit-dem-kopf-umziehen\\\/\"},\"author\":{\"name\":\"thomas.berner\",\"@id\":\"https:\\\/\\\/www.organisator.ch\\\/#\\\/schema\\\/person\\\/6f650f90b2842cd4c0cc334b4e36f67e\"},\"headline\":\"Neue Arbeitsumgebung: Auch mit dem Kopf umziehen\",\"datePublished\":\"2020-02-21T07:51:19+00:00\",\"mainEntityOfPage\":{\"@id\":\"https:\\\/\\\/www.organisator.ch\\\/management\\\/2020-02-21\\\/neue-arbeitsumgebung-auch-mit-dem-kopf-umziehen\\\/\"},\"wordCount\":807,\"publisher\":{\"@id\":\"https:\\\/\\\/www.organisator.ch\\\/#organization\"},\"image\":{\"@id\":\"https:\\\/\\\/www.organisator.ch\\\/management\\\/2020-02-21\\\/neue-arbeitsumgebung-auch-mit-dem-kopf-umziehen\\\/#primaryimage\"},\"thumbnailUrl\":\"https:\\\/\\\/www.organisator.ch\\\/wp-content\\\/uploads\\\/2020\\\/02\\\/Neue-Arbeitsumgebung-Auch-mit-dem-Kopf-umziehen_Organisator.jpg\",\"keywords\":[\"Change Management\",\"Digitalisierung\",\"Management und Unternehmensf\u00fchrung\",\"New Work\"],\"articleSection\":[\"MANAGEMENT\"],\"inLanguage\":\"en-US\"},{\"@type\":\"WebPage\",\"@id\":\"https:\\\/\\\/www.organisator.ch\\\/management\\\/2020-02-21\\\/neue-arbeitsumgebung-auch-mit-dem-kopf-umziehen\\\/\",\"url\":\"https:\\\/\\\/www.organisator.ch\\\/management\\\/2020-02-21\\\/neue-arbeitsumgebung-auch-mit-dem-kopf-umziehen\\\/\",\"name\":\"Neue Arbeitsumgebung: Auch mit dem Kopf umziehen - Organisator\",\"isPartOf\":{\"@id\":\"https:\\\/\\\/www.organisator.ch\\\/#website\"},\"primaryImageOfPage\":{\"@id\":\"https:\\\/\\\/www.organisator.ch\\\/management\\\/2020-02-21\\\/neue-arbeitsumgebung-auch-mit-dem-kopf-umziehen\\\/#primaryimage\"},\"image\":{\"@id\":\"https:\\\/\\\/www.organisator.ch\\\/management\\\/2020-02-21\\\/neue-arbeitsumgebung-auch-mit-dem-kopf-umziehen\\\/#primaryimage\"},\"thumbnailUrl\":\"https:\\\/\\\/www.organisator.ch\\\/wp-content\\\/uploads\\\/2020\\\/02\\\/Neue-Arbeitsumgebung-Auch-mit-dem-Kopf-umziehen_Organisator.jpg\",\"datePublished\":\"2020-02-21T07:51:19+00:00\",\"description\":\"Neue Arbeitsumgebung - neues Mindset: Ein Umzug oder eine Neugestaltung des Arbeitsumfelds ist der ideale Aufh\u00e4nger f\u00fcr ein solches Change-Projekt.\",\"breadcrumb\":{\"@id\":\"https:\\\/\\\/www.organisator.ch\\\/management\\\/2020-02-21\\\/neue-arbeitsumgebung-auch-mit-dem-kopf-umziehen\\\/#breadcrumb\"},\"inLanguage\":\"en-US\",\"potentialAction\":[{\"@type\":\"ReadAction\",\"target\":[\"https:\\\/\\\/www.organisator.ch\\\/management\\\/2020-02-21\\\/neue-arbeitsumgebung-auch-mit-dem-kopf-umziehen\\\/\"]}]},{\"@type\":\"ImageObject\",\"inLanguage\":\"en-US\",\"@id\":\"https:\\\/\\\/www.organisator.ch\\\/management\\\/2020-02-21\\\/neue-arbeitsumgebung-auch-mit-dem-kopf-umziehen\\\/#primaryimage\",\"url\":\"https:\\\/\\\/www.organisator.ch\\\/wp-content\\\/uploads\\\/2020\\\/02\\\/Neue-Arbeitsumgebung-Auch-mit-dem-Kopf-umziehen_Organisator.jpg\",\"contentUrl\":\"https:\\\/\\\/www.organisator.ch\\\/wp-content\\\/uploads\\\/2020\\\/02\\\/Neue-Arbeitsumgebung-Auch-mit-dem-Kopf-umziehen_Organisator.jpg\",\"width\":680,\"height\":454,\"caption\":\"Eine neue Arbeitsumgebung hilft, auch den Mindset der Mitarbeitenden zu ver\u00e4ndern. (Bild: Pixabay.com)\"},{\"@type\":\"BreadcrumbList\",\"@id\":\"https:\\\/\\\/www.organisator.ch\\\/management\\\/2020-02-21\\\/neue-arbeitsumgebung-auch-mit-dem-kopf-umziehen\\\/#breadcrumb\",\"itemListElement\":[{\"@type\":\"ListItem\",\"position\":1,\"name\":\"Home\",\"item\":\"https:\\\/\\\/www.organisator.ch\\\/\"},{\"@type\":\"ListItem\",\"position\":2,\"name\":\"Neue Arbeitsumgebung: Auch mit dem Kopf umziehen\"}]},{\"@type\":\"WebSite\",\"@id\":\"https:\\\/\\\/www.organisator.ch\\\/#website\",\"url\":\"https:\\\/\\\/www.organisator.ch\\\/\",\"name\":\"Organisator\",\"description\":\"Kompetent. Praxisnah. Der ORGANISATOR bereitet in 10 Ausgaben pro Jahr die wesentlichen Themen f\u00fcr F\u00fchrungskr\u00e4fte von KMU auf.\",\"publisher\":{\"@id\":\"https:\\\/\\\/www.organisator.ch\\\/#organization\"},\"potentialAction\":[{\"@type\":\"SearchAction\",\"target\":{\"@type\":\"EntryPoint\",\"urlTemplate\":\"https:\\\/\\\/www.organisator.ch\\\/?s={search_term_string}\"},\"query-input\":{\"@type\":\"PropertyValueSpecification\",\"valueRequired\":true,\"valueName\":\"search_term_string\"}}],\"inLanguage\":\"en-US\"},{\"@type\":\"Organization\",\"@id\":\"https:\\\/\\\/www.organisator.ch\\\/#organization\",\"name\":\"Organisator\",\"url\":\"https:\\\/\\\/www.organisator.ch\\\/\",\"logo\":{\"@type\":\"ImageObject\",\"inLanguage\":\"en-US\",\"@id\":\"https:\\\/\\\/www.organisator.ch\\\/#\\\/schema\\\/logo\\\/image\\\/\",\"url\":\"https:\\\/\\\/www.organisator.ch\\\/wp-content\\\/uploads\\\/2022\\\/01\\\/Logo_Organisator_Website.png\",\"contentUrl\":\"https:\\\/\\\/www.organisator.ch\\\/wp-content\\\/uploads\\\/2022\\\/01\\\/Logo_Organisator_Website.png\",\"width\":800,\"height\":77,\"caption\":\"Organisator\"},\"image\":{\"@id\":\"https:\\\/\\\/www.organisator.ch\\\/#\\\/schema\\\/logo\\\/image\\\/\"},\"sameAs\":[\"https:\\\/\\\/www.facebook.com\\\/OrganisatorFachmagazin\",\"https:\\\/\\\/www.linkedin.com\\\/showcase\\\/organisator-das-magazin-fr-kmu\",\"https:\\\/\\\/www.xing.com\\\/news\\\/pages\\\/organisator-ch-695\",\"https:\\\/\\\/www.youtube.com\\\/channel\\\/UCGP2Sq0iWaZwT3BdIAQFYpw\"]},{\"@type\":\"Person\",\"@id\":\"https:\\\/\\\/www.organisator.ch\\\/#\\\/schema\\\/person\\\/6f650f90b2842cd4c0cc334b4e36f67e\",\"name\":\"thomas.berner\",\"image\":{\"@type\":\"ImageObject\",\"inLanguage\":\"en-US\",\"@id\":\"https:\\\/\\\/secure.gravatar.com\\\/avatar\\\/ac5001d2a36cb6c6cd3e50789007ffca834b477b74a2144564522e944eabff61?s=96&d=mm&r=g\",\"url\":\"https:\\\/\\\/secure.gravatar.com\\\/avatar\\\/ac5001d2a36cb6c6cd3e50789007ffca834b477b74a2144564522e944eabff61?s=96&d=mm&r=g\",\"contentUrl\":\"https:\\\/\\\/secure.gravatar.com\\\/avatar\\\/ac5001d2a36cb6c6cd3e50789007ffca834b477b74a2144564522e944eabff61?s=96&d=mm&r=g\",\"caption\":\"thomas.berner\"},\"url\":\"https:\\\/\\\/www.organisator.ch\\\/en\\\/author\\\/thomas-berner\\\/\"}]}<\/script>\n<!-- \/ Yoast SEO plugin. -->","yoast_head_json":{"title":"New working environment: also move with the head - organizer","description":"New working environment - new mindset: A move or a redesign of the working environment is the ideal hook for such a change project.","robots":{"index":"index","follow":"follow","max-snippet":"max-snippet:-1","max-image-preview":"max-image-preview:large","max-video-preview":"max-video-preview:-1"},"canonical":"https:\/\/www.organisator.ch\/en\/management\/2020-02-21\/neue-arbeitsumgebung-auch-mit-dem-kopf-umziehen\/","og_locale":"en_US","og_type":"article","og_title":"Neue Arbeitsumgebung: Auch mit dem Kopf umziehen","og_description":"Neue Arbeitsumgebung - neues Mindset: Ein Umzug oder eine Neugestaltung des Arbeitsumfelds ist der ideale Aufh\u00e4nger f\u00fcr ein solches Change-Projekt.","og_url":"https:\/\/www.organisator.ch\/en\/management\/2020-02-21\/neue-arbeitsumgebung-auch-mit-dem-kopf-umziehen\/","og_site_name":"Organisator","article_publisher":"https:\/\/www.facebook.com\/OrganisatorFachmagazin","article_published_time":"2020-02-21T07:51:19+00:00","og_image":[{"width":680,"height":454,"url":"https:\/\/www.organisator.ch\/wp-content\/uploads\/2020\/02\/Neue-Arbeitsumgebung-Auch-mit-dem-Kopf-umziehen_Organisator.jpg","type":"image\/jpeg"}],"author":"thomas.berner","twitter_card":"summary_large_image","twitter_title":"Neue #Arbeitsumgebung: Auch mit dem Kopf umziehen","twitter_description":"Neue #Arbeitsumgebung - neues #Mindset: Ein Umzug oder eine Neugestaltung des Arbeitsumfelds ist der ideale Aufh\u00e4nger f\u00fcr ein solches #Change-Projekt.","twitter_image":"https:\/\/www.organisator.ch\/wp-content\/uploads\/2020\/02\/Neue-Arbeitsumgebung-Auch-mit-dem-Kopf-umziehen_Organisator.jpg","schema":{"@context":"https:\/\/schema.org","@graph":[{"@type":"Article","@id":"https:\/\/www.organisator.ch\/management\/2020-02-21\/neue-arbeitsumgebung-auch-mit-dem-kopf-umziehen\/#article","isPartOf":{"@id":"https:\/\/www.organisator.ch\/management\/2020-02-21\/neue-arbeitsumgebung-auch-mit-dem-kopf-umziehen\/"},"author":{"name":"thomas.berner","@id":"https:\/\/www.organisator.ch\/#\/schema\/person\/6f650f90b2842cd4c0cc334b4e36f67e"},"headline":"Neue Arbeitsumgebung: Auch mit dem Kopf umziehen","datePublished":"2020-02-21T07:51:19+00:00","mainEntityOfPage":{"@id":"https:\/\/www.organisator.ch\/management\/2020-02-21\/neue-arbeitsumgebung-auch-mit-dem-kopf-umziehen\/"},"wordCount":807,"publisher":{"@id":"https:\/\/www.organisator.ch\/#organization"},"image":{"@id":"https:\/\/www.organisator.ch\/management\/2020-02-21\/neue-arbeitsumgebung-auch-mit-dem-kopf-umziehen\/#primaryimage"},"thumbnailUrl":"https:\/\/www.organisator.ch\/wp-content\/uploads\/2020\/02\/Neue-Arbeitsumgebung-Auch-mit-dem-Kopf-umziehen_Organisator.jpg","keywords":["Change Management","Digitalisierung","Management und Unternehmensf\u00fchrung","New Work"],"articleSection":["MANAGEMENT"],"inLanguage":"en-US"},{"@type":"WebPage","@id":"https:\/\/www.organisator.ch\/management\/2020-02-21\/neue-arbeitsumgebung-auch-mit-dem-kopf-umziehen\/","url":"https:\/\/www.organisator.ch\/management\/2020-02-21\/neue-arbeitsumgebung-auch-mit-dem-kopf-umziehen\/","name":"New working environment: also move with the head - organizer","isPartOf":{"@id":"https:\/\/www.organisator.ch\/#website"},"primaryImageOfPage":{"@id":"https:\/\/www.organisator.ch\/management\/2020-02-21\/neue-arbeitsumgebung-auch-mit-dem-kopf-umziehen\/#primaryimage"},"image":{"@id":"https:\/\/www.organisator.ch\/management\/2020-02-21\/neue-arbeitsumgebung-auch-mit-dem-kopf-umziehen\/#primaryimage"},"thumbnailUrl":"https:\/\/www.organisator.ch\/wp-content\/uploads\/2020\/02\/Neue-Arbeitsumgebung-Auch-mit-dem-Kopf-umziehen_Organisator.jpg","datePublished":"2020-02-21T07:51:19+00:00","description":"New working environment - new mindset: A move or a redesign of the working environment is the ideal hook for such a change project.","breadcrumb":{"@id":"https:\/\/www.organisator.ch\/management\/2020-02-21\/neue-arbeitsumgebung-auch-mit-dem-kopf-umziehen\/#breadcrumb"},"inLanguage":"en-US","potentialAction":[{"@type":"ReadAction","target":["https:\/\/www.organisator.ch\/management\/2020-02-21\/neue-arbeitsumgebung-auch-mit-dem-kopf-umziehen\/"]}]},{"@type":"ImageObject","inLanguage":"en-US","@id":"https:\/\/www.organisator.ch\/management\/2020-02-21\/neue-arbeitsumgebung-auch-mit-dem-kopf-umziehen\/#primaryimage","url":"https:\/\/www.organisator.ch\/wp-content\/uploads\/2020\/02\/Neue-Arbeitsumgebung-Auch-mit-dem-Kopf-umziehen_Organisator.jpg","contentUrl":"https:\/\/www.organisator.ch\/wp-content\/uploads\/2020\/02\/Neue-Arbeitsumgebung-Auch-mit-dem-Kopf-umziehen_Organisator.jpg","width":680,"height":454,"caption":"Eine neue Arbeitsumgebung hilft, auch den Mindset der Mitarbeitenden zu ver\u00e4ndern. (Bild: Pixabay.com)"},{"@type":"BreadcrumbList","@id":"https:\/\/www.organisator.ch\/management\/2020-02-21\/neue-arbeitsumgebung-auch-mit-dem-kopf-umziehen\/#breadcrumb","itemListElement":[{"@type":"ListItem","position":1,"name":"Home","item":"https:\/\/www.organisator.ch\/"},{"@type":"ListItem","position":2,"name":"Neue Arbeitsumgebung: Auch mit dem Kopf umziehen"}]},{"@type":"WebSite","@id":"https:\/\/www.organisator.ch\/#website","url":"https:\/\/www.organisator.ch\/","name":"Organizer","description":"Competent. Practical. In 10 issues per year, ORGANISATOR presents the essential topics for managers of SMEs.","publisher":{"@id":"https:\/\/www.organisator.ch\/#organization"},"potentialAction":[{"@type":"SearchAction","target":{"@type":"EntryPoint","urlTemplate":"https:\/\/www.organisator.ch\/?s={search_term_string}"},"query-input":{"@type":"PropertyValueSpecification","valueRequired":true,"valueName":"search_term_string"}}],"inLanguage":"en-US"},{"@type":"Organization","@id":"https:\/\/www.organisator.ch\/#organization","name":"Organizer","url":"https:\/\/www.organisator.ch\/","logo":{"@type":"ImageObject","inLanguage":"en-US","@id":"https:\/\/www.organisator.ch\/#\/schema\/logo\/image\/","url":"https:\/\/www.organisator.ch\/wp-content\/uploads\/2022\/01\/Logo_Organisator_Website.png","contentUrl":"https:\/\/www.organisator.ch\/wp-content\/uploads\/2022\/01\/Logo_Organisator_Website.png","width":800,"height":77,"caption":"Organisator"},"image":{"@id":"https:\/\/www.organisator.ch\/#\/schema\/logo\/image\/"},"sameAs":["https:\/\/www.facebook.com\/OrganisatorFachmagazin","https:\/\/www.linkedin.com\/showcase\/organisator-das-magazin-fr-kmu","https:\/\/www.xing.com\/news\/pages\/organisator-ch-695","https:\/\/www.youtube.com\/channel\/UCGP2Sq0iWaZwT3BdIAQFYpw"]},{"@type":"Person","@id":"https:\/\/www.organisator.ch\/#\/schema\/person\/6f650f90b2842cd4c0cc334b4e36f67e","name":"thomas.berner","image":{"@type":"ImageObject","inLanguage":"en-US","@id":"https:\/\/secure.gravatar.com\/avatar\/ac5001d2a36cb6c6cd3e50789007ffca834b477b74a2144564522e944eabff61?s=96&d=mm&r=g","url":"https:\/\/secure.gravatar.com\/avatar\/ac5001d2a36cb6c6cd3e50789007ffca834b477b74a2144564522e944eabff61?s=96&d=mm&r=g","contentUrl":"https:\/\/secure.gravatar.com\/avatar\/ac5001d2a36cb6c6cd3e50789007ffca834b477b74a2144564522e944eabff61?s=96&d=mm&r=g","caption":"thomas.berner"},"url":"https:\/\/www.organisator.ch\/en\/author\/thomas-berner\/"}]}},"_links":{"self":[{"href":"https:\/\/www.organisator.ch\/en\/wp-json\/wp\/v2\/posts\/6371","targetHints":{"allow":["GET"]}}],"collection":[{"href":"https:\/\/www.organisator.ch\/en\/wp-json\/wp\/v2\/posts"}],"about":[{"href":"https:\/\/www.organisator.ch\/en\/wp-json\/wp\/v2\/types\/post"}],"author":[{"embeddable":true,"href":"https:\/\/www.organisator.ch\/en\/wp-json\/wp\/v2\/users\/4"}],"replies":[{"embeddable":true,"href":"https:\/\/www.organisator.ch\/en\/wp-json\/wp\/v2\/comments?post=6371"}],"version-history":[{"count":0,"href":"https:\/\/www.organisator.ch\/en\/wp-json\/wp\/v2\/posts\/6371\/revisions"}],"wp:featuredmedia":[{"embeddable":true,"href":"https:\/\/www.organisator.ch\/en\/wp-json\/wp\/v2\/media\/6372"}],"wp:attachment":[{"href":"https:\/\/www.organisator.ch\/en\/wp-json\/wp\/v2\/media?parent=6371"}],"wp:term":[{"taxonomy":"category","embeddable":true,"href":"https:\/\/www.organisator.ch\/en\/wp-json\/wp\/v2\/categories?post=6371"},{"taxonomy":"post_tag","embeddable":true,"href":"https:\/\/www.organisator.ch\/en\/wp-json\/wp\/v2\/tags?post=6371"}],"curies":[{"name":"wp","href":"https:\/\/api.w.org\/{rel}","templated":true}]}}