{"id":6403,"date":"2020-03-02T08:16:27","date_gmt":"2020-03-02T07:16:27","guid":{"rendered":"https:\/\/www.organisator.ch\/?p=6403"},"modified":"2020-03-02T08:16:27","modified_gmt":"2020-03-02T07:16:27","slug":"gesellschaftliche-verantwortung-ja-aber-nicht-auf-kosten-der-unternehmensgewinne","status":"publish","type":"post","link":"https:\/\/www.organisator.ch\/en\/management\/2020-03-02\/gesellschaftliche-verantwortung-ja-aber-nicht-auf-kosten-der-unternehmensgewinne\/","title":{"rendered":"Social responsibility yes, but not at the expense of corporate profits"},"content":{"rendered":"<figure id=\"attachment_6404\" aria-describedby=\"caption-attachment-6404\" style=\"width: 680px\" class=\"wp-caption alignnone\"><img loading=\"lazy\" decoding=\"async\" class=\"size-medium wp-image-6404\" src=\"https:\/\/www.organisator.ch\/wp-content\/uploads\/2020\/03\/Gesellschaftliche-Verantwortung-ja-aber-nicht-auf-Kosten-der-Unternehmensgewinne-1_Organisator.jpg\" alt=\"\" width=\"680\" height=\"460\" srcset=\"https:\/\/www.organisator.ch\/wp-content\/uploads\/2020\/03\/Gesellschaftliche-Verantwortung-ja-aber-nicht-auf-Kosten-der-Unternehmensgewinne-1_Organisator.jpg 680w, https:\/\/www.organisator.ch\/wp-content\/uploads\/2020\/03\/Gesellschaftliche-Verantwortung-ja-aber-nicht-auf-Kosten-der-Unternehmensgewinne-1_Organisator-16x12.jpg 16w, https:\/\/www.organisator.ch\/wp-content\/uploads\/2020\/03\/Gesellschaftliche-Verantwortung-ja-aber-nicht-auf-Kosten-der-Unternehmensgewinne-1_Organisator-259x175.jpg 259w, https:\/\/www.organisator.ch\/wp-content\/uploads\/2020\/03\/Gesellschaftliche-Verantwortung-ja-aber-nicht-auf-Kosten-der-Unternehmensgewinne-1_Organisator-517x350.jpg 517w, https:\/\/www.organisator.ch\/wp-content\/uploads\/2020\/03\/Gesellschaftliche-Verantwortung-ja-aber-nicht-auf-Kosten-der-Unternehmensgewinne-1_Organisator-300x203.jpg 300w\" sizes=\"auto, (max-width: 680px) 100vw, 680px\" \/><figcaption id=\"caption-attachment-6404\" class=\"wp-caption-text\">Social responsibility is perceived differently among board members: Employees come before nature and the environment. (Image: Pixabay.com)<\/figcaption><\/figure>\n<p>Corporate social responsibility (CSR) is on everyone's lips: countless initiatives have been launched, a number of declarations of intent have been signed, and a multitude of reports have been published. At the World Economic Forum in Davos, corporate responsibility and climate change were the all-dominant topics. According to the swissVR Monitor published by the swissVR association together with the consulting firm Deloitte and the Lucerne University of Applied Sciences and Arts, this public debate on the topic is also reflected in the boards of directors of Swiss companies: 36 percent have fully integrated corporate social responsibility into their corporate strategy, 45 percent at least partially.<\/p>\n<h2><strong>Clear goals for social responsibility are often lacking<\/strong><\/h2>\n<p>However, there is still room for improvement in implementation: Only three-fifths (61%) of respondents believe their board of directors has sufficient resources and expertise to implement the topic successfully. It fits in with this picture that for just under half (46%) of the respondents, the topics of social commitment that are important for the company are rather not defined (36%) or not defined at all (10%). And for only one-tenth (9%) has the board of directors set clear and timed objectives for corporate citizenship, with another 27 percent still somewhat agreeing with this statement. And only just over half (54%) of respondents believe they take enough time on the board to address the issue of social responsibility.<\/p>\n<p>\"More and more Swiss companies are realizing that people expect more from them than making profits and creating jobs. At the same time, public distrust of business is on the rise - which is currently reflected very concretely in the broad sympathy for the corporate responsibility initiative. It seems that stronger regulation can hardly be prevented any longer,\" explains Reto Savoia, CEO of Deloitte Switzerland.<\/p>\n<p>However, Savoia also sees great entrepreneurial opportunities: \"Companies must convincingly strategically anchor their specific responsibility for the environment and society and systematically identify the material issues that are essential to them. But that alone is not enough to gain a real competitive advantage. Clear goals, impact measurement and transparent communication are needed. Ultimately, it's about a culture change and embedding an integrated mindset across the company.\"<\/p>\n<h2><strong>Employees more important than the environment<\/strong><\/h2>\n<p>For board members, employees are at the top of the list as a target group when it comes to corporate social responsibility: For 89 percent, fair wages and working conditions or health protection are important. Almost as high a priority is given to ethical business practices in general - this involves correct compliance with laws, fair competition and ethically acceptable business practices. Almost two-thirds of respondents (64%) also consider customers to be important, with transparent information on production, the supply chain and consumer protection in mind. Just under half (47%) of the executives surveyed still consider nature and the environment to be an important aspect of corporate social responsibility. Of similar importance to environmental compatibility, climate protection, energy efficiency or resource conservation for Swiss companies is responsibility for the impact of digitization: A good half (51%) of respondents describe data protection, information security or the social impact of digital technologies as an important aspect of their corporate social responsibility.<\/p>\n<figure id=\"attachment_6405\" aria-describedby=\"caption-attachment-6405\" style=\"width: 680px\" class=\"wp-caption alignnone\"><img loading=\"lazy\" decoding=\"async\" class=\"size-medium wp-image-6405\" src=\"https:\/\/www.organisator.ch\/wp-content\/uploads\/2020\/03\/Gesellschaftliche-Verantwortung-ja-aber-nicht-auf-Kosten-der-Unternehmensgewinne-2_Organisator.jpg\" alt=\"\" width=\"680\" height=\"422\" srcset=\"https:\/\/www.organisator.ch\/wp-content\/uploads\/2020\/03\/Gesellschaftliche-Verantwortung-ja-aber-nicht-auf-Kosten-der-Unternehmensgewinne-2_Organisator.jpg 680w, https:\/\/www.organisator.ch\/wp-content\/uploads\/2020\/03\/Gesellschaftliche-Verantwortung-ja-aber-nicht-auf-Kosten-der-Unternehmensgewinne-2_Organisator-16x10.jpg 16w, https:\/\/www.organisator.ch\/wp-content\/uploads\/2020\/03\/Gesellschaftliche-Verantwortung-ja-aber-nicht-auf-Kosten-der-Unternehmensgewinne-2_Organisator-282x175.jpg 282w, https:\/\/www.organisator.ch\/wp-content\/uploads\/2020\/03\/Gesellschaftliche-Verantwortung-ja-aber-nicht-auf-Kosten-der-Unternehmensgewinne-2_Organisator-564x350.jpg 564w, https:\/\/www.organisator.ch\/wp-content\/uploads\/2020\/03\/Gesellschaftliche-Verantwortung-ja-aber-nicht-auf-Kosten-der-Unternehmensgewinne-2_Organisator-300x186.jpg 300w\" sizes=\"auto, (max-width: 680px) 100vw, 680px\" \/><figcaption id=\"caption-attachment-6405\" class=\"wp-caption-text\">Which aspects of social responsibility are important to you? (Graphic: Deloitte)<\/figcaption><\/figure>\n<p>\"The central importance of employees is justified; they are a company's most important asset and have a significant influence on its success. More and more companies are taking responsibility for the development of their employees into their own hands and preparing them for new challenges such as digital transformation. Swiss companies are doing well to embed a culture of lifelong learning in their organizations. However, many still need to pay more attention to what skills their employees need to successfully lead their company into the future. Furthermore, it is a good sign that companies not only see digital technologies as profit drivers and want to use them to increase efficiency, but are also becoming aware of their responsibility for possible negative effects,\" says Cornelia Ritz Bossicard, President swissVR.<\/p>\n<h2><strong>Many SMEs still skeptical<\/strong><\/h2>\n<p>The vast majority of respondents find that the perception of corporate social responsibility promotes employee loyalty, increases attractiveness as an employer, facilitates customer acquisition, and strengthens competitiveness and reputation. However, there are also skeptical voices: For a good third (36%) of respondents, the priority is for companies to focus on their economic tasks. Corporate responsibility causes costs, reduces profits and makes products more expensive, according to 32% of respondents. A quarter (25%) of the board members surveyed support the statement that making profits and increasing corporate value are their only real responsibilities. Another two-fifths (40%) believe that their company already assumes enough social responsibility by creating jobs and paying taxes.<\/p>\n<p>The survey thus also reveals a conflict of objectives between the costs and benefits of measures for the perception of corporate social responsibility. This is more pronounced among SMEs than among large companies: 40 percent of respondents from small and 30 percent from medium-sized companies believe that social commitment primarily generates costs. Only 26 percent of large companies are of this opinion.<\/p>\n<p>Prof. Dr. Christoph Lengwiler, lecturer at the Institute of Financial Services Zug IFZ of the Lucerne University of Applied Sciences and Arts and Vice President of swissVR explains: \"There is apparently still a certain skepticism among the boards of directors of SMEs about the effective benefits of targeted social commitment. In addition to the scarcity of resources, this may also be due to the fact that many owner-managed companies and family businesses in particular already have a long tradition of corporate responsibility. They are anchored in their social environment and assume corresponding responsibility without anchoring this in written goals and CSR programs. Here, it may well be worthwhile to communicate more actively to stakeholders the social commitment that is taken for granted.\"<\/p>\n<p><em>Source: <a href=\"http:\/\/www.swissvr.ch\">Swiss BoD<\/a> \/ <a href=\"http:\/\/www.deloitte.com\/ch\/de\/about\">Deloitte<\/a><\/em><\/p>","protected":false},"excerpt":{"rendered":"<p>Gesellschaftliche Verantwortung von Unternehmen oder Corporate Social Responsibility (CSR) ist in aller Munde: unz\u00e4hlige Initiativen wurden lanciert, reihenweise Absichtserkl\u00e4rungen unterzeichnet und eine Vielzahl Berichte ver\u00f6ffentlicht. Am Weltwirtschaftsforum in Davos waren Unternehmensverantwortung und Klimawandel die alles dominierenden Themen. Gem\u00e4ss dem von der Vereinigung swissVR zusammen mit dem Beratungsunternehmen Deloitte und der Hochschule Luzern herausgegebenen swissVR Monitor [&hellip;]<\/p>\n","protected":false},"author":4,"featured_media":6404,"comment_status":"closed","ping_status":"closed","sticky":false,"template":"","format":"standard","meta":{"_acf_changed":false,"_yoast_wpseo_focuskw":"Gesellschaftliche Verantwortung","_yoast_wpseo_metadesc":"Gesellschaftliche Verantwortung: Mitarbeitende stehen diesbez\u00fcglich klar im Fokus, gefolgt von den Kunden und mit einigem Abstand von Natur und Umwelt.","articlekey":"","footnotes":""},"categories":[28],"tags":[133,335,358,459],"class_list":["post-6403","post","type-post","status-publish","format-standard","has-post-thumbnail","hentry","category-management","tag-corporate-social-responsibility","tag-management-und-unternehmensfuehrung","tag-nachhaltige-wirtschaft","tag-studie"],"acf":[],"yoast_head":"<!-- This site is optimized with the Yoast SEO plugin v27.5 - https:\/\/yoast.com\/product\/yoast-seo-wordpress\/ -->\n<title>Gesellschaftliche Verantwortung ja, aber nicht auf Kosten der Unternehmensgewinne - Organisator<\/title>\n<meta name=\"description\" content=\"Gesellschaftliche Verantwortung: Mitarbeitende stehen diesbez\u00fcglich klar im Fokus, gefolgt von den Kunden und mit einigem Abstand von Natur und Umwelt.\" \/>\n<meta name=\"robots\" content=\"index, follow, max-snippet:-1, max-image-preview:large, max-video-preview:-1\" \/>\n<link rel=\"canonical\" href=\"https:\/\/www.organisator.ch\/en\/management\/2020-03-02\/gesellschaftliche-verantwortung-ja-aber-nicht-auf-kosten-der-unternehmensgewinne\/\" \/>\n<meta property=\"og:locale\" content=\"en_US\" \/>\n<meta property=\"og:type\" content=\"article\" \/>\n<meta property=\"og:title\" content=\"Gesellschaftliche Verantwortung ja, aber nicht auf Kosten der Unternehmensgewinne\" \/>\n<meta property=\"og:description\" content=\"Gesellschaftliche Verantwortung: Mitarbeitende stehen diesbez\u00fcglich klar im Fokus, gefolgt von den Kunden und mit einigem Abstand von Natur und Umwelt.\" \/>\n<meta property=\"og:url\" content=\"https:\/\/www.organisator.ch\/en\/management\/2020-03-02\/gesellschaftliche-verantwortung-ja-aber-nicht-auf-kosten-der-unternehmensgewinne\/\" \/>\n<meta property=\"og:site_name\" content=\"Organisator\" \/>\n<meta property=\"article:publisher\" content=\"https:\/\/www.facebook.com\/OrganisatorFachmagazin\" \/>\n<meta property=\"article:published_time\" content=\"2020-03-02T07:16:27+00:00\" \/>\n<meta property=\"og:image\" content=\"https:\/\/www.organisator.ch\/wp-content\/uploads\/2020\/03\/Gesellschaftliche-Verantwortung-ja-aber-nicht-auf-Kosten-der-Unternehmensgewinne-1_Organisator.jpg\" \/>\n\t<meta property=\"og:image:width\" content=\"680\" \/>\n\t<meta property=\"og:image:height\" content=\"460\" \/>\n\t<meta property=\"og:image:type\" content=\"image\/jpeg\" \/>\n<meta name=\"author\" content=\"thomas.berner\" \/>\n<meta name=\"twitter:card\" content=\"summary_large_image\" \/>\n<meta name=\"twitter:title\" content=\"Gesellschaftliche #Verantwortung ja, aber nicht auf Kosten der #Unternehmensgewinne\" \/>\n<meta name=\"twitter:description\" content=\"Gesellschaftliche #Verantwortung: Mitarbeitende stehen diesbez\u00fcglich klar im Fokus, gefolgt von den #Kunden und mit einigem Abstand von #Natur und #Umwelt.\" \/>\n<meta name=\"twitter:image\" content=\"https:\/\/www.organisator.ch\/wp-content\/uploads\/2020\/03\/Gesellschaftliche-Verantwortung-ja-aber-nicht-auf-Kosten-der-Unternehmensgewinne-1_Organisator.jpg\" \/>\n<script type=\"application\/ld+json\" class=\"yoast-schema-graph\">{\"@context\":\"https:\\\/\\\/schema.org\",\"@graph\":[{\"@type\":\"Article\",\"@id\":\"https:\\\/\\\/www.organisator.ch\\\/management\\\/2020-03-02\\\/gesellschaftliche-verantwortung-ja-aber-nicht-auf-kosten-der-unternehmensgewinne\\\/#article\",\"isPartOf\":{\"@id\":\"https:\\\/\\\/www.organisator.ch\\\/management\\\/2020-03-02\\\/gesellschaftliche-verantwortung-ja-aber-nicht-auf-kosten-der-unternehmensgewinne\\\/\"},\"author\":{\"name\":\"thomas.berner\",\"@id\":\"https:\\\/\\\/www.organisator.ch\\\/#\\\/schema\\\/person\\\/6f650f90b2842cd4c0cc334b4e36f67e\"},\"headline\":\"Gesellschaftliche Verantwortung ja, aber nicht auf Kosten der Unternehmensgewinne\",\"datePublished\":\"2020-03-02T07:16:27+00:00\",\"mainEntityOfPage\":{\"@id\":\"https:\\\/\\\/www.organisator.ch\\\/management\\\/2020-03-02\\\/gesellschaftliche-verantwortung-ja-aber-nicht-auf-kosten-der-unternehmensgewinne\\\/\"},\"wordCount\":963,\"publisher\":{\"@id\":\"https:\\\/\\\/www.organisator.ch\\\/#organization\"},\"image\":{\"@id\":\"https:\\\/\\\/www.organisator.ch\\\/management\\\/2020-03-02\\\/gesellschaftliche-verantwortung-ja-aber-nicht-auf-kosten-der-unternehmensgewinne\\\/#primaryimage\"},\"thumbnailUrl\":\"https:\\\/\\\/www.organisator.ch\\\/wp-content\\\/uploads\\\/2020\\\/03\\\/Gesellschaftliche-Verantwortung-ja-aber-nicht-auf-Kosten-der-Unternehmensgewinne-1_Organisator.jpg\",\"keywords\":[\"Corporate Social Responsibility\",\"Management und Unternehmensf\u00fchrung\",\"Nachhaltige Wirtschaft\",\"Studie\"],\"articleSection\":[\"MANAGEMENT\"],\"inLanguage\":\"en-US\"},{\"@type\":\"WebPage\",\"@id\":\"https:\\\/\\\/www.organisator.ch\\\/management\\\/2020-03-02\\\/gesellschaftliche-verantwortung-ja-aber-nicht-auf-kosten-der-unternehmensgewinne\\\/\",\"url\":\"https:\\\/\\\/www.organisator.ch\\\/management\\\/2020-03-02\\\/gesellschaftliche-verantwortung-ja-aber-nicht-auf-kosten-der-unternehmensgewinne\\\/\",\"name\":\"Gesellschaftliche Verantwortung ja, aber nicht auf Kosten der Unternehmensgewinne - Organisator\",\"isPartOf\":{\"@id\":\"https:\\\/\\\/www.organisator.ch\\\/#website\"},\"primaryImageOfPage\":{\"@id\":\"https:\\\/\\\/www.organisator.ch\\\/management\\\/2020-03-02\\\/gesellschaftliche-verantwortung-ja-aber-nicht-auf-kosten-der-unternehmensgewinne\\\/#primaryimage\"},\"image\":{\"@id\":\"https:\\\/\\\/www.organisator.ch\\\/management\\\/2020-03-02\\\/gesellschaftliche-verantwortung-ja-aber-nicht-auf-kosten-der-unternehmensgewinne\\\/#primaryimage\"},\"thumbnailUrl\":\"https:\\\/\\\/www.organisator.ch\\\/wp-content\\\/uploads\\\/2020\\\/03\\\/Gesellschaftliche-Verantwortung-ja-aber-nicht-auf-Kosten-der-Unternehmensgewinne-1_Organisator.jpg\",\"datePublished\":\"2020-03-02T07:16:27+00:00\",\"description\":\"Gesellschaftliche Verantwortung: Mitarbeitende stehen diesbez\u00fcglich klar im Fokus, gefolgt von den Kunden und mit einigem Abstand von Natur und Umwelt.\",\"breadcrumb\":{\"@id\":\"https:\\\/\\\/www.organisator.ch\\\/management\\\/2020-03-02\\\/gesellschaftliche-verantwortung-ja-aber-nicht-auf-kosten-der-unternehmensgewinne\\\/#breadcrumb\"},\"inLanguage\":\"en-US\",\"potentialAction\":[{\"@type\":\"ReadAction\",\"target\":[\"https:\\\/\\\/www.organisator.ch\\\/management\\\/2020-03-02\\\/gesellschaftliche-verantwortung-ja-aber-nicht-auf-kosten-der-unternehmensgewinne\\\/\"]}]},{\"@type\":\"ImageObject\",\"inLanguage\":\"en-US\",\"@id\":\"https:\\\/\\\/www.organisator.ch\\\/management\\\/2020-03-02\\\/gesellschaftliche-verantwortung-ja-aber-nicht-auf-kosten-der-unternehmensgewinne\\\/#primaryimage\",\"url\":\"https:\\\/\\\/www.organisator.ch\\\/wp-content\\\/uploads\\\/2020\\\/03\\\/Gesellschaftliche-Verantwortung-ja-aber-nicht-auf-Kosten-der-Unternehmensgewinne-1_Organisator.jpg\",\"contentUrl\":\"https:\\\/\\\/www.organisator.ch\\\/wp-content\\\/uploads\\\/2020\\\/03\\\/Gesellschaftliche-Verantwortung-ja-aber-nicht-auf-Kosten-der-Unternehmensgewinne-1_Organisator.jpg\",\"width\":680,\"height\":460,\"caption\":\"Gesellschaftliche Verantwortung wird bei Verwaltungsr\u00e4ten unterschiedlich wahrgenommen: Mitarbeitende kommen vor Natur und Umwelt. (Bild: Pixabay.com)\"},{\"@type\":\"BreadcrumbList\",\"@id\":\"https:\\\/\\\/www.organisator.ch\\\/management\\\/2020-03-02\\\/gesellschaftliche-verantwortung-ja-aber-nicht-auf-kosten-der-unternehmensgewinne\\\/#breadcrumb\",\"itemListElement\":[{\"@type\":\"ListItem\",\"position\":1,\"name\":\"Home\",\"item\":\"https:\\\/\\\/www.organisator.ch\\\/\"},{\"@type\":\"ListItem\",\"position\":2,\"name\":\"Gesellschaftliche Verantwortung ja, aber nicht auf Kosten der Unternehmensgewinne\"}]},{\"@type\":\"WebSite\",\"@id\":\"https:\\\/\\\/www.organisator.ch\\\/#website\",\"url\":\"https:\\\/\\\/www.organisator.ch\\\/\",\"name\":\"Organisator\",\"description\":\"Kompetent. Praxisnah. Der ORGANISATOR bereitet in 10 Ausgaben pro Jahr die wesentlichen Themen f\u00fcr F\u00fchrungskr\u00e4fte von KMU auf.\",\"publisher\":{\"@id\":\"https:\\\/\\\/www.organisator.ch\\\/#organization\"},\"potentialAction\":[{\"@type\":\"SearchAction\",\"target\":{\"@type\":\"EntryPoint\",\"urlTemplate\":\"https:\\\/\\\/www.organisator.ch\\\/?s={search_term_string}\"},\"query-input\":{\"@type\":\"PropertyValueSpecification\",\"valueRequired\":true,\"valueName\":\"search_term_string\"}}],\"inLanguage\":\"en-US\"},{\"@type\":\"Organization\",\"@id\":\"https:\\\/\\\/www.organisator.ch\\\/#organization\",\"name\":\"Organisator\",\"url\":\"https:\\\/\\\/www.organisator.ch\\\/\",\"logo\":{\"@type\":\"ImageObject\",\"inLanguage\":\"en-US\",\"@id\":\"https:\\\/\\\/www.organisator.ch\\\/#\\\/schema\\\/logo\\\/image\\\/\",\"url\":\"https:\\\/\\\/www.organisator.ch\\\/wp-content\\\/uploads\\\/2022\\\/01\\\/Logo_Organisator_Website.png\",\"contentUrl\":\"https:\\\/\\\/www.organisator.ch\\\/wp-content\\\/uploads\\\/2022\\\/01\\\/Logo_Organisator_Website.png\",\"width\":800,\"height\":77,\"caption\":\"Organisator\"},\"image\":{\"@id\":\"https:\\\/\\\/www.organisator.ch\\\/#\\\/schema\\\/logo\\\/image\\\/\"},\"sameAs\":[\"https:\\\/\\\/www.facebook.com\\\/OrganisatorFachmagazin\",\"https:\\\/\\\/www.linkedin.com\\\/showcase\\\/organisator-das-magazin-fr-kmu\",\"https:\\\/\\\/www.xing.com\\\/news\\\/pages\\\/organisator-ch-695\",\"https:\\\/\\\/www.youtube.com\\\/channel\\\/UCGP2Sq0iWaZwT3BdIAQFYpw\"]},{\"@type\":\"Person\",\"@id\":\"https:\\\/\\\/www.organisator.ch\\\/#\\\/schema\\\/person\\\/6f650f90b2842cd4c0cc334b4e36f67e\",\"name\":\"thomas.berner\",\"image\":{\"@type\":\"ImageObject\",\"inLanguage\":\"en-US\",\"@id\":\"https:\\\/\\\/secure.gravatar.com\\\/avatar\\\/ac5001d2a36cb6c6cd3e50789007ffca834b477b74a2144564522e944eabff61?s=96&d=mm&r=g\",\"url\":\"https:\\\/\\\/secure.gravatar.com\\\/avatar\\\/ac5001d2a36cb6c6cd3e50789007ffca834b477b74a2144564522e944eabff61?s=96&d=mm&r=g\",\"contentUrl\":\"https:\\\/\\\/secure.gravatar.com\\\/avatar\\\/ac5001d2a36cb6c6cd3e50789007ffca834b477b74a2144564522e944eabff61?s=96&d=mm&r=g\",\"caption\":\"thomas.berner\"},\"url\":\"https:\\\/\\\/www.organisator.ch\\\/en\\\/author\\\/thomas-berner\\\/\"}]}<\/script>\n<!-- \/ Yoast SEO plugin. -->","yoast_head_json":{"title":"Social responsibility yes, but not at the expense of corporate profits - Organizer","description":"Social responsibility: Employees are clearly in focus in this respect, followed by customers and, at some distance, nature and the environment.","robots":{"index":"index","follow":"follow","max-snippet":"max-snippet:-1","max-image-preview":"max-image-preview:large","max-video-preview":"max-video-preview:-1"},"canonical":"https:\/\/www.organisator.ch\/en\/management\/2020-03-02\/gesellschaftliche-verantwortung-ja-aber-nicht-auf-kosten-der-unternehmensgewinne\/","og_locale":"en_US","og_type":"article","og_title":"Gesellschaftliche Verantwortung ja, aber nicht auf Kosten der Unternehmensgewinne","og_description":"Gesellschaftliche Verantwortung: Mitarbeitende stehen diesbez\u00fcglich klar im Fokus, gefolgt von den Kunden und mit einigem Abstand von Natur und Umwelt.","og_url":"https:\/\/www.organisator.ch\/en\/management\/2020-03-02\/gesellschaftliche-verantwortung-ja-aber-nicht-auf-kosten-der-unternehmensgewinne\/","og_site_name":"Organisator","article_publisher":"https:\/\/www.facebook.com\/OrganisatorFachmagazin","article_published_time":"2020-03-02T07:16:27+00:00","og_image":[{"width":680,"height":460,"url":"https:\/\/www.organisator.ch\/wp-content\/uploads\/2020\/03\/Gesellschaftliche-Verantwortung-ja-aber-nicht-auf-Kosten-der-Unternehmensgewinne-1_Organisator.jpg","type":"image\/jpeg"}],"author":"thomas.berner","twitter_card":"summary_large_image","twitter_title":"Gesellschaftliche #Verantwortung ja, aber nicht auf Kosten der #Unternehmensgewinne","twitter_description":"Gesellschaftliche #Verantwortung: Mitarbeitende stehen diesbez\u00fcglich klar im Fokus, gefolgt von den #Kunden und mit einigem Abstand von #Natur und #Umwelt.","twitter_image":"https:\/\/www.organisator.ch\/wp-content\/uploads\/2020\/03\/Gesellschaftliche-Verantwortung-ja-aber-nicht-auf-Kosten-der-Unternehmensgewinne-1_Organisator.jpg","schema":{"@context":"https:\/\/schema.org","@graph":[{"@type":"Article","@id":"https:\/\/www.organisator.ch\/management\/2020-03-02\/gesellschaftliche-verantwortung-ja-aber-nicht-auf-kosten-der-unternehmensgewinne\/#article","isPartOf":{"@id":"https:\/\/www.organisator.ch\/management\/2020-03-02\/gesellschaftliche-verantwortung-ja-aber-nicht-auf-kosten-der-unternehmensgewinne\/"},"author":{"name":"thomas.berner","@id":"https:\/\/www.organisator.ch\/#\/schema\/person\/6f650f90b2842cd4c0cc334b4e36f67e"},"headline":"Gesellschaftliche Verantwortung ja, aber nicht auf Kosten der Unternehmensgewinne","datePublished":"2020-03-02T07:16:27+00:00","mainEntityOfPage":{"@id":"https:\/\/www.organisator.ch\/management\/2020-03-02\/gesellschaftliche-verantwortung-ja-aber-nicht-auf-kosten-der-unternehmensgewinne\/"},"wordCount":963,"publisher":{"@id":"https:\/\/www.organisator.ch\/#organization"},"image":{"@id":"https:\/\/www.organisator.ch\/management\/2020-03-02\/gesellschaftliche-verantwortung-ja-aber-nicht-auf-kosten-der-unternehmensgewinne\/#primaryimage"},"thumbnailUrl":"https:\/\/www.organisator.ch\/wp-content\/uploads\/2020\/03\/Gesellschaftliche-Verantwortung-ja-aber-nicht-auf-Kosten-der-Unternehmensgewinne-1_Organisator.jpg","keywords":["Corporate Social Responsibility","Management und Unternehmensf\u00fchrung","Nachhaltige Wirtschaft","Studie"],"articleSection":["MANAGEMENT"],"inLanguage":"en-US"},{"@type":"WebPage","@id":"https:\/\/www.organisator.ch\/management\/2020-03-02\/gesellschaftliche-verantwortung-ja-aber-nicht-auf-kosten-der-unternehmensgewinne\/","url":"https:\/\/www.organisator.ch\/management\/2020-03-02\/gesellschaftliche-verantwortung-ja-aber-nicht-auf-kosten-der-unternehmensgewinne\/","name":"Social responsibility yes, but not at the expense of corporate profits - Organizer","isPartOf":{"@id":"https:\/\/www.organisator.ch\/#website"},"primaryImageOfPage":{"@id":"https:\/\/www.organisator.ch\/management\/2020-03-02\/gesellschaftliche-verantwortung-ja-aber-nicht-auf-kosten-der-unternehmensgewinne\/#primaryimage"},"image":{"@id":"https:\/\/www.organisator.ch\/management\/2020-03-02\/gesellschaftliche-verantwortung-ja-aber-nicht-auf-kosten-der-unternehmensgewinne\/#primaryimage"},"thumbnailUrl":"https:\/\/www.organisator.ch\/wp-content\/uploads\/2020\/03\/Gesellschaftliche-Verantwortung-ja-aber-nicht-auf-Kosten-der-Unternehmensgewinne-1_Organisator.jpg","datePublished":"2020-03-02T07:16:27+00:00","description":"Social responsibility: Employees are clearly in focus in this respect, followed by customers and, at some distance, nature and the environment.","breadcrumb":{"@id":"https:\/\/www.organisator.ch\/management\/2020-03-02\/gesellschaftliche-verantwortung-ja-aber-nicht-auf-kosten-der-unternehmensgewinne\/#breadcrumb"},"inLanguage":"en-US","potentialAction":[{"@type":"ReadAction","target":["https:\/\/www.organisator.ch\/management\/2020-03-02\/gesellschaftliche-verantwortung-ja-aber-nicht-auf-kosten-der-unternehmensgewinne\/"]}]},{"@type":"ImageObject","inLanguage":"en-US","@id":"https:\/\/www.organisator.ch\/management\/2020-03-02\/gesellschaftliche-verantwortung-ja-aber-nicht-auf-kosten-der-unternehmensgewinne\/#primaryimage","url":"https:\/\/www.organisator.ch\/wp-content\/uploads\/2020\/03\/Gesellschaftliche-Verantwortung-ja-aber-nicht-auf-Kosten-der-Unternehmensgewinne-1_Organisator.jpg","contentUrl":"https:\/\/www.organisator.ch\/wp-content\/uploads\/2020\/03\/Gesellschaftliche-Verantwortung-ja-aber-nicht-auf-Kosten-der-Unternehmensgewinne-1_Organisator.jpg","width":680,"height":460,"caption":"Gesellschaftliche Verantwortung wird bei Verwaltungsr\u00e4ten unterschiedlich wahrgenommen: Mitarbeitende kommen vor Natur und Umwelt. (Bild: Pixabay.com)"},{"@type":"BreadcrumbList","@id":"https:\/\/www.organisator.ch\/management\/2020-03-02\/gesellschaftliche-verantwortung-ja-aber-nicht-auf-kosten-der-unternehmensgewinne\/#breadcrumb","itemListElement":[{"@type":"ListItem","position":1,"name":"Home","item":"https:\/\/www.organisator.ch\/"},{"@type":"ListItem","position":2,"name":"Gesellschaftliche Verantwortung ja, aber nicht auf Kosten der Unternehmensgewinne"}]},{"@type":"WebSite","@id":"https:\/\/www.organisator.ch\/#website","url":"https:\/\/www.organisator.ch\/","name":"Organizer","description":"Competent. Practical. In 10 issues per year, ORGANISATOR presents the essential topics for managers of SMEs.","publisher":{"@id":"https:\/\/www.organisator.ch\/#organization"},"potentialAction":[{"@type":"SearchAction","target":{"@type":"EntryPoint","urlTemplate":"https:\/\/www.organisator.ch\/?s={search_term_string}"},"query-input":{"@type":"PropertyValueSpecification","valueRequired":true,"valueName":"search_term_string"}}],"inLanguage":"en-US"},{"@type":"Organization","@id":"https:\/\/www.organisator.ch\/#organization","name":"Organizer","url":"https:\/\/www.organisator.ch\/","logo":{"@type":"ImageObject","inLanguage":"en-US","@id":"https:\/\/www.organisator.ch\/#\/schema\/logo\/image\/","url":"https:\/\/www.organisator.ch\/wp-content\/uploads\/2022\/01\/Logo_Organisator_Website.png","contentUrl":"https:\/\/www.organisator.ch\/wp-content\/uploads\/2022\/01\/Logo_Organisator_Website.png","width":800,"height":77,"caption":"Organisator"},"image":{"@id":"https:\/\/www.organisator.ch\/#\/schema\/logo\/image\/"},"sameAs":["https:\/\/www.facebook.com\/OrganisatorFachmagazin","https:\/\/www.linkedin.com\/showcase\/organisator-das-magazin-fr-kmu","https:\/\/www.xing.com\/news\/pages\/organisator-ch-695","https:\/\/www.youtube.com\/channel\/UCGP2Sq0iWaZwT3BdIAQFYpw"]},{"@type":"Person","@id":"https:\/\/www.organisator.ch\/#\/schema\/person\/6f650f90b2842cd4c0cc334b4e36f67e","name":"thomas.berner","image":{"@type":"ImageObject","inLanguage":"en-US","@id":"https:\/\/secure.gravatar.com\/avatar\/ac5001d2a36cb6c6cd3e50789007ffca834b477b74a2144564522e944eabff61?s=96&d=mm&r=g","url":"https:\/\/secure.gravatar.com\/avatar\/ac5001d2a36cb6c6cd3e50789007ffca834b477b74a2144564522e944eabff61?s=96&d=mm&r=g","contentUrl":"https:\/\/secure.gravatar.com\/avatar\/ac5001d2a36cb6c6cd3e50789007ffca834b477b74a2144564522e944eabff61?s=96&d=mm&r=g","caption":"thomas.berner"},"url":"https:\/\/www.organisator.ch\/en\/author\/thomas-berner\/"}]}},"_links":{"self":[{"href":"https:\/\/www.organisator.ch\/en\/wp-json\/wp\/v2\/posts\/6403","targetHints":{"allow":["GET"]}}],"collection":[{"href":"https:\/\/www.organisator.ch\/en\/wp-json\/wp\/v2\/posts"}],"about":[{"href":"https:\/\/www.organisator.ch\/en\/wp-json\/wp\/v2\/types\/post"}],"author":[{"embeddable":true,"href":"https:\/\/www.organisator.ch\/en\/wp-json\/wp\/v2\/users\/4"}],"replies":[{"embeddable":true,"href":"https:\/\/www.organisator.ch\/en\/wp-json\/wp\/v2\/comments?post=6403"}],"version-history":[{"count":0,"href":"https:\/\/www.organisator.ch\/en\/wp-json\/wp\/v2\/posts\/6403\/revisions"}],"wp:featuredmedia":[{"embeddable":true,"href":"https:\/\/www.organisator.ch\/en\/wp-json\/wp\/v2\/media\/6404"}],"wp:attachment":[{"href":"https:\/\/www.organisator.ch\/en\/wp-json\/wp\/v2\/media?parent=6403"}],"wp:term":[{"taxonomy":"category","embeddable":true,"href":"https:\/\/www.organisator.ch\/en\/wp-json\/wp\/v2\/categories?post=6403"},{"taxonomy":"post_tag","embeddable":true,"href":"https:\/\/www.organisator.ch\/en\/wp-json\/wp\/v2\/tags?post=6403"}],"curies":[{"name":"wp","href":"https:\/\/api.w.org\/{rel}","templated":true}]}}