{"id":6411,"date":"2020-03-13T13:40:32","date_gmt":"2020-03-13T12:40:32","guid":{"rendered":"https:\/\/www.organisator.ch\/?p=6411"},"modified":"2020-03-13T13:40:32","modified_gmt":"2020-03-13T12:40:32","slug":"corona-virus-diverse-wirtschaftsanlaesse-sind-abgesagt","status":"publish","type":"post","link":"https:\/\/www.organisator.ch\/en\/allgemein\/2020-03-13\/corona-virus-diverse-wirtschaftsanlaesse-sind-abgesagt\/","title":{"rendered":"Corona virus: further business events are cancelled"},"content":{"rendered":"<figure id=\"attachment_6412\" aria-describedby=\"caption-attachment-6412\" style=\"width: 680px\" class=\"wp-caption alignnone\"><img loading=\"lazy\" decoding=\"async\" class=\"size-medium wp-image-6412\" src=\"https:\/\/www.organisator.ch\/wp-content\/uploads\/2020\/03\/Corona-Virus-Diverse-Wirtschaftsanlaesse-sind-abgesagt_Organisator.jpg\" alt=\"\" width=\"680\" height=\"453\" srcset=\"https:\/\/www.organisator.ch\/wp-content\/uploads\/2020\/03\/Corona-Virus-Diverse-Wirtschaftsanlaesse-sind-abgesagt_Organisator.jpg 680w, https:\/\/www.organisator.ch\/wp-content\/uploads\/2020\/03\/Corona-Virus-Diverse-Wirtschaftsanlaesse-sind-abgesagt_Organisator-16x12.jpg 16w, https:\/\/www.organisator.ch\/wp-content\/uploads\/2020\/03\/Corona-Virus-Diverse-Wirtschaftsanlaesse-sind-abgesagt_Organisator-263x175.jpg 263w, https:\/\/www.organisator.ch\/wp-content\/uploads\/2020\/03\/Corona-Virus-Diverse-Wirtschaftsanlaesse-sind-abgesagt_Organisator-525x350.jpg 525w, https:\/\/www.organisator.ch\/wp-content\/uploads\/2020\/03\/Corona-Virus-Diverse-Wirtschaftsanlaesse-sind-abgesagt_Organisator-300x200.jpg 300w\" sizes=\"auto, (max-width: 680px) 100vw, 680px\" \/><figcaption id=\"caption-attachment-6412\" class=\"wp-caption-text\">First in China, now also in Switzerland: The Corona virus is forcing governments to take rigorous measures. (Image: Pixabay.com)<\/figcaption><\/figure>\n<p>For the Autosalon, Baselworld, Giardina or also the nonwovens trade fair Index in Geneva, the Corona virus meant the end. Due to the risk of infection, the Federal Council banned major events with reference to the epidemic law. But even smaller events, which are no less prominent within the economic community, have to bow to the ban these days. The award ceremony of the Prix SVC Ostschweiz, planned for March 5, 2020, has been postponed indefinitely. The Swiss Venture Club as organizer will observe the development in these days and hopes to be able to make up for the award ceremony at a later date, according to reports. As soon as a final decision has been made, information will be provided again, the OC further announced.<\/p>\n<p>The \"special situation\" proclaimed by the Federal Council also forces the Swiss Marketing Forum to take a special measure: The Executive Committee has decided to definitely cancel the Marketing Day on March 10, 2020 at the KKL. \"Everything that makes up Marketing Day prohibits us from holding it: handshake, networking, Face 2 Face, the shared experience, moving together - not only in the concert hall,\" regrets the OC. But because about 1000 guests are expected for this event, the organizers could not decide otherwise. A postponement to the fall of 2020 is being considered at best. The tickets retain their validity and can be used for a possible postponement date.<\/p>\n<p><em>Update March 6, 2020:<\/em><\/p>\n<p>The federal order is expected to last until March 15, 2020. Depending on how the situation with the Corona virus develops, other occasions could be affected, such as the <a href=\"http:\/\/www.kmuswiss.ch\/index.cfm?setcatlist=1&amp;publication_id=418&amp;publication_action=dsp_publicationdetail&amp;content=1050&amp;paragraph=1\">SME Swiss Forum<\/a> at the Trafo Baden on March 19. According to information from KMU Swiss, the permit for this event has been issued by the canton of Aargau. However, the organizer must comply with the condition that visitors who have previously been in crisis regions such as northern Italy or China may not be admitted, as well as people who show symptoms of illness on the day of the event. Should the situation change by then, the participants will be informed accordingly.<\/p>\n<p><em>Update March 13, 2020:<\/em><\/p>\n<ul>\n<li>The Board of Directors of the <a href=\"http:\/\/www.sgv-usam.ch\">Swiss Trade Association sgv<\/a> has decided, taking into account the current situation regarding Covid-19, to postpone the Gewerbekongress 2020 scheduled for April 29, 2020. The new date is October 27, 2020 at the Forum Fribourg.<\/li>\n<li>The <a href=\"https:\/\/www.hrfestival.ch\/event\/36ec8c6a-8b1e-4765-b657-729be3255907\/summary?5S%2CM3%2C36ec8c6a-8b1e-4765-b657-729be3255907=&amp;environment=production-eu\">HR Festival<\/a> on March 31 \/ April 1 will be postponed to a date yet to be determined. Also cancelled or postponed is the presentation of the Swiss HR Award. This event will take place - also on a date not yet known - as a separate event. This is announced by the organizers.<\/li>\n<li>As the FOPH has decided to ban events with more than 100 participants, the KMU SWISS Forum 2020 (see above) on Thursday, March 19, 2020, is now also cancelled. The organizer is about to postpone the forum, with the same program as this year, to next year on Thursday, March 18, 2021. The focus is now on the detailed planning of the KMU SWISS panel on September 3, 2020.<\/li>\n<\/ul>\n<p>&nbsp;<\/p>","protected":false},"excerpt":{"rendered":"<p>F\u00fcr den Autosalon, Baselworld, der Giardina oder auch der Vliesstoff-Fachmesse Index in Genf bedeutete das Corona-Virus das Aus. Der Bundesrat hat aufgrund der Infektionsgefahr Grossanl\u00e4sse mit Verweis auf das Epidemie-Gesetz verboten. Doch auch kleinere, deswegen aber innerhalb der wirtschaftlichen Community nicht weniger prominente Anl\u00e4sse, m\u00fcssen sich in diesen Tagen dem Verbot beugen. So wurde die [&hellip;]<\/p>\n","protected":false},"author":4,"featured_media":6412,"comment_status":"closed","ping_status":"closed","sticky":false,"template":"","format":"standard","meta":{"_acf_changed":false,"_yoast_wpseo_focuskw":"Corona-Virus","_yoast_wpseo_metadesc":"Der Bund hat Grossveranstaltungen wegen der Infektionsgefahr durch das Corona-Virus verboten. Davon betroffen sind auch einige gr\u00f6ssere Wirtschaftsanl\u00e4sse.","articlekey":"","footnotes":""},"categories":[1],"tags":[132,193,502,503,508],"class_list":["post-6411","post","type-post","status-publish","format-standard","has-post-thumbnail","hentry","category-allgemein","tag-coronavirus","tag-fachkongressfachmesse","tag-veranstaltungen","tag-verbaende","tag-vermischtes"],"acf":[],"yoast_head":"<!-- This site is optimized with the Yoast SEO plugin v27.4 - https:\/\/yoast.com\/product\/yoast-seo-wordpress\/ -->\n<title>Corona-Virus: Weitere Wirtschaftsanl\u00e4sse sind abgesagt - Organisator<\/title>\n<meta name=\"description\" content=\"Der Bund hat Grossveranstaltungen wegen der Infektionsgefahr durch das Corona-Virus verboten. Davon betroffen sind auch einige gr\u00f6ssere Wirtschaftsanl\u00e4sse.\" \/>\n<meta name=\"robots\" content=\"index, follow, max-snippet:-1, max-image-preview:large, max-video-preview:-1\" \/>\n<link rel=\"canonical\" href=\"https:\/\/www.organisator.ch\/en\/general\/2020-03-13\/corona-virus-diverse-wirtschaftsanlaesse-sind-abgesagt\/\" \/>\n<meta property=\"og:locale\" content=\"en_US\" \/>\n<meta property=\"og:type\" content=\"article\" \/>\n<meta property=\"og:title\" content=\"Corona-Virus: Diverse Wirtschaftsanl\u00e4sse sind abgesagt\" \/>\n<meta property=\"og:description\" content=\"Der Bund hat Grossveranstaltungen wegen der Infektionsgefahr durch das Corona-Virus verboten. Davon betroffen sind auch einige gr\u00f6ssere Wirtschaftsanl\u00e4sse.\" \/>\n<meta property=\"og:url\" content=\"https:\/\/www.organisator.ch\/en\/general\/2020-03-13\/corona-virus-diverse-wirtschaftsanlaesse-sind-abgesagt\/\" \/>\n<meta property=\"og:site_name\" content=\"Organisator\" \/>\n<meta property=\"article:publisher\" content=\"https:\/\/www.facebook.com\/OrganisatorFachmagazin\" \/>\n<meta property=\"article:published_time\" content=\"2020-03-13T12:40:32+00:00\" \/>\n<meta property=\"og:image\" content=\"https:\/\/www.organisator.ch\/wp-content\/uploads\/2020\/03\/Corona-Virus-Diverse-Wirtschaftsanlaesse-sind-abgesagt_Organisator.jpg\" \/>\n\t<meta property=\"og:image:width\" content=\"680\" \/>\n\t<meta property=\"og:image:height\" content=\"453\" \/>\n\t<meta property=\"og:image:type\" content=\"image\/jpeg\" \/>\n<meta name=\"author\" content=\"thomas.berner\" \/>\n<meta name=\"twitter:card\" content=\"summary_large_image\" \/>\n<meta name=\"twitter:title\" content=\"#Corona-Virus: Diverse #Wirtschaftsanl\u00e4sse sind abgesagt\" \/>\n<meta name=\"twitter:description\" content=\"Der Bund hat #Grossveranstaltungen wegen der #Infektionsgefahr durch das #Corona-Virus verboten. Davon betroffen sind auch einige gr\u00f6ssere #Wirtschaftsanl\u00e4sse.\" \/>\n<meta name=\"twitter:image\" content=\"https:\/\/www.organisator.ch\/wp-content\/uploads\/2020\/03\/Corona-Virus-Diverse-Wirtschaftsanlaesse-sind-abgesagt_Organisator.jpg\" \/>\n<script type=\"application\/ld+json\" class=\"yoast-schema-graph\">{\"@context\":\"https:\\\/\\\/schema.org\",\"@graph\":[{\"@type\":\"Article\",\"@id\":\"https:\\\/\\\/www.organisator.ch\\\/de\\\/allgemein\\\/2020-03-13\\\/corona-virus-diverse-wirtschaftsanlaesse-sind-abgesagt\\\/#article\",\"isPartOf\":{\"@id\":\"https:\\\/\\\/www.organisator.ch\\\/de\\\/allgemein\\\/2020-03-13\\\/corona-virus-diverse-wirtschaftsanlaesse-sind-abgesagt\\\/\"},\"author\":{\"name\":\"thomas.berner\",\"@id\":\"https:\\\/\\\/www.organisator.ch\\\/#\\\/schema\\\/person\\\/6f650f90b2842cd4c0cc334b4e36f67e\"},\"headline\":\"Corona-Virus: Weitere Wirtschaftsanl\u00e4sse sind abgesagt\",\"datePublished\":\"2020-03-13T12:40:32+00:00\",\"mainEntityOfPage\":{\"@id\":\"https:\\\/\\\/www.organisator.ch\\\/de\\\/allgemein\\\/2020-03-13\\\/corona-virus-diverse-wirtschaftsanlaesse-sind-abgesagt\\\/\"},\"wordCount\":505,\"publisher\":{\"@id\":\"https:\\\/\\\/www.organisator.ch\\\/#organization\"},\"image\":{\"@id\":\"https:\\\/\\\/www.organisator.ch\\\/de\\\/allgemein\\\/2020-03-13\\\/corona-virus-diverse-wirtschaftsanlaesse-sind-abgesagt\\\/#primaryimage\"},\"thumbnailUrl\":\"https:\\\/\\\/www.organisator.ch\\\/wp-content\\\/uploads\\\/2020\\\/03\\\/Corona-Virus-Diverse-Wirtschaftsanlaesse-sind-abgesagt_Organisator.jpg\",\"keywords\":[\"Coronavirus\",\"Fachkongress\\\/Fachmesse\",\"Veranstaltungen\",\"Verb\u00e4nde\",\"Vermischtes\"],\"articleSection\":[\"Allgemein\"],\"inLanguage\":\"en-US\"},{\"@type\":\"WebPage\",\"@id\":\"https:\\\/\\\/www.organisator.ch\\\/de\\\/allgemein\\\/2020-03-13\\\/corona-virus-diverse-wirtschaftsanlaesse-sind-abgesagt\\\/\",\"url\":\"https:\\\/\\\/www.organisator.ch\\\/de\\\/allgemein\\\/2020-03-13\\\/corona-virus-diverse-wirtschaftsanlaesse-sind-abgesagt\\\/\",\"name\":\"Corona-Virus: Weitere Wirtschaftsanl\u00e4sse sind abgesagt - Organisator\",\"isPartOf\":{\"@id\":\"https:\\\/\\\/www.organisator.ch\\\/#website\"},\"primaryImageOfPage\":{\"@id\":\"https:\\\/\\\/www.organisator.ch\\\/de\\\/allgemein\\\/2020-03-13\\\/corona-virus-diverse-wirtschaftsanlaesse-sind-abgesagt\\\/#primaryimage\"},\"image\":{\"@id\":\"https:\\\/\\\/www.organisator.ch\\\/de\\\/allgemein\\\/2020-03-13\\\/corona-virus-diverse-wirtschaftsanlaesse-sind-abgesagt\\\/#primaryimage\"},\"thumbnailUrl\":\"https:\\\/\\\/www.organisator.ch\\\/wp-content\\\/uploads\\\/2020\\\/03\\\/Corona-Virus-Diverse-Wirtschaftsanlaesse-sind-abgesagt_Organisator.jpg\",\"datePublished\":\"2020-03-13T12:40:32+00:00\",\"description\":\"Der Bund hat Grossveranstaltungen wegen der Infektionsgefahr durch das Corona-Virus verboten. Davon betroffen sind auch einige gr\u00f6ssere Wirtschaftsanl\u00e4sse.\",\"breadcrumb\":{\"@id\":\"https:\\\/\\\/www.organisator.ch\\\/de\\\/allgemein\\\/2020-03-13\\\/corona-virus-diverse-wirtschaftsanlaesse-sind-abgesagt\\\/#breadcrumb\"},\"inLanguage\":\"en-US\",\"potentialAction\":[{\"@type\":\"ReadAction\",\"target\":[\"https:\\\/\\\/www.organisator.ch\\\/de\\\/allgemein\\\/2020-03-13\\\/corona-virus-diverse-wirtschaftsanlaesse-sind-abgesagt\\\/\"]}]},{\"@type\":\"ImageObject\",\"inLanguage\":\"en-US\",\"@id\":\"https:\\\/\\\/www.organisator.ch\\\/de\\\/allgemein\\\/2020-03-13\\\/corona-virus-diverse-wirtschaftsanlaesse-sind-abgesagt\\\/#primaryimage\",\"url\":\"https:\\\/\\\/www.organisator.ch\\\/wp-content\\\/uploads\\\/2020\\\/03\\\/Corona-Virus-Diverse-Wirtschaftsanlaesse-sind-abgesagt_Organisator.jpg\",\"contentUrl\":\"https:\\\/\\\/www.organisator.ch\\\/wp-content\\\/uploads\\\/2020\\\/03\\\/Corona-Virus-Diverse-Wirtschaftsanlaesse-sind-abgesagt_Organisator.jpg\",\"width\":680,\"height\":453,\"caption\":\"Zuerst in China, nun auch in der Schweiz: Das Corona-Virus zwingt Regierungen zu rigorosen Massnahmen. (Bild: Pixabay.com)\"},{\"@type\":\"BreadcrumbList\",\"@id\":\"https:\\\/\\\/www.organisator.ch\\\/de\\\/allgemein\\\/2020-03-13\\\/corona-virus-diverse-wirtschaftsanlaesse-sind-abgesagt\\\/#breadcrumb\",\"itemListElement\":[{\"@type\":\"ListItem\",\"position\":1,\"name\":\"Home\",\"item\":\"https:\\\/\\\/www.organisator.ch\\\/\"},{\"@type\":\"ListItem\",\"position\":2,\"name\":\"Corona-Virus: Weitere Wirtschaftsanl\u00e4sse sind abgesagt\"}]},{\"@type\":\"WebSite\",\"@id\":\"https:\\\/\\\/www.organisator.ch\\\/#website\",\"url\":\"https:\\\/\\\/www.organisator.ch\\\/\",\"name\":\"Organisator\",\"description\":\"Kompetent. Praxisnah. Der ORGANISATOR bereitet in 10 Ausgaben pro Jahr die wesentlichen Themen f\u00fcr F\u00fchrungskr\u00e4fte von KMU auf.\",\"publisher\":{\"@id\":\"https:\\\/\\\/www.organisator.ch\\\/#organization\"},\"potentialAction\":[{\"@type\":\"SearchAction\",\"target\":{\"@type\":\"EntryPoint\",\"urlTemplate\":\"https:\\\/\\\/www.organisator.ch\\\/?s={search_term_string}\"},\"query-input\":{\"@type\":\"PropertyValueSpecification\",\"valueRequired\":true,\"valueName\":\"search_term_string\"}}],\"inLanguage\":\"en-US\"},{\"@type\":\"Organization\",\"@id\":\"https:\\\/\\\/www.organisator.ch\\\/#organization\",\"name\":\"Organisator\",\"url\":\"https:\\\/\\\/www.organisator.ch\\\/\",\"logo\":{\"@type\":\"ImageObject\",\"inLanguage\":\"en-US\",\"@id\":\"https:\\\/\\\/www.organisator.ch\\\/#\\\/schema\\\/logo\\\/image\\\/\",\"url\":\"https:\\\/\\\/www.organisator.ch\\\/wp-content\\\/uploads\\\/2022\\\/01\\\/Logo_Organisator_Website.png\",\"contentUrl\":\"https:\\\/\\\/www.organisator.ch\\\/wp-content\\\/uploads\\\/2022\\\/01\\\/Logo_Organisator_Website.png\",\"width\":800,\"height\":77,\"caption\":\"Organisator\"},\"image\":{\"@id\":\"https:\\\/\\\/www.organisator.ch\\\/#\\\/schema\\\/logo\\\/image\\\/\"},\"sameAs\":[\"https:\\\/\\\/www.facebook.com\\\/OrganisatorFachmagazin\",\"https:\\\/\\\/www.linkedin.com\\\/showcase\\\/organisator-das-magazin-fr-kmu\",\"https:\\\/\\\/www.xing.com\\\/news\\\/pages\\\/organisator-ch-695\",\"https:\\\/\\\/www.youtube.com\\\/channel\\\/UCGP2Sq0iWaZwT3BdIAQFYpw\"]},{\"@type\":\"Person\",\"@id\":\"https:\\\/\\\/www.organisator.ch\\\/#\\\/schema\\\/person\\\/6f650f90b2842cd4c0cc334b4e36f67e\",\"name\":\"thomas.berner\",\"image\":{\"@type\":\"ImageObject\",\"inLanguage\":\"en-US\",\"@id\":\"https:\\\/\\\/secure.gravatar.com\\\/avatar\\\/ac5001d2a36cb6c6cd3e50789007ffca834b477b74a2144564522e944eabff61?s=96&d=mm&r=g\",\"url\":\"https:\\\/\\\/secure.gravatar.com\\\/avatar\\\/ac5001d2a36cb6c6cd3e50789007ffca834b477b74a2144564522e944eabff61?s=96&d=mm&r=g\",\"contentUrl\":\"https:\\\/\\\/secure.gravatar.com\\\/avatar\\\/ac5001d2a36cb6c6cd3e50789007ffca834b477b74a2144564522e944eabff61?s=96&d=mm&r=g\",\"caption\":\"thomas.berner\"},\"url\":\"https:\\\/\\\/www.organisator.ch\\\/en\\\/author\\\/thomas-berner\\\/\"}]}<\/script>\n<!-- \/ Yoast SEO plugin. -->","yoast_head_json":{"title":"Corona virus: other business events are canceled - organizer","description":"The federal government has banned large events because of the risk of infection by the Corona virus. This also affects some major business events.","robots":{"index":"index","follow":"follow","max-snippet":"max-snippet:-1","max-image-preview":"max-image-preview:large","max-video-preview":"max-video-preview:-1"},"canonical":"https:\/\/www.organisator.ch\/en\/general\/2020-03-13\/corona-virus-diverse-wirtschaftsanlaesse-sind-abgesagt\/","og_locale":"en_US","og_type":"article","og_title":"Corona-Virus: Diverse Wirtschaftsanl\u00e4sse sind abgesagt","og_description":"Der Bund hat Grossveranstaltungen wegen der Infektionsgefahr durch das Corona-Virus verboten. Davon betroffen sind auch einige gr\u00f6ssere Wirtschaftsanl\u00e4sse.","og_url":"https:\/\/www.organisator.ch\/en\/general\/2020-03-13\/corona-virus-diverse-wirtschaftsanlaesse-sind-abgesagt\/","og_site_name":"Organisator","article_publisher":"https:\/\/www.facebook.com\/OrganisatorFachmagazin","article_published_time":"2020-03-13T12:40:32+00:00","og_image":[{"width":680,"height":453,"url":"https:\/\/www.organisator.ch\/wp-content\/uploads\/2020\/03\/Corona-Virus-Diverse-Wirtschaftsanlaesse-sind-abgesagt_Organisator.jpg","type":"image\/jpeg"}],"author":"thomas.berner","twitter_card":"summary_large_image","twitter_title":"#Corona-Virus: Diverse #Wirtschaftsanl\u00e4sse sind abgesagt","twitter_description":"Der Bund hat #Grossveranstaltungen wegen der #Infektionsgefahr durch das #Corona-Virus verboten. Davon betroffen sind auch einige gr\u00f6ssere #Wirtschaftsanl\u00e4sse.","twitter_image":"https:\/\/www.organisator.ch\/wp-content\/uploads\/2020\/03\/Corona-Virus-Diverse-Wirtschaftsanlaesse-sind-abgesagt_Organisator.jpg","schema":{"@context":"https:\/\/schema.org","@graph":[{"@type":"Article","@id":"https:\/\/www.organisator.ch\/de\/allgemein\/2020-03-13\/corona-virus-diverse-wirtschaftsanlaesse-sind-abgesagt\/#article","isPartOf":{"@id":"https:\/\/www.organisator.ch\/de\/allgemein\/2020-03-13\/corona-virus-diverse-wirtschaftsanlaesse-sind-abgesagt\/"},"author":{"name":"thomas.berner","@id":"https:\/\/www.organisator.ch\/#\/schema\/person\/6f650f90b2842cd4c0cc334b4e36f67e"},"headline":"Corona-Virus: Weitere Wirtschaftsanl\u00e4sse sind abgesagt","datePublished":"2020-03-13T12:40:32+00:00","mainEntityOfPage":{"@id":"https:\/\/www.organisator.ch\/de\/allgemein\/2020-03-13\/corona-virus-diverse-wirtschaftsanlaesse-sind-abgesagt\/"},"wordCount":505,"publisher":{"@id":"https:\/\/www.organisator.ch\/#organization"},"image":{"@id":"https:\/\/www.organisator.ch\/de\/allgemein\/2020-03-13\/corona-virus-diverse-wirtschaftsanlaesse-sind-abgesagt\/#primaryimage"},"thumbnailUrl":"https:\/\/www.organisator.ch\/wp-content\/uploads\/2020\/03\/Corona-Virus-Diverse-Wirtschaftsanlaesse-sind-abgesagt_Organisator.jpg","keywords":["Coronavirus","Fachkongress\/Fachmesse","Veranstaltungen","Verb\u00e4nde","Vermischtes"],"articleSection":["Allgemein"],"inLanguage":"en-US"},{"@type":"WebPage","@id":"https:\/\/www.organisator.ch\/de\/allgemein\/2020-03-13\/corona-virus-diverse-wirtschaftsanlaesse-sind-abgesagt\/","url":"https:\/\/www.organisator.ch\/de\/allgemein\/2020-03-13\/corona-virus-diverse-wirtschaftsanlaesse-sind-abgesagt\/","name":"Corona virus: other business events are canceled - organizer","isPartOf":{"@id":"https:\/\/www.organisator.ch\/#website"},"primaryImageOfPage":{"@id":"https:\/\/www.organisator.ch\/de\/allgemein\/2020-03-13\/corona-virus-diverse-wirtschaftsanlaesse-sind-abgesagt\/#primaryimage"},"image":{"@id":"https:\/\/www.organisator.ch\/de\/allgemein\/2020-03-13\/corona-virus-diverse-wirtschaftsanlaesse-sind-abgesagt\/#primaryimage"},"thumbnailUrl":"https:\/\/www.organisator.ch\/wp-content\/uploads\/2020\/03\/Corona-Virus-Diverse-Wirtschaftsanlaesse-sind-abgesagt_Organisator.jpg","datePublished":"2020-03-13T12:40:32+00:00","description":"The federal government has banned large events because of the risk of infection by the Corona virus. This also affects some major business events.","breadcrumb":{"@id":"https:\/\/www.organisator.ch\/de\/allgemein\/2020-03-13\/corona-virus-diverse-wirtschaftsanlaesse-sind-abgesagt\/#breadcrumb"},"inLanguage":"en-US","potentialAction":[{"@type":"ReadAction","target":["https:\/\/www.organisator.ch\/de\/allgemein\/2020-03-13\/corona-virus-diverse-wirtschaftsanlaesse-sind-abgesagt\/"]}]},{"@type":"ImageObject","inLanguage":"en-US","@id":"https:\/\/www.organisator.ch\/de\/allgemein\/2020-03-13\/corona-virus-diverse-wirtschaftsanlaesse-sind-abgesagt\/#primaryimage","url":"https:\/\/www.organisator.ch\/wp-content\/uploads\/2020\/03\/Corona-Virus-Diverse-Wirtschaftsanlaesse-sind-abgesagt_Organisator.jpg","contentUrl":"https:\/\/www.organisator.ch\/wp-content\/uploads\/2020\/03\/Corona-Virus-Diverse-Wirtschaftsanlaesse-sind-abgesagt_Organisator.jpg","width":680,"height":453,"caption":"Zuerst in China, nun auch in der Schweiz: Das Corona-Virus zwingt Regierungen zu rigorosen Massnahmen. (Bild: Pixabay.com)"},{"@type":"BreadcrumbList","@id":"https:\/\/www.organisator.ch\/de\/allgemein\/2020-03-13\/corona-virus-diverse-wirtschaftsanlaesse-sind-abgesagt\/#breadcrumb","itemListElement":[{"@type":"ListItem","position":1,"name":"Home","item":"https:\/\/www.organisator.ch\/"},{"@type":"ListItem","position":2,"name":"Corona-Virus: Weitere Wirtschaftsanl\u00e4sse sind abgesagt"}]},{"@type":"WebSite","@id":"https:\/\/www.organisator.ch\/#website","url":"https:\/\/www.organisator.ch\/","name":"Organizer","description":"Competent. Practical. In 10 issues per year, ORGANISATOR presents the essential topics for managers of SMEs.","publisher":{"@id":"https:\/\/www.organisator.ch\/#organization"},"potentialAction":[{"@type":"SearchAction","target":{"@type":"EntryPoint","urlTemplate":"https:\/\/www.organisator.ch\/?s={search_term_string}"},"query-input":{"@type":"PropertyValueSpecification","valueRequired":true,"valueName":"search_term_string"}}],"inLanguage":"en-US"},{"@type":"Organization","@id":"https:\/\/www.organisator.ch\/#organization","name":"Organizer","url":"https:\/\/www.organisator.ch\/","logo":{"@type":"ImageObject","inLanguage":"en-US","@id":"https:\/\/www.organisator.ch\/#\/schema\/logo\/image\/","url":"https:\/\/www.organisator.ch\/wp-content\/uploads\/2022\/01\/Logo_Organisator_Website.png","contentUrl":"https:\/\/www.organisator.ch\/wp-content\/uploads\/2022\/01\/Logo_Organisator_Website.png","width":800,"height":77,"caption":"Organisator"},"image":{"@id":"https:\/\/www.organisator.ch\/#\/schema\/logo\/image\/"},"sameAs":["https:\/\/www.facebook.com\/OrganisatorFachmagazin","https:\/\/www.linkedin.com\/showcase\/organisator-das-magazin-fr-kmu","https:\/\/www.xing.com\/news\/pages\/organisator-ch-695","https:\/\/www.youtube.com\/channel\/UCGP2Sq0iWaZwT3BdIAQFYpw"]},{"@type":"Person","@id":"https:\/\/www.organisator.ch\/#\/schema\/person\/6f650f90b2842cd4c0cc334b4e36f67e","name":"thomas.berner","image":{"@type":"ImageObject","inLanguage":"en-US","@id":"https:\/\/secure.gravatar.com\/avatar\/ac5001d2a36cb6c6cd3e50789007ffca834b477b74a2144564522e944eabff61?s=96&d=mm&r=g","url":"https:\/\/secure.gravatar.com\/avatar\/ac5001d2a36cb6c6cd3e50789007ffca834b477b74a2144564522e944eabff61?s=96&d=mm&r=g","contentUrl":"https:\/\/secure.gravatar.com\/avatar\/ac5001d2a36cb6c6cd3e50789007ffca834b477b74a2144564522e944eabff61?s=96&d=mm&r=g","caption":"thomas.berner"},"url":"https:\/\/www.organisator.ch\/en\/author\/thomas-berner\/"}]}},"_links":{"self":[{"href":"https:\/\/www.organisator.ch\/en\/wp-json\/wp\/v2\/posts\/6411","targetHints":{"allow":["GET"]}}],"collection":[{"href":"https:\/\/www.organisator.ch\/en\/wp-json\/wp\/v2\/posts"}],"about":[{"href":"https:\/\/www.organisator.ch\/en\/wp-json\/wp\/v2\/types\/post"}],"author":[{"embeddable":true,"href":"https:\/\/www.organisator.ch\/en\/wp-json\/wp\/v2\/users\/4"}],"replies":[{"embeddable":true,"href":"https:\/\/www.organisator.ch\/en\/wp-json\/wp\/v2\/comments?post=6411"}],"version-history":[{"count":0,"href":"https:\/\/www.organisator.ch\/en\/wp-json\/wp\/v2\/posts\/6411\/revisions"}],"wp:featuredmedia":[{"embeddable":true,"href":"https:\/\/www.organisator.ch\/en\/wp-json\/wp\/v2\/media\/6412"}],"wp:attachment":[{"href":"https:\/\/www.organisator.ch\/en\/wp-json\/wp\/v2\/media?parent=6411"}],"wp:term":[{"taxonomy":"category","embeddable":true,"href":"https:\/\/www.organisator.ch\/en\/wp-json\/wp\/v2\/categories?post=6411"},{"taxonomy":"post_tag","embeddable":true,"href":"https:\/\/www.organisator.ch\/en\/wp-json\/wp\/v2\/tags?post=6411"}],"curies":[{"name":"wp","href":"https:\/\/api.w.org\/{rel}","templated":true}]}}