{"id":6417,"date":"2020-03-05T09:22:08","date_gmt":"2020-03-05T08:22:08","guid":{"rendered":"https:\/\/www.organisator.ch\/?p=6417"},"modified":"2020-03-05T09:22:08","modified_gmt":"2020-03-05T08:22:08","slug":"sandra-peier-wird-geschaeftsfuehrerin-von-europa3000","status":"publish","type":"post","link":"https:\/\/www.organisator.ch\/en\/management\/it\/2020-03-05\/sandra-peier-wird-geschaeftsfuehrerin-von-europa3000\/","title":{"rendered":"Sandra Peier becomes Managing Director of europa3000"},"content":{"rendered":"<figure id=\"attachment_6418\" aria-describedby=\"caption-attachment-6418\" style=\"width: 680px\" class=\"wp-caption alignnone\"><img loading=\"lazy\" decoding=\"async\" class=\"size-medium wp-image-6418\" src=\"https:\/\/www.organisator.ch\/wp-content\/uploads\/2020\/03\/Sandra-Peier-wird-Geschaeftsfuehrerin-von-europa3000_Organisator.jpg\" alt=\"\" width=\"680\" height=\"430\" srcset=\"https:\/\/www.organisator.ch\/wp-content\/uploads\/2020\/03\/Sandra-Peier-wird-Geschaeftsfuehrerin-von-europa3000_Organisator.jpg 680w, https:\/\/www.organisator.ch\/wp-content\/uploads\/2020\/03\/Sandra-Peier-wird-Geschaeftsfuehrerin-von-europa3000_Organisator-16x10.jpg 16w, https:\/\/www.organisator.ch\/wp-content\/uploads\/2020\/03\/Sandra-Peier-wird-Geschaeftsfuehrerin-von-europa3000_Organisator-277x175.jpg 277w, https:\/\/www.organisator.ch\/wp-content\/uploads\/2020\/03\/Sandra-Peier-wird-Geschaeftsfuehrerin-von-europa3000_Organisator-553x350.jpg 553w, https:\/\/www.organisator.ch\/wp-content\/uploads\/2020\/03\/Sandra-Peier-wird-Geschaeftsfuehrerin-von-europa3000_Organisator-300x190.jpg 300w\" sizes=\"auto, (max-width: 680px) 100vw, 680px\" \/><figcaption id=\"caption-attachment-6418\" class=\"wp-caption-text\">Sandra Peier, the new managing director of ERP manufacturer europa3000. (Image: zVg)<\/figcaption><\/figure>\n<p>With immediate effect, Sandra Peier takes over the management and thus the overall responsibility of europa3000 AG. She is assisted by the two members of the Executive Board Dominic Achermann (Head of Sales) and Andreas Imboden (Head of Development). The previous management member Roland Schenker left the company at the beginning of February.<\/p>\n<h2><strong><b>Experienced ERP leadership<\/b><\/strong><\/h2>\n<p>Sandra Peier has been working for europa3000 for 19 years. In the last few years, under the ownership of Bison Switzerland, she has already worked as Head of Services and most recently as Head of the europa3000 business unit within the group. Prior to that, she worked for europa3000 for a good 10 years as a management assistant and then as Head of Backoffice &amp; Partner Management. Sandra Peier is 42 years old and lives with her family in Lostorf, Solothurn.<\/p>\n<p>Their two colleagues in the management team also have many years of europa3000 and ERP experience. Dominic Achermann has been working in sales for the ERP software in the SME market since June 2011. Andreas Imboden has been developing europa3000 for 2 years; before that he worked as an application developer at Informing AG for over ten years.<\/p>\n<h2><strong><b>\"Post Merger Integration\" on a good course<\/b><\/strong><\/h2>\n<p>\"My partner Beat Mathys and I draw a positive conclusion from the first six months of our ownership of europa3000. The organizational separation from Bison has been successfully completed and we were already able to achieve Swissdec certification for our software as our first major goal at the end of the year. In view of the cleanup of some legacy issues, we are also satisfied with the financial figures,\" Markus Fuchs reports on his first months at europa3000.<\/p>\n<p>Beat Mathys continues: \"Markus Fuchs and I have been intensively involved as members of the Board of Directors. Now it is time for us to withdraw somewhat from the operational business. We are convinced that the management of the company is in good hands with Sandra Peier and her two colleagues. They know the ERP vendor business and have a keen sense of the needs in the market and among europa3000's employees. These are the ideal ingredients for a successful future.\"<\/p>\n<h2>Sandra Peier: \"Developing ERP software successfully\".<\/h2>\n<p>The newly appointed managing director says about her new task: \"Since the middle of last year, a fresh wind has been blowing through our company. The new owners are intensively and wholeheartedly committed to europa3000 and support us every day with words and deeds. I am pleased to now be able to take on full operational responsibility as Managing Director and to successfully further develop our ERP software, which is deeply anchored in the Swiss SME market, with my two management colleagues.\"<\/p>\n<p><em>Source and further information: <a href=\"http:\/\/www.europa3000.ch\">www.europa3000.ch<\/a><\/em><\/p>","protected":false},"excerpt":{"rendered":"<p>Die Gesch\u00e4ftsf\u00fchrung und damit die Gesamtverantwortung der europa3000 AG \u00fcbernimmt per sofort Sandra Peier. Ihr zur Seite stehen die beiden Gesch\u00e4ftsleitungsmitglieder Dominic Achermann (Leiter Vertrieb) und Andreas Imboden (Leiter Entwicklung). Das bisherige Gesch\u00e4ftsleitungsmitglied Roland Schenker hat das Unternehmen auf Anfang Februar verlassen. Erfahrene ERP-F\u00fchrung Sandra Peier ist seit 19 Jahren f\u00fcr europa3000 t\u00e4tig. In den [&hellip;]<\/p>\n","protected":false},"author":4,"featured_media":6418,"comment_status":"closed","ping_status":"closed","sticky":false,"template":"","format":"standard","meta":{"_acf_changed":false,"_yoast_wpseo_focuskw":"Sandra Peier","_yoast_wpseo_metadesc":"Die F\u00fchrungsspitze von europa3000 organisiert sich neu: Sandra Peier wird Gesch\u00e4ftsf\u00fchrerin der KMU ERP-Herstellerin aus Aarau.","articlekey":"","footnotes":""},"categories":[27],"tags":[286,288,334,492],"class_list":["post-6417","post","type-post","status-publish","format-standard","has-post-thumbnail","hentry","category-it","tag-it","tag-it-business-software","tag-management","tag-unternehmen"],"acf":[],"yoast_head":"<!-- This site is optimized with the Yoast SEO plugin v27.5 - https:\/\/yoast.com\/product\/yoast-seo-wordpress\/ -->\n<title>Sandra Peier wird Gesch\u00e4ftsf\u00fchrerin von europa3000 - Organisator<\/title>\n<meta name=\"description\" content=\"Die F\u00fchrungsspitze von europa3000 organisiert sich neu: Sandra Peier wird Gesch\u00e4ftsf\u00fchrerin der KMU ERP-Herstellerin aus Aarau.\" \/>\n<meta name=\"robots\" content=\"index, follow, max-snippet:-1, max-image-preview:large, max-video-preview:-1\" \/>\n<link rel=\"canonical\" href=\"https:\/\/www.organisator.ch\/en\/management\/it\/2020-03-05\/sandra-peier-wird-geschaeftsfuehrerin-von-europa3000\/\" \/>\n<meta property=\"og:locale\" content=\"en_US\" \/>\n<meta property=\"og:type\" content=\"article\" \/>\n<meta property=\"og:title\" content=\"Sandra Peier wird Gesch\u00e4ftsf\u00fchrerin von europa3000\" \/>\n<meta property=\"og:description\" content=\"Die F\u00fchrungsspitze von europa3000 organisiert sich neu: Sandra Peier wird Gesch\u00e4ftsf\u00fchrerin der KMU ERP-Herstellerin aus Aarau.\" \/>\n<meta property=\"og:url\" content=\"https:\/\/www.organisator.ch\/en\/management\/it\/2020-03-05\/sandra-peier-wird-geschaeftsfuehrerin-von-europa3000\/\" \/>\n<meta property=\"og:site_name\" content=\"Organisator\" \/>\n<meta property=\"article:publisher\" content=\"https:\/\/www.facebook.com\/OrganisatorFachmagazin\" \/>\n<meta property=\"article:published_time\" content=\"2020-03-05T08:22:08+00:00\" \/>\n<meta property=\"og:image\" content=\"https:\/\/www.organisator.ch\/wp-content\/uploads\/2020\/03\/Sandra-Peier-wird-Geschaeftsfuehrerin-von-europa3000_Organisator.jpg\" \/>\n\t<meta property=\"og:image:width\" content=\"680\" \/>\n\t<meta property=\"og:image:height\" content=\"430\" \/>\n\t<meta property=\"og:image:type\" content=\"image\/jpeg\" \/>\n<meta name=\"author\" content=\"thomas.berner\" \/>\n<meta name=\"twitter:card\" content=\"summary_large_image\" \/>\n<meta name=\"twitter:title\" content=\"Sandra Peier wird #Gesch\u00e4ftsf\u00fchrerin von #europa3000\" \/>\n<meta name=\"twitter:description\" content=\"Die F\u00fchrungsspitze von #europa3000 organisiert sich neu: Sandra Peier wird #Gesch\u00e4ftsf\u00fchrerin der KMU #ERP-Herstellerin aus Aarau.\" \/>\n<meta name=\"twitter:image\" content=\"https:\/\/www.organisator.ch\/wp-content\/uploads\/2020\/03\/Sandra-Peier-wird-Geschaeftsfuehrerin-von-europa3000_Organisator.jpg\" \/>\n<script type=\"application\/ld+json\" class=\"yoast-schema-graph\">{\"@context\":\"https:\\\/\\\/schema.org\",\"@graph\":[{\"@type\":\"Article\",\"@id\":\"https:\\\/\\\/www.organisator.ch\\\/management\\\/it\\\/2020-03-05\\\/sandra-peier-wird-geschaeftsfuehrerin-von-europa3000\\\/#article\",\"isPartOf\":{\"@id\":\"https:\\\/\\\/www.organisator.ch\\\/management\\\/it\\\/2020-03-05\\\/sandra-peier-wird-geschaeftsfuehrerin-von-europa3000\\\/\"},\"author\":{\"name\":\"thomas.berner\",\"@id\":\"https:\\\/\\\/www.organisator.ch\\\/#\\\/schema\\\/person\\\/6f650f90b2842cd4c0cc334b4e36f67e\"},\"headline\":\"Sandra Peier wird Gesch\u00e4ftsf\u00fchrerin von europa3000\",\"datePublished\":\"2020-03-05T08:22:08+00:00\",\"mainEntityOfPage\":{\"@id\":\"https:\\\/\\\/www.organisator.ch\\\/management\\\/it\\\/2020-03-05\\\/sandra-peier-wird-geschaeftsfuehrerin-von-europa3000\\\/\"},\"wordCount\":450,\"publisher\":{\"@id\":\"https:\\\/\\\/www.organisator.ch\\\/#organization\"},\"image\":{\"@id\":\"https:\\\/\\\/www.organisator.ch\\\/management\\\/it\\\/2020-03-05\\\/sandra-peier-wird-geschaeftsfuehrerin-von-europa3000\\\/#primaryimage\"},\"thumbnailUrl\":\"https:\\\/\\\/www.organisator.ch\\\/wp-content\\\/uploads\\\/2020\\\/03\\\/Sandra-Peier-wird-Geschaeftsfuehrerin-von-europa3000_Organisator.jpg\",\"keywords\":[\"IT\",\"IT &amp; Business Software\",\"Management\",\"Unternehmen\"],\"articleSection\":[\"IT\"],\"inLanguage\":\"en-US\"},{\"@type\":\"WebPage\",\"@id\":\"https:\\\/\\\/www.organisator.ch\\\/management\\\/it\\\/2020-03-05\\\/sandra-peier-wird-geschaeftsfuehrerin-von-europa3000\\\/\",\"url\":\"https:\\\/\\\/www.organisator.ch\\\/management\\\/it\\\/2020-03-05\\\/sandra-peier-wird-geschaeftsfuehrerin-von-europa3000\\\/\",\"name\":\"Sandra Peier wird Gesch\u00e4ftsf\u00fchrerin von europa3000 - Organisator\",\"isPartOf\":{\"@id\":\"https:\\\/\\\/www.organisator.ch\\\/#website\"},\"primaryImageOfPage\":{\"@id\":\"https:\\\/\\\/www.organisator.ch\\\/management\\\/it\\\/2020-03-05\\\/sandra-peier-wird-geschaeftsfuehrerin-von-europa3000\\\/#primaryimage\"},\"image\":{\"@id\":\"https:\\\/\\\/www.organisator.ch\\\/management\\\/it\\\/2020-03-05\\\/sandra-peier-wird-geschaeftsfuehrerin-von-europa3000\\\/#primaryimage\"},\"thumbnailUrl\":\"https:\\\/\\\/www.organisator.ch\\\/wp-content\\\/uploads\\\/2020\\\/03\\\/Sandra-Peier-wird-Geschaeftsfuehrerin-von-europa3000_Organisator.jpg\",\"datePublished\":\"2020-03-05T08:22:08+00:00\",\"description\":\"Die F\u00fchrungsspitze von europa3000 organisiert sich neu: Sandra Peier wird Gesch\u00e4ftsf\u00fchrerin der KMU ERP-Herstellerin aus Aarau.\",\"breadcrumb\":{\"@id\":\"https:\\\/\\\/www.organisator.ch\\\/management\\\/it\\\/2020-03-05\\\/sandra-peier-wird-geschaeftsfuehrerin-von-europa3000\\\/#breadcrumb\"},\"inLanguage\":\"en-US\",\"potentialAction\":[{\"@type\":\"ReadAction\",\"target\":[\"https:\\\/\\\/www.organisator.ch\\\/management\\\/it\\\/2020-03-05\\\/sandra-peier-wird-geschaeftsfuehrerin-von-europa3000\\\/\"]}]},{\"@type\":\"ImageObject\",\"inLanguage\":\"en-US\",\"@id\":\"https:\\\/\\\/www.organisator.ch\\\/management\\\/it\\\/2020-03-05\\\/sandra-peier-wird-geschaeftsfuehrerin-von-europa3000\\\/#primaryimage\",\"url\":\"https:\\\/\\\/www.organisator.ch\\\/wp-content\\\/uploads\\\/2020\\\/03\\\/Sandra-Peier-wird-Geschaeftsfuehrerin-von-europa3000_Organisator.jpg\",\"contentUrl\":\"https:\\\/\\\/www.organisator.ch\\\/wp-content\\\/uploads\\\/2020\\\/03\\\/Sandra-Peier-wird-Geschaeftsfuehrerin-von-europa3000_Organisator.jpg\",\"width\":680,\"height\":430,\"caption\":\"Sandra Peier, die neue Gesch\u00e4ftsf\u00fchrerin des ERP-Herstellers europa3000. (Bild: zVg)\"},{\"@type\":\"BreadcrumbList\",\"@id\":\"https:\\\/\\\/www.organisator.ch\\\/management\\\/it\\\/2020-03-05\\\/sandra-peier-wird-geschaeftsfuehrerin-von-europa3000\\\/#breadcrumb\",\"itemListElement\":[{\"@type\":\"ListItem\",\"position\":1,\"name\":\"Home\",\"item\":\"https:\\\/\\\/www.organisator.ch\\\/\"},{\"@type\":\"ListItem\",\"position\":2,\"name\":\"Sandra Peier wird Gesch\u00e4ftsf\u00fchrerin von europa3000\"}]},{\"@type\":\"WebSite\",\"@id\":\"https:\\\/\\\/www.organisator.ch\\\/#website\",\"url\":\"https:\\\/\\\/www.organisator.ch\\\/\",\"name\":\"Organisator\",\"description\":\"Kompetent. Praxisnah. Der ORGANISATOR bereitet in 10 Ausgaben pro Jahr die wesentlichen Themen f\u00fcr F\u00fchrungskr\u00e4fte von KMU auf.\",\"publisher\":{\"@id\":\"https:\\\/\\\/www.organisator.ch\\\/#organization\"},\"potentialAction\":[{\"@type\":\"SearchAction\",\"target\":{\"@type\":\"EntryPoint\",\"urlTemplate\":\"https:\\\/\\\/www.organisator.ch\\\/?s={search_term_string}\"},\"query-input\":{\"@type\":\"PropertyValueSpecification\",\"valueRequired\":true,\"valueName\":\"search_term_string\"}}],\"inLanguage\":\"en-US\"},{\"@type\":\"Organization\",\"@id\":\"https:\\\/\\\/www.organisator.ch\\\/#organization\",\"name\":\"Organisator\",\"url\":\"https:\\\/\\\/www.organisator.ch\\\/\",\"logo\":{\"@type\":\"ImageObject\",\"inLanguage\":\"en-US\",\"@id\":\"https:\\\/\\\/www.organisator.ch\\\/#\\\/schema\\\/logo\\\/image\\\/\",\"url\":\"https:\\\/\\\/www.organisator.ch\\\/wp-content\\\/uploads\\\/2022\\\/01\\\/Logo_Organisator_Website.png\",\"contentUrl\":\"https:\\\/\\\/www.organisator.ch\\\/wp-content\\\/uploads\\\/2022\\\/01\\\/Logo_Organisator_Website.png\",\"width\":800,\"height\":77,\"caption\":\"Organisator\"},\"image\":{\"@id\":\"https:\\\/\\\/www.organisator.ch\\\/#\\\/schema\\\/logo\\\/image\\\/\"},\"sameAs\":[\"https:\\\/\\\/www.facebook.com\\\/OrganisatorFachmagazin\",\"https:\\\/\\\/www.linkedin.com\\\/showcase\\\/organisator-das-magazin-fr-kmu\",\"https:\\\/\\\/www.xing.com\\\/news\\\/pages\\\/organisator-ch-695\",\"https:\\\/\\\/www.youtube.com\\\/channel\\\/UCGP2Sq0iWaZwT3BdIAQFYpw\"]},{\"@type\":\"Person\",\"@id\":\"https:\\\/\\\/www.organisator.ch\\\/#\\\/schema\\\/person\\\/6f650f90b2842cd4c0cc334b4e36f67e\",\"name\":\"thomas.berner\",\"image\":{\"@type\":\"ImageObject\",\"inLanguage\":\"en-US\",\"@id\":\"https:\\\/\\\/secure.gravatar.com\\\/avatar\\\/ac5001d2a36cb6c6cd3e50789007ffca834b477b74a2144564522e944eabff61?s=96&d=mm&r=g\",\"url\":\"https:\\\/\\\/secure.gravatar.com\\\/avatar\\\/ac5001d2a36cb6c6cd3e50789007ffca834b477b74a2144564522e944eabff61?s=96&d=mm&r=g\",\"contentUrl\":\"https:\\\/\\\/secure.gravatar.com\\\/avatar\\\/ac5001d2a36cb6c6cd3e50789007ffca834b477b74a2144564522e944eabff61?s=96&d=mm&r=g\",\"caption\":\"thomas.berner\"},\"url\":\"https:\\\/\\\/www.organisator.ch\\\/en\\\/author\\\/thomas-berner\\\/\"}]}<\/script>\n<!-- \/ Yoast SEO plugin. -->","yoast_head_json":{"title":"Sandra Peier becomes managing director of europa3000 - Organizer","description":"The top management of europa3000 is reorganized: Sandra Peier becomes Managing Director of the SME ERP manufacturer from Aarau.","robots":{"index":"index","follow":"follow","max-snippet":"max-snippet:-1","max-image-preview":"max-image-preview:large","max-video-preview":"max-video-preview:-1"},"canonical":"https:\/\/www.organisator.ch\/en\/management\/it\/2020-03-05\/sandra-peier-wird-geschaeftsfuehrerin-von-europa3000\/","og_locale":"en_US","og_type":"article","og_title":"Sandra Peier wird Gesch\u00e4ftsf\u00fchrerin von europa3000","og_description":"Die F\u00fchrungsspitze von europa3000 organisiert sich neu: Sandra Peier wird Gesch\u00e4ftsf\u00fchrerin der KMU ERP-Herstellerin aus Aarau.","og_url":"https:\/\/www.organisator.ch\/en\/management\/it\/2020-03-05\/sandra-peier-wird-geschaeftsfuehrerin-von-europa3000\/","og_site_name":"Organisator","article_publisher":"https:\/\/www.facebook.com\/OrganisatorFachmagazin","article_published_time":"2020-03-05T08:22:08+00:00","og_image":[{"width":680,"height":430,"url":"https:\/\/www.organisator.ch\/wp-content\/uploads\/2020\/03\/Sandra-Peier-wird-Geschaeftsfuehrerin-von-europa3000_Organisator.jpg","type":"image\/jpeg"}],"author":"thomas.berner","twitter_card":"summary_large_image","twitter_title":"Sandra Peier wird #Gesch\u00e4ftsf\u00fchrerin von #europa3000","twitter_description":"Die F\u00fchrungsspitze von #europa3000 organisiert sich neu: Sandra Peier wird #Gesch\u00e4ftsf\u00fchrerin der KMU #ERP-Herstellerin aus Aarau.","twitter_image":"https:\/\/www.organisator.ch\/wp-content\/uploads\/2020\/03\/Sandra-Peier-wird-Geschaeftsfuehrerin-von-europa3000_Organisator.jpg","schema":{"@context":"https:\/\/schema.org","@graph":[{"@type":"Article","@id":"https:\/\/www.organisator.ch\/management\/it\/2020-03-05\/sandra-peier-wird-geschaeftsfuehrerin-von-europa3000\/#article","isPartOf":{"@id":"https:\/\/www.organisator.ch\/management\/it\/2020-03-05\/sandra-peier-wird-geschaeftsfuehrerin-von-europa3000\/"},"author":{"name":"thomas.berner","@id":"https:\/\/www.organisator.ch\/#\/schema\/person\/6f650f90b2842cd4c0cc334b4e36f67e"},"headline":"Sandra Peier wird Gesch\u00e4ftsf\u00fchrerin von europa3000","datePublished":"2020-03-05T08:22:08+00:00","mainEntityOfPage":{"@id":"https:\/\/www.organisator.ch\/management\/it\/2020-03-05\/sandra-peier-wird-geschaeftsfuehrerin-von-europa3000\/"},"wordCount":450,"publisher":{"@id":"https:\/\/www.organisator.ch\/#organization"},"image":{"@id":"https:\/\/www.organisator.ch\/management\/it\/2020-03-05\/sandra-peier-wird-geschaeftsfuehrerin-von-europa3000\/#primaryimage"},"thumbnailUrl":"https:\/\/www.organisator.ch\/wp-content\/uploads\/2020\/03\/Sandra-Peier-wird-Geschaeftsfuehrerin-von-europa3000_Organisator.jpg","keywords":["IT","IT &amp; Business Software","Management","Unternehmen"],"articleSection":["IT"],"inLanguage":"en-US"},{"@type":"WebPage","@id":"https:\/\/www.organisator.ch\/management\/it\/2020-03-05\/sandra-peier-wird-geschaeftsfuehrerin-von-europa3000\/","url":"https:\/\/www.organisator.ch\/management\/it\/2020-03-05\/sandra-peier-wird-geschaeftsfuehrerin-von-europa3000\/","name":"Sandra Peier becomes managing director of europa3000 - Organizer","isPartOf":{"@id":"https:\/\/www.organisator.ch\/#website"},"primaryImageOfPage":{"@id":"https:\/\/www.organisator.ch\/management\/it\/2020-03-05\/sandra-peier-wird-geschaeftsfuehrerin-von-europa3000\/#primaryimage"},"image":{"@id":"https:\/\/www.organisator.ch\/management\/it\/2020-03-05\/sandra-peier-wird-geschaeftsfuehrerin-von-europa3000\/#primaryimage"},"thumbnailUrl":"https:\/\/www.organisator.ch\/wp-content\/uploads\/2020\/03\/Sandra-Peier-wird-Geschaeftsfuehrerin-von-europa3000_Organisator.jpg","datePublished":"2020-03-05T08:22:08+00:00","description":"The top management of europa3000 is reorganized: Sandra Peier becomes Managing Director of the SME ERP manufacturer from Aarau.","breadcrumb":{"@id":"https:\/\/www.organisator.ch\/management\/it\/2020-03-05\/sandra-peier-wird-geschaeftsfuehrerin-von-europa3000\/#breadcrumb"},"inLanguage":"en-US","potentialAction":[{"@type":"ReadAction","target":["https:\/\/www.organisator.ch\/management\/it\/2020-03-05\/sandra-peier-wird-geschaeftsfuehrerin-von-europa3000\/"]}]},{"@type":"ImageObject","inLanguage":"en-US","@id":"https:\/\/www.organisator.ch\/management\/it\/2020-03-05\/sandra-peier-wird-geschaeftsfuehrerin-von-europa3000\/#primaryimage","url":"https:\/\/www.organisator.ch\/wp-content\/uploads\/2020\/03\/Sandra-Peier-wird-Geschaeftsfuehrerin-von-europa3000_Organisator.jpg","contentUrl":"https:\/\/www.organisator.ch\/wp-content\/uploads\/2020\/03\/Sandra-Peier-wird-Geschaeftsfuehrerin-von-europa3000_Organisator.jpg","width":680,"height":430,"caption":"Sandra Peier, die neue Gesch\u00e4ftsf\u00fchrerin des ERP-Herstellers europa3000. (Bild: zVg)"},{"@type":"BreadcrumbList","@id":"https:\/\/www.organisator.ch\/management\/it\/2020-03-05\/sandra-peier-wird-geschaeftsfuehrerin-von-europa3000\/#breadcrumb","itemListElement":[{"@type":"ListItem","position":1,"name":"Home","item":"https:\/\/www.organisator.ch\/"},{"@type":"ListItem","position":2,"name":"Sandra Peier wird Gesch\u00e4ftsf\u00fchrerin von europa3000"}]},{"@type":"WebSite","@id":"https:\/\/www.organisator.ch\/#website","url":"https:\/\/www.organisator.ch\/","name":"Organizer","description":"Competent. Practical. In 10 issues per year, ORGANISATOR presents the essential topics for managers of SMEs.","publisher":{"@id":"https:\/\/www.organisator.ch\/#organization"},"potentialAction":[{"@type":"SearchAction","target":{"@type":"EntryPoint","urlTemplate":"https:\/\/www.organisator.ch\/?s={search_term_string}"},"query-input":{"@type":"PropertyValueSpecification","valueRequired":true,"valueName":"search_term_string"}}],"inLanguage":"en-US"},{"@type":"Organization","@id":"https:\/\/www.organisator.ch\/#organization","name":"Organizer","url":"https:\/\/www.organisator.ch\/","logo":{"@type":"ImageObject","inLanguage":"en-US","@id":"https:\/\/www.organisator.ch\/#\/schema\/logo\/image\/","url":"https:\/\/www.organisator.ch\/wp-content\/uploads\/2022\/01\/Logo_Organisator_Website.png","contentUrl":"https:\/\/www.organisator.ch\/wp-content\/uploads\/2022\/01\/Logo_Organisator_Website.png","width":800,"height":77,"caption":"Organisator"},"image":{"@id":"https:\/\/www.organisator.ch\/#\/schema\/logo\/image\/"},"sameAs":["https:\/\/www.facebook.com\/OrganisatorFachmagazin","https:\/\/www.linkedin.com\/showcase\/organisator-das-magazin-fr-kmu","https:\/\/www.xing.com\/news\/pages\/organisator-ch-695","https:\/\/www.youtube.com\/channel\/UCGP2Sq0iWaZwT3BdIAQFYpw"]},{"@type":"Person","@id":"https:\/\/www.organisator.ch\/#\/schema\/person\/6f650f90b2842cd4c0cc334b4e36f67e","name":"thomas.berner","image":{"@type":"ImageObject","inLanguage":"en-US","@id":"https:\/\/secure.gravatar.com\/avatar\/ac5001d2a36cb6c6cd3e50789007ffca834b477b74a2144564522e944eabff61?s=96&d=mm&r=g","url":"https:\/\/secure.gravatar.com\/avatar\/ac5001d2a36cb6c6cd3e50789007ffca834b477b74a2144564522e944eabff61?s=96&d=mm&r=g","contentUrl":"https:\/\/secure.gravatar.com\/avatar\/ac5001d2a36cb6c6cd3e50789007ffca834b477b74a2144564522e944eabff61?s=96&d=mm&r=g","caption":"thomas.berner"},"url":"https:\/\/www.organisator.ch\/en\/author\/thomas-berner\/"}]}},"_links":{"self":[{"href":"https:\/\/www.organisator.ch\/en\/wp-json\/wp\/v2\/posts\/6417","targetHints":{"allow":["GET"]}}],"collection":[{"href":"https:\/\/www.organisator.ch\/en\/wp-json\/wp\/v2\/posts"}],"about":[{"href":"https:\/\/www.organisator.ch\/en\/wp-json\/wp\/v2\/types\/post"}],"author":[{"embeddable":true,"href":"https:\/\/www.organisator.ch\/en\/wp-json\/wp\/v2\/users\/4"}],"replies":[{"embeddable":true,"href":"https:\/\/www.organisator.ch\/en\/wp-json\/wp\/v2\/comments?post=6417"}],"version-history":[{"count":0,"href":"https:\/\/www.organisator.ch\/en\/wp-json\/wp\/v2\/posts\/6417\/revisions"}],"wp:featuredmedia":[{"embeddable":true,"href":"https:\/\/www.organisator.ch\/en\/wp-json\/wp\/v2\/media\/6418"}],"wp:attachment":[{"href":"https:\/\/www.organisator.ch\/en\/wp-json\/wp\/v2\/media?parent=6417"}],"wp:term":[{"taxonomy":"category","embeddable":true,"href":"https:\/\/www.organisator.ch\/en\/wp-json\/wp\/v2\/categories?post=6417"},{"taxonomy":"post_tag","embeddable":true,"href":"https:\/\/www.organisator.ch\/en\/wp-json\/wp\/v2\/tags?post=6417"}],"curies":[{"name":"wp","href":"https:\/\/api.w.org\/{rel}","templated":true}]}}