{"id":646,"date":"2016-10-19T14:02:08","date_gmt":"2016-10-19T12:02:08","guid":{"rendered":"http:\/\/dev.organisator.ch\/?p=646"},"modified":"2016-10-19T14:02:08","modified_gmt":"2016-10-19T12:02:08","slug":"erster-xpert-circle-praxisnahe-diskussion","status":"publish","type":"post","link":"https:\/\/www.organisator.ch\/en\/allgemein\/2016-10-19\/erster-xpert-circle-praxisnahe-diskussion\/","title":{"rendered":"First Xpert Circle: Practical discussion"},"content":{"rendered":"<figure id=\"attachment_647\" aria-describedby=\"caption-attachment-647\" style=\"width: 640px\" class=\"wp-caption alignnone\"><img loading=\"lazy\" decoding=\"async\" class=\"size-full wp-image-647\" src=\"https:\/\/www.organisator.ch\/wp-content\/uploads\/2016\/12\/Erster-Xpert-Circle-Praxisnahe-Diskussion-organisator.jpg\" alt=\"\" width=\"640\" height=\"427\" srcset=\"https:\/\/www.organisator.ch\/wp-content\/uploads\/2016\/12\/Erster-Xpert-Circle-Praxisnahe-Diskussion-organisator.jpg 640w, https:\/\/www.organisator.ch\/wp-content\/uploads\/2016\/12\/Erster-Xpert-Circle-Praxisnahe-Diskussion-organisator-16x12.jpg 16w, https:\/\/www.organisator.ch\/wp-content\/uploads\/2016\/12\/Erster-Xpert-Circle-Praxisnahe-Diskussion-organisator-262x175.jpg 262w, https:\/\/www.organisator.ch\/wp-content\/uploads\/2016\/12\/Erster-Xpert-Circle-Praxisnahe-Diskussion-organisator-525x350.jpg 525w, https:\/\/www.organisator.ch\/wp-content\/uploads\/2016\/12\/Erster-Xpert-Circle-Praxisnahe-Diskussion-organisator-300x200.jpg 300w\" sizes=\"auto, (max-width: 640px) 100vw, 640px\" \/><figcaption id=\"caption-attachment-647\" class=\"wp-caption-text\">Digital leaders met at the first Xpert Cirlce of KV Zurich Business School. (Image: ZvG)<\/figcaption><\/figure>\n<blockquote><p>Digital must be a matter for the boss, but employees must be involved. Employee training is a key internal success factor, says Patrick Warnking, Country Director Google Switzerland.<\/p><\/blockquote>\n<p>Feedback and error culture are very important at Google. The founders face the questions and feedback of their employees every week. For Patrick Warnking, Country Director Google Switzerland, the digital transformation is not about technology. He believes that people should be the focus: Employees, customers, partners for innovation in the ecosystem.<\/p>\n<p><strong>Digitization - only a matter for the boss?<\/strong><\/p>\n<p>Dr. Nadine Stutz, Lead Digital Communications at Raiffeisen Switzerland, has a similar view: \"Digitization is a matter for the boss - you have to become a change manager yourself in order to actively accompany the switch from paper to digital. If you succeed, the benefits are immense. Knowledge is shared instead of stashed away. Learning organizations are created. However, obstacles on the way there can be ignorance or half-knowledge; clear structures and processes are needed, and expectations must be clarified.<\/p>\n<p>Seri Wada, founder of Seri Backhandwerk, is anathema to traditional marketing. He acts according to the motto: \"Done is better than perfect\", which means as much as: It's better to get a product to market quickly than to spend years quietly perfecting it. His goal is to make the best baguette possible. To do this, he cleverly uses feedback he receives via social media channels - he also occasionally Googles people who like him on Facebook and surprises them with a fresh baguette on the spot.<\/p>\n<p><strong>Error culture crucial<\/strong><\/p>\n<p>For Ren\u00e9 Maeder, Managing Director of XING Switzerland, a culture of mistakes is crucial. Self-employed people know this, but employees should also be allowed to try out their own things and make mistakes. However, many employees are afraid of this. Managers should actively encourage them to do so and set an example themselves.<\/p>\n<p>The event was moderated competently and charmingly by Vera Class, Managing Director Heartwork GmbH.<\/p>\n<p><em>The next Xpert Circle for executives from SMEs will already take place on December 15, 2016 at Sihlpost on the topic of \"Corporate Governance\". More about the event at:<\/em><\/p>\n<p><a href=\"http:\/\/www.kvz-weiterbildung.ch\" target=\"_blank\" rel=\"noreferrer noopener\" data-cke-saved-href=\"http:\/\/www.kvz-weiterbildung.ch\">www.kvz-weiterbildung.ch<\/a><\/p>","protected":false},"excerpt":{"rendered":"<p>Digital muss Chefsache sein, aber die Mitarbeitenden m\u00fcssen mitgenommen werden. Fortbildung der Mitarbeitenden ist ein zentraler interner Erfolgsfaktor, sagt Patrick Warnking, Country Director Google Schweiz. Feedback- und Fehlerkultur sind bei Google sehr wichtig. Die Gr\u00fcnder stellen sich jede Woche den Fragen und dem Feedback ihrer Mitarbeitenden. F\u00fcr Patrick Warnking, Country Director Google Schweiz steht bei [&hellip;]<\/p>\n","protected":false},"author":1,"featured_media":647,"comment_status":"open","ping_status":"open","sticky":false,"template":"","format":"standard","meta":{"_acf_changed":false,"_yoast_wpseo_focuskw":"Xpert Circle","_yoast_wpseo_metadesc":"Am 12. Oktober 2016 fand der erste Xpert Circle der KV Z\u00fcrich Business School im Bildungszentrum Sihlpost statt.","articlekey":"","footnotes":""},"categories":[1],"tags":[469],"class_list":["post-646","post","type-post","status-publish","format-standard","has-post-thumbnail","hentry","category-allgemein","tag-tagungen-events"],"acf":[],"yoast_head":"<!-- This site is optimized with the Yoast SEO plugin v27.5 - https:\/\/yoast.com\/product\/yoast-seo-wordpress\/ -->\n<title>Erster Xpert Circle: Praxisnahe Diskussion - Organisator<\/title>\n<meta name=\"description\" content=\"Am 12. Oktober 2016 fand der erste Xpert Circle der KV Z\u00fcrich Business School im Bildungszentrum Sihlpost statt.\" \/>\n<meta name=\"robots\" content=\"index, follow, max-snippet:-1, max-image-preview:large, max-video-preview:-1\" \/>\n<link rel=\"canonical\" href=\"https:\/\/www.organisator.ch\/en\/general\/2016-10-19\/erster-xpert-circle-praxisnahe-diskussion\/\" \/>\n<meta property=\"og:locale\" content=\"en_US\" \/>\n<meta property=\"og:type\" content=\"article\" \/>\n<meta property=\"og:title\" content=\"Erster Xpert Circle: Praxisnahe Diskussion\" \/>\n<meta property=\"og:description\" content=\"Am 12. Oktober 2016 fand der erste Xpert Circle der KV Z\u00fcrich Business School im Bildungszentrum Sihlpost statt. Dieses Mal stand die Digitalisierung im Mittelpunkt der Veranstaltung. Rund 70 G\u00e4ste folgten den Ausf\u00fchrungen der hochkar\u00e4tigen Referenten zum Thema \u201eDigital Business Transformation \u2013 erfolgreiche Strategien im digitalen Zeitalter\u201c.\" \/>\n<meta property=\"og:url\" content=\"https:\/\/www.organisator.ch\/en\/general\/2016-10-19\/erster-xpert-circle-praxisnahe-diskussion\/\" \/>\n<meta property=\"og:site_name\" content=\"Organisator\" \/>\n<meta property=\"article:publisher\" content=\"https:\/\/www.facebook.com\/OrganisatorFachmagazin\" \/>\n<meta property=\"article:published_time\" content=\"2016-10-19T12:02:08+00:00\" \/>\n<meta name=\"author\" content=\"admin\" \/>\n<meta name=\"twitter:card\" content=\"summary_large_image\" \/>\n<meta name=\"twitter:image\" content=\"https:\/\/www.organisator.ch\/wp-content\/uploads\/2016\/12\/Erster-Xpert-Circle-Praxisnahe-Diskussion-organisator.jpg\" \/>\n<script type=\"application\/ld+json\" class=\"yoast-schema-graph\">{\"@context\":\"https:\\\/\\\/schema.org\",\"@graph\":[{\"@type\":\"Article\",\"@id\":\"https:\\\/\\\/www.organisator.ch\\\/it\\\/generale\\\/2016-10-19\\\/erster-xpert-circle-praxisnahe-diskussion\\\/#article\",\"isPartOf\":{\"@id\":\"https:\\\/\\\/www.organisator.ch\\\/it\\\/generale\\\/2016-10-19\\\/erster-xpert-circle-praxisnahe-diskussion\\\/\"},\"author\":{\"name\":\"admin\",\"@id\":\"https:\\\/\\\/www.organisator.ch\\\/#\\\/schema\\\/person\\\/aa2bace6c5c5aad60102004a50c4eb1c\"},\"headline\":\"Erster Xpert Circle: Praxisnahe Diskussion\",\"datePublished\":\"2016-10-19T12:02:08+00:00\",\"mainEntityOfPage\":{\"@id\":\"https:\\\/\\\/www.organisator.ch\\\/it\\\/generale\\\/2016-10-19\\\/erster-xpert-circle-praxisnahe-diskussion\\\/\"},\"wordCount\":382,\"commentCount\":0,\"publisher\":{\"@id\":\"https:\\\/\\\/www.organisator.ch\\\/#organization\"},\"image\":{\"@id\":\"https:\\\/\\\/www.organisator.ch\\\/it\\\/generale\\\/2016-10-19\\\/erster-xpert-circle-praxisnahe-diskussion\\\/#primaryimage\"},\"thumbnailUrl\":\"https:\\\/\\\/www.organisator.ch\\\/wp-content\\\/uploads\\\/2016\\\/12\\\/Erster-Xpert-Circle-Praxisnahe-Diskussion-organisator.jpg\",\"keywords\":[\"Tagungen &amp; Events\"],\"articleSection\":[\"Allgemein\"],\"inLanguage\":\"en-US\"},{\"@type\":\"WebPage\",\"@id\":\"https:\\\/\\\/www.organisator.ch\\\/it\\\/generale\\\/2016-10-19\\\/erster-xpert-circle-praxisnahe-diskussion\\\/\",\"url\":\"https:\\\/\\\/www.organisator.ch\\\/it\\\/generale\\\/2016-10-19\\\/erster-xpert-circle-praxisnahe-diskussion\\\/\",\"name\":\"Erster Xpert Circle: Praxisnahe Diskussion - Organisator\",\"isPartOf\":{\"@id\":\"https:\\\/\\\/www.organisator.ch\\\/#website\"},\"primaryImageOfPage\":{\"@id\":\"https:\\\/\\\/www.organisator.ch\\\/it\\\/generale\\\/2016-10-19\\\/erster-xpert-circle-praxisnahe-diskussion\\\/#primaryimage\"},\"image\":{\"@id\":\"https:\\\/\\\/www.organisator.ch\\\/it\\\/generale\\\/2016-10-19\\\/erster-xpert-circle-praxisnahe-diskussion\\\/#primaryimage\"},\"thumbnailUrl\":\"https:\\\/\\\/www.organisator.ch\\\/wp-content\\\/uploads\\\/2016\\\/12\\\/Erster-Xpert-Circle-Praxisnahe-Diskussion-organisator.jpg\",\"datePublished\":\"2016-10-19T12:02:08+00:00\",\"description\":\"Am 12. Oktober 2016 fand der erste Xpert Circle der KV Z\u00fcrich Business School im Bildungszentrum Sihlpost statt.\",\"breadcrumb\":{\"@id\":\"https:\\\/\\\/www.organisator.ch\\\/it\\\/generale\\\/2016-10-19\\\/erster-xpert-circle-praxisnahe-diskussion\\\/#breadcrumb\"},\"inLanguage\":\"en-US\",\"potentialAction\":[{\"@type\":\"ReadAction\",\"target\":[\"https:\\\/\\\/www.organisator.ch\\\/it\\\/generale\\\/2016-10-19\\\/erster-xpert-circle-praxisnahe-diskussion\\\/\"]}]},{\"@type\":\"ImageObject\",\"inLanguage\":\"en-US\",\"@id\":\"https:\\\/\\\/www.organisator.ch\\\/it\\\/generale\\\/2016-10-19\\\/erster-xpert-circle-praxisnahe-diskussion\\\/#primaryimage\",\"url\":\"https:\\\/\\\/www.organisator.ch\\\/wp-content\\\/uploads\\\/2016\\\/12\\\/Erster-Xpert-Circle-Praxisnahe-Diskussion-organisator.jpg\",\"contentUrl\":\"https:\\\/\\\/www.organisator.ch\\\/wp-content\\\/uploads\\\/2016\\\/12\\\/Erster-Xpert-Circle-Praxisnahe-Diskussion-organisator.jpg\",\"width\":640,\"height\":427,\"caption\":\"Am ersten Xpert Cirlce der KV Z\u00fcrich Business School trafen sich digitale Leader. (Bild: ZvG)\"},{\"@type\":\"BreadcrumbList\",\"@id\":\"https:\\\/\\\/www.organisator.ch\\\/it\\\/generale\\\/2016-10-19\\\/erster-xpert-circle-praxisnahe-diskussion\\\/#breadcrumb\",\"itemListElement\":[{\"@type\":\"ListItem\",\"position\":1,\"name\":\"Home\",\"item\":\"https:\\\/\\\/www.organisator.ch\\\/\"},{\"@type\":\"ListItem\",\"position\":2,\"name\":\"Erster Xpert Circle: Praxisnahe Diskussion\"}]},{\"@type\":\"WebSite\",\"@id\":\"https:\\\/\\\/www.organisator.ch\\\/#website\",\"url\":\"https:\\\/\\\/www.organisator.ch\\\/\",\"name\":\"Organisator\",\"description\":\"Kompetent. Praxisnah. Der ORGANISATOR bereitet in 10 Ausgaben pro Jahr die wesentlichen Themen f\u00fcr F\u00fchrungskr\u00e4fte von KMU auf.\",\"publisher\":{\"@id\":\"https:\\\/\\\/www.organisator.ch\\\/#organization\"},\"potentialAction\":[{\"@type\":\"SearchAction\",\"target\":{\"@type\":\"EntryPoint\",\"urlTemplate\":\"https:\\\/\\\/www.organisator.ch\\\/?s={search_term_string}\"},\"query-input\":{\"@type\":\"PropertyValueSpecification\",\"valueRequired\":true,\"valueName\":\"search_term_string\"}}],\"inLanguage\":\"en-US\"},{\"@type\":\"Organization\",\"@id\":\"https:\\\/\\\/www.organisator.ch\\\/#organization\",\"name\":\"Organisator\",\"url\":\"https:\\\/\\\/www.organisator.ch\\\/\",\"logo\":{\"@type\":\"ImageObject\",\"inLanguage\":\"en-US\",\"@id\":\"https:\\\/\\\/www.organisator.ch\\\/#\\\/schema\\\/logo\\\/image\\\/\",\"url\":\"https:\\\/\\\/www.organisator.ch\\\/wp-content\\\/uploads\\\/2022\\\/01\\\/Logo_Organisator_Website.png\",\"contentUrl\":\"https:\\\/\\\/www.organisator.ch\\\/wp-content\\\/uploads\\\/2022\\\/01\\\/Logo_Organisator_Website.png\",\"width\":800,\"height\":77,\"caption\":\"Organisator\"},\"image\":{\"@id\":\"https:\\\/\\\/www.organisator.ch\\\/#\\\/schema\\\/logo\\\/image\\\/\"},\"sameAs\":[\"https:\\\/\\\/www.facebook.com\\\/OrganisatorFachmagazin\",\"https:\\\/\\\/www.linkedin.com\\\/showcase\\\/organisator-das-magazin-fr-kmu\",\"https:\\\/\\\/www.xing.com\\\/news\\\/pages\\\/organisator-ch-695\",\"https:\\\/\\\/www.youtube.com\\\/channel\\\/UCGP2Sq0iWaZwT3BdIAQFYpw\"]},{\"@type\":\"Person\",\"@id\":\"https:\\\/\\\/www.organisator.ch\\\/#\\\/schema\\\/person\\\/aa2bace6c5c5aad60102004a50c4eb1c\",\"name\":\"admin\",\"image\":{\"@type\":\"ImageObject\",\"inLanguage\":\"en-US\",\"@id\":\"https:\\\/\\\/secure.gravatar.com\\\/avatar\\\/ae2f4d718e6c49043e314ce431e7e645d646302a24a5ef5a8bc8e3f5a032e319?s=96&d=mm&r=g\",\"url\":\"https:\\\/\\\/secure.gravatar.com\\\/avatar\\\/ae2f4d718e6c49043e314ce431e7e645d646302a24a5ef5a8bc8e3f5a032e319?s=96&d=mm&r=g\",\"contentUrl\":\"https:\\\/\\\/secure.gravatar.com\\\/avatar\\\/ae2f4d718e6c49043e314ce431e7e645d646302a24a5ef5a8bc8e3f5a032e319?s=96&d=mm&r=g\",\"caption\":\"admin\"},\"sameAs\":[\"https:\\\/\\\/www.organisator.ch\"],\"url\":\"https:\\\/\\\/www.organisator.ch\\\/en\\\/author\\\/admin\\\/\"}]}<\/script>\n<!-- \/ Yoast SEO plugin. -->","yoast_head_json":{"title":"First Xpert Circle: Practical discussion - Organizer","description":"On October 12, 2016, the first Xpert Circle of the KV Zurich Business School took place at the Sihlpost Education Center.","robots":{"index":"index","follow":"follow","max-snippet":"max-snippet:-1","max-image-preview":"max-image-preview:large","max-video-preview":"max-video-preview:-1"},"canonical":"https:\/\/www.organisator.ch\/en\/general\/2016-10-19\/erster-xpert-circle-praxisnahe-diskussion\/","og_locale":"en_US","og_type":"article","og_title":"Erster Xpert Circle: Praxisnahe Diskussion","og_description":"Am 12. Oktober 2016 fand der erste Xpert Circle der KV Z\u00fcrich Business School im Bildungszentrum Sihlpost statt. Dieses Mal stand die Digitalisierung im Mittelpunkt der Veranstaltung. Rund 70 G\u00e4ste folgten den Ausf\u00fchrungen der hochkar\u00e4tigen Referenten zum Thema \u201eDigital Business Transformation \u2013 erfolgreiche Strategien im digitalen Zeitalter\u201c.","og_url":"https:\/\/www.organisator.ch\/en\/general\/2016-10-19\/erster-xpert-circle-praxisnahe-diskussion\/","og_site_name":"Organisator","article_publisher":"https:\/\/www.facebook.com\/OrganisatorFachmagazin","article_published_time":"2016-10-19T12:02:08+00:00","author":"admin","twitter_card":"summary_large_image","twitter_image":"https:\/\/www.organisator.ch\/wp-content\/uploads\/2016\/12\/Erster-Xpert-Circle-Praxisnahe-Diskussion-organisator.jpg","schema":{"@context":"https:\/\/schema.org","@graph":[{"@type":"Article","@id":"https:\/\/www.organisator.ch\/it\/generale\/2016-10-19\/erster-xpert-circle-praxisnahe-diskussion\/#article","isPartOf":{"@id":"https:\/\/www.organisator.ch\/it\/generale\/2016-10-19\/erster-xpert-circle-praxisnahe-diskussion\/"},"author":{"name":"admin","@id":"https:\/\/www.organisator.ch\/#\/schema\/person\/aa2bace6c5c5aad60102004a50c4eb1c"},"headline":"Erster Xpert Circle: Praxisnahe Diskussion","datePublished":"2016-10-19T12:02:08+00:00","mainEntityOfPage":{"@id":"https:\/\/www.organisator.ch\/it\/generale\/2016-10-19\/erster-xpert-circle-praxisnahe-diskussion\/"},"wordCount":382,"commentCount":0,"publisher":{"@id":"https:\/\/www.organisator.ch\/#organization"},"image":{"@id":"https:\/\/www.organisator.ch\/it\/generale\/2016-10-19\/erster-xpert-circle-praxisnahe-diskussion\/#primaryimage"},"thumbnailUrl":"https:\/\/www.organisator.ch\/wp-content\/uploads\/2016\/12\/Erster-Xpert-Circle-Praxisnahe-Diskussion-organisator.jpg","keywords":["Tagungen &amp; Events"],"articleSection":["Allgemein"],"inLanguage":"en-US"},{"@type":"WebPage","@id":"https:\/\/www.organisator.ch\/it\/generale\/2016-10-19\/erster-xpert-circle-praxisnahe-diskussion\/","url":"https:\/\/www.organisator.ch\/it\/generale\/2016-10-19\/erster-xpert-circle-praxisnahe-diskussion\/","name":"First Xpert Circle: Practical discussion - Organizer","isPartOf":{"@id":"https:\/\/www.organisator.ch\/#website"},"primaryImageOfPage":{"@id":"https:\/\/www.organisator.ch\/it\/generale\/2016-10-19\/erster-xpert-circle-praxisnahe-diskussion\/#primaryimage"},"image":{"@id":"https:\/\/www.organisator.ch\/it\/generale\/2016-10-19\/erster-xpert-circle-praxisnahe-diskussion\/#primaryimage"},"thumbnailUrl":"https:\/\/www.organisator.ch\/wp-content\/uploads\/2016\/12\/Erster-Xpert-Circle-Praxisnahe-Diskussion-organisator.jpg","datePublished":"2016-10-19T12:02:08+00:00","description":"On October 12, 2016, the first Xpert Circle of the KV Zurich Business School took place at the Sihlpost Education Center.","breadcrumb":{"@id":"https:\/\/www.organisator.ch\/it\/generale\/2016-10-19\/erster-xpert-circle-praxisnahe-diskussion\/#breadcrumb"},"inLanguage":"en-US","potentialAction":[{"@type":"ReadAction","target":["https:\/\/www.organisator.ch\/it\/generale\/2016-10-19\/erster-xpert-circle-praxisnahe-diskussion\/"]}]},{"@type":"ImageObject","inLanguage":"en-US","@id":"https:\/\/www.organisator.ch\/it\/generale\/2016-10-19\/erster-xpert-circle-praxisnahe-diskussion\/#primaryimage","url":"https:\/\/www.organisator.ch\/wp-content\/uploads\/2016\/12\/Erster-Xpert-Circle-Praxisnahe-Diskussion-organisator.jpg","contentUrl":"https:\/\/www.organisator.ch\/wp-content\/uploads\/2016\/12\/Erster-Xpert-Circle-Praxisnahe-Diskussion-organisator.jpg","width":640,"height":427,"caption":"Am ersten Xpert Cirlce der KV Z\u00fcrich Business School trafen sich digitale Leader. (Bild: ZvG)"},{"@type":"BreadcrumbList","@id":"https:\/\/www.organisator.ch\/it\/generale\/2016-10-19\/erster-xpert-circle-praxisnahe-diskussion\/#breadcrumb","itemListElement":[{"@type":"ListItem","position":1,"name":"Home","item":"https:\/\/www.organisator.ch\/"},{"@type":"ListItem","position":2,"name":"Erster Xpert Circle: Praxisnahe Diskussion"}]},{"@type":"WebSite","@id":"https:\/\/www.organisator.ch\/#website","url":"https:\/\/www.organisator.ch\/","name":"Organizer","description":"Competent. Practical. In 10 issues per year, ORGANISATOR presents the essential topics for managers of SMEs.","publisher":{"@id":"https:\/\/www.organisator.ch\/#organization"},"potentialAction":[{"@type":"SearchAction","target":{"@type":"EntryPoint","urlTemplate":"https:\/\/www.organisator.ch\/?s={search_term_string}"},"query-input":{"@type":"PropertyValueSpecification","valueRequired":true,"valueName":"search_term_string"}}],"inLanguage":"en-US"},{"@type":"Organization","@id":"https:\/\/www.organisator.ch\/#organization","name":"Organizer","url":"https:\/\/www.organisator.ch\/","logo":{"@type":"ImageObject","inLanguage":"en-US","@id":"https:\/\/www.organisator.ch\/#\/schema\/logo\/image\/","url":"https:\/\/www.organisator.ch\/wp-content\/uploads\/2022\/01\/Logo_Organisator_Website.png","contentUrl":"https:\/\/www.organisator.ch\/wp-content\/uploads\/2022\/01\/Logo_Organisator_Website.png","width":800,"height":77,"caption":"Organisator"},"image":{"@id":"https:\/\/www.organisator.ch\/#\/schema\/logo\/image\/"},"sameAs":["https:\/\/www.facebook.com\/OrganisatorFachmagazin","https:\/\/www.linkedin.com\/showcase\/organisator-das-magazin-fr-kmu","https:\/\/www.xing.com\/news\/pages\/organisator-ch-695","https:\/\/www.youtube.com\/channel\/UCGP2Sq0iWaZwT3BdIAQFYpw"]},{"@type":"Person","@id":"https:\/\/www.organisator.ch\/#\/schema\/person\/aa2bace6c5c5aad60102004a50c4eb1c","name":"admin","image":{"@type":"ImageObject","inLanguage":"en-US","@id":"https:\/\/secure.gravatar.com\/avatar\/ae2f4d718e6c49043e314ce431e7e645d646302a24a5ef5a8bc8e3f5a032e319?s=96&d=mm&r=g","url":"https:\/\/secure.gravatar.com\/avatar\/ae2f4d718e6c49043e314ce431e7e645d646302a24a5ef5a8bc8e3f5a032e319?s=96&d=mm&r=g","contentUrl":"https:\/\/secure.gravatar.com\/avatar\/ae2f4d718e6c49043e314ce431e7e645d646302a24a5ef5a8bc8e3f5a032e319?s=96&d=mm&r=g","caption":"admin"},"sameAs":["https:\/\/www.organisator.ch"],"url":"https:\/\/www.organisator.ch\/en\/author\/admin\/"}]}},"_links":{"self":[{"href":"https:\/\/www.organisator.ch\/en\/wp-json\/wp\/v2\/posts\/646","targetHints":{"allow":["GET"]}}],"collection":[{"href":"https:\/\/www.organisator.ch\/en\/wp-json\/wp\/v2\/posts"}],"about":[{"href":"https:\/\/www.organisator.ch\/en\/wp-json\/wp\/v2\/types\/post"}],"author":[{"embeddable":true,"href":"https:\/\/www.organisator.ch\/en\/wp-json\/wp\/v2\/users\/1"}],"replies":[{"embeddable":true,"href":"https:\/\/www.organisator.ch\/en\/wp-json\/wp\/v2\/comments?post=646"}],"version-history":[{"count":0,"href":"https:\/\/www.organisator.ch\/en\/wp-json\/wp\/v2\/posts\/646\/revisions"}],"wp:featuredmedia":[{"embeddable":true,"href":"https:\/\/www.organisator.ch\/en\/wp-json\/wp\/v2\/media\/647"}],"wp:attachment":[{"href":"https:\/\/www.organisator.ch\/en\/wp-json\/wp\/v2\/media?parent=646"}],"wp:term":[{"taxonomy":"category","embeddable":true,"href":"https:\/\/www.organisator.ch\/en\/wp-json\/wp\/v2\/categories?post=646"},{"taxonomy":"post_tag","embeddable":true,"href":"https:\/\/www.organisator.ch\/en\/wp-json\/wp\/v2\/tags?post=646"}],"curies":[{"name":"wp","href":"https:\/\/api.w.org\/{rel}","templated":true}]}}