{"id":6462,"date":"2020-03-16T17:57:21","date_gmt":"2020-03-16T16:57:21","guid":{"rendered":"https:\/\/www.organisator.ch\/?p=6462"},"modified":"2020-03-16T17:57:21","modified_gmt":"2020-03-16T16:57:21","slug":"bundesrat-beschliesst-verschaerfte-massnahmen-kmu-sollen-hilfe-erhalten","status":"publish","type":"post","link":"https:\/\/www.organisator.ch\/en\/management\/2020-03-16\/bundesrat-beschliesst-verschaerfte-massnahmen-kmu-sollen-hilfe-erhalten\/","title":{"rendered":"Federal Council decides on stricter measures - SMEs to receive assistance"},"content":{"rendered":"<figure id=\"attachment_6463\" aria-describedby=\"caption-attachment-6463\" style=\"width: 680px\" class=\"wp-caption alignnone\"><img loading=\"lazy\" decoding=\"async\" class=\"size-medium wp-image-6463\" src=\"https:\/\/www.organisator.ch\/wp-content\/uploads\/2020\/03\/Bundesrat-beschliesst-verschaerfte-Massnahmen-KMU-sollen-Hilfe-erhalten_Organisator.jpg\" alt=\"\" width=\"680\" height=\"251\" srcset=\"https:\/\/www.organisator.ch\/wp-content\/uploads\/2020\/03\/Bundesrat-beschliesst-verschaerfte-Massnahmen-KMU-sollen-Hilfe-erhalten_Organisator.jpg 680w, https:\/\/www.organisator.ch\/wp-content\/uploads\/2020\/03\/Bundesrat-beschliesst-verschaerfte-Massnahmen-KMU-sollen-Hilfe-erhalten_Organisator-16x6.jpg 16w, https:\/\/www.organisator.ch\/wp-content\/uploads\/2020\/03\/Bundesrat-beschliesst-verschaerfte-Massnahmen-KMU-sollen-Hilfe-erhalten_Organisator-375x138.jpg 375w, https:\/\/www.organisator.ch\/wp-content\/uploads\/2020\/03\/Bundesrat-beschliesst-verschaerfte-Massnahmen-KMU-sollen-Hilfe-erhalten_Organisator-300x111.jpg 300w\" sizes=\"auto, (max-width: 680px) 100vw, 680px\" \/><figcaption id=\"caption-attachment-6463\" class=\"wp-caption-text\">Tougher measures against the coronavirus are hitting the Swiss SME sector. The federal government is calling for solidarity. (Image: Pixabay.com)<\/figcaption><\/figure>\n<p>Today, March 16, 2020, from midnight, public and private events are prohibited. All stores, markets, restaurants, bars and entertainment and leisure establishments such as museums, libraries, cinemas, concert halls and theaters, sports centers, swimming pools and ski resorts will be closed. Likewise, establishments where the distance cannot be kept, such as hairdressing salons or beauty salons, will be closed. Such tightened measures are now necessary to stop the further spread of the coronavirus.<\/p>\n<h2>Supply ensured<\/h2>\n<p>The supply of the entire population with food, medicines and goods for daily use is ensured, sufficient stocks have been built up, the Federal Council informs. Grocery stores, takeaways, company canteens, meal delivery services and pharmacies will remain open, as will gas stations, train stations, banks, post offices, hotels, public administration and social services. Workshops for means of transportation, may also remain open. All these establishments must comply with the recommendations of the Federal Office of Public Health on distance and hygiene. Hospitals, clinics and doctors' offices remain open, but must refrain from medical procedures and therapies that are not urgently indicated. People who are particularly at risk do their work at home. If this is not possible, they are given leave by their employer. They continue to receive their wages.<\/p>\n<p>The Federal Council also calls on the population to avoid all unnecessary contact, to keep their distance and to follow hygiene measures. It also calls on the elderly population in particular to stay at home.<\/p>\n<h2>Support for SMEs in prospect<\/h2>\n<p>The Federal Council is holding out the prospect of unbureaucratic help for the hard-hit economy. For example, the deadlines for applying for short-time work compensation have been reduced. This means that companies will only have to pay for the loss of one day's work themselves. Bridging loans by means of guarantees have also been announced. This is intended to cushion companies' liquidity bottlenecks. Industry associations such as Swissmechanic welcome these measures.<\/p>\n<p><em>Source:<a href=\"http:\/\/www.admin.ch\"> www.admin.ch<\/a><\/em><\/p>\n<p>&nbsp;<\/p>","protected":false},"excerpt":{"rendered":"<p>Heute, 16. M\u00e4rz 2020, ab Mitternacht sind \u00f6ffentliche und private Veranstaltungen verboten. Alle L\u00e4den, M\u00e4rkte, Restaurants, Bars sowie Unterhaltungs- und Freizeitbetriebe wie Museen, Bibliotheken, Kinos, Konzert- und Theaterh\u00e4user, Sportzentren, Schwimmb\u00e4der und Skigebiete werden geschlossen. Ebenso werden Betriebe geschlossen, in denen das Abstand halten nicht eingehalten werden kann, wie Coiffeursalons oder Kosmetikstudios. Derart versch\u00e4rfte Massnahmen seien [&hellip;]<\/p>\n","protected":false},"author":4,"featured_media":6463,"comment_status":"closed","ping_status":"closed","sticky":false,"template":"","format":"standard","meta":{"_acf_changed":false,"_yoast_wpseo_focuskw":"versch\u00e4rfte Massnahmen","_yoast_wpseo_metadesc":"Der Bundesrat setzt versch\u00e4rfte Massnahmen zum Schutz der Bev\u00f6lkerung in Kraft - mit einschneidenden Auswirkungen f\u00fcr die KMU-Wirtschaft.","articlekey":"","footnotes":""},"categories":[28],"tags":[132,315,335,492,531],"class_list":["post-6462","post","type-post","status-publish","format-standard","has-post-thumbnail","hentry","category-management","tag-coronavirus","tag-krisenmanagement","tag-management-und-unternehmensfuehrung","tag-unternehmen","tag-wirtschaftspolitik"],"acf":[],"yoast_head":"<!-- This site is optimized with the Yoast SEO plugin v27.5 - https:\/\/yoast.com\/product\/yoast-seo-wordpress\/ -->\n<title>Bundesrat beschliesst versch\u00e4rfte Massnahmen - KMU sollen Hilfe erhalten - Organisator<\/title>\n<meta name=\"description\" content=\"Der Bundesrat setzt versch\u00e4rfte Massnahmen zum Schutz der Bev\u00f6lkerung in Kraft - mit einschneidenden Auswirkungen f\u00fcr die KMU-Wirtschaft.\" \/>\n<meta name=\"robots\" content=\"index, follow, max-snippet:-1, max-image-preview:large, max-video-preview:-1\" \/>\n<link rel=\"canonical\" href=\"https:\/\/www.organisator.ch\/en\/management\/2020-03-16\/bundesrat-beschliesst-verschaerfte-massnahmen-kmu-sollen-hilfe-erhalten\/\" \/>\n<meta property=\"og:locale\" content=\"en_US\" \/>\n<meta property=\"og:type\" content=\"article\" \/>\n<meta property=\"og:title\" content=\"Bundesrat beschliesst versch\u00e4rfte Massnahmen - KMU sollen Hilfe erhalten\" \/>\n<meta property=\"og:description\" content=\"Der Bundesrat setzt versch\u00e4rfte Massnahmen zum Schutz der Bev\u00f6lkerung in Kraft - mit einschneidenden Auswirkungen f\u00fcr die KMU-Wirtschaft.\" \/>\n<meta property=\"og:url\" content=\"https:\/\/www.organisator.ch\/en\/management\/2020-03-16\/bundesrat-beschliesst-verschaerfte-massnahmen-kmu-sollen-hilfe-erhalten\/\" \/>\n<meta property=\"og:site_name\" content=\"Organisator\" \/>\n<meta property=\"article:publisher\" content=\"https:\/\/www.facebook.com\/OrganisatorFachmagazin\" \/>\n<meta property=\"article:published_time\" content=\"2020-03-16T16:57:21+00:00\" \/>\n<meta property=\"og:image\" content=\"https:\/\/www.organisator.ch\/wp-content\/uploads\/2020\/03\/Bundesrat-beschliesst-verschaerfte-Massnahmen-KMU-sollen-Hilfe-erhalten_Organisator.jpg\" \/>\n\t<meta property=\"og:image:width\" content=\"680\" \/>\n\t<meta property=\"og:image:height\" content=\"251\" \/>\n\t<meta property=\"og:image:type\" content=\"image\/jpeg\" \/>\n<meta name=\"author\" content=\"thomas.berner\" \/>\n<meta name=\"twitter:card\" content=\"summary_large_image\" \/>\n<meta name=\"twitter:title\" content=\"Bundesrat beschliesst versch\u00e4rfte Massnahmen - KMU sollen Hilfe erhalten\" \/>\n<meta name=\"twitter:description\" content=\"Der Bundesrat setzt versch\u00e4rfte Massnahmen zum Schutz der Bev\u00f6lkerung in Kraft - mit einschneidenden Auswirkungen f\u00fcr die KMU-Wirtschaft.\" \/>\n<meta name=\"twitter:image\" content=\"https:\/\/www.organisator.ch\/wp-content\/uploads\/2020\/03\/Bundesrat-beschliesst-verschaerfte-Massnahmen-KMU-sollen-Hilfe-erhalten_Organisator.jpg\" \/>\n<script type=\"application\/ld+json\" class=\"yoast-schema-graph\">{\"@context\":\"https:\\\/\\\/schema.org\",\"@graph\":[{\"@type\":\"Article\",\"@id\":\"https:\\\/\\\/www.organisator.ch\\\/management\\\/2020-03-16\\\/bundesrat-beschliesst-verschaerfte-massnahmen-kmu-sollen-hilfe-erhalten\\\/#article\",\"isPartOf\":{\"@id\":\"https:\\\/\\\/www.organisator.ch\\\/management\\\/2020-03-16\\\/bundesrat-beschliesst-verschaerfte-massnahmen-kmu-sollen-hilfe-erhalten\\\/\"},\"author\":{\"name\":\"thomas.berner\",\"@id\":\"https:\\\/\\\/www.organisator.ch\\\/#\\\/schema\\\/person\\\/6f650f90b2842cd4c0cc334b4e36f67e\"},\"headline\":\"Bundesrat beschliesst versch\u00e4rfte Massnahmen &#8211; KMU sollen Hilfe erhalten\",\"datePublished\":\"2020-03-16T16:57:21+00:00\",\"mainEntityOfPage\":{\"@id\":\"https:\\\/\\\/www.organisator.ch\\\/management\\\/2020-03-16\\\/bundesrat-beschliesst-verschaerfte-massnahmen-kmu-sollen-hilfe-erhalten\\\/\"},\"wordCount\":353,\"publisher\":{\"@id\":\"https:\\\/\\\/www.organisator.ch\\\/#organization\"},\"image\":{\"@id\":\"https:\\\/\\\/www.organisator.ch\\\/management\\\/2020-03-16\\\/bundesrat-beschliesst-verschaerfte-massnahmen-kmu-sollen-hilfe-erhalten\\\/#primaryimage\"},\"thumbnailUrl\":\"https:\\\/\\\/www.organisator.ch\\\/wp-content\\\/uploads\\\/2020\\\/03\\\/Bundesrat-beschliesst-verschaerfte-Massnahmen-KMU-sollen-Hilfe-erhalten_Organisator.jpg\",\"keywords\":[\"Coronavirus\",\"Krisenmanagement\",\"Management und Unternehmensf\u00fchrung\",\"Unternehmen\",\"Wirtschaftspolitik\"],\"articleSection\":[\"MANAGEMENT\"],\"inLanguage\":\"en-US\"},{\"@type\":\"WebPage\",\"@id\":\"https:\\\/\\\/www.organisator.ch\\\/management\\\/2020-03-16\\\/bundesrat-beschliesst-verschaerfte-massnahmen-kmu-sollen-hilfe-erhalten\\\/\",\"url\":\"https:\\\/\\\/www.organisator.ch\\\/management\\\/2020-03-16\\\/bundesrat-beschliesst-verschaerfte-massnahmen-kmu-sollen-hilfe-erhalten\\\/\",\"name\":\"Bundesrat beschliesst versch\u00e4rfte Massnahmen - KMU sollen Hilfe erhalten - Organisator\",\"isPartOf\":{\"@id\":\"https:\\\/\\\/www.organisator.ch\\\/#website\"},\"primaryImageOfPage\":{\"@id\":\"https:\\\/\\\/www.organisator.ch\\\/management\\\/2020-03-16\\\/bundesrat-beschliesst-verschaerfte-massnahmen-kmu-sollen-hilfe-erhalten\\\/#primaryimage\"},\"image\":{\"@id\":\"https:\\\/\\\/www.organisator.ch\\\/management\\\/2020-03-16\\\/bundesrat-beschliesst-verschaerfte-massnahmen-kmu-sollen-hilfe-erhalten\\\/#primaryimage\"},\"thumbnailUrl\":\"https:\\\/\\\/www.organisator.ch\\\/wp-content\\\/uploads\\\/2020\\\/03\\\/Bundesrat-beschliesst-verschaerfte-Massnahmen-KMU-sollen-Hilfe-erhalten_Organisator.jpg\",\"datePublished\":\"2020-03-16T16:57:21+00:00\",\"description\":\"Der Bundesrat setzt versch\u00e4rfte Massnahmen zum Schutz der Bev\u00f6lkerung in Kraft - mit einschneidenden Auswirkungen f\u00fcr die KMU-Wirtschaft.\",\"breadcrumb\":{\"@id\":\"https:\\\/\\\/www.organisator.ch\\\/management\\\/2020-03-16\\\/bundesrat-beschliesst-verschaerfte-massnahmen-kmu-sollen-hilfe-erhalten\\\/#breadcrumb\"},\"inLanguage\":\"en-US\",\"potentialAction\":[{\"@type\":\"ReadAction\",\"target\":[\"https:\\\/\\\/www.organisator.ch\\\/management\\\/2020-03-16\\\/bundesrat-beschliesst-verschaerfte-massnahmen-kmu-sollen-hilfe-erhalten\\\/\"]}]},{\"@type\":\"ImageObject\",\"inLanguage\":\"en-US\",\"@id\":\"https:\\\/\\\/www.organisator.ch\\\/management\\\/2020-03-16\\\/bundesrat-beschliesst-verschaerfte-massnahmen-kmu-sollen-hilfe-erhalten\\\/#primaryimage\",\"url\":\"https:\\\/\\\/www.organisator.ch\\\/wp-content\\\/uploads\\\/2020\\\/03\\\/Bundesrat-beschliesst-verschaerfte-Massnahmen-KMU-sollen-Hilfe-erhalten_Organisator.jpg\",\"contentUrl\":\"https:\\\/\\\/www.organisator.ch\\\/wp-content\\\/uploads\\\/2020\\\/03\\\/Bundesrat-beschliesst-verschaerfte-Massnahmen-KMU-sollen-Hilfe-erhalten_Organisator.jpg\",\"width\":680,\"height\":251,\"caption\":\"Versch\u00e4rfte Massnahmen gegen das Coronavirus treffen die Schweizer KMU-Wirtschaft. Der Bund ruft zu Solidarit\u00e4t auf. (Bild: Pixabay.com)\"},{\"@type\":\"BreadcrumbList\",\"@id\":\"https:\\\/\\\/www.organisator.ch\\\/management\\\/2020-03-16\\\/bundesrat-beschliesst-verschaerfte-massnahmen-kmu-sollen-hilfe-erhalten\\\/#breadcrumb\",\"itemListElement\":[{\"@type\":\"ListItem\",\"position\":1,\"name\":\"Home\",\"item\":\"https:\\\/\\\/www.organisator.ch\\\/\"},{\"@type\":\"ListItem\",\"position\":2,\"name\":\"Bundesrat beschliesst versch\u00e4rfte Massnahmen &#8211; KMU sollen Hilfe erhalten\"}]},{\"@type\":\"WebSite\",\"@id\":\"https:\\\/\\\/www.organisator.ch\\\/#website\",\"url\":\"https:\\\/\\\/www.organisator.ch\\\/\",\"name\":\"Organisator\",\"description\":\"Kompetent. Praxisnah. Der ORGANISATOR bereitet in 10 Ausgaben pro Jahr die wesentlichen Themen f\u00fcr F\u00fchrungskr\u00e4fte von KMU auf.\",\"publisher\":{\"@id\":\"https:\\\/\\\/www.organisator.ch\\\/#organization\"},\"potentialAction\":[{\"@type\":\"SearchAction\",\"target\":{\"@type\":\"EntryPoint\",\"urlTemplate\":\"https:\\\/\\\/www.organisator.ch\\\/?s={search_term_string}\"},\"query-input\":{\"@type\":\"PropertyValueSpecification\",\"valueRequired\":true,\"valueName\":\"search_term_string\"}}],\"inLanguage\":\"en-US\"},{\"@type\":\"Organization\",\"@id\":\"https:\\\/\\\/www.organisator.ch\\\/#organization\",\"name\":\"Organisator\",\"url\":\"https:\\\/\\\/www.organisator.ch\\\/\",\"logo\":{\"@type\":\"ImageObject\",\"inLanguage\":\"en-US\",\"@id\":\"https:\\\/\\\/www.organisator.ch\\\/#\\\/schema\\\/logo\\\/image\\\/\",\"url\":\"https:\\\/\\\/www.organisator.ch\\\/wp-content\\\/uploads\\\/2022\\\/01\\\/Logo_Organisator_Website.png\",\"contentUrl\":\"https:\\\/\\\/www.organisator.ch\\\/wp-content\\\/uploads\\\/2022\\\/01\\\/Logo_Organisator_Website.png\",\"width\":800,\"height\":77,\"caption\":\"Organisator\"},\"image\":{\"@id\":\"https:\\\/\\\/www.organisator.ch\\\/#\\\/schema\\\/logo\\\/image\\\/\"},\"sameAs\":[\"https:\\\/\\\/www.facebook.com\\\/OrganisatorFachmagazin\",\"https:\\\/\\\/www.linkedin.com\\\/showcase\\\/organisator-das-magazin-fr-kmu\",\"https:\\\/\\\/www.xing.com\\\/news\\\/pages\\\/organisator-ch-695\",\"https:\\\/\\\/www.youtube.com\\\/channel\\\/UCGP2Sq0iWaZwT3BdIAQFYpw\"]},{\"@type\":\"Person\",\"@id\":\"https:\\\/\\\/www.organisator.ch\\\/#\\\/schema\\\/person\\\/6f650f90b2842cd4c0cc334b4e36f67e\",\"name\":\"thomas.berner\",\"image\":{\"@type\":\"ImageObject\",\"inLanguage\":\"en-US\",\"@id\":\"https:\\\/\\\/secure.gravatar.com\\\/avatar\\\/ac5001d2a36cb6c6cd3e50789007ffca834b477b74a2144564522e944eabff61?s=96&d=mm&r=g\",\"url\":\"https:\\\/\\\/secure.gravatar.com\\\/avatar\\\/ac5001d2a36cb6c6cd3e50789007ffca834b477b74a2144564522e944eabff61?s=96&d=mm&r=g\",\"contentUrl\":\"https:\\\/\\\/secure.gravatar.com\\\/avatar\\\/ac5001d2a36cb6c6cd3e50789007ffca834b477b74a2144564522e944eabff61?s=96&d=mm&r=g\",\"caption\":\"thomas.berner\"},\"url\":\"https:\\\/\\\/www.organisator.ch\\\/en\\\/author\\\/thomas-berner\\\/\"}]}<\/script>\n<!-- \/ Yoast SEO plugin. -->","yoast_head_json":{"title":"Federal Council decides on stricter measures - SMEs to receive help - Organizer","description":"The Federal Council enacts stricter measures to protect the population - with drastic effects for the SME economy.","robots":{"index":"index","follow":"follow","max-snippet":"max-snippet:-1","max-image-preview":"max-image-preview:large","max-video-preview":"max-video-preview:-1"},"canonical":"https:\/\/www.organisator.ch\/en\/management\/2020-03-16\/bundesrat-beschliesst-verschaerfte-massnahmen-kmu-sollen-hilfe-erhalten\/","og_locale":"en_US","og_type":"article","og_title":"Bundesrat beschliesst versch\u00e4rfte Massnahmen - KMU sollen Hilfe erhalten","og_description":"Der Bundesrat setzt versch\u00e4rfte Massnahmen zum Schutz der Bev\u00f6lkerung in Kraft - mit einschneidenden Auswirkungen f\u00fcr die KMU-Wirtschaft.","og_url":"https:\/\/www.organisator.ch\/en\/management\/2020-03-16\/bundesrat-beschliesst-verschaerfte-massnahmen-kmu-sollen-hilfe-erhalten\/","og_site_name":"Organisator","article_publisher":"https:\/\/www.facebook.com\/OrganisatorFachmagazin","article_published_time":"2020-03-16T16:57:21+00:00","og_image":[{"width":680,"height":251,"url":"https:\/\/www.organisator.ch\/wp-content\/uploads\/2020\/03\/Bundesrat-beschliesst-verschaerfte-Massnahmen-KMU-sollen-Hilfe-erhalten_Organisator.jpg","type":"image\/jpeg"}],"author":"thomas.berner","twitter_card":"summary_large_image","twitter_title":"Bundesrat beschliesst versch\u00e4rfte Massnahmen - KMU sollen Hilfe erhalten","twitter_description":"Der Bundesrat setzt versch\u00e4rfte Massnahmen zum Schutz der Bev\u00f6lkerung in Kraft - mit einschneidenden Auswirkungen f\u00fcr die KMU-Wirtschaft.","twitter_image":"https:\/\/www.organisator.ch\/wp-content\/uploads\/2020\/03\/Bundesrat-beschliesst-verschaerfte-Massnahmen-KMU-sollen-Hilfe-erhalten_Organisator.jpg","schema":{"@context":"https:\/\/schema.org","@graph":[{"@type":"Article","@id":"https:\/\/www.organisator.ch\/management\/2020-03-16\/bundesrat-beschliesst-verschaerfte-massnahmen-kmu-sollen-hilfe-erhalten\/#article","isPartOf":{"@id":"https:\/\/www.organisator.ch\/management\/2020-03-16\/bundesrat-beschliesst-verschaerfte-massnahmen-kmu-sollen-hilfe-erhalten\/"},"author":{"name":"thomas.berner","@id":"https:\/\/www.organisator.ch\/#\/schema\/person\/6f650f90b2842cd4c0cc334b4e36f67e"},"headline":"Bundesrat beschliesst versch\u00e4rfte Massnahmen &#8211; KMU sollen Hilfe erhalten","datePublished":"2020-03-16T16:57:21+00:00","mainEntityOfPage":{"@id":"https:\/\/www.organisator.ch\/management\/2020-03-16\/bundesrat-beschliesst-verschaerfte-massnahmen-kmu-sollen-hilfe-erhalten\/"},"wordCount":353,"publisher":{"@id":"https:\/\/www.organisator.ch\/#organization"},"image":{"@id":"https:\/\/www.organisator.ch\/management\/2020-03-16\/bundesrat-beschliesst-verschaerfte-massnahmen-kmu-sollen-hilfe-erhalten\/#primaryimage"},"thumbnailUrl":"https:\/\/www.organisator.ch\/wp-content\/uploads\/2020\/03\/Bundesrat-beschliesst-verschaerfte-Massnahmen-KMU-sollen-Hilfe-erhalten_Organisator.jpg","keywords":["Coronavirus","Krisenmanagement","Management und Unternehmensf\u00fchrung","Unternehmen","Wirtschaftspolitik"],"articleSection":["MANAGEMENT"],"inLanguage":"en-US"},{"@type":"WebPage","@id":"https:\/\/www.organisator.ch\/management\/2020-03-16\/bundesrat-beschliesst-verschaerfte-massnahmen-kmu-sollen-hilfe-erhalten\/","url":"https:\/\/www.organisator.ch\/management\/2020-03-16\/bundesrat-beschliesst-verschaerfte-massnahmen-kmu-sollen-hilfe-erhalten\/","name":"Federal Council decides on stricter measures - SMEs to receive help - Organizer","isPartOf":{"@id":"https:\/\/www.organisator.ch\/#website"},"primaryImageOfPage":{"@id":"https:\/\/www.organisator.ch\/management\/2020-03-16\/bundesrat-beschliesst-verschaerfte-massnahmen-kmu-sollen-hilfe-erhalten\/#primaryimage"},"image":{"@id":"https:\/\/www.organisator.ch\/management\/2020-03-16\/bundesrat-beschliesst-verschaerfte-massnahmen-kmu-sollen-hilfe-erhalten\/#primaryimage"},"thumbnailUrl":"https:\/\/www.organisator.ch\/wp-content\/uploads\/2020\/03\/Bundesrat-beschliesst-verschaerfte-Massnahmen-KMU-sollen-Hilfe-erhalten_Organisator.jpg","datePublished":"2020-03-16T16:57:21+00:00","description":"The Federal Council enacts stricter measures to protect the population - with drastic effects for the SME economy.","breadcrumb":{"@id":"https:\/\/www.organisator.ch\/management\/2020-03-16\/bundesrat-beschliesst-verschaerfte-massnahmen-kmu-sollen-hilfe-erhalten\/#breadcrumb"},"inLanguage":"en-US","potentialAction":[{"@type":"ReadAction","target":["https:\/\/www.organisator.ch\/management\/2020-03-16\/bundesrat-beschliesst-verschaerfte-massnahmen-kmu-sollen-hilfe-erhalten\/"]}]},{"@type":"ImageObject","inLanguage":"en-US","@id":"https:\/\/www.organisator.ch\/management\/2020-03-16\/bundesrat-beschliesst-verschaerfte-massnahmen-kmu-sollen-hilfe-erhalten\/#primaryimage","url":"https:\/\/www.organisator.ch\/wp-content\/uploads\/2020\/03\/Bundesrat-beschliesst-verschaerfte-Massnahmen-KMU-sollen-Hilfe-erhalten_Organisator.jpg","contentUrl":"https:\/\/www.organisator.ch\/wp-content\/uploads\/2020\/03\/Bundesrat-beschliesst-verschaerfte-Massnahmen-KMU-sollen-Hilfe-erhalten_Organisator.jpg","width":680,"height":251,"caption":"Versch\u00e4rfte Massnahmen gegen das Coronavirus treffen die Schweizer KMU-Wirtschaft. Der Bund ruft zu Solidarit\u00e4t auf. (Bild: Pixabay.com)"},{"@type":"BreadcrumbList","@id":"https:\/\/www.organisator.ch\/management\/2020-03-16\/bundesrat-beschliesst-verschaerfte-massnahmen-kmu-sollen-hilfe-erhalten\/#breadcrumb","itemListElement":[{"@type":"ListItem","position":1,"name":"Home","item":"https:\/\/www.organisator.ch\/"},{"@type":"ListItem","position":2,"name":"Bundesrat beschliesst versch\u00e4rfte Massnahmen &#8211; KMU sollen Hilfe erhalten"}]},{"@type":"WebSite","@id":"https:\/\/www.organisator.ch\/#website","url":"https:\/\/www.organisator.ch\/","name":"Organizer","description":"Competent. Practical. In 10 issues per year, ORGANISATOR presents the essential topics for managers of SMEs.","publisher":{"@id":"https:\/\/www.organisator.ch\/#organization"},"potentialAction":[{"@type":"SearchAction","target":{"@type":"EntryPoint","urlTemplate":"https:\/\/www.organisator.ch\/?s={search_term_string}"},"query-input":{"@type":"PropertyValueSpecification","valueRequired":true,"valueName":"search_term_string"}}],"inLanguage":"en-US"},{"@type":"Organization","@id":"https:\/\/www.organisator.ch\/#organization","name":"Organizer","url":"https:\/\/www.organisator.ch\/","logo":{"@type":"ImageObject","inLanguage":"en-US","@id":"https:\/\/www.organisator.ch\/#\/schema\/logo\/image\/","url":"https:\/\/www.organisator.ch\/wp-content\/uploads\/2022\/01\/Logo_Organisator_Website.png","contentUrl":"https:\/\/www.organisator.ch\/wp-content\/uploads\/2022\/01\/Logo_Organisator_Website.png","width":800,"height":77,"caption":"Organisator"},"image":{"@id":"https:\/\/www.organisator.ch\/#\/schema\/logo\/image\/"},"sameAs":["https:\/\/www.facebook.com\/OrganisatorFachmagazin","https:\/\/www.linkedin.com\/showcase\/organisator-das-magazin-fr-kmu","https:\/\/www.xing.com\/news\/pages\/organisator-ch-695","https:\/\/www.youtube.com\/channel\/UCGP2Sq0iWaZwT3BdIAQFYpw"]},{"@type":"Person","@id":"https:\/\/www.organisator.ch\/#\/schema\/person\/6f650f90b2842cd4c0cc334b4e36f67e","name":"thomas.berner","image":{"@type":"ImageObject","inLanguage":"en-US","@id":"https:\/\/secure.gravatar.com\/avatar\/ac5001d2a36cb6c6cd3e50789007ffca834b477b74a2144564522e944eabff61?s=96&d=mm&r=g","url":"https:\/\/secure.gravatar.com\/avatar\/ac5001d2a36cb6c6cd3e50789007ffca834b477b74a2144564522e944eabff61?s=96&d=mm&r=g","contentUrl":"https:\/\/secure.gravatar.com\/avatar\/ac5001d2a36cb6c6cd3e50789007ffca834b477b74a2144564522e944eabff61?s=96&d=mm&r=g","caption":"thomas.berner"},"url":"https:\/\/www.organisator.ch\/en\/author\/thomas-berner\/"}]}},"_links":{"self":[{"href":"https:\/\/www.organisator.ch\/en\/wp-json\/wp\/v2\/posts\/6462","targetHints":{"allow":["GET"]}}],"collection":[{"href":"https:\/\/www.organisator.ch\/en\/wp-json\/wp\/v2\/posts"}],"about":[{"href":"https:\/\/www.organisator.ch\/en\/wp-json\/wp\/v2\/types\/post"}],"author":[{"embeddable":true,"href":"https:\/\/www.organisator.ch\/en\/wp-json\/wp\/v2\/users\/4"}],"replies":[{"embeddable":true,"href":"https:\/\/www.organisator.ch\/en\/wp-json\/wp\/v2\/comments?post=6462"}],"version-history":[{"count":0,"href":"https:\/\/www.organisator.ch\/en\/wp-json\/wp\/v2\/posts\/6462\/revisions"}],"wp:featuredmedia":[{"embeddable":true,"href":"https:\/\/www.organisator.ch\/en\/wp-json\/wp\/v2\/media\/6463"}],"wp:attachment":[{"href":"https:\/\/www.organisator.ch\/en\/wp-json\/wp\/v2\/media?parent=6462"}],"wp:term":[{"taxonomy":"category","embeddable":true,"href":"https:\/\/www.organisator.ch\/en\/wp-json\/wp\/v2\/categories?post=6462"},{"taxonomy":"post_tag","embeddable":true,"href":"https:\/\/www.organisator.ch\/en\/wp-json\/wp\/v2\/tags?post=6462"}],"curies":[{"name":"wp","href":"https:\/\/api.w.org\/{rel}","templated":true}]}}