{"id":6476,"date":"2020-03-18T11:49:53","date_gmt":"2020-03-18T10:49:53","guid":{"rendered":"https:\/\/www.organisator.ch\/?p=6476"},"modified":"2020-03-18T11:49:53","modified_gmt":"2020-03-18T10:49:53","slug":"thomas-hersche-fuehrt-ad-interim-sage-schweiz-ag","status":"publish","type":"post","link":"https:\/\/www.organisator.ch\/en\/management\/2020-03-18\/thomas-hersche-fuehrt-ad-interim-sage-schweiz-ag\/","title":{"rendered":"Thomas Hersche leads Sage Schweiz AG ad interim"},"content":{"rendered":"<figure id=\"attachment_6477\" aria-describedby=\"caption-attachment-6477\" style=\"width: 680px\" class=\"wp-caption alignnone\"><img loading=\"lazy\" decoding=\"async\" class=\"size-medium wp-image-6477\" src=\"https:\/\/www.organisator.ch\/wp-content\/uploads\/2020\/03\/Thomas-Hersche-uebernimmt-mit-sofortiger-Wirkung-ad-interim-die-Geschaeftsleitung-der-Sage-Schweiz-AG_Organisator.jpg\" alt=\"\" width=\"680\" height=\"510\" srcset=\"https:\/\/www.organisator.ch\/wp-content\/uploads\/2020\/03\/Thomas-Hersche-uebernimmt-mit-sofortiger-Wirkung-ad-interim-die-Geschaeftsleitung-der-Sage-Schweiz-AG_Organisator.jpg 680w, https:\/\/www.organisator.ch\/wp-content\/uploads\/2020\/03\/Thomas-Hersche-uebernimmt-mit-sofortiger-Wirkung-ad-interim-die-Geschaeftsleitung-der-Sage-Schweiz-AG_Organisator-16x12.jpg 16w, https:\/\/www.organisator.ch\/wp-content\/uploads\/2020\/03\/Thomas-Hersche-uebernimmt-mit-sofortiger-Wirkung-ad-interim-die-Geschaeftsleitung-der-Sage-Schweiz-AG_Organisator-233x175.jpg 233w, https:\/\/www.organisator.ch\/wp-content\/uploads\/2020\/03\/Thomas-Hersche-uebernimmt-mit-sofortiger-Wirkung-ad-interim-die-Geschaeftsleitung-der-Sage-Schweiz-AG_Organisator-467x350.jpg 467w, https:\/\/www.organisator.ch\/wp-content\/uploads\/2020\/03\/Thomas-Hersche-uebernimmt-mit-sofortiger-Wirkung-ad-interim-die-Geschaeftsleitung-der-Sage-Schweiz-AG_Organisator-300x225.jpg 300w\" sizes=\"auto, (max-width: 680px) 100vw, 680px\" \/><figcaption id=\"caption-attachment-6477\" class=\"wp-caption-text\">Thomas Hersche is the new Country Manager ad interim of the<br \/>Sage Switzerland AG. (Image: Sage Switzerland AG)<\/figcaption><\/figure>\n<p>Thomas Hersche has held leading management positions at Sage since 2017. Since July 2018, he has been responsible for the direct sales business of Sage Schweiz AG as Director Sales and member of the Executive Board. Now, temporarily and with immediate effect, he is taking over the management of Sage Schweiz AG from Tobias Ackermann, who is leaving the company at his own request.<\/p>\n<p>Sage pursues the vision of becoming a leading SaaS company for customers, business partners and employees. This vision and the associated strategic focus on innovation, customer and employee success will also be consistently pursued under the interim management, according to the company. A successor for the Sage Switzerland management team is currently being sought.<\/p>\n<p><a href=\"https:\/\/www.sage.com\/de-ch\/\"><em>Sage Switzerland AG<\/em><\/a><\/p>","protected":false},"excerpt":{"rendered":"<p>Thomas Hersche ist seit 2017 bei Sage in f\u00fchrenden Management-Positionen t\u00e4tig. Seit Juli 2018 verantwortet er als Director Sales und Mitglied der Gesch\u00e4ftsleitung das direkte Vertriebsgesch\u00e4ft der Sage Schweiz AG. Nun \u00fcbernimmt er vor\u00fcbergehend und mit sofortiger Wirkung die Gesch\u00e4ftsleitung der Sage Schweiz AG von Tobias Ackermann, der das Unternehmen auf eigenen Wunsch verl\u00e4sst. Sage [&hellip;]<\/p>\n","protected":false},"author":4,"featured_media":6477,"comment_status":"closed","ping_status":"closed","sticky":false,"template":"","format":"standard","meta":{"_acf_changed":false,"_yoast_wpseo_focuskw":"Thomas Hersche","_yoast_wpseo_metadesc":"Thomas Hersche \u00fcbernimmt mit sofortiger Wirkung ad interim die Gesch\u00e4ftsleitung der Sage Schweiz AG. Tobias Ackermann verl\u00e4sst das Unternehmen.","articlekey":"","footnotes":""},"categories":[28],"tags":[288,381,492],"class_list":["post-6476","post","type-post","status-publish","format-standard","has-post-thumbnail","hentry","category-management","tag-it-business-software","tag-personalia","tag-unternehmen"],"acf":[],"yoast_head":"<!-- This site is optimized with the Yoast SEO plugin v27.4 - https:\/\/yoast.com\/product\/yoast-seo-wordpress\/ -->\n<title>Thomas Hersche f\u00fchrt ad interim Sage Schweiz AG - Organisator<\/title>\n<meta name=\"description\" content=\"Thomas Hersche \u00fcbernimmt mit sofortiger Wirkung ad interim die Gesch\u00e4ftsleitung der Sage Schweiz AG. Tobias Ackermann verl\u00e4sst das Unternehmen.\" \/>\n<meta name=\"robots\" content=\"index, follow, max-snippet:-1, max-image-preview:large, max-video-preview:-1\" \/>\n<link rel=\"canonical\" href=\"https:\/\/www.organisator.ch\/en\/management\/2020-03-18\/thomas-hersche-fuehrt-ad-interim-sage-schweiz-ag\/\" \/>\n<meta property=\"og:locale\" content=\"en_US\" \/>\n<meta property=\"og:type\" content=\"article\" \/>\n<meta property=\"og:title\" content=\"Thomas Hersche f\u00fchrt ad interim Sage Schweiz AG\" \/>\n<meta property=\"og:description\" content=\"Thomas Hersche \u00fcbernimmt mit sofortiger Wirkung ad interim die Gesch\u00e4ftsleitung der Sage Schweiz AG. Tobias Ackermann verl\u00e4sst das Unternehmen.\" \/>\n<meta property=\"og:url\" content=\"https:\/\/www.organisator.ch\/en\/management\/2020-03-18\/thomas-hersche-fuehrt-ad-interim-sage-schweiz-ag\/\" \/>\n<meta property=\"og:site_name\" content=\"Organisator\" \/>\n<meta property=\"article:publisher\" content=\"https:\/\/www.facebook.com\/OrganisatorFachmagazin\" \/>\n<meta property=\"article:published_time\" content=\"2020-03-18T10:49:53+00:00\" \/>\n<meta property=\"og:image\" content=\"https:\/\/www.organisator.ch\/wp-content\/uploads\/2020\/03\/Thomas-Hersche-uebernimmt-mit-sofortiger-Wirkung-ad-interim-die-Geschaeftsleitung-der-Sage-Schweiz-AG_Organisator.jpg\" \/>\n\t<meta property=\"og:image:width\" content=\"680\" \/>\n\t<meta property=\"og:image:height\" content=\"510\" \/>\n\t<meta property=\"og:image:type\" content=\"image\/jpeg\" \/>\n<meta name=\"author\" content=\"thomas.berner\" \/>\n<meta name=\"twitter:card\" content=\"summary_large_image\" \/>\n<meta name=\"twitter:title\" content=\"Thomas Hersche f\u00fchrt ad interim Sage Schweiz AG\" \/>\n<meta name=\"twitter:description\" content=\"Thomas Hersche \u00fcbernimmt mit sofortiger Wirkung ad interim die Gesch\u00e4ftsleitung der Sage Schweiz AG. Tobias Ackermann verl\u00e4sst das Unternehmen.\" \/>\n<meta name=\"twitter:image\" content=\"https:\/\/www.organisator.ch\/wp-content\/uploads\/2020\/03\/Thomas-Hersche-uebernimmt-mit-sofortiger-Wirkung-ad-interim-die-Geschaeftsleitung-der-Sage-Schweiz-AG_Organisator.jpg\" \/>\n<script type=\"application\/ld+json\" class=\"yoast-schema-graph\">{\"@context\":\"https:\\\/\\\/schema.org\",\"@graph\":[{\"@type\":\"Article\",\"@id\":\"https:\\\/\\\/www.organisator.ch\\\/management\\\/2020-03-18\\\/thomas-hersche-fuehrt-ad-interim-sage-schweiz-ag\\\/#article\",\"isPartOf\":{\"@id\":\"https:\\\/\\\/www.organisator.ch\\\/management\\\/2020-03-18\\\/thomas-hersche-fuehrt-ad-interim-sage-schweiz-ag\\\/\"},\"author\":{\"name\":\"thomas.berner\",\"@id\":\"https:\\\/\\\/www.organisator.ch\\\/#\\\/schema\\\/person\\\/6f650f90b2842cd4c0cc334b4e36f67e\"},\"headline\":\"Thomas Hersche f\u00fchrt ad interim Sage Schweiz AG\",\"datePublished\":\"2020-03-18T10:49:53+00:00\",\"mainEntityOfPage\":{\"@id\":\"https:\\\/\\\/www.organisator.ch\\\/management\\\/2020-03-18\\\/thomas-hersche-fuehrt-ad-interim-sage-schweiz-ag\\\/\"},\"wordCount\":151,\"publisher\":{\"@id\":\"https:\\\/\\\/www.organisator.ch\\\/#organization\"},\"image\":{\"@id\":\"https:\\\/\\\/www.organisator.ch\\\/management\\\/2020-03-18\\\/thomas-hersche-fuehrt-ad-interim-sage-schweiz-ag\\\/#primaryimage\"},\"thumbnailUrl\":\"https:\\\/\\\/www.organisator.ch\\\/wp-content\\\/uploads\\\/2020\\\/03\\\/Thomas-Hersche-uebernimmt-mit-sofortiger-Wirkung-ad-interim-die-Geschaeftsleitung-der-Sage-Schweiz-AG_Organisator.jpg\",\"keywords\":[\"IT &amp; Business Software\",\"Personalia\",\"Unternehmen\"],\"articleSection\":[\"MANAGEMENT\"],\"inLanguage\":\"en-US\"},{\"@type\":\"WebPage\",\"@id\":\"https:\\\/\\\/www.organisator.ch\\\/management\\\/2020-03-18\\\/thomas-hersche-fuehrt-ad-interim-sage-schweiz-ag\\\/\",\"url\":\"https:\\\/\\\/www.organisator.ch\\\/management\\\/2020-03-18\\\/thomas-hersche-fuehrt-ad-interim-sage-schweiz-ag\\\/\",\"name\":\"Thomas Hersche f\u00fchrt ad interim Sage Schweiz AG - Organisator\",\"isPartOf\":{\"@id\":\"https:\\\/\\\/www.organisator.ch\\\/#website\"},\"primaryImageOfPage\":{\"@id\":\"https:\\\/\\\/www.organisator.ch\\\/management\\\/2020-03-18\\\/thomas-hersche-fuehrt-ad-interim-sage-schweiz-ag\\\/#primaryimage\"},\"image\":{\"@id\":\"https:\\\/\\\/www.organisator.ch\\\/management\\\/2020-03-18\\\/thomas-hersche-fuehrt-ad-interim-sage-schweiz-ag\\\/#primaryimage\"},\"thumbnailUrl\":\"https:\\\/\\\/www.organisator.ch\\\/wp-content\\\/uploads\\\/2020\\\/03\\\/Thomas-Hersche-uebernimmt-mit-sofortiger-Wirkung-ad-interim-die-Geschaeftsleitung-der-Sage-Schweiz-AG_Organisator.jpg\",\"datePublished\":\"2020-03-18T10:49:53+00:00\",\"description\":\"Thomas Hersche \u00fcbernimmt mit sofortiger Wirkung ad interim die Gesch\u00e4ftsleitung der Sage Schweiz AG. Tobias Ackermann verl\u00e4sst das Unternehmen.\",\"breadcrumb\":{\"@id\":\"https:\\\/\\\/www.organisator.ch\\\/management\\\/2020-03-18\\\/thomas-hersche-fuehrt-ad-interim-sage-schweiz-ag\\\/#breadcrumb\"},\"inLanguage\":\"en-US\",\"potentialAction\":[{\"@type\":\"ReadAction\",\"target\":[\"https:\\\/\\\/www.organisator.ch\\\/management\\\/2020-03-18\\\/thomas-hersche-fuehrt-ad-interim-sage-schweiz-ag\\\/\"]}]},{\"@type\":\"ImageObject\",\"inLanguage\":\"en-US\",\"@id\":\"https:\\\/\\\/www.organisator.ch\\\/management\\\/2020-03-18\\\/thomas-hersche-fuehrt-ad-interim-sage-schweiz-ag\\\/#primaryimage\",\"url\":\"https:\\\/\\\/www.organisator.ch\\\/wp-content\\\/uploads\\\/2020\\\/03\\\/Thomas-Hersche-uebernimmt-mit-sofortiger-Wirkung-ad-interim-die-Geschaeftsleitung-der-Sage-Schweiz-AG_Organisator.jpg\",\"contentUrl\":\"https:\\\/\\\/www.organisator.ch\\\/wp-content\\\/uploads\\\/2020\\\/03\\\/Thomas-Hersche-uebernimmt-mit-sofortiger-Wirkung-ad-interim-die-Geschaeftsleitung-der-Sage-Schweiz-AG_Organisator.jpg\",\"width\":680,\"height\":510,\"caption\":\"Thomas Hersche ist neuer Country Manager ad interim der Sage Schweiz AG. (Bild: Sage Schweiz AG)\"},{\"@type\":\"BreadcrumbList\",\"@id\":\"https:\\\/\\\/www.organisator.ch\\\/management\\\/2020-03-18\\\/thomas-hersche-fuehrt-ad-interim-sage-schweiz-ag\\\/#breadcrumb\",\"itemListElement\":[{\"@type\":\"ListItem\",\"position\":1,\"name\":\"Home\",\"item\":\"https:\\\/\\\/www.organisator.ch\\\/\"},{\"@type\":\"ListItem\",\"position\":2,\"name\":\"Thomas Hersche f\u00fchrt ad interim Sage Schweiz AG\"}]},{\"@type\":\"WebSite\",\"@id\":\"https:\\\/\\\/www.organisator.ch\\\/#website\",\"url\":\"https:\\\/\\\/www.organisator.ch\\\/\",\"name\":\"Organisator\",\"description\":\"Kompetent. Praxisnah. Der ORGANISATOR bereitet in 10 Ausgaben pro Jahr die wesentlichen Themen f\u00fcr F\u00fchrungskr\u00e4fte von KMU auf.\",\"publisher\":{\"@id\":\"https:\\\/\\\/www.organisator.ch\\\/#organization\"},\"potentialAction\":[{\"@type\":\"SearchAction\",\"target\":{\"@type\":\"EntryPoint\",\"urlTemplate\":\"https:\\\/\\\/www.organisator.ch\\\/?s={search_term_string}\"},\"query-input\":{\"@type\":\"PropertyValueSpecification\",\"valueRequired\":true,\"valueName\":\"search_term_string\"}}],\"inLanguage\":\"en-US\"},{\"@type\":\"Organization\",\"@id\":\"https:\\\/\\\/www.organisator.ch\\\/#organization\",\"name\":\"Organisator\",\"url\":\"https:\\\/\\\/www.organisator.ch\\\/\",\"logo\":{\"@type\":\"ImageObject\",\"inLanguage\":\"en-US\",\"@id\":\"https:\\\/\\\/www.organisator.ch\\\/#\\\/schema\\\/logo\\\/image\\\/\",\"url\":\"https:\\\/\\\/www.organisator.ch\\\/wp-content\\\/uploads\\\/2022\\\/01\\\/Logo_Organisator_Website.png\",\"contentUrl\":\"https:\\\/\\\/www.organisator.ch\\\/wp-content\\\/uploads\\\/2022\\\/01\\\/Logo_Organisator_Website.png\",\"width\":800,\"height\":77,\"caption\":\"Organisator\"},\"image\":{\"@id\":\"https:\\\/\\\/www.organisator.ch\\\/#\\\/schema\\\/logo\\\/image\\\/\"},\"sameAs\":[\"https:\\\/\\\/www.facebook.com\\\/OrganisatorFachmagazin\",\"https:\\\/\\\/www.linkedin.com\\\/showcase\\\/organisator-das-magazin-fr-kmu\",\"https:\\\/\\\/www.xing.com\\\/news\\\/pages\\\/organisator-ch-695\",\"https:\\\/\\\/www.youtube.com\\\/channel\\\/UCGP2Sq0iWaZwT3BdIAQFYpw\"]},{\"@type\":\"Person\",\"@id\":\"https:\\\/\\\/www.organisator.ch\\\/#\\\/schema\\\/person\\\/6f650f90b2842cd4c0cc334b4e36f67e\",\"name\":\"thomas.berner\",\"image\":{\"@type\":\"ImageObject\",\"inLanguage\":\"en-US\",\"@id\":\"https:\\\/\\\/secure.gravatar.com\\\/avatar\\\/ac5001d2a36cb6c6cd3e50789007ffca834b477b74a2144564522e944eabff61?s=96&d=mm&r=g\",\"url\":\"https:\\\/\\\/secure.gravatar.com\\\/avatar\\\/ac5001d2a36cb6c6cd3e50789007ffca834b477b74a2144564522e944eabff61?s=96&d=mm&r=g\",\"contentUrl\":\"https:\\\/\\\/secure.gravatar.com\\\/avatar\\\/ac5001d2a36cb6c6cd3e50789007ffca834b477b74a2144564522e944eabff61?s=96&d=mm&r=g\",\"caption\":\"thomas.berner\"},\"url\":\"https:\\\/\\\/www.organisator.ch\\\/en\\\/author\\\/thomas-berner\\\/\"}]}<\/script>\n<!-- \/ Yoast SEO plugin. -->","yoast_head_json":{"title":"Thomas Hersche leads Sage Schweiz AG ad interim - Organizer","description":"Thomas Hersche takes over the management of Sage Schweiz AG ad interim with immediate effect. Tobias Ackermann is leaving the company.","robots":{"index":"index","follow":"follow","max-snippet":"max-snippet:-1","max-image-preview":"max-image-preview:large","max-video-preview":"max-video-preview:-1"},"canonical":"https:\/\/www.organisator.ch\/en\/management\/2020-03-18\/thomas-hersche-fuehrt-ad-interim-sage-schweiz-ag\/","og_locale":"en_US","og_type":"article","og_title":"Thomas Hersche f\u00fchrt ad interim Sage Schweiz AG","og_description":"Thomas Hersche \u00fcbernimmt mit sofortiger Wirkung ad interim die Gesch\u00e4ftsleitung der Sage Schweiz AG. Tobias Ackermann verl\u00e4sst das Unternehmen.","og_url":"https:\/\/www.organisator.ch\/en\/management\/2020-03-18\/thomas-hersche-fuehrt-ad-interim-sage-schweiz-ag\/","og_site_name":"Organisator","article_publisher":"https:\/\/www.facebook.com\/OrganisatorFachmagazin","article_published_time":"2020-03-18T10:49:53+00:00","og_image":[{"width":680,"height":510,"url":"https:\/\/www.organisator.ch\/wp-content\/uploads\/2020\/03\/Thomas-Hersche-uebernimmt-mit-sofortiger-Wirkung-ad-interim-die-Geschaeftsleitung-der-Sage-Schweiz-AG_Organisator.jpg","type":"image\/jpeg"}],"author":"thomas.berner","twitter_card":"summary_large_image","twitter_title":"Thomas Hersche f\u00fchrt ad interim Sage Schweiz AG","twitter_description":"Thomas Hersche \u00fcbernimmt mit sofortiger Wirkung ad interim die Gesch\u00e4ftsleitung der Sage Schweiz AG. Tobias Ackermann verl\u00e4sst das Unternehmen.","twitter_image":"https:\/\/www.organisator.ch\/wp-content\/uploads\/2020\/03\/Thomas-Hersche-uebernimmt-mit-sofortiger-Wirkung-ad-interim-die-Geschaeftsleitung-der-Sage-Schweiz-AG_Organisator.jpg","schema":{"@context":"https:\/\/schema.org","@graph":[{"@type":"Article","@id":"https:\/\/www.organisator.ch\/management\/2020-03-18\/thomas-hersche-fuehrt-ad-interim-sage-schweiz-ag\/#article","isPartOf":{"@id":"https:\/\/www.organisator.ch\/management\/2020-03-18\/thomas-hersche-fuehrt-ad-interim-sage-schweiz-ag\/"},"author":{"name":"thomas.berner","@id":"https:\/\/www.organisator.ch\/#\/schema\/person\/6f650f90b2842cd4c0cc334b4e36f67e"},"headline":"Thomas Hersche f\u00fchrt ad interim Sage Schweiz AG","datePublished":"2020-03-18T10:49:53+00:00","mainEntityOfPage":{"@id":"https:\/\/www.organisator.ch\/management\/2020-03-18\/thomas-hersche-fuehrt-ad-interim-sage-schweiz-ag\/"},"wordCount":151,"publisher":{"@id":"https:\/\/www.organisator.ch\/#organization"},"image":{"@id":"https:\/\/www.organisator.ch\/management\/2020-03-18\/thomas-hersche-fuehrt-ad-interim-sage-schweiz-ag\/#primaryimage"},"thumbnailUrl":"https:\/\/www.organisator.ch\/wp-content\/uploads\/2020\/03\/Thomas-Hersche-uebernimmt-mit-sofortiger-Wirkung-ad-interim-die-Geschaeftsleitung-der-Sage-Schweiz-AG_Organisator.jpg","keywords":["IT &amp; Business Software","Personalia","Unternehmen"],"articleSection":["MANAGEMENT"],"inLanguage":"en-US"},{"@type":"WebPage","@id":"https:\/\/www.organisator.ch\/management\/2020-03-18\/thomas-hersche-fuehrt-ad-interim-sage-schweiz-ag\/","url":"https:\/\/www.organisator.ch\/management\/2020-03-18\/thomas-hersche-fuehrt-ad-interim-sage-schweiz-ag\/","name":"Thomas Hersche leads Sage Schweiz AG ad interim - Organizer","isPartOf":{"@id":"https:\/\/www.organisator.ch\/#website"},"primaryImageOfPage":{"@id":"https:\/\/www.organisator.ch\/management\/2020-03-18\/thomas-hersche-fuehrt-ad-interim-sage-schweiz-ag\/#primaryimage"},"image":{"@id":"https:\/\/www.organisator.ch\/management\/2020-03-18\/thomas-hersche-fuehrt-ad-interim-sage-schweiz-ag\/#primaryimage"},"thumbnailUrl":"https:\/\/www.organisator.ch\/wp-content\/uploads\/2020\/03\/Thomas-Hersche-uebernimmt-mit-sofortiger-Wirkung-ad-interim-die-Geschaeftsleitung-der-Sage-Schweiz-AG_Organisator.jpg","datePublished":"2020-03-18T10:49:53+00:00","description":"Thomas Hersche takes over the management of Sage Schweiz AG ad interim with immediate effect. Tobias Ackermann is leaving the company.","breadcrumb":{"@id":"https:\/\/www.organisator.ch\/management\/2020-03-18\/thomas-hersche-fuehrt-ad-interim-sage-schweiz-ag\/#breadcrumb"},"inLanguage":"en-US","potentialAction":[{"@type":"ReadAction","target":["https:\/\/www.organisator.ch\/management\/2020-03-18\/thomas-hersche-fuehrt-ad-interim-sage-schweiz-ag\/"]}]},{"@type":"ImageObject","inLanguage":"en-US","@id":"https:\/\/www.organisator.ch\/management\/2020-03-18\/thomas-hersche-fuehrt-ad-interim-sage-schweiz-ag\/#primaryimage","url":"https:\/\/www.organisator.ch\/wp-content\/uploads\/2020\/03\/Thomas-Hersche-uebernimmt-mit-sofortiger-Wirkung-ad-interim-die-Geschaeftsleitung-der-Sage-Schweiz-AG_Organisator.jpg","contentUrl":"https:\/\/www.organisator.ch\/wp-content\/uploads\/2020\/03\/Thomas-Hersche-uebernimmt-mit-sofortiger-Wirkung-ad-interim-die-Geschaeftsleitung-der-Sage-Schweiz-AG_Organisator.jpg","width":680,"height":510,"caption":"Thomas Hersche ist neuer Country Manager ad interim der Sage Schweiz AG. (Bild: Sage Schweiz AG)"},{"@type":"BreadcrumbList","@id":"https:\/\/www.organisator.ch\/management\/2020-03-18\/thomas-hersche-fuehrt-ad-interim-sage-schweiz-ag\/#breadcrumb","itemListElement":[{"@type":"ListItem","position":1,"name":"Home","item":"https:\/\/www.organisator.ch\/"},{"@type":"ListItem","position":2,"name":"Thomas Hersche f\u00fchrt ad interim Sage Schweiz AG"}]},{"@type":"WebSite","@id":"https:\/\/www.organisator.ch\/#website","url":"https:\/\/www.organisator.ch\/","name":"Organizer","description":"Competent. Practical. In 10 issues per year, ORGANISATOR presents the essential topics for managers of SMEs.","publisher":{"@id":"https:\/\/www.organisator.ch\/#organization"},"potentialAction":[{"@type":"SearchAction","target":{"@type":"EntryPoint","urlTemplate":"https:\/\/www.organisator.ch\/?s={search_term_string}"},"query-input":{"@type":"PropertyValueSpecification","valueRequired":true,"valueName":"search_term_string"}}],"inLanguage":"en-US"},{"@type":"Organization","@id":"https:\/\/www.organisator.ch\/#organization","name":"Organizer","url":"https:\/\/www.organisator.ch\/","logo":{"@type":"ImageObject","inLanguage":"en-US","@id":"https:\/\/www.organisator.ch\/#\/schema\/logo\/image\/","url":"https:\/\/www.organisator.ch\/wp-content\/uploads\/2022\/01\/Logo_Organisator_Website.png","contentUrl":"https:\/\/www.organisator.ch\/wp-content\/uploads\/2022\/01\/Logo_Organisator_Website.png","width":800,"height":77,"caption":"Organisator"},"image":{"@id":"https:\/\/www.organisator.ch\/#\/schema\/logo\/image\/"},"sameAs":["https:\/\/www.facebook.com\/OrganisatorFachmagazin","https:\/\/www.linkedin.com\/showcase\/organisator-das-magazin-fr-kmu","https:\/\/www.xing.com\/news\/pages\/organisator-ch-695","https:\/\/www.youtube.com\/channel\/UCGP2Sq0iWaZwT3BdIAQFYpw"]},{"@type":"Person","@id":"https:\/\/www.organisator.ch\/#\/schema\/person\/6f650f90b2842cd4c0cc334b4e36f67e","name":"thomas.berner","image":{"@type":"ImageObject","inLanguage":"en-US","@id":"https:\/\/secure.gravatar.com\/avatar\/ac5001d2a36cb6c6cd3e50789007ffca834b477b74a2144564522e944eabff61?s=96&d=mm&r=g","url":"https:\/\/secure.gravatar.com\/avatar\/ac5001d2a36cb6c6cd3e50789007ffca834b477b74a2144564522e944eabff61?s=96&d=mm&r=g","contentUrl":"https:\/\/secure.gravatar.com\/avatar\/ac5001d2a36cb6c6cd3e50789007ffca834b477b74a2144564522e944eabff61?s=96&d=mm&r=g","caption":"thomas.berner"},"url":"https:\/\/www.organisator.ch\/en\/author\/thomas-berner\/"}]}},"_links":{"self":[{"href":"https:\/\/www.organisator.ch\/en\/wp-json\/wp\/v2\/posts\/6476","targetHints":{"allow":["GET"]}}],"collection":[{"href":"https:\/\/www.organisator.ch\/en\/wp-json\/wp\/v2\/posts"}],"about":[{"href":"https:\/\/www.organisator.ch\/en\/wp-json\/wp\/v2\/types\/post"}],"author":[{"embeddable":true,"href":"https:\/\/www.organisator.ch\/en\/wp-json\/wp\/v2\/users\/4"}],"replies":[{"embeddable":true,"href":"https:\/\/www.organisator.ch\/en\/wp-json\/wp\/v2\/comments?post=6476"}],"version-history":[{"count":0,"href":"https:\/\/www.organisator.ch\/en\/wp-json\/wp\/v2\/posts\/6476\/revisions"}],"wp:featuredmedia":[{"embeddable":true,"href":"https:\/\/www.organisator.ch\/en\/wp-json\/wp\/v2\/media\/6477"}],"wp:attachment":[{"href":"https:\/\/www.organisator.ch\/en\/wp-json\/wp\/v2\/media?parent=6476"}],"wp:term":[{"taxonomy":"category","embeddable":true,"href":"https:\/\/www.organisator.ch\/en\/wp-json\/wp\/v2\/categories?post=6476"},{"taxonomy":"post_tag","embeddable":true,"href":"https:\/\/www.organisator.ch\/en\/wp-json\/wp\/v2\/tags?post=6476"}],"curies":[{"name":"wp","href":"https:\/\/api.w.org\/{rel}","templated":true}]}}