{"id":6488,"date":"2020-03-19T16:44:57","date_gmt":"2020-03-19T15:44:57","guid":{"rendered":"https:\/\/www.organisator.ch\/?p=6488"},"modified":"2020-03-19T16:44:57","modified_gmt":"2020-03-19T15:44:57","slug":"defekte-smartphones-mobile-soforthilfe-im-grossraum-zuerich","status":"publish","type":"post","link":"https:\/\/www.organisator.ch\/en\/management\/it\/2020-03-19\/defekte-smartphones-mobile-soforthilfe-im-grossraum-zuerich\/","title":{"rendered":"Defective smartphones: Mobile emergency help in the greater Zurich area"},"content":{"rendered":"<figure id=\"attachment_6489\" aria-describedby=\"caption-attachment-6489\" style=\"width: 680px\" class=\"wp-caption alignnone\"><img loading=\"lazy\" decoding=\"async\" class=\"size-medium wp-image-6489\" src=\"https:\/\/www.organisator.ch\/wp-content\/uploads\/2020\/03\/Defekte-Smartphones-Mobile-Soforthilfe-im-Grossraum-Zuerich_Organisator.jpg\" alt=\"\" width=\"680\" height=\"510\" srcset=\"https:\/\/www.organisator.ch\/wp-content\/uploads\/2020\/03\/Defekte-Smartphones-Mobile-Soforthilfe-im-Grossraum-Zuerich_Organisator.jpg 680w, https:\/\/www.organisator.ch\/wp-content\/uploads\/2020\/03\/Defekte-Smartphones-Mobile-Soforthilfe-im-Grossraum-Zuerich_Organisator-16x12.jpg 16w, https:\/\/www.organisator.ch\/wp-content\/uploads\/2020\/03\/Defekte-Smartphones-Mobile-Soforthilfe-im-Grossraum-Zuerich_Organisator-233x175.jpg 233w, https:\/\/www.organisator.ch\/wp-content\/uploads\/2020\/03\/Defekte-Smartphones-Mobile-Soforthilfe-im-Grossraum-Zuerich_Organisator-467x350.jpg 467w, https:\/\/www.organisator.ch\/wp-content\/uploads\/2020\/03\/Defekte-Smartphones-Mobile-Soforthilfe-im-Grossraum-Zuerich_Organisator-300x225.jpg 300w\" sizes=\"auto, (max-width: 680px) 100vw, 680px\" \/><figcaption id=\"caption-attachment-6489\" class=\"wp-caption-text\">Defective smartphones can be repaired via home service. (Image: Mobile Clinic)<\/figcaption><\/figure>\n<p>You are sitting in your home office, trusting in the technology of your smartphone, but suddenly it fails: The <a href=\"http:\/\/www.mobileklinik.ch\">Mobile clinic<\/a> is now launching a home service for the greater Zurich and Winterthur areas. The company repairs defective smartphones on site or picks them up if on-site repair is not possible.<\/p>\n<h2>Repair defective smartphones of all brands<\/h2>\n<p>\"Every day, we receive telephone inquiries from customers whose smartphone has broken down in the home office, for example, and who are looking for an immediate solution. We want to make a contribution here, so that communication is ensured flawlessly even in these demanding times,\" says Marcel Dossenbach, COO of Mobile Klinik. The company says it is the largest express repair service for smartphones and mobile devices in Switzerland. The company includes the brands Fix Repair, iKlinik and Handy Doktor. With 40 branches in Switzerland, Mobile Klinik AG employs more than 80 people. The company normally offers walk-in customers a fast and reliable repair service for smartphones of all brands.<\/p>\n<h2>Home Service in the greater Zurich area<\/h2>\n<p>Dossenbach continues: \"Our central repair center is operating even in these difficult times, naturally in compliance with all FOPH specifications. Defective equipment can be sent in by mail. In the current situation, however, this is taking too long for many customers. For people who need a quick repair, we are now offering a home service in the greater Zurich and Winterthur areas.\"<\/p>\n<p>Due to its affiliation with MSS Holding AG, which is one of the leading providers of mobility solutions in Switzerland, the Mobile Klinik has access to a fleet of vehicles that is now being activated specifically for the current case. Marcel Dossenbach explains, \"Our employees are hygienically trained, drive up to the customers' premises and repair defective smartphones or tablets right on the spot. In difficult cases, we take the device with us and return it the same day after the repair has been completed. If necessary, we provide a loaner device.\"<\/p>\n<p>The Home Service can be reached on 0800 18 18 from Monday to Friday, between 09:00 and 20:00.<\/p>","protected":false},"excerpt":{"rendered":"<p>Man sitzt im Homeoffice, vertraut auf die Technologie des Smartphones, doch pl\u00f6tzlich versagt dieses den Dienst: Die Mobile Klinik lanciert f\u00fcr diesen Fall ab sofort einen Home-Service f\u00fcr den Grossraum Z\u00fcrich und Winterthur. Das Unternehmen repariert defekte Smartphones vor Ort oder holt diese ab, wenn eine Reparatur vor Ort nicht m\u00f6glich ist. Defekte Smartphones aller [&hellip;]<\/p>\n","protected":false},"author":4,"featured_media":6489,"comment_status":"closed","ping_status":"closed","sticky":false,"template":"","format":"standard","meta":{"_acf_changed":false,"_yoast_wpseo_focuskw":"defekte Smartphones","_yoast_wpseo_metadesc":"Smartphones und Tablets sind aktuell f\u00fcr Viele der einzige Zugang zur Arbeits- und Aussenwelt. Doch wo k\u00f6nnen defekte Smartphones repariert werden?","articlekey":"","footnotes":""},"categories":[27],"tags":[132,286,393,508],"class_list":["post-6488","post","type-post","status-publish","format-standard","has-post-thumbnail","hentry","category-it","tag-coronavirus","tag-it","tag-produkte","tag-vermischtes"],"acf":[],"yoast_head":"<!-- This site is optimized with the Yoast SEO plugin v27.5 - https:\/\/yoast.com\/product\/yoast-seo-wordpress\/ -->\n<title>Defekte Smartphones: Mobile Soforthilfe im Grossraum Z\u00fcrich - Organisator<\/title>\n<meta name=\"description\" content=\"Smartphones und Tablets sind aktuell f\u00fcr Viele der einzige Zugang zur Arbeits- und Aussenwelt. Doch wo k\u00f6nnen defekte Smartphones repariert werden?\" \/>\n<meta name=\"robots\" content=\"index, follow, max-snippet:-1, max-image-preview:large, max-video-preview:-1\" \/>\n<link rel=\"canonical\" href=\"https:\/\/www.organisator.ch\/en\/management\/it\/2020-03-19\/defekte-smartphones-mobile-soforthilfe-im-grossraum-zuerich\/\" \/>\n<meta property=\"og:locale\" content=\"en_US\" \/>\n<meta property=\"og:type\" content=\"article\" \/>\n<meta property=\"og:title\" content=\"Defekte Smartphones: Mobile Soforthilfe im Grossraum Z\u00fcrich\" \/>\n<meta property=\"og:description\" content=\"Smartphones und Tablets sind aktuell f\u00fcr Viele der einzige Zugang zur Arbeits- und Aussenwelt. Doch wo k\u00f6nnen defekte Smartphones repariert werden?\" \/>\n<meta property=\"og:url\" content=\"https:\/\/www.organisator.ch\/en\/management\/it\/2020-03-19\/defekte-smartphones-mobile-soforthilfe-im-grossraum-zuerich\/\" \/>\n<meta property=\"og:site_name\" content=\"Organisator\" \/>\n<meta property=\"article:publisher\" content=\"https:\/\/www.facebook.com\/OrganisatorFachmagazin\" \/>\n<meta property=\"article:published_time\" content=\"2020-03-19T15:44:57+00:00\" \/>\n<meta property=\"og:image\" content=\"https:\/\/www.organisator.ch\/wp-content\/uploads\/2020\/03\/Defekte-Smartphones-Mobile-Soforthilfe-im-Grossraum-Zuerich_Organisator.jpg\" \/>\n\t<meta property=\"og:image:width\" content=\"680\" \/>\n\t<meta property=\"og:image:height\" content=\"510\" \/>\n\t<meta property=\"og:image:type\" content=\"image\/jpeg\" \/>\n<meta name=\"author\" content=\"thomas.berner\" \/>\n<meta name=\"twitter:card\" content=\"summary_large_image\" \/>\n<meta name=\"twitter:title\" content=\"Defekte #Smartphones: Mobile #Soforthilfe im Grossraum Z\u00fcrich\" \/>\n<meta name=\"twitter:description\" content=\"#Smartphones und #Tablets sind aktuell f\u00fcr Viele der einzige Zugang zur Arbeits- und Aussenwelt. Doch wo k\u00f6nnen defekte Smartphones repariert werden?\" \/>\n<meta name=\"twitter:image\" content=\"https:\/\/www.organisator.ch\/wp-content\/uploads\/2020\/03\/Defekte-Smartphones-Mobile-Soforthilfe-im-Grossraum-Zuerich_Organisator.jpg\" \/>\n<script type=\"application\/ld+json\" class=\"yoast-schema-graph\">{\"@context\":\"https:\\\/\\\/schema.org\",\"@graph\":[{\"@type\":\"Article\",\"@id\":\"https:\\\/\\\/www.organisator.ch\\\/management\\\/it\\\/2020-03-19\\\/defekte-smartphones-mobile-soforthilfe-im-grossraum-zuerich\\\/#article\",\"isPartOf\":{\"@id\":\"https:\\\/\\\/www.organisator.ch\\\/management\\\/it\\\/2020-03-19\\\/defekte-smartphones-mobile-soforthilfe-im-grossraum-zuerich\\\/\"},\"author\":{\"name\":\"thomas.berner\",\"@id\":\"https:\\\/\\\/www.organisator.ch\\\/#\\\/schema\\\/person\\\/6f650f90b2842cd4c0cc334b4e36f67e\"},\"headline\":\"Defekte Smartphones: Mobile Soforthilfe im Grossraum Z\u00fcrich\",\"datePublished\":\"2020-03-19T15:44:57+00:00\",\"mainEntityOfPage\":{\"@id\":\"https:\\\/\\\/www.organisator.ch\\\/management\\\/it\\\/2020-03-19\\\/defekte-smartphones-mobile-soforthilfe-im-grossraum-zuerich\\\/\"},\"wordCount\":376,\"publisher\":{\"@id\":\"https:\\\/\\\/www.organisator.ch\\\/#organization\"},\"image\":{\"@id\":\"https:\\\/\\\/www.organisator.ch\\\/management\\\/it\\\/2020-03-19\\\/defekte-smartphones-mobile-soforthilfe-im-grossraum-zuerich\\\/#primaryimage\"},\"thumbnailUrl\":\"https:\\\/\\\/www.organisator.ch\\\/wp-content\\\/uploads\\\/2020\\\/03\\\/Defekte-Smartphones-Mobile-Soforthilfe-im-Grossraum-Zuerich_Organisator.jpg\",\"keywords\":[\"Coronavirus\",\"IT\",\"Produkte\",\"Vermischtes\"],\"articleSection\":[\"IT\"],\"inLanguage\":\"en-US\"},{\"@type\":\"WebPage\",\"@id\":\"https:\\\/\\\/www.organisator.ch\\\/management\\\/it\\\/2020-03-19\\\/defekte-smartphones-mobile-soforthilfe-im-grossraum-zuerich\\\/\",\"url\":\"https:\\\/\\\/www.organisator.ch\\\/management\\\/it\\\/2020-03-19\\\/defekte-smartphones-mobile-soforthilfe-im-grossraum-zuerich\\\/\",\"name\":\"Defekte Smartphones: Mobile Soforthilfe im Grossraum Z\u00fcrich - Organisator\",\"isPartOf\":{\"@id\":\"https:\\\/\\\/www.organisator.ch\\\/#website\"},\"primaryImageOfPage\":{\"@id\":\"https:\\\/\\\/www.organisator.ch\\\/management\\\/it\\\/2020-03-19\\\/defekte-smartphones-mobile-soforthilfe-im-grossraum-zuerich\\\/#primaryimage\"},\"image\":{\"@id\":\"https:\\\/\\\/www.organisator.ch\\\/management\\\/it\\\/2020-03-19\\\/defekte-smartphones-mobile-soforthilfe-im-grossraum-zuerich\\\/#primaryimage\"},\"thumbnailUrl\":\"https:\\\/\\\/www.organisator.ch\\\/wp-content\\\/uploads\\\/2020\\\/03\\\/Defekte-Smartphones-Mobile-Soforthilfe-im-Grossraum-Zuerich_Organisator.jpg\",\"datePublished\":\"2020-03-19T15:44:57+00:00\",\"description\":\"Smartphones und Tablets sind aktuell f\u00fcr Viele der einzige Zugang zur Arbeits- und Aussenwelt. Doch wo k\u00f6nnen defekte Smartphones repariert werden?\",\"breadcrumb\":{\"@id\":\"https:\\\/\\\/www.organisator.ch\\\/management\\\/it\\\/2020-03-19\\\/defekte-smartphones-mobile-soforthilfe-im-grossraum-zuerich\\\/#breadcrumb\"},\"inLanguage\":\"en-US\",\"potentialAction\":[{\"@type\":\"ReadAction\",\"target\":[\"https:\\\/\\\/www.organisator.ch\\\/management\\\/it\\\/2020-03-19\\\/defekte-smartphones-mobile-soforthilfe-im-grossraum-zuerich\\\/\"]}]},{\"@type\":\"ImageObject\",\"inLanguage\":\"en-US\",\"@id\":\"https:\\\/\\\/www.organisator.ch\\\/management\\\/it\\\/2020-03-19\\\/defekte-smartphones-mobile-soforthilfe-im-grossraum-zuerich\\\/#primaryimage\",\"url\":\"https:\\\/\\\/www.organisator.ch\\\/wp-content\\\/uploads\\\/2020\\\/03\\\/Defekte-Smartphones-Mobile-Soforthilfe-im-Grossraum-Zuerich_Organisator.jpg\",\"contentUrl\":\"https:\\\/\\\/www.organisator.ch\\\/wp-content\\\/uploads\\\/2020\\\/03\\\/Defekte-Smartphones-Mobile-Soforthilfe-im-Grossraum-Zuerich_Organisator.jpg\",\"width\":680,\"height\":510,\"caption\":\"Defekte Smartphones k\u00f6nnen per Home Service repariert werden. (Bild: Mobile Klinik)\"},{\"@type\":\"BreadcrumbList\",\"@id\":\"https:\\\/\\\/www.organisator.ch\\\/management\\\/it\\\/2020-03-19\\\/defekte-smartphones-mobile-soforthilfe-im-grossraum-zuerich\\\/#breadcrumb\",\"itemListElement\":[{\"@type\":\"ListItem\",\"position\":1,\"name\":\"Home\",\"item\":\"https:\\\/\\\/www.organisator.ch\\\/\"},{\"@type\":\"ListItem\",\"position\":2,\"name\":\"Defekte Smartphones: Mobile Soforthilfe im Grossraum Z\u00fcrich\"}]},{\"@type\":\"WebSite\",\"@id\":\"https:\\\/\\\/www.organisator.ch\\\/#website\",\"url\":\"https:\\\/\\\/www.organisator.ch\\\/\",\"name\":\"Organisator\",\"description\":\"Kompetent. Praxisnah. Der ORGANISATOR bereitet in 10 Ausgaben pro Jahr die wesentlichen Themen f\u00fcr F\u00fchrungskr\u00e4fte von KMU auf.\",\"publisher\":{\"@id\":\"https:\\\/\\\/www.organisator.ch\\\/#organization\"},\"potentialAction\":[{\"@type\":\"SearchAction\",\"target\":{\"@type\":\"EntryPoint\",\"urlTemplate\":\"https:\\\/\\\/www.organisator.ch\\\/?s={search_term_string}\"},\"query-input\":{\"@type\":\"PropertyValueSpecification\",\"valueRequired\":true,\"valueName\":\"search_term_string\"}}],\"inLanguage\":\"en-US\"},{\"@type\":\"Organization\",\"@id\":\"https:\\\/\\\/www.organisator.ch\\\/#organization\",\"name\":\"Organisator\",\"url\":\"https:\\\/\\\/www.organisator.ch\\\/\",\"logo\":{\"@type\":\"ImageObject\",\"inLanguage\":\"en-US\",\"@id\":\"https:\\\/\\\/www.organisator.ch\\\/#\\\/schema\\\/logo\\\/image\\\/\",\"url\":\"https:\\\/\\\/www.organisator.ch\\\/wp-content\\\/uploads\\\/2022\\\/01\\\/Logo_Organisator_Website.png\",\"contentUrl\":\"https:\\\/\\\/www.organisator.ch\\\/wp-content\\\/uploads\\\/2022\\\/01\\\/Logo_Organisator_Website.png\",\"width\":800,\"height\":77,\"caption\":\"Organisator\"},\"image\":{\"@id\":\"https:\\\/\\\/www.organisator.ch\\\/#\\\/schema\\\/logo\\\/image\\\/\"},\"sameAs\":[\"https:\\\/\\\/www.facebook.com\\\/OrganisatorFachmagazin\",\"https:\\\/\\\/www.linkedin.com\\\/showcase\\\/organisator-das-magazin-fr-kmu\",\"https:\\\/\\\/www.xing.com\\\/news\\\/pages\\\/organisator-ch-695\",\"https:\\\/\\\/www.youtube.com\\\/channel\\\/UCGP2Sq0iWaZwT3BdIAQFYpw\"]},{\"@type\":\"Person\",\"@id\":\"https:\\\/\\\/www.organisator.ch\\\/#\\\/schema\\\/person\\\/6f650f90b2842cd4c0cc334b4e36f67e\",\"name\":\"thomas.berner\",\"image\":{\"@type\":\"ImageObject\",\"inLanguage\":\"en-US\",\"@id\":\"https:\\\/\\\/secure.gravatar.com\\\/avatar\\\/ac5001d2a36cb6c6cd3e50789007ffca834b477b74a2144564522e944eabff61?s=96&d=mm&r=g\",\"url\":\"https:\\\/\\\/secure.gravatar.com\\\/avatar\\\/ac5001d2a36cb6c6cd3e50789007ffca834b477b74a2144564522e944eabff61?s=96&d=mm&r=g\",\"contentUrl\":\"https:\\\/\\\/secure.gravatar.com\\\/avatar\\\/ac5001d2a36cb6c6cd3e50789007ffca834b477b74a2144564522e944eabff61?s=96&d=mm&r=g\",\"caption\":\"thomas.berner\"},\"url\":\"https:\\\/\\\/www.organisator.ch\\\/en\\\/author\\\/thomas-berner\\\/\"}]}<\/script>\n<!-- \/ Yoast SEO plugin. -->","yoast_head_json":{"title":"Defective smartphones: Mobile emergency help in the greater Zurich area - Organizer","description":"Smartphones and tablets are currently the only access to the working and outside world for many people. But where can defective smartphones be repaired?","robots":{"index":"index","follow":"follow","max-snippet":"max-snippet:-1","max-image-preview":"max-image-preview:large","max-video-preview":"max-video-preview:-1"},"canonical":"https:\/\/www.organisator.ch\/en\/management\/it\/2020-03-19\/defekte-smartphones-mobile-soforthilfe-im-grossraum-zuerich\/","og_locale":"en_US","og_type":"article","og_title":"Defekte Smartphones: Mobile Soforthilfe im Grossraum Z\u00fcrich","og_description":"Smartphones und Tablets sind aktuell f\u00fcr Viele der einzige Zugang zur Arbeits- und Aussenwelt. Doch wo k\u00f6nnen defekte Smartphones repariert werden?","og_url":"https:\/\/www.organisator.ch\/en\/management\/it\/2020-03-19\/defekte-smartphones-mobile-soforthilfe-im-grossraum-zuerich\/","og_site_name":"Organisator","article_publisher":"https:\/\/www.facebook.com\/OrganisatorFachmagazin","article_published_time":"2020-03-19T15:44:57+00:00","og_image":[{"width":680,"height":510,"url":"https:\/\/www.organisator.ch\/wp-content\/uploads\/2020\/03\/Defekte-Smartphones-Mobile-Soforthilfe-im-Grossraum-Zuerich_Organisator.jpg","type":"image\/jpeg"}],"author":"thomas.berner","twitter_card":"summary_large_image","twitter_title":"Defekte #Smartphones: Mobile #Soforthilfe im Grossraum Z\u00fcrich","twitter_description":"#Smartphones und #Tablets sind aktuell f\u00fcr Viele der einzige Zugang zur Arbeits- und Aussenwelt. Doch wo k\u00f6nnen defekte Smartphones repariert werden?","twitter_image":"https:\/\/www.organisator.ch\/wp-content\/uploads\/2020\/03\/Defekte-Smartphones-Mobile-Soforthilfe-im-Grossraum-Zuerich_Organisator.jpg","schema":{"@context":"https:\/\/schema.org","@graph":[{"@type":"Article","@id":"https:\/\/www.organisator.ch\/management\/it\/2020-03-19\/defekte-smartphones-mobile-soforthilfe-im-grossraum-zuerich\/#article","isPartOf":{"@id":"https:\/\/www.organisator.ch\/management\/it\/2020-03-19\/defekte-smartphones-mobile-soforthilfe-im-grossraum-zuerich\/"},"author":{"name":"thomas.berner","@id":"https:\/\/www.organisator.ch\/#\/schema\/person\/6f650f90b2842cd4c0cc334b4e36f67e"},"headline":"Defekte Smartphones: Mobile Soforthilfe im Grossraum Z\u00fcrich","datePublished":"2020-03-19T15:44:57+00:00","mainEntityOfPage":{"@id":"https:\/\/www.organisator.ch\/management\/it\/2020-03-19\/defekte-smartphones-mobile-soforthilfe-im-grossraum-zuerich\/"},"wordCount":376,"publisher":{"@id":"https:\/\/www.organisator.ch\/#organization"},"image":{"@id":"https:\/\/www.organisator.ch\/management\/it\/2020-03-19\/defekte-smartphones-mobile-soforthilfe-im-grossraum-zuerich\/#primaryimage"},"thumbnailUrl":"https:\/\/www.organisator.ch\/wp-content\/uploads\/2020\/03\/Defekte-Smartphones-Mobile-Soforthilfe-im-Grossraum-Zuerich_Organisator.jpg","keywords":["Coronavirus","IT","Produkte","Vermischtes"],"articleSection":["IT"],"inLanguage":"en-US"},{"@type":"WebPage","@id":"https:\/\/www.organisator.ch\/management\/it\/2020-03-19\/defekte-smartphones-mobile-soforthilfe-im-grossraum-zuerich\/","url":"https:\/\/www.organisator.ch\/management\/it\/2020-03-19\/defekte-smartphones-mobile-soforthilfe-im-grossraum-zuerich\/","name":"Defective smartphones: Mobile emergency help in the greater Zurich area - Organizer","isPartOf":{"@id":"https:\/\/www.organisator.ch\/#website"},"primaryImageOfPage":{"@id":"https:\/\/www.organisator.ch\/management\/it\/2020-03-19\/defekte-smartphones-mobile-soforthilfe-im-grossraum-zuerich\/#primaryimage"},"image":{"@id":"https:\/\/www.organisator.ch\/management\/it\/2020-03-19\/defekte-smartphones-mobile-soforthilfe-im-grossraum-zuerich\/#primaryimage"},"thumbnailUrl":"https:\/\/www.organisator.ch\/wp-content\/uploads\/2020\/03\/Defekte-Smartphones-Mobile-Soforthilfe-im-Grossraum-Zuerich_Organisator.jpg","datePublished":"2020-03-19T15:44:57+00:00","description":"Smartphones and tablets are currently the only access to the working and outside world for many people. But where can defective smartphones be repaired?","breadcrumb":{"@id":"https:\/\/www.organisator.ch\/management\/it\/2020-03-19\/defekte-smartphones-mobile-soforthilfe-im-grossraum-zuerich\/#breadcrumb"},"inLanguage":"en-US","potentialAction":[{"@type":"ReadAction","target":["https:\/\/www.organisator.ch\/management\/it\/2020-03-19\/defekte-smartphones-mobile-soforthilfe-im-grossraum-zuerich\/"]}]},{"@type":"ImageObject","inLanguage":"en-US","@id":"https:\/\/www.organisator.ch\/management\/it\/2020-03-19\/defekte-smartphones-mobile-soforthilfe-im-grossraum-zuerich\/#primaryimage","url":"https:\/\/www.organisator.ch\/wp-content\/uploads\/2020\/03\/Defekte-Smartphones-Mobile-Soforthilfe-im-Grossraum-Zuerich_Organisator.jpg","contentUrl":"https:\/\/www.organisator.ch\/wp-content\/uploads\/2020\/03\/Defekte-Smartphones-Mobile-Soforthilfe-im-Grossraum-Zuerich_Organisator.jpg","width":680,"height":510,"caption":"Defekte Smartphones k\u00f6nnen per Home Service repariert werden. (Bild: Mobile Klinik)"},{"@type":"BreadcrumbList","@id":"https:\/\/www.organisator.ch\/management\/it\/2020-03-19\/defekte-smartphones-mobile-soforthilfe-im-grossraum-zuerich\/#breadcrumb","itemListElement":[{"@type":"ListItem","position":1,"name":"Home","item":"https:\/\/www.organisator.ch\/"},{"@type":"ListItem","position":2,"name":"Defekte Smartphones: Mobile Soforthilfe im Grossraum Z\u00fcrich"}]},{"@type":"WebSite","@id":"https:\/\/www.organisator.ch\/#website","url":"https:\/\/www.organisator.ch\/","name":"Organizer","description":"Competent. Practical. In 10 issues per year, ORGANISATOR presents the essential topics for managers of SMEs.","publisher":{"@id":"https:\/\/www.organisator.ch\/#organization"},"potentialAction":[{"@type":"SearchAction","target":{"@type":"EntryPoint","urlTemplate":"https:\/\/www.organisator.ch\/?s={search_term_string}"},"query-input":{"@type":"PropertyValueSpecification","valueRequired":true,"valueName":"search_term_string"}}],"inLanguage":"en-US"},{"@type":"Organization","@id":"https:\/\/www.organisator.ch\/#organization","name":"Organizer","url":"https:\/\/www.organisator.ch\/","logo":{"@type":"ImageObject","inLanguage":"en-US","@id":"https:\/\/www.organisator.ch\/#\/schema\/logo\/image\/","url":"https:\/\/www.organisator.ch\/wp-content\/uploads\/2022\/01\/Logo_Organisator_Website.png","contentUrl":"https:\/\/www.organisator.ch\/wp-content\/uploads\/2022\/01\/Logo_Organisator_Website.png","width":800,"height":77,"caption":"Organisator"},"image":{"@id":"https:\/\/www.organisator.ch\/#\/schema\/logo\/image\/"},"sameAs":["https:\/\/www.facebook.com\/OrganisatorFachmagazin","https:\/\/www.linkedin.com\/showcase\/organisator-das-magazin-fr-kmu","https:\/\/www.xing.com\/news\/pages\/organisator-ch-695","https:\/\/www.youtube.com\/channel\/UCGP2Sq0iWaZwT3BdIAQFYpw"]},{"@type":"Person","@id":"https:\/\/www.organisator.ch\/#\/schema\/person\/6f650f90b2842cd4c0cc334b4e36f67e","name":"thomas.berner","image":{"@type":"ImageObject","inLanguage":"en-US","@id":"https:\/\/secure.gravatar.com\/avatar\/ac5001d2a36cb6c6cd3e50789007ffca834b477b74a2144564522e944eabff61?s=96&d=mm&r=g","url":"https:\/\/secure.gravatar.com\/avatar\/ac5001d2a36cb6c6cd3e50789007ffca834b477b74a2144564522e944eabff61?s=96&d=mm&r=g","contentUrl":"https:\/\/secure.gravatar.com\/avatar\/ac5001d2a36cb6c6cd3e50789007ffca834b477b74a2144564522e944eabff61?s=96&d=mm&r=g","caption":"thomas.berner"},"url":"https:\/\/www.organisator.ch\/en\/author\/thomas-berner\/"}]}},"_links":{"self":[{"href":"https:\/\/www.organisator.ch\/en\/wp-json\/wp\/v2\/posts\/6488","targetHints":{"allow":["GET"]}}],"collection":[{"href":"https:\/\/www.organisator.ch\/en\/wp-json\/wp\/v2\/posts"}],"about":[{"href":"https:\/\/www.organisator.ch\/en\/wp-json\/wp\/v2\/types\/post"}],"author":[{"embeddable":true,"href":"https:\/\/www.organisator.ch\/en\/wp-json\/wp\/v2\/users\/4"}],"replies":[{"embeddable":true,"href":"https:\/\/www.organisator.ch\/en\/wp-json\/wp\/v2\/comments?post=6488"}],"version-history":[{"count":0,"href":"https:\/\/www.organisator.ch\/en\/wp-json\/wp\/v2\/posts\/6488\/revisions"}],"wp:featuredmedia":[{"embeddable":true,"href":"https:\/\/www.organisator.ch\/en\/wp-json\/wp\/v2\/media\/6489"}],"wp:attachment":[{"href":"https:\/\/www.organisator.ch\/en\/wp-json\/wp\/v2\/media?parent=6488"}],"wp:term":[{"taxonomy":"category","embeddable":true,"href":"https:\/\/www.organisator.ch\/en\/wp-json\/wp\/v2\/categories?post=6488"},{"taxonomy":"post_tag","embeddable":true,"href":"https:\/\/www.organisator.ch\/en\/wp-json\/wp\/v2\/tags?post=6488"}],"curies":[{"name":"wp","href":"https:\/\/api.w.org\/{rel}","templated":true}]}}