{"id":6503,"date":"2020-03-24T08:27:15","date_gmt":"2020-03-24T07:27:15","guid":{"rendered":"https:\/\/www.organisator.ch\/?p=6503"},"modified":"2020-03-24T08:27:15","modified_gmt":"2020-03-24T07:27:15","slug":"kurzarbeit-in-kmu-jedes-fuenfte-unternehmen-stellt-um","status":"publish","type":"post","link":"https:\/\/www.organisator.ch\/en\/management\/2020-03-24\/kurzarbeit-in-kmu-jedes-fuenfte-unternehmen-stellt-um\/","title":{"rendered":"Short-time work in SMEs: Every fifth company converts"},"content":{"rendered":"<figure id=\"attachment_6504\" aria-describedby=\"caption-attachment-6504\" style=\"width: 680px\" class=\"wp-caption alignnone\"><img loading=\"lazy\" decoding=\"async\" class=\"size-medium wp-image-6504\" src=\"https:\/\/www.organisator.ch\/wp-content\/uploads\/2020\/03\/Kurzarbeit-in-KMU-Jedes-fuenfte-Unternehmen-stellt-um_Organisator.jpg\" alt=\"\" width=\"680\" height=\"390\" srcset=\"https:\/\/www.organisator.ch\/wp-content\/uploads\/2020\/03\/Kurzarbeit-in-KMU-Jedes-fuenfte-Unternehmen-stellt-um_Organisator.jpg 680w, https:\/\/www.organisator.ch\/wp-content\/uploads\/2020\/03\/Kurzarbeit-in-KMU-Jedes-fuenfte-Unternehmen-stellt-um_Organisator-16x9.jpg 16w, https:\/\/www.organisator.ch\/wp-content\/uploads\/2020\/03\/Kurzarbeit-in-KMU-Jedes-fuenfte-Unternehmen-stellt-um_Organisator-305x175.jpg 305w, https:\/\/www.organisator.ch\/wp-content\/uploads\/2020\/03\/Kurzarbeit-in-KMU-Jedes-fuenfte-Unternehmen-stellt-um_Organisator-610x350.jpg 610w, https:\/\/www.organisator.ch\/wp-content\/uploads\/2020\/03\/Kurzarbeit-in-KMU-Jedes-fuenfte-Unternehmen-stellt-um_Organisator-300x172.jpg 300w\" sizes=\"auto, (max-width: 680px) 100vw, 680px\" \/><figcaption id=\"caption-attachment-6504\" class=\"wp-caption-text\">Uncertainty among customers and short-time work in SMEs: This is shown by a flash survey by Visable. (Graphic: Visable)<\/figcaption><\/figure>\n<p>Visable - operator of the well-known B2B platforms \"Wer liefert was\" (Who delivers what) and Europages - conducted a flash survey in the week from March 12 to 19, asking 208 Swiss SMEs online about the consequences of the Corona pandemic. Asked about the reasons for the loss of sales, it emerges that the main problem is the strong uncertainty among customers. This was cited by 71 percent of respondents. However, increased cases of illness in the business also represent a challenge (10.6 %).<\/p>\n<h2><strong>Half of SMEs suffer from a decline in orders<\/strong><\/h2>\n<p>Swiss SMEs are already feeling several concrete consequences of the Corona pandemic. More than half (53.4) stated in the Visable survey that there is less demand from customers and orders are declining.  Just under a quarter (24.5 %) complain of supply shortages in procurement. However, companies are also affected because employees are sick (16.8%) or are in quarantine (9.6 %). Less significant are sales problems due to dependence on the Chinese market (7.7 %).<\/p>\n<p>Supply bottlenecks in procurement are felt by SMEs primarily in Europe (22.1 %). As many as 17.3 percent of companies are suffering from supply bottlenecks from China. However, there are apparently still no supply difficulties in the USA or other regions.<\/p>\n<h2><strong>Short-time work in SMEs and job freezes as immediate measures<\/strong><\/h2>\n<p>In terms of the measures that SMEs are taking, there are two clear thrusts, both of which are gaining roughly equal traction. For example, about one in five companies is already increasing <a href=\"https:\/\/www.organisator.ch\/kurzarbeit-haeufige-fragen-und-antworten\/\">Short-time work<\/a> (20.7 %) or stop hiring new employees (18.8 %). Only 4.3 percent of SMEs are already reacting with layoffs.<\/p>\n<h2><strong>Broad precautions for the protection of employees<\/strong><\/h2>\n<p>Swiss companies are doing a lot to protect their employees. The main measure is the provision of disinfectants. Two thirds (62 %) of respondents have taken this measure. 43.8 percent of companies have mandated home offices. And 40.4 percent are eliminating business travel in the current situation. More than a quarter of companies hold video conferences (26.4 %). Hardly any companies have fever-measurement checks (1.9 %).<\/p>\n<h2><strong>Impulsive search for protective masks and disinfectant<\/strong><\/h2>\n<p>With the spread of the coronavirus, the search behavior on Visable's online B2B marketplaces also changed. If, for example, the search terms \"mechanical engineering\" and \"CNC milling machines\" are usually among the most searched terms on \"Wer liefert was\", this changed with the emergence of the coronavirus. In mid-February, \"respirators\" and \"disposable face masks\" were in particularly high demand for the first time. \"Disinfectant\" also suddenly found itself among the top 3 most searched terms - at times, these products even exceeded the queries of the otherwise common top searches. \"We have been registering a general increase in search queries for a few days now. Many companies have to look for other suppliers at the moment. Visable also supports its customers in these times with digital solutions for marketing and sales,\" says Peter F. Schmid, CEO of Visable. \"Even we cannot foresee the exact consequences of the pandemic. But one thing is already clear: Digital solutions for industrially active companies have never been as important as they are today,\" explains Peter F. Schmid.<\/p>\n<p><em>Source: <a href=\"http:\/\/www.visable.com\">www.visable.com<\/a><\/em><\/p>","protected":false},"excerpt":{"rendered":"<p>Visable &#8211; Betreiberin der bekannten B2B-Plattformen \u00abWer liefert was\u00bb und Europages &#8211; hat in der Woche vom 12. bis 19. M\u00e4rz in einer Blitz-Umfrage 208 Schweizer KMUs zu den Folgen der Corona-Pandemie online befragt. Auf die Gr\u00fcnde der Umsatzeinbussen angesprochen, zeigt sich, dass das Hauptproblem die starke Verunsicherung der Kunden ist. Denn dieser Umstand wurde [&hellip;]<\/p>\n","protected":false},"author":4,"featured_media":6504,"comment_status":"closed","ping_status":"closed","sticky":false,"template":"","format":"standard","meta":{"_acf_changed":false,"_yoast_wpseo_focuskw":"Kurzarbeit in KMU","_yoast_wpseo_metadesc":"Gem\u00e4ss einer Blitzumfrage rechnen knapp zwei Drittel der KMUs (57.7 %) mit kleinen Umsatzeinbussen. Kurzarbeit in KMU ist eine verbreitete Massnahme.","articlekey":"","footnotes":""},"categories":[28],"tags":[132,335,508],"class_list":["post-6503","post","type-post","status-publish","format-standard","has-post-thumbnail","hentry","category-management","tag-coronavirus","tag-management-und-unternehmensfuehrung","tag-vermischtes"],"acf":[],"yoast_head":"<!-- This site is optimized with the Yoast SEO plugin v27.5 - https:\/\/yoast.com\/product\/yoast-seo-wordpress\/ -->\n<title>Kurzarbeit in KMU: Jedes f\u00fcnfte Unternehmen stellt um - Organisator<\/title>\n<meta name=\"description\" content=\"Gem\u00e4ss einer Blitzumfrage rechnen knapp zwei Drittel der KMUs (57.7 %) mit kleinen Umsatzeinbussen. Kurzarbeit in KMU ist eine verbreitete Massnahme.\" \/>\n<meta name=\"robots\" content=\"index, follow, max-snippet:-1, max-image-preview:large, max-video-preview:-1\" \/>\n<link rel=\"canonical\" href=\"https:\/\/www.organisator.ch\/en\/management\/2020-03-24\/kurzarbeit-in-kmu-jedes-fuenfte-unternehmen-stellt-um\/\" \/>\n<meta property=\"og:locale\" content=\"en_US\" \/>\n<meta property=\"og:type\" content=\"article\" \/>\n<meta property=\"og:title\" content=\"Kurzarbeit in KMU: Jedes f\u00fcnfte Unternehmen stellt um\" \/>\n<meta property=\"og:description\" content=\"Gem\u00e4ss einer Blitzumfrage rechnen knapp zwei Drittel der KMUs (57.7 %) mit kleinen Umsatzeinbussen. Kurzarbeit in KMU ist eine verbreitete Massnahme.\" \/>\n<meta property=\"og:url\" content=\"https:\/\/www.organisator.ch\/en\/management\/2020-03-24\/kurzarbeit-in-kmu-jedes-fuenfte-unternehmen-stellt-um\/\" \/>\n<meta property=\"og:site_name\" content=\"Organisator\" \/>\n<meta property=\"article:publisher\" content=\"https:\/\/www.facebook.com\/OrganisatorFachmagazin\" \/>\n<meta property=\"article:published_time\" content=\"2020-03-24T07:27:15+00:00\" \/>\n<meta property=\"og:image\" content=\"https:\/\/www.organisator.ch\/wp-content\/uploads\/2020\/03\/Kurzarbeit-in-KMU-Jedes-fuenfte-Unternehmen-stellt-um_Organisator.jpg\" \/>\n\t<meta property=\"og:image:width\" content=\"680\" \/>\n\t<meta property=\"og:image:height\" content=\"390\" \/>\n\t<meta property=\"og:image:type\" content=\"image\/jpeg\" \/>\n<meta name=\"author\" content=\"thomas.berner\" \/>\n<meta name=\"twitter:card\" content=\"summary_large_image\" \/>\n<meta name=\"twitter:title\" content=\"#Kurzarbeit in KMU: Jedes f\u00fcnfte Unternehmen stellt um\" \/>\n<meta name=\"twitter:description\" content=\"Gem\u00e4ss einer #Blitzumfrage rechnen knapp zwei Drittel der KMUs (57.7 %) mit kleinen Umsatzeinbussen. #Kurzarbeit in KMU ist eine verbreitete Massnahme.\" \/>\n<meta name=\"twitter:image\" content=\"https:\/\/www.organisator.ch\/wp-content\/uploads\/2020\/03\/Kurzarbeit-in-KMU-Jedes-fuenfte-Unternehmen-stellt-um_Organisator.jpg\" \/>\n<script type=\"application\/ld+json\" class=\"yoast-schema-graph\">{\"@context\":\"https:\\\/\\\/schema.org\",\"@graph\":[{\"@type\":\"Article\",\"@id\":\"https:\\\/\\\/www.organisator.ch\\\/management\\\/2020-03-24\\\/kurzarbeit-in-kmu-jedes-fuenfte-unternehmen-stellt-um\\\/#article\",\"isPartOf\":{\"@id\":\"https:\\\/\\\/www.organisator.ch\\\/management\\\/2020-03-24\\\/kurzarbeit-in-kmu-jedes-fuenfte-unternehmen-stellt-um\\\/\"},\"author\":{\"name\":\"thomas.berner\",\"@id\":\"https:\\\/\\\/www.organisator.ch\\\/#\\\/schema\\\/person\\\/6f650f90b2842cd4c0cc334b4e36f67e\"},\"headline\":\"Kurzarbeit in KMU: Jedes f\u00fcnfte Unternehmen stellt um\",\"datePublished\":\"2020-03-24T07:27:15+00:00\",\"mainEntityOfPage\":{\"@id\":\"https:\\\/\\\/www.organisator.ch\\\/management\\\/2020-03-24\\\/kurzarbeit-in-kmu-jedes-fuenfte-unternehmen-stellt-um\\\/\"},\"wordCount\":515,\"publisher\":{\"@id\":\"https:\\\/\\\/www.organisator.ch\\\/#organization\"},\"image\":{\"@id\":\"https:\\\/\\\/www.organisator.ch\\\/management\\\/2020-03-24\\\/kurzarbeit-in-kmu-jedes-fuenfte-unternehmen-stellt-um\\\/#primaryimage\"},\"thumbnailUrl\":\"https:\\\/\\\/www.organisator.ch\\\/wp-content\\\/uploads\\\/2020\\\/03\\\/Kurzarbeit-in-KMU-Jedes-fuenfte-Unternehmen-stellt-um_Organisator.jpg\",\"keywords\":[\"Coronavirus\",\"Management und Unternehmensf\u00fchrung\",\"Vermischtes\"],\"articleSection\":[\"MANAGEMENT\"],\"inLanguage\":\"en-US\"},{\"@type\":\"WebPage\",\"@id\":\"https:\\\/\\\/www.organisator.ch\\\/management\\\/2020-03-24\\\/kurzarbeit-in-kmu-jedes-fuenfte-unternehmen-stellt-um\\\/\",\"url\":\"https:\\\/\\\/www.organisator.ch\\\/management\\\/2020-03-24\\\/kurzarbeit-in-kmu-jedes-fuenfte-unternehmen-stellt-um\\\/\",\"name\":\"Kurzarbeit in KMU: Jedes f\u00fcnfte Unternehmen stellt um - Organisator\",\"isPartOf\":{\"@id\":\"https:\\\/\\\/www.organisator.ch\\\/#website\"},\"primaryImageOfPage\":{\"@id\":\"https:\\\/\\\/www.organisator.ch\\\/management\\\/2020-03-24\\\/kurzarbeit-in-kmu-jedes-fuenfte-unternehmen-stellt-um\\\/#primaryimage\"},\"image\":{\"@id\":\"https:\\\/\\\/www.organisator.ch\\\/management\\\/2020-03-24\\\/kurzarbeit-in-kmu-jedes-fuenfte-unternehmen-stellt-um\\\/#primaryimage\"},\"thumbnailUrl\":\"https:\\\/\\\/www.organisator.ch\\\/wp-content\\\/uploads\\\/2020\\\/03\\\/Kurzarbeit-in-KMU-Jedes-fuenfte-Unternehmen-stellt-um_Organisator.jpg\",\"datePublished\":\"2020-03-24T07:27:15+00:00\",\"description\":\"Gem\u00e4ss einer Blitzumfrage rechnen knapp zwei Drittel der KMUs (57.7 %) mit kleinen Umsatzeinbussen. Kurzarbeit in KMU ist eine verbreitete Massnahme.\",\"breadcrumb\":{\"@id\":\"https:\\\/\\\/www.organisator.ch\\\/management\\\/2020-03-24\\\/kurzarbeit-in-kmu-jedes-fuenfte-unternehmen-stellt-um\\\/#breadcrumb\"},\"inLanguage\":\"en-US\",\"potentialAction\":[{\"@type\":\"ReadAction\",\"target\":[\"https:\\\/\\\/www.organisator.ch\\\/management\\\/2020-03-24\\\/kurzarbeit-in-kmu-jedes-fuenfte-unternehmen-stellt-um\\\/\"]}]},{\"@type\":\"ImageObject\",\"inLanguage\":\"en-US\",\"@id\":\"https:\\\/\\\/www.organisator.ch\\\/management\\\/2020-03-24\\\/kurzarbeit-in-kmu-jedes-fuenfte-unternehmen-stellt-um\\\/#primaryimage\",\"url\":\"https:\\\/\\\/www.organisator.ch\\\/wp-content\\\/uploads\\\/2020\\\/03\\\/Kurzarbeit-in-KMU-Jedes-fuenfte-Unternehmen-stellt-um_Organisator.jpg\",\"contentUrl\":\"https:\\\/\\\/www.organisator.ch\\\/wp-content\\\/uploads\\\/2020\\\/03\\\/Kurzarbeit-in-KMU-Jedes-fuenfte-Unternehmen-stellt-um_Organisator.jpg\",\"width\":680,\"height\":390,\"caption\":\"Verunsicherung bei Kunden und Kurzarbeit in KMU: Dies zeigt eine Blitz-Umfrage von Visable. (Grafik: Visable)\"},{\"@type\":\"BreadcrumbList\",\"@id\":\"https:\\\/\\\/www.organisator.ch\\\/management\\\/2020-03-24\\\/kurzarbeit-in-kmu-jedes-fuenfte-unternehmen-stellt-um\\\/#breadcrumb\",\"itemListElement\":[{\"@type\":\"ListItem\",\"position\":1,\"name\":\"Home\",\"item\":\"https:\\\/\\\/www.organisator.ch\\\/\"},{\"@type\":\"ListItem\",\"position\":2,\"name\":\"Kurzarbeit in KMU: Jedes f\u00fcnfte Unternehmen stellt um\"}]},{\"@type\":\"WebSite\",\"@id\":\"https:\\\/\\\/www.organisator.ch\\\/#website\",\"url\":\"https:\\\/\\\/www.organisator.ch\\\/\",\"name\":\"Organisator\",\"description\":\"Kompetent. Praxisnah. Der ORGANISATOR bereitet in 10 Ausgaben pro Jahr die wesentlichen Themen f\u00fcr F\u00fchrungskr\u00e4fte von KMU auf.\",\"publisher\":{\"@id\":\"https:\\\/\\\/www.organisator.ch\\\/#organization\"},\"potentialAction\":[{\"@type\":\"SearchAction\",\"target\":{\"@type\":\"EntryPoint\",\"urlTemplate\":\"https:\\\/\\\/www.organisator.ch\\\/?s={search_term_string}\"},\"query-input\":{\"@type\":\"PropertyValueSpecification\",\"valueRequired\":true,\"valueName\":\"search_term_string\"}}],\"inLanguage\":\"en-US\"},{\"@type\":\"Organization\",\"@id\":\"https:\\\/\\\/www.organisator.ch\\\/#organization\",\"name\":\"Organisator\",\"url\":\"https:\\\/\\\/www.organisator.ch\\\/\",\"logo\":{\"@type\":\"ImageObject\",\"inLanguage\":\"en-US\",\"@id\":\"https:\\\/\\\/www.organisator.ch\\\/#\\\/schema\\\/logo\\\/image\\\/\",\"url\":\"https:\\\/\\\/www.organisator.ch\\\/wp-content\\\/uploads\\\/2022\\\/01\\\/Logo_Organisator_Website.png\",\"contentUrl\":\"https:\\\/\\\/www.organisator.ch\\\/wp-content\\\/uploads\\\/2022\\\/01\\\/Logo_Organisator_Website.png\",\"width\":800,\"height\":77,\"caption\":\"Organisator\"},\"image\":{\"@id\":\"https:\\\/\\\/www.organisator.ch\\\/#\\\/schema\\\/logo\\\/image\\\/\"},\"sameAs\":[\"https:\\\/\\\/www.facebook.com\\\/OrganisatorFachmagazin\",\"https:\\\/\\\/www.linkedin.com\\\/showcase\\\/organisator-das-magazin-fr-kmu\",\"https:\\\/\\\/www.xing.com\\\/news\\\/pages\\\/organisator-ch-695\",\"https:\\\/\\\/www.youtube.com\\\/channel\\\/UCGP2Sq0iWaZwT3BdIAQFYpw\"]},{\"@type\":\"Person\",\"@id\":\"https:\\\/\\\/www.organisator.ch\\\/#\\\/schema\\\/person\\\/6f650f90b2842cd4c0cc334b4e36f67e\",\"name\":\"thomas.berner\",\"image\":{\"@type\":\"ImageObject\",\"inLanguage\":\"en-US\",\"@id\":\"https:\\\/\\\/secure.gravatar.com\\\/avatar\\\/ac5001d2a36cb6c6cd3e50789007ffca834b477b74a2144564522e944eabff61?s=96&d=mm&r=g\",\"url\":\"https:\\\/\\\/secure.gravatar.com\\\/avatar\\\/ac5001d2a36cb6c6cd3e50789007ffca834b477b74a2144564522e944eabff61?s=96&d=mm&r=g\",\"contentUrl\":\"https:\\\/\\\/secure.gravatar.com\\\/avatar\\\/ac5001d2a36cb6c6cd3e50789007ffca834b477b74a2144564522e944eabff61?s=96&d=mm&r=g\",\"caption\":\"thomas.berner\"},\"url\":\"https:\\\/\\\/www.organisator.ch\\\/en\\\/author\\\/thomas-berner\\\/\"}]}<\/script>\n<!-- \/ Yoast SEO plugin. -->","yoast_head_json":{"title":"Short-time work in SMEs: Every fifth company converts - Organizer","description":"According to a flash survey, just under two-thirds of SMEs (57.7 %) expect a small drop in sales. Short-time work is a widespread measure in SMEs.","robots":{"index":"index","follow":"follow","max-snippet":"max-snippet:-1","max-image-preview":"max-image-preview:large","max-video-preview":"max-video-preview:-1"},"canonical":"https:\/\/www.organisator.ch\/en\/management\/2020-03-24\/kurzarbeit-in-kmu-jedes-fuenfte-unternehmen-stellt-um\/","og_locale":"en_US","og_type":"article","og_title":"Kurzarbeit in KMU: Jedes f\u00fcnfte Unternehmen stellt um","og_description":"Gem\u00e4ss einer Blitzumfrage rechnen knapp zwei Drittel der KMUs (57.7 %) mit kleinen Umsatzeinbussen. Kurzarbeit in KMU ist eine verbreitete Massnahme.","og_url":"https:\/\/www.organisator.ch\/en\/management\/2020-03-24\/kurzarbeit-in-kmu-jedes-fuenfte-unternehmen-stellt-um\/","og_site_name":"Organisator","article_publisher":"https:\/\/www.facebook.com\/OrganisatorFachmagazin","article_published_time":"2020-03-24T07:27:15+00:00","og_image":[{"width":680,"height":390,"url":"https:\/\/www.organisator.ch\/wp-content\/uploads\/2020\/03\/Kurzarbeit-in-KMU-Jedes-fuenfte-Unternehmen-stellt-um_Organisator.jpg","type":"image\/jpeg"}],"author":"thomas.berner","twitter_card":"summary_large_image","twitter_title":"#Kurzarbeit in KMU: Jedes f\u00fcnfte Unternehmen stellt um","twitter_description":"Gem\u00e4ss einer #Blitzumfrage rechnen knapp zwei Drittel der KMUs (57.7 %) mit kleinen Umsatzeinbussen. #Kurzarbeit in KMU ist eine verbreitete Massnahme.","twitter_image":"https:\/\/www.organisator.ch\/wp-content\/uploads\/2020\/03\/Kurzarbeit-in-KMU-Jedes-fuenfte-Unternehmen-stellt-um_Organisator.jpg","schema":{"@context":"https:\/\/schema.org","@graph":[{"@type":"Article","@id":"https:\/\/www.organisator.ch\/management\/2020-03-24\/kurzarbeit-in-kmu-jedes-fuenfte-unternehmen-stellt-um\/#article","isPartOf":{"@id":"https:\/\/www.organisator.ch\/management\/2020-03-24\/kurzarbeit-in-kmu-jedes-fuenfte-unternehmen-stellt-um\/"},"author":{"name":"thomas.berner","@id":"https:\/\/www.organisator.ch\/#\/schema\/person\/6f650f90b2842cd4c0cc334b4e36f67e"},"headline":"Kurzarbeit in KMU: Jedes f\u00fcnfte Unternehmen stellt um","datePublished":"2020-03-24T07:27:15+00:00","mainEntityOfPage":{"@id":"https:\/\/www.organisator.ch\/management\/2020-03-24\/kurzarbeit-in-kmu-jedes-fuenfte-unternehmen-stellt-um\/"},"wordCount":515,"publisher":{"@id":"https:\/\/www.organisator.ch\/#organization"},"image":{"@id":"https:\/\/www.organisator.ch\/management\/2020-03-24\/kurzarbeit-in-kmu-jedes-fuenfte-unternehmen-stellt-um\/#primaryimage"},"thumbnailUrl":"https:\/\/www.organisator.ch\/wp-content\/uploads\/2020\/03\/Kurzarbeit-in-KMU-Jedes-fuenfte-Unternehmen-stellt-um_Organisator.jpg","keywords":["Coronavirus","Management und Unternehmensf\u00fchrung","Vermischtes"],"articleSection":["MANAGEMENT"],"inLanguage":"en-US"},{"@type":"WebPage","@id":"https:\/\/www.organisator.ch\/management\/2020-03-24\/kurzarbeit-in-kmu-jedes-fuenfte-unternehmen-stellt-um\/","url":"https:\/\/www.organisator.ch\/management\/2020-03-24\/kurzarbeit-in-kmu-jedes-fuenfte-unternehmen-stellt-um\/","name":"Short-time work in SMEs: Every fifth company converts - Organizer","isPartOf":{"@id":"https:\/\/www.organisator.ch\/#website"},"primaryImageOfPage":{"@id":"https:\/\/www.organisator.ch\/management\/2020-03-24\/kurzarbeit-in-kmu-jedes-fuenfte-unternehmen-stellt-um\/#primaryimage"},"image":{"@id":"https:\/\/www.organisator.ch\/management\/2020-03-24\/kurzarbeit-in-kmu-jedes-fuenfte-unternehmen-stellt-um\/#primaryimage"},"thumbnailUrl":"https:\/\/www.organisator.ch\/wp-content\/uploads\/2020\/03\/Kurzarbeit-in-KMU-Jedes-fuenfte-Unternehmen-stellt-um_Organisator.jpg","datePublished":"2020-03-24T07:27:15+00:00","description":"According to a flash survey, just under two-thirds of SMEs (57.7 %) expect a small drop in sales. Short-time work is a widespread measure in SMEs.","breadcrumb":{"@id":"https:\/\/www.organisator.ch\/management\/2020-03-24\/kurzarbeit-in-kmu-jedes-fuenfte-unternehmen-stellt-um\/#breadcrumb"},"inLanguage":"en-US","potentialAction":[{"@type":"ReadAction","target":["https:\/\/www.organisator.ch\/management\/2020-03-24\/kurzarbeit-in-kmu-jedes-fuenfte-unternehmen-stellt-um\/"]}]},{"@type":"ImageObject","inLanguage":"en-US","@id":"https:\/\/www.organisator.ch\/management\/2020-03-24\/kurzarbeit-in-kmu-jedes-fuenfte-unternehmen-stellt-um\/#primaryimage","url":"https:\/\/www.organisator.ch\/wp-content\/uploads\/2020\/03\/Kurzarbeit-in-KMU-Jedes-fuenfte-Unternehmen-stellt-um_Organisator.jpg","contentUrl":"https:\/\/www.organisator.ch\/wp-content\/uploads\/2020\/03\/Kurzarbeit-in-KMU-Jedes-fuenfte-Unternehmen-stellt-um_Organisator.jpg","width":680,"height":390,"caption":"Verunsicherung bei Kunden und Kurzarbeit in KMU: Dies zeigt eine Blitz-Umfrage von Visable. (Grafik: Visable)"},{"@type":"BreadcrumbList","@id":"https:\/\/www.organisator.ch\/management\/2020-03-24\/kurzarbeit-in-kmu-jedes-fuenfte-unternehmen-stellt-um\/#breadcrumb","itemListElement":[{"@type":"ListItem","position":1,"name":"Home","item":"https:\/\/www.organisator.ch\/"},{"@type":"ListItem","position":2,"name":"Kurzarbeit in KMU: Jedes f\u00fcnfte Unternehmen stellt um"}]},{"@type":"WebSite","@id":"https:\/\/www.organisator.ch\/#website","url":"https:\/\/www.organisator.ch\/","name":"Organizer","description":"Competent. Practical. In 10 issues per year, ORGANISATOR presents the essential topics for managers of SMEs.","publisher":{"@id":"https:\/\/www.organisator.ch\/#organization"},"potentialAction":[{"@type":"SearchAction","target":{"@type":"EntryPoint","urlTemplate":"https:\/\/www.organisator.ch\/?s={search_term_string}"},"query-input":{"@type":"PropertyValueSpecification","valueRequired":true,"valueName":"search_term_string"}}],"inLanguage":"en-US"},{"@type":"Organization","@id":"https:\/\/www.organisator.ch\/#organization","name":"Organizer","url":"https:\/\/www.organisator.ch\/","logo":{"@type":"ImageObject","inLanguage":"en-US","@id":"https:\/\/www.organisator.ch\/#\/schema\/logo\/image\/","url":"https:\/\/www.organisator.ch\/wp-content\/uploads\/2022\/01\/Logo_Organisator_Website.png","contentUrl":"https:\/\/www.organisator.ch\/wp-content\/uploads\/2022\/01\/Logo_Organisator_Website.png","width":800,"height":77,"caption":"Organisator"},"image":{"@id":"https:\/\/www.organisator.ch\/#\/schema\/logo\/image\/"},"sameAs":["https:\/\/www.facebook.com\/OrganisatorFachmagazin","https:\/\/www.linkedin.com\/showcase\/organisator-das-magazin-fr-kmu","https:\/\/www.xing.com\/news\/pages\/organisator-ch-695","https:\/\/www.youtube.com\/channel\/UCGP2Sq0iWaZwT3BdIAQFYpw"]},{"@type":"Person","@id":"https:\/\/www.organisator.ch\/#\/schema\/person\/6f650f90b2842cd4c0cc334b4e36f67e","name":"thomas.berner","image":{"@type":"ImageObject","inLanguage":"en-US","@id":"https:\/\/secure.gravatar.com\/avatar\/ac5001d2a36cb6c6cd3e50789007ffca834b477b74a2144564522e944eabff61?s=96&d=mm&r=g","url":"https:\/\/secure.gravatar.com\/avatar\/ac5001d2a36cb6c6cd3e50789007ffca834b477b74a2144564522e944eabff61?s=96&d=mm&r=g","contentUrl":"https:\/\/secure.gravatar.com\/avatar\/ac5001d2a36cb6c6cd3e50789007ffca834b477b74a2144564522e944eabff61?s=96&d=mm&r=g","caption":"thomas.berner"},"url":"https:\/\/www.organisator.ch\/en\/author\/thomas-berner\/"}]}},"_links":{"self":[{"href":"https:\/\/www.organisator.ch\/en\/wp-json\/wp\/v2\/posts\/6503","targetHints":{"allow":["GET"]}}],"collection":[{"href":"https:\/\/www.organisator.ch\/en\/wp-json\/wp\/v2\/posts"}],"about":[{"href":"https:\/\/www.organisator.ch\/en\/wp-json\/wp\/v2\/types\/post"}],"author":[{"embeddable":true,"href":"https:\/\/www.organisator.ch\/en\/wp-json\/wp\/v2\/users\/4"}],"replies":[{"embeddable":true,"href":"https:\/\/www.organisator.ch\/en\/wp-json\/wp\/v2\/comments?post=6503"}],"version-history":[{"count":0,"href":"https:\/\/www.organisator.ch\/en\/wp-json\/wp\/v2\/posts\/6503\/revisions"}],"wp:featuredmedia":[{"embeddable":true,"href":"https:\/\/www.organisator.ch\/en\/wp-json\/wp\/v2\/media\/6504"}],"wp:attachment":[{"href":"https:\/\/www.organisator.ch\/en\/wp-json\/wp\/v2\/media?parent=6503"}],"wp:term":[{"taxonomy":"category","embeddable":true,"href":"https:\/\/www.organisator.ch\/en\/wp-json\/wp\/v2\/categories?post=6503"},{"taxonomy":"post_tag","embeddable":true,"href":"https:\/\/www.organisator.ch\/en\/wp-json\/wp\/v2\/tags?post=6503"}],"curies":[{"name":"wp","href":"https:\/\/api.w.org\/{rel}","templated":true}]}}