{"id":6538,"date":"2020-04-01T15:33:19","date_gmt":"2020-04-01T13:33:19","guid":{"rendered":"https:\/\/www.organisator.ch\/?p=6538"},"modified":"2020-04-01T15:33:19","modified_gmt":"2020-04-01T13:33:19","slug":"iway-waechst-weiter-positiver-corona-impact","status":"publish","type":"post","link":"https:\/\/www.organisator.ch\/en\/management\/it\/2020-04-01\/iway-waechst-weiter-positiver-corona-impact\/","title":{"rendered":"iWay continues to grow - positive Corona impact"},"content":{"rendered":"<figure id=\"attachment_6539\" aria-describedby=\"caption-attachment-6539\" style=\"width: 680px\" class=\"wp-caption alignnone\"><img loading=\"lazy\" decoding=\"async\" class=\"size-medium wp-image-6539\" src=\"https:\/\/www.organisator.ch\/wp-content\/uploads\/2020\/04\/iWay-waechst-weiter-positiver-Corona-Impact_Organisator.jpg\" alt=\"\" width=\"680\" height=\"337\" srcset=\"https:\/\/www.organisator.ch\/wp-content\/uploads\/2020\/04\/iWay-waechst-weiter-positiver-Corona-Impact_Organisator.jpg 680w, https:\/\/www.organisator.ch\/wp-content\/uploads\/2020\/04\/iWay-waechst-weiter-positiver-Corona-Impact_Organisator-16x8.jpg 16w, https:\/\/www.organisator.ch\/wp-content\/uploads\/2020\/04\/iWay-waechst-weiter-positiver-Corona-Impact_Organisator-353x175.jpg 353w, https:\/\/www.organisator.ch\/wp-content\/uploads\/2020\/04\/iWay-waechst-weiter-positiver-Corona-Impact_Organisator-300x149.jpg 300w\" sizes=\"auto, (max-width: 680px) 100vw, 680px\" \/><figcaption id=\"caption-attachment-6539\" class=\"wp-caption-text\">Positive business outlook for 2020: Internet service provider iWay.<\/figcaption><\/figure>\n<p>The Internet service provider (ISP) iWay was also able to grow last year. The company increased its sales in fiscal year 2019 by 12 percent year-on-year to CHF 29.2 million from CHF 26.1 million. In its most important business segment, Internet Access, revenues grew by 6 percent from 15.8 to 16.7 million Swiss francs. iWay also continued to gain market share in Internet telephony. Sales of VoIP (Voice over IP) services, for example, amounted to CHF 7.2 million, representing growth of 25 percent. The partners again made a significant contribution to the success of the full-service provider in 2019. Thanks to them, the share of indirect sales increased from 54 to 56 percent of total sales. The continued strong performance is also reflected in the creation of new jobs, as the workforce grew from 44 to 48 employees in 2019. For the current year, iWay expects a further increase in sales of around 10 percent. New positions are also to be created again in 2020, particularly in the marketing and support areas. At the same time as the results of the past financial year, iWay announced its brand-new, ultra-fast offering available throughout Switzerland with up to 10 gigabits per second at its media orientation, which was held by video conference for the first time as a result of the Corona crisis.<\/p>\n<h2>iWay hardly feels any negative effects from Corona<\/h2>\n<p>Managing Director Matthias Oswald is also confident for the current business year. A negative Corona impact is not noticeable, he explained at the media conference. On the contrary, he said, several new orders and requests for higher bandwidths were directly attributable to the corona-induced trend toward home office work. Some customers may have noticed that mobile networks are reaching their limits and that LAN connections via fiber optic connections are therefore running more stably, according to one assumption. What could be noticed in the past few days was increased bandwidth consumption during the day, but there were also peaks in the evening. \"Users can't go to the movies and therefore consume more Netflix,\" explains Matthias Cramer, head of engineering at iWay. However, there is no reason to switch off Netflix; so far, the capacities are sufficient without any problems.<\/p>\n<h2>Good business prospects for 2020<\/h2>\n<p>\"For 2020, we expect growth of around 10 percent,\" continues Matthias Oswald. As a result of the further development of fiber optics, we can assume that growth in the FTTH (fiber to the home) segment will be greater than for DSL connections. The fiber boom is likely to continue thanks to higher transmission speeds, the forthcoming \"10 G\" offering, and the continuing strong demand for lower-cost VoIP products and modular product bundles. Overall, the IT industry will benefit from the Corona Impact, he said. However, according to Matthias Cramer, the problem at the moment is hardware: due to production downtimes in Asia, there are currently delivery bottlenecks for routers and other devices.<\/p>\n<p><a href=\"https:\/\/www.iway.ch\/\"><em>More information<\/em><\/a><\/p>","protected":false},"excerpt":{"rendered":"<p>Der Internet Service Provider (ISP) iWay hat auch im vergangenen Jahr zulegen k\u00f6nnen. Das Unternehmen steigerte im Gesch\u00e4ftsjahr 2019 den Umsatz gegen\u00fcber dem Vorjahr um 12 Prozent auf von 26,1 auf 29,2 Millionen Franken. Im wichtigsten Gesch\u00e4ftsfeld Internet Access wuchs der Umsatz von von 15,8 um 6 Prozent auf 16,7 Millionen Franken. Auch im Bereich [&hellip;]<\/p>\n","protected":false},"author":4,"featured_media":6539,"comment_status":"closed","ping_status":"closed","sticky":false,"template":"","format":"standard","meta":{"_acf_changed":false,"_yoast_wpseo_focuskw":"iWay","_yoast_wpseo_metadesc":"Der Schweizer Internet Service Provider iWay steigert den Umsatz und bringt ultraschnelles Internet mit 10 Gbit\/s. Das Wachstum h\u00e4lt 2020 weiter an.","articlekey":"","footnotes":""},"categories":[27],"tags":[281,286,492],"class_list":["post-6538","post","type-post","status-publish","format-standard","has-post-thumbnail","hentry","category-it","tag-internet","tag-it","tag-unternehmen"],"acf":[],"yoast_head":"<!-- This site is optimized with the Yoast SEO plugin v27.4 - https:\/\/yoast.com\/product\/yoast-seo-wordpress\/ -->\n<title>iWay w\u00e4chst weiter - positiver Corona-Impact - Organisator<\/title>\n<meta name=\"description\" content=\"Der Schweizer Internet Service Provider iWay steigert den Umsatz und bringt ultraschnelles Internet mit 10 Gbit\/s. Das Wachstum h\u00e4lt 2020 weiter an.\" \/>\n<meta name=\"robots\" content=\"index, follow, max-snippet:-1, max-image-preview:large, max-video-preview:-1\" \/>\n<link rel=\"canonical\" href=\"https:\/\/www.organisator.ch\/en\/management\/it\/2020-04-01\/iway-waechst-weiter-positiver-corona-impact\/\" \/>\n<meta property=\"og:locale\" content=\"en_US\" \/>\n<meta property=\"og:type\" content=\"article\" \/>\n<meta property=\"og:title\" content=\"iWay w\u00e4chst weiter - positiver Corona-Impact\" \/>\n<meta property=\"og:description\" content=\"Der Schweizer Internet Service Provider iWay steigert den Umsatz und bringt ultraschnelles Internet mit 10 Gbit\/s. Das Wachstum h\u00e4lt 2020 weiter an.\" \/>\n<meta property=\"og:url\" content=\"https:\/\/www.organisator.ch\/en\/management\/it\/2020-04-01\/iway-waechst-weiter-positiver-corona-impact\/\" \/>\n<meta property=\"og:site_name\" content=\"Organisator\" \/>\n<meta property=\"article:publisher\" content=\"https:\/\/www.facebook.com\/OrganisatorFachmagazin\" \/>\n<meta property=\"article:published_time\" content=\"2020-04-01T13:33:19+00:00\" \/>\n<meta property=\"og:image\" content=\"https:\/\/www.organisator.ch\/wp-content\/uploads\/2020\/04\/iWay-waechst-weiter-positiver-Corona-Impact_Organisator.jpg\" \/>\n\t<meta property=\"og:image:width\" content=\"680\" \/>\n\t<meta property=\"og:image:height\" content=\"337\" \/>\n\t<meta property=\"og:image:type\" content=\"image\/jpeg\" \/>\n<meta name=\"author\" content=\"thomas.berner\" \/>\n<meta name=\"twitter:card\" content=\"summary_large_image\" \/>\n<meta name=\"twitter:title\" content=\"iWay w\u00e4chst weiter - positiver Corona-Impact\" \/>\n<meta name=\"twitter:description\" content=\"Der Schweizer Internet Service Provider iWay steigert den Umsatz und bringt ultraschnelles Internet mit 10 Gbit\/s. Das Wachstum h\u00e4lt 2020 weiter an.\" \/>\n<meta name=\"twitter:image\" content=\"https:\/\/www.organisator.ch\/wp-content\/uploads\/2020\/04\/iWay-waechst-weiter-positiver-Corona-Impact_Organisator.jpg\" \/>\n<script type=\"application\/ld+json\" class=\"yoast-schema-graph\">{\"@context\":\"https:\\\/\\\/schema.org\",\"@graph\":[{\"@type\":\"Article\",\"@id\":\"https:\\\/\\\/www.organisator.ch\\\/management\\\/it\\\/2020-04-01\\\/iway-waechst-weiter-positiver-corona-impact\\\/#article\",\"isPartOf\":{\"@id\":\"https:\\\/\\\/www.organisator.ch\\\/management\\\/it\\\/2020-04-01\\\/iway-waechst-weiter-positiver-corona-impact\\\/\"},\"author\":{\"name\":\"thomas.berner\",\"@id\":\"https:\\\/\\\/www.organisator.ch\\\/#\\\/schema\\\/person\\\/6f650f90b2842cd4c0cc334b4e36f67e\"},\"headline\":\"iWay w\u00e4chst weiter &#8211; positiver Corona-Impact\",\"datePublished\":\"2020-04-01T13:33:19+00:00\",\"mainEntityOfPage\":{\"@id\":\"https:\\\/\\\/www.organisator.ch\\\/management\\\/it\\\/2020-04-01\\\/iway-waechst-weiter-positiver-corona-impact\\\/\"},\"wordCount\":464,\"publisher\":{\"@id\":\"https:\\\/\\\/www.organisator.ch\\\/#organization\"},\"image\":{\"@id\":\"https:\\\/\\\/www.organisator.ch\\\/management\\\/it\\\/2020-04-01\\\/iway-waechst-weiter-positiver-corona-impact\\\/#primaryimage\"},\"thumbnailUrl\":\"https:\\\/\\\/www.organisator.ch\\\/wp-content\\\/uploads\\\/2020\\\/04\\\/iWay-waechst-weiter-positiver-Corona-Impact_Organisator.jpg\",\"keywords\":[\"Internet\",\"IT\",\"Unternehmen\"],\"articleSection\":[\"IT\"],\"inLanguage\":\"en-US\"},{\"@type\":\"WebPage\",\"@id\":\"https:\\\/\\\/www.organisator.ch\\\/management\\\/it\\\/2020-04-01\\\/iway-waechst-weiter-positiver-corona-impact\\\/\",\"url\":\"https:\\\/\\\/www.organisator.ch\\\/management\\\/it\\\/2020-04-01\\\/iway-waechst-weiter-positiver-corona-impact\\\/\",\"name\":\"iWay w\u00e4chst weiter - positiver Corona-Impact - Organisator\",\"isPartOf\":{\"@id\":\"https:\\\/\\\/www.organisator.ch\\\/#website\"},\"primaryImageOfPage\":{\"@id\":\"https:\\\/\\\/www.organisator.ch\\\/management\\\/it\\\/2020-04-01\\\/iway-waechst-weiter-positiver-corona-impact\\\/#primaryimage\"},\"image\":{\"@id\":\"https:\\\/\\\/www.organisator.ch\\\/management\\\/it\\\/2020-04-01\\\/iway-waechst-weiter-positiver-corona-impact\\\/#primaryimage\"},\"thumbnailUrl\":\"https:\\\/\\\/www.organisator.ch\\\/wp-content\\\/uploads\\\/2020\\\/04\\\/iWay-waechst-weiter-positiver-Corona-Impact_Organisator.jpg\",\"datePublished\":\"2020-04-01T13:33:19+00:00\",\"description\":\"Der Schweizer Internet Service Provider iWay steigert den Umsatz und bringt ultraschnelles Internet mit 10 Gbit\\\/s. Das Wachstum h\u00e4lt 2020 weiter an.\",\"breadcrumb\":{\"@id\":\"https:\\\/\\\/www.organisator.ch\\\/management\\\/it\\\/2020-04-01\\\/iway-waechst-weiter-positiver-corona-impact\\\/#breadcrumb\"},\"inLanguage\":\"en-US\",\"potentialAction\":[{\"@type\":\"ReadAction\",\"target\":[\"https:\\\/\\\/www.organisator.ch\\\/management\\\/it\\\/2020-04-01\\\/iway-waechst-weiter-positiver-corona-impact\\\/\"]}]},{\"@type\":\"ImageObject\",\"inLanguage\":\"en-US\",\"@id\":\"https:\\\/\\\/www.organisator.ch\\\/management\\\/it\\\/2020-04-01\\\/iway-waechst-weiter-positiver-corona-impact\\\/#primaryimage\",\"url\":\"https:\\\/\\\/www.organisator.ch\\\/wp-content\\\/uploads\\\/2020\\\/04\\\/iWay-waechst-weiter-positiver-Corona-Impact_Organisator.jpg\",\"contentUrl\":\"https:\\\/\\\/www.organisator.ch\\\/wp-content\\\/uploads\\\/2020\\\/04\\\/iWay-waechst-weiter-positiver-Corona-Impact_Organisator.jpg\",\"width\":680,\"height\":337,\"caption\":\"Positive Gesch\u00e4ftsaussichten auf f\u00fcr 2020: Internet Service Provider iWay.\"},{\"@type\":\"BreadcrumbList\",\"@id\":\"https:\\\/\\\/www.organisator.ch\\\/management\\\/it\\\/2020-04-01\\\/iway-waechst-weiter-positiver-corona-impact\\\/#breadcrumb\",\"itemListElement\":[{\"@type\":\"ListItem\",\"position\":1,\"name\":\"Home\",\"item\":\"https:\\\/\\\/www.organisator.ch\\\/\"},{\"@type\":\"ListItem\",\"position\":2,\"name\":\"iWay w\u00e4chst weiter &#8211; positiver Corona-Impact\"}]},{\"@type\":\"WebSite\",\"@id\":\"https:\\\/\\\/www.organisator.ch\\\/#website\",\"url\":\"https:\\\/\\\/www.organisator.ch\\\/\",\"name\":\"Organisator\",\"description\":\"Kompetent. Praxisnah. Der ORGANISATOR bereitet in 10 Ausgaben pro Jahr die wesentlichen Themen f\u00fcr F\u00fchrungskr\u00e4fte von KMU auf.\",\"publisher\":{\"@id\":\"https:\\\/\\\/www.organisator.ch\\\/#organization\"},\"potentialAction\":[{\"@type\":\"SearchAction\",\"target\":{\"@type\":\"EntryPoint\",\"urlTemplate\":\"https:\\\/\\\/www.organisator.ch\\\/?s={search_term_string}\"},\"query-input\":{\"@type\":\"PropertyValueSpecification\",\"valueRequired\":true,\"valueName\":\"search_term_string\"}}],\"inLanguage\":\"en-US\"},{\"@type\":\"Organization\",\"@id\":\"https:\\\/\\\/www.organisator.ch\\\/#organization\",\"name\":\"Organisator\",\"url\":\"https:\\\/\\\/www.organisator.ch\\\/\",\"logo\":{\"@type\":\"ImageObject\",\"inLanguage\":\"en-US\",\"@id\":\"https:\\\/\\\/www.organisator.ch\\\/#\\\/schema\\\/logo\\\/image\\\/\",\"url\":\"https:\\\/\\\/www.organisator.ch\\\/wp-content\\\/uploads\\\/2022\\\/01\\\/Logo_Organisator_Website.png\",\"contentUrl\":\"https:\\\/\\\/www.organisator.ch\\\/wp-content\\\/uploads\\\/2022\\\/01\\\/Logo_Organisator_Website.png\",\"width\":800,\"height\":77,\"caption\":\"Organisator\"},\"image\":{\"@id\":\"https:\\\/\\\/www.organisator.ch\\\/#\\\/schema\\\/logo\\\/image\\\/\"},\"sameAs\":[\"https:\\\/\\\/www.facebook.com\\\/OrganisatorFachmagazin\",\"https:\\\/\\\/www.linkedin.com\\\/showcase\\\/organisator-das-magazin-fr-kmu\",\"https:\\\/\\\/www.xing.com\\\/news\\\/pages\\\/organisator-ch-695\",\"https:\\\/\\\/www.youtube.com\\\/channel\\\/UCGP2Sq0iWaZwT3BdIAQFYpw\"]},{\"@type\":\"Person\",\"@id\":\"https:\\\/\\\/www.organisator.ch\\\/#\\\/schema\\\/person\\\/6f650f90b2842cd4c0cc334b4e36f67e\",\"name\":\"thomas.berner\",\"image\":{\"@type\":\"ImageObject\",\"inLanguage\":\"en-US\",\"@id\":\"https:\\\/\\\/secure.gravatar.com\\\/avatar\\\/ac5001d2a36cb6c6cd3e50789007ffca834b477b74a2144564522e944eabff61?s=96&d=mm&r=g\",\"url\":\"https:\\\/\\\/secure.gravatar.com\\\/avatar\\\/ac5001d2a36cb6c6cd3e50789007ffca834b477b74a2144564522e944eabff61?s=96&d=mm&r=g\",\"contentUrl\":\"https:\\\/\\\/secure.gravatar.com\\\/avatar\\\/ac5001d2a36cb6c6cd3e50789007ffca834b477b74a2144564522e944eabff61?s=96&d=mm&r=g\",\"caption\":\"thomas.berner\"},\"url\":\"https:\\\/\\\/www.organisator.ch\\\/en\\\/author\\\/thomas-berner\\\/\"}]}<\/script>\n<!-- \/ Yoast SEO plugin. -->","yoast_head_json":{"title":"iWay continues to grow - positive Corona impact - organizer","description":"Swiss Internet service provider iWay increases revenue and brings ultra-fast Internet at 10 Gbit\/s. Growth continues in 2020.","robots":{"index":"index","follow":"follow","max-snippet":"max-snippet:-1","max-image-preview":"max-image-preview:large","max-video-preview":"max-video-preview:-1"},"canonical":"https:\/\/www.organisator.ch\/en\/management\/it\/2020-04-01\/iway-waechst-weiter-positiver-corona-impact\/","og_locale":"en_US","og_type":"article","og_title":"iWay w\u00e4chst weiter - positiver Corona-Impact","og_description":"Der Schweizer Internet Service Provider iWay steigert den Umsatz und bringt ultraschnelles Internet mit 10 Gbit\/s. Das Wachstum h\u00e4lt 2020 weiter an.","og_url":"https:\/\/www.organisator.ch\/en\/management\/it\/2020-04-01\/iway-waechst-weiter-positiver-corona-impact\/","og_site_name":"Organisator","article_publisher":"https:\/\/www.facebook.com\/OrganisatorFachmagazin","article_published_time":"2020-04-01T13:33:19+00:00","og_image":[{"width":680,"height":337,"url":"https:\/\/www.organisator.ch\/wp-content\/uploads\/2020\/04\/iWay-waechst-weiter-positiver-Corona-Impact_Organisator.jpg","type":"image\/jpeg"}],"author":"thomas.berner","twitter_card":"summary_large_image","twitter_title":"iWay w\u00e4chst weiter - positiver Corona-Impact","twitter_description":"Der Schweizer Internet Service Provider iWay steigert den Umsatz und bringt ultraschnelles Internet mit 10 Gbit\/s. Das Wachstum h\u00e4lt 2020 weiter an.","twitter_image":"https:\/\/www.organisator.ch\/wp-content\/uploads\/2020\/04\/iWay-waechst-weiter-positiver-Corona-Impact_Organisator.jpg","schema":{"@context":"https:\/\/schema.org","@graph":[{"@type":"Article","@id":"https:\/\/www.organisator.ch\/management\/it\/2020-04-01\/iway-waechst-weiter-positiver-corona-impact\/#article","isPartOf":{"@id":"https:\/\/www.organisator.ch\/management\/it\/2020-04-01\/iway-waechst-weiter-positiver-corona-impact\/"},"author":{"name":"thomas.berner","@id":"https:\/\/www.organisator.ch\/#\/schema\/person\/6f650f90b2842cd4c0cc334b4e36f67e"},"headline":"iWay w\u00e4chst weiter &#8211; positiver Corona-Impact","datePublished":"2020-04-01T13:33:19+00:00","mainEntityOfPage":{"@id":"https:\/\/www.organisator.ch\/management\/it\/2020-04-01\/iway-waechst-weiter-positiver-corona-impact\/"},"wordCount":464,"publisher":{"@id":"https:\/\/www.organisator.ch\/#organization"},"image":{"@id":"https:\/\/www.organisator.ch\/management\/it\/2020-04-01\/iway-waechst-weiter-positiver-corona-impact\/#primaryimage"},"thumbnailUrl":"https:\/\/www.organisator.ch\/wp-content\/uploads\/2020\/04\/iWay-waechst-weiter-positiver-Corona-Impact_Organisator.jpg","keywords":["Internet","IT","Unternehmen"],"articleSection":["IT"],"inLanguage":"en-US"},{"@type":"WebPage","@id":"https:\/\/www.organisator.ch\/management\/it\/2020-04-01\/iway-waechst-weiter-positiver-corona-impact\/","url":"https:\/\/www.organisator.ch\/management\/it\/2020-04-01\/iway-waechst-weiter-positiver-corona-impact\/","name":"iWay continues to grow - positive Corona impact - organizer","isPartOf":{"@id":"https:\/\/www.organisator.ch\/#website"},"primaryImageOfPage":{"@id":"https:\/\/www.organisator.ch\/management\/it\/2020-04-01\/iway-waechst-weiter-positiver-corona-impact\/#primaryimage"},"image":{"@id":"https:\/\/www.organisator.ch\/management\/it\/2020-04-01\/iway-waechst-weiter-positiver-corona-impact\/#primaryimage"},"thumbnailUrl":"https:\/\/www.organisator.ch\/wp-content\/uploads\/2020\/04\/iWay-waechst-weiter-positiver-Corona-Impact_Organisator.jpg","datePublished":"2020-04-01T13:33:19+00:00","description":"Swiss Internet service provider iWay increases revenue and brings ultra-fast Internet at 10 Gbit\/s. Growth continues in 2020.","breadcrumb":{"@id":"https:\/\/www.organisator.ch\/management\/it\/2020-04-01\/iway-waechst-weiter-positiver-corona-impact\/#breadcrumb"},"inLanguage":"en-US","potentialAction":[{"@type":"ReadAction","target":["https:\/\/www.organisator.ch\/management\/it\/2020-04-01\/iway-waechst-weiter-positiver-corona-impact\/"]}]},{"@type":"ImageObject","inLanguage":"en-US","@id":"https:\/\/www.organisator.ch\/management\/it\/2020-04-01\/iway-waechst-weiter-positiver-corona-impact\/#primaryimage","url":"https:\/\/www.organisator.ch\/wp-content\/uploads\/2020\/04\/iWay-waechst-weiter-positiver-Corona-Impact_Organisator.jpg","contentUrl":"https:\/\/www.organisator.ch\/wp-content\/uploads\/2020\/04\/iWay-waechst-weiter-positiver-Corona-Impact_Organisator.jpg","width":680,"height":337,"caption":"Positive Gesch\u00e4ftsaussichten auf f\u00fcr 2020: Internet Service Provider iWay."},{"@type":"BreadcrumbList","@id":"https:\/\/www.organisator.ch\/management\/it\/2020-04-01\/iway-waechst-weiter-positiver-corona-impact\/#breadcrumb","itemListElement":[{"@type":"ListItem","position":1,"name":"Home","item":"https:\/\/www.organisator.ch\/"},{"@type":"ListItem","position":2,"name":"iWay w\u00e4chst weiter &#8211; positiver Corona-Impact"}]},{"@type":"WebSite","@id":"https:\/\/www.organisator.ch\/#website","url":"https:\/\/www.organisator.ch\/","name":"Organizer","description":"Competent. Practical. In 10 issues per year, ORGANISATOR presents the essential topics for managers of SMEs.","publisher":{"@id":"https:\/\/www.organisator.ch\/#organization"},"potentialAction":[{"@type":"SearchAction","target":{"@type":"EntryPoint","urlTemplate":"https:\/\/www.organisator.ch\/?s={search_term_string}"},"query-input":{"@type":"PropertyValueSpecification","valueRequired":true,"valueName":"search_term_string"}}],"inLanguage":"en-US"},{"@type":"Organization","@id":"https:\/\/www.organisator.ch\/#organization","name":"Organizer","url":"https:\/\/www.organisator.ch\/","logo":{"@type":"ImageObject","inLanguage":"en-US","@id":"https:\/\/www.organisator.ch\/#\/schema\/logo\/image\/","url":"https:\/\/www.organisator.ch\/wp-content\/uploads\/2022\/01\/Logo_Organisator_Website.png","contentUrl":"https:\/\/www.organisator.ch\/wp-content\/uploads\/2022\/01\/Logo_Organisator_Website.png","width":800,"height":77,"caption":"Organisator"},"image":{"@id":"https:\/\/www.organisator.ch\/#\/schema\/logo\/image\/"},"sameAs":["https:\/\/www.facebook.com\/OrganisatorFachmagazin","https:\/\/www.linkedin.com\/showcase\/organisator-das-magazin-fr-kmu","https:\/\/www.xing.com\/news\/pages\/organisator-ch-695","https:\/\/www.youtube.com\/channel\/UCGP2Sq0iWaZwT3BdIAQFYpw"]},{"@type":"Person","@id":"https:\/\/www.organisator.ch\/#\/schema\/person\/6f650f90b2842cd4c0cc334b4e36f67e","name":"thomas.berner","image":{"@type":"ImageObject","inLanguage":"en-US","@id":"https:\/\/secure.gravatar.com\/avatar\/ac5001d2a36cb6c6cd3e50789007ffca834b477b74a2144564522e944eabff61?s=96&d=mm&r=g","url":"https:\/\/secure.gravatar.com\/avatar\/ac5001d2a36cb6c6cd3e50789007ffca834b477b74a2144564522e944eabff61?s=96&d=mm&r=g","contentUrl":"https:\/\/secure.gravatar.com\/avatar\/ac5001d2a36cb6c6cd3e50789007ffca834b477b74a2144564522e944eabff61?s=96&d=mm&r=g","caption":"thomas.berner"},"url":"https:\/\/www.organisator.ch\/en\/author\/thomas-berner\/"}]}},"_links":{"self":[{"href":"https:\/\/www.organisator.ch\/en\/wp-json\/wp\/v2\/posts\/6538","targetHints":{"allow":["GET"]}}],"collection":[{"href":"https:\/\/www.organisator.ch\/en\/wp-json\/wp\/v2\/posts"}],"about":[{"href":"https:\/\/www.organisator.ch\/en\/wp-json\/wp\/v2\/types\/post"}],"author":[{"embeddable":true,"href":"https:\/\/www.organisator.ch\/en\/wp-json\/wp\/v2\/users\/4"}],"replies":[{"embeddable":true,"href":"https:\/\/www.organisator.ch\/en\/wp-json\/wp\/v2\/comments?post=6538"}],"version-history":[{"count":0,"href":"https:\/\/www.organisator.ch\/en\/wp-json\/wp\/v2\/posts\/6538\/revisions"}],"wp:featuredmedia":[{"embeddable":true,"href":"https:\/\/www.organisator.ch\/en\/wp-json\/wp\/v2\/media\/6539"}],"wp:attachment":[{"href":"https:\/\/www.organisator.ch\/en\/wp-json\/wp\/v2\/media?parent=6538"}],"wp:term":[{"taxonomy":"category","embeddable":true,"href":"https:\/\/www.organisator.ch\/en\/wp-json\/wp\/v2\/categories?post=6538"},{"taxonomy":"post_tag","embeddable":true,"href":"https:\/\/www.organisator.ch\/en\/wp-json\/wp\/v2\/tags?post=6538"}],"curies":[{"name":"wp","href":"https:\/\/api.w.org\/{rel}","templated":true}]}}