{"id":6548,"date":"2020-04-02T11:23:19","date_gmt":"2020-04-02T09:23:19","guid":{"rendered":"https:\/\/www.organisator.ch\/?p=6548"},"modified":"2020-04-02T11:23:19","modified_gmt":"2020-04-02T09:23:19","slug":"entlassungswelle-droht-bei-kmu","status":"publish","type":"post","link":"https:\/\/www.organisator.ch\/en\/allgemein\/2020-04-02\/entlassungswelle-droht-bei-kmu\/","title":{"rendered":"Wave of layoffs threatens SMEs"},"content":{"rendered":"<figure id=\"attachment_6550\" aria-describedby=\"caption-attachment-6550\" style=\"width: 680px\" class=\"wp-caption alignnone\"><img loading=\"lazy\" decoding=\"async\" class=\"size-medium wp-image-6550\" src=\"https:\/\/www.organisator.ch\/wp-content\/uploads\/2020\/04\/Entlassungswelle-droht-bei-KMU_Organisator.jpg\" alt=\"\" width=\"680\" height=\"453\" srcset=\"https:\/\/www.organisator.ch\/wp-content\/uploads\/2020\/04\/Entlassungswelle-droht-bei-KMU_Organisator.jpg 680w, https:\/\/www.organisator.ch\/wp-content\/uploads\/2020\/04\/Entlassungswelle-droht-bei-KMU_Organisator-16x12.jpg 16w, https:\/\/www.organisator.ch\/wp-content\/uploads\/2020\/04\/Entlassungswelle-droht-bei-KMU_Organisator-263x175.jpg 263w, https:\/\/www.organisator.ch\/wp-content\/uploads\/2020\/04\/Entlassungswelle-droht-bei-KMU_Organisator-525x350.jpg 525w, https:\/\/www.organisator.ch\/wp-content\/uploads\/2020\/04\/Entlassungswelle-droht-bei-KMU_Organisator-300x200.jpg 300w\" sizes=\"auto, (max-width: 680px) 100vw, 680px\" \/><figcaption id=\"caption-attachment-6550\" class=\"wp-caption-text\">Gloomy outlook for SMEs: Is a wave of bankruptcies and layoffs looming? (Image: Pixabay.com)<\/figcaption><\/figure>\n<p>Already 6.5 percent of SMEs have laid off employees - more are planned, and there could even be a wave of layoffs. And a good 34 percent of SMEs feel they receive too little support from the federal government. This is shown in a survey by <a href=\"https:\/\/www.gryps.ch\/\">GRYPS offer portal<\/a>\u00a0on the economic impact of the Corona crisis on small and medium-sized enterprises in Switzerland, which was conducted between March 30 and April 2, 2020. In the survey, 270 SMEs participated online.<\/p>\n<h2>Loans do not solve problems enough<\/h2>\n<p>The problems revealed in the survey are not directly attributable to cases of illness: Indeed, so far there have been few confirmed Corona cases in the participating companies. However, companies will have to prepare themselves for how they will deal with the situation in such cases. Acute, on the other hand, are the consequences of officially imposed business closures on small businesses. \"The self-employed in particular are dissatisfied with the limited support and feel their existence is threatened. This is shown by the many personal comments of the SMEs in the survey. Even interest-free loans do not solve the problem for many, as these have to be paid back again,\" says Gaby St\u00e4heli, co-CEO of GRYPS Offertenportal.<\/p>\n<h2><strong>Other results in the survey<\/strong><\/h2>\n<ul>\n<li>Layoffs: Around 6.5 percent have laid off employees, and over 8 percent plan to do so in the near future<\/li>\n<li>Short-time working: A good 43 percent have already introduced short-time working, and over 8 percent are planning to do so in the near future.<\/li>\n<li>Hiring freeze: Around 54 percent have introduced a hiring freeze, with just under 3 percent planning to do so in the near future<\/li>\n<li>Sales declines: 30 percent of SMEs suffered more than 75 percent sales declines in the Corona month of March.<\/li>\n<li>Rent reduction: Only just 10 percent have agreed to defer or reduce the rent for business premises, but 18.5 percent still plan to negotiate with their landlord.<\/li>\n<\/ul>\n<p>The survey shows: Overall, the impact of the coronavirus on the Swiss SME landscape is clearly visible. And some statements from survey participants leave nothing to be desired in terms of clarity: \"It's not okay at all, what<br \/>\nis being blindly destroyed here.\" Or there is also talk of a \"state-imposed death blow\" for entire companies.<\/p>","protected":false},"excerpt":{"rendered":"<p>Bereits 6,5 Prozent der KMU haben Mitarbeiter entlassen \u2013 geplant sind noch mehr, es k\u00f6nnte sogar zu einer Entlassungswelle kommen. Und gut 34 Prozent der KMU f\u00fchlen sich vom Bund zu wenig unterst\u00fctzt. Dies zeigt eine Umfrage von GRYPS Offertenportal\u00a0zu den wirtschaftlichen Auswirkungen der Corona-Krise auf kleinere und mittlere Unternehmen in der Schweiz, die zwischen [&hellip;]<\/p>\n","protected":false},"author":4,"featured_media":6550,"comment_status":"closed","ping_status":"closed","sticky":false,"template":"","format":"standard","meta":{"_acf_changed":false,"_yoast_wpseo_focuskw":"Entlassungswelle","_yoast_wpseo_metadesc":"Eine Umfrage bei KMU gibt Aufschluss \u00fcber ihre aktuelle Situation. Und diese ist bei vielen alles andere als gut. Droht gar eine Entlassungswelle?","articlekey":"","footnotes":""},"categories":[1],"tags":[132,487,492,531],"class_list":["post-6548","post","type-post","status-publish","format-standard","has-post-thumbnail","hentry","category-allgemein","tag-coronavirus","tag-umfrage","tag-unternehmen","tag-wirtschaftspolitik"],"acf":[],"yoast_head":"<!-- This site is optimized with the Yoast SEO plugin v27.4 - https:\/\/yoast.com\/product\/yoast-seo-wordpress\/ -->\n<title>Entlassungswelle droht bei KMU - Organisator<\/title>\n<meta name=\"description\" content=\"Eine Umfrage bei KMU gibt Aufschluss \u00fcber ihre aktuelle Situation. Und diese ist bei vielen alles andere als gut. Droht gar eine Entlassungswelle?\" \/>\n<meta name=\"robots\" content=\"index, follow, max-snippet:-1, max-image-preview:large, max-video-preview:-1\" \/>\n<link rel=\"canonical\" href=\"https:\/\/www.organisator.ch\/en\/general\/2020-04-02\/entlassungswelle-droht-bei-kmu\/\" \/>\n<meta property=\"og:locale\" content=\"en_US\" \/>\n<meta property=\"og:type\" content=\"article\" \/>\n<meta property=\"og:title\" content=\"Entlassungswelle droht bei KMU\" \/>\n<meta property=\"og:description\" content=\"Eine Umfrage bei KMU gibt Aufschluss \u00fcber ihre aktuelle Situation. Und diese ist bei vielen alles andere als gut. Droht gar eine Entlassungswelle?\" \/>\n<meta property=\"og:url\" content=\"https:\/\/www.organisator.ch\/en\/general\/2020-04-02\/entlassungswelle-droht-bei-kmu\/\" \/>\n<meta property=\"og:site_name\" content=\"Organisator\" \/>\n<meta property=\"article:publisher\" content=\"https:\/\/www.facebook.com\/OrganisatorFachmagazin\" \/>\n<meta property=\"article:published_time\" content=\"2020-04-02T09:23:19+00:00\" \/>\n<meta property=\"og:image\" content=\"https:\/\/www.organisator.ch\/wp-content\/uploads\/2020\/04\/Entlassungswelle-droht-bei-KMU_Organisator.jpg\" \/>\n\t<meta property=\"og:image:width\" content=\"680\" \/>\n\t<meta property=\"og:image:height\" content=\"453\" \/>\n\t<meta property=\"og:image:type\" content=\"image\/jpeg\" \/>\n<meta name=\"author\" content=\"thomas.berner\" \/>\n<meta name=\"twitter:card\" content=\"summary_large_image\" \/>\n<meta name=\"twitter:title\" content=\"#Entlassungswelle droht bei KMU\" \/>\n<meta name=\"twitter:description\" content=\"Eine #Umfrage bei #KMU gibt Aufschluss \u00fcber ihre aktuelle Situation. Und diese ist bei vielen alles andere als gut. Droht gar eine #Entlassungswelle?\" \/>\n<meta name=\"twitter:image\" content=\"https:\/\/www.organisator.ch\/wp-content\/uploads\/2020\/04\/Entlassungswelle-droht-bei-KMU_Organisator.jpg\" \/>\n<script type=\"application\/ld+json\" class=\"yoast-schema-graph\">{\"@context\":\"https:\\\/\\\/schema.org\",\"@graph\":[{\"@type\":\"Article\",\"@id\":\"https:\\\/\\\/www.organisator.ch\\\/en\\\/general\\\/2020-04-02\\\/entlassungswelle-droht-bei-kmu\\\/#article\",\"isPartOf\":{\"@id\":\"https:\\\/\\\/www.organisator.ch\\\/en\\\/general\\\/2020-04-02\\\/entlassungswelle-droht-bei-kmu\\\/\"},\"author\":{\"name\":\"thomas.berner\",\"@id\":\"https:\\\/\\\/www.organisator.ch\\\/#\\\/schema\\\/person\\\/6f650f90b2842cd4c0cc334b4e36f67e\"},\"headline\":\"Entlassungswelle droht bei KMU\",\"datePublished\":\"2020-04-02T09:23:19+00:00\",\"mainEntityOfPage\":{\"@id\":\"https:\\\/\\\/www.organisator.ch\\\/en\\\/general\\\/2020-04-02\\\/entlassungswelle-droht-bei-kmu\\\/\"},\"wordCount\":371,\"publisher\":{\"@id\":\"https:\\\/\\\/www.organisator.ch\\\/#organization\"},\"image\":{\"@id\":\"https:\\\/\\\/www.organisator.ch\\\/en\\\/general\\\/2020-04-02\\\/entlassungswelle-droht-bei-kmu\\\/#primaryimage\"},\"thumbnailUrl\":\"https:\\\/\\\/www.organisator.ch\\\/wp-content\\\/uploads\\\/2020\\\/04\\\/Entlassungswelle-droht-bei-KMU_Organisator.jpg\",\"keywords\":[\"Coronavirus\",\"Umfrage\",\"Unternehmen\",\"Wirtschaftspolitik\"],\"articleSection\":[\"Allgemein\"],\"inLanguage\":\"en-US\"},{\"@type\":\"WebPage\",\"@id\":\"https:\\\/\\\/www.organisator.ch\\\/en\\\/general\\\/2020-04-02\\\/entlassungswelle-droht-bei-kmu\\\/\",\"url\":\"https:\\\/\\\/www.organisator.ch\\\/en\\\/general\\\/2020-04-02\\\/entlassungswelle-droht-bei-kmu\\\/\",\"name\":\"Entlassungswelle droht bei KMU - Organisator\",\"isPartOf\":{\"@id\":\"https:\\\/\\\/www.organisator.ch\\\/#website\"},\"primaryImageOfPage\":{\"@id\":\"https:\\\/\\\/www.organisator.ch\\\/en\\\/general\\\/2020-04-02\\\/entlassungswelle-droht-bei-kmu\\\/#primaryimage\"},\"image\":{\"@id\":\"https:\\\/\\\/www.organisator.ch\\\/en\\\/general\\\/2020-04-02\\\/entlassungswelle-droht-bei-kmu\\\/#primaryimage\"},\"thumbnailUrl\":\"https:\\\/\\\/www.organisator.ch\\\/wp-content\\\/uploads\\\/2020\\\/04\\\/Entlassungswelle-droht-bei-KMU_Organisator.jpg\",\"datePublished\":\"2020-04-02T09:23:19+00:00\",\"description\":\"Eine Umfrage bei KMU gibt Aufschluss \u00fcber ihre aktuelle Situation. Und diese ist bei vielen alles andere als gut. Droht gar eine Entlassungswelle?\",\"breadcrumb\":{\"@id\":\"https:\\\/\\\/www.organisator.ch\\\/en\\\/general\\\/2020-04-02\\\/entlassungswelle-droht-bei-kmu\\\/#breadcrumb\"},\"inLanguage\":\"en-US\",\"potentialAction\":[{\"@type\":\"ReadAction\",\"target\":[\"https:\\\/\\\/www.organisator.ch\\\/en\\\/general\\\/2020-04-02\\\/entlassungswelle-droht-bei-kmu\\\/\"]}]},{\"@type\":\"ImageObject\",\"inLanguage\":\"en-US\",\"@id\":\"https:\\\/\\\/www.organisator.ch\\\/en\\\/general\\\/2020-04-02\\\/entlassungswelle-droht-bei-kmu\\\/#primaryimage\",\"url\":\"https:\\\/\\\/www.organisator.ch\\\/wp-content\\\/uploads\\\/2020\\\/04\\\/Entlassungswelle-droht-bei-KMU_Organisator.jpg\",\"contentUrl\":\"https:\\\/\\\/www.organisator.ch\\\/wp-content\\\/uploads\\\/2020\\\/04\\\/Entlassungswelle-droht-bei-KMU_Organisator.jpg\",\"width\":680,\"height\":453,\"caption\":\"D\u00fcstere Aussichten f\u00fcr KMU: Droht eine Konkurs- und Entlassungswelle? (Bild: Pixabay.com)\"},{\"@type\":\"BreadcrumbList\",\"@id\":\"https:\\\/\\\/www.organisator.ch\\\/en\\\/general\\\/2020-04-02\\\/entlassungswelle-droht-bei-kmu\\\/#breadcrumb\",\"itemListElement\":[{\"@type\":\"ListItem\",\"position\":1,\"name\":\"Home\",\"item\":\"https:\\\/\\\/www.organisator.ch\\\/\"},{\"@type\":\"ListItem\",\"position\":2,\"name\":\"Entlassungswelle droht bei KMU\"}]},{\"@type\":\"WebSite\",\"@id\":\"https:\\\/\\\/www.organisator.ch\\\/#website\",\"url\":\"https:\\\/\\\/www.organisator.ch\\\/\",\"name\":\"Organisator\",\"description\":\"Kompetent. Praxisnah. Der ORGANISATOR bereitet in 10 Ausgaben pro Jahr die wesentlichen Themen f\u00fcr F\u00fchrungskr\u00e4fte von KMU auf.\",\"publisher\":{\"@id\":\"https:\\\/\\\/www.organisator.ch\\\/#organization\"},\"potentialAction\":[{\"@type\":\"SearchAction\",\"target\":{\"@type\":\"EntryPoint\",\"urlTemplate\":\"https:\\\/\\\/www.organisator.ch\\\/?s={search_term_string}\"},\"query-input\":{\"@type\":\"PropertyValueSpecification\",\"valueRequired\":true,\"valueName\":\"search_term_string\"}}],\"inLanguage\":\"en-US\"},{\"@type\":\"Organization\",\"@id\":\"https:\\\/\\\/www.organisator.ch\\\/#organization\",\"name\":\"Organisator\",\"url\":\"https:\\\/\\\/www.organisator.ch\\\/\",\"logo\":{\"@type\":\"ImageObject\",\"inLanguage\":\"en-US\",\"@id\":\"https:\\\/\\\/www.organisator.ch\\\/#\\\/schema\\\/logo\\\/image\\\/\",\"url\":\"https:\\\/\\\/www.organisator.ch\\\/wp-content\\\/uploads\\\/2022\\\/01\\\/Logo_Organisator_Website.png\",\"contentUrl\":\"https:\\\/\\\/www.organisator.ch\\\/wp-content\\\/uploads\\\/2022\\\/01\\\/Logo_Organisator_Website.png\",\"width\":800,\"height\":77,\"caption\":\"Organisator\"},\"image\":{\"@id\":\"https:\\\/\\\/www.organisator.ch\\\/#\\\/schema\\\/logo\\\/image\\\/\"},\"sameAs\":[\"https:\\\/\\\/www.facebook.com\\\/OrganisatorFachmagazin\",\"https:\\\/\\\/www.linkedin.com\\\/showcase\\\/organisator-das-magazin-fr-kmu\",\"https:\\\/\\\/www.xing.com\\\/news\\\/pages\\\/organisator-ch-695\",\"https:\\\/\\\/www.youtube.com\\\/channel\\\/UCGP2Sq0iWaZwT3BdIAQFYpw\"]},{\"@type\":\"Person\",\"@id\":\"https:\\\/\\\/www.organisator.ch\\\/#\\\/schema\\\/person\\\/6f650f90b2842cd4c0cc334b4e36f67e\",\"name\":\"thomas.berner\",\"image\":{\"@type\":\"ImageObject\",\"inLanguage\":\"en-US\",\"@id\":\"https:\\\/\\\/secure.gravatar.com\\\/avatar\\\/ac5001d2a36cb6c6cd3e50789007ffca834b477b74a2144564522e944eabff61?s=96&d=mm&r=g\",\"url\":\"https:\\\/\\\/secure.gravatar.com\\\/avatar\\\/ac5001d2a36cb6c6cd3e50789007ffca834b477b74a2144564522e944eabff61?s=96&d=mm&r=g\",\"contentUrl\":\"https:\\\/\\\/secure.gravatar.com\\\/avatar\\\/ac5001d2a36cb6c6cd3e50789007ffca834b477b74a2144564522e944eabff61?s=96&d=mm&r=g\",\"caption\":\"thomas.berner\"},\"url\":\"https:\\\/\\\/www.organisator.ch\\\/en\\\/author\\\/thomas-berner\\\/\"}]}<\/script>\n<!-- \/ Yoast SEO plugin. -->","yoast_head_json":{"title":"Wave of layoffs threatens SME - organizer","description":"A survey of SMEs provides information about their current situation. And for many of them, the situation is anything but good. Is there even a threat of a wave of redundancies?","robots":{"index":"index","follow":"follow","max-snippet":"max-snippet:-1","max-image-preview":"max-image-preview:large","max-video-preview":"max-video-preview:-1"},"canonical":"https:\/\/www.organisator.ch\/en\/general\/2020-04-02\/entlassungswelle-droht-bei-kmu\/","og_locale":"en_US","og_type":"article","og_title":"Entlassungswelle droht bei KMU","og_description":"Eine Umfrage bei KMU gibt Aufschluss \u00fcber ihre aktuelle Situation. Und diese ist bei vielen alles andere als gut. Droht gar eine Entlassungswelle?","og_url":"https:\/\/www.organisator.ch\/en\/general\/2020-04-02\/entlassungswelle-droht-bei-kmu\/","og_site_name":"Organisator","article_publisher":"https:\/\/www.facebook.com\/OrganisatorFachmagazin","article_published_time":"2020-04-02T09:23:19+00:00","og_image":[{"width":680,"height":453,"url":"https:\/\/www.organisator.ch\/wp-content\/uploads\/2020\/04\/Entlassungswelle-droht-bei-KMU_Organisator.jpg","type":"image\/jpeg"}],"author":"thomas.berner","twitter_card":"summary_large_image","twitter_title":"#Entlassungswelle droht bei KMU","twitter_description":"Eine #Umfrage bei #KMU gibt Aufschluss \u00fcber ihre aktuelle Situation. Und diese ist bei vielen alles andere als gut. Droht gar eine #Entlassungswelle?","twitter_image":"https:\/\/www.organisator.ch\/wp-content\/uploads\/2020\/04\/Entlassungswelle-droht-bei-KMU_Organisator.jpg","schema":{"@context":"https:\/\/schema.org","@graph":[{"@type":"Article","@id":"https:\/\/www.organisator.ch\/en\/general\/2020-04-02\/entlassungswelle-droht-bei-kmu\/#article","isPartOf":{"@id":"https:\/\/www.organisator.ch\/en\/general\/2020-04-02\/entlassungswelle-droht-bei-kmu\/"},"author":{"name":"thomas.berner","@id":"https:\/\/www.organisator.ch\/#\/schema\/person\/6f650f90b2842cd4c0cc334b4e36f67e"},"headline":"Entlassungswelle droht bei KMU","datePublished":"2020-04-02T09:23:19+00:00","mainEntityOfPage":{"@id":"https:\/\/www.organisator.ch\/en\/general\/2020-04-02\/entlassungswelle-droht-bei-kmu\/"},"wordCount":371,"publisher":{"@id":"https:\/\/www.organisator.ch\/#organization"},"image":{"@id":"https:\/\/www.organisator.ch\/en\/general\/2020-04-02\/entlassungswelle-droht-bei-kmu\/#primaryimage"},"thumbnailUrl":"https:\/\/www.organisator.ch\/wp-content\/uploads\/2020\/04\/Entlassungswelle-droht-bei-KMU_Organisator.jpg","keywords":["Coronavirus","Umfrage","Unternehmen","Wirtschaftspolitik"],"articleSection":["Allgemein"],"inLanguage":"en-US"},{"@type":"WebPage","@id":"https:\/\/www.organisator.ch\/en\/general\/2020-04-02\/entlassungswelle-droht-bei-kmu\/","url":"https:\/\/www.organisator.ch\/en\/general\/2020-04-02\/entlassungswelle-droht-bei-kmu\/","name":"Wave of layoffs threatens SME - organizer","isPartOf":{"@id":"https:\/\/www.organisator.ch\/#website"},"primaryImageOfPage":{"@id":"https:\/\/www.organisator.ch\/en\/general\/2020-04-02\/entlassungswelle-droht-bei-kmu\/#primaryimage"},"image":{"@id":"https:\/\/www.organisator.ch\/en\/general\/2020-04-02\/entlassungswelle-droht-bei-kmu\/#primaryimage"},"thumbnailUrl":"https:\/\/www.organisator.ch\/wp-content\/uploads\/2020\/04\/Entlassungswelle-droht-bei-KMU_Organisator.jpg","datePublished":"2020-04-02T09:23:19+00:00","description":"A survey of SMEs provides information about their current situation. And for many of them, the situation is anything but good. Is there even a threat of a wave of redundancies?","breadcrumb":{"@id":"https:\/\/www.organisator.ch\/en\/general\/2020-04-02\/entlassungswelle-droht-bei-kmu\/#breadcrumb"},"inLanguage":"en-US","potentialAction":[{"@type":"ReadAction","target":["https:\/\/www.organisator.ch\/en\/general\/2020-04-02\/entlassungswelle-droht-bei-kmu\/"]}]},{"@type":"ImageObject","inLanguage":"en-US","@id":"https:\/\/www.organisator.ch\/en\/general\/2020-04-02\/entlassungswelle-droht-bei-kmu\/#primaryimage","url":"https:\/\/www.organisator.ch\/wp-content\/uploads\/2020\/04\/Entlassungswelle-droht-bei-KMU_Organisator.jpg","contentUrl":"https:\/\/www.organisator.ch\/wp-content\/uploads\/2020\/04\/Entlassungswelle-droht-bei-KMU_Organisator.jpg","width":680,"height":453,"caption":"D\u00fcstere Aussichten f\u00fcr KMU: Droht eine Konkurs- und Entlassungswelle? (Bild: Pixabay.com)"},{"@type":"BreadcrumbList","@id":"https:\/\/www.organisator.ch\/en\/general\/2020-04-02\/entlassungswelle-droht-bei-kmu\/#breadcrumb","itemListElement":[{"@type":"ListItem","position":1,"name":"Home","item":"https:\/\/www.organisator.ch\/"},{"@type":"ListItem","position":2,"name":"Entlassungswelle droht bei KMU"}]},{"@type":"WebSite","@id":"https:\/\/www.organisator.ch\/#website","url":"https:\/\/www.organisator.ch\/","name":"Organizer","description":"Competent. Practical. In 10 issues per year, ORGANISATOR presents the essential topics for managers of SMEs.","publisher":{"@id":"https:\/\/www.organisator.ch\/#organization"},"potentialAction":[{"@type":"SearchAction","target":{"@type":"EntryPoint","urlTemplate":"https:\/\/www.organisator.ch\/?s={search_term_string}"},"query-input":{"@type":"PropertyValueSpecification","valueRequired":true,"valueName":"search_term_string"}}],"inLanguage":"en-US"},{"@type":"Organization","@id":"https:\/\/www.organisator.ch\/#organization","name":"Organizer","url":"https:\/\/www.organisator.ch\/","logo":{"@type":"ImageObject","inLanguage":"en-US","@id":"https:\/\/www.organisator.ch\/#\/schema\/logo\/image\/","url":"https:\/\/www.organisator.ch\/wp-content\/uploads\/2022\/01\/Logo_Organisator_Website.png","contentUrl":"https:\/\/www.organisator.ch\/wp-content\/uploads\/2022\/01\/Logo_Organisator_Website.png","width":800,"height":77,"caption":"Organisator"},"image":{"@id":"https:\/\/www.organisator.ch\/#\/schema\/logo\/image\/"},"sameAs":["https:\/\/www.facebook.com\/OrganisatorFachmagazin","https:\/\/www.linkedin.com\/showcase\/organisator-das-magazin-fr-kmu","https:\/\/www.xing.com\/news\/pages\/organisator-ch-695","https:\/\/www.youtube.com\/channel\/UCGP2Sq0iWaZwT3BdIAQFYpw"]},{"@type":"Person","@id":"https:\/\/www.organisator.ch\/#\/schema\/person\/6f650f90b2842cd4c0cc334b4e36f67e","name":"thomas.berner","image":{"@type":"ImageObject","inLanguage":"en-US","@id":"https:\/\/secure.gravatar.com\/avatar\/ac5001d2a36cb6c6cd3e50789007ffca834b477b74a2144564522e944eabff61?s=96&d=mm&r=g","url":"https:\/\/secure.gravatar.com\/avatar\/ac5001d2a36cb6c6cd3e50789007ffca834b477b74a2144564522e944eabff61?s=96&d=mm&r=g","contentUrl":"https:\/\/secure.gravatar.com\/avatar\/ac5001d2a36cb6c6cd3e50789007ffca834b477b74a2144564522e944eabff61?s=96&d=mm&r=g","caption":"thomas.berner"},"url":"https:\/\/www.organisator.ch\/en\/author\/thomas-berner\/"}]}},"_links":{"self":[{"href":"https:\/\/www.organisator.ch\/en\/wp-json\/wp\/v2\/posts\/6548","targetHints":{"allow":["GET"]}}],"collection":[{"href":"https:\/\/www.organisator.ch\/en\/wp-json\/wp\/v2\/posts"}],"about":[{"href":"https:\/\/www.organisator.ch\/en\/wp-json\/wp\/v2\/types\/post"}],"author":[{"embeddable":true,"href":"https:\/\/www.organisator.ch\/en\/wp-json\/wp\/v2\/users\/4"}],"replies":[{"embeddable":true,"href":"https:\/\/www.organisator.ch\/en\/wp-json\/wp\/v2\/comments?post=6548"}],"version-history":[{"count":0,"href":"https:\/\/www.organisator.ch\/en\/wp-json\/wp\/v2\/posts\/6548\/revisions"}],"wp:featuredmedia":[{"embeddable":true,"href":"https:\/\/www.organisator.ch\/en\/wp-json\/wp\/v2\/media\/6550"}],"wp:attachment":[{"href":"https:\/\/www.organisator.ch\/en\/wp-json\/wp\/v2\/media?parent=6548"}],"wp:term":[{"taxonomy":"category","embeddable":true,"href":"https:\/\/www.organisator.ch\/en\/wp-json\/wp\/v2\/categories?post=6548"},{"taxonomy":"post_tag","embeddable":true,"href":"https:\/\/www.organisator.ch\/en\/wp-json\/wp\/v2\/tags?post=6548"}],"curies":[{"name":"wp","href":"https:\/\/api.w.org\/{rel}","templated":true}]}}