{"id":6552,"date":"2020-04-03T07:57:50","date_gmt":"2020-04-03T05:57:50","guid":{"rendered":"https:\/\/www.organisator.ch\/?p=6552"},"modified":"2020-04-03T07:57:50","modified_gmt":"2020-04-03T05:57:50","slug":"schweizer-cfos-wegen-covid-19-im-globalen-vergleich-weniger-pessimistisch","status":"publish","type":"post","link":"https:\/\/www.organisator.ch\/en\/management\/finanzen_recht\/2020-04-03\/schweizer-cfos-wegen-covid-19-im-globalen-vergleich-weniger-pessimistisch\/","title":{"rendered":"Swiss CFOs less pessimistic in global comparison due to Covid-19"},"content":{"rendered":"<figure id=\"attachment_6554\" aria-describedby=\"caption-attachment-6554\" style=\"width: 680px\" class=\"wp-caption alignnone\"><img loading=\"lazy\" decoding=\"async\" class=\"size-medium wp-image-6554\" src=\"https:\/\/www.organisator.ch\/wp-content\/uploads\/2020\/04\/Schweizer-CFOs-wegen-Covid-19-im-globalen-Vergleich-weniger-pessimistisch_Organisator.jpg\" alt=\"\" width=\"680\" height=\"453\" srcset=\"https:\/\/www.organisator.ch\/wp-content\/uploads\/2020\/04\/Schweizer-CFOs-wegen-Covid-19-im-globalen-Vergleich-weniger-pessimistisch_Organisator.jpg 680w, https:\/\/www.organisator.ch\/wp-content\/uploads\/2020\/04\/Schweizer-CFOs-wegen-Covid-19-im-globalen-Vergleich-weniger-pessimistisch_Organisator-16x12.jpg 16w, https:\/\/www.organisator.ch\/wp-content\/uploads\/2020\/04\/Schweizer-CFOs-wegen-Covid-19-im-globalen-Vergleich-weniger-pessimistisch_Organisator-263x175.jpg 263w, https:\/\/www.organisator.ch\/wp-content\/uploads\/2020\/04\/Schweizer-CFOs-wegen-Covid-19-im-globalen-Vergleich-weniger-pessimistisch_Organisator-525x350.jpg 525w, https:\/\/www.organisator.ch\/wp-content\/uploads\/2020\/04\/Schweizer-CFOs-wegen-Covid-19-im-globalen-Vergleich-weniger-pessimistisch_Organisator-300x200.jpg 300w\" sizes=\"auto, (max-width: 680px) 100vw, 680px\" \/><figcaption id=\"caption-attachment-6554\" class=\"wp-caption-text\">Swiss CFOs are very worried about the economy because of Covid-19, but they are not so pessimistic about recovery compared to the rest of the world. (Image: Pixabay.com)<\/figcaption><\/figure>\n<p>As part of a global initiative, PwC Switzerland is tracking the response of CFOs to the COVID-19 outbreak by conducting a bi-weekly survey with CFOs of the largest Swiss companies across a range of industries. This survey was conducted during the week of March 23 and is based on responses from CFOs of large, small and medium-sized Swiss companies.<\/p>\n<h2>Great concern from Swiss CFOs<\/h2>\n<p>Although COVID-19 has not yet peaked, three-quarters of respondents in Switzerland say the outbreak has potential for significant impact on their business. Only a minority of respondents perceive the impact of the pandemic as limited to certain regions of their company or as an isolated challenge without a major impact on the business. A significant 75 percent of Swiss CFOs expect the impact of COVID-19 to negatively affect their revenues and\/or profits. Fifteen percent of respondents say they have difficulty assessing the impact of COVID-19 on revenues. This is due to new information and findings on COVID-19 being released on a daily basis.<\/p>\n<h2>Cost containment and investment freezes<\/h2>\n<p>The main measures already taken by Swiss companies in response to COVID-19 were cited as cost containment measures, postponement or cancellation of planned investments, and changes to financing plans.<\/p>\n<p>In response to the question concerning the outlook for April, CFOs in Switzerland cited staff changes due to low demand (temporary leave) and the separation of employees (redundancies) as the most likely negative events. As companies focus on protecting their liquidity, they are currently postponing various types of investments, with information technology, operations, labor and facilities being the most frequently cited. With the full economic impact of COVID-19 still difficult to gauge, only 20 percent of companies are considering changes to their supply chain and have only implemented short-term measures. In the long term, companies are expected to increasingly readjust their supply chain.<\/p>\n<h2>Normalization in less than one month<\/h2>\n<p>Also asked was the \"cardinal question\": How long would it take to recover if the outbreak ended immediately? Here, too, Swiss CFOs are significantly more optimistic than their global counterparts: 65 percent say that their business would return to normal in less than a month, and a further 25 percent assume a period of one to three months. Global opinions are somewhat more pessimistic - the absolute majority believe that their business would return to normal in one to three months.<\/p>\n<p><em>Source: <a href=\"http:\/\/www.pwc.ch\">PwC<\/a><\/em><\/p>","protected":false},"excerpt":{"rendered":"<p>Im Rahmen einer globalen Initiative verfolgt PwC Schweiz die Reaktion der Finanzchefs auf den Ausbruch von COVID-19, indem sie alle zwei Wochen eine Umfrage mit den CFOs der gr\u00f6ssten Schweizer Unternehmen aus verschiedenen Branchen durchf\u00fchrt. Diese Umfrage wurde in der Woche vom 23. M\u00e4rz durchgef\u00fchrt und basiert auf den Antworten von CFOs grosser, kleineren und [&hellip;]<\/p>\n","protected":false},"author":4,"featured_media":6554,"comment_status":"closed","ping_status":"closed","sticky":false,"template":"","format":"standard","meta":{"_acf_changed":false,"_yoast_wpseo_focuskw":"Schweizer CFOs","_yoast_wpseo_metadesc":"Eine Umfrage zeigt, welche Auswirkungen Finanzchefs von Covid-19 erwarten. Schweizer CFOs sind dabei deutlich weniger pessimistisch als globale Kollegen.","articlekey":"","footnotes":""},"categories":[24],"tags":[132,202,335,531],"class_list":["post-6552","post","type-post","status-publish","format-standard","has-post-thumbnail","hentry","category-finanzen_recht","tag-coronavirus","tag-finanzenrecht","tag-management-und-unternehmensfuehrung","tag-wirtschaftspolitik"],"acf":[],"yoast_head":"<!-- This site is optimized with the Yoast SEO plugin v27.4 - https:\/\/yoast.com\/product\/yoast-seo-wordpress\/ -->\n<title>Schweizer CFOs wegen Covid-19 im globalen Vergleich weniger pessimistisch - Organisator<\/title>\n<meta name=\"description\" content=\"Eine Umfrage zeigt, welche Auswirkungen Finanzchefs von Covid-19 erwarten. Schweizer CFOs sind dabei deutlich weniger pessimistisch als globale Kollegen.\" \/>\n<meta name=\"robots\" content=\"index, follow, max-snippet:-1, max-image-preview:large, max-video-preview:-1\" \/>\n<link rel=\"canonical\" href=\"https:\/\/www.organisator.ch\/en\/management\/finanzen_recht\/2020-04-03\/schweizer-cfos-wegen-covid-19-im-globalen-vergleich-weniger-pessimistisch\/\" \/>\n<meta property=\"og:locale\" content=\"en_US\" \/>\n<meta property=\"og:type\" content=\"article\" \/>\n<meta property=\"og:title\" content=\"Schweizer CFOs wegen Covid-19 im globalen Vergleich weniger pessimistisch\" \/>\n<meta property=\"og:description\" content=\"Eine Umfrage zeigt, welche Auswirkungen Finanzchefs von Covid-19 erwarten. Schweizer CFOs sind dabei deutlich weniger pessimistisch als globale Kollegen.\" \/>\n<meta property=\"og:url\" content=\"https:\/\/www.organisator.ch\/en\/management\/finanzen_recht\/2020-04-03\/schweizer-cfos-wegen-covid-19-im-globalen-vergleich-weniger-pessimistisch\/\" \/>\n<meta property=\"og:site_name\" content=\"Organisator\" \/>\n<meta property=\"article:publisher\" content=\"https:\/\/www.facebook.com\/OrganisatorFachmagazin\" \/>\n<meta property=\"article:published_time\" content=\"2020-04-03T05:57:50+00:00\" \/>\n<meta property=\"og:image\" content=\"https:\/\/www.organisator.ch\/wp-content\/uploads\/2020\/04\/Schweizer-CFOs-wegen-Covid-19-im-globalen-Vergleich-weniger-pessimistisch_Organisator.jpg\" \/>\n\t<meta property=\"og:image:width\" content=\"680\" \/>\n\t<meta property=\"og:image:height\" content=\"453\" \/>\n\t<meta property=\"og:image:type\" content=\"image\/jpeg\" \/>\n<meta name=\"author\" content=\"thomas.berner\" \/>\n<meta name=\"twitter:card\" content=\"summary_large_image\" \/>\n<meta name=\"twitter:title\" content=\"Schweizer #CFOs wegen #Covid-19 im globalen Vergleich weniger pessimistisch\" \/>\n<meta name=\"twitter:description\" content=\"Eine Umfrage zeigt, welche Auswirkungen Finanzchefs von #Covid-19 erwarten. Schweizer #CFOs sind dabei deutlich weniger pessimistisch als globale Kollegen.\" \/>\n<meta name=\"twitter:image\" content=\"https:\/\/www.organisator.ch\/wp-content\/uploads\/2020\/04\/Schweizer-CFOs-wegen-Covid-19-im-globalen-Vergleich-weniger-pessimistisch_Organisator.jpg\" \/>\n<script type=\"application\/ld+json\" class=\"yoast-schema-graph\">{\"@context\":\"https:\\\/\\\/schema.org\",\"@graph\":[{\"@type\":\"Article\",\"@id\":\"https:\\\/\\\/www.organisator.ch\\\/management\\\/finanzen_recht\\\/2020-04-03\\\/schweizer-cfos-wegen-covid-19-im-globalen-vergleich-weniger-pessimistisch\\\/#article\",\"isPartOf\":{\"@id\":\"https:\\\/\\\/www.organisator.ch\\\/management\\\/finanzen_recht\\\/2020-04-03\\\/schweizer-cfos-wegen-covid-19-im-globalen-vergleich-weniger-pessimistisch\\\/\"},\"author\":{\"name\":\"thomas.berner\",\"@id\":\"https:\\\/\\\/www.organisator.ch\\\/#\\\/schema\\\/person\\\/6f650f90b2842cd4c0cc334b4e36f67e\"},\"headline\":\"Schweizer CFOs wegen Covid-19 im globalen Vergleich weniger pessimistisch\",\"datePublished\":\"2020-04-03T05:57:50+00:00\",\"mainEntityOfPage\":{\"@id\":\"https:\\\/\\\/www.organisator.ch\\\/management\\\/finanzen_recht\\\/2020-04-03\\\/schweizer-cfos-wegen-covid-19-im-globalen-vergleich-weniger-pessimistisch\\\/\"},\"wordCount\":452,\"publisher\":{\"@id\":\"https:\\\/\\\/www.organisator.ch\\\/#organization\"},\"image\":{\"@id\":\"https:\\\/\\\/www.organisator.ch\\\/management\\\/finanzen_recht\\\/2020-04-03\\\/schweizer-cfos-wegen-covid-19-im-globalen-vergleich-weniger-pessimistisch\\\/#primaryimage\"},\"thumbnailUrl\":\"https:\\\/\\\/www.organisator.ch\\\/wp-content\\\/uploads\\\/2020\\\/04\\\/Schweizer-CFOs-wegen-Covid-19-im-globalen-Vergleich-weniger-pessimistisch_Organisator.jpg\",\"keywords\":[\"Coronavirus\",\"Finanzen\\\/Recht\",\"Management und Unternehmensf\u00fchrung\",\"Wirtschaftspolitik\"],\"articleSection\":[\"FINANZEN\\\/RECHT\"],\"inLanguage\":\"en-US\"},{\"@type\":\"WebPage\",\"@id\":\"https:\\\/\\\/www.organisator.ch\\\/management\\\/finanzen_recht\\\/2020-04-03\\\/schweizer-cfos-wegen-covid-19-im-globalen-vergleich-weniger-pessimistisch\\\/\",\"url\":\"https:\\\/\\\/www.organisator.ch\\\/management\\\/finanzen_recht\\\/2020-04-03\\\/schweizer-cfos-wegen-covid-19-im-globalen-vergleich-weniger-pessimistisch\\\/\",\"name\":\"Schweizer CFOs wegen Covid-19 im globalen Vergleich weniger pessimistisch - Organisator\",\"isPartOf\":{\"@id\":\"https:\\\/\\\/www.organisator.ch\\\/#website\"},\"primaryImageOfPage\":{\"@id\":\"https:\\\/\\\/www.organisator.ch\\\/management\\\/finanzen_recht\\\/2020-04-03\\\/schweizer-cfos-wegen-covid-19-im-globalen-vergleich-weniger-pessimistisch\\\/#primaryimage\"},\"image\":{\"@id\":\"https:\\\/\\\/www.organisator.ch\\\/management\\\/finanzen_recht\\\/2020-04-03\\\/schweizer-cfos-wegen-covid-19-im-globalen-vergleich-weniger-pessimistisch\\\/#primaryimage\"},\"thumbnailUrl\":\"https:\\\/\\\/www.organisator.ch\\\/wp-content\\\/uploads\\\/2020\\\/04\\\/Schweizer-CFOs-wegen-Covid-19-im-globalen-Vergleich-weniger-pessimistisch_Organisator.jpg\",\"datePublished\":\"2020-04-03T05:57:50+00:00\",\"description\":\"Eine Umfrage zeigt, welche Auswirkungen Finanzchefs von Covid-19 erwarten. Schweizer CFOs sind dabei deutlich weniger pessimistisch als globale Kollegen.\",\"breadcrumb\":{\"@id\":\"https:\\\/\\\/www.organisator.ch\\\/management\\\/finanzen_recht\\\/2020-04-03\\\/schweizer-cfos-wegen-covid-19-im-globalen-vergleich-weniger-pessimistisch\\\/#breadcrumb\"},\"inLanguage\":\"en-US\",\"potentialAction\":[{\"@type\":\"ReadAction\",\"target\":[\"https:\\\/\\\/www.organisator.ch\\\/management\\\/finanzen_recht\\\/2020-04-03\\\/schweizer-cfos-wegen-covid-19-im-globalen-vergleich-weniger-pessimistisch\\\/\"]}]},{\"@type\":\"ImageObject\",\"inLanguage\":\"en-US\",\"@id\":\"https:\\\/\\\/www.organisator.ch\\\/management\\\/finanzen_recht\\\/2020-04-03\\\/schweizer-cfos-wegen-covid-19-im-globalen-vergleich-weniger-pessimistisch\\\/#primaryimage\",\"url\":\"https:\\\/\\\/www.organisator.ch\\\/wp-content\\\/uploads\\\/2020\\\/04\\\/Schweizer-CFOs-wegen-Covid-19-im-globalen-Vergleich-weniger-pessimistisch_Organisator.jpg\",\"contentUrl\":\"https:\\\/\\\/www.organisator.ch\\\/wp-content\\\/uploads\\\/2020\\\/04\\\/Schweizer-CFOs-wegen-Covid-19-im-globalen-Vergleich-weniger-pessimistisch_Organisator.jpg\",\"width\":680,\"height\":453,\"caption\":\"Schweizer CFOs machen sich wegen Covid-19 zwar grosse Sorgen, sind aber bez\u00fcglich Erholung im globalen Vergleich nicht so pessimistisch. (Bild: Pixabay.com)\"},{\"@type\":\"BreadcrumbList\",\"@id\":\"https:\\\/\\\/www.organisator.ch\\\/management\\\/finanzen_recht\\\/2020-04-03\\\/schweizer-cfos-wegen-covid-19-im-globalen-vergleich-weniger-pessimistisch\\\/#breadcrumb\",\"itemListElement\":[{\"@type\":\"ListItem\",\"position\":1,\"name\":\"Home\",\"item\":\"https:\\\/\\\/www.organisator.ch\\\/\"},{\"@type\":\"ListItem\",\"position\":2,\"name\":\"Schweizer CFOs wegen Covid-19 im globalen Vergleich weniger pessimistisch\"}]},{\"@type\":\"WebSite\",\"@id\":\"https:\\\/\\\/www.organisator.ch\\\/#website\",\"url\":\"https:\\\/\\\/www.organisator.ch\\\/\",\"name\":\"Organisator\",\"description\":\"Kompetent. Praxisnah. Der ORGANISATOR bereitet in 10 Ausgaben pro Jahr die wesentlichen Themen f\u00fcr F\u00fchrungskr\u00e4fte von KMU auf.\",\"publisher\":{\"@id\":\"https:\\\/\\\/www.organisator.ch\\\/#organization\"},\"potentialAction\":[{\"@type\":\"SearchAction\",\"target\":{\"@type\":\"EntryPoint\",\"urlTemplate\":\"https:\\\/\\\/www.organisator.ch\\\/?s={search_term_string}\"},\"query-input\":{\"@type\":\"PropertyValueSpecification\",\"valueRequired\":true,\"valueName\":\"search_term_string\"}}],\"inLanguage\":\"en-US\"},{\"@type\":\"Organization\",\"@id\":\"https:\\\/\\\/www.organisator.ch\\\/#organization\",\"name\":\"Organisator\",\"url\":\"https:\\\/\\\/www.organisator.ch\\\/\",\"logo\":{\"@type\":\"ImageObject\",\"inLanguage\":\"en-US\",\"@id\":\"https:\\\/\\\/www.organisator.ch\\\/#\\\/schema\\\/logo\\\/image\\\/\",\"url\":\"https:\\\/\\\/www.organisator.ch\\\/wp-content\\\/uploads\\\/2022\\\/01\\\/Logo_Organisator_Website.png\",\"contentUrl\":\"https:\\\/\\\/www.organisator.ch\\\/wp-content\\\/uploads\\\/2022\\\/01\\\/Logo_Organisator_Website.png\",\"width\":800,\"height\":77,\"caption\":\"Organisator\"},\"image\":{\"@id\":\"https:\\\/\\\/www.organisator.ch\\\/#\\\/schema\\\/logo\\\/image\\\/\"},\"sameAs\":[\"https:\\\/\\\/www.facebook.com\\\/OrganisatorFachmagazin\",\"https:\\\/\\\/www.linkedin.com\\\/showcase\\\/organisator-das-magazin-fr-kmu\",\"https:\\\/\\\/www.xing.com\\\/news\\\/pages\\\/organisator-ch-695\",\"https:\\\/\\\/www.youtube.com\\\/channel\\\/UCGP2Sq0iWaZwT3BdIAQFYpw\"]},{\"@type\":\"Person\",\"@id\":\"https:\\\/\\\/www.organisator.ch\\\/#\\\/schema\\\/person\\\/6f650f90b2842cd4c0cc334b4e36f67e\",\"name\":\"thomas.berner\",\"image\":{\"@type\":\"ImageObject\",\"inLanguage\":\"en-US\",\"@id\":\"https:\\\/\\\/secure.gravatar.com\\\/avatar\\\/ac5001d2a36cb6c6cd3e50789007ffca834b477b74a2144564522e944eabff61?s=96&d=mm&r=g\",\"url\":\"https:\\\/\\\/secure.gravatar.com\\\/avatar\\\/ac5001d2a36cb6c6cd3e50789007ffca834b477b74a2144564522e944eabff61?s=96&d=mm&r=g\",\"contentUrl\":\"https:\\\/\\\/secure.gravatar.com\\\/avatar\\\/ac5001d2a36cb6c6cd3e50789007ffca834b477b74a2144564522e944eabff61?s=96&d=mm&r=g\",\"caption\":\"thomas.berner\"},\"url\":\"https:\\\/\\\/www.organisator.ch\\\/en\\\/author\\\/thomas-berner\\\/\"}]}<\/script>\n<!-- \/ Yoast SEO plugin. -->","yoast_head_json":{"title":"Swiss CFOs less pessimistic about Covid-19 in global comparison - Organizer","description":"A survey shows what impact CFOs expect Covid-19 to have. Swiss CFOs are significantly less pessimistic than their global colleagues.","robots":{"index":"index","follow":"follow","max-snippet":"max-snippet:-1","max-image-preview":"max-image-preview:large","max-video-preview":"max-video-preview:-1"},"canonical":"https:\/\/www.organisator.ch\/en\/management\/finanzen_recht\/2020-04-03\/schweizer-cfos-wegen-covid-19-im-globalen-vergleich-weniger-pessimistisch\/","og_locale":"en_US","og_type":"article","og_title":"Schweizer CFOs wegen Covid-19 im globalen Vergleich weniger pessimistisch","og_description":"Eine Umfrage zeigt, welche Auswirkungen Finanzchefs von Covid-19 erwarten. Schweizer CFOs sind dabei deutlich weniger pessimistisch als globale Kollegen.","og_url":"https:\/\/www.organisator.ch\/en\/management\/finanzen_recht\/2020-04-03\/schweizer-cfos-wegen-covid-19-im-globalen-vergleich-weniger-pessimistisch\/","og_site_name":"Organisator","article_publisher":"https:\/\/www.facebook.com\/OrganisatorFachmagazin","article_published_time":"2020-04-03T05:57:50+00:00","og_image":[{"width":680,"height":453,"url":"https:\/\/www.organisator.ch\/wp-content\/uploads\/2020\/04\/Schweizer-CFOs-wegen-Covid-19-im-globalen-Vergleich-weniger-pessimistisch_Organisator.jpg","type":"image\/jpeg"}],"author":"thomas.berner","twitter_card":"summary_large_image","twitter_title":"Schweizer #CFOs wegen #Covid-19 im globalen Vergleich weniger pessimistisch","twitter_description":"Eine Umfrage zeigt, welche Auswirkungen Finanzchefs von #Covid-19 erwarten. Schweizer #CFOs sind dabei deutlich weniger pessimistisch als globale Kollegen.","twitter_image":"https:\/\/www.organisator.ch\/wp-content\/uploads\/2020\/04\/Schweizer-CFOs-wegen-Covid-19-im-globalen-Vergleich-weniger-pessimistisch_Organisator.jpg","schema":{"@context":"https:\/\/schema.org","@graph":[{"@type":"Article","@id":"https:\/\/www.organisator.ch\/management\/finanzen_recht\/2020-04-03\/schweizer-cfos-wegen-covid-19-im-globalen-vergleich-weniger-pessimistisch\/#article","isPartOf":{"@id":"https:\/\/www.organisator.ch\/management\/finanzen_recht\/2020-04-03\/schweizer-cfos-wegen-covid-19-im-globalen-vergleich-weniger-pessimistisch\/"},"author":{"name":"thomas.berner","@id":"https:\/\/www.organisator.ch\/#\/schema\/person\/6f650f90b2842cd4c0cc334b4e36f67e"},"headline":"Schweizer CFOs wegen Covid-19 im globalen Vergleich weniger pessimistisch","datePublished":"2020-04-03T05:57:50+00:00","mainEntityOfPage":{"@id":"https:\/\/www.organisator.ch\/management\/finanzen_recht\/2020-04-03\/schweizer-cfos-wegen-covid-19-im-globalen-vergleich-weniger-pessimistisch\/"},"wordCount":452,"publisher":{"@id":"https:\/\/www.organisator.ch\/#organization"},"image":{"@id":"https:\/\/www.organisator.ch\/management\/finanzen_recht\/2020-04-03\/schweizer-cfos-wegen-covid-19-im-globalen-vergleich-weniger-pessimistisch\/#primaryimage"},"thumbnailUrl":"https:\/\/www.organisator.ch\/wp-content\/uploads\/2020\/04\/Schweizer-CFOs-wegen-Covid-19-im-globalen-Vergleich-weniger-pessimistisch_Organisator.jpg","keywords":["Coronavirus","Finanzen\/Recht","Management und Unternehmensf\u00fchrung","Wirtschaftspolitik"],"articleSection":["FINANZEN\/RECHT"],"inLanguage":"en-US"},{"@type":"WebPage","@id":"https:\/\/www.organisator.ch\/management\/finanzen_recht\/2020-04-03\/schweizer-cfos-wegen-covid-19-im-globalen-vergleich-weniger-pessimistisch\/","url":"https:\/\/www.organisator.ch\/management\/finanzen_recht\/2020-04-03\/schweizer-cfos-wegen-covid-19-im-globalen-vergleich-weniger-pessimistisch\/","name":"Swiss CFOs less pessimistic about Covid-19 in global comparison - Organizer","isPartOf":{"@id":"https:\/\/www.organisator.ch\/#website"},"primaryImageOfPage":{"@id":"https:\/\/www.organisator.ch\/management\/finanzen_recht\/2020-04-03\/schweizer-cfos-wegen-covid-19-im-globalen-vergleich-weniger-pessimistisch\/#primaryimage"},"image":{"@id":"https:\/\/www.organisator.ch\/management\/finanzen_recht\/2020-04-03\/schweizer-cfos-wegen-covid-19-im-globalen-vergleich-weniger-pessimistisch\/#primaryimage"},"thumbnailUrl":"https:\/\/www.organisator.ch\/wp-content\/uploads\/2020\/04\/Schweizer-CFOs-wegen-Covid-19-im-globalen-Vergleich-weniger-pessimistisch_Organisator.jpg","datePublished":"2020-04-03T05:57:50+00:00","description":"A survey shows what impact CFOs expect Covid-19 to have. Swiss CFOs are significantly less pessimistic than their global colleagues.","breadcrumb":{"@id":"https:\/\/www.organisator.ch\/management\/finanzen_recht\/2020-04-03\/schweizer-cfos-wegen-covid-19-im-globalen-vergleich-weniger-pessimistisch\/#breadcrumb"},"inLanguage":"en-US","potentialAction":[{"@type":"ReadAction","target":["https:\/\/www.organisator.ch\/management\/finanzen_recht\/2020-04-03\/schweizer-cfos-wegen-covid-19-im-globalen-vergleich-weniger-pessimistisch\/"]}]},{"@type":"ImageObject","inLanguage":"en-US","@id":"https:\/\/www.organisator.ch\/management\/finanzen_recht\/2020-04-03\/schweizer-cfos-wegen-covid-19-im-globalen-vergleich-weniger-pessimistisch\/#primaryimage","url":"https:\/\/www.organisator.ch\/wp-content\/uploads\/2020\/04\/Schweizer-CFOs-wegen-Covid-19-im-globalen-Vergleich-weniger-pessimistisch_Organisator.jpg","contentUrl":"https:\/\/www.organisator.ch\/wp-content\/uploads\/2020\/04\/Schweizer-CFOs-wegen-Covid-19-im-globalen-Vergleich-weniger-pessimistisch_Organisator.jpg","width":680,"height":453,"caption":"Schweizer CFOs machen sich wegen Covid-19 zwar grosse Sorgen, sind aber bez\u00fcglich Erholung im globalen Vergleich nicht so pessimistisch. (Bild: Pixabay.com)"},{"@type":"BreadcrumbList","@id":"https:\/\/www.organisator.ch\/management\/finanzen_recht\/2020-04-03\/schweizer-cfos-wegen-covid-19-im-globalen-vergleich-weniger-pessimistisch\/#breadcrumb","itemListElement":[{"@type":"ListItem","position":1,"name":"Home","item":"https:\/\/www.organisator.ch\/"},{"@type":"ListItem","position":2,"name":"Schweizer CFOs wegen Covid-19 im globalen Vergleich weniger pessimistisch"}]},{"@type":"WebSite","@id":"https:\/\/www.organisator.ch\/#website","url":"https:\/\/www.organisator.ch\/","name":"Organizer","description":"Competent. Practical. In 10 issues per year, ORGANISATOR presents the essential topics for managers of SMEs.","publisher":{"@id":"https:\/\/www.organisator.ch\/#organization"},"potentialAction":[{"@type":"SearchAction","target":{"@type":"EntryPoint","urlTemplate":"https:\/\/www.organisator.ch\/?s={search_term_string}"},"query-input":{"@type":"PropertyValueSpecification","valueRequired":true,"valueName":"search_term_string"}}],"inLanguage":"en-US"},{"@type":"Organization","@id":"https:\/\/www.organisator.ch\/#organization","name":"Organizer","url":"https:\/\/www.organisator.ch\/","logo":{"@type":"ImageObject","inLanguage":"en-US","@id":"https:\/\/www.organisator.ch\/#\/schema\/logo\/image\/","url":"https:\/\/www.organisator.ch\/wp-content\/uploads\/2022\/01\/Logo_Organisator_Website.png","contentUrl":"https:\/\/www.organisator.ch\/wp-content\/uploads\/2022\/01\/Logo_Organisator_Website.png","width":800,"height":77,"caption":"Organisator"},"image":{"@id":"https:\/\/www.organisator.ch\/#\/schema\/logo\/image\/"},"sameAs":["https:\/\/www.facebook.com\/OrganisatorFachmagazin","https:\/\/www.linkedin.com\/showcase\/organisator-das-magazin-fr-kmu","https:\/\/www.xing.com\/news\/pages\/organisator-ch-695","https:\/\/www.youtube.com\/channel\/UCGP2Sq0iWaZwT3BdIAQFYpw"]},{"@type":"Person","@id":"https:\/\/www.organisator.ch\/#\/schema\/person\/6f650f90b2842cd4c0cc334b4e36f67e","name":"thomas.berner","image":{"@type":"ImageObject","inLanguage":"en-US","@id":"https:\/\/secure.gravatar.com\/avatar\/ac5001d2a36cb6c6cd3e50789007ffca834b477b74a2144564522e944eabff61?s=96&d=mm&r=g","url":"https:\/\/secure.gravatar.com\/avatar\/ac5001d2a36cb6c6cd3e50789007ffca834b477b74a2144564522e944eabff61?s=96&d=mm&r=g","contentUrl":"https:\/\/secure.gravatar.com\/avatar\/ac5001d2a36cb6c6cd3e50789007ffca834b477b74a2144564522e944eabff61?s=96&d=mm&r=g","caption":"thomas.berner"},"url":"https:\/\/www.organisator.ch\/en\/author\/thomas-berner\/"}]}},"_links":{"self":[{"href":"https:\/\/www.organisator.ch\/en\/wp-json\/wp\/v2\/posts\/6552","targetHints":{"allow":["GET"]}}],"collection":[{"href":"https:\/\/www.organisator.ch\/en\/wp-json\/wp\/v2\/posts"}],"about":[{"href":"https:\/\/www.organisator.ch\/en\/wp-json\/wp\/v2\/types\/post"}],"author":[{"embeddable":true,"href":"https:\/\/www.organisator.ch\/en\/wp-json\/wp\/v2\/users\/4"}],"replies":[{"embeddable":true,"href":"https:\/\/www.organisator.ch\/en\/wp-json\/wp\/v2\/comments?post=6552"}],"version-history":[{"count":0,"href":"https:\/\/www.organisator.ch\/en\/wp-json\/wp\/v2\/posts\/6552\/revisions"}],"wp:featuredmedia":[{"embeddable":true,"href":"https:\/\/www.organisator.ch\/en\/wp-json\/wp\/v2\/media\/6554"}],"wp:attachment":[{"href":"https:\/\/www.organisator.ch\/en\/wp-json\/wp\/v2\/media?parent=6552"}],"wp:term":[{"taxonomy":"category","embeddable":true,"href":"https:\/\/www.organisator.ch\/en\/wp-json\/wp\/v2\/categories?post=6552"},{"taxonomy":"post_tag","embeddable":true,"href":"https:\/\/www.organisator.ch\/en\/wp-json\/wp\/v2\/tags?post=6552"}],"curies":[{"name":"wp","href":"https:\/\/api.w.org\/{rel}","templated":true}]}}