{"id":6569,"date":"2020-04-07T13:30:04","date_gmt":"2020-04-07T11:30:04","guid":{"rendered":"https:\/\/www.organisator.ch\/?p=6569"},"modified":"2020-04-07T13:30:04","modified_gmt":"2020-04-07T11:30:04","slug":"verpackungshersteller-produziert-einweg-gesichtsschutz","status":"publish","type":"post","link":"https:\/\/www.organisator.ch\/en\/allgemein\/2020-04-07\/verpackungshersteller-produziert-einweg-gesichtsschutz\/","title":{"rendered":"Packaging manufacturer produces disposable face shield"},"content":{"rendered":"<figure id=\"attachment_6570\" aria-describedby=\"caption-attachment-6570\" style=\"width: 680px\" class=\"wp-caption alignnone\"><img loading=\"lazy\" decoding=\"async\" class=\"size-medium wp-image-6570\" src=\"https:\/\/www.organisator.ch\/wp-content\/uploads\/2020\/04\/Verpackungshersteller-produziert-Einweg-Gesichtsschutz_Organisator.jpg\" alt=\"\" width=\"680\" height=\"383\" srcset=\"https:\/\/www.organisator.ch\/wp-content\/uploads\/2020\/04\/Verpackungshersteller-produziert-Einweg-Gesichtsschutz_Organisator.jpg 680w, https:\/\/www.organisator.ch\/wp-content\/uploads\/2020\/04\/Verpackungshersteller-produziert-Einweg-Gesichtsschutz_Organisator-16x9.jpg 16w, https:\/\/www.organisator.ch\/wp-content\/uploads\/2020\/04\/Verpackungshersteller-produziert-Einweg-Gesichtsschutz_Organisator-311x175.jpg 311w, https:\/\/www.organisator.ch\/wp-content\/uploads\/2020\/04\/Verpackungshersteller-produziert-Einweg-Gesichtsschutz_Organisator-621x350.jpg 621w, https:\/\/www.organisator.ch\/wp-content\/uploads\/2020\/04\/Verpackungshersteller-produziert-Einweg-Gesichtsschutz_Organisator-300x169.jpg 300w\" sizes=\"auto, (max-width: 680px) 100vw, 680px\" \/><figcaption id=\"caption-attachment-6570\" class=\"wp-caption-text\">This disposable face shield does not protect against infection, but it does retain droplets produced by sneezing or coughing. (Image: PAWI Packaging)<\/figcaption><\/figure>\n<p>Like other companies, the PAWI Group set up a so-called pandemic team right at the beginning of the Covid 19 crisis, adopted rules of conduct to protect employees, customers and business partners, and implemented measures to safeguard production. At the same time, reports were heard from all over the world that there was a shortage of equipment for protective clothing, mouth and face protection. Out of desperation and for lack of an adequate solution, doctors were already making their own face shields. This gave the packaging manufacturer's innovation team the idea of developing, manufacturing and distributing a face mask themselves. Resourceful minds immediately got to work on this topic, since the technical prerequisites for their manufacture are available within the PAWI Group.<\/p>\n<h2>Supplement to a conventional mouthguard<\/h2>\n<p>The disposable face mask consists of cardboard and a viewing window made of PET window film and can therefore be disposed of in the simplest way after use via normal waste separation, just like a normal folding box. Thanks to the universal plug-in closure on the headgear, the mask can be closed to fit everyone, depending on the head circumference. The face mask does not protect against infection, but it is the ideal complement to a conventional mouthguard and additionally protects users from direct contact with so-called droplets when other people in the immediate vicinity sneeze or cough. Hospitals in the region have shown great interest in the disposable face shield. However, PAWI sees the use of the face shield not only in hospitals, but also in retirement and nursing homes, in retail or supermarkets, in fact anywhere where people come into contact and need additional protection. This can also be in private environments.<\/p>\n<h2>Disposable face shield not suitable for medical use<\/h2>\n<p>The disposable face shield, as manufactured by PAWI, is not CE approved and thus not officially approved for medical care facilities and hospitals. However, in crisis situations such as the current pandemic, such face protection is certainly a welcome means of providing additional protection to particularly exposed individuals. Production of the disposable face masks has started and they will be available shortly.<\/p>\n<p><em>Source: <a href=\"http:\/\/www.pawi.com\">PAWI Packaging Ltd.<\/a><\/em><\/p>","protected":false},"excerpt":{"rendered":"<p>Wie andere Unternehmen auch, hat die PAWI-Gruppe gleich zu Beginn der Covid-19-Krise ein sogenanntes Pandemieteam gegr\u00fcndet, Verhaltensregeln zum Schutz der Mitarbeitenden, Kunden und Gesch\u00e4ftspartner getroffen und Massnahmen zur Sicherstellung der Produktion umgesetzt. Zeitgleich h\u00f6rte man von \u00fcberall auf der Welt Meldungen, dass ein Mangel an Ausr\u00fcstung f\u00fcr Schutzkleidung, Mund- und Gesichtsschutz herrscht. Aus Verzweiflung und [&hellip;]<\/p>\n","protected":false},"author":4,"featured_media":6570,"comment_status":"closed","ping_status":"closed","sticky":false,"template":"","format":"standard","meta":{"_acf_changed":false,"_yoast_wpseo_focuskw":"Einweg-Gesichtsschutz","_yoast_wpseo_metadesc":"Der Verpackungshersteller PAWI produziert an seinen Standorten in Winterthur und Singen Verpackungen und auch einen Einweg-Gesichtsschutz.","articlekey":"","footnotes":""},"categories":[1],"tags":[77,132,393,492],"class_list":["post-6569","post","type-post","status-publish","format-standard","has-post-thumbnail","hentry","category-allgemein","tag-betriebliches-gesundheitsmanagement","tag-coronavirus","tag-produkte","tag-unternehmen"],"acf":[],"yoast_head":"<!-- This site is optimized with the Yoast SEO plugin v27.4 - https:\/\/yoast.com\/product\/yoast-seo-wordpress\/ -->\n<title>Verpackungshersteller produziert Einweg-Gesichtsschutz - Organisator<\/title>\n<meta name=\"description\" content=\"Der Verpackungshersteller PAWI produziert an seinen Standorten in Winterthur und Singen Verpackungen und auch einen Einweg-Gesichtsschutz.\" \/>\n<meta name=\"robots\" content=\"index, follow, max-snippet:-1, max-image-preview:large, max-video-preview:-1\" \/>\n<link rel=\"canonical\" href=\"https:\/\/www.organisator.ch\/en\/general\/2020-04-07\/verpackungshersteller-produziert-einweg-gesichtsschutz\/\" \/>\n<meta property=\"og:locale\" content=\"en_US\" \/>\n<meta property=\"og:type\" content=\"article\" \/>\n<meta property=\"og:title\" content=\"Verpackungshersteller produziert Einweg-Gesichtsschutz\" \/>\n<meta property=\"og:description\" content=\"Der Verpackungshersteller PAWI produziert an seinen Standorten in Winterthur und Singen Verpackungen und auch einen Einweg-Gesichtsschutz.\" \/>\n<meta property=\"og:url\" content=\"https:\/\/www.organisator.ch\/en\/general\/2020-04-07\/verpackungshersteller-produziert-einweg-gesichtsschutz\/\" \/>\n<meta property=\"og:site_name\" content=\"Organisator\" \/>\n<meta property=\"article:publisher\" content=\"https:\/\/www.facebook.com\/OrganisatorFachmagazin\" \/>\n<meta property=\"article:published_time\" content=\"2020-04-07T11:30:04+00:00\" \/>\n<meta property=\"og:image\" content=\"https:\/\/www.organisator.ch\/wp-content\/uploads\/2020\/04\/Verpackungshersteller-produziert-Einweg-Gesichtsschutz_Organisator.jpg\" \/>\n\t<meta property=\"og:image:width\" content=\"680\" \/>\n\t<meta property=\"og:image:height\" content=\"383\" \/>\n\t<meta property=\"og:image:type\" content=\"image\/jpeg\" \/>\n<meta name=\"author\" content=\"thomas.berner\" \/>\n<meta name=\"twitter:card\" content=\"summary_large_image\" \/>\n<meta name=\"twitter:title\" content=\"Verpackungshersteller produziert Einweg-Gesichtsschutz\" \/>\n<meta name=\"twitter:description\" content=\"Der Verpackungshersteller PAWI produziert an seinen Standorten in Winterthur und Singen Verpackungen und auch einen Einweg-Gesichtsschutz.\" \/>\n<meta name=\"twitter:image\" content=\"https:\/\/www.organisator.ch\/wp-content\/uploads\/2020\/04\/Verpackungshersteller-produziert-Einweg-Gesichtsschutz_Organisator.jpg\" \/>\n<script type=\"application\/ld+json\" class=\"yoast-schema-graph\">{\"@context\":\"https:\\\/\\\/schema.org\",\"@graph\":[{\"@type\":\"Article\",\"@id\":\"https:\\\/\\\/www.organisator.ch\\\/de\\\/allgemein\\\/2020-04-07\\\/verpackungshersteller-produziert-einweg-gesichtsschutz\\\/#article\",\"isPartOf\":{\"@id\":\"https:\\\/\\\/www.organisator.ch\\\/de\\\/allgemein\\\/2020-04-07\\\/verpackungshersteller-produziert-einweg-gesichtsschutz\\\/\"},\"author\":{\"name\":\"thomas.berner\",\"@id\":\"https:\\\/\\\/www.organisator.ch\\\/#\\\/schema\\\/person\\\/6f650f90b2842cd4c0cc334b4e36f67e\"},\"headline\":\"Verpackungshersteller produziert Einweg-Gesichtsschutz\",\"datePublished\":\"2020-04-07T11:30:04+00:00\",\"mainEntityOfPage\":{\"@id\":\"https:\\\/\\\/www.organisator.ch\\\/de\\\/allgemein\\\/2020-04-07\\\/verpackungshersteller-produziert-einweg-gesichtsschutz\\\/\"},\"wordCount\":381,\"publisher\":{\"@id\":\"https:\\\/\\\/www.organisator.ch\\\/#organization\"},\"image\":{\"@id\":\"https:\\\/\\\/www.organisator.ch\\\/de\\\/allgemein\\\/2020-04-07\\\/verpackungshersteller-produziert-einweg-gesichtsschutz\\\/#primaryimage\"},\"thumbnailUrl\":\"https:\\\/\\\/www.organisator.ch\\\/wp-content\\\/uploads\\\/2020\\\/04\\\/Verpackungshersteller-produziert-Einweg-Gesichtsschutz_Organisator.jpg\",\"keywords\":[\"Betriebliches Gesundheitsmanagement\",\"Coronavirus\",\"Produkte\",\"Unternehmen\"],\"articleSection\":[\"Allgemein\"],\"inLanguage\":\"en-US\"},{\"@type\":\"WebPage\",\"@id\":\"https:\\\/\\\/www.organisator.ch\\\/de\\\/allgemein\\\/2020-04-07\\\/verpackungshersteller-produziert-einweg-gesichtsschutz\\\/\",\"url\":\"https:\\\/\\\/www.organisator.ch\\\/de\\\/allgemein\\\/2020-04-07\\\/verpackungshersteller-produziert-einweg-gesichtsschutz\\\/\",\"name\":\"Verpackungshersteller produziert Einweg-Gesichtsschutz - Organisator\",\"isPartOf\":{\"@id\":\"https:\\\/\\\/www.organisator.ch\\\/#website\"},\"primaryImageOfPage\":{\"@id\":\"https:\\\/\\\/www.organisator.ch\\\/de\\\/allgemein\\\/2020-04-07\\\/verpackungshersteller-produziert-einweg-gesichtsschutz\\\/#primaryimage\"},\"image\":{\"@id\":\"https:\\\/\\\/www.organisator.ch\\\/de\\\/allgemein\\\/2020-04-07\\\/verpackungshersteller-produziert-einweg-gesichtsschutz\\\/#primaryimage\"},\"thumbnailUrl\":\"https:\\\/\\\/www.organisator.ch\\\/wp-content\\\/uploads\\\/2020\\\/04\\\/Verpackungshersteller-produziert-Einweg-Gesichtsschutz_Organisator.jpg\",\"datePublished\":\"2020-04-07T11:30:04+00:00\",\"description\":\"Der Verpackungshersteller PAWI produziert an seinen Standorten in Winterthur und Singen Verpackungen und auch einen Einweg-Gesichtsschutz.\",\"breadcrumb\":{\"@id\":\"https:\\\/\\\/www.organisator.ch\\\/de\\\/allgemein\\\/2020-04-07\\\/verpackungshersteller-produziert-einweg-gesichtsschutz\\\/#breadcrumb\"},\"inLanguage\":\"en-US\",\"potentialAction\":[{\"@type\":\"ReadAction\",\"target\":[\"https:\\\/\\\/www.organisator.ch\\\/de\\\/allgemein\\\/2020-04-07\\\/verpackungshersteller-produziert-einweg-gesichtsschutz\\\/\"]}]},{\"@type\":\"ImageObject\",\"inLanguage\":\"en-US\",\"@id\":\"https:\\\/\\\/www.organisator.ch\\\/de\\\/allgemein\\\/2020-04-07\\\/verpackungshersteller-produziert-einweg-gesichtsschutz\\\/#primaryimage\",\"url\":\"https:\\\/\\\/www.organisator.ch\\\/wp-content\\\/uploads\\\/2020\\\/04\\\/Verpackungshersteller-produziert-Einweg-Gesichtsschutz_Organisator.jpg\",\"contentUrl\":\"https:\\\/\\\/www.organisator.ch\\\/wp-content\\\/uploads\\\/2020\\\/04\\\/Verpackungshersteller-produziert-Einweg-Gesichtsschutz_Organisator.jpg\",\"width\":680,\"height\":383,\"caption\":\"Dieser Einweg-Gesichtsschutz sch\u00fctzt zwar nicht vor Ansteckung, h\u00e4lt aber Tr\u00f6pfchen, die beim Niessen oder Husten entstehen, zur\u00fcck. (Bild: PAWI Verpackungen)\"},{\"@type\":\"BreadcrumbList\",\"@id\":\"https:\\\/\\\/www.organisator.ch\\\/de\\\/allgemein\\\/2020-04-07\\\/verpackungshersteller-produziert-einweg-gesichtsschutz\\\/#breadcrumb\",\"itemListElement\":[{\"@type\":\"ListItem\",\"position\":1,\"name\":\"Home\",\"item\":\"https:\\\/\\\/www.organisator.ch\\\/\"},{\"@type\":\"ListItem\",\"position\":2,\"name\":\"Verpackungshersteller produziert Einweg-Gesichtsschutz\"}]},{\"@type\":\"WebSite\",\"@id\":\"https:\\\/\\\/www.organisator.ch\\\/#website\",\"url\":\"https:\\\/\\\/www.organisator.ch\\\/\",\"name\":\"Organisator\",\"description\":\"Kompetent. Praxisnah. Der ORGANISATOR bereitet in 10 Ausgaben pro Jahr die wesentlichen Themen f\u00fcr F\u00fchrungskr\u00e4fte von KMU auf.\",\"publisher\":{\"@id\":\"https:\\\/\\\/www.organisator.ch\\\/#organization\"},\"potentialAction\":[{\"@type\":\"SearchAction\",\"target\":{\"@type\":\"EntryPoint\",\"urlTemplate\":\"https:\\\/\\\/www.organisator.ch\\\/?s={search_term_string}\"},\"query-input\":{\"@type\":\"PropertyValueSpecification\",\"valueRequired\":true,\"valueName\":\"search_term_string\"}}],\"inLanguage\":\"en-US\"},{\"@type\":\"Organization\",\"@id\":\"https:\\\/\\\/www.organisator.ch\\\/#organization\",\"name\":\"Organisator\",\"url\":\"https:\\\/\\\/www.organisator.ch\\\/\",\"logo\":{\"@type\":\"ImageObject\",\"inLanguage\":\"en-US\",\"@id\":\"https:\\\/\\\/www.organisator.ch\\\/#\\\/schema\\\/logo\\\/image\\\/\",\"url\":\"https:\\\/\\\/www.organisator.ch\\\/wp-content\\\/uploads\\\/2022\\\/01\\\/Logo_Organisator_Website.png\",\"contentUrl\":\"https:\\\/\\\/www.organisator.ch\\\/wp-content\\\/uploads\\\/2022\\\/01\\\/Logo_Organisator_Website.png\",\"width\":800,\"height\":77,\"caption\":\"Organisator\"},\"image\":{\"@id\":\"https:\\\/\\\/www.organisator.ch\\\/#\\\/schema\\\/logo\\\/image\\\/\"},\"sameAs\":[\"https:\\\/\\\/www.facebook.com\\\/OrganisatorFachmagazin\",\"https:\\\/\\\/www.linkedin.com\\\/showcase\\\/organisator-das-magazin-fr-kmu\",\"https:\\\/\\\/www.xing.com\\\/news\\\/pages\\\/organisator-ch-695\",\"https:\\\/\\\/www.youtube.com\\\/channel\\\/UCGP2Sq0iWaZwT3BdIAQFYpw\"]},{\"@type\":\"Person\",\"@id\":\"https:\\\/\\\/www.organisator.ch\\\/#\\\/schema\\\/person\\\/6f650f90b2842cd4c0cc334b4e36f67e\",\"name\":\"thomas.berner\",\"image\":{\"@type\":\"ImageObject\",\"inLanguage\":\"en-US\",\"@id\":\"https:\\\/\\\/secure.gravatar.com\\\/avatar\\\/ac5001d2a36cb6c6cd3e50789007ffca834b477b74a2144564522e944eabff61?s=96&d=mm&r=g\",\"url\":\"https:\\\/\\\/secure.gravatar.com\\\/avatar\\\/ac5001d2a36cb6c6cd3e50789007ffca834b477b74a2144564522e944eabff61?s=96&d=mm&r=g\",\"contentUrl\":\"https:\\\/\\\/secure.gravatar.com\\\/avatar\\\/ac5001d2a36cb6c6cd3e50789007ffca834b477b74a2144564522e944eabff61?s=96&d=mm&r=g\",\"caption\":\"thomas.berner\"},\"url\":\"https:\\\/\\\/www.organisator.ch\\\/en\\\/author\\\/thomas-berner\\\/\"}]}<\/script>\n<!-- \/ Yoast SEO plugin. -->","yoast_head_json":{"title":"Packaging manufacturer produces disposable face protection - organizer","description":"The packaging manufacturer PAWI produces packaging and also a disposable face shield at its sites in Winterthur and Singen.","robots":{"index":"index","follow":"follow","max-snippet":"max-snippet:-1","max-image-preview":"max-image-preview:large","max-video-preview":"max-video-preview:-1"},"canonical":"https:\/\/www.organisator.ch\/en\/general\/2020-04-07\/verpackungshersteller-produziert-einweg-gesichtsschutz\/","og_locale":"en_US","og_type":"article","og_title":"Verpackungshersteller produziert Einweg-Gesichtsschutz","og_description":"Der Verpackungshersteller PAWI produziert an seinen Standorten in Winterthur und Singen Verpackungen und auch einen Einweg-Gesichtsschutz.","og_url":"https:\/\/www.organisator.ch\/en\/general\/2020-04-07\/verpackungshersteller-produziert-einweg-gesichtsschutz\/","og_site_name":"Organisator","article_publisher":"https:\/\/www.facebook.com\/OrganisatorFachmagazin","article_published_time":"2020-04-07T11:30:04+00:00","og_image":[{"width":680,"height":383,"url":"https:\/\/www.organisator.ch\/wp-content\/uploads\/2020\/04\/Verpackungshersteller-produziert-Einweg-Gesichtsschutz_Organisator.jpg","type":"image\/jpeg"}],"author":"thomas.berner","twitter_card":"summary_large_image","twitter_title":"Verpackungshersteller produziert Einweg-Gesichtsschutz","twitter_description":"Der Verpackungshersteller PAWI produziert an seinen Standorten in Winterthur und Singen Verpackungen und auch einen Einweg-Gesichtsschutz.","twitter_image":"https:\/\/www.organisator.ch\/wp-content\/uploads\/2020\/04\/Verpackungshersteller-produziert-Einweg-Gesichtsschutz_Organisator.jpg","schema":{"@context":"https:\/\/schema.org","@graph":[{"@type":"Article","@id":"https:\/\/www.organisator.ch\/de\/allgemein\/2020-04-07\/verpackungshersteller-produziert-einweg-gesichtsschutz\/#article","isPartOf":{"@id":"https:\/\/www.organisator.ch\/de\/allgemein\/2020-04-07\/verpackungshersteller-produziert-einweg-gesichtsschutz\/"},"author":{"name":"thomas.berner","@id":"https:\/\/www.organisator.ch\/#\/schema\/person\/6f650f90b2842cd4c0cc334b4e36f67e"},"headline":"Verpackungshersteller produziert Einweg-Gesichtsschutz","datePublished":"2020-04-07T11:30:04+00:00","mainEntityOfPage":{"@id":"https:\/\/www.organisator.ch\/de\/allgemein\/2020-04-07\/verpackungshersteller-produziert-einweg-gesichtsschutz\/"},"wordCount":381,"publisher":{"@id":"https:\/\/www.organisator.ch\/#organization"},"image":{"@id":"https:\/\/www.organisator.ch\/de\/allgemein\/2020-04-07\/verpackungshersteller-produziert-einweg-gesichtsschutz\/#primaryimage"},"thumbnailUrl":"https:\/\/www.organisator.ch\/wp-content\/uploads\/2020\/04\/Verpackungshersteller-produziert-Einweg-Gesichtsschutz_Organisator.jpg","keywords":["Betriebliches Gesundheitsmanagement","Coronavirus","Produkte","Unternehmen"],"articleSection":["Allgemein"],"inLanguage":"en-US"},{"@type":"WebPage","@id":"https:\/\/www.organisator.ch\/de\/allgemein\/2020-04-07\/verpackungshersteller-produziert-einweg-gesichtsschutz\/","url":"https:\/\/www.organisator.ch\/de\/allgemein\/2020-04-07\/verpackungshersteller-produziert-einweg-gesichtsschutz\/","name":"Packaging manufacturer produces disposable face protection - organizer","isPartOf":{"@id":"https:\/\/www.organisator.ch\/#website"},"primaryImageOfPage":{"@id":"https:\/\/www.organisator.ch\/de\/allgemein\/2020-04-07\/verpackungshersteller-produziert-einweg-gesichtsschutz\/#primaryimage"},"image":{"@id":"https:\/\/www.organisator.ch\/de\/allgemein\/2020-04-07\/verpackungshersteller-produziert-einweg-gesichtsschutz\/#primaryimage"},"thumbnailUrl":"https:\/\/www.organisator.ch\/wp-content\/uploads\/2020\/04\/Verpackungshersteller-produziert-Einweg-Gesichtsschutz_Organisator.jpg","datePublished":"2020-04-07T11:30:04+00:00","description":"The packaging manufacturer PAWI produces packaging and also a disposable face shield at its sites in Winterthur and Singen.","breadcrumb":{"@id":"https:\/\/www.organisator.ch\/de\/allgemein\/2020-04-07\/verpackungshersteller-produziert-einweg-gesichtsschutz\/#breadcrumb"},"inLanguage":"en-US","potentialAction":[{"@type":"ReadAction","target":["https:\/\/www.organisator.ch\/de\/allgemein\/2020-04-07\/verpackungshersteller-produziert-einweg-gesichtsschutz\/"]}]},{"@type":"ImageObject","inLanguage":"en-US","@id":"https:\/\/www.organisator.ch\/de\/allgemein\/2020-04-07\/verpackungshersteller-produziert-einweg-gesichtsschutz\/#primaryimage","url":"https:\/\/www.organisator.ch\/wp-content\/uploads\/2020\/04\/Verpackungshersteller-produziert-Einweg-Gesichtsschutz_Organisator.jpg","contentUrl":"https:\/\/www.organisator.ch\/wp-content\/uploads\/2020\/04\/Verpackungshersteller-produziert-Einweg-Gesichtsschutz_Organisator.jpg","width":680,"height":383,"caption":"Dieser Einweg-Gesichtsschutz sch\u00fctzt zwar nicht vor Ansteckung, h\u00e4lt aber Tr\u00f6pfchen, die beim Niessen oder Husten entstehen, zur\u00fcck. (Bild: PAWI Verpackungen)"},{"@type":"BreadcrumbList","@id":"https:\/\/www.organisator.ch\/de\/allgemein\/2020-04-07\/verpackungshersteller-produziert-einweg-gesichtsschutz\/#breadcrumb","itemListElement":[{"@type":"ListItem","position":1,"name":"Home","item":"https:\/\/www.organisator.ch\/"},{"@type":"ListItem","position":2,"name":"Verpackungshersteller produziert Einweg-Gesichtsschutz"}]},{"@type":"WebSite","@id":"https:\/\/www.organisator.ch\/#website","url":"https:\/\/www.organisator.ch\/","name":"Organizer","description":"Competent. Practical. In 10 issues per year, ORGANISATOR presents the essential topics for managers of SMEs.","publisher":{"@id":"https:\/\/www.organisator.ch\/#organization"},"potentialAction":[{"@type":"SearchAction","target":{"@type":"EntryPoint","urlTemplate":"https:\/\/www.organisator.ch\/?s={search_term_string}"},"query-input":{"@type":"PropertyValueSpecification","valueRequired":true,"valueName":"search_term_string"}}],"inLanguage":"en-US"},{"@type":"Organization","@id":"https:\/\/www.organisator.ch\/#organization","name":"Organizer","url":"https:\/\/www.organisator.ch\/","logo":{"@type":"ImageObject","inLanguage":"en-US","@id":"https:\/\/www.organisator.ch\/#\/schema\/logo\/image\/","url":"https:\/\/www.organisator.ch\/wp-content\/uploads\/2022\/01\/Logo_Organisator_Website.png","contentUrl":"https:\/\/www.organisator.ch\/wp-content\/uploads\/2022\/01\/Logo_Organisator_Website.png","width":800,"height":77,"caption":"Organisator"},"image":{"@id":"https:\/\/www.organisator.ch\/#\/schema\/logo\/image\/"},"sameAs":["https:\/\/www.facebook.com\/OrganisatorFachmagazin","https:\/\/www.linkedin.com\/showcase\/organisator-das-magazin-fr-kmu","https:\/\/www.xing.com\/news\/pages\/organisator-ch-695","https:\/\/www.youtube.com\/channel\/UCGP2Sq0iWaZwT3BdIAQFYpw"]},{"@type":"Person","@id":"https:\/\/www.organisator.ch\/#\/schema\/person\/6f650f90b2842cd4c0cc334b4e36f67e","name":"thomas.berner","image":{"@type":"ImageObject","inLanguage":"en-US","@id":"https:\/\/secure.gravatar.com\/avatar\/ac5001d2a36cb6c6cd3e50789007ffca834b477b74a2144564522e944eabff61?s=96&d=mm&r=g","url":"https:\/\/secure.gravatar.com\/avatar\/ac5001d2a36cb6c6cd3e50789007ffca834b477b74a2144564522e944eabff61?s=96&d=mm&r=g","contentUrl":"https:\/\/secure.gravatar.com\/avatar\/ac5001d2a36cb6c6cd3e50789007ffca834b477b74a2144564522e944eabff61?s=96&d=mm&r=g","caption":"thomas.berner"},"url":"https:\/\/www.organisator.ch\/en\/author\/thomas-berner\/"}]}},"_links":{"self":[{"href":"https:\/\/www.organisator.ch\/en\/wp-json\/wp\/v2\/posts\/6569","targetHints":{"allow":["GET"]}}],"collection":[{"href":"https:\/\/www.organisator.ch\/en\/wp-json\/wp\/v2\/posts"}],"about":[{"href":"https:\/\/www.organisator.ch\/en\/wp-json\/wp\/v2\/types\/post"}],"author":[{"embeddable":true,"href":"https:\/\/www.organisator.ch\/en\/wp-json\/wp\/v2\/users\/4"}],"replies":[{"embeddable":true,"href":"https:\/\/www.organisator.ch\/en\/wp-json\/wp\/v2\/comments?post=6569"}],"version-history":[{"count":0,"href":"https:\/\/www.organisator.ch\/en\/wp-json\/wp\/v2\/posts\/6569\/revisions"}],"wp:featuredmedia":[{"embeddable":true,"href":"https:\/\/www.organisator.ch\/en\/wp-json\/wp\/v2\/media\/6570"}],"wp:attachment":[{"href":"https:\/\/www.organisator.ch\/en\/wp-json\/wp\/v2\/media?parent=6569"}],"wp:term":[{"taxonomy":"category","embeddable":true,"href":"https:\/\/www.organisator.ch\/en\/wp-json\/wp\/v2\/categories?post=6569"},{"taxonomy":"post_tag","embeddable":true,"href":"https:\/\/www.organisator.ch\/en\/wp-json\/wp\/v2\/tags?post=6569"}],"curies":[{"name":"wp","href":"https:\/\/api.w.org\/{rel}","templated":true}]}}