{"id":6572,"date":"2020-04-08T08:49:41","date_gmt":"2020-04-08T06:49:41","guid":{"rendered":"https:\/\/www.organisator.ch\/?p=6572"},"modified":"2020-04-08T08:49:41","modified_gmt":"2020-04-08T06:49:41","slug":"smart-restart-nach-corona-was-branchen-vorschlagen","status":"publish","type":"post","link":"https:\/\/www.organisator.ch\/en\/management\/2020-04-08\/smart-restart-nach-corona-was-branchen-vorschlagen\/","title":{"rendered":"\"Smart Restart\" after Corona: What industries are proposing"},"content":{"rendered":"<figure id=\"attachment_6573\" aria-describedby=\"caption-attachment-6573\" style=\"width: 680px\" class=\"wp-caption alignnone\"><img loading=\"lazy\" decoding=\"async\" class=\"size-medium wp-image-6573\" src=\"https:\/\/www.organisator.ch\/wp-content\/uploads\/2020\/04\/Smart-Restart-nach-Corona-Was-Branchen-vorschlagen.jpg\" alt=\"\" width=\"680\" height=\"496\" srcset=\"https:\/\/www.organisator.ch\/wp-content\/uploads\/2020\/04\/Smart-Restart-nach-Corona-Was-Branchen-vorschlagen.jpg 680w, https:\/\/www.organisator.ch\/wp-content\/uploads\/2020\/04\/Smart-Restart-nach-Corona-Was-Branchen-vorschlagen-16x12.jpg 16w, https:\/\/www.organisator.ch\/wp-content\/uploads\/2020\/04\/Smart-Restart-nach-Corona-Was-Branchen-vorschlagen-240x175.jpg 240w, https:\/\/www.organisator.ch\/wp-content\/uploads\/2020\/04\/Smart-Restart-nach-Corona-Was-Branchen-vorschlagen-480x350.jpg 480w, https:\/\/www.organisator.ch\/wp-content\/uploads\/2020\/04\/Smart-Restart-nach-Corona-Was-Branchen-vorschlagen-300x219.jpg 300w\" sizes=\"auto, (max-width: 680px) 100vw, 680px\" \/><figcaption id=\"caption-attachment-6573\" class=\"wp-caption-text\">Many industries are calling for a \"smart restart\" for the phase after April 19, 2020, and want to reopen their stores. This is also the case for the car trade. (Image: AGVS \/ Auto Schweiz)<\/figcaption><\/figure>\n<p>The Swiss Trade Association sgv is calling for a \"Smart Restart\" for the period after April 19. In line with the epidemiological situation, prohibitions and regulations on the lockdown are to be relaxed. In particular, the sgv demands that industries with increased customer contact can themselves demonstrate suitable measures that enable them to comply with the health protection of customers and employees.<\/p>\n<h2>What works in grocery stores also works in sporting goods stores<\/h2>\n<p>Individual sectors are now demonstrating with their own concepts how the \"Smart Restart\" could work in practice. Bottom up, more and more sectors are making proposals to the Federal Council. The sporting goods trade, the car trade and hairdressers are the first to do so. The sporting goods trade, for example, wants to rely on controlled access, visual guidance systems and digitization. It will be stipulated that only a minimum number of customers per sales area may be in the store. Customers are encouraged to pay without cash wherever possible. In addition, contact zones are to be regularly disinfected.<\/p>\n<h2>\"Smart Restart\" for car dealers<\/h2>\n<p>The car trade, in turn, wants to expand web- and telephone-based services. Vehicle handling will only take place during the sales talk and after the car has been disinfected. If possible, operating instructions are to be provided by video demonstration, and the need for personnel during the sales process is to be kept to a minimum. Measures are taken at the point of sale to ensure social distancing.<\/p>\n<h2>Hairdressers: Particularly many protective measures needed<\/h2>\n<p>Hairdressers have a tougher time of it: their \"Smart Restart\" concept calls for minimizing encounters, increased disinfection, and the wearing of masks for both employees and customers. For all services, employees must wear protective gloves and prefer to talk to customers via mirrors. Customers are advised to cancel appointments if they show even the slightest symptoms of a cold.<\/p>\n<h2>From practice for practice<\/h2>\n<p>What these concepts have in common: They come from practice and are intended for practice. However, they still need to be refined. And no industry will implement these concepts without the Federal Council making the corresponding decisions. The sgv is all the more insistent that a balance be struck between health protection and the interests of the economy and society for the phase after April 19, 2020. The \"Smart Restart\" is an opportunity for Switzerland to take a first step back towards normalization. In this way, the economic and human dangers of the extraordinary situation could be reduced.<\/p>\n<p><em>Sources and further information: <a href=\"http:\/\/www.sgv-usam.ch\">Swiss Trade Association sgv<\/a>, <a href=\"https:\/\/www.sportbiz.ch\/\">ASMAS<\/a>, <a href=\"http:\/\/www.agvs-upsa.ch\">AGVS<\/a>, <a href=\"http:\/\/www.coiffuresuisse.ch\">coiffuresuisse<\/a><\/em><\/p>","protected":false},"excerpt":{"rendered":"<p>Der Schweizerische Gewerbeverband sgv fordert einen &#8222;Smart Restart&#8220; f\u00fcr die Zeit nach dem 19. April. Angepasst an die epidemiologische Lage sollen Verbote und Vorschriften des Lockdowns gelockert werden. Namentlich verlangt der sgv, dass Branchen mit verst\u00e4rktem Kundenkontakt selber geeignete Massnahmen aufzeigen k\u00f6nnen, welche es ihnen erm\u00f6glicht den Gesundheitsschutz der Kundinnen und Kunden sowie der Mitarbeitenden [&hellip;]<\/p>\n","protected":false},"author":4,"featured_media":6573,"comment_status":"closed","ping_status":"closed","sticky":false,"template":"","format":"standard","meta":{"_acf_changed":false,"_yoast_wpseo_focuskw":"Smart Restart","_yoast_wpseo_metadesc":"Verschiedene Branchen zeigen, wie sie schritt\u00adweise ihre wirtschaftliche T\u00e4tigkeit herauffahren k\u00f6nnen. Das Motto lautet: \"Smart Restart\".","articlekey":"","footnotes":""},"categories":[28],"tags":[90,132,340,492,503],"class_list":["post-6572","post","type-post","status-publish","format-standard","has-post-thumbnail","hentry","category-management","tag-branchen","tag-coronavirus","tag-maerkte","tag-unternehmen","tag-verbaende"],"acf":[],"yoast_head":"<!-- This site is optimized with the Yoast SEO plugin v27.4 - https:\/\/yoast.com\/product\/yoast-seo-wordpress\/ -->\n<title>&quot;Smart Restart&quot; nach Corona: Was Branchen vorschlagen - Organisator<\/title>\n<meta name=\"description\" content=\"Verschiedene Branchen zeigen, wie sie schritt\u00adweise ihre wirtschaftliche T\u00e4tigkeit herauffahren k\u00f6nnen. Das Motto lautet: &quot;Smart Restart&quot;.\" \/>\n<meta name=\"robots\" content=\"index, follow, max-snippet:-1, max-image-preview:large, max-video-preview:-1\" \/>\n<link rel=\"canonical\" href=\"https:\/\/www.organisator.ch\/en\/management\/2020-04-08\/smart-restart-nach-corona-was-branchen-vorschlagen\/\" \/>\n<meta property=\"og:locale\" content=\"en_US\" \/>\n<meta property=\"og:type\" content=\"article\" \/>\n<meta property=\"og:title\" content=\"&quot;Smart Restart&quot; nach Corona: Was Branchen vorschlagen\" \/>\n<meta property=\"og:description\" content=\"Verschiedene Branchen zeigen, wie sie schritt\u00adweise ihre wirtschaftliche T\u00e4tigkeit herauffahren k\u00f6nnen. Das Motto lautet: &quot;Smart Restart&quot;.\" \/>\n<meta property=\"og:url\" content=\"https:\/\/www.organisator.ch\/en\/management\/2020-04-08\/smart-restart-nach-corona-was-branchen-vorschlagen\/\" \/>\n<meta property=\"og:site_name\" content=\"Organisator\" \/>\n<meta property=\"article:publisher\" content=\"https:\/\/www.facebook.com\/OrganisatorFachmagazin\" \/>\n<meta property=\"article:published_time\" content=\"2020-04-08T06:49:41+00:00\" \/>\n<meta property=\"og:image\" content=\"https:\/\/www.organisator.ch\/wp-content\/uploads\/2020\/04\/Smart-Restart-nach-Corona-Was-Branchen-vorschlagen.jpg\" \/>\n\t<meta property=\"og:image:width\" content=\"680\" \/>\n\t<meta property=\"og:image:height\" content=\"496\" \/>\n\t<meta property=\"og:image:type\" content=\"image\/jpeg\" \/>\n<meta name=\"author\" content=\"thomas.berner\" \/>\n<meta name=\"twitter:card\" content=\"summary_large_image\" \/>\n<meta name=\"twitter:title\" content=\"&quot;#SmartRestart&quot; nach #Corona: Was Branchen vorschlagen\" \/>\n<meta name=\"twitter:description\" content=\"Verschiedene Branchen zeigen, wie sie schritt\u00adweise ihre wirtschaftliche T\u00e4tigkeit herauffahren k\u00f6nnen. Das Motto lautet: &quot;#SmartRestart&quot;.\" \/>\n<meta name=\"twitter:image\" content=\"https:\/\/www.organisator.ch\/wp-content\/uploads\/2020\/04\/Smart-Restart-nach-Corona-Was-Branchen-vorschlagen.jpg\" \/>\n<script type=\"application\/ld+json\" class=\"yoast-schema-graph\">{\"@context\":\"https:\\\/\\\/schema.org\",\"@graph\":[{\"@type\":\"Article\",\"@id\":\"https:\\\/\\\/www.organisator.ch\\\/management\\\/2020-04-08\\\/smart-restart-nach-corona-was-branchen-vorschlagen\\\/#article\",\"isPartOf\":{\"@id\":\"https:\\\/\\\/www.organisator.ch\\\/management\\\/2020-04-08\\\/smart-restart-nach-corona-was-branchen-vorschlagen\\\/\"},\"author\":{\"name\":\"thomas.berner\",\"@id\":\"https:\\\/\\\/www.organisator.ch\\\/#\\\/schema\\\/person\\\/6f650f90b2842cd4c0cc334b4e36f67e\"},\"headline\":\"&#8222;Smart Restart&#8220; nach Corona: Was Branchen vorschlagen\",\"datePublished\":\"2020-04-08T06:49:41+00:00\",\"mainEntityOfPage\":{\"@id\":\"https:\\\/\\\/www.organisator.ch\\\/management\\\/2020-04-08\\\/smart-restart-nach-corona-was-branchen-vorschlagen\\\/\"},\"wordCount\":457,\"publisher\":{\"@id\":\"https:\\\/\\\/www.organisator.ch\\\/#organization\"},\"image\":{\"@id\":\"https:\\\/\\\/www.organisator.ch\\\/management\\\/2020-04-08\\\/smart-restart-nach-corona-was-branchen-vorschlagen\\\/#primaryimage\"},\"thumbnailUrl\":\"https:\\\/\\\/www.organisator.ch\\\/wp-content\\\/uploads\\\/2020\\\/04\\\/Smart-Restart-nach-Corona-Was-Branchen-vorschlagen.jpg\",\"keywords\":[\"Branchen\",\"Coronavirus\",\"M\u00e4rkte\",\"Unternehmen\",\"Verb\u00e4nde\"],\"articleSection\":[\"MANAGEMENT\"],\"inLanguage\":\"en-US\"},{\"@type\":\"WebPage\",\"@id\":\"https:\\\/\\\/www.organisator.ch\\\/management\\\/2020-04-08\\\/smart-restart-nach-corona-was-branchen-vorschlagen\\\/\",\"url\":\"https:\\\/\\\/www.organisator.ch\\\/management\\\/2020-04-08\\\/smart-restart-nach-corona-was-branchen-vorschlagen\\\/\",\"name\":\"\\\"Smart Restart\\\" nach Corona: Was Branchen vorschlagen - Organisator\",\"isPartOf\":{\"@id\":\"https:\\\/\\\/www.organisator.ch\\\/#website\"},\"primaryImageOfPage\":{\"@id\":\"https:\\\/\\\/www.organisator.ch\\\/management\\\/2020-04-08\\\/smart-restart-nach-corona-was-branchen-vorschlagen\\\/#primaryimage\"},\"image\":{\"@id\":\"https:\\\/\\\/www.organisator.ch\\\/management\\\/2020-04-08\\\/smart-restart-nach-corona-was-branchen-vorschlagen\\\/#primaryimage\"},\"thumbnailUrl\":\"https:\\\/\\\/www.organisator.ch\\\/wp-content\\\/uploads\\\/2020\\\/04\\\/Smart-Restart-nach-Corona-Was-Branchen-vorschlagen.jpg\",\"datePublished\":\"2020-04-08T06:49:41+00:00\",\"description\":\"Verschiedene Branchen zeigen, wie sie schritt\u00adweise ihre wirtschaftliche T\u00e4tigkeit herauffahren k\u00f6nnen. Das Motto lautet: \\\"Smart Restart\\\".\",\"breadcrumb\":{\"@id\":\"https:\\\/\\\/www.organisator.ch\\\/management\\\/2020-04-08\\\/smart-restart-nach-corona-was-branchen-vorschlagen\\\/#breadcrumb\"},\"inLanguage\":\"en-US\",\"potentialAction\":[{\"@type\":\"ReadAction\",\"target\":[\"https:\\\/\\\/www.organisator.ch\\\/management\\\/2020-04-08\\\/smart-restart-nach-corona-was-branchen-vorschlagen\\\/\"]}]},{\"@type\":\"ImageObject\",\"inLanguage\":\"en-US\",\"@id\":\"https:\\\/\\\/www.organisator.ch\\\/management\\\/2020-04-08\\\/smart-restart-nach-corona-was-branchen-vorschlagen\\\/#primaryimage\",\"url\":\"https:\\\/\\\/www.organisator.ch\\\/wp-content\\\/uploads\\\/2020\\\/04\\\/Smart-Restart-nach-Corona-Was-Branchen-vorschlagen.jpg\",\"contentUrl\":\"https:\\\/\\\/www.organisator.ch\\\/wp-content\\\/uploads\\\/2020\\\/04\\\/Smart-Restart-nach-Corona-Was-Branchen-vorschlagen.jpg\",\"width\":680,\"height\":496,\"caption\":\"Viele Branchen fordern einen \\\"Smart Restart\\\" f\u00fcr die Phase nach dem 19. April 2020 und wollen ihre Gesch\u00e4fte wieder \u00f6ffnen. So auch der Autohandel. (Bild: Auto Schweiz)\"},{\"@type\":\"BreadcrumbList\",\"@id\":\"https:\\\/\\\/www.organisator.ch\\\/management\\\/2020-04-08\\\/smart-restart-nach-corona-was-branchen-vorschlagen\\\/#breadcrumb\",\"itemListElement\":[{\"@type\":\"ListItem\",\"position\":1,\"name\":\"Home\",\"item\":\"https:\\\/\\\/www.organisator.ch\\\/\"},{\"@type\":\"ListItem\",\"position\":2,\"name\":\"&#8222;Smart Restart&#8220; nach Corona: Was Branchen vorschlagen\"}]},{\"@type\":\"WebSite\",\"@id\":\"https:\\\/\\\/www.organisator.ch\\\/#website\",\"url\":\"https:\\\/\\\/www.organisator.ch\\\/\",\"name\":\"Organisator\",\"description\":\"Kompetent. Praxisnah. Der ORGANISATOR bereitet in 10 Ausgaben pro Jahr die wesentlichen Themen f\u00fcr F\u00fchrungskr\u00e4fte von KMU auf.\",\"publisher\":{\"@id\":\"https:\\\/\\\/www.organisator.ch\\\/#organization\"},\"potentialAction\":[{\"@type\":\"SearchAction\",\"target\":{\"@type\":\"EntryPoint\",\"urlTemplate\":\"https:\\\/\\\/www.organisator.ch\\\/?s={search_term_string}\"},\"query-input\":{\"@type\":\"PropertyValueSpecification\",\"valueRequired\":true,\"valueName\":\"search_term_string\"}}],\"inLanguage\":\"en-US\"},{\"@type\":\"Organization\",\"@id\":\"https:\\\/\\\/www.organisator.ch\\\/#organization\",\"name\":\"Organisator\",\"url\":\"https:\\\/\\\/www.organisator.ch\\\/\",\"logo\":{\"@type\":\"ImageObject\",\"inLanguage\":\"en-US\",\"@id\":\"https:\\\/\\\/www.organisator.ch\\\/#\\\/schema\\\/logo\\\/image\\\/\",\"url\":\"https:\\\/\\\/www.organisator.ch\\\/wp-content\\\/uploads\\\/2022\\\/01\\\/Logo_Organisator_Website.png\",\"contentUrl\":\"https:\\\/\\\/www.organisator.ch\\\/wp-content\\\/uploads\\\/2022\\\/01\\\/Logo_Organisator_Website.png\",\"width\":800,\"height\":77,\"caption\":\"Organisator\"},\"image\":{\"@id\":\"https:\\\/\\\/www.organisator.ch\\\/#\\\/schema\\\/logo\\\/image\\\/\"},\"sameAs\":[\"https:\\\/\\\/www.facebook.com\\\/OrganisatorFachmagazin\",\"https:\\\/\\\/www.linkedin.com\\\/showcase\\\/organisator-das-magazin-fr-kmu\",\"https:\\\/\\\/www.xing.com\\\/news\\\/pages\\\/organisator-ch-695\",\"https:\\\/\\\/www.youtube.com\\\/channel\\\/UCGP2Sq0iWaZwT3BdIAQFYpw\"]},{\"@type\":\"Person\",\"@id\":\"https:\\\/\\\/www.organisator.ch\\\/#\\\/schema\\\/person\\\/6f650f90b2842cd4c0cc334b4e36f67e\",\"name\":\"thomas.berner\",\"image\":{\"@type\":\"ImageObject\",\"inLanguage\":\"en-US\",\"@id\":\"https:\\\/\\\/secure.gravatar.com\\\/avatar\\\/ac5001d2a36cb6c6cd3e50789007ffca834b477b74a2144564522e944eabff61?s=96&d=mm&r=g\",\"url\":\"https:\\\/\\\/secure.gravatar.com\\\/avatar\\\/ac5001d2a36cb6c6cd3e50789007ffca834b477b74a2144564522e944eabff61?s=96&d=mm&r=g\",\"contentUrl\":\"https:\\\/\\\/secure.gravatar.com\\\/avatar\\\/ac5001d2a36cb6c6cd3e50789007ffca834b477b74a2144564522e944eabff61?s=96&d=mm&r=g\",\"caption\":\"thomas.berner\"},\"url\":\"https:\\\/\\\/www.organisator.ch\\\/en\\\/author\\\/thomas-berner\\\/\"}]}<\/script>\n<!-- \/ Yoast SEO plugin. -->","yoast_head_json":{"title":"\"Smart Restart\" to Corona: what industries propose - organizer","description":"Various industries show how they can gradually ramp up their economic activity. The motto is: \"Smart Restart\".","robots":{"index":"index","follow":"follow","max-snippet":"max-snippet:-1","max-image-preview":"max-image-preview:large","max-video-preview":"max-video-preview:-1"},"canonical":"https:\/\/www.organisator.ch\/en\/management\/2020-04-08\/smart-restart-nach-corona-was-branchen-vorschlagen\/","og_locale":"en_US","og_type":"article","og_title":"\"Smart Restart\" nach Corona: Was Branchen vorschlagen","og_description":"Verschiedene Branchen zeigen, wie sie schritt\u00adweise ihre wirtschaftliche T\u00e4tigkeit herauffahren k\u00f6nnen. Das Motto lautet: \"Smart Restart\".","og_url":"https:\/\/www.organisator.ch\/en\/management\/2020-04-08\/smart-restart-nach-corona-was-branchen-vorschlagen\/","og_site_name":"Organisator","article_publisher":"https:\/\/www.facebook.com\/OrganisatorFachmagazin","article_published_time":"2020-04-08T06:49:41+00:00","og_image":[{"width":680,"height":496,"url":"https:\/\/www.organisator.ch\/wp-content\/uploads\/2020\/04\/Smart-Restart-nach-Corona-Was-Branchen-vorschlagen.jpg","type":"image\/jpeg"}],"author":"thomas.berner","twitter_card":"summary_large_image","twitter_title":"\"#SmartRestart\" nach #Corona: Was Branchen vorschlagen","twitter_description":"Verschiedene Branchen zeigen, wie sie schritt\u00adweise ihre wirtschaftliche T\u00e4tigkeit herauffahren k\u00f6nnen. Das Motto lautet: \"#SmartRestart\".","twitter_image":"https:\/\/www.organisator.ch\/wp-content\/uploads\/2020\/04\/Smart-Restart-nach-Corona-Was-Branchen-vorschlagen.jpg","schema":{"@context":"https:\/\/schema.org","@graph":[{"@type":"Article","@id":"https:\/\/www.organisator.ch\/management\/2020-04-08\/smart-restart-nach-corona-was-branchen-vorschlagen\/#article","isPartOf":{"@id":"https:\/\/www.organisator.ch\/management\/2020-04-08\/smart-restart-nach-corona-was-branchen-vorschlagen\/"},"author":{"name":"thomas.berner","@id":"https:\/\/www.organisator.ch\/#\/schema\/person\/6f650f90b2842cd4c0cc334b4e36f67e"},"headline":"&#8222;Smart Restart&#8220; nach Corona: Was Branchen vorschlagen","datePublished":"2020-04-08T06:49:41+00:00","mainEntityOfPage":{"@id":"https:\/\/www.organisator.ch\/management\/2020-04-08\/smart-restart-nach-corona-was-branchen-vorschlagen\/"},"wordCount":457,"publisher":{"@id":"https:\/\/www.organisator.ch\/#organization"},"image":{"@id":"https:\/\/www.organisator.ch\/management\/2020-04-08\/smart-restart-nach-corona-was-branchen-vorschlagen\/#primaryimage"},"thumbnailUrl":"https:\/\/www.organisator.ch\/wp-content\/uploads\/2020\/04\/Smart-Restart-nach-Corona-Was-Branchen-vorschlagen.jpg","keywords":["Branchen","Coronavirus","M\u00e4rkte","Unternehmen","Verb\u00e4nde"],"articleSection":["MANAGEMENT"],"inLanguage":"en-US"},{"@type":"WebPage","@id":"https:\/\/www.organisator.ch\/management\/2020-04-08\/smart-restart-nach-corona-was-branchen-vorschlagen\/","url":"https:\/\/www.organisator.ch\/management\/2020-04-08\/smart-restart-nach-corona-was-branchen-vorschlagen\/","name":"\"Smart Restart\" to Corona: what industries propose - organizer","isPartOf":{"@id":"https:\/\/www.organisator.ch\/#website"},"primaryImageOfPage":{"@id":"https:\/\/www.organisator.ch\/management\/2020-04-08\/smart-restart-nach-corona-was-branchen-vorschlagen\/#primaryimage"},"image":{"@id":"https:\/\/www.organisator.ch\/management\/2020-04-08\/smart-restart-nach-corona-was-branchen-vorschlagen\/#primaryimage"},"thumbnailUrl":"https:\/\/www.organisator.ch\/wp-content\/uploads\/2020\/04\/Smart-Restart-nach-Corona-Was-Branchen-vorschlagen.jpg","datePublished":"2020-04-08T06:49:41+00:00","description":"Various industries show how they can gradually ramp up their economic activity. The motto is: \"Smart Restart\".","breadcrumb":{"@id":"https:\/\/www.organisator.ch\/management\/2020-04-08\/smart-restart-nach-corona-was-branchen-vorschlagen\/#breadcrumb"},"inLanguage":"en-US","potentialAction":[{"@type":"ReadAction","target":["https:\/\/www.organisator.ch\/management\/2020-04-08\/smart-restart-nach-corona-was-branchen-vorschlagen\/"]}]},{"@type":"ImageObject","inLanguage":"en-US","@id":"https:\/\/www.organisator.ch\/management\/2020-04-08\/smart-restart-nach-corona-was-branchen-vorschlagen\/#primaryimage","url":"https:\/\/www.organisator.ch\/wp-content\/uploads\/2020\/04\/Smart-Restart-nach-Corona-Was-Branchen-vorschlagen.jpg","contentUrl":"https:\/\/www.organisator.ch\/wp-content\/uploads\/2020\/04\/Smart-Restart-nach-Corona-Was-Branchen-vorschlagen.jpg","width":680,"height":496,"caption":"Viele Branchen fordern einen \"Smart Restart\" f\u00fcr die Phase nach dem 19. April 2020 und wollen ihre Gesch\u00e4fte wieder \u00f6ffnen. So auch der Autohandel. (Bild: Auto Schweiz)"},{"@type":"BreadcrumbList","@id":"https:\/\/www.organisator.ch\/management\/2020-04-08\/smart-restart-nach-corona-was-branchen-vorschlagen\/#breadcrumb","itemListElement":[{"@type":"ListItem","position":1,"name":"Home","item":"https:\/\/www.organisator.ch\/"},{"@type":"ListItem","position":2,"name":"&#8222;Smart Restart&#8220; nach Corona: Was Branchen vorschlagen"}]},{"@type":"WebSite","@id":"https:\/\/www.organisator.ch\/#website","url":"https:\/\/www.organisator.ch\/","name":"Organizer","description":"Competent. Practical. In 10 issues per year, ORGANISATOR presents the essential topics for managers of SMEs.","publisher":{"@id":"https:\/\/www.organisator.ch\/#organization"},"potentialAction":[{"@type":"SearchAction","target":{"@type":"EntryPoint","urlTemplate":"https:\/\/www.organisator.ch\/?s={search_term_string}"},"query-input":{"@type":"PropertyValueSpecification","valueRequired":true,"valueName":"search_term_string"}}],"inLanguage":"en-US"},{"@type":"Organization","@id":"https:\/\/www.organisator.ch\/#organization","name":"Organizer","url":"https:\/\/www.organisator.ch\/","logo":{"@type":"ImageObject","inLanguage":"en-US","@id":"https:\/\/www.organisator.ch\/#\/schema\/logo\/image\/","url":"https:\/\/www.organisator.ch\/wp-content\/uploads\/2022\/01\/Logo_Organisator_Website.png","contentUrl":"https:\/\/www.organisator.ch\/wp-content\/uploads\/2022\/01\/Logo_Organisator_Website.png","width":800,"height":77,"caption":"Organisator"},"image":{"@id":"https:\/\/www.organisator.ch\/#\/schema\/logo\/image\/"},"sameAs":["https:\/\/www.facebook.com\/OrganisatorFachmagazin","https:\/\/www.linkedin.com\/showcase\/organisator-das-magazin-fr-kmu","https:\/\/www.xing.com\/news\/pages\/organisator-ch-695","https:\/\/www.youtube.com\/channel\/UCGP2Sq0iWaZwT3BdIAQFYpw"]},{"@type":"Person","@id":"https:\/\/www.organisator.ch\/#\/schema\/person\/6f650f90b2842cd4c0cc334b4e36f67e","name":"thomas.berner","image":{"@type":"ImageObject","inLanguage":"en-US","@id":"https:\/\/secure.gravatar.com\/avatar\/ac5001d2a36cb6c6cd3e50789007ffca834b477b74a2144564522e944eabff61?s=96&d=mm&r=g","url":"https:\/\/secure.gravatar.com\/avatar\/ac5001d2a36cb6c6cd3e50789007ffca834b477b74a2144564522e944eabff61?s=96&d=mm&r=g","contentUrl":"https:\/\/secure.gravatar.com\/avatar\/ac5001d2a36cb6c6cd3e50789007ffca834b477b74a2144564522e944eabff61?s=96&d=mm&r=g","caption":"thomas.berner"},"url":"https:\/\/www.organisator.ch\/en\/author\/thomas-berner\/"}]}},"_links":{"self":[{"href":"https:\/\/www.organisator.ch\/en\/wp-json\/wp\/v2\/posts\/6572","targetHints":{"allow":["GET"]}}],"collection":[{"href":"https:\/\/www.organisator.ch\/en\/wp-json\/wp\/v2\/posts"}],"about":[{"href":"https:\/\/www.organisator.ch\/en\/wp-json\/wp\/v2\/types\/post"}],"author":[{"embeddable":true,"href":"https:\/\/www.organisator.ch\/en\/wp-json\/wp\/v2\/users\/4"}],"replies":[{"embeddable":true,"href":"https:\/\/www.organisator.ch\/en\/wp-json\/wp\/v2\/comments?post=6572"}],"version-history":[{"count":0,"href":"https:\/\/www.organisator.ch\/en\/wp-json\/wp\/v2\/posts\/6572\/revisions"}],"wp:featuredmedia":[{"embeddable":true,"href":"https:\/\/www.organisator.ch\/en\/wp-json\/wp\/v2\/media\/6573"}],"wp:attachment":[{"href":"https:\/\/www.organisator.ch\/en\/wp-json\/wp\/v2\/media?parent=6572"}],"wp:term":[{"taxonomy":"category","embeddable":true,"href":"https:\/\/www.organisator.ch\/en\/wp-json\/wp\/v2\/categories?post=6572"},{"taxonomy":"post_tag","embeddable":true,"href":"https:\/\/www.organisator.ch\/en\/wp-json\/wp\/v2\/tags?post=6572"}],"curies":[{"name":"wp","href":"https:\/\/api.w.org\/{rel}","templated":true}]}}