{"id":6575,"date":"2020-04-08T12:00:20","date_gmt":"2020-04-08T10:00:20","guid":{"rendered":"https:\/\/www.organisator.ch\/?p=6575"},"modified":"2020-04-08T12:00:20","modified_gmt":"2020-04-08T10:00:20","slug":"datenschutz-in-corona-zeiten-was-arbeitgeber-und-mitarbeitende-wissen-muessen","status":"publish","type":"post","link":"https:\/\/www.organisator.ch\/en\/management\/finanzen_recht\/2020-04-08\/datenschutz-in-corona-zeiten-was-arbeitgeber-und-mitarbeitende-wissen-muessen\/","title":{"rendered":"Data protection in Corona times: What employers and employees need to know"},"content":{"rendered":"<figure id=\"attachment_6576\" aria-describedby=\"caption-attachment-6576\" style=\"width: 680px\" class=\"wp-caption alignnone\"><img loading=\"lazy\" decoding=\"async\" class=\"size-medium wp-image-6576\" src=\"https:\/\/www.organisator.ch\/wp-content\/uploads\/2020\/04\/Datenschutz-in-Corona-Zeiten-Was-Arbeitgeber-und-Mitarbeitende-wissen-muessen_Organisator.jpg\" alt=\"\" width=\"680\" height=\"449\" srcset=\"https:\/\/www.organisator.ch\/wp-content\/uploads\/2020\/04\/Datenschutz-in-Corona-Zeiten-Was-Arbeitgeber-und-Mitarbeitende-wissen-muessen_Organisator.jpg 680w, https:\/\/www.organisator.ch\/wp-content\/uploads\/2020\/04\/Datenschutz-in-Corona-Zeiten-Was-Arbeitgeber-und-Mitarbeitende-wissen-muessen_Organisator-16x12.jpg 16w, https:\/\/www.organisator.ch\/wp-content\/uploads\/2020\/04\/Datenschutz-in-Corona-Zeiten-Was-Arbeitgeber-und-Mitarbeitende-wissen-muessen_Organisator-265x175.jpg 265w, https:\/\/www.organisator.ch\/wp-content\/uploads\/2020\/04\/Datenschutz-in-Corona-Zeiten-Was-Arbeitgeber-und-Mitarbeitende-wissen-muessen_Organisator-530x350.jpg 530w, https:\/\/www.organisator.ch\/wp-content\/uploads\/2020\/04\/Datenschutz-in-Corona-Zeiten-Was-Arbeitgeber-und-Mitarbeitende-wissen-muessen_Organisator-300x198.jpg 300w\" sizes=\"auto, (max-width: 680px) 100vw, 680px\" \/><figcaption id=\"caption-attachment-6576\" class=\"wp-caption-text\">Privacy in Corona Times: What health information can employers and employees openly communicate? (Image: Pixabay.com)<\/figcaption><\/figure>\n<p>Companies have a duty of care and concern towards their employees. At the same time, they are dependent on information about the health of their employees, especially in the current climate. This can lead to problems with regard to data protection, because health information is particularly worthy of protection. In the following, we highlight the rights and obligations of employers and employees in dealing with the Corona virus. Brigitte M\u00fcnch, Legal Counsel &amp; Member of the Executive Board of LEANmade, explains what information is and is not allowed in terms of data protection in Corona times.<\/p>\n<h2>Data protection in Corona times: Rights and obligations for employers<\/h2>\n<ol>\n<li><strong>Do I have to report a possible infection of an employee to the authorities?<\/strong> No. Only physicians, hospitals and other public or private healthcare institutions and laboratories must report infected patients to the authorities. There is no reporting requirement for other employers. Reporting a suspected case or case of illness to health authorities could even constitute disclosure of health data without a legal basis and could be punished.<\/li>\n<li><strong>Do I need to inform the company's employees about an infected employee in the company?<\/strong> Only with the consent of the person concerned. The employer has a duty of care towards its employees. The staff should therefore always be informed of a suspected or confirmed case of infection. However, naming the person concerned is only permissible if he or she has expressly consented. Access to the information must be restricted to the necessary circle of colleagues. The information must also not have any consequences for the employment relationship. In any case, an employee must be comprehensively informed about the intended disclosure and further processing. We strongly recommend obtaining documented consent for this purpose. Of course, the processes for processing cases of illness within your company should comply with the requirements of data protection and thus be followed.<\/li>\n<li><strong>Do I need to identify and inform contacts of an infected employee?<\/strong> No. If you have alerted employees in your company to the possibility that a colleague may have contracted the virus, you have fulfilled your duty as an employer to the employees. A company is not required to collect further data to determine who has come into contact with whom.<\/li>\n<li><strong>Am I allowed to ask employees about a (possible) infection?<\/strong> Only if the company is subject to a special legal obligation, such as in the health sector or the catering industry. The question about the health of employees is basically a private matter. If you do ask, employees are not obligated to answer the question correctly.<\/li>\n<li><strong>Do I have to inform business partners about a (possible) infection within my company?<\/strong> No, the data protection regulations do not oblige you to do so. The legal obligation to provide such information exists only for physicians, hospitals and comparable medical professions. However, if there is a risk of contagion, an obligation to provide information may arise from the general duties of care between contractual partners. If a company informs its business partners of a suspected case, it should note that the name of the possibly infected person must not be mentioned and that the same principles apply as when informing its own employees.<\/li>\n<\/ol>\n<h2>Rights and obligations for employees<\/h2>\n<ol>\n<li><strong>Do I have to inform my employer about a (possible) infection with the coronavirus and\/or answer his questions about a (possible) infection?<\/strong> In principle, no. Exception: If the employee or employer is subject to a legal obligation. This is the case, for example, with doctors and hospital staff or in the hospitality and catering industry. If an employee is asked, they must be informed of their specific duty to provide information. However, in this specific situation of the spread of the coronavirus, employees from other sectors who are not subject to a specific duty to inform should also inform their employer about a (possible) infection in order to protect colleagues and customers.<\/li>\n<li><strong>Do I need to tell my employer that I have been in a high-risk area for the past few weeks? <\/strong>No. Each employee is free to disclose this information to his or her direct supervisor and\/or the Human Resources Department in the interest of colleagues, suppliers and customers. The disclosure of the information by the employee must not have any negative consequences for the employment relationship.<\/li>\n<li><strong>Where do I have to report a (possible) infection?<\/strong> Information about a possible infection should follow the usual procedures in case of illness, i.e. if the employee decides to inform about his\/her health condition, he\/she should inform the direct supervisors and\/or the responsible HR representative. The information that the employee discloses to his or her employer is health data, which is particularly protected by law. This also means that any further information to other colleagues outside the direct reporting line and the HR department requires his explicit consent.<\/li>\n<\/ol>\n<p><em>Source and further information: Brigitte M\u00fcnch, <a href=\"http:\/\/www.leanmade.com\">LEANMade AG<\/a><\/em><\/p>","protected":false},"excerpt":{"rendered":"<p>Unternehmen haben eine Sorgfalts- und F\u00fcrsorgepflicht gegen\u00fcber ihren Mitarbeitern. Gleichzeitig sind sie gerade in der jetzigen Zeit auf Informationen \u00fcber die Gesundheit ihrer Mitarbeitenden angewiesen. Das kann zu Problemen bez\u00fcglich Datenschutz f\u00fchren, denn Gesundheitsinformationen sind besonders sch\u00fctzenswert. Im Folgenden beleuchten wir die Rechte und Pflichten von Arbeitgebern und Arbeitnehmerin im Umgang mit dem Corona-Virus. Brigitte [&hellip;]<\/p>\n","protected":false},"author":4,"featured_media":6576,"comment_status":"closed","ping_status":"closed","sticky":false,"template":"","format":"standard","meta":{"_acf_changed":false,"_yoast_wpseo_focuskw":"Datenschutz in Corona-Zeiten","_yoast_wpseo_metadesc":"Was gilt bez\u00fcglich Datenschutz in Corona-Zeiten? Was m\u00fcssen Arbeitgeber und Mitarbeitende beachten? Eine Expertin liefert Antworten.","articlekey":"","footnotes":""},"categories":[24],"tags":[115,132,202,335],"class_list":["post-6575","post","type-post","status-publish","format-standard","has-post-thumbnail","hentry","category-finanzen_recht","tag-checklisten","tag-coronavirus","tag-finanzenrecht","tag-management-und-unternehmensfuehrung"],"acf":[],"yoast_head":"<!-- This site is optimized with the Yoast SEO plugin v27.5 - https:\/\/yoast.com\/product\/yoast-seo-wordpress\/ -->\n<title>Datenschutz in Corona-Zeiten: Was Arbeitgeber und Mitarbeitende wissen m\u00fcssen - Organisator<\/title>\n<meta name=\"description\" content=\"Was gilt bez\u00fcglich Datenschutz in Corona-Zeiten? Was m\u00fcssen Arbeitgeber und Mitarbeitende beachten? Eine Expertin liefert Antworten.\" \/>\n<meta name=\"robots\" content=\"index, follow, max-snippet:-1, max-image-preview:large, max-video-preview:-1\" \/>\n<link rel=\"canonical\" href=\"https:\/\/www.organisator.ch\/en\/management\/finanzen_recht\/2020-04-08\/datenschutz-in-corona-zeiten-was-arbeitgeber-und-mitarbeitende-wissen-muessen\/\" \/>\n<meta property=\"og:locale\" content=\"en_US\" \/>\n<meta property=\"og:type\" content=\"article\" \/>\n<meta property=\"og:title\" content=\"Datenschutz in Corona-Zeiten: Was Arbeitgeber und Mitarbeitende wissen m\u00fcssen\" \/>\n<meta property=\"og:description\" content=\"Was gilt bez\u00fcglich Datenschutz in Corona-Zeiten? Was m\u00fcssen Arbeitgeber und Mitarbeitende beachten? Eine Expertin liefert Antworten.\" \/>\n<meta property=\"og:url\" content=\"https:\/\/www.organisator.ch\/en\/management\/finanzen_recht\/2020-04-08\/datenschutz-in-corona-zeiten-was-arbeitgeber-und-mitarbeitende-wissen-muessen\/\" \/>\n<meta property=\"og:site_name\" content=\"Organisator\" \/>\n<meta property=\"article:publisher\" content=\"https:\/\/www.facebook.com\/OrganisatorFachmagazin\" \/>\n<meta property=\"article:published_time\" content=\"2020-04-08T10:00:20+00:00\" \/>\n<meta property=\"og:image\" content=\"https:\/\/www.organisator.ch\/wp-content\/uploads\/2020\/04\/Datenschutz-in-Corona-Zeiten-Was-Arbeitgeber-und-Mitarbeitende-wissen-muessen_Organisator.jpg\" \/>\n\t<meta property=\"og:image:width\" content=\"680\" \/>\n\t<meta property=\"og:image:height\" content=\"449\" \/>\n\t<meta property=\"og:image:type\" content=\"image\/jpeg\" \/>\n<meta name=\"author\" content=\"thomas.berner\" \/>\n<meta name=\"twitter:card\" content=\"summary_large_image\" \/>\n<meta name=\"twitter:title\" content=\"#Datenschutz in #Corona-Zeiten: Was Arbeitgeber und Mitarbeitende wissen m\u00fcssen\" \/>\n<meta name=\"twitter:description\" content=\"Was gilt bez\u00fcglich #Datenschutz in #Corona-Zeiten? Was m\u00fcssen Arbeitgeber und Mitarbeitende beachten? Eine Expertin liefert Antworten.\" \/>\n<meta name=\"twitter:image\" content=\"https:\/\/www.organisator.ch\/wp-content\/uploads\/2020\/04\/Datenschutz-in-Corona-Zeiten-Was-Arbeitgeber-und-Mitarbeitende-wissen-muessen_Organisator.jpg\" \/>\n<script type=\"application\/ld+json\" class=\"yoast-schema-graph\">{\"@context\":\"https:\\\/\\\/schema.org\",\"@graph\":[{\"@type\":\"Article\",\"@id\":\"https:\\\/\\\/www.organisator.ch\\\/management\\\/finanzen_recht\\\/2020-04-08\\\/datenschutz-in-corona-zeiten-was-arbeitgeber-und-mitarbeitende-wissen-muessen\\\/#article\",\"isPartOf\":{\"@id\":\"https:\\\/\\\/www.organisator.ch\\\/management\\\/finanzen_recht\\\/2020-04-08\\\/datenschutz-in-corona-zeiten-was-arbeitgeber-und-mitarbeitende-wissen-muessen\\\/\"},\"author\":{\"name\":\"thomas.berner\",\"@id\":\"https:\\\/\\\/www.organisator.ch\\\/#\\\/schema\\\/person\\\/6f650f90b2842cd4c0cc334b4e36f67e\"},\"headline\":\"Datenschutz in Corona-Zeiten: Was Arbeitgeber und Mitarbeitende wissen m\u00fcssen\",\"datePublished\":\"2020-04-08T10:00:20+00:00\",\"mainEntityOfPage\":{\"@id\":\"https:\\\/\\\/www.organisator.ch\\\/management\\\/finanzen_recht\\\/2020-04-08\\\/datenschutz-in-corona-zeiten-was-arbeitgeber-und-mitarbeitende-wissen-muessen\\\/\"},\"wordCount\":792,\"publisher\":{\"@id\":\"https:\\\/\\\/www.organisator.ch\\\/#organization\"},\"image\":{\"@id\":\"https:\\\/\\\/www.organisator.ch\\\/management\\\/finanzen_recht\\\/2020-04-08\\\/datenschutz-in-corona-zeiten-was-arbeitgeber-und-mitarbeitende-wissen-muessen\\\/#primaryimage\"},\"thumbnailUrl\":\"https:\\\/\\\/www.organisator.ch\\\/wp-content\\\/uploads\\\/2020\\\/04\\\/Datenschutz-in-Corona-Zeiten-Was-Arbeitgeber-und-Mitarbeitende-wissen-muessen_Organisator.jpg\",\"keywords\":[\"Checklisten\",\"Coronavirus\",\"Finanzen\\\/Recht\",\"Management und Unternehmensf\u00fchrung\"],\"articleSection\":[\"FINANZEN\\\/RECHT\"],\"inLanguage\":\"en-US\"},{\"@type\":\"WebPage\",\"@id\":\"https:\\\/\\\/www.organisator.ch\\\/management\\\/finanzen_recht\\\/2020-04-08\\\/datenschutz-in-corona-zeiten-was-arbeitgeber-und-mitarbeitende-wissen-muessen\\\/\",\"url\":\"https:\\\/\\\/www.organisator.ch\\\/management\\\/finanzen_recht\\\/2020-04-08\\\/datenschutz-in-corona-zeiten-was-arbeitgeber-und-mitarbeitende-wissen-muessen\\\/\",\"name\":\"Datenschutz in Corona-Zeiten: Was Arbeitgeber und Mitarbeitende wissen m\u00fcssen - Organisator\",\"isPartOf\":{\"@id\":\"https:\\\/\\\/www.organisator.ch\\\/#website\"},\"primaryImageOfPage\":{\"@id\":\"https:\\\/\\\/www.organisator.ch\\\/management\\\/finanzen_recht\\\/2020-04-08\\\/datenschutz-in-corona-zeiten-was-arbeitgeber-und-mitarbeitende-wissen-muessen\\\/#primaryimage\"},\"image\":{\"@id\":\"https:\\\/\\\/www.organisator.ch\\\/management\\\/finanzen_recht\\\/2020-04-08\\\/datenschutz-in-corona-zeiten-was-arbeitgeber-und-mitarbeitende-wissen-muessen\\\/#primaryimage\"},\"thumbnailUrl\":\"https:\\\/\\\/www.organisator.ch\\\/wp-content\\\/uploads\\\/2020\\\/04\\\/Datenschutz-in-Corona-Zeiten-Was-Arbeitgeber-und-Mitarbeitende-wissen-muessen_Organisator.jpg\",\"datePublished\":\"2020-04-08T10:00:20+00:00\",\"description\":\"Was gilt bez\u00fcglich Datenschutz in Corona-Zeiten? Was m\u00fcssen Arbeitgeber und Mitarbeitende beachten? Eine Expertin liefert Antworten.\",\"breadcrumb\":{\"@id\":\"https:\\\/\\\/www.organisator.ch\\\/management\\\/finanzen_recht\\\/2020-04-08\\\/datenschutz-in-corona-zeiten-was-arbeitgeber-und-mitarbeitende-wissen-muessen\\\/#breadcrumb\"},\"inLanguage\":\"en-US\",\"potentialAction\":[{\"@type\":\"ReadAction\",\"target\":[\"https:\\\/\\\/www.organisator.ch\\\/management\\\/finanzen_recht\\\/2020-04-08\\\/datenschutz-in-corona-zeiten-was-arbeitgeber-und-mitarbeitende-wissen-muessen\\\/\"]}]},{\"@type\":\"ImageObject\",\"inLanguage\":\"en-US\",\"@id\":\"https:\\\/\\\/www.organisator.ch\\\/management\\\/finanzen_recht\\\/2020-04-08\\\/datenschutz-in-corona-zeiten-was-arbeitgeber-und-mitarbeitende-wissen-muessen\\\/#primaryimage\",\"url\":\"https:\\\/\\\/www.organisator.ch\\\/wp-content\\\/uploads\\\/2020\\\/04\\\/Datenschutz-in-Corona-Zeiten-Was-Arbeitgeber-und-Mitarbeitende-wissen-muessen_Organisator.jpg\",\"contentUrl\":\"https:\\\/\\\/www.organisator.ch\\\/wp-content\\\/uploads\\\/2020\\\/04\\\/Datenschutz-in-Corona-Zeiten-Was-Arbeitgeber-und-Mitarbeitende-wissen-muessen_Organisator.jpg\",\"width\":680,\"height\":449,\"caption\":\"Datenschutz in Corona-Zeiten: Welche Gesundheitsinformationen d\u00fcrfen Arbeitgeber und Arbeitnehmende offen kommunizieren? (Bild: Pixabay.com)\"},{\"@type\":\"BreadcrumbList\",\"@id\":\"https:\\\/\\\/www.organisator.ch\\\/management\\\/finanzen_recht\\\/2020-04-08\\\/datenschutz-in-corona-zeiten-was-arbeitgeber-und-mitarbeitende-wissen-muessen\\\/#breadcrumb\",\"itemListElement\":[{\"@type\":\"ListItem\",\"position\":1,\"name\":\"Home\",\"item\":\"https:\\\/\\\/www.organisator.ch\\\/\"},{\"@type\":\"ListItem\",\"position\":2,\"name\":\"Datenschutz in Corona-Zeiten: Was Arbeitgeber und Mitarbeitende wissen m\u00fcssen\"}]},{\"@type\":\"WebSite\",\"@id\":\"https:\\\/\\\/www.organisator.ch\\\/#website\",\"url\":\"https:\\\/\\\/www.organisator.ch\\\/\",\"name\":\"Organisator\",\"description\":\"Kompetent. Praxisnah. Der ORGANISATOR bereitet in 10 Ausgaben pro Jahr die wesentlichen Themen f\u00fcr F\u00fchrungskr\u00e4fte von KMU auf.\",\"publisher\":{\"@id\":\"https:\\\/\\\/www.organisator.ch\\\/#organization\"},\"potentialAction\":[{\"@type\":\"SearchAction\",\"target\":{\"@type\":\"EntryPoint\",\"urlTemplate\":\"https:\\\/\\\/www.organisator.ch\\\/?s={search_term_string}\"},\"query-input\":{\"@type\":\"PropertyValueSpecification\",\"valueRequired\":true,\"valueName\":\"search_term_string\"}}],\"inLanguage\":\"en-US\"},{\"@type\":\"Organization\",\"@id\":\"https:\\\/\\\/www.organisator.ch\\\/#organization\",\"name\":\"Organisator\",\"url\":\"https:\\\/\\\/www.organisator.ch\\\/\",\"logo\":{\"@type\":\"ImageObject\",\"inLanguage\":\"en-US\",\"@id\":\"https:\\\/\\\/www.organisator.ch\\\/#\\\/schema\\\/logo\\\/image\\\/\",\"url\":\"https:\\\/\\\/www.organisator.ch\\\/wp-content\\\/uploads\\\/2022\\\/01\\\/Logo_Organisator_Website.png\",\"contentUrl\":\"https:\\\/\\\/www.organisator.ch\\\/wp-content\\\/uploads\\\/2022\\\/01\\\/Logo_Organisator_Website.png\",\"width\":800,\"height\":77,\"caption\":\"Organisator\"},\"image\":{\"@id\":\"https:\\\/\\\/www.organisator.ch\\\/#\\\/schema\\\/logo\\\/image\\\/\"},\"sameAs\":[\"https:\\\/\\\/www.facebook.com\\\/OrganisatorFachmagazin\",\"https:\\\/\\\/www.linkedin.com\\\/showcase\\\/organisator-das-magazin-fr-kmu\",\"https:\\\/\\\/www.xing.com\\\/news\\\/pages\\\/organisator-ch-695\",\"https:\\\/\\\/www.youtube.com\\\/channel\\\/UCGP2Sq0iWaZwT3BdIAQFYpw\"]},{\"@type\":\"Person\",\"@id\":\"https:\\\/\\\/www.organisator.ch\\\/#\\\/schema\\\/person\\\/6f650f90b2842cd4c0cc334b4e36f67e\",\"name\":\"thomas.berner\",\"image\":{\"@type\":\"ImageObject\",\"inLanguage\":\"en-US\",\"@id\":\"https:\\\/\\\/secure.gravatar.com\\\/avatar\\\/ac5001d2a36cb6c6cd3e50789007ffca834b477b74a2144564522e944eabff61?s=96&d=mm&r=g\",\"url\":\"https:\\\/\\\/secure.gravatar.com\\\/avatar\\\/ac5001d2a36cb6c6cd3e50789007ffca834b477b74a2144564522e944eabff61?s=96&d=mm&r=g\",\"contentUrl\":\"https:\\\/\\\/secure.gravatar.com\\\/avatar\\\/ac5001d2a36cb6c6cd3e50789007ffca834b477b74a2144564522e944eabff61?s=96&d=mm&r=g\",\"caption\":\"thomas.berner\"},\"url\":\"https:\\\/\\\/www.organisator.ch\\\/en\\\/author\\\/thomas-berner\\\/\"}]}<\/script>\n<!-- \/ Yoast SEO plugin. -->","yoast_head_json":{"title":"Privacy in Corona Times: What employers and employees need to know - Organizer","description":"What applies with regard to data protection in Corona times? What do employers and employees have to bear in mind? An expert provides answers.","robots":{"index":"index","follow":"follow","max-snippet":"max-snippet:-1","max-image-preview":"max-image-preview:large","max-video-preview":"max-video-preview:-1"},"canonical":"https:\/\/www.organisator.ch\/en\/management\/finanzen_recht\/2020-04-08\/datenschutz-in-corona-zeiten-was-arbeitgeber-und-mitarbeitende-wissen-muessen\/","og_locale":"en_US","og_type":"article","og_title":"Datenschutz in Corona-Zeiten: Was Arbeitgeber und Mitarbeitende wissen m\u00fcssen","og_description":"Was gilt bez\u00fcglich Datenschutz in Corona-Zeiten? Was m\u00fcssen Arbeitgeber und Mitarbeitende beachten? Eine Expertin liefert Antworten.","og_url":"https:\/\/www.organisator.ch\/en\/management\/finanzen_recht\/2020-04-08\/datenschutz-in-corona-zeiten-was-arbeitgeber-und-mitarbeitende-wissen-muessen\/","og_site_name":"Organisator","article_publisher":"https:\/\/www.facebook.com\/OrganisatorFachmagazin","article_published_time":"2020-04-08T10:00:20+00:00","og_image":[{"width":680,"height":449,"url":"https:\/\/www.organisator.ch\/wp-content\/uploads\/2020\/04\/Datenschutz-in-Corona-Zeiten-Was-Arbeitgeber-und-Mitarbeitende-wissen-muessen_Organisator.jpg","type":"image\/jpeg"}],"author":"thomas.berner","twitter_card":"summary_large_image","twitter_title":"#Datenschutz in #Corona-Zeiten: Was Arbeitgeber und Mitarbeitende wissen m\u00fcssen","twitter_description":"Was gilt bez\u00fcglich #Datenschutz in #Corona-Zeiten? Was m\u00fcssen Arbeitgeber und Mitarbeitende beachten? Eine Expertin liefert Antworten.","twitter_image":"https:\/\/www.organisator.ch\/wp-content\/uploads\/2020\/04\/Datenschutz-in-Corona-Zeiten-Was-Arbeitgeber-und-Mitarbeitende-wissen-muessen_Organisator.jpg","schema":{"@context":"https:\/\/schema.org","@graph":[{"@type":"Article","@id":"https:\/\/www.organisator.ch\/management\/finanzen_recht\/2020-04-08\/datenschutz-in-corona-zeiten-was-arbeitgeber-und-mitarbeitende-wissen-muessen\/#article","isPartOf":{"@id":"https:\/\/www.organisator.ch\/management\/finanzen_recht\/2020-04-08\/datenschutz-in-corona-zeiten-was-arbeitgeber-und-mitarbeitende-wissen-muessen\/"},"author":{"name":"thomas.berner","@id":"https:\/\/www.organisator.ch\/#\/schema\/person\/6f650f90b2842cd4c0cc334b4e36f67e"},"headline":"Datenschutz in Corona-Zeiten: Was Arbeitgeber und Mitarbeitende wissen m\u00fcssen","datePublished":"2020-04-08T10:00:20+00:00","mainEntityOfPage":{"@id":"https:\/\/www.organisator.ch\/management\/finanzen_recht\/2020-04-08\/datenschutz-in-corona-zeiten-was-arbeitgeber-und-mitarbeitende-wissen-muessen\/"},"wordCount":792,"publisher":{"@id":"https:\/\/www.organisator.ch\/#organization"},"image":{"@id":"https:\/\/www.organisator.ch\/management\/finanzen_recht\/2020-04-08\/datenschutz-in-corona-zeiten-was-arbeitgeber-und-mitarbeitende-wissen-muessen\/#primaryimage"},"thumbnailUrl":"https:\/\/www.organisator.ch\/wp-content\/uploads\/2020\/04\/Datenschutz-in-Corona-Zeiten-Was-Arbeitgeber-und-Mitarbeitende-wissen-muessen_Organisator.jpg","keywords":["Checklisten","Coronavirus","Finanzen\/Recht","Management und Unternehmensf\u00fchrung"],"articleSection":["FINANZEN\/RECHT"],"inLanguage":"en-US"},{"@type":"WebPage","@id":"https:\/\/www.organisator.ch\/management\/finanzen_recht\/2020-04-08\/datenschutz-in-corona-zeiten-was-arbeitgeber-und-mitarbeitende-wissen-muessen\/","url":"https:\/\/www.organisator.ch\/management\/finanzen_recht\/2020-04-08\/datenschutz-in-corona-zeiten-was-arbeitgeber-und-mitarbeitende-wissen-muessen\/","name":"Privacy in Corona Times: What employers and employees need to know - Organizer","isPartOf":{"@id":"https:\/\/www.organisator.ch\/#website"},"primaryImageOfPage":{"@id":"https:\/\/www.organisator.ch\/management\/finanzen_recht\/2020-04-08\/datenschutz-in-corona-zeiten-was-arbeitgeber-und-mitarbeitende-wissen-muessen\/#primaryimage"},"image":{"@id":"https:\/\/www.organisator.ch\/management\/finanzen_recht\/2020-04-08\/datenschutz-in-corona-zeiten-was-arbeitgeber-und-mitarbeitende-wissen-muessen\/#primaryimage"},"thumbnailUrl":"https:\/\/www.organisator.ch\/wp-content\/uploads\/2020\/04\/Datenschutz-in-Corona-Zeiten-Was-Arbeitgeber-und-Mitarbeitende-wissen-muessen_Organisator.jpg","datePublished":"2020-04-08T10:00:20+00:00","description":"What applies with regard to data protection in Corona times? What do employers and employees have to bear in mind? An expert provides answers.","breadcrumb":{"@id":"https:\/\/www.organisator.ch\/management\/finanzen_recht\/2020-04-08\/datenschutz-in-corona-zeiten-was-arbeitgeber-und-mitarbeitende-wissen-muessen\/#breadcrumb"},"inLanguage":"en-US","potentialAction":[{"@type":"ReadAction","target":["https:\/\/www.organisator.ch\/management\/finanzen_recht\/2020-04-08\/datenschutz-in-corona-zeiten-was-arbeitgeber-und-mitarbeitende-wissen-muessen\/"]}]},{"@type":"ImageObject","inLanguage":"en-US","@id":"https:\/\/www.organisator.ch\/management\/finanzen_recht\/2020-04-08\/datenschutz-in-corona-zeiten-was-arbeitgeber-und-mitarbeitende-wissen-muessen\/#primaryimage","url":"https:\/\/www.organisator.ch\/wp-content\/uploads\/2020\/04\/Datenschutz-in-Corona-Zeiten-Was-Arbeitgeber-und-Mitarbeitende-wissen-muessen_Organisator.jpg","contentUrl":"https:\/\/www.organisator.ch\/wp-content\/uploads\/2020\/04\/Datenschutz-in-Corona-Zeiten-Was-Arbeitgeber-und-Mitarbeitende-wissen-muessen_Organisator.jpg","width":680,"height":449,"caption":"Datenschutz in Corona-Zeiten: Welche Gesundheitsinformationen d\u00fcrfen Arbeitgeber und Arbeitnehmende offen kommunizieren? (Bild: Pixabay.com)"},{"@type":"BreadcrumbList","@id":"https:\/\/www.organisator.ch\/management\/finanzen_recht\/2020-04-08\/datenschutz-in-corona-zeiten-was-arbeitgeber-und-mitarbeitende-wissen-muessen\/#breadcrumb","itemListElement":[{"@type":"ListItem","position":1,"name":"Home","item":"https:\/\/www.organisator.ch\/"},{"@type":"ListItem","position":2,"name":"Datenschutz in Corona-Zeiten: Was Arbeitgeber und Mitarbeitende wissen m\u00fcssen"}]},{"@type":"WebSite","@id":"https:\/\/www.organisator.ch\/#website","url":"https:\/\/www.organisator.ch\/","name":"Organizer","description":"Competent. Practical. In 10 issues per year, ORGANISATOR presents the essential topics for managers of SMEs.","publisher":{"@id":"https:\/\/www.organisator.ch\/#organization"},"potentialAction":[{"@type":"SearchAction","target":{"@type":"EntryPoint","urlTemplate":"https:\/\/www.organisator.ch\/?s={search_term_string}"},"query-input":{"@type":"PropertyValueSpecification","valueRequired":true,"valueName":"search_term_string"}}],"inLanguage":"en-US"},{"@type":"Organization","@id":"https:\/\/www.organisator.ch\/#organization","name":"Organizer","url":"https:\/\/www.organisator.ch\/","logo":{"@type":"ImageObject","inLanguage":"en-US","@id":"https:\/\/www.organisator.ch\/#\/schema\/logo\/image\/","url":"https:\/\/www.organisator.ch\/wp-content\/uploads\/2022\/01\/Logo_Organisator_Website.png","contentUrl":"https:\/\/www.organisator.ch\/wp-content\/uploads\/2022\/01\/Logo_Organisator_Website.png","width":800,"height":77,"caption":"Organisator"},"image":{"@id":"https:\/\/www.organisator.ch\/#\/schema\/logo\/image\/"},"sameAs":["https:\/\/www.facebook.com\/OrganisatorFachmagazin","https:\/\/www.linkedin.com\/showcase\/organisator-das-magazin-fr-kmu","https:\/\/www.xing.com\/news\/pages\/organisator-ch-695","https:\/\/www.youtube.com\/channel\/UCGP2Sq0iWaZwT3BdIAQFYpw"]},{"@type":"Person","@id":"https:\/\/www.organisator.ch\/#\/schema\/person\/6f650f90b2842cd4c0cc334b4e36f67e","name":"thomas.berner","image":{"@type":"ImageObject","inLanguage":"en-US","@id":"https:\/\/secure.gravatar.com\/avatar\/ac5001d2a36cb6c6cd3e50789007ffca834b477b74a2144564522e944eabff61?s=96&d=mm&r=g","url":"https:\/\/secure.gravatar.com\/avatar\/ac5001d2a36cb6c6cd3e50789007ffca834b477b74a2144564522e944eabff61?s=96&d=mm&r=g","contentUrl":"https:\/\/secure.gravatar.com\/avatar\/ac5001d2a36cb6c6cd3e50789007ffca834b477b74a2144564522e944eabff61?s=96&d=mm&r=g","caption":"thomas.berner"},"url":"https:\/\/www.organisator.ch\/en\/author\/thomas-berner\/"}]}},"_links":{"self":[{"href":"https:\/\/www.organisator.ch\/en\/wp-json\/wp\/v2\/posts\/6575","targetHints":{"allow":["GET"]}}],"collection":[{"href":"https:\/\/www.organisator.ch\/en\/wp-json\/wp\/v2\/posts"}],"about":[{"href":"https:\/\/www.organisator.ch\/en\/wp-json\/wp\/v2\/types\/post"}],"author":[{"embeddable":true,"href":"https:\/\/www.organisator.ch\/en\/wp-json\/wp\/v2\/users\/4"}],"replies":[{"embeddable":true,"href":"https:\/\/www.organisator.ch\/en\/wp-json\/wp\/v2\/comments?post=6575"}],"version-history":[{"count":0,"href":"https:\/\/www.organisator.ch\/en\/wp-json\/wp\/v2\/posts\/6575\/revisions"}],"wp:featuredmedia":[{"embeddable":true,"href":"https:\/\/www.organisator.ch\/en\/wp-json\/wp\/v2\/media\/6576"}],"wp:attachment":[{"href":"https:\/\/www.organisator.ch\/en\/wp-json\/wp\/v2\/media?parent=6575"}],"wp:term":[{"taxonomy":"category","embeddable":true,"href":"https:\/\/www.organisator.ch\/en\/wp-json\/wp\/v2\/categories?post=6575"},{"taxonomy":"post_tag","embeddable":true,"href":"https:\/\/www.organisator.ch\/en\/wp-json\/wp\/v2\/tags?post=6575"}],"curies":[{"name":"wp","href":"https:\/\/api.w.org\/{rel}","templated":true}]}}