{"id":658,"date":"2017-01-12T12:07:31","date_gmt":"2017-01-12T11:07:31","guid":{"rendered":"https:\/\/umweltperspektiven.ch\/?p=658"},"modified":"2022-02-09T11:06:57","modified_gmt":"2022-02-09T10:06:57","slug":"wasserkonsum-trendumkehr-im-trockenen-2015","status":"publish","type":"post","link":"https:\/\/www.organisator.ch\/en\/sustainability\/2017-01-12\/wasserkonsum-trendumkehr-im-trockenen-2015\/","title":{"rendered":"Water consumption: trend reversal in dry 2015"},"content":{"rendered":"<figure id=\"attachment_659\" aria-describedby=\"caption-attachment-659\" style=\"width: 680px\" class=\"wp-caption alignnone\"><img loading=\"lazy\" decoding=\"async\" class=\"size-medium wp-image-659\" src=\"\/\/www.umweltperspektiven.ch\/wp-content\/uploads\/2017\/01\/Depositphotos_78667156_l-2015.jpg\" alt=\"\" width=\"680\" height=\"451\" \/><figcaption id=\"caption-attachment-659\" class=\"wp-caption-text\">Climate change is also making itself felt in water consumption.<\/figcaption><\/figure>\n<p>In 2015, the water utilities of Switzerland and Liechtenstein provided 933 million cubic meters of water, 32 million cubic meters more than in 2014. The additional volume corresponds to about twice the content of Lake Davos. Average per capita consumption is 307 liters per day, an increase of 2.3% compared to 2014. Also significantly higher was the maximum daily discharge of 512 liters per inhabitant; in 2014 it was 438 liters. As a result of the dry weather, the proportion of spring water in 2015 was also lower than the average of the last ten years, at 38.3%. This was offset by the increased use of groundwater (42.4%) and lake water (19.3%). The industry association <a href=\"\/\/www.svgw.ch\/\">SVGW <\/a>does not interpret the increased water consumption compared to 2014 as a trend reversal, but rather as a result of the pronounced drought in 2015. Over the past 25 years, drinking water consumption in Switzerland has decreased by a good 20% overall.<\/p>\n<figure id=\"attachment_660\" aria-describedby=\"caption-attachment-660\" style=\"width: 680px\" class=\"wp-caption alignnone\"><img loading=\"lazy\" decoding=\"async\" class=\"size-medium wp-image-660\" src=\"\/\/www.umweltperspektiven.ch\/wp-content\/uploads\/2017\/01\/SVGW-Wasserverbrauch_1945_d-2016.jpg\" alt=\"\" width=\"680\" height=\"462\" \/><figcaption id=\"caption-attachment-660\" class=\"wp-caption-text\">Water consumption in Switzerland has decreased massively since the 1980s. Source: SVGW<\/figcaption><\/figure>\n<p><strong>Water treatment <\/strong><br \/>\nIn 2015, 30% of drinking water was supplied to consumers without treatment or treatment, and another 30% only after a UV disinfection stage. The fact that the majority of drinking water in Switzerland is not treated or is only disinfected as a preventive measure is thanks to the precautionary principle in force and the measures for groundwater protection. This will become even more important in the future. 10% of the discharged water was filtered in a single stage (with subsequent disinfection). The remaining 30% went through multi-stage treatment, including all the water extracted from lakes and rivers.<\/p>\n<p><strong>Water price, operating costs and investments also higher <\/strong><br \/>\nThe average water price (median), comprising the basic charge and the volume price, has increased slightly compared with the previous year. Assuming an annual consumption of 120 m3 per household, single-family homeowners pay an average of CHF 2.58 per 1000 l, while households in apartment buildings pay CHF 1.94. The higher water price is also a result of higher operating and capital costs, which at Fr. 1615 million were around 4% higher in 2015 than in the previous year. At CHF 922 million (CHF 107 per inhabitant), water utilities invested about 5% more in 2015 than in 2014.<\/p>\n<p><strong>Well networked and with more power<\/strong><br \/>\n84% of the water utilities had at least one third-party procurement option for drinking water in 2015. The high degree of interconnectedness increases the security of supply, which is particularly important in view of the more pronounced dry periods to be expected as a result of climate change. Increasingly, drinking water plants are also being used for electricity production. For example, Swiss water utilities generated an estimated 170 GWh of electricity in 2015, 92% of which was generated by turbining drinking water. The industry thus covered around 40% of its electricity needs from its own production in 2015.<br \/>\n648 water utilities participated in the survey for the 2015 operating year. This means that almost 70% of the publicly supplied population in Switzerland and Liechtenstein were covered.<\/p>\n<p><em>Source: Swiss Gas and Water Association SVGW<\/em><\/p>","protected":false},"excerpt":{"rendered":"<p>2015 stellten die Wasserversorgungen der Schweiz und Liechtensteins 933 Mio. Kubikmeter Wasser bereit, das sind 32 Mio. Kubikmeter mehr als 2014. Die zus\u00e4tzliche Menge entspricht etwa dem doppelten Inhalt des Davosersees. Der durchschnittliche Pro-Kopf-Verbrauch liegt bei 307 Litern pro Tag, was einer Zunahme um 2.3% gegen\u00fcber 2014 bedeutet. Ebenfalls deutlich h\u00f6her fiel die maximale Tagesabgabe [&hellip;]<\/p>\n","protected":false},"author":1,"featured_media":9445,"comment_status":"open","ping_status":"open","sticky":false,"template":"","format":"standard","meta":{"_acf_changed":false,"_yoast_wpseo_focuskw":"Wasserverbrauch","_yoast_wpseo_metadesc":"Seit den Achtzigerjahren ist der Wasserverbrauch r\u00fcckl\u00e4ufig. Das ungew\u00f6hnlich trockene Jahr 2015 hat diesen Trend unterbrochen.","articlekey":"","footnotes":""},"categories":[580],"tags":[2440,600],"class_list":["post-658","post","type-post","status-publish","format-standard","has-post-thumbnail","hentry","category-sustainability","tag-verbrauch","tag-wasser"],"acf":[],"yoast_head":"<!-- This site is optimized with the Yoast SEO plugin v27.4 - https:\/\/yoast.com\/product\/yoast-seo-wordpress\/ -->\n<title>Wasserverbrauch: Trendumkehr im trockenen 2015 - Organisator<\/title>\n<meta name=\"description\" content=\"Seit den Achtzigerjahren ist der Wasserverbrauch r\u00fcckl\u00e4ufig. Das ungew\u00f6hnlich trockene Jahr 2015 hat diesen Trend unterbrochen.\" \/>\n<meta name=\"robots\" content=\"index, follow, max-snippet:-1, max-image-preview:large, max-video-preview:-1\" \/>\n<link rel=\"canonical\" href=\"https:\/\/www.organisator.ch\/en\/sustainability\/2017-01-12\/wasserkonsum-trendumkehr-im-trockenen-2015\/\" \/>\n<meta property=\"og:locale\" content=\"en_US\" \/>\n<meta property=\"og:type\" content=\"article\" \/>\n<meta property=\"og:title\" content=\"Wasserverbrauch: Trendumkehr im trockenen 2015 - Organisator\" \/>\n<meta property=\"og:description\" content=\"Seit den Achtzigerjahren ist der Wasserverbrauch r\u00fcckl\u00e4ufig. Das ungew\u00f6hnlich trockene Jahr 2015 hat diesen Trend unterbrochen.\" \/>\n<meta property=\"og:url\" content=\"https:\/\/www.organisator.ch\/en\/sustainability\/2017-01-12\/wasserkonsum-trendumkehr-im-trockenen-2015\/\" \/>\n<meta property=\"og:site_name\" content=\"Organisator\" \/>\n<meta property=\"article:publisher\" content=\"https:\/\/www.facebook.com\/OrganisatorFachmagazin\" \/>\n<meta property=\"article:published_time\" content=\"2017-01-12T11:07:31+00:00\" \/>\n<meta property=\"article:modified_time\" content=\"2022-02-09T10:06:57+00:00\" \/>\n<meta property=\"og:image\" content=\"https:\/\/www.organisator.ch\/wp-content\/uploads\/2017\/01\/Depositphotos_78667156_l-2015-1024x678.jpg\" \/>\n\t<meta property=\"og:image:width\" content=\"1024\" \/>\n\t<meta property=\"og:image:height\" content=\"678\" \/>\n\t<meta property=\"og:image:type\" content=\"image\/jpeg\" \/>\n<meta name=\"author\" content=\"admin\" \/>\n<meta name=\"twitter:card\" content=\"summary_large_image\" \/>\n<script type=\"application\/ld+json\" class=\"yoast-schema-graph\">{\"@context\":\"https:\\\/\\\/schema.org\",\"@graph\":[{\"@type\":\"Article\",\"@id\":\"https:\\\/\\\/www.organisator.ch\\\/sustainability\\\/2017-01-12\\\/wasserkonsum-trendumkehr-im-trockenen-2015\\\/#article\",\"isPartOf\":{\"@id\":\"https:\\\/\\\/www.organisator.ch\\\/sustainability\\\/2017-01-12\\\/wasserkonsum-trendumkehr-im-trockenen-2015\\\/\"},\"author\":{\"name\":\"admin\",\"@id\":\"https:\\\/\\\/www.organisator.ch\\\/#\\\/schema\\\/person\\\/aa2bace6c5c5aad60102004a50c4eb1c\"},\"headline\":\"Wasserverbrauch: Trendumkehr im trockenen 2015\",\"datePublished\":\"2017-01-12T11:07:31+00:00\",\"dateModified\":\"2022-02-09T10:06:57+00:00\",\"mainEntityOfPage\":{\"@id\":\"https:\\\/\\\/www.organisator.ch\\\/sustainability\\\/2017-01-12\\\/wasserkonsum-trendumkehr-im-trockenen-2015\\\/\"},\"wordCount\":437,\"commentCount\":0,\"publisher\":{\"@id\":\"https:\\\/\\\/www.organisator.ch\\\/#organization\"},\"image\":{\"@id\":\"https:\\\/\\\/www.organisator.ch\\\/sustainability\\\/2017-01-12\\\/wasserkonsum-trendumkehr-im-trockenen-2015\\\/#primaryimage\"},\"thumbnailUrl\":\"https:\\\/\\\/www.organisator.ch\\\/wp-content\\\/uploads\\\/2017\\\/01\\\/Depositphotos_78667156_l-2015.jpg\",\"keywords\":[\"Verbrauch\",\"WASSER\"],\"articleSection\":[\"SUSTAINABILITY\"],\"inLanguage\":\"en-US\"},{\"@type\":\"WebPage\",\"@id\":\"https:\\\/\\\/www.organisator.ch\\\/sustainability\\\/2017-01-12\\\/wasserkonsum-trendumkehr-im-trockenen-2015\\\/\",\"url\":\"https:\\\/\\\/www.organisator.ch\\\/sustainability\\\/2017-01-12\\\/wasserkonsum-trendumkehr-im-trockenen-2015\\\/\",\"name\":\"Wasserverbrauch: Trendumkehr im trockenen 2015 - Organisator\",\"isPartOf\":{\"@id\":\"https:\\\/\\\/www.organisator.ch\\\/#website\"},\"primaryImageOfPage\":{\"@id\":\"https:\\\/\\\/www.organisator.ch\\\/sustainability\\\/2017-01-12\\\/wasserkonsum-trendumkehr-im-trockenen-2015\\\/#primaryimage\"},\"image\":{\"@id\":\"https:\\\/\\\/www.organisator.ch\\\/sustainability\\\/2017-01-12\\\/wasserkonsum-trendumkehr-im-trockenen-2015\\\/#primaryimage\"},\"thumbnailUrl\":\"https:\\\/\\\/www.organisator.ch\\\/wp-content\\\/uploads\\\/2017\\\/01\\\/Depositphotos_78667156_l-2015.jpg\",\"datePublished\":\"2017-01-12T11:07:31+00:00\",\"dateModified\":\"2022-02-09T10:06:57+00:00\",\"description\":\"Seit den Achtzigerjahren ist der Wasserverbrauch r\u00fcckl\u00e4ufig. Das ungew\u00f6hnlich trockene Jahr 2015 hat diesen Trend unterbrochen.\",\"breadcrumb\":{\"@id\":\"https:\\\/\\\/www.organisator.ch\\\/sustainability\\\/2017-01-12\\\/wasserkonsum-trendumkehr-im-trockenen-2015\\\/#breadcrumb\"},\"inLanguage\":\"en-US\",\"potentialAction\":[{\"@type\":\"ReadAction\",\"target\":[\"https:\\\/\\\/www.organisator.ch\\\/sustainability\\\/2017-01-12\\\/wasserkonsum-trendumkehr-im-trockenen-2015\\\/\"]}]},{\"@type\":\"ImageObject\",\"inLanguage\":\"en-US\",\"@id\":\"https:\\\/\\\/www.organisator.ch\\\/sustainability\\\/2017-01-12\\\/wasserkonsum-trendumkehr-im-trockenen-2015\\\/#primaryimage\",\"url\":\"https:\\\/\\\/www.organisator.ch\\\/wp-content\\\/uploads\\\/2017\\\/01\\\/Depositphotos_78667156_l-2015.jpg\",\"contentUrl\":\"https:\\\/\\\/www.organisator.ch\\\/wp-content\\\/uploads\\\/2017\\\/01\\\/Depositphotos_78667156_l-2015.jpg\",\"width\":2000,\"height\":1325,\"caption\":\"Der Klimawandel macht sich auch im Wasserkonsum bemerkbar.\"},{\"@type\":\"BreadcrumbList\",\"@id\":\"https:\\\/\\\/www.organisator.ch\\\/sustainability\\\/2017-01-12\\\/wasserkonsum-trendumkehr-im-trockenen-2015\\\/#breadcrumb\",\"itemListElement\":[{\"@type\":\"ListItem\",\"position\":1,\"name\":\"Home\",\"item\":\"https:\\\/\\\/www.organisator.ch\\\/\"},{\"@type\":\"ListItem\",\"position\":2,\"name\":\"Wasserverbrauch: Trendumkehr im trockenen 2015\"}]},{\"@type\":\"WebSite\",\"@id\":\"https:\\\/\\\/www.organisator.ch\\\/#website\",\"url\":\"https:\\\/\\\/www.organisator.ch\\\/\",\"name\":\"Organisator\",\"description\":\"Kompetent. Praxisnah. Der ORGANISATOR bereitet in 10 Ausgaben pro Jahr die wesentlichen Themen f\u00fcr F\u00fchrungskr\u00e4fte von KMU auf.\",\"publisher\":{\"@id\":\"https:\\\/\\\/www.organisator.ch\\\/#organization\"},\"potentialAction\":[{\"@type\":\"SearchAction\",\"target\":{\"@type\":\"EntryPoint\",\"urlTemplate\":\"https:\\\/\\\/www.organisator.ch\\\/?s={search_term_string}\"},\"query-input\":{\"@type\":\"PropertyValueSpecification\",\"valueRequired\":true,\"valueName\":\"search_term_string\"}}],\"inLanguage\":\"en-US\"},{\"@type\":\"Organization\",\"@id\":\"https:\\\/\\\/www.organisator.ch\\\/#organization\",\"name\":\"Organisator\",\"url\":\"https:\\\/\\\/www.organisator.ch\\\/\",\"logo\":{\"@type\":\"ImageObject\",\"inLanguage\":\"en-US\",\"@id\":\"https:\\\/\\\/www.organisator.ch\\\/#\\\/schema\\\/logo\\\/image\\\/\",\"url\":\"https:\\\/\\\/www.organisator.ch\\\/wp-content\\\/uploads\\\/2022\\\/01\\\/Logo_Organisator_Website.png\",\"contentUrl\":\"https:\\\/\\\/www.organisator.ch\\\/wp-content\\\/uploads\\\/2022\\\/01\\\/Logo_Organisator_Website.png\",\"width\":800,\"height\":77,\"caption\":\"Organisator\"},\"image\":{\"@id\":\"https:\\\/\\\/www.organisator.ch\\\/#\\\/schema\\\/logo\\\/image\\\/\"},\"sameAs\":[\"https:\\\/\\\/www.facebook.com\\\/OrganisatorFachmagazin\",\"https:\\\/\\\/www.linkedin.com\\\/showcase\\\/organisator-das-magazin-fr-kmu\",\"https:\\\/\\\/www.xing.com\\\/news\\\/pages\\\/organisator-ch-695\",\"https:\\\/\\\/www.youtube.com\\\/channel\\\/UCGP2Sq0iWaZwT3BdIAQFYpw\"]},{\"@type\":\"Person\",\"@id\":\"https:\\\/\\\/www.organisator.ch\\\/#\\\/schema\\\/person\\\/aa2bace6c5c5aad60102004a50c4eb1c\",\"name\":\"admin\",\"image\":{\"@type\":\"ImageObject\",\"inLanguage\":\"en-US\",\"@id\":\"https:\\\/\\\/secure.gravatar.com\\\/avatar\\\/ae2f4d718e6c49043e314ce431e7e645d646302a24a5ef5a8bc8e3f5a032e319?s=96&d=mm&r=g\",\"url\":\"https:\\\/\\\/secure.gravatar.com\\\/avatar\\\/ae2f4d718e6c49043e314ce431e7e645d646302a24a5ef5a8bc8e3f5a032e319?s=96&d=mm&r=g\",\"contentUrl\":\"https:\\\/\\\/secure.gravatar.com\\\/avatar\\\/ae2f4d718e6c49043e314ce431e7e645d646302a24a5ef5a8bc8e3f5a032e319?s=96&d=mm&r=g\",\"caption\":\"admin\"},\"sameAs\":[\"https:\\\/\\\/www.organisator.ch\"],\"url\":\"https:\\\/\\\/www.organisator.ch\\\/en\\\/author\\\/admin\\\/\"}]}<\/script>\n<!-- \/ Yoast SEO plugin. -->","yoast_head_json":{"title":"Water consumption: trend reversal in dry 2015 - Organizer","description":"Water consumption has been declining since the 1980s. The unusually dry year 2015 interrupted this trend.","robots":{"index":"index","follow":"follow","max-snippet":"max-snippet:-1","max-image-preview":"max-image-preview:large","max-video-preview":"max-video-preview:-1"},"canonical":"https:\/\/www.organisator.ch\/en\/sustainability\/2017-01-12\/wasserkonsum-trendumkehr-im-trockenen-2015\/","og_locale":"en_US","og_type":"article","og_title":"Wasserverbrauch: Trendumkehr im trockenen 2015 - Organisator","og_description":"Seit den Achtzigerjahren ist der Wasserverbrauch r\u00fcckl\u00e4ufig. Das ungew\u00f6hnlich trockene Jahr 2015 hat diesen Trend unterbrochen.","og_url":"https:\/\/www.organisator.ch\/en\/sustainability\/2017-01-12\/wasserkonsum-trendumkehr-im-trockenen-2015\/","og_site_name":"Organisator","article_publisher":"https:\/\/www.facebook.com\/OrganisatorFachmagazin","article_published_time":"2017-01-12T11:07:31+00:00","article_modified_time":"2022-02-09T10:06:57+00:00","og_image":[{"width":1024,"height":678,"url":"https:\/\/www.organisator.ch\/wp-content\/uploads\/2017\/01\/Depositphotos_78667156_l-2015-1024x678.jpg","type":"image\/jpeg"}],"author":"admin","twitter_card":"summary_large_image","schema":{"@context":"https:\/\/schema.org","@graph":[{"@type":"Article","@id":"https:\/\/www.organisator.ch\/sustainability\/2017-01-12\/wasserkonsum-trendumkehr-im-trockenen-2015\/#article","isPartOf":{"@id":"https:\/\/www.organisator.ch\/sustainability\/2017-01-12\/wasserkonsum-trendumkehr-im-trockenen-2015\/"},"author":{"name":"admin","@id":"https:\/\/www.organisator.ch\/#\/schema\/person\/aa2bace6c5c5aad60102004a50c4eb1c"},"headline":"Wasserverbrauch: Trendumkehr im trockenen 2015","datePublished":"2017-01-12T11:07:31+00:00","dateModified":"2022-02-09T10:06:57+00:00","mainEntityOfPage":{"@id":"https:\/\/www.organisator.ch\/sustainability\/2017-01-12\/wasserkonsum-trendumkehr-im-trockenen-2015\/"},"wordCount":437,"commentCount":0,"publisher":{"@id":"https:\/\/www.organisator.ch\/#organization"},"image":{"@id":"https:\/\/www.organisator.ch\/sustainability\/2017-01-12\/wasserkonsum-trendumkehr-im-trockenen-2015\/#primaryimage"},"thumbnailUrl":"https:\/\/www.organisator.ch\/wp-content\/uploads\/2017\/01\/Depositphotos_78667156_l-2015.jpg","keywords":["Verbrauch","WASSER"],"articleSection":["SUSTAINABILITY"],"inLanguage":"en-US"},{"@type":"WebPage","@id":"https:\/\/www.organisator.ch\/sustainability\/2017-01-12\/wasserkonsum-trendumkehr-im-trockenen-2015\/","url":"https:\/\/www.organisator.ch\/sustainability\/2017-01-12\/wasserkonsum-trendumkehr-im-trockenen-2015\/","name":"Water consumption: trend reversal in dry 2015 - Organizer","isPartOf":{"@id":"https:\/\/www.organisator.ch\/#website"},"primaryImageOfPage":{"@id":"https:\/\/www.organisator.ch\/sustainability\/2017-01-12\/wasserkonsum-trendumkehr-im-trockenen-2015\/#primaryimage"},"image":{"@id":"https:\/\/www.organisator.ch\/sustainability\/2017-01-12\/wasserkonsum-trendumkehr-im-trockenen-2015\/#primaryimage"},"thumbnailUrl":"https:\/\/www.organisator.ch\/wp-content\/uploads\/2017\/01\/Depositphotos_78667156_l-2015.jpg","datePublished":"2017-01-12T11:07:31+00:00","dateModified":"2022-02-09T10:06:57+00:00","description":"Water consumption has been declining since the 1980s. The unusually dry year 2015 interrupted this trend.","breadcrumb":{"@id":"https:\/\/www.organisator.ch\/sustainability\/2017-01-12\/wasserkonsum-trendumkehr-im-trockenen-2015\/#breadcrumb"},"inLanguage":"en-US","potentialAction":[{"@type":"ReadAction","target":["https:\/\/www.organisator.ch\/sustainability\/2017-01-12\/wasserkonsum-trendumkehr-im-trockenen-2015\/"]}]},{"@type":"ImageObject","inLanguage":"en-US","@id":"https:\/\/www.organisator.ch\/sustainability\/2017-01-12\/wasserkonsum-trendumkehr-im-trockenen-2015\/#primaryimage","url":"https:\/\/www.organisator.ch\/wp-content\/uploads\/2017\/01\/Depositphotos_78667156_l-2015.jpg","contentUrl":"https:\/\/www.organisator.ch\/wp-content\/uploads\/2017\/01\/Depositphotos_78667156_l-2015.jpg","width":2000,"height":1325,"caption":"Der Klimawandel macht sich auch im Wasserkonsum bemerkbar."},{"@type":"BreadcrumbList","@id":"https:\/\/www.organisator.ch\/sustainability\/2017-01-12\/wasserkonsum-trendumkehr-im-trockenen-2015\/#breadcrumb","itemListElement":[{"@type":"ListItem","position":1,"name":"Home","item":"https:\/\/www.organisator.ch\/"},{"@type":"ListItem","position":2,"name":"Wasserverbrauch: Trendumkehr im trockenen 2015"}]},{"@type":"WebSite","@id":"https:\/\/www.organisator.ch\/#website","url":"https:\/\/www.organisator.ch\/","name":"Organizer","description":"Competent. Practical. In 10 issues per year, ORGANISATOR presents the essential topics for managers of SMEs.","publisher":{"@id":"https:\/\/www.organisator.ch\/#organization"},"potentialAction":[{"@type":"SearchAction","target":{"@type":"EntryPoint","urlTemplate":"https:\/\/www.organisator.ch\/?s={search_term_string}"},"query-input":{"@type":"PropertyValueSpecification","valueRequired":true,"valueName":"search_term_string"}}],"inLanguage":"en-US"},{"@type":"Organization","@id":"https:\/\/www.organisator.ch\/#organization","name":"Organizer","url":"https:\/\/www.organisator.ch\/","logo":{"@type":"ImageObject","inLanguage":"en-US","@id":"https:\/\/www.organisator.ch\/#\/schema\/logo\/image\/","url":"https:\/\/www.organisator.ch\/wp-content\/uploads\/2022\/01\/Logo_Organisator_Website.png","contentUrl":"https:\/\/www.organisator.ch\/wp-content\/uploads\/2022\/01\/Logo_Organisator_Website.png","width":800,"height":77,"caption":"Organisator"},"image":{"@id":"https:\/\/www.organisator.ch\/#\/schema\/logo\/image\/"},"sameAs":["https:\/\/www.facebook.com\/OrganisatorFachmagazin","https:\/\/www.linkedin.com\/showcase\/organisator-das-magazin-fr-kmu","https:\/\/www.xing.com\/news\/pages\/organisator-ch-695","https:\/\/www.youtube.com\/channel\/UCGP2Sq0iWaZwT3BdIAQFYpw"]},{"@type":"Person","@id":"https:\/\/www.organisator.ch\/#\/schema\/person\/aa2bace6c5c5aad60102004a50c4eb1c","name":"admin","image":{"@type":"ImageObject","inLanguage":"en-US","@id":"https:\/\/secure.gravatar.com\/avatar\/ae2f4d718e6c49043e314ce431e7e645d646302a24a5ef5a8bc8e3f5a032e319?s=96&d=mm&r=g","url":"https:\/\/secure.gravatar.com\/avatar\/ae2f4d718e6c49043e314ce431e7e645d646302a24a5ef5a8bc8e3f5a032e319?s=96&d=mm&r=g","contentUrl":"https:\/\/secure.gravatar.com\/avatar\/ae2f4d718e6c49043e314ce431e7e645d646302a24a5ef5a8bc8e3f5a032e319?s=96&d=mm&r=g","caption":"admin"},"sameAs":["https:\/\/www.organisator.ch"],"url":"https:\/\/www.organisator.ch\/en\/author\/admin\/"}]}},"_links":{"self":[{"href":"https:\/\/www.organisator.ch\/en\/wp-json\/wp\/v2\/posts\/658","targetHints":{"allow":["GET"]}}],"collection":[{"href":"https:\/\/www.organisator.ch\/en\/wp-json\/wp\/v2\/posts"}],"about":[{"href":"https:\/\/www.organisator.ch\/en\/wp-json\/wp\/v2\/types\/post"}],"author":[{"embeddable":true,"href":"https:\/\/www.organisator.ch\/en\/wp-json\/wp\/v2\/users\/1"}],"replies":[{"embeddable":true,"href":"https:\/\/www.organisator.ch\/en\/wp-json\/wp\/v2\/comments?post=658"}],"version-history":[{"count":1,"href":"https:\/\/www.organisator.ch\/en\/wp-json\/wp\/v2\/posts\/658\/revisions"}],"predecessor-version":[{"id":10742,"href":"https:\/\/www.organisator.ch\/en\/wp-json\/wp\/v2\/posts\/658\/revisions\/10742"}],"wp:featuredmedia":[{"embeddable":true,"href":"https:\/\/www.organisator.ch\/en\/wp-json\/wp\/v2\/media\/9445"}],"wp:attachment":[{"href":"https:\/\/www.organisator.ch\/en\/wp-json\/wp\/v2\/media?parent=658"}],"wp:term":[{"taxonomy":"category","embeddable":true,"href":"https:\/\/www.organisator.ch\/en\/wp-json\/wp\/v2\/categories?post=658"},{"taxonomy":"post_tag","embeddable":true,"href":"https:\/\/www.organisator.ch\/en\/wp-json\/wp\/v2\/tags?post=658"}],"curies":[{"name":"wp","href":"https:\/\/api.w.org\/{rel}","templated":true}]}}