{"id":659,"date":"2016-10-18T14:13:12","date_gmt":"2016-10-18T12:13:12","guid":{"rendered":"http:\/\/dev.organisator.ch\/?p=659"},"modified":"2016-10-18T14:13:12","modified_gmt":"2016-10-18T12:13:12","slug":"green-bringt-kmu-ins-rechenzentrum","status":"publish","type":"post","link":"https:\/\/www.organisator.ch\/en\/allgemein\/2016-10-18\/green-bringt-kmu-ins-rechenzentrum\/","title":{"rendered":"Green brings SMEs to the data center"},"content":{"rendered":"<figure id=\"attachment_660\" aria-describedby=\"caption-attachment-660\" style=\"width: 640px\" class=\"wp-caption alignnone\"><img loading=\"lazy\" decoding=\"async\" class=\"size-full wp-image-660\" src=\"https:\/\/www.organisator.ch\/wp-content\/uploads\/2016\/12\/Green-bringt-KMU-ins-Rechenzentrum-organisator.jpg\" alt=\"\" width=\"640\" height=\"427\" srcset=\"https:\/\/www.organisator.ch\/wp-content\/uploads\/2016\/12\/Green-bringt-KMU-ins-Rechenzentrum-organisator.jpg 640w, https:\/\/www.organisator.ch\/wp-content\/uploads\/2016\/12\/Green-bringt-KMU-ins-Rechenzentrum-organisator-16x12.jpg 16w, https:\/\/www.organisator.ch\/wp-content\/uploads\/2016\/12\/Green-bringt-KMU-ins-Rechenzentrum-organisator-262x175.jpg 262w, https:\/\/www.organisator.ch\/wp-content\/uploads\/2016\/12\/Green-bringt-KMU-ins-Rechenzentrum-organisator-525x350.jpg 525w, https:\/\/www.organisator.ch\/wp-content\/uploads\/2016\/12\/Green-bringt-KMU-ins-Rechenzentrum-organisator-300x200.jpg 300w\" sizes=\"auto, (max-width: 640px) 100vw, 640px\" \/><figcaption id=\"caption-attachment-660\" class=\"wp-caption-text\">The state-of-the-art Green Datacenter in Zurich City. (Image: ZvG)<\/figcaption><\/figure>\n<p>Until now, large commercial data centers with corresponding security standards were reserved for corporations with several dozen square meters of floor space. But Green sees potential especially among startups and companies with smaller IT infrastructures. \"The investment in server rooms that meet today's standards is high. That's why the trend toward outsourcing to commercial data centers is continuing,\" says Green CEO Frank Boller.<\/p>\n<p>\"Thanks to our new standardized and already preconfigured colocation zones, we can offer companies server housing at particularly attractive prices. And this at very short notice with a provisioning time of a maximum of 24 hours for rack units,\" he adds.<\/p>\n<p>The new colocation offer can be ordered online and is in no way inferior to the space for large customers. The Green data centers Zurich-West in Lupfig and Zurich-North in Glattbrugg can currently be selected as locations. They comply with Tier IV and Tier III standards respectively. The new Green Datacenter on the outskirts of Zurich, which Green took over from Zurich Insurance in May 2016, will soon be added to this.<\/p>\n<p><strong>Secure services <\/strong><\/p>\n<p>The three colocation data centers are connected by a high-performance fiber optic ring. This allows various redundancy concepts to be implemented. Customers who do not wish to carry out certain work on their hardware themselves can now also order remote hands services from Green. Predefined work is then carried out on site by Green.<\/p>\n<p>Green Colocation is a complete package: it includes power supply to the rack, secure access to your own hardware, and a Green Internet connection. A further 40 network operators are available as carriers. The rack units ordered online are ready for use within 24 hours. Green Colo Basic, the new entry-level package, is available from just CHF 280 per month.<\/p>\n<p>More information about the offer and prices can be found at this <a href=\"http:\/\/www.greendatacenter.ch\" target=\"_blank\" rel=\"noreferrer noopener\" data-cke-saved-href=\"http:\/\/www.greendatacenter.ch\">Link<\/a><\/p>","protected":false},"excerpt":{"rendered":"<p>Grosse kommerzielle Rechenzentren mit entsprechenden Sicherheitsstandards waren bislang Konzernen mit mehreren Dutzend Quadratmetern Stellfl\u00e4che vorbehalten. Doch gerade bei Start-up-Unternehmen und Firmen mit geringerer IT-Infrastruktur sieht Green Potenzial. \u201eDie Investitionen in Serverr\u00e4ume, die den heutigen Standards entsprechen, sind hoch. Deshalb h\u00e4lt der Trend zur Auslagerung in kommerzielle Datacenter an\u201c, so Green CEO Frank Boller. \u201eDank unseren [&hellip;]<\/p>\n","protected":false},"author":1,"featured_media":660,"comment_status":"open","ping_status":"open","sticky":false,"template":"","format":"standard","meta":{"_acf_changed":false,"_yoast_wpseo_focuskw":"rechenzentrum","_yoast_wpseo_metadesc":"Mit einem Colocation-Angebot ab einem Drittel-Rack adressiert Green Unternehmen, die ihre Server sicher und preiswert unterbringen wollen.","articlekey":"","footnotes":""},"categories":[1],"tags":[146,393],"class_list":["post-659","post","type-post","status-publish","format-standard","has-post-thumbnail","hentry","category-allgemein","tag-datenschutz","tag-produkte"],"acf":[],"yoast_head":"<!-- This site is optimized with the Yoast SEO plugin v27.5 - https:\/\/yoast.com\/product\/yoast-seo-wordpress\/ -->\n<title>Green bringt KMU ins Rechenzentrum - Organisator<\/title>\n<meta name=\"description\" content=\"Mit einem Colocation-Angebot ab einem Drittel-Rack adressiert Green Unternehmen, die ihre Server sicher und preiswert unterbringen wollen.\" \/>\n<meta name=\"robots\" content=\"index, follow, max-snippet:-1, max-image-preview:large, max-video-preview:-1\" \/>\n<link rel=\"canonical\" href=\"https:\/\/www.organisator.ch\/en\/general\/2016-10-18\/green-bringt-kmu-ins-rechenzentrum\/\" \/>\n<meta property=\"og:locale\" content=\"en_US\" \/>\n<meta property=\"og:type\" content=\"article\" \/>\n<meta property=\"og:title\" content=\"Green bringt KMU ins Rechenzentrum\" \/>\n<meta property=\"og:description\" content=\"Green \u00f6ffnet seine modernsten Rechenzentren f\u00fcr KMU. Mit einem Colocation-Angebot ab einem Drittel-Rack adressiert Green Unternehmen, die ihre Server sicher und preiswert unterbringen wollen.\" \/>\n<meta property=\"og:url\" content=\"https:\/\/www.organisator.ch\/en\/general\/2016-10-18\/green-bringt-kmu-ins-rechenzentrum\/\" \/>\n<meta property=\"og:site_name\" content=\"Organisator\" \/>\n<meta property=\"article:publisher\" content=\"https:\/\/www.facebook.com\/OrganisatorFachmagazin\" \/>\n<meta property=\"article:published_time\" content=\"2016-10-18T12:13:12+00:00\" \/>\n<meta name=\"author\" content=\"admin\" \/>\n<meta name=\"twitter:card\" content=\"summary_large_image\" \/>\n<meta name=\"twitter:image\" content=\"https:\/\/www.organisator.ch\/wp-content\/uploads\/2016\/12\/Green-bringt-KMU-ins-Rechenzentrum-organisator.jpg\" \/>\n<script type=\"application\/ld+json\" class=\"yoast-schema-graph\">{\"@context\":\"https:\\\/\\\/schema.org\",\"@graph\":[{\"@type\":\"Article\",\"@id\":\"https:\\\/\\\/www.organisator.ch\\\/en\\\/general\\\/2016-10-18\\\/green-bringt-kmu-ins-rechenzentrum\\\/#article\",\"isPartOf\":{\"@id\":\"https:\\\/\\\/www.organisator.ch\\\/en\\\/general\\\/2016-10-18\\\/green-bringt-kmu-ins-rechenzentrum\\\/\"},\"author\":{\"name\":\"admin\",\"@id\":\"https:\\\/\\\/www.organisator.ch\\\/#\\\/schema\\\/person\\\/aa2bace6c5c5aad60102004a50c4eb1c\"},\"headline\":\"Green bringt KMU ins Rechenzentrum\",\"datePublished\":\"2016-10-18T12:13:12+00:00\",\"mainEntityOfPage\":{\"@id\":\"https:\\\/\\\/www.organisator.ch\\\/en\\\/general\\\/2016-10-18\\\/green-bringt-kmu-ins-rechenzentrum\\\/\"},\"wordCount\":289,\"commentCount\":0,\"publisher\":{\"@id\":\"https:\\\/\\\/www.organisator.ch\\\/#organization\"},\"image\":{\"@id\":\"https:\\\/\\\/www.organisator.ch\\\/en\\\/general\\\/2016-10-18\\\/green-bringt-kmu-ins-rechenzentrum\\\/#primaryimage\"},\"thumbnailUrl\":\"https:\\\/\\\/www.organisator.ch\\\/wp-content\\\/uploads\\\/2016\\\/12\\\/Green-bringt-KMU-ins-Rechenzentrum-organisator.jpg\",\"keywords\":[\"Datenschutz\",\"Produkte\"],\"articleSection\":[\"Allgemein\"],\"inLanguage\":\"en-US\"},{\"@type\":\"WebPage\",\"@id\":\"https:\\\/\\\/www.organisator.ch\\\/en\\\/general\\\/2016-10-18\\\/green-bringt-kmu-ins-rechenzentrum\\\/\",\"url\":\"https:\\\/\\\/www.organisator.ch\\\/en\\\/general\\\/2016-10-18\\\/green-bringt-kmu-ins-rechenzentrum\\\/\",\"name\":\"Green bringt KMU ins Rechenzentrum - Organisator\",\"isPartOf\":{\"@id\":\"https:\\\/\\\/www.organisator.ch\\\/#website\"},\"primaryImageOfPage\":{\"@id\":\"https:\\\/\\\/www.organisator.ch\\\/en\\\/general\\\/2016-10-18\\\/green-bringt-kmu-ins-rechenzentrum\\\/#primaryimage\"},\"image\":{\"@id\":\"https:\\\/\\\/www.organisator.ch\\\/en\\\/general\\\/2016-10-18\\\/green-bringt-kmu-ins-rechenzentrum\\\/#primaryimage\"},\"thumbnailUrl\":\"https:\\\/\\\/www.organisator.ch\\\/wp-content\\\/uploads\\\/2016\\\/12\\\/Green-bringt-KMU-ins-Rechenzentrum-organisator.jpg\",\"datePublished\":\"2016-10-18T12:13:12+00:00\",\"description\":\"Mit einem Colocation-Angebot ab einem Drittel-Rack adressiert Green Unternehmen, die ihre Server sicher und preiswert unterbringen wollen.\",\"breadcrumb\":{\"@id\":\"https:\\\/\\\/www.organisator.ch\\\/en\\\/general\\\/2016-10-18\\\/green-bringt-kmu-ins-rechenzentrum\\\/#breadcrumb\"},\"inLanguage\":\"en-US\",\"potentialAction\":[{\"@type\":\"ReadAction\",\"target\":[\"https:\\\/\\\/www.organisator.ch\\\/en\\\/general\\\/2016-10-18\\\/green-bringt-kmu-ins-rechenzentrum\\\/\"]}]},{\"@type\":\"ImageObject\",\"inLanguage\":\"en-US\",\"@id\":\"https:\\\/\\\/www.organisator.ch\\\/en\\\/general\\\/2016-10-18\\\/green-bringt-kmu-ins-rechenzentrum\\\/#primaryimage\",\"url\":\"https:\\\/\\\/www.organisator.ch\\\/wp-content\\\/uploads\\\/2016\\\/12\\\/Green-bringt-KMU-ins-Rechenzentrum-organisator.jpg\",\"contentUrl\":\"https:\\\/\\\/www.organisator.ch\\\/wp-content\\\/uploads\\\/2016\\\/12\\\/Green-bringt-KMU-ins-Rechenzentrum-organisator.jpg\",\"width\":640,\"height\":427,\"caption\":\"Das hochmoderne Green Datacenter in Z\u00fcrich City. (Bild: ZvG)\"},{\"@type\":\"BreadcrumbList\",\"@id\":\"https:\\\/\\\/www.organisator.ch\\\/en\\\/general\\\/2016-10-18\\\/green-bringt-kmu-ins-rechenzentrum\\\/#breadcrumb\",\"itemListElement\":[{\"@type\":\"ListItem\",\"position\":1,\"name\":\"Home\",\"item\":\"https:\\\/\\\/www.organisator.ch\\\/\"},{\"@type\":\"ListItem\",\"position\":2,\"name\":\"Green bringt KMU ins Rechenzentrum\"}]},{\"@type\":\"WebSite\",\"@id\":\"https:\\\/\\\/www.organisator.ch\\\/#website\",\"url\":\"https:\\\/\\\/www.organisator.ch\\\/\",\"name\":\"Organisator\",\"description\":\"Kompetent. Praxisnah. Der ORGANISATOR bereitet in 10 Ausgaben pro Jahr die wesentlichen Themen f\u00fcr F\u00fchrungskr\u00e4fte von KMU auf.\",\"publisher\":{\"@id\":\"https:\\\/\\\/www.organisator.ch\\\/#organization\"},\"potentialAction\":[{\"@type\":\"SearchAction\",\"target\":{\"@type\":\"EntryPoint\",\"urlTemplate\":\"https:\\\/\\\/www.organisator.ch\\\/?s={search_term_string}\"},\"query-input\":{\"@type\":\"PropertyValueSpecification\",\"valueRequired\":true,\"valueName\":\"search_term_string\"}}],\"inLanguage\":\"en-US\"},{\"@type\":\"Organization\",\"@id\":\"https:\\\/\\\/www.organisator.ch\\\/#organization\",\"name\":\"Organisator\",\"url\":\"https:\\\/\\\/www.organisator.ch\\\/\",\"logo\":{\"@type\":\"ImageObject\",\"inLanguage\":\"en-US\",\"@id\":\"https:\\\/\\\/www.organisator.ch\\\/#\\\/schema\\\/logo\\\/image\\\/\",\"url\":\"https:\\\/\\\/www.organisator.ch\\\/wp-content\\\/uploads\\\/2022\\\/01\\\/Logo_Organisator_Website.png\",\"contentUrl\":\"https:\\\/\\\/www.organisator.ch\\\/wp-content\\\/uploads\\\/2022\\\/01\\\/Logo_Organisator_Website.png\",\"width\":800,\"height\":77,\"caption\":\"Organisator\"},\"image\":{\"@id\":\"https:\\\/\\\/www.organisator.ch\\\/#\\\/schema\\\/logo\\\/image\\\/\"},\"sameAs\":[\"https:\\\/\\\/www.facebook.com\\\/OrganisatorFachmagazin\",\"https:\\\/\\\/www.linkedin.com\\\/showcase\\\/organisator-das-magazin-fr-kmu\",\"https:\\\/\\\/www.xing.com\\\/news\\\/pages\\\/organisator-ch-695\",\"https:\\\/\\\/www.youtube.com\\\/channel\\\/UCGP2Sq0iWaZwT3BdIAQFYpw\"]},{\"@type\":\"Person\",\"@id\":\"https:\\\/\\\/www.organisator.ch\\\/#\\\/schema\\\/person\\\/aa2bace6c5c5aad60102004a50c4eb1c\",\"name\":\"admin\",\"image\":{\"@type\":\"ImageObject\",\"inLanguage\":\"en-US\",\"@id\":\"https:\\\/\\\/secure.gravatar.com\\\/avatar\\\/ae2f4d718e6c49043e314ce431e7e645d646302a24a5ef5a8bc8e3f5a032e319?s=96&d=mm&r=g\",\"url\":\"https:\\\/\\\/secure.gravatar.com\\\/avatar\\\/ae2f4d718e6c49043e314ce431e7e645d646302a24a5ef5a8bc8e3f5a032e319?s=96&d=mm&r=g\",\"contentUrl\":\"https:\\\/\\\/secure.gravatar.com\\\/avatar\\\/ae2f4d718e6c49043e314ce431e7e645d646302a24a5ef5a8bc8e3f5a032e319?s=96&d=mm&r=g\",\"caption\":\"admin\"},\"sameAs\":[\"https:\\\/\\\/www.organisator.ch\"],\"url\":\"https:\\\/\\\/www.organisator.ch\\\/en\\\/author\\\/admin\\\/\"}]}<\/script>\n<!-- \/ Yoast SEO plugin. -->","yoast_head_json":{"title":"Green brings SMEs to the data center - organizer","description":"With a colocation offering starting at one-third rack, Green addresses companies that want to house their servers securely and inexpensively.","robots":{"index":"index","follow":"follow","max-snippet":"max-snippet:-1","max-image-preview":"max-image-preview:large","max-video-preview":"max-video-preview:-1"},"canonical":"https:\/\/www.organisator.ch\/en\/general\/2016-10-18\/green-bringt-kmu-ins-rechenzentrum\/","og_locale":"en_US","og_type":"article","og_title":"Green bringt KMU ins Rechenzentrum","og_description":"Green \u00f6ffnet seine modernsten Rechenzentren f\u00fcr KMU. Mit einem Colocation-Angebot ab einem Drittel-Rack adressiert Green Unternehmen, die ihre Server sicher und preiswert unterbringen wollen.","og_url":"https:\/\/www.organisator.ch\/en\/general\/2016-10-18\/green-bringt-kmu-ins-rechenzentrum\/","og_site_name":"Organisator","article_publisher":"https:\/\/www.facebook.com\/OrganisatorFachmagazin","article_published_time":"2016-10-18T12:13:12+00:00","author":"admin","twitter_card":"summary_large_image","twitter_image":"https:\/\/www.organisator.ch\/wp-content\/uploads\/2016\/12\/Green-bringt-KMU-ins-Rechenzentrum-organisator.jpg","schema":{"@context":"https:\/\/schema.org","@graph":[{"@type":"Article","@id":"https:\/\/www.organisator.ch\/en\/general\/2016-10-18\/green-bringt-kmu-ins-rechenzentrum\/#article","isPartOf":{"@id":"https:\/\/www.organisator.ch\/en\/general\/2016-10-18\/green-bringt-kmu-ins-rechenzentrum\/"},"author":{"name":"admin","@id":"https:\/\/www.organisator.ch\/#\/schema\/person\/aa2bace6c5c5aad60102004a50c4eb1c"},"headline":"Green bringt KMU ins Rechenzentrum","datePublished":"2016-10-18T12:13:12+00:00","mainEntityOfPage":{"@id":"https:\/\/www.organisator.ch\/en\/general\/2016-10-18\/green-bringt-kmu-ins-rechenzentrum\/"},"wordCount":289,"commentCount":0,"publisher":{"@id":"https:\/\/www.organisator.ch\/#organization"},"image":{"@id":"https:\/\/www.organisator.ch\/en\/general\/2016-10-18\/green-bringt-kmu-ins-rechenzentrum\/#primaryimage"},"thumbnailUrl":"https:\/\/www.organisator.ch\/wp-content\/uploads\/2016\/12\/Green-bringt-KMU-ins-Rechenzentrum-organisator.jpg","keywords":["Datenschutz","Produkte"],"articleSection":["Allgemein"],"inLanguage":"en-US"},{"@type":"WebPage","@id":"https:\/\/www.organisator.ch\/en\/general\/2016-10-18\/green-bringt-kmu-ins-rechenzentrum\/","url":"https:\/\/www.organisator.ch\/en\/general\/2016-10-18\/green-bringt-kmu-ins-rechenzentrum\/","name":"Green brings SMEs to the data center - organizer","isPartOf":{"@id":"https:\/\/www.organisator.ch\/#website"},"primaryImageOfPage":{"@id":"https:\/\/www.organisator.ch\/en\/general\/2016-10-18\/green-bringt-kmu-ins-rechenzentrum\/#primaryimage"},"image":{"@id":"https:\/\/www.organisator.ch\/en\/general\/2016-10-18\/green-bringt-kmu-ins-rechenzentrum\/#primaryimage"},"thumbnailUrl":"https:\/\/www.organisator.ch\/wp-content\/uploads\/2016\/12\/Green-bringt-KMU-ins-Rechenzentrum-organisator.jpg","datePublished":"2016-10-18T12:13:12+00:00","description":"With a colocation offering starting at one-third rack, Green addresses companies that want to house their servers securely and inexpensively.","breadcrumb":{"@id":"https:\/\/www.organisator.ch\/en\/general\/2016-10-18\/green-bringt-kmu-ins-rechenzentrum\/#breadcrumb"},"inLanguage":"en-US","potentialAction":[{"@type":"ReadAction","target":["https:\/\/www.organisator.ch\/en\/general\/2016-10-18\/green-bringt-kmu-ins-rechenzentrum\/"]}]},{"@type":"ImageObject","inLanguage":"en-US","@id":"https:\/\/www.organisator.ch\/en\/general\/2016-10-18\/green-bringt-kmu-ins-rechenzentrum\/#primaryimage","url":"https:\/\/www.organisator.ch\/wp-content\/uploads\/2016\/12\/Green-bringt-KMU-ins-Rechenzentrum-organisator.jpg","contentUrl":"https:\/\/www.organisator.ch\/wp-content\/uploads\/2016\/12\/Green-bringt-KMU-ins-Rechenzentrum-organisator.jpg","width":640,"height":427,"caption":"Das hochmoderne Green Datacenter in Z\u00fcrich City. (Bild: ZvG)"},{"@type":"BreadcrumbList","@id":"https:\/\/www.organisator.ch\/en\/general\/2016-10-18\/green-bringt-kmu-ins-rechenzentrum\/#breadcrumb","itemListElement":[{"@type":"ListItem","position":1,"name":"Home","item":"https:\/\/www.organisator.ch\/"},{"@type":"ListItem","position":2,"name":"Green bringt KMU ins Rechenzentrum"}]},{"@type":"WebSite","@id":"https:\/\/www.organisator.ch\/#website","url":"https:\/\/www.organisator.ch\/","name":"Organizer","description":"Competent. Practical. In 10 issues per year, ORGANISATOR presents the essential topics for managers of SMEs.","publisher":{"@id":"https:\/\/www.organisator.ch\/#organization"},"potentialAction":[{"@type":"SearchAction","target":{"@type":"EntryPoint","urlTemplate":"https:\/\/www.organisator.ch\/?s={search_term_string}"},"query-input":{"@type":"PropertyValueSpecification","valueRequired":true,"valueName":"search_term_string"}}],"inLanguage":"en-US"},{"@type":"Organization","@id":"https:\/\/www.organisator.ch\/#organization","name":"Organizer","url":"https:\/\/www.organisator.ch\/","logo":{"@type":"ImageObject","inLanguage":"en-US","@id":"https:\/\/www.organisator.ch\/#\/schema\/logo\/image\/","url":"https:\/\/www.organisator.ch\/wp-content\/uploads\/2022\/01\/Logo_Organisator_Website.png","contentUrl":"https:\/\/www.organisator.ch\/wp-content\/uploads\/2022\/01\/Logo_Organisator_Website.png","width":800,"height":77,"caption":"Organisator"},"image":{"@id":"https:\/\/www.organisator.ch\/#\/schema\/logo\/image\/"},"sameAs":["https:\/\/www.facebook.com\/OrganisatorFachmagazin","https:\/\/www.linkedin.com\/showcase\/organisator-das-magazin-fr-kmu","https:\/\/www.xing.com\/news\/pages\/organisator-ch-695","https:\/\/www.youtube.com\/channel\/UCGP2Sq0iWaZwT3BdIAQFYpw"]},{"@type":"Person","@id":"https:\/\/www.organisator.ch\/#\/schema\/person\/aa2bace6c5c5aad60102004a50c4eb1c","name":"admin","image":{"@type":"ImageObject","inLanguage":"en-US","@id":"https:\/\/secure.gravatar.com\/avatar\/ae2f4d718e6c49043e314ce431e7e645d646302a24a5ef5a8bc8e3f5a032e319?s=96&d=mm&r=g","url":"https:\/\/secure.gravatar.com\/avatar\/ae2f4d718e6c49043e314ce431e7e645d646302a24a5ef5a8bc8e3f5a032e319?s=96&d=mm&r=g","contentUrl":"https:\/\/secure.gravatar.com\/avatar\/ae2f4d718e6c49043e314ce431e7e645d646302a24a5ef5a8bc8e3f5a032e319?s=96&d=mm&r=g","caption":"admin"},"sameAs":["https:\/\/www.organisator.ch"],"url":"https:\/\/www.organisator.ch\/en\/author\/admin\/"}]}},"_links":{"self":[{"href":"https:\/\/www.organisator.ch\/en\/wp-json\/wp\/v2\/posts\/659","targetHints":{"allow":["GET"]}}],"collection":[{"href":"https:\/\/www.organisator.ch\/en\/wp-json\/wp\/v2\/posts"}],"about":[{"href":"https:\/\/www.organisator.ch\/en\/wp-json\/wp\/v2\/types\/post"}],"author":[{"embeddable":true,"href":"https:\/\/www.organisator.ch\/en\/wp-json\/wp\/v2\/users\/1"}],"replies":[{"embeddable":true,"href":"https:\/\/www.organisator.ch\/en\/wp-json\/wp\/v2\/comments?post=659"}],"version-history":[{"count":0,"href":"https:\/\/www.organisator.ch\/en\/wp-json\/wp\/v2\/posts\/659\/revisions"}],"wp:featuredmedia":[{"embeddable":true,"href":"https:\/\/www.organisator.ch\/en\/wp-json\/wp\/v2\/media\/660"}],"wp:attachment":[{"href":"https:\/\/www.organisator.ch\/en\/wp-json\/wp\/v2\/media?parent=659"}],"wp:term":[{"taxonomy":"category","embeddable":true,"href":"https:\/\/www.organisator.ch\/en\/wp-json\/wp\/v2\/categories?post=659"},{"taxonomy":"post_tag","embeddable":true,"href":"https:\/\/www.organisator.ch\/en\/wp-json\/wp\/v2\/tags?post=659"}],"curies":[{"name":"wp","href":"https:\/\/api.w.org\/{rel}","templated":true}]}}