{"id":6602,"date":"2020-04-17T15:05:05","date_gmt":"2020-04-17T13:05:05","guid":{"rendered":"https:\/\/www.organisator.ch\/?p=6602"},"modified":"2020-04-17T15:05:05","modified_gmt":"2020-04-17T13:05:05","slug":"hochschule-luzern-unterstuetzt-zentralschweizer-wirtschaft-mit-kmu-impuls","status":"publish","type":"post","link":"https:\/\/www.organisator.ch\/en\/weiterbildung\/2020-04-17\/hochschule-luzern-unterstuetzt-zentralschweizer-wirtschaft-mit-kmu-impuls\/","title":{"rendered":"Lucerne University of Applied Sciences and Arts supports Central Switzerland's economy with \"SME Impulse"},"content":{"rendered":"<figure id=\"attachment_6603\" aria-describedby=\"caption-attachment-6603\" style=\"width: 680px\" class=\"wp-caption alignnone\"><img loading=\"lazy\" decoding=\"async\" class=\"size-medium wp-image-6603\" src=\"https:\/\/www.organisator.ch\/wp-content\/uploads\/2020\/04\/Hochschule-Luzern-unterstuetzt-Zentralschweizer-Wirtschaft-mit-KMU-Impuls_Organisator.jpg\" alt=\"\" width=\"680\" height=\"531\" srcset=\"https:\/\/www.organisator.ch\/wp-content\/uploads\/2020\/04\/Hochschule-Luzern-unterstuetzt-Zentralschweizer-Wirtschaft-mit-KMU-Impuls_Organisator.jpg 680w, https:\/\/www.organisator.ch\/wp-content\/uploads\/2020\/04\/Hochschule-Luzern-unterstuetzt-Zentralschweizer-Wirtschaft-mit-KMU-Impuls_Organisator-16x12.jpg 16w, https:\/\/www.organisator.ch\/wp-content\/uploads\/2020\/04\/Hochschule-Luzern-unterstuetzt-Zentralschweizer-Wirtschaft-mit-KMU-Impuls_Organisator-224x175.jpg 224w, https:\/\/www.organisator.ch\/wp-content\/uploads\/2020\/04\/Hochschule-Luzern-unterstuetzt-Zentralschweizer-Wirtschaft-mit-KMU-Impuls_Organisator-448x350.jpg 448w, https:\/\/www.organisator.ch\/wp-content\/uploads\/2020\/04\/Hochschule-Luzern-unterstuetzt-Zentralschweizer-Wirtschaft-mit-KMU-Impuls_Organisator-300x234.jpg 300w\" sizes=\"auto, (max-width: 680px) 100vw, 680px\" \/><figcaption id=\"caption-attachment-6603\" class=\"wp-caption-text\">KMU Impuls - a free support service for companies in Central Switzerland. (Image: Lucerne University of Applied Sciences and Arts).<\/figcaption><\/figure>\n<p>The corona crisis poses major challenges for SMEs: Is my company allowed to declare short-time work? How do I motivate my team when it is uncertain whether and how things will continue? Will our services still be in demand at all in the time that follows?<\/p>\n<h2>KMU Impuls: Free of charge for small businesses in Central Switzerland<\/h2>\n<p>To alleviate the economic consequences of the crisis, the Lucerne University of Applied Sciences and Arts is launching the \"KMU Impuls\" support program. The free offer is primarily aimed at small and medium-sized enterprises as well as public and non-profit organizations in Central Switzerland. It will start on Monday, April 20, 2020.<\/p>\n<p>For Rector Markus Hodel, it is clear that the Lucerne University of Applied Sciences and Arts, as an educational and research institution in Central Switzerland with a strong practical orientation, must provide support quickly and without complications. He says: \"The current situation is threatening the existence of many companies and organizations. Thanks to the expertise of our lecturers, many of whom come from the business world themselves, SMEs are now receiving impetus to mitigate the crisis in the best possible way.\"<\/p>\n<h2>Short online sessions on relevant topics<\/h2>\n<p>At the heart of KMU Impuls are short online seminars, so-called online impulses. The individual sessions are led by experts in the relevant field. They cover topics such as: Dealing with financial and legal challenges, customer communication in the crisis, new opportunities in leadership, assessments of industry-specific and macroeconomic consequences of the crisis.<\/p>\n<p>Interested parties can register for the online impulses at the following link (for technical reasons, the number of places is limited to 250 participants): <a href=\"http:\/\/www.hslu.ch\/kmu-impuls\">hslu.ch\/kmu-impulse<\/a>. Depending on requirements, \"1:1 impulses\", i.e. individual coaching sessions, can be booked as a follow-up to each online impulse. Here, the lecturers address company-specific problems that were not covered during the online sessions. In order to support the companies in the best possible way, consulting needs and focus are identified by means of a short online form.<\/p>","protected":false},"excerpt":{"rendered":"<p>Die Coronakrise stellt KMU vor grosse Herausforderungen: Darf mein Betrieb Kurzarbeit anmelden? Wie motiviere ich mein Team, wenn unsicher ist, ob und wie es weitergeht? Sind unsere Dienstleistungen in der Zeit danach \u00fcberhaupt noch gefragt? KMU Impuls: Unentgeltlich f\u00fcr Zentralschweizer Kleinunternehmen Um die wirtschaftlichen Konsequenzen der Krise zu lindern, lanciert die Hochschule Luzern das Unterst\u00fctzungsprogramm [&hellip;]<\/p>\n","protected":false},"author":4,"featured_media":6603,"comment_status":"closed","ping_status":"closed","sticky":false,"template":"","format":"standard","meta":{"_acf_changed":false,"_yoast_wpseo_focuskw":"KMU Impuls","_yoast_wpseo_metadesc":"Die Hochschule Luzern startet unter dem Titel \"KMU Impuls\" ein kostenloses Unterst\u00fctzungsprogramm f\u00fcr kleine und mittlere Unternehmen in der Innerschweiz.","articlekey":"","footnotes":""},"categories":[30],"tags":[62,202,335,393],"class_list":["post-6602","post","type-post","status-publish","format-standard","has-post-thumbnail","hentry","category-weiterbildung","tag-aus-weiterbildung","tag-finanzenrecht","tag-management-und-unternehmensfuehrung","tag-produkte"],"acf":[],"yoast_head":"<!-- This site is optimized with the Yoast SEO plugin v27.5 - https:\/\/yoast.com\/product\/yoast-seo-wordpress\/ -->\n<title>Hochschule Luzern unterst\u00fctzt Zentralschweizer Wirtschaft mit \u00abKMU Impuls\u00bb - Organisator<\/title>\n<meta name=\"description\" content=\"Die Hochschule Luzern startet unter dem Titel &quot;KMU Impuls&quot; ein kostenloses Unterst\u00fctzungsprogramm f\u00fcr kleine und mittlere Unternehmen in der Innerschweiz.\" \/>\n<meta name=\"robots\" content=\"index, follow, max-snippet:-1, max-image-preview:large, max-video-preview:-1\" \/>\n<link rel=\"canonical\" href=\"https:\/\/www.organisator.ch\/en\/further-education\/2020-04-17\/hochschule-luzern-unterstuetzt-zentralschweizer-wirtschaft-mit-kmu-impuls\/\" \/>\n<meta property=\"og:locale\" content=\"en_US\" \/>\n<meta property=\"og:type\" content=\"article\" \/>\n<meta property=\"og:title\" content=\"Hochschule Luzern unterst\u00fctzt Zentralschweizer Wirtschaft mit \u00abKMU Impuls\u00bb\" \/>\n<meta property=\"og:description\" content=\"Die Hochschule Luzern startet unter dem Titel &quot;KMU Impuls&quot; ein kostenloses Unterst\u00fctzungsprogramm f\u00fcr kleine und mittlere Unternehmen in der Innerschweiz.\" \/>\n<meta property=\"og:url\" content=\"https:\/\/www.organisator.ch\/en\/further-education\/2020-04-17\/hochschule-luzern-unterstuetzt-zentralschweizer-wirtschaft-mit-kmu-impuls\/\" \/>\n<meta property=\"og:site_name\" content=\"Organisator\" \/>\n<meta property=\"article:publisher\" content=\"https:\/\/www.facebook.com\/OrganisatorFachmagazin\" \/>\n<meta property=\"article:published_time\" content=\"2020-04-17T13:05:05+00:00\" \/>\n<meta property=\"og:image\" content=\"https:\/\/www.organisator.ch\/wp-content\/uploads\/2020\/04\/Hochschule-Luzern-unterstuetzt-Zentralschweizer-Wirtschaft-mit-KMU-Impuls_Organisator.jpg\" \/>\n\t<meta property=\"og:image:width\" content=\"680\" \/>\n\t<meta property=\"og:image:height\" content=\"531\" \/>\n\t<meta property=\"og:image:type\" content=\"image\/jpeg\" \/>\n<meta name=\"author\" content=\"thomas.berner\" \/>\n<meta name=\"twitter:card\" content=\"summary_large_image\" \/>\n<meta name=\"twitter:title\" content=\"Hochschule Luzern #HSLU unterst\u00fctzt Zentralschweizer Wirtschaft mit \u00abKMU Impuls\u00bb\" \/>\n<meta name=\"twitter:description\" content=\"Die Hochschule Luzern #HSLU startet unter dem Titel &quot;KMU Impuls&quot; ein kostenloses #Unterst\u00fctzungsprogramm f\u00fcr kleine und mittlere Unternehmen in der #Innerschweiz.\" \/>\n<meta name=\"twitter:image\" content=\"https:\/\/www.organisator.ch\/wp-content\/uploads\/2020\/04\/Hochschule-Luzern-unterstuetzt-Zentralschweizer-Wirtschaft-mit-KMU-Impuls_Organisator.jpg\" \/>\n<script type=\"application\/ld+json\" class=\"yoast-schema-graph\">{\"@context\":\"https:\\\/\\\/schema.org\",\"@graph\":[{\"@type\":\"Article\",\"@id\":\"https:\\\/\\\/www.organisator.ch\\\/weiterbildung\\\/2020-04-17\\\/hochschule-luzern-unterstuetzt-zentralschweizer-wirtschaft-mit-kmu-impuls\\\/#article\",\"isPartOf\":{\"@id\":\"https:\\\/\\\/www.organisator.ch\\\/weiterbildung\\\/2020-04-17\\\/hochschule-luzern-unterstuetzt-zentralschweizer-wirtschaft-mit-kmu-impuls\\\/\"},\"author\":{\"name\":\"thomas.berner\",\"@id\":\"https:\\\/\\\/www.organisator.ch\\\/#\\\/schema\\\/person\\\/6f650f90b2842cd4c0cc334b4e36f67e\"},\"headline\":\"Hochschule Luzern unterst\u00fctzt Zentralschweizer Wirtschaft mit \u00abKMU Impuls\u00bb\",\"datePublished\":\"2020-04-17T13:05:05+00:00\",\"mainEntityOfPage\":{\"@id\":\"https:\\\/\\\/www.organisator.ch\\\/weiterbildung\\\/2020-04-17\\\/hochschule-luzern-unterstuetzt-zentralschweizer-wirtschaft-mit-kmu-impuls\\\/\"},\"wordCount\":312,\"publisher\":{\"@id\":\"https:\\\/\\\/www.organisator.ch\\\/#organization\"},\"image\":{\"@id\":\"https:\\\/\\\/www.organisator.ch\\\/weiterbildung\\\/2020-04-17\\\/hochschule-luzern-unterstuetzt-zentralschweizer-wirtschaft-mit-kmu-impuls\\\/#primaryimage\"},\"thumbnailUrl\":\"https:\\\/\\\/www.organisator.ch\\\/wp-content\\\/uploads\\\/2020\\\/04\\\/Hochschule-Luzern-unterstuetzt-Zentralschweizer-Wirtschaft-mit-KMU-Impuls_Organisator.jpg\",\"keywords\":[\"Aus-\\\/Weiterbildung\",\"Finanzen\\\/Recht\",\"Management und Unternehmensf\u00fchrung\",\"Produkte\"],\"articleSection\":[\"WEITERBILDUNG\"],\"inLanguage\":\"en-US\"},{\"@type\":\"WebPage\",\"@id\":\"https:\\\/\\\/www.organisator.ch\\\/weiterbildung\\\/2020-04-17\\\/hochschule-luzern-unterstuetzt-zentralschweizer-wirtschaft-mit-kmu-impuls\\\/\",\"url\":\"https:\\\/\\\/www.organisator.ch\\\/weiterbildung\\\/2020-04-17\\\/hochschule-luzern-unterstuetzt-zentralschweizer-wirtschaft-mit-kmu-impuls\\\/\",\"name\":\"Hochschule Luzern unterst\u00fctzt Zentralschweizer Wirtschaft mit \u00abKMU Impuls\u00bb - Organisator\",\"isPartOf\":{\"@id\":\"https:\\\/\\\/www.organisator.ch\\\/#website\"},\"primaryImageOfPage\":{\"@id\":\"https:\\\/\\\/www.organisator.ch\\\/weiterbildung\\\/2020-04-17\\\/hochschule-luzern-unterstuetzt-zentralschweizer-wirtschaft-mit-kmu-impuls\\\/#primaryimage\"},\"image\":{\"@id\":\"https:\\\/\\\/www.organisator.ch\\\/weiterbildung\\\/2020-04-17\\\/hochschule-luzern-unterstuetzt-zentralschweizer-wirtschaft-mit-kmu-impuls\\\/#primaryimage\"},\"thumbnailUrl\":\"https:\\\/\\\/www.organisator.ch\\\/wp-content\\\/uploads\\\/2020\\\/04\\\/Hochschule-Luzern-unterstuetzt-Zentralschweizer-Wirtschaft-mit-KMU-Impuls_Organisator.jpg\",\"datePublished\":\"2020-04-17T13:05:05+00:00\",\"description\":\"Die Hochschule Luzern startet unter dem Titel \\\"KMU Impuls\\\" ein kostenloses Unterst\u00fctzungsprogramm f\u00fcr kleine und mittlere Unternehmen in der Innerschweiz.\",\"breadcrumb\":{\"@id\":\"https:\\\/\\\/www.organisator.ch\\\/weiterbildung\\\/2020-04-17\\\/hochschule-luzern-unterstuetzt-zentralschweizer-wirtschaft-mit-kmu-impuls\\\/#breadcrumb\"},\"inLanguage\":\"en-US\",\"potentialAction\":[{\"@type\":\"ReadAction\",\"target\":[\"https:\\\/\\\/www.organisator.ch\\\/weiterbildung\\\/2020-04-17\\\/hochschule-luzern-unterstuetzt-zentralschweizer-wirtschaft-mit-kmu-impuls\\\/\"]}]},{\"@type\":\"ImageObject\",\"inLanguage\":\"en-US\",\"@id\":\"https:\\\/\\\/www.organisator.ch\\\/weiterbildung\\\/2020-04-17\\\/hochschule-luzern-unterstuetzt-zentralschweizer-wirtschaft-mit-kmu-impuls\\\/#primaryimage\",\"url\":\"https:\\\/\\\/www.organisator.ch\\\/wp-content\\\/uploads\\\/2020\\\/04\\\/Hochschule-Luzern-unterstuetzt-Zentralschweizer-Wirtschaft-mit-KMU-Impuls_Organisator.jpg\",\"contentUrl\":\"https:\\\/\\\/www.organisator.ch\\\/wp-content\\\/uploads\\\/2020\\\/04\\\/Hochschule-Luzern-unterstuetzt-Zentralschweizer-Wirtschaft-mit-KMU-Impuls_Organisator.jpg\",\"width\":680,\"height\":531,\"caption\":\"KMU Impuls - ein unentgeltliches Unterst\u00fctzungsangebot f\u00fcr Unternehmen in der Innerschweiz. (Bild: Hochschule Luzern).\"},{\"@type\":\"BreadcrumbList\",\"@id\":\"https:\\\/\\\/www.organisator.ch\\\/weiterbildung\\\/2020-04-17\\\/hochschule-luzern-unterstuetzt-zentralschweizer-wirtschaft-mit-kmu-impuls\\\/#breadcrumb\",\"itemListElement\":[{\"@type\":\"ListItem\",\"position\":1,\"name\":\"Home\",\"item\":\"https:\\\/\\\/www.organisator.ch\\\/\"},{\"@type\":\"ListItem\",\"position\":2,\"name\":\"Hochschule Luzern unterst\u00fctzt Zentralschweizer Wirtschaft mit \u00abKMU Impuls\u00bb\"}]},{\"@type\":\"WebSite\",\"@id\":\"https:\\\/\\\/www.organisator.ch\\\/#website\",\"url\":\"https:\\\/\\\/www.organisator.ch\\\/\",\"name\":\"Organisator\",\"description\":\"Kompetent. Praxisnah. Der ORGANISATOR bereitet in 10 Ausgaben pro Jahr die wesentlichen Themen f\u00fcr F\u00fchrungskr\u00e4fte von KMU auf.\",\"publisher\":{\"@id\":\"https:\\\/\\\/www.organisator.ch\\\/#organization\"},\"potentialAction\":[{\"@type\":\"SearchAction\",\"target\":{\"@type\":\"EntryPoint\",\"urlTemplate\":\"https:\\\/\\\/www.organisator.ch\\\/?s={search_term_string}\"},\"query-input\":{\"@type\":\"PropertyValueSpecification\",\"valueRequired\":true,\"valueName\":\"search_term_string\"}}],\"inLanguage\":\"en-US\"},{\"@type\":\"Organization\",\"@id\":\"https:\\\/\\\/www.organisator.ch\\\/#organization\",\"name\":\"Organisator\",\"url\":\"https:\\\/\\\/www.organisator.ch\\\/\",\"logo\":{\"@type\":\"ImageObject\",\"inLanguage\":\"en-US\",\"@id\":\"https:\\\/\\\/www.organisator.ch\\\/#\\\/schema\\\/logo\\\/image\\\/\",\"url\":\"https:\\\/\\\/www.organisator.ch\\\/wp-content\\\/uploads\\\/2022\\\/01\\\/Logo_Organisator_Website.png\",\"contentUrl\":\"https:\\\/\\\/www.organisator.ch\\\/wp-content\\\/uploads\\\/2022\\\/01\\\/Logo_Organisator_Website.png\",\"width\":800,\"height\":77,\"caption\":\"Organisator\"},\"image\":{\"@id\":\"https:\\\/\\\/www.organisator.ch\\\/#\\\/schema\\\/logo\\\/image\\\/\"},\"sameAs\":[\"https:\\\/\\\/www.facebook.com\\\/OrganisatorFachmagazin\",\"https:\\\/\\\/www.linkedin.com\\\/showcase\\\/organisator-das-magazin-fr-kmu\",\"https:\\\/\\\/www.xing.com\\\/news\\\/pages\\\/organisator-ch-695\",\"https:\\\/\\\/www.youtube.com\\\/channel\\\/UCGP2Sq0iWaZwT3BdIAQFYpw\"]},{\"@type\":\"Person\",\"@id\":\"https:\\\/\\\/www.organisator.ch\\\/#\\\/schema\\\/person\\\/6f650f90b2842cd4c0cc334b4e36f67e\",\"name\":\"thomas.berner\",\"image\":{\"@type\":\"ImageObject\",\"inLanguage\":\"en-US\",\"@id\":\"https:\\\/\\\/secure.gravatar.com\\\/avatar\\\/ac5001d2a36cb6c6cd3e50789007ffca834b477b74a2144564522e944eabff61?s=96&d=mm&r=g\",\"url\":\"https:\\\/\\\/secure.gravatar.com\\\/avatar\\\/ac5001d2a36cb6c6cd3e50789007ffca834b477b74a2144564522e944eabff61?s=96&d=mm&r=g\",\"contentUrl\":\"https:\\\/\\\/secure.gravatar.com\\\/avatar\\\/ac5001d2a36cb6c6cd3e50789007ffca834b477b74a2144564522e944eabff61?s=96&d=mm&r=g\",\"caption\":\"thomas.berner\"},\"url\":\"https:\\\/\\\/www.organisator.ch\\\/en\\\/author\\\/thomas-berner\\\/\"}]}<\/script>\n<!-- \/ Yoast SEO plugin. -->","yoast_head_json":{"title":"Lucerne University of Applied Sciences and Arts supports Central Switzerland's economy with \"KMU Impuls\" - organizer","description":"The Lucerne University of Applied Sciences and Arts is launching a free support program for small and medium-sized enterprises in central Switzerland under the title \"KMU Impuls\".","robots":{"index":"index","follow":"follow","max-snippet":"max-snippet:-1","max-image-preview":"max-image-preview:large","max-video-preview":"max-video-preview:-1"},"canonical":"https:\/\/www.organisator.ch\/en\/further-education\/2020-04-17\/hochschule-luzern-unterstuetzt-zentralschweizer-wirtschaft-mit-kmu-impuls\/","og_locale":"en_US","og_type":"article","og_title":"Hochschule Luzern unterst\u00fctzt Zentralschweizer Wirtschaft mit \u00abKMU Impuls\u00bb","og_description":"Die Hochschule Luzern startet unter dem Titel \"KMU Impuls\" ein kostenloses Unterst\u00fctzungsprogramm f\u00fcr kleine und mittlere Unternehmen in der Innerschweiz.","og_url":"https:\/\/www.organisator.ch\/en\/further-education\/2020-04-17\/hochschule-luzern-unterstuetzt-zentralschweizer-wirtschaft-mit-kmu-impuls\/","og_site_name":"Organisator","article_publisher":"https:\/\/www.facebook.com\/OrganisatorFachmagazin","article_published_time":"2020-04-17T13:05:05+00:00","og_image":[{"width":680,"height":531,"url":"https:\/\/www.organisator.ch\/wp-content\/uploads\/2020\/04\/Hochschule-Luzern-unterstuetzt-Zentralschweizer-Wirtschaft-mit-KMU-Impuls_Organisator.jpg","type":"image\/jpeg"}],"author":"thomas.berner","twitter_card":"summary_large_image","twitter_title":"Hochschule Luzern #HSLU unterst\u00fctzt Zentralschweizer Wirtschaft mit \u00abKMU Impuls\u00bb","twitter_description":"Die Hochschule Luzern #HSLU startet unter dem Titel \"KMU Impuls\" ein kostenloses #Unterst\u00fctzungsprogramm f\u00fcr kleine und mittlere Unternehmen in der #Innerschweiz.","twitter_image":"https:\/\/www.organisator.ch\/wp-content\/uploads\/2020\/04\/Hochschule-Luzern-unterstuetzt-Zentralschweizer-Wirtschaft-mit-KMU-Impuls_Organisator.jpg","schema":{"@context":"https:\/\/schema.org","@graph":[{"@type":"Article","@id":"https:\/\/www.organisator.ch\/weiterbildung\/2020-04-17\/hochschule-luzern-unterstuetzt-zentralschweizer-wirtschaft-mit-kmu-impuls\/#article","isPartOf":{"@id":"https:\/\/www.organisator.ch\/weiterbildung\/2020-04-17\/hochschule-luzern-unterstuetzt-zentralschweizer-wirtschaft-mit-kmu-impuls\/"},"author":{"name":"thomas.berner","@id":"https:\/\/www.organisator.ch\/#\/schema\/person\/6f650f90b2842cd4c0cc334b4e36f67e"},"headline":"Hochschule Luzern unterst\u00fctzt Zentralschweizer Wirtschaft mit \u00abKMU Impuls\u00bb","datePublished":"2020-04-17T13:05:05+00:00","mainEntityOfPage":{"@id":"https:\/\/www.organisator.ch\/weiterbildung\/2020-04-17\/hochschule-luzern-unterstuetzt-zentralschweizer-wirtschaft-mit-kmu-impuls\/"},"wordCount":312,"publisher":{"@id":"https:\/\/www.organisator.ch\/#organization"},"image":{"@id":"https:\/\/www.organisator.ch\/weiterbildung\/2020-04-17\/hochschule-luzern-unterstuetzt-zentralschweizer-wirtschaft-mit-kmu-impuls\/#primaryimage"},"thumbnailUrl":"https:\/\/www.organisator.ch\/wp-content\/uploads\/2020\/04\/Hochschule-Luzern-unterstuetzt-Zentralschweizer-Wirtschaft-mit-KMU-Impuls_Organisator.jpg","keywords":["Aus-\/Weiterbildung","Finanzen\/Recht","Management und Unternehmensf\u00fchrung","Produkte"],"articleSection":["WEITERBILDUNG"],"inLanguage":"en-US"},{"@type":"WebPage","@id":"https:\/\/www.organisator.ch\/weiterbildung\/2020-04-17\/hochschule-luzern-unterstuetzt-zentralschweizer-wirtschaft-mit-kmu-impuls\/","url":"https:\/\/www.organisator.ch\/weiterbildung\/2020-04-17\/hochschule-luzern-unterstuetzt-zentralschweizer-wirtschaft-mit-kmu-impuls\/","name":"Lucerne University of Applied Sciences and Arts supports Central Switzerland's economy with \"KMU Impuls\" - organizer","isPartOf":{"@id":"https:\/\/www.organisator.ch\/#website"},"primaryImageOfPage":{"@id":"https:\/\/www.organisator.ch\/weiterbildung\/2020-04-17\/hochschule-luzern-unterstuetzt-zentralschweizer-wirtschaft-mit-kmu-impuls\/#primaryimage"},"image":{"@id":"https:\/\/www.organisator.ch\/weiterbildung\/2020-04-17\/hochschule-luzern-unterstuetzt-zentralschweizer-wirtschaft-mit-kmu-impuls\/#primaryimage"},"thumbnailUrl":"https:\/\/www.organisator.ch\/wp-content\/uploads\/2020\/04\/Hochschule-Luzern-unterstuetzt-Zentralschweizer-Wirtschaft-mit-KMU-Impuls_Organisator.jpg","datePublished":"2020-04-17T13:05:05+00:00","description":"The Lucerne University of Applied Sciences and Arts is launching a free support program for small and medium-sized enterprises in central Switzerland under the title \"KMU Impuls\".","breadcrumb":{"@id":"https:\/\/www.organisator.ch\/weiterbildung\/2020-04-17\/hochschule-luzern-unterstuetzt-zentralschweizer-wirtschaft-mit-kmu-impuls\/#breadcrumb"},"inLanguage":"en-US","potentialAction":[{"@type":"ReadAction","target":["https:\/\/www.organisator.ch\/weiterbildung\/2020-04-17\/hochschule-luzern-unterstuetzt-zentralschweizer-wirtschaft-mit-kmu-impuls\/"]}]},{"@type":"ImageObject","inLanguage":"en-US","@id":"https:\/\/www.organisator.ch\/weiterbildung\/2020-04-17\/hochschule-luzern-unterstuetzt-zentralschweizer-wirtschaft-mit-kmu-impuls\/#primaryimage","url":"https:\/\/www.organisator.ch\/wp-content\/uploads\/2020\/04\/Hochschule-Luzern-unterstuetzt-Zentralschweizer-Wirtschaft-mit-KMU-Impuls_Organisator.jpg","contentUrl":"https:\/\/www.organisator.ch\/wp-content\/uploads\/2020\/04\/Hochschule-Luzern-unterstuetzt-Zentralschweizer-Wirtschaft-mit-KMU-Impuls_Organisator.jpg","width":680,"height":531,"caption":"KMU Impuls - ein unentgeltliches Unterst\u00fctzungsangebot f\u00fcr Unternehmen in der Innerschweiz. (Bild: Hochschule Luzern)."},{"@type":"BreadcrumbList","@id":"https:\/\/www.organisator.ch\/weiterbildung\/2020-04-17\/hochschule-luzern-unterstuetzt-zentralschweizer-wirtschaft-mit-kmu-impuls\/#breadcrumb","itemListElement":[{"@type":"ListItem","position":1,"name":"Home","item":"https:\/\/www.organisator.ch\/"},{"@type":"ListItem","position":2,"name":"Hochschule Luzern unterst\u00fctzt Zentralschweizer Wirtschaft mit \u00abKMU Impuls\u00bb"}]},{"@type":"WebSite","@id":"https:\/\/www.organisator.ch\/#website","url":"https:\/\/www.organisator.ch\/","name":"Organizer","description":"Competent. Practical. In 10 issues per year, ORGANISATOR presents the essential topics for managers of SMEs.","publisher":{"@id":"https:\/\/www.organisator.ch\/#organization"},"potentialAction":[{"@type":"SearchAction","target":{"@type":"EntryPoint","urlTemplate":"https:\/\/www.organisator.ch\/?s={search_term_string}"},"query-input":{"@type":"PropertyValueSpecification","valueRequired":true,"valueName":"search_term_string"}}],"inLanguage":"en-US"},{"@type":"Organization","@id":"https:\/\/www.organisator.ch\/#organization","name":"Organizer","url":"https:\/\/www.organisator.ch\/","logo":{"@type":"ImageObject","inLanguage":"en-US","@id":"https:\/\/www.organisator.ch\/#\/schema\/logo\/image\/","url":"https:\/\/www.organisator.ch\/wp-content\/uploads\/2022\/01\/Logo_Organisator_Website.png","contentUrl":"https:\/\/www.organisator.ch\/wp-content\/uploads\/2022\/01\/Logo_Organisator_Website.png","width":800,"height":77,"caption":"Organisator"},"image":{"@id":"https:\/\/www.organisator.ch\/#\/schema\/logo\/image\/"},"sameAs":["https:\/\/www.facebook.com\/OrganisatorFachmagazin","https:\/\/www.linkedin.com\/showcase\/organisator-das-magazin-fr-kmu","https:\/\/www.xing.com\/news\/pages\/organisator-ch-695","https:\/\/www.youtube.com\/channel\/UCGP2Sq0iWaZwT3BdIAQFYpw"]},{"@type":"Person","@id":"https:\/\/www.organisator.ch\/#\/schema\/person\/6f650f90b2842cd4c0cc334b4e36f67e","name":"thomas.berner","image":{"@type":"ImageObject","inLanguage":"en-US","@id":"https:\/\/secure.gravatar.com\/avatar\/ac5001d2a36cb6c6cd3e50789007ffca834b477b74a2144564522e944eabff61?s=96&d=mm&r=g","url":"https:\/\/secure.gravatar.com\/avatar\/ac5001d2a36cb6c6cd3e50789007ffca834b477b74a2144564522e944eabff61?s=96&d=mm&r=g","contentUrl":"https:\/\/secure.gravatar.com\/avatar\/ac5001d2a36cb6c6cd3e50789007ffca834b477b74a2144564522e944eabff61?s=96&d=mm&r=g","caption":"thomas.berner"},"url":"https:\/\/www.organisator.ch\/en\/author\/thomas-berner\/"}]}},"_links":{"self":[{"href":"https:\/\/www.organisator.ch\/en\/wp-json\/wp\/v2\/posts\/6602","targetHints":{"allow":["GET"]}}],"collection":[{"href":"https:\/\/www.organisator.ch\/en\/wp-json\/wp\/v2\/posts"}],"about":[{"href":"https:\/\/www.organisator.ch\/en\/wp-json\/wp\/v2\/types\/post"}],"author":[{"embeddable":true,"href":"https:\/\/www.organisator.ch\/en\/wp-json\/wp\/v2\/users\/4"}],"replies":[{"embeddable":true,"href":"https:\/\/www.organisator.ch\/en\/wp-json\/wp\/v2\/comments?post=6602"}],"version-history":[{"count":0,"href":"https:\/\/www.organisator.ch\/en\/wp-json\/wp\/v2\/posts\/6602\/revisions"}],"wp:featuredmedia":[{"embeddable":true,"href":"https:\/\/www.organisator.ch\/en\/wp-json\/wp\/v2\/media\/6603"}],"wp:attachment":[{"href":"https:\/\/www.organisator.ch\/en\/wp-json\/wp\/v2\/media?parent=6602"}],"wp:term":[{"taxonomy":"category","embeddable":true,"href":"https:\/\/www.organisator.ch\/en\/wp-json\/wp\/v2\/categories?post=6602"},{"taxonomy":"post_tag","embeddable":true,"href":"https:\/\/www.organisator.ch\/en\/wp-json\/wp\/v2\/tags?post=6602"}],"curies":[{"name":"wp","href":"https:\/\/api.w.org\/{rel}","templated":true}]}}