{"id":6633,"date":"2020-04-28T08:45:11","date_gmt":"2020-04-28T06:45:11","guid":{"rendered":"https:\/\/www.organisator.ch\/?p=6633"},"modified":"2020-04-28T08:45:11","modified_gmt":"2020-04-28T06:45:11","slug":"plattform-zur-unterstuetzung-von-kleinunternehmen-4switzerland-ch","status":"publish","type":"post","link":"https:\/\/www.organisator.ch\/en\/marketing\/2020-04-28\/plattform-zur-unterstuetzung-von-kleinunternehmen-4switzerland-ch\/","title":{"rendered":"Small business support platform: 4Switzerland.ch"},"content":{"rendered":"<figure id=\"attachment_6634\" aria-describedby=\"caption-attachment-6634\" style=\"width: 680px\" class=\"wp-caption alignnone\"><img loading=\"lazy\" decoding=\"async\" class=\"size-medium wp-image-6634\" src=\"https:\/\/www.organisator.ch\/wp-content\/uploads\/2020\/04\/Plattform-zur-Unterstuetzung-von-Kleinunternehmen-4Switzerlandch_Organisator.jpg\" alt=\"\" width=\"680\" height=\"476\" srcset=\"https:\/\/www.organisator.ch\/wp-content\/uploads\/2020\/04\/Plattform-zur-Unterstuetzung-von-Kleinunternehmen-4Switzerlandch_Organisator.jpg 680w, https:\/\/www.organisator.ch\/wp-content\/uploads\/2020\/04\/Plattform-zur-Unterstuetzung-von-Kleinunternehmen-4Switzerlandch_Organisator-16x12.jpg 16w, https:\/\/www.organisator.ch\/wp-content\/uploads\/2020\/04\/Plattform-zur-Unterstuetzung-von-Kleinunternehmen-4Switzerlandch_Organisator-250x175.jpg 250w, https:\/\/www.organisator.ch\/wp-content\/uploads\/2020\/04\/Plattform-zur-Unterstuetzung-von-Kleinunternehmen-4Switzerlandch_Organisator-500x350.jpg 500w, https:\/\/www.organisator.ch\/wp-content\/uploads\/2020\/04\/Plattform-zur-Unterstuetzung-von-Kleinunternehmen-4Switzerlandch_Organisator-300x210.jpg 300w\" sizes=\"auto, (max-width: 680px) 100vw, 680px\" \/><figcaption id=\"caption-attachment-6634\" class=\"wp-caption-text\">A group of private individuals has launched the 4switzerland.ch platform. Donations can be made there for SMEs in need of support. (Image: 4switzerland.ch)<\/figcaption><\/figure>\n<p>SMEs are the backbone of our economy. Where this crisis will lead in the long term is still uncertain. What can be done today: By donating to the SME you care about, we can strengthen the Swiss economy in the long run. Private individuals from different industries with divergent backgrounds have come together with the aim of bringing investors and financially distressed companies together to ease their time through the crisis. This idea gave rise to the platform www.4switzerland.ch.<\/p>\n<h2>Platform with solidarity idea<\/h2>\n<p>You may now think that the federal government and the cantons are already doing enough to support SMEs? The loans received must be repaid sooner or later, which will not be possible for some small businesses. They therefore need support from elsewhere. We are now all called upon to assume our social responsibility and help where our support is currently urgently needed. On the one hand, SMEs that are in need of support can register at www.4switzerland.ch. On the other hand, private individuals as well as legal entities can also register. On the other hand, private individuals as well as legal entities can provide direct financial support to their preferred company. All in the spirit of \"\u00dcsi Wirtschaft - \u00fcsi Schwiiz\". Supported SMEs can express their appreciation for the donation received by issuing an individual thank-you gift according to their current possibilities. Possible forms would be, for example, a voucher for a haircut, a free lesson or a coffee - there are no limits to creativity.<\/p>\n<h2>Non-profit project<\/h2>\n<p>The goal of 4Switzerland.ch is to support small businesses in order to minimize financial bottlenecks and ensure their long-term existence. Behind this is a non-profit interest group, the private individuals behind the initiative work free of charge. For their part, they rely on sponsorships to cover the development and operating costs incurred. Any surpluses are paid out in full to the SMEs at the end of the project.<\/p>\n<p><em>Support now:\u00a0<a href=\"http:\/\/www.4switzerland.ch\">www.4switzerland.ch<\/a><\/em><\/p>","protected":false},"excerpt":{"rendered":"<p>KMU sind das R\u00fcckgrat unserer Wirtschaft. Wohin diese Krise langfristig f\u00fchren wird, ist noch ungewiss. Was heute unternommen werden kann: Durch Ihre Spende an dasjenige KMU, das Ihnen am Herzen liegt, k\u00f6nnen wir die Schweizer Wirtschaft langfristig st\u00e4rken. Privatpersonen aus unterschiedlichen Branchen mit divergierenden Hintergru\u0308nden haben sich zusammengetan mit dem Ziel, Investoren und finanziell notleidende [&hellip;]<\/p>\n","protected":false},"author":4,"featured_media":6634,"comment_status":"closed","ping_status":"closed","sticky":false,"template":"","format":"standard","meta":{"_acf_changed":false,"_yoast_wpseo_focuskw":"Plattform","_yoast_wpseo_metadesc":"Grosse Teile unseres Alltags stehen immer noch still. Viele Kleinunternehmen m\u00fcssen ihre T\u00fcren schliessen. Eine Plattform bietet nun Unterst\u00fctzung.","articlekey":"","footnotes":""},"categories":[29],"tags":[132,335,339,492],"class_list":["post-6633","post","type-post","status-publish","format-standard","has-post-thumbnail","hentry","category-marketing","tag-coronavirus","tag-management-und-unternehmensfuehrung","tag-marketing","tag-unternehmen"],"acf":[],"yoast_head":"<!-- This site is optimized with the Yoast SEO plugin v27.5 - https:\/\/yoast.com\/product\/yoast-seo-wordpress\/ -->\n<title>Plattform zur Unterst\u00fctzung von Kleinunternehmen: 4Switzerland.ch - Organisator<\/title>\n<meta name=\"description\" content=\"Grosse Teile unseres Alltags stehen immer noch still. Viele Kleinunternehmen m\u00fcssen ihre T\u00fcren schliessen. Eine Plattform bietet nun Unterst\u00fctzung.\" \/>\n<meta name=\"robots\" content=\"index, follow, max-snippet:-1, max-image-preview:large, max-video-preview:-1\" \/>\n<link rel=\"canonical\" href=\"https:\/\/www.organisator.ch\/en\/marketing\/2020-04-28\/plattform-zur-unterstuetzung-von-kleinunternehmen-4switzerland-ch\/\" \/>\n<meta property=\"og:locale\" content=\"en_US\" \/>\n<meta property=\"og:type\" content=\"article\" \/>\n<meta property=\"og:title\" content=\"Plattform zur Unterst\u00fctzung von Kleinunternehmen: 4Switzerland.ch\" \/>\n<meta property=\"og:description\" content=\"Grosse Teile unseres Alltags stehen immer noch still. Viele Kleinunternehmen m\u00fcssen ihre T\u00fcren schliessen. Eine Plattform bietet nun Unterst\u00fctzung.\" \/>\n<meta property=\"og:url\" content=\"https:\/\/www.organisator.ch\/en\/marketing\/2020-04-28\/plattform-zur-unterstuetzung-von-kleinunternehmen-4switzerland-ch\/\" \/>\n<meta property=\"og:site_name\" content=\"Organisator\" \/>\n<meta property=\"article:publisher\" content=\"https:\/\/www.facebook.com\/OrganisatorFachmagazin\" \/>\n<meta property=\"article:published_time\" content=\"2020-04-28T06:45:11+00:00\" \/>\n<meta property=\"og:image\" content=\"https:\/\/www.organisator.ch\/wp-content\/uploads\/2020\/04\/Plattform-zur-Unterstuetzung-von-Kleinunternehmen-4Switzerlandch_Organisator.jpg\" \/>\n\t<meta property=\"og:image:width\" content=\"680\" \/>\n\t<meta property=\"og:image:height\" content=\"476\" \/>\n\t<meta property=\"og:image:type\" content=\"image\/jpeg\" \/>\n<meta name=\"author\" content=\"thomas.berner\" \/>\n<meta name=\"twitter:card\" content=\"summary_large_image\" \/>\n<meta name=\"twitter:title\" content=\"#Plattform zur Unterst\u00fctzung von #Kleinunternehmen: #4Switzerland.ch\" \/>\n<meta name=\"twitter:description\" content=\"Grosse Teile unseres Alltags stehen immer noch still. Viele #Kleinunternehmen m\u00fcssen ihre T\u00fcren schliessen. Eine #Plattform bietet nun Unterst\u00fctzung.\" \/>\n<meta name=\"twitter:image\" content=\"https:\/\/www.organisator.ch\/wp-content\/uploads\/2020\/04\/Plattform-zur-Unterstuetzung-von-Kleinunternehmen-4Switzerlandch_Organisator.jpg\" \/>\n<script type=\"application\/ld+json\" class=\"yoast-schema-graph\">{\"@context\":\"https:\\\/\\\/schema.org\",\"@graph\":[{\"@type\":\"Article\",\"@id\":\"https:\\\/\\\/www.organisator.ch\\\/marketing\\\/2020-04-28\\\/plattform-zur-unterstuetzung-von-kleinunternehmen-4switzerland-ch\\\/#article\",\"isPartOf\":{\"@id\":\"https:\\\/\\\/www.organisator.ch\\\/marketing\\\/2020-04-28\\\/plattform-zur-unterstuetzung-von-kleinunternehmen-4switzerland-ch\\\/\"},\"author\":{\"name\":\"thomas.berner\",\"@id\":\"https:\\\/\\\/www.organisator.ch\\\/#\\\/schema\\\/person\\\/6f650f90b2842cd4c0cc334b4e36f67e\"},\"headline\":\"Plattform zur Unterst\u00fctzung von Kleinunternehmen: 4Switzerland.ch\",\"datePublished\":\"2020-04-28T06:45:11+00:00\",\"mainEntityOfPage\":{\"@id\":\"https:\\\/\\\/www.organisator.ch\\\/marketing\\\/2020-04-28\\\/plattform-zur-unterstuetzung-von-kleinunternehmen-4switzerland-ch\\\/\"},\"wordCount\":358,\"publisher\":{\"@id\":\"https:\\\/\\\/www.organisator.ch\\\/#organization\"},\"image\":{\"@id\":\"https:\\\/\\\/www.organisator.ch\\\/marketing\\\/2020-04-28\\\/plattform-zur-unterstuetzung-von-kleinunternehmen-4switzerland-ch\\\/#primaryimage\"},\"thumbnailUrl\":\"https:\\\/\\\/www.organisator.ch\\\/wp-content\\\/uploads\\\/2020\\\/04\\\/Plattform-zur-Unterstuetzung-von-Kleinunternehmen-4Switzerlandch_Organisator.jpg\",\"keywords\":[\"Coronavirus\",\"Management und Unternehmensf\u00fchrung\",\"Marketing\",\"Unternehmen\"],\"articleSection\":[\"MARKETING\"],\"inLanguage\":\"en-US\"},{\"@type\":\"WebPage\",\"@id\":\"https:\\\/\\\/www.organisator.ch\\\/marketing\\\/2020-04-28\\\/plattform-zur-unterstuetzung-von-kleinunternehmen-4switzerland-ch\\\/\",\"url\":\"https:\\\/\\\/www.organisator.ch\\\/marketing\\\/2020-04-28\\\/plattform-zur-unterstuetzung-von-kleinunternehmen-4switzerland-ch\\\/\",\"name\":\"Plattform zur Unterst\u00fctzung von Kleinunternehmen: 4Switzerland.ch - Organisator\",\"isPartOf\":{\"@id\":\"https:\\\/\\\/www.organisator.ch\\\/#website\"},\"primaryImageOfPage\":{\"@id\":\"https:\\\/\\\/www.organisator.ch\\\/marketing\\\/2020-04-28\\\/plattform-zur-unterstuetzung-von-kleinunternehmen-4switzerland-ch\\\/#primaryimage\"},\"image\":{\"@id\":\"https:\\\/\\\/www.organisator.ch\\\/marketing\\\/2020-04-28\\\/plattform-zur-unterstuetzung-von-kleinunternehmen-4switzerland-ch\\\/#primaryimage\"},\"thumbnailUrl\":\"https:\\\/\\\/www.organisator.ch\\\/wp-content\\\/uploads\\\/2020\\\/04\\\/Plattform-zur-Unterstuetzung-von-Kleinunternehmen-4Switzerlandch_Organisator.jpg\",\"datePublished\":\"2020-04-28T06:45:11+00:00\",\"description\":\"Grosse Teile unseres Alltags stehen immer noch still. Viele Kleinunternehmen m\u00fcssen ihre T\u00fcren schliessen. Eine Plattform bietet nun Unterst\u00fctzung.\",\"breadcrumb\":{\"@id\":\"https:\\\/\\\/www.organisator.ch\\\/marketing\\\/2020-04-28\\\/plattform-zur-unterstuetzung-von-kleinunternehmen-4switzerland-ch\\\/#breadcrumb\"},\"inLanguage\":\"en-US\",\"potentialAction\":[{\"@type\":\"ReadAction\",\"target\":[\"https:\\\/\\\/www.organisator.ch\\\/marketing\\\/2020-04-28\\\/plattform-zur-unterstuetzung-von-kleinunternehmen-4switzerland-ch\\\/\"]}]},{\"@type\":\"ImageObject\",\"inLanguage\":\"en-US\",\"@id\":\"https:\\\/\\\/www.organisator.ch\\\/marketing\\\/2020-04-28\\\/plattform-zur-unterstuetzung-von-kleinunternehmen-4switzerland-ch\\\/#primaryimage\",\"url\":\"https:\\\/\\\/www.organisator.ch\\\/wp-content\\\/uploads\\\/2020\\\/04\\\/Plattform-zur-Unterstuetzung-von-Kleinunternehmen-4Switzerlandch_Organisator.jpg\",\"contentUrl\":\"https:\\\/\\\/www.organisator.ch\\\/wp-content\\\/uploads\\\/2020\\\/04\\\/Plattform-zur-Unterstuetzung-von-Kleinunternehmen-4Switzerlandch_Organisator.jpg\",\"width\":680,\"height\":476,\"caption\":\"Eine Gruppe von Privatpersonen hat die Plattform 4switzerland.ch ins Leben gerufen. Dort kann f\u00fcr unterst\u00fctzungsbed\u00fcrftige KMU gespendet werden. (Bild: 4switzerland.ch)\"},{\"@type\":\"BreadcrumbList\",\"@id\":\"https:\\\/\\\/www.organisator.ch\\\/marketing\\\/2020-04-28\\\/plattform-zur-unterstuetzung-von-kleinunternehmen-4switzerland-ch\\\/#breadcrumb\",\"itemListElement\":[{\"@type\":\"ListItem\",\"position\":1,\"name\":\"Home\",\"item\":\"https:\\\/\\\/www.organisator.ch\\\/\"},{\"@type\":\"ListItem\",\"position\":2,\"name\":\"Plattform zur Unterst\u00fctzung von Kleinunternehmen: 4Switzerland.ch\"}]},{\"@type\":\"WebSite\",\"@id\":\"https:\\\/\\\/www.organisator.ch\\\/#website\",\"url\":\"https:\\\/\\\/www.organisator.ch\\\/\",\"name\":\"Organisator\",\"description\":\"Kompetent. Praxisnah. Der ORGANISATOR bereitet in 10 Ausgaben pro Jahr die wesentlichen Themen f\u00fcr F\u00fchrungskr\u00e4fte von KMU auf.\",\"publisher\":{\"@id\":\"https:\\\/\\\/www.organisator.ch\\\/#organization\"},\"potentialAction\":[{\"@type\":\"SearchAction\",\"target\":{\"@type\":\"EntryPoint\",\"urlTemplate\":\"https:\\\/\\\/www.organisator.ch\\\/?s={search_term_string}\"},\"query-input\":{\"@type\":\"PropertyValueSpecification\",\"valueRequired\":true,\"valueName\":\"search_term_string\"}}],\"inLanguage\":\"en-US\"},{\"@type\":\"Organization\",\"@id\":\"https:\\\/\\\/www.organisator.ch\\\/#organization\",\"name\":\"Organisator\",\"url\":\"https:\\\/\\\/www.organisator.ch\\\/\",\"logo\":{\"@type\":\"ImageObject\",\"inLanguage\":\"en-US\",\"@id\":\"https:\\\/\\\/www.organisator.ch\\\/#\\\/schema\\\/logo\\\/image\\\/\",\"url\":\"https:\\\/\\\/www.organisator.ch\\\/wp-content\\\/uploads\\\/2022\\\/01\\\/Logo_Organisator_Website.png\",\"contentUrl\":\"https:\\\/\\\/www.organisator.ch\\\/wp-content\\\/uploads\\\/2022\\\/01\\\/Logo_Organisator_Website.png\",\"width\":800,\"height\":77,\"caption\":\"Organisator\"},\"image\":{\"@id\":\"https:\\\/\\\/www.organisator.ch\\\/#\\\/schema\\\/logo\\\/image\\\/\"},\"sameAs\":[\"https:\\\/\\\/www.facebook.com\\\/OrganisatorFachmagazin\",\"https:\\\/\\\/www.linkedin.com\\\/showcase\\\/organisator-das-magazin-fr-kmu\",\"https:\\\/\\\/www.xing.com\\\/news\\\/pages\\\/organisator-ch-695\",\"https:\\\/\\\/www.youtube.com\\\/channel\\\/UCGP2Sq0iWaZwT3BdIAQFYpw\"]},{\"@type\":\"Person\",\"@id\":\"https:\\\/\\\/www.organisator.ch\\\/#\\\/schema\\\/person\\\/6f650f90b2842cd4c0cc334b4e36f67e\",\"name\":\"thomas.berner\",\"image\":{\"@type\":\"ImageObject\",\"inLanguage\":\"en-US\",\"@id\":\"https:\\\/\\\/secure.gravatar.com\\\/avatar\\\/ac5001d2a36cb6c6cd3e50789007ffca834b477b74a2144564522e944eabff61?s=96&d=mm&r=g\",\"url\":\"https:\\\/\\\/secure.gravatar.com\\\/avatar\\\/ac5001d2a36cb6c6cd3e50789007ffca834b477b74a2144564522e944eabff61?s=96&d=mm&r=g\",\"contentUrl\":\"https:\\\/\\\/secure.gravatar.com\\\/avatar\\\/ac5001d2a36cb6c6cd3e50789007ffca834b477b74a2144564522e944eabff61?s=96&d=mm&r=g\",\"caption\":\"thomas.berner\"},\"url\":\"https:\\\/\\\/www.organisator.ch\\\/en\\\/author\\\/thomas-berner\\\/\"}]}<\/script>\n<!-- \/ Yoast SEO plugin. -->","yoast_head_json":{"title":"Small business support platform: 4Switzerland.ch - Organizer","description":"Large parts of our everyday life are still at a standstill. Many small businesses have to close their doors. A platform now offers support.","robots":{"index":"index","follow":"follow","max-snippet":"max-snippet:-1","max-image-preview":"max-image-preview:large","max-video-preview":"max-video-preview:-1"},"canonical":"https:\/\/www.organisator.ch\/en\/marketing\/2020-04-28\/plattform-zur-unterstuetzung-von-kleinunternehmen-4switzerland-ch\/","og_locale":"en_US","og_type":"article","og_title":"Plattform zur Unterst\u00fctzung von Kleinunternehmen: 4Switzerland.ch","og_description":"Grosse Teile unseres Alltags stehen immer noch still. Viele Kleinunternehmen m\u00fcssen ihre T\u00fcren schliessen. Eine Plattform bietet nun Unterst\u00fctzung.","og_url":"https:\/\/www.organisator.ch\/en\/marketing\/2020-04-28\/plattform-zur-unterstuetzung-von-kleinunternehmen-4switzerland-ch\/","og_site_name":"Organisator","article_publisher":"https:\/\/www.facebook.com\/OrganisatorFachmagazin","article_published_time":"2020-04-28T06:45:11+00:00","og_image":[{"width":680,"height":476,"url":"https:\/\/www.organisator.ch\/wp-content\/uploads\/2020\/04\/Plattform-zur-Unterstuetzung-von-Kleinunternehmen-4Switzerlandch_Organisator.jpg","type":"image\/jpeg"}],"author":"thomas.berner","twitter_card":"summary_large_image","twitter_title":"#Plattform zur Unterst\u00fctzung von #Kleinunternehmen: #4Switzerland.ch","twitter_description":"Grosse Teile unseres Alltags stehen immer noch still. Viele #Kleinunternehmen m\u00fcssen ihre T\u00fcren schliessen. Eine #Plattform bietet nun Unterst\u00fctzung.","twitter_image":"https:\/\/www.organisator.ch\/wp-content\/uploads\/2020\/04\/Plattform-zur-Unterstuetzung-von-Kleinunternehmen-4Switzerlandch_Organisator.jpg","schema":{"@context":"https:\/\/schema.org","@graph":[{"@type":"Article","@id":"https:\/\/www.organisator.ch\/marketing\/2020-04-28\/plattform-zur-unterstuetzung-von-kleinunternehmen-4switzerland-ch\/#article","isPartOf":{"@id":"https:\/\/www.organisator.ch\/marketing\/2020-04-28\/plattform-zur-unterstuetzung-von-kleinunternehmen-4switzerland-ch\/"},"author":{"name":"thomas.berner","@id":"https:\/\/www.organisator.ch\/#\/schema\/person\/6f650f90b2842cd4c0cc334b4e36f67e"},"headline":"Plattform zur Unterst\u00fctzung von Kleinunternehmen: 4Switzerland.ch","datePublished":"2020-04-28T06:45:11+00:00","mainEntityOfPage":{"@id":"https:\/\/www.organisator.ch\/marketing\/2020-04-28\/plattform-zur-unterstuetzung-von-kleinunternehmen-4switzerland-ch\/"},"wordCount":358,"publisher":{"@id":"https:\/\/www.organisator.ch\/#organization"},"image":{"@id":"https:\/\/www.organisator.ch\/marketing\/2020-04-28\/plattform-zur-unterstuetzung-von-kleinunternehmen-4switzerland-ch\/#primaryimage"},"thumbnailUrl":"https:\/\/www.organisator.ch\/wp-content\/uploads\/2020\/04\/Plattform-zur-Unterstuetzung-von-Kleinunternehmen-4Switzerlandch_Organisator.jpg","keywords":["Coronavirus","Management und Unternehmensf\u00fchrung","Marketing","Unternehmen"],"articleSection":["MARKETING"],"inLanguage":"en-US"},{"@type":"WebPage","@id":"https:\/\/www.organisator.ch\/marketing\/2020-04-28\/plattform-zur-unterstuetzung-von-kleinunternehmen-4switzerland-ch\/","url":"https:\/\/www.organisator.ch\/marketing\/2020-04-28\/plattform-zur-unterstuetzung-von-kleinunternehmen-4switzerland-ch\/","name":"Small business support platform: 4Switzerland.ch - Organizer","isPartOf":{"@id":"https:\/\/www.organisator.ch\/#website"},"primaryImageOfPage":{"@id":"https:\/\/www.organisator.ch\/marketing\/2020-04-28\/plattform-zur-unterstuetzung-von-kleinunternehmen-4switzerland-ch\/#primaryimage"},"image":{"@id":"https:\/\/www.organisator.ch\/marketing\/2020-04-28\/plattform-zur-unterstuetzung-von-kleinunternehmen-4switzerland-ch\/#primaryimage"},"thumbnailUrl":"https:\/\/www.organisator.ch\/wp-content\/uploads\/2020\/04\/Plattform-zur-Unterstuetzung-von-Kleinunternehmen-4Switzerlandch_Organisator.jpg","datePublished":"2020-04-28T06:45:11+00:00","description":"Large parts of our everyday life are still at a standstill. Many small businesses have to close their doors. A platform now offers support.","breadcrumb":{"@id":"https:\/\/www.organisator.ch\/marketing\/2020-04-28\/plattform-zur-unterstuetzung-von-kleinunternehmen-4switzerland-ch\/#breadcrumb"},"inLanguage":"en-US","potentialAction":[{"@type":"ReadAction","target":["https:\/\/www.organisator.ch\/marketing\/2020-04-28\/plattform-zur-unterstuetzung-von-kleinunternehmen-4switzerland-ch\/"]}]},{"@type":"ImageObject","inLanguage":"en-US","@id":"https:\/\/www.organisator.ch\/marketing\/2020-04-28\/plattform-zur-unterstuetzung-von-kleinunternehmen-4switzerland-ch\/#primaryimage","url":"https:\/\/www.organisator.ch\/wp-content\/uploads\/2020\/04\/Plattform-zur-Unterstuetzung-von-Kleinunternehmen-4Switzerlandch_Organisator.jpg","contentUrl":"https:\/\/www.organisator.ch\/wp-content\/uploads\/2020\/04\/Plattform-zur-Unterstuetzung-von-Kleinunternehmen-4Switzerlandch_Organisator.jpg","width":680,"height":476,"caption":"Eine Gruppe von Privatpersonen hat die Plattform 4switzerland.ch ins Leben gerufen. Dort kann f\u00fcr unterst\u00fctzungsbed\u00fcrftige KMU gespendet werden. (Bild: 4switzerland.ch)"},{"@type":"BreadcrumbList","@id":"https:\/\/www.organisator.ch\/marketing\/2020-04-28\/plattform-zur-unterstuetzung-von-kleinunternehmen-4switzerland-ch\/#breadcrumb","itemListElement":[{"@type":"ListItem","position":1,"name":"Home","item":"https:\/\/www.organisator.ch\/"},{"@type":"ListItem","position":2,"name":"Plattform zur Unterst\u00fctzung von Kleinunternehmen: 4Switzerland.ch"}]},{"@type":"WebSite","@id":"https:\/\/www.organisator.ch\/#website","url":"https:\/\/www.organisator.ch\/","name":"Organizer","description":"Competent. Practical. In 10 issues per year, ORGANISATOR presents the essential topics for managers of SMEs.","publisher":{"@id":"https:\/\/www.organisator.ch\/#organization"},"potentialAction":[{"@type":"SearchAction","target":{"@type":"EntryPoint","urlTemplate":"https:\/\/www.organisator.ch\/?s={search_term_string}"},"query-input":{"@type":"PropertyValueSpecification","valueRequired":true,"valueName":"search_term_string"}}],"inLanguage":"en-US"},{"@type":"Organization","@id":"https:\/\/www.organisator.ch\/#organization","name":"Organizer","url":"https:\/\/www.organisator.ch\/","logo":{"@type":"ImageObject","inLanguage":"en-US","@id":"https:\/\/www.organisator.ch\/#\/schema\/logo\/image\/","url":"https:\/\/www.organisator.ch\/wp-content\/uploads\/2022\/01\/Logo_Organisator_Website.png","contentUrl":"https:\/\/www.organisator.ch\/wp-content\/uploads\/2022\/01\/Logo_Organisator_Website.png","width":800,"height":77,"caption":"Organisator"},"image":{"@id":"https:\/\/www.organisator.ch\/#\/schema\/logo\/image\/"},"sameAs":["https:\/\/www.facebook.com\/OrganisatorFachmagazin","https:\/\/www.linkedin.com\/showcase\/organisator-das-magazin-fr-kmu","https:\/\/www.xing.com\/news\/pages\/organisator-ch-695","https:\/\/www.youtube.com\/channel\/UCGP2Sq0iWaZwT3BdIAQFYpw"]},{"@type":"Person","@id":"https:\/\/www.organisator.ch\/#\/schema\/person\/6f650f90b2842cd4c0cc334b4e36f67e","name":"thomas.berner","image":{"@type":"ImageObject","inLanguage":"en-US","@id":"https:\/\/secure.gravatar.com\/avatar\/ac5001d2a36cb6c6cd3e50789007ffca834b477b74a2144564522e944eabff61?s=96&d=mm&r=g","url":"https:\/\/secure.gravatar.com\/avatar\/ac5001d2a36cb6c6cd3e50789007ffca834b477b74a2144564522e944eabff61?s=96&d=mm&r=g","contentUrl":"https:\/\/secure.gravatar.com\/avatar\/ac5001d2a36cb6c6cd3e50789007ffca834b477b74a2144564522e944eabff61?s=96&d=mm&r=g","caption":"thomas.berner"},"url":"https:\/\/www.organisator.ch\/en\/author\/thomas-berner\/"}]}},"_links":{"self":[{"href":"https:\/\/www.organisator.ch\/en\/wp-json\/wp\/v2\/posts\/6633","targetHints":{"allow":["GET"]}}],"collection":[{"href":"https:\/\/www.organisator.ch\/en\/wp-json\/wp\/v2\/posts"}],"about":[{"href":"https:\/\/www.organisator.ch\/en\/wp-json\/wp\/v2\/types\/post"}],"author":[{"embeddable":true,"href":"https:\/\/www.organisator.ch\/en\/wp-json\/wp\/v2\/users\/4"}],"replies":[{"embeddable":true,"href":"https:\/\/www.organisator.ch\/en\/wp-json\/wp\/v2\/comments?post=6633"}],"version-history":[{"count":0,"href":"https:\/\/www.organisator.ch\/en\/wp-json\/wp\/v2\/posts\/6633\/revisions"}],"wp:featuredmedia":[{"embeddable":true,"href":"https:\/\/www.organisator.ch\/en\/wp-json\/wp\/v2\/media\/6634"}],"wp:attachment":[{"href":"https:\/\/www.organisator.ch\/en\/wp-json\/wp\/v2\/media?parent=6633"}],"wp:term":[{"taxonomy":"category","embeddable":true,"href":"https:\/\/www.organisator.ch\/en\/wp-json\/wp\/v2\/categories?post=6633"},{"taxonomy":"post_tag","embeddable":true,"href":"https:\/\/www.organisator.ch\/en\/wp-json\/wp\/v2\/tags?post=6633"}],"curies":[{"name":"wp","href":"https:\/\/api.w.org\/{rel}","templated":true}]}}