{"id":6657,"date":"2020-05-01T14:44:06","date_gmt":"2020-05-01T12:44:06","guid":{"rendered":"https:\/\/www.organisator.ch\/?p=6657"},"modified":"2020-05-01T14:44:06","modified_gmt":"2020-05-01T12:44:06","slug":"gedaempfter-optimismus-bei-grossunternehmen-insolvenzaengste-bei-kmu","status":"publish","type":"post","link":"https:\/\/www.organisator.ch\/en\/management\/finanzen_recht\/2020-05-01\/gedaempfter-optimismus-bei-grossunternehmen-insolvenzaengste-bei-kmu\/","title":{"rendered":"Subdued optimism among large companies - insolvency fears among SMEs"},"content":{"rendered":"<figure id=\"attachment_6659\" aria-describedby=\"caption-attachment-6659\" style=\"width: 680px\" class=\"wp-caption alignnone\"><img loading=\"lazy\" decoding=\"async\" class=\"size-medium wp-image-6659\" src=\"https:\/\/www.organisator.ch\/wp-content\/uploads\/2020\/05\/Gedaempfter-Optimismus-bei-Grossunternehmen-Insolvenzaengste-bei-KMU-1_Organisator.jpg\" alt=\"\" width=\"680\" height=\"352\" srcset=\"https:\/\/www.organisator.ch\/wp-content\/uploads\/2020\/05\/Gedaempfter-Optimismus-bei-Grossunternehmen-Insolvenzaengste-bei-KMU-1_Organisator.jpg 680w, https:\/\/www.organisator.ch\/wp-content\/uploads\/2020\/05\/Gedaempfter-Optimismus-bei-Grossunternehmen-Insolvenzaengste-bei-KMU-1_Organisator-16x8.jpg 16w, https:\/\/www.organisator.ch\/wp-content\/uploads\/2020\/05\/Gedaempfter-Optimismus-bei-Grossunternehmen-Insolvenzaengste-bei-KMU-1_Organisator-338x175.jpg 338w, https:\/\/www.organisator.ch\/wp-content\/uploads\/2020\/05\/Gedaempfter-Optimismus-bei-Grossunternehmen-Insolvenzaengste-bei-KMU-1_Organisator-676x350.jpg 676w, https:\/\/www.organisator.ch\/wp-content\/uploads\/2020\/05\/Gedaempfter-Optimismus-bei-Grossunternehmen-Insolvenzaengste-bei-KMU-1_Organisator-300x155.jpg 300w\" sizes=\"auto, (max-width: 680px) 100vw, 680px\" \/><figcaption id=\"caption-attachment-6659\" class=\"wp-caption-text\">The shutdown due to the Corona pandemic is triggering insolvency fears among many SMEs. (Image: Pixabay.com)<\/figcaption><\/figure>\n<p>In an online flash survey conducted by Visable, the operator of the B2B platform \"Wer liefert Was\" (Who Supplies What), 8.7 percent of the SMEs surveyed said that they would be insolvent if the lockdown lasted even longer, and another 12.6 percent do not know how long they will be able to maintain their business. In short: fears of insolvency are on the rise. After all, a quarter of businesses (26 %) are counting on government support and hope to be able to secure their existence by drawing on government funds. This contrasts with 40.1 percent of companies that believe they can get off lightly and continue to exist after the crisis.<\/p>\n<h2><strong>Increased short-time work and production downtime<\/strong><\/h2>\n<p>The new survey, which was conducted between April 21 and 26, makes it clear that the situation for SMEs in the DACH region has worsened since the beginning of March: The number of companies sending their employees on short-time work has more than doubled in comparison: 40.5 percent of respondents now say they are working short-time. At the beginning of March, this figure was still 20.7 percent of companies in Switzerland.<\/p>\n<figure id=\"attachment_6658\" aria-describedby=\"caption-attachment-6658\" style=\"width: 680px\" class=\"wp-caption alignnone\"><img loading=\"lazy\" decoding=\"async\" class=\"size-medium wp-image-6658\" src=\"https:\/\/www.organisator.ch\/wp-content\/uploads\/2020\/05\/Gedaempfter-Optimismus-bei-Grossunternehmen-Insolvenzaengste-bei-KMU-2_Organisator.jpg\" alt=\"\" width=\"680\" height=\"378\" srcset=\"https:\/\/www.organisator.ch\/wp-content\/uploads\/2020\/05\/Gedaempfter-Optimismus-bei-Grossunternehmen-Insolvenzaengste-bei-KMU-2_Organisator.jpg 680w, https:\/\/www.organisator.ch\/wp-content\/uploads\/2020\/05\/Gedaempfter-Optimismus-bei-Grossunternehmen-Insolvenzaengste-bei-KMU-2_Organisator-16x9.jpg 16w, https:\/\/www.organisator.ch\/wp-content\/uploads\/2020\/05\/Gedaempfter-Optimismus-bei-Grossunternehmen-Insolvenzaengste-bei-KMU-2_Organisator-315x175.jpg 315w, https:\/\/www.organisator.ch\/wp-content\/uploads\/2020\/05\/Gedaempfter-Optimismus-bei-Grossunternehmen-Insolvenzaengste-bei-KMU-2_Organisator-630x350.jpg 630w, https:\/\/www.organisator.ch\/wp-content\/uploads\/2020\/05\/Gedaempfter-Optimismus-bei-Grossunternehmen-Insolvenzaengste-bei-KMU-2_Organisator-300x167.jpg 300w\" sizes=\"auto, (max-width: 680px) 100vw, 680px\" \/><figcaption id=\"caption-attachment-6658\" class=\"wp-caption-text\">Here's how the Corona pandemic is hitting SMEs. (Source: Visable)<\/figcaption><\/figure>\n<p>More than one in four companies (25.5 %) is also affected by the complete closure of operations due to official orders. Production comes to a standstill in around eight percent of the companies surveyed. More than two-thirds (37.6 %) suffer enormous losses in sales. In some companies, despite all this, the working day is still going on: 22.4 percent of the companies are working with respirators in normal operation. 28.9 percent work from a home office.<\/p>\n<h2><strong>No fear of insolvency among CFOs of larger companies<\/strong><\/h2>\n<p>By contrast, according to a survey conducted by PwC, Swiss CFOs are becoming less concerned about the impact of COVID-19. In the current wave of the survey, only 47% of respondents expressed great concern, compared with 58% and 75% in the two previous rounds of so-called CFO Pulse surveys, which the accounting firm has conducted every two weeks since the start of the Corona crisis, according to PwC. Swiss CFOs (along with their counterparts in Germany and Denmark) still seem less concerned about the COVID-19 crisis than their global counterparts. Only 47% of respondents in Switzerland now believe the outbreak has the potential to significantly impact their business, compared to 70% of respondents in all areas surveyed.<\/p>\n<p>However, compared to the previous two waves of the survey, the number of CFOs in Switzerland expecting a recovery within three months has dropped significantly - from 90% in the first wave and 72% in the second to just 50% in the latest round. Interestingly, CFOs in Germany have a more optimistic expectation that the economy will \"recover,\" with over 70% of respondents expecting a recovery within three months.<\/p>\n<h2><strong>Various effects of the crisis<\/strong><\/h2>\n<p>The Corona pandemic is having the effect of accelerating digitization, especially in procurement processes. Visable reports significantly higher access numbers to its platforms. \"The current state of emergency is proof that purchasing, procurement, but also marketing and sales must completely reposition themselves in the long term and become more digital in order to be prepared for the future,\" says Peter F. Schmid, CEO of Visable.<\/p>\n<p>However, SMEs threatened in their existence could find salvation in an acquisition by a larger company. CFOs surveyed by PwC, for example, report an \"increasing appetite for M&amp;A activity\" (17 % in Switzerland versus 11 % of the global sample. Swiss CFOs also express one of the highest levels of confidence in the long-term stability of their M&amp;A strategy across the sample. It remains to be seen whether a wave of takeovers will really follow, especially since many SMEs currently suffering the consequences of the Corona pandemic are active in sectors that are already under constant economic pressure - low margins, saturated markets.<\/p>\n<p><em>Sources: <a href=\"http:\/\/www.visable.com\">Visible<\/a>, <a href=\"http:\/\/www.pwc.ch\">PwC<\/a><\/em><\/p>","protected":false},"excerpt":{"rendered":"<p>In einer Online-Blitzumfrage von Visable, dem Betreiber der B2B-Plattform \u00abWer liefert Was\u00bb, gaben 8.7 Prozent der befragten KMUs an, dass sie bei einem noch l\u00e4ngeren Lockdown insolvent w\u00e4ren, weitere 12.6 Prozent wissen nicht, wie lange sie ihr Gesch\u00e4ft noch aufrecht erhalten k\u00f6nnen. Kurz: Insolvenz\u00e4ngste nehmen zu. Immerhin ein Viertel der Unternehmen (26 %) setzt auf [&hellip;]<\/p>\n","protected":false},"author":4,"featured_media":6659,"comment_status":"closed","ping_status":"closed","sticky":false,"template":"","format":"standard","meta":{"_acf_changed":false,"_yoast_wpseo_focuskw":"Insolvenz\u00e4ngste","_yoast_wpseo_metadesc":"Jedes f\u00fcnfte Unternehmen in der DACH-Region hat Insolvenz\u00e4ngste. Demgegen\u00fcber \u00e4ussern sich CFOs gr\u00f6sserer Unternehmen weniger besorgt.","articlekey":"","footnotes":""},"categories":[24],"tags":[132,202,459,508],"class_list":["post-6657","post","type-post","status-publish","format-standard","has-post-thumbnail","hentry","category-finanzen_recht","tag-coronavirus","tag-finanzenrecht","tag-studie","tag-vermischtes"],"acf":[],"yoast_head":"<!-- This site is optimized with the Yoast SEO plugin v27.4 - https:\/\/yoast.com\/product\/yoast-seo-wordpress\/ -->\n<title>Ged\u00e4mpfter Optimismus bei Grossunternehmen \u2013 Insolvenz\u00e4ngste bei KMU - Organisator<\/title>\n<meta name=\"description\" content=\"Jedes f\u00fcnfte Unternehmen in der DACH-Region hat Insolvenz\u00e4ngste. Demgegen\u00fcber \u00e4ussern sich CFOs gr\u00f6sserer Unternehmen weniger besorgt.\" \/>\n<meta name=\"robots\" content=\"index, follow, max-snippet:-1, max-image-preview:large, max-video-preview:-1\" \/>\n<link rel=\"canonical\" href=\"https:\/\/www.organisator.ch\/en\/management\/finanzen_recht\/2020-05-01\/gedaempfter-optimismus-bei-grossunternehmen-insolvenzaengste-bei-kmu\/\" \/>\n<meta property=\"og:locale\" content=\"en_US\" \/>\n<meta property=\"og:type\" content=\"article\" \/>\n<meta property=\"og:title\" content=\"Ged\u00e4mpfter Optimismus bei Grossunternehmen \u2013 Insolvenz\u00e4ngste bei KMU\" \/>\n<meta property=\"og:description\" content=\"Jedes f\u00fcnfte Unternehmen in der DACH-Region hat Insolvenz\u00e4ngste. Demgegen\u00fcber \u00e4ussern sich CFOs gr\u00f6sserer Unternehmen weniger besorgt.\" \/>\n<meta property=\"og:url\" content=\"https:\/\/www.organisator.ch\/en\/management\/finanzen_recht\/2020-05-01\/gedaempfter-optimismus-bei-grossunternehmen-insolvenzaengste-bei-kmu\/\" \/>\n<meta property=\"og:site_name\" content=\"Organisator\" \/>\n<meta property=\"article:publisher\" content=\"https:\/\/www.facebook.com\/OrganisatorFachmagazin\" \/>\n<meta property=\"article:published_time\" content=\"2020-05-01T12:44:06+00:00\" \/>\n<meta property=\"og:image\" content=\"https:\/\/www.organisator.ch\/wp-content\/uploads\/2020\/05\/Gedaempfter-Optimismus-bei-Grossunternehmen-Insolvenzaengste-bei-KMU-1_Organisator.jpg\" \/>\n\t<meta property=\"og:image:width\" content=\"680\" \/>\n\t<meta property=\"og:image:height\" content=\"352\" \/>\n\t<meta property=\"og:image:type\" content=\"image\/jpeg\" \/>\n<meta name=\"author\" content=\"thomas.berner\" \/>\n<meta name=\"twitter:card\" content=\"summary_large_image\" \/>\n<meta name=\"twitter:title\" content=\"Ged\u00e4mpfter #Optimismus bei #Grossunternehmen \u2013 Insolvenz\u00e4ngste bei KMU\" \/>\n<meta name=\"twitter:description\" content=\"Jedes f\u00fcnfte Unternehmen in der #DACH-Region hat #Insolvenz\u00e4ngste. Demgegen\u00fcber \u00e4ussern sich CFOs gr\u00f6sserer Unternehmen weniger besorgt.\" \/>\n<meta name=\"twitter:image\" content=\"https:\/\/www.organisator.ch\/wp-content\/uploads\/2020\/05\/Gedaempfter-Optimismus-bei-Grossunternehmen-Insolvenzaengste-bei-KMU-1_Organisator.jpg\" \/>\n<script type=\"application\/ld+json\" class=\"yoast-schema-graph\">{\"@context\":\"https:\\\/\\\/schema.org\",\"@graph\":[{\"@type\":\"Article\",\"@id\":\"https:\\\/\\\/www.organisator.ch\\\/management\\\/finanzen_recht\\\/2020-05-01\\\/gedaempfter-optimismus-bei-grossunternehmen-insolvenzaengste-bei-kmu\\\/#article\",\"isPartOf\":{\"@id\":\"https:\\\/\\\/www.organisator.ch\\\/management\\\/finanzen_recht\\\/2020-05-01\\\/gedaempfter-optimismus-bei-grossunternehmen-insolvenzaengste-bei-kmu\\\/\"},\"author\":{\"name\":\"thomas.berner\",\"@id\":\"https:\\\/\\\/www.organisator.ch\\\/#\\\/schema\\\/person\\\/6f650f90b2842cd4c0cc334b4e36f67e\"},\"headline\":\"Ged\u00e4mpfter Optimismus bei Grossunternehmen \u2013 Insolvenz\u00e4ngste bei KMU\",\"datePublished\":\"2020-05-01T12:44:06+00:00\",\"mainEntityOfPage\":{\"@id\":\"https:\\\/\\\/www.organisator.ch\\\/management\\\/finanzen_recht\\\/2020-05-01\\\/gedaempfter-optimismus-bei-grossunternehmen-insolvenzaengste-bei-kmu\\\/\"},\"wordCount\":643,\"publisher\":{\"@id\":\"https:\\\/\\\/www.organisator.ch\\\/#organization\"},\"image\":{\"@id\":\"https:\\\/\\\/www.organisator.ch\\\/management\\\/finanzen_recht\\\/2020-05-01\\\/gedaempfter-optimismus-bei-grossunternehmen-insolvenzaengste-bei-kmu\\\/#primaryimage\"},\"thumbnailUrl\":\"https:\\\/\\\/www.organisator.ch\\\/wp-content\\\/uploads\\\/2020\\\/05\\\/Gedaempfter-Optimismus-bei-Grossunternehmen-Insolvenzaengste-bei-KMU-1_Organisator.jpg\",\"keywords\":[\"Coronavirus\",\"Finanzen\\\/Recht\",\"Studie\",\"Vermischtes\"],\"articleSection\":[\"FINANZEN\\\/RECHT\"],\"inLanguage\":\"en-US\"},{\"@type\":\"WebPage\",\"@id\":\"https:\\\/\\\/www.organisator.ch\\\/management\\\/finanzen_recht\\\/2020-05-01\\\/gedaempfter-optimismus-bei-grossunternehmen-insolvenzaengste-bei-kmu\\\/\",\"url\":\"https:\\\/\\\/www.organisator.ch\\\/management\\\/finanzen_recht\\\/2020-05-01\\\/gedaempfter-optimismus-bei-grossunternehmen-insolvenzaengste-bei-kmu\\\/\",\"name\":\"Ged\u00e4mpfter Optimismus bei Grossunternehmen \u2013 Insolvenz\u00e4ngste bei KMU - Organisator\",\"isPartOf\":{\"@id\":\"https:\\\/\\\/www.organisator.ch\\\/#website\"},\"primaryImageOfPage\":{\"@id\":\"https:\\\/\\\/www.organisator.ch\\\/management\\\/finanzen_recht\\\/2020-05-01\\\/gedaempfter-optimismus-bei-grossunternehmen-insolvenzaengste-bei-kmu\\\/#primaryimage\"},\"image\":{\"@id\":\"https:\\\/\\\/www.organisator.ch\\\/management\\\/finanzen_recht\\\/2020-05-01\\\/gedaempfter-optimismus-bei-grossunternehmen-insolvenzaengste-bei-kmu\\\/#primaryimage\"},\"thumbnailUrl\":\"https:\\\/\\\/www.organisator.ch\\\/wp-content\\\/uploads\\\/2020\\\/05\\\/Gedaempfter-Optimismus-bei-Grossunternehmen-Insolvenzaengste-bei-KMU-1_Organisator.jpg\",\"datePublished\":\"2020-05-01T12:44:06+00:00\",\"description\":\"Jedes f\u00fcnfte Unternehmen in der DACH-Region hat Insolvenz\u00e4ngste. Demgegen\u00fcber \u00e4ussern sich CFOs gr\u00f6sserer Unternehmen weniger besorgt.\",\"breadcrumb\":{\"@id\":\"https:\\\/\\\/www.organisator.ch\\\/management\\\/finanzen_recht\\\/2020-05-01\\\/gedaempfter-optimismus-bei-grossunternehmen-insolvenzaengste-bei-kmu\\\/#breadcrumb\"},\"inLanguage\":\"en-US\",\"potentialAction\":[{\"@type\":\"ReadAction\",\"target\":[\"https:\\\/\\\/www.organisator.ch\\\/management\\\/finanzen_recht\\\/2020-05-01\\\/gedaempfter-optimismus-bei-grossunternehmen-insolvenzaengste-bei-kmu\\\/\"]}]},{\"@type\":\"ImageObject\",\"inLanguage\":\"en-US\",\"@id\":\"https:\\\/\\\/www.organisator.ch\\\/management\\\/finanzen_recht\\\/2020-05-01\\\/gedaempfter-optimismus-bei-grossunternehmen-insolvenzaengste-bei-kmu\\\/#primaryimage\",\"url\":\"https:\\\/\\\/www.organisator.ch\\\/wp-content\\\/uploads\\\/2020\\\/05\\\/Gedaempfter-Optimismus-bei-Grossunternehmen-Insolvenzaengste-bei-KMU-1_Organisator.jpg\",\"contentUrl\":\"https:\\\/\\\/www.organisator.ch\\\/wp-content\\\/uploads\\\/2020\\\/05\\\/Gedaempfter-Optimismus-bei-Grossunternehmen-Insolvenzaengste-bei-KMU-1_Organisator.jpg\",\"width\":680,\"height\":352,\"caption\":\"Der Shutdown wegen der Corona-Pandemie l\u00f6st bei vielen KMU Insolvenz\u00e4ngste aus. (Bild: Pixabay.com)\"},{\"@type\":\"BreadcrumbList\",\"@id\":\"https:\\\/\\\/www.organisator.ch\\\/management\\\/finanzen_recht\\\/2020-05-01\\\/gedaempfter-optimismus-bei-grossunternehmen-insolvenzaengste-bei-kmu\\\/#breadcrumb\",\"itemListElement\":[{\"@type\":\"ListItem\",\"position\":1,\"name\":\"Home\",\"item\":\"https:\\\/\\\/www.organisator.ch\\\/\"},{\"@type\":\"ListItem\",\"position\":2,\"name\":\"Ged\u00e4mpfter Optimismus bei Grossunternehmen \u2013 Insolvenz\u00e4ngste bei KMU\"}]},{\"@type\":\"WebSite\",\"@id\":\"https:\\\/\\\/www.organisator.ch\\\/#website\",\"url\":\"https:\\\/\\\/www.organisator.ch\\\/\",\"name\":\"Organisator\",\"description\":\"Kompetent. Praxisnah. Der ORGANISATOR bereitet in 10 Ausgaben pro Jahr die wesentlichen Themen f\u00fcr F\u00fchrungskr\u00e4fte von KMU auf.\",\"publisher\":{\"@id\":\"https:\\\/\\\/www.organisator.ch\\\/#organization\"},\"potentialAction\":[{\"@type\":\"SearchAction\",\"target\":{\"@type\":\"EntryPoint\",\"urlTemplate\":\"https:\\\/\\\/www.organisator.ch\\\/?s={search_term_string}\"},\"query-input\":{\"@type\":\"PropertyValueSpecification\",\"valueRequired\":true,\"valueName\":\"search_term_string\"}}],\"inLanguage\":\"en-US\"},{\"@type\":\"Organization\",\"@id\":\"https:\\\/\\\/www.organisator.ch\\\/#organization\",\"name\":\"Organisator\",\"url\":\"https:\\\/\\\/www.organisator.ch\\\/\",\"logo\":{\"@type\":\"ImageObject\",\"inLanguage\":\"en-US\",\"@id\":\"https:\\\/\\\/www.organisator.ch\\\/#\\\/schema\\\/logo\\\/image\\\/\",\"url\":\"https:\\\/\\\/www.organisator.ch\\\/wp-content\\\/uploads\\\/2022\\\/01\\\/Logo_Organisator_Website.png\",\"contentUrl\":\"https:\\\/\\\/www.organisator.ch\\\/wp-content\\\/uploads\\\/2022\\\/01\\\/Logo_Organisator_Website.png\",\"width\":800,\"height\":77,\"caption\":\"Organisator\"},\"image\":{\"@id\":\"https:\\\/\\\/www.organisator.ch\\\/#\\\/schema\\\/logo\\\/image\\\/\"},\"sameAs\":[\"https:\\\/\\\/www.facebook.com\\\/OrganisatorFachmagazin\",\"https:\\\/\\\/www.linkedin.com\\\/showcase\\\/organisator-das-magazin-fr-kmu\",\"https:\\\/\\\/www.xing.com\\\/news\\\/pages\\\/organisator-ch-695\",\"https:\\\/\\\/www.youtube.com\\\/channel\\\/UCGP2Sq0iWaZwT3BdIAQFYpw\"]},{\"@type\":\"Person\",\"@id\":\"https:\\\/\\\/www.organisator.ch\\\/#\\\/schema\\\/person\\\/6f650f90b2842cd4c0cc334b4e36f67e\",\"name\":\"thomas.berner\",\"image\":{\"@type\":\"ImageObject\",\"inLanguage\":\"en-US\",\"@id\":\"https:\\\/\\\/secure.gravatar.com\\\/avatar\\\/ac5001d2a36cb6c6cd3e50789007ffca834b477b74a2144564522e944eabff61?s=96&d=mm&r=g\",\"url\":\"https:\\\/\\\/secure.gravatar.com\\\/avatar\\\/ac5001d2a36cb6c6cd3e50789007ffca834b477b74a2144564522e944eabff61?s=96&d=mm&r=g\",\"contentUrl\":\"https:\\\/\\\/secure.gravatar.com\\\/avatar\\\/ac5001d2a36cb6c6cd3e50789007ffca834b477b74a2144564522e944eabff61?s=96&d=mm&r=g\",\"caption\":\"thomas.berner\"},\"url\":\"https:\\\/\\\/www.organisator.ch\\\/en\\\/author\\\/thomas-berner\\\/\"}]}<\/script>\n<!-- \/ Yoast SEO plugin. -->","yoast_head_json":{"title":"Muted optimism among large companies - insolvency fears among SMEs - Organizer","description":"One in five companies in the DACH region is worried about insolvency. In contrast, CFOs of larger companies express less concern.","robots":{"index":"index","follow":"follow","max-snippet":"max-snippet:-1","max-image-preview":"max-image-preview:large","max-video-preview":"max-video-preview:-1"},"canonical":"https:\/\/www.organisator.ch\/en\/management\/finanzen_recht\/2020-05-01\/gedaempfter-optimismus-bei-grossunternehmen-insolvenzaengste-bei-kmu\/","og_locale":"en_US","og_type":"article","og_title":"Ged\u00e4mpfter Optimismus bei Grossunternehmen \u2013 Insolvenz\u00e4ngste bei KMU","og_description":"Jedes f\u00fcnfte Unternehmen in der DACH-Region hat Insolvenz\u00e4ngste. Demgegen\u00fcber \u00e4ussern sich CFOs gr\u00f6sserer Unternehmen weniger besorgt.","og_url":"https:\/\/www.organisator.ch\/en\/management\/finanzen_recht\/2020-05-01\/gedaempfter-optimismus-bei-grossunternehmen-insolvenzaengste-bei-kmu\/","og_site_name":"Organisator","article_publisher":"https:\/\/www.facebook.com\/OrganisatorFachmagazin","article_published_time":"2020-05-01T12:44:06+00:00","og_image":[{"width":680,"height":352,"url":"https:\/\/www.organisator.ch\/wp-content\/uploads\/2020\/05\/Gedaempfter-Optimismus-bei-Grossunternehmen-Insolvenzaengste-bei-KMU-1_Organisator.jpg","type":"image\/jpeg"}],"author":"thomas.berner","twitter_card":"summary_large_image","twitter_title":"Ged\u00e4mpfter #Optimismus bei #Grossunternehmen \u2013 Insolvenz\u00e4ngste bei KMU","twitter_description":"Jedes f\u00fcnfte Unternehmen in der #DACH-Region hat #Insolvenz\u00e4ngste. Demgegen\u00fcber \u00e4ussern sich CFOs gr\u00f6sserer Unternehmen weniger besorgt.","twitter_image":"https:\/\/www.organisator.ch\/wp-content\/uploads\/2020\/05\/Gedaempfter-Optimismus-bei-Grossunternehmen-Insolvenzaengste-bei-KMU-1_Organisator.jpg","schema":{"@context":"https:\/\/schema.org","@graph":[{"@type":"Article","@id":"https:\/\/www.organisator.ch\/management\/finanzen_recht\/2020-05-01\/gedaempfter-optimismus-bei-grossunternehmen-insolvenzaengste-bei-kmu\/#article","isPartOf":{"@id":"https:\/\/www.organisator.ch\/management\/finanzen_recht\/2020-05-01\/gedaempfter-optimismus-bei-grossunternehmen-insolvenzaengste-bei-kmu\/"},"author":{"name":"thomas.berner","@id":"https:\/\/www.organisator.ch\/#\/schema\/person\/6f650f90b2842cd4c0cc334b4e36f67e"},"headline":"Ged\u00e4mpfter Optimismus bei Grossunternehmen \u2013 Insolvenz\u00e4ngste bei KMU","datePublished":"2020-05-01T12:44:06+00:00","mainEntityOfPage":{"@id":"https:\/\/www.organisator.ch\/management\/finanzen_recht\/2020-05-01\/gedaempfter-optimismus-bei-grossunternehmen-insolvenzaengste-bei-kmu\/"},"wordCount":643,"publisher":{"@id":"https:\/\/www.organisator.ch\/#organization"},"image":{"@id":"https:\/\/www.organisator.ch\/management\/finanzen_recht\/2020-05-01\/gedaempfter-optimismus-bei-grossunternehmen-insolvenzaengste-bei-kmu\/#primaryimage"},"thumbnailUrl":"https:\/\/www.organisator.ch\/wp-content\/uploads\/2020\/05\/Gedaempfter-Optimismus-bei-Grossunternehmen-Insolvenzaengste-bei-KMU-1_Organisator.jpg","keywords":["Coronavirus","Finanzen\/Recht","Studie","Vermischtes"],"articleSection":["FINANZEN\/RECHT"],"inLanguage":"en-US"},{"@type":"WebPage","@id":"https:\/\/www.organisator.ch\/management\/finanzen_recht\/2020-05-01\/gedaempfter-optimismus-bei-grossunternehmen-insolvenzaengste-bei-kmu\/","url":"https:\/\/www.organisator.ch\/management\/finanzen_recht\/2020-05-01\/gedaempfter-optimismus-bei-grossunternehmen-insolvenzaengste-bei-kmu\/","name":"Muted optimism among large companies - insolvency fears among SMEs - Organizer","isPartOf":{"@id":"https:\/\/www.organisator.ch\/#website"},"primaryImageOfPage":{"@id":"https:\/\/www.organisator.ch\/management\/finanzen_recht\/2020-05-01\/gedaempfter-optimismus-bei-grossunternehmen-insolvenzaengste-bei-kmu\/#primaryimage"},"image":{"@id":"https:\/\/www.organisator.ch\/management\/finanzen_recht\/2020-05-01\/gedaempfter-optimismus-bei-grossunternehmen-insolvenzaengste-bei-kmu\/#primaryimage"},"thumbnailUrl":"https:\/\/www.organisator.ch\/wp-content\/uploads\/2020\/05\/Gedaempfter-Optimismus-bei-Grossunternehmen-Insolvenzaengste-bei-KMU-1_Organisator.jpg","datePublished":"2020-05-01T12:44:06+00:00","description":"One in five companies in the DACH region is worried about insolvency. In contrast, CFOs of larger companies express less concern.","breadcrumb":{"@id":"https:\/\/www.organisator.ch\/management\/finanzen_recht\/2020-05-01\/gedaempfter-optimismus-bei-grossunternehmen-insolvenzaengste-bei-kmu\/#breadcrumb"},"inLanguage":"en-US","potentialAction":[{"@type":"ReadAction","target":["https:\/\/www.organisator.ch\/management\/finanzen_recht\/2020-05-01\/gedaempfter-optimismus-bei-grossunternehmen-insolvenzaengste-bei-kmu\/"]}]},{"@type":"ImageObject","inLanguage":"en-US","@id":"https:\/\/www.organisator.ch\/management\/finanzen_recht\/2020-05-01\/gedaempfter-optimismus-bei-grossunternehmen-insolvenzaengste-bei-kmu\/#primaryimage","url":"https:\/\/www.organisator.ch\/wp-content\/uploads\/2020\/05\/Gedaempfter-Optimismus-bei-Grossunternehmen-Insolvenzaengste-bei-KMU-1_Organisator.jpg","contentUrl":"https:\/\/www.organisator.ch\/wp-content\/uploads\/2020\/05\/Gedaempfter-Optimismus-bei-Grossunternehmen-Insolvenzaengste-bei-KMU-1_Organisator.jpg","width":680,"height":352,"caption":"Der Shutdown wegen der Corona-Pandemie l\u00f6st bei vielen KMU Insolvenz\u00e4ngste aus. (Bild: Pixabay.com)"},{"@type":"BreadcrumbList","@id":"https:\/\/www.organisator.ch\/management\/finanzen_recht\/2020-05-01\/gedaempfter-optimismus-bei-grossunternehmen-insolvenzaengste-bei-kmu\/#breadcrumb","itemListElement":[{"@type":"ListItem","position":1,"name":"Home","item":"https:\/\/www.organisator.ch\/"},{"@type":"ListItem","position":2,"name":"Ged\u00e4mpfter Optimismus bei Grossunternehmen \u2013 Insolvenz\u00e4ngste bei KMU"}]},{"@type":"WebSite","@id":"https:\/\/www.organisator.ch\/#website","url":"https:\/\/www.organisator.ch\/","name":"Organizer","description":"Competent. Practical. In 10 issues per year, ORGANISATOR presents the essential topics for managers of SMEs.","publisher":{"@id":"https:\/\/www.organisator.ch\/#organization"},"potentialAction":[{"@type":"SearchAction","target":{"@type":"EntryPoint","urlTemplate":"https:\/\/www.organisator.ch\/?s={search_term_string}"},"query-input":{"@type":"PropertyValueSpecification","valueRequired":true,"valueName":"search_term_string"}}],"inLanguage":"en-US"},{"@type":"Organization","@id":"https:\/\/www.organisator.ch\/#organization","name":"Organizer","url":"https:\/\/www.organisator.ch\/","logo":{"@type":"ImageObject","inLanguage":"en-US","@id":"https:\/\/www.organisator.ch\/#\/schema\/logo\/image\/","url":"https:\/\/www.organisator.ch\/wp-content\/uploads\/2022\/01\/Logo_Organisator_Website.png","contentUrl":"https:\/\/www.organisator.ch\/wp-content\/uploads\/2022\/01\/Logo_Organisator_Website.png","width":800,"height":77,"caption":"Organisator"},"image":{"@id":"https:\/\/www.organisator.ch\/#\/schema\/logo\/image\/"},"sameAs":["https:\/\/www.facebook.com\/OrganisatorFachmagazin","https:\/\/www.linkedin.com\/showcase\/organisator-das-magazin-fr-kmu","https:\/\/www.xing.com\/news\/pages\/organisator-ch-695","https:\/\/www.youtube.com\/channel\/UCGP2Sq0iWaZwT3BdIAQFYpw"]},{"@type":"Person","@id":"https:\/\/www.organisator.ch\/#\/schema\/person\/6f650f90b2842cd4c0cc334b4e36f67e","name":"thomas.berner","image":{"@type":"ImageObject","inLanguage":"en-US","@id":"https:\/\/secure.gravatar.com\/avatar\/ac5001d2a36cb6c6cd3e50789007ffca834b477b74a2144564522e944eabff61?s=96&d=mm&r=g","url":"https:\/\/secure.gravatar.com\/avatar\/ac5001d2a36cb6c6cd3e50789007ffca834b477b74a2144564522e944eabff61?s=96&d=mm&r=g","contentUrl":"https:\/\/secure.gravatar.com\/avatar\/ac5001d2a36cb6c6cd3e50789007ffca834b477b74a2144564522e944eabff61?s=96&d=mm&r=g","caption":"thomas.berner"},"url":"https:\/\/www.organisator.ch\/en\/author\/thomas-berner\/"}]}},"_links":{"self":[{"href":"https:\/\/www.organisator.ch\/en\/wp-json\/wp\/v2\/posts\/6657","targetHints":{"allow":["GET"]}}],"collection":[{"href":"https:\/\/www.organisator.ch\/en\/wp-json\/wp\/v2\/posts"}],"about":[{"href":"https:\/\/www.organisator.ch\/en\/wp-json\/wp\/v2\/types\/post"}],"author":[{"embeddable":true,"href":"https:\/\/www.organisator.ch\/en\/wp-json\/wp\/v2\/users\/4"}],"replies":[{"embeddable":true,"href":"https:\/\/www.organisator.ch\/en\/wp-json\/wp\/v2\/comments?post=6657"}],"version-history":[{"count":0,"href":"https:\/\/www.organisator.ch\/en\/wp-json\/wp\/v2\/posts\/6657\/revisions"}],"wp:featuredmedia":[{"embeddable":true,"href":"https:\/\/www.organisator.ch\/en\/wp-json\/wp\/v2\/media\/6659"}],"wp:attachment":[{"href":"https:\/\/www.organisator.ch\/en\/wp-json\/wp\/v2\/media?parent=6657"}],"wp:term":[{"taxonomy":"category","embeddable":true,"href":"https:\/\/www.organisator.ch\/en\/wp-json\/wp\/v2\/categories?post=6657"},{"taxonomy":"post_tag","embeddable":true,"href":"https:\/\/www.organisator.ch\/en\/wp-json\/wp\/v2\/tags?post=6657"}],"curies":[{"name":"wp","href":"https:\/\/api.w.org\/{rel}","templated":true}]}}