{"id":6662,"date":"2020-05-04T13:56:33","date_gmt":"2020-05-04T11:56:33","guid":{"rendered":"https:\/\/www.organisator.ch\/?p=6662"},"modified":"2020-05-04T13:56:33","modified_gmt":"2020-05-04T11:56:33","slug":"kmu-der-mem-branche-von-corona-mitten-ins-mark-getroffen","status":"publish","type":"post","link":"https:\/\/www.organisator.ch\/en\/management\/2020-05-04\/kmu-der-mem-branche-von-corona-mitten-ins-mark-getroffen\/","title":{"rendered":"SMEs in the MEM sector hit right in the heart by Corona"},"content":{"rendered":"<figure id=\"attachment_6664\" aria-describedby=\"caption-attachment-6664\" style=\"width: 680px\" class=\"wp-caption alignnone\"><img loading=\"lazy\" decoding=\"async\" class=\"size-medium wp-image-6664\" src=\"https:\/\/www.organisator.ch\/wp-content\/uploads\/2020\/05\/KMU-der-MEM-Branche-von-Corona-mitten-ins-Mark-getroffen-1_Organisator.jpg\" alt=\"\" width=\"680\" height=\"453\" srcset=\"https:\/\/www.organisator.ch\/wp-content\/uploads\/2020\/05\/KMU-der-MEM-Branche-von-Corona-mitten-ins-Mark-getroffen-1_Organisator.jpg 680w, https:\/\/www.organisator.ch\/wp-content\/uploads\/2020\/05\/KMU-der-MEM-Branche-von-Corona-mitten-ins-Mark-getroffen-1_Organisator-16x12.jpg 16w, https:\/\/www.organisator.ch\/wp-content\/uploads\/2020\/05\/KMU-der-MEM-Branche-von-Corona-mitten-ins-Mark-getroffen-1_Organisator-263x175.jpg 263w, https:\/\/www.organisator.ch\/wp-content\/uploads\/2020\/05\/KMU-der-MEM-Branche-von-Corona-mitten-ins-Mark-getroffen-1_Organisator-525x350.jpg 525w, https:\/\/www.organisator.ch\/wp-content\/uploads\/2020\/05\/KMU-der-MEM-Branche-von-Corona-mitten-ins-Mark-getroffen-1_Organisator-300x200.jpg 300w\" sizes=\"auto, (max-width: 680px) 100vw, 680px\" \/><figcaption id=\"caption-attachment-6664\" class=\"wp-caption-text\">The impact of the Corona crisis is hitting SMEs in the MEM sector hard, a company survey by Swissmechanic shows. (Image: Pixabay.com)<\/figcaption><\/figure>\n<p>A recent survey by BAK Economics and the Swissmechanic association, in which more than 400 companies participated, shows how severely SMEs in the MEM sector have been affected by the Corona crisis. Despite some dramatic developments, however, most companies are confident that they will be able to successfully overcome the crisis.<\/p>\n<h2>SMEs in the MEM sector particularly hard hit<\/h2>\n<p>The Swiss MEM industry is one of those sectors that has been particularly hard hit by the negative consequences of the Corona pandemic. There was already a slowdown in growth in 2019. The inevitable cyclical downturn was exacerbated by an additional reluctance to invest caused by political uncertainties. The appreciation of the Swiss franc presented the MEM industries with further problems. The Corona crisis is therefore hitting the MEM industries in an already difficult phase.<\/p>\n<p>A company survey conducted between April 6 and 24 by BAK Economics and Swissmechanic sheds light on the immediate impact of the Corona crisis on the SME sector in the MEM industries, as well as the measures that companies have taken in response to the crisis situation.<\/p>\n<h2>Corona pandemic hits SMEs on the supply and demand side<\/h2>\n<p>Throughout the first quarter, order intake and sales deteriorated again at the majority of companies. In the wake of the pandemic, order cancellations then occurred at almost one in two companies (45%). On the supply side, the Corona crisis is making itself felt at 42 percent of companies in the form of interruptions in the supply chain for the procurement of raw materials and semi-finished products. In addition, one in four companies reports staff absences due to illness, quarantine or care obligations.<\/p>\n<h2>SMEs in the MEM sector respond with cost savings<\/h2>\n<p>The financial impact of the crisis is already clear, according to the Swissmechanic survey. Around a third of companies (35%) reported liquidity problems. About one in three SMEs (34%) had applied for a state bridging loan, according to further survey results. The most important government support is short-time work compensation. Two out of three SMEs have registered for short-time work. For their part, companies are responding by cutting costs: 16 percent made layoffs, 72 percent imposed a hiring freeze, and 68 percent are responding by halting investments.<\/p>\n<h2>The order backlog of SMEs has deteriorated significantly<\/h2>\n<p>Capacity utilization at companies fell significantly in the first quarter, averaging 74 percent. The longer the economic crisis lasts, the thinner the air becomes for SMEs. At more than half of the companies (53%), the order backlog will not last a whole month. In January, the figure was still 41 percent. The average order backlog for all companies surveyed is currently 7.6 weeks, less than two months.<\/p>\n<figure id=\"attachment_6663\" aria-describedby=\"caption-attachment-6663\" style=\"width: 680px\" class=\"wp-caption alignnone\"><img loading=\"lazy\" decoding=\"async\" class=\"size-medium wp-image-6663\" src=\"https:\/\/www.organisator.ch\/wp-content\/uploads\/2020\/05\/KMU-der-MEM-Branche-von-Corona-mitten-ins-Mark-getroffen-2_Organisator.jpg\" alt=\"\" width=\"680\" height=\"703\" srcset=\"https:\/\/www.organisator.ch\/wp-content\/uploads\/2020\/05\/KMU-der-MEM-Branche-von-Corona-mitten-ins-Mark-getroffen-2_Organisator.jpg 680w, https:\/\/www.organisator.ch\/wp-content\/uploads\/2020\/05\/KMU-der-MEM-Branche-von-Corona-mitten-ins-Mark-getroffen-2_Organisator-12x12.jpg 12w, https:\/\/www.organisator.ch\/wp-content\/uploads\/2020\/05\/KMU-der-MEM-Branche-von-Corona-mitten-ins-Mark-getroffen-2_Organisator-169x175.jpg 169w, https:\/\/www.organisator.ch\/wp-content\/uploads\/2020\/05\/KMU-der-MEM-Branche-von-Corona-mitten-ins-Mark-getroffen-2_Organisator-339x350.jpg 339w, https:\/\/www.organisator.ch\/wp-content\/uploads\/2020\/05\/KMU-der-MEM-Branche-von-Corona-mitten-ins-Mark-getroffen-2_Organisator-300x310.jpg 300w\" sizes=\"auto, (max-width: 680px) 100vw, 680px\" \/><figcaption id=\"caption-attachment-6663\" class=\"wp-caption-text\">Order books of SMEs in the MEM sector. (Graphic: Swissmechanic)<\/figcaption><\/figure>\n<h2>Majority of companies also expect order losses in the second half of 2020<\/h2>\n<p>Only one in five companies (21%) expects the phase of pandemic-related demand shortfalls to be over after just three months. The majority expect the lean period to last longer than one quarter. Around 40 percent of SMEs expect demand shortfalls to last for 4-6 months. Nearly one-third of companies (31%) estimate it will last 7-12 months. One in eleven companies (9%) fear order losses for more than 1 year. On average, companies expect order losses to last until about the end of 2020 (7.5 months).<\/p>\n<h2>Majority of companies confident of overcoming the Corona crisis<\/h2>\n<p>The majority of SMEs in the MEM sector are confident of mastering the crisis. Only a minority of companies see their existence in acute danger. Thus, 6 percent of companies report a serious risk of bankruptcy, while 2 percent of all companies state that they are planning or have already completed a plant closure as a result of the Corona crisis.<br \/>\nEven if the crisis is overcome without a wave of bankruptcies, its effects will be felt for some time to come. Many SMEs will have to struggle even longer to pay off the increased debt burden. The financial scope for being able to make the necessary investments in digital transformation has become even narrower with the Corona crisis. This could have a negative impact on the growth potential of the industry in the long term.<\/p>\n<p><em>Source and further information: <a href=\"http:\/\/www.swissmechanic.ch\">Swissmechanic<\/a><\/em><\/p>","protected":false},"excerpt":{"rendered":"<p>Eine aktuelle Umfrage von BAK Economics und dem Verband Swissmechanic, an der sich mehr als 400 Unternehmen beteiligt haben, zeigt auf, wie stark KMU der MEM-Branche von der Corona-Krise betroffen sind. Trotz zum Teil dramatischen Entwicklungen zeigen sich aber die meisten Unternehmen zuversichtlich, die Krise erfolgreich meistern zu k\u00f6nnen. KMU der MEM-Branche besonders stark betroffen [&hellip;]<\/p>\n","protected":false},"author":4,"featured_media":6664,"comment_status":"closed","ping_status":"closed","sticky":false,"template":"","format":"standard","meta":{"_acf_changed":false,"_yoast_wpseo_focuskw":"KMU der MEM-Branche","_yoast_wpseo_metadesc":"Die KMU der MEM-Branche erleiden einen empfindlichen Nachfrageeinbruch, der sich bereits bei jedem dritten Unternehmen sp\u00fcrbar niederschl\u00e4gt.","articlekey":"","footnotes":""},"categories":[28],"tags":[132,335,459,492],"class_list":["post-6662","post","type-post","status-publish","format-standard","has-post-thumbnail","hentry","category-management","tag-coronavirus","tag-management-und-unternehmensfuehrung","tag-studie","tag-unternehmen"],"acf":[],"yoast_head":"<!-- This site is optimized with the Yoast SEO plugin v27.5 - https:\/\/yoast.com\/product\/yoast-seo-wordpress\/ -->\n<title>KMU der MEM-Branche von Corona mitten ins Mark getroffen - Organisator<\/title>\n<meta name=\"description\" content=\"Die KMU der MEM-Branche erleiden einen empfindlichen Nachfrageeinbruch, der sich bereits bei jedem dritten Unternehmen sp\u00fcrbar niederschl\u00e4gt.\" \/>\n<meta name=\"robots\" content=\"index, follow, max-snippet:-1, max-image-preview:large, max-video-preview:-1\" \/>\n<link rel=\"canonical\" href=\"https:\/\/www.organisator.ch\/en\/management\/2020-05-04\/kmu-der-mem-branche-von-corona-mitten-ins-mark-getroffen\/\" \/>\n<meta property=\"og:locale\" content=\"en_US\" \/>\n<meta property=\"og:type\" content=\"article\" \/>\n<meta property=\"og:title\" content=\"KMU der MEM-Branche von Corona mitten ins Mark getroffen\" \/>\n<meta property=\"og:description\" content=\"Die KMU der MEM-Branche erleiden einen empfindlichen Nachfrageeinbruch, der sich bereits bei jedem dritten Unternehmen sp\u00fcrbar niederschl\u00e4gt.\" \/>\n<meta property=\"og:url\" content=\"https:\/\/www.organisator.ch\/en\/management\/2020-05-04\/kmu-der-mem-branche-von-corona-mitten-ins-mark-getroffen\/\" \/>\n<meta property=\"og:site_name\" content=\"Organisator\" \/>\n<meta property=\"article:publisher\" content=\"https:\/\/www.facebook.com\/OrganisatorFachmagazin\" \/>\n<meta property=\"article:published_time\" content=\"2020-05-04T11:56:33+00:00\" \/>\n<meta property=\"og:image\" content=\"https:\/\/www.organisator.ch\/wp-content\/uploads\/2020\/05\/KMU-der-MEM-Branche-von-Corona-mitten-ins-Mark-getroffen-1_Organisator.jpg\" \/>\n\t<meta property=\"og:image:width\" content=\"680\" \/>\n\t<meta property=\"og:image:height\" content=\"453\" \/>\n\t<meta property=\"og:image:type\" content=\"image\/jpeg\" \/>\n<meta name=\"author\" content=\"thomas.berner\" \/>\n<meta name=\"twitter:card\" content=\"summary_large_image\" \/>\n<meta name=\"twitter:title\" content=\"KMU der #MEM-Branche von Corona mitten ins Mark getroffen\" \/>\n<meta name=\"twitter:description\" content=\"Die KMU der #MEM-Branche erleiden einen empfindlichen #Nachfrageeinbruch, der sich bereits bei jedem dritten Unternehmen sp\u00fcrbar niederschl\u00e4gt.\" \/>\n<meta name=\"twitter:image\" content=\"https:\/\/www.organisator.ch\/wp-content\/uploads\/2020\/05\/KMU-der-MEM-Branche-von-Corona-mitten-ins-Mark-getroffen-1_Organisator.jpg\" \/>\n<script type=\"application\/ld+json\" class=\"yoast-schema-graph\">{\"@context\":\"https:\\\/\\\/schema.org\",\"@graph\":[{\"@type\":\"Article\",\"@id\":\"https:\\\/\\\/www.organisator.ch\\\/management\\\/2020-05-04\\\/kmu-der-mem-branche-von-corona-mitten-ins-mark-getroffen\\\/#article\",\"isPartOf\":{\"@id\":\"https:\\\/\\\/www.organisator.ch\\\/management\\\/2020-05-04\\\/kmu-der-mem-branche-von-corona-mitten-ins-mark-getroffen\\\/\"},\"author\":{\"name\":\"thomas.berner\",\"@id\":\"https:\\\/\\\/www.organisator.ch\\\/#\\\/schema\\\/person\\\/6f650f90b2842cd4c0cc334b4e36f67e\"},\"headline\":\"KMU der MEM-Branche von Corona mitten ins Mark getroffen\",\"datePublished\":\"2020-05-04T11:56:33+00:00\",\"mainEntityOfPage\":{\"@id\":\"https:\\\/\\\/www.organisator.ch\\\/management\\\/2020-05-04\\\/kmu-der-mem-branche-von-corona-mitten-ins-mark-getroffen\\\/\"},\"wordCount\":668,\"publisher\":{\"@id\":\"https:\\\/\\\/www.organisator.ch\\\/#organization\"},\"image\":{\"@id\":\"https:\\\/\\\/www.organisator.ch\\\/management\\\/2020-05-04\\\/kmu-der-mem-branche-von-corona-mitten-ins-mark-getroffen\\\/#primaryimage\"},\"thumbnailUrl\":\"https:\\\/\\\/www.organisator.ch\\\/wp-content\\\/uploads\\\/2020\\\/05\\\/KMU-der-MEM-Branche-von-Corona-mitten-ins-Mark-getroffen-1_Organisator.jpg\",\"keywords\":[\"Coronavirus\",\"Management und Unternehmensf\u00fchrung\",\"Studie\",\"Unternehmen\"],\"articleSection\":[\"MANAGEMENT\"],\"inLanguage\":\"en-US\"},{\"@type\":\"WebPage\",\"@id\":\"https:\\\/\\\/www.organisator.ch\\\/management\\\/2020-05-04\\\/kmu-der-mem-branche-von-corona-mitten-ins-mark-getroffen\\\/\",\"url\":\"https:\\\/\\\/www.organisator.ch\\\/management\\\/2020-05-04\\\/kmu-der-mem-branche-von-corona-mitten-ins-mark-getroffen\\\/\",\"name\":\"KMU der MEM-Branche von Corona mitten ins Mark getroffen - Organisator\",\"isPartOf\":{\"@id\":\"https:\\\/\\\/www.organisator.ch\\\/#website\"},\"primaryImageOfPage\":{\"@id\":\"https:\\\/\\\/www.organisator.ch\\\/management\\\/2020-05-04\\\/kmu-der-mem-branche-von-corona-mitten-ins-mark-getroffen\\\/#primaryimage\"},\"image\":{\"@id\":\"https:\\\/\\\/www.organisator.ch\\\/management\\\/2020-05-04\\\/kmu-der-mem-branche-von-corona-mitten-ins-mark-getroffen\\\/#primaryimage\"},\"thumbnailUrl\":\"https:\\\/\\\/www.organisator.ch\\\/wp-content\\\/uploads\\\/2020\\\/05\\\/KMU-der-MEM-Branche-von-Corona-mitten-ins-Mark-getroffen-1_Organisator.jpg\",\"datePublished\":\"2020-05-04T11:56:33+00:00\",\"description\":\"Die KMU der MEM-Branche erleiden einen empfindlichen Nachfrageeinbruch, der sich bereits bei jedem dritten Unternehmen sp\u00fcrbar niederschl\u00e4gt.\",\"breadcrumb\":{\"@id\":\"https:\\\/\\\/www.organisator.ch\\\/management\\\/2020-05-04\\\/kmu-der-mem-branche-von-corona-mitten-ins-mark-getroffen\\\/#breadcrumb\"},\"inLanguage\":\"en-US\",\"potentialAction\":[{\"@type\":\"ReadAction\",\"target\":[\"https:\\\/\\\/www.organisator.ch\\\/management\\\/2020-05-04\\\/kmu-der-mem-branche-von-corona-mitten-ins-mark-getroffen\\\/\"]}]},{\"@type\":\"ImageObject\",\"inLanguage\":\"en-US\",\"@id\":\"https:\\\/\\\/www.organisator.ch\\\/management\\\/2020-05-04\\\/kmu-der-mem-branche-von-corona-mitten-ins-mark-getroffen\\\/#primaryimage\",\"url\":\"https:\\\/\\\/www.organisator.ch\\\/wp-content\\\/uploads\\\/2020\\\/05\\\/KMU-der-MEM-Branche-von-Corona-mitten-ins-Mark-getroffen-1_Organisator.jpg\",\"contentUrl\":\"https:\\\/\\\/www.organisator.ch\\\/wp-content\\\/uploads\\\/2020\\\/05\\\/KMU-der-MEM-Branche-von-Corona-mitten-ins-Mark-getroffen-1_Organisator.jpg\",\"width\":680,\"height\":453,\"caption\":\"Die Auswirkungen der Corona-Krise trifft KMU der MEM-Branche stark, wie eine Unternehmensbefragung von Swissmechanic zeigt. (Bild: Pixabay.com)\"},{\"@type\":\"BreadcrumbList\",\"@id\":\"https:\\\/\\\/www.organisator.ch\\\/management\\\/2020-05-04\\\/kmu-der-mem-branche-von-corona-mitten-ins-mark-getroffen\\\/#breadcrumb\",\"itemListElement\":[{\"@type\":\"ListItem\",\"position\":1,\"name\":\"Home\",\"item\":\"https:\\\/\\\/www.organisator.ch\\\/\"},{\"@type\":\"ListItem\",\"position\":2,\"name\":\"KMU der MEM-Branche von Corona mitten ins Mark getroffen\"}]},{\"@type\":\"WebSite\",\"@id\":\"https:\\\/\\\/www.organisator.ch\\\/#website\",\"url\":\"https:\\\/\\\/www.organisator.ch\\\/\",\"name\":\"Organisator\",\"description\":\"Kompetent. Praxisnah. Der ORGANISATOR bereitet in 10 Ausgaben pro Jahr die wesentlichen Themen f\u00fcr F\u00fchrungskr\u00e4fte von KMU auf.\",\"publisher\":{\"@id\":\"https:\\\/\\\/www.organisator.ch\\\/#organization\"},\"potentialAction\":[{\"@type\":\"SearchAction\",\"target\":{\"@type\":\"EntryPoint\",\"urlTemplate\":\"https:\\\/\\\/www.organisator.ch\\\/?s={search_term_string}\"},\"query-input\":{\"@type\":\"PropertyValueSpecification\",\"valueRequired\":true,\"valueName\":\"search_term_string\"}}],\"inLanguage\":\"en-US\"},{\"@type\":\"Organization\",\"@id\":\"https:\\\/\\\/www.organisator.ch\\\/#organization\",\"name\":\"Organisator\",\"url\":\"https:\\\/\\\/www.organisator.ch\\\/\",\"logo\":{\"@type\":\"ImageObject\",\"inLanguage\":\"en-US\",\"@id\":\"https:\\\/\\\/www.organisator.ch\\\/#\\\/schema\\\/logo\\\/image\\\/\",\"url\":\"https:\\\/\\\/www.organisator.ch\\\/wp-content\\\/uploads\\\/2022\\\/01\\\/Logo_Organisator_Website.png\",\"contentUrl\":\"https:\\\/\\\/www.organisator.ch\\\/wp-content\\\/uploads\\\/2022\\\/01\\\/Logo_Organisator_Website.png\",\"width\":800,\"height\":77,\"caption\":\"Organisator\"},\"image\":{\"@id\":\"https:\\\/\\\/www.organisator.ch\\\/#\\\/schema\\\/logo\\\/image\\\/\"},\"sameAs\":[\"https:\\\/\\\/www.facebook.com\\\/OrganisatorFachmagazin\",\"https:\\\/\\\/www.linkedin.com\\\/showcase\\\/organisator-das-magazin-fr-kmu\",\"https:\\\/\\\/www.xing.com\\\/news\\\/pages\\\/organisator-ch-695\",\"https:\\\/\\\/www.youtube.com\\\/channel\\\/UCGP2Sq0iWaZwT3BdIAQFYpw\"]},{\"@type\":\"Person\",\"@id\":\"https:\\\/\\\/www.organisator.ch\\\/#\\\/schema\\\/person\\\/6f650f90b2842cd4c0cc334b4e36f67e\",\"name\":\"thomas.berner\",\"image\":{\"@type\":\"ImageObject\",\"inLanguage\":\"en-US\",\"@id\":\"https:\\\/\\\/secure.gravatar.com\\\/avatar\\\/ac5001d2a36cb6c6cd3e50789007ffca834b477b74a2144564522e944eabff61?s=96&d=mm&r=g\",\"url\":\"https:\\\/\\\/secure.gravatar.com\\\/avatar\\\/ac5001d2a36cb6c6cd3e50789007ffca834b477b74a2144564522e944eabff61?s=96&d=mm&r=g\",\"contentUrl\":\"https:\\\/\\\/secure.gravatar.com\\\/avatar\\\/ac5001d2a36cb6c6cd3e50789007ffca834b477b74a2144564522e944eabff61?s=96&d=mm&r=g\",\"caption\":\"thomas.berner\"},\"url\":\"https:\\\/\\\/www.organisator.ch\\\/en\\\/author\\\/thomas-berner\\\/\"}]}<\/script>\n<!-- \/ Yoast SEO plugin. -->","yoast_head_json":{"title":"SMEs in the MEM sector hit right in the heart by Corona - organizer","description":"SMEs in the MEM sector are suffering a severe slump in demand, which is already having a noticeable impact on one in three companies.","robots":{"index":"index","follow":"follow","max-snippet":"max-snippet:-1","max-image-preview":"max-image-preview:large","max-video-preview":"max-video-preview:-1"},"canonical":"https:\/\/www.organisator.ch\/en\/management\/2020-05-04\/kmu-der-mem-branche-von-corona-mitten-ins-mark-getroffen\/","og_locale":"en_US","og_type":"article","og_title":"KMU der MEM-Branche von Corona mitten ins Mark getroffen","og_description":"Die KMU der MEM-Branche erleiden einen empfindlichen Nachfrageeinbruch, der sich bereits bei jedem dritten Unternehmen sp\u00fcrbar niederschl\u00e4gt.","og_url":"https:\/\/www.organisator.ch\/en\/management\/2020-05-04\/kmu-der-mem-branche-von-corona-mitten-ins-mark-getroffen\/","og_site_name":"Organisator","article_publisher":"https:\/\/www.facebook.com\/OrganisatorFachmagazin","article_published_time":"2020-05-04T11:56:33+00:00","og_image":[{"width":680,"height":453,"url":"https:\/\/www.organisator.ch\/wp-content\/uploads\/2020\/05\/KMU-der-MEM-Branche-von-Corona-mitten-ins-Mark-getroffen-1_Organisator.jpg","type":"image\/jpeg"}],"author":"thomas.berner","twitter_card":"summary_large_image","twitter_title":"KMU der #MEM-Branche von Corona mitten ins Mark getroffen","twitter_description":"Die KMU der #MEM-Branche erleiden einen empfindlichen #Nachfrageeinbruch, der sich bereits bei jedem dritten Unternehmen sp\u00fcrbar niederschl\u00e4gt.","twitter_image":"https:\/\/www.organisator.ch\/wp-content\/uploads\/2020\/05\/KMU-der-MEM-Branche-von-Corona-mitten-ins-Mark-getroffen-1_Organisator.jpg","schema":{"@context":"https:\/\/schema.org","@graph":[{"@type":"Article","@id":"https:\/\/www.organisator.ch\/management\/2020-05-04\/kmu-der-mem-branche-von-corona-mitten-ins-mark-getroffen\/#article","isPartOf":{"@id":"https:\/\/www.organisator.ch\/management\/2020-05-04\/kmu-der-mem-branche-von-corona-mitten-ins-mark-getroffen\/"},"author":{"name":"thomas.berner","@id":"https:\/\/www.organisator.ch\/#\/schema\/person\/6f650f90b2842cd4c0cc334b4e36f67e"},"headline":"KMU der MEM-Branche von Corona mitten ins Mark getroffen","datePublished":"2020-05-04T11:56:33+00:00","mainEntityOfPage":{"@id":"https:\/\/www.organisator.ch\/management\/2020-05-04\/kmu-der-mem-branche-von-corona-mitten-ins-mark-getroffen\/"},"wordCount":668,"publisher":{"@id":"https:\/\/www.organisator.ch\/#organization"},"image":{"@id":"https:\/\/www.organisator.ch\/management\/2020-05-04\/kmu-der-mem-branche-von-corona-mitten-ins-mark-getroffen\/#primaryimage"},"thumbnailUrl":"https:\/\/www.organisator.ch\/wp-content\/uploads\/2020\/05\/KMU-der-MEM-Branche-von-Corona-mitten-ins-Mark-getroffen-1_Organisator.jpg","keywords":["Coronavirus","Management und Unternehmensf\u00fchrung","Studie","Unternehmen"],"articleSection":["MANAGEMENT"],"inLanguage":"en-US"},{"@type":"WebPage","@id":"https:\/\/www.organisator.ch\/management\/2020-05-04\/kmu-der-mem-branche-von-corona-mitten-ins-mark-getroffen\/","url":"https:\/\/www.organisator.ch\/management\/2020-05-04\/kmu-der-mem-branche-von-corona-mitten-ins-mark-getroffen\/","name":"SMEs in the MEM sector hit right in the heart by Corona - organizer","isPartOf":{"@id":"https:\/\/www.organisator.ch\/#website"},"primaryImageOfPage":{"@id":"https:\/\/www.organisator.ch\/management\/2020-05-04\/kmu-der-mem-branche-von-corona-mitten-ins-mark-getroffen\/#primaryimage"},"image":{"@id":"https:\/\/www.organisator.ch\/management\/2020-05-04\/kmu-der-mem-branche-von-corona-mitten-ins-mark-getroffen\/#primaryimage"},"thumbnailUrl":"https:\/\/www.organisator.ch\/wp-content\/uploads\/2020\/05\/KMU-der-MEM-Branche-von-Corona-mitten-ins-Mark-getroffen-1_Organisator.jpg","datePublished":"2020-05-04T11:56:33+00:00","description":"SMEs in the MEM sector are suffering a severe slump in demand, which is already having a noticeable impact on one in three companies.","breadcrumb":{"@id":"https:\/\/www.organisator.ch\/management\/2020-05-04\/kmu-der-mem-branche-von-corona-mitten-ins-mark-getroffen\/#breadcrumb"},"inLanguage":"en-US","potentialAction":[{"@type":"ReadAction","target":["https:\/\/www.organisator.ch\/management\/2020-05-04\/kmu-der-mem-branche-von-corona-mitten-ins-mark-getroffen\/"]}]},{"@type":"ImageObject","inLanguage":"en-US","@id":"https:\/\/www.organisator.ch\/management\/2020-05-04\/kmu-der-mem-branche-von-corona-mitten-ins-mark-getroffen\/#primaryimage","url":"https:\/\/www.organisator.ch\/wp-content\/uploads\/2020\/05\/KMU-der-MEM-Branche-von-Corona-mitten-ins-Mark-getroffen-1_Organisator.jpg","contentUrl":"https:\/\/www.organisator.ch\/wp-content\/uploads\/2020\/05\/KMU-der-MEM-Branche-von-Corona-mitten-ins-Mark-getroffen-1_Organisator.jpg","width":680,"height":453,"caption":"Die Auswirkungen der Corona-Krise trifft KMU der MEM-Branche stark, wie eine Unternehmensbefragung von Swissmechanic zeigt. (Bild: Pixabay.com)"},{"@type":"BreadcrumbList","@id":"https:\/\/www.organisator.ch\/management\/2020-05-04\/kmu-der-mem-branche-von-corona-mitten-ins-mark-getroffen\/#breadcrumb","itemListElement":[{"@type":"ListItem","position":1,"name":"Home","item":"https:\/\/www.organisator.ch\/"},{"@type":"ListItem","position":2,"name":"KMU der MEM-Branche von Corona mitten ins Mark getroffen"}]},{"@type":"WebSite","@id":"https:\/\/www.organisator.ch\/#website","url":"https:\/\/www.organisator.ch\/","name":"Organizer","description":"Competent. Practical. In 10 issues per year, ORGANISATOR presents the essential topics for managers of SMEs.","publisher":{"@id":"https:\/\/www.organisator.ch\/#organization"},"potentialAction":[{"@type":"SearchAction","target":{"@type":"EntryPoint","urlTemplate":"https:\/\/www.organisator.ch\/?s={search_term_string}"},"query-input":{"@type":"PropertyValueSpecification","valueRequired":true,"valueName":"search_term_string"}}],"inLanguage":"en-US"},{"@type":"Organization","@id":"https:\/\/www.organisator.ch\/#organization","name":"Organizer","url":"https:\/\/www.organisator.ch\/","logo":{"@type":"ImageObject","inLanguage":"en-US","@id":"https:\/\/www.organisator.ch\/#\/schema\/logo\/image\/","url":"https:\/\/www.organisator.ch\/wp-content\/uploads\/2022\/01\/Logo_Organisator_Website.png","contentUrl":"https:\/\/www.organisator.ch\/wp-content\/uploads\/2022\/01\/Logo_Organisator_Website.png","width":800,"height":77,"caption":"Organisator"},"image":{"@id":"https:\/\/www.organisator.ch\/#\/schema\/logo\/image\/"},"sameAs":["https:\/\/www.facebook.com\/OrganisatorFachmagazin","https:\/\/www.linkedin.com\/showcase\/organisator-das-magazin-fr-kmu","https:\/\/www.xing.com\/news\/pages\/organisator-ch-695","https:\/\/www.youtube.com\/channel\/UCGP2Sq0iWaZwT3BdIAQFYpw"]},{"@type":"Person","@id":"https:\/\/www.organisator.ch\/#\/schema\/person\/6f650f90b2842cd4c0cc334b4e36f67e","name":"thomas.berner","image":{"@type":"ImageObject","inLanguage":"en-US","@id":"https:\/\/secure.gravatar.com\/avatar\/ac5001d2a36cb6c6cd3e50789007ffca834b477b74a2144564522e944eabff61?s=96&d=mm&r=g","url":"https:\/\/secure.gravatar.com\/avatar\/ac5001d2a36cb6c6cd3e50789007ffca834b477b74a2144564522e944eabff61?s=96&d=mm&r=g","contentUrl":"https:\/\/secure.gravatar.com\/avatar\/ac5001d2a36cb6c6cd3e50789007ffca834b477b74a2144564522e944eabff61?s=96&d=mm&r=g","caption":"thomas.berner"},"url":"https:\/\/www.organisator.ch\/en\/author\/thomas-berner\/"}]}},"_links":{"self":[{"href":"https:\/\/www.organisator.ch\/en\/wp-json\/wp\/v2\/posts\/6662","targetHints":{"allow":["GET"]}}],"collection":[{"href":"https:\/\/www.organisator.ch\/en\/wp-json\/wp\/v2\/posts"}],"about":[{"href":"https:\/\/www.organisator.ch\/en\/wp-json\/wp\/v2\/types\/post"}],"author":[{"embeddable":true,"href":"https:\/\/www.organisator.ch\/en\/wp-json\/wp\/v2\/users\/4"}],"replies":[{"embeddable":true,"href":"https:\/\/www.organisator.ch\/en\/wp-json\/wp\/v2\/comments?post=6662"}],"version-history":[{"count":0,"href":"https:\/\/www.organisator.ch\/en\/wp-json\/wp\/v2\/posts\/6662\/revisions"}],"wp:featuredmedia":[{"embeddable":true,"href":"https:\/\/www.organisator.ch\/en\/wp-json\/wp\/v2\/media\/6664"}],"wp:attachment":[{"href":"https:\/\/www.organisator.ch\/en\/wp-json\/wp\/v2\/media?parent=6662"}],"wp:term":[{"taxonomy":"category","embeddable":true,"href":"https:\/\/www.organisator.ch\/en\/wp-json\/wp\/v2\/categories?post=6662"},{"taxonomy":"post_tag","embeddable":true,"href":"https:\/\/www.organisator.ch\/en\/wp-json\/wp\/v2\/tags?post=6662"}],"curies":[{"name":"wp","href":"https:\/\/api.w.org\/{rel}","templated":true}]}}