{"id":6666,"date":"2020-05-06T14:05:45","date_gmt":"2020-05-06T12:05:45","guid":{"rendered":"https:\/\/www.organisator.ch\/?p=6666"},"modified":"2020-05-06T14:05:45","modified_gmt":"2020-05-06T12:05:45","slug":"charity-wein-als-krisenhilfe-fuer-die-gastronomie","status":"publish","type":"post","link":"https:\/\/www.organisator.ch\/en\/marketing\/2020-05-06\/charity-wein-als-krisenhilfe-fuer-die-gastronomie\/","title":{"rendered":"Charity wine as crisis aid for gastronomy"},"content":{"rendered":"<figure id=\"attachment_6667\" aria-describedby=\"caption-attachment-6667\" style=\"width: 680px\" class=\"wp-caption alignnone\"><img loading=\"lazy\" decoding=\"async\" class=\"size-medium wp-image-6667\" src=\"https:\/\/www.organisator.ch\/wp-content\/uploads\/2020\/05\/Charity-Wein-als-Krisenhilfe-fuer-die-Gastronomie_Organisator.png\" alt=\"\" width=\"680\" height=\"481\" srcset=\"https:\/\/www.organisator.ch\/wp-content\/uploads\/2020\/05\/Charity-Wein-als-Krisenhilfe-fuer-die-Gastronomie_Organisator.png 680w, https:\/\/www.organisator.ch\/wp-content\/uploads\/2020\/05\/Charity-Wein-als-Krisenhilfe-fuer-die-Gastronomie_Organisator-16x12.png 16w, https:\/\/www.organisator.ch\/wp-content\/uploads\/2020\/05\/Charity-Wein-als-Krisenhilfe-fuer-die-Gastronomie_Organisator-247x175.png 247w, https:\/\/www.organisator.ch\/wp-content\/uploads\/2020\/05\/Charity-Wein-als-Krisenhilfe-fuer-die-Gastronomie_Organisator-495x350.png 495w, https:\/\/www.organisator.ch\/wp-content\/uploads\/2020\/05\/Charity-Wein-als-Krisenhilfe-fuer-die-Gastronomie_Organisator-300x212.png 300w\" sizes=\"auto, (max-width: 680px) 100vw, 680px\" \/><figcaption id=\"caption-attachment-6667\" class=\"wp-caption-text\">Charity wine for struggling restaurateurs: A first-class typical Tuscan and Mallorcan red wine each, as well as a fine drop from Valais, can now be ordered from Schuler St. Jakobskellerei. (Image: zVg \/ Schuler St. Jakobskellerei)<\/figcaption><\/figure>\n<p>In keeping with the motto \"Companies help companies\", Schuler St. Jakobskellerei and the participating wineries jointly donate the sales generated from \"Help with a bottle.today\". The entire sales revenue flows into a gastronomy aid fund and is distributed in Switzerland via\u00a0<a href=\"https:\/\/www.jre.eu\/de\/schweiz\">Jeunes Restaurateurs<\/a>,\u00a0<a href=\"https:\/\/www.gastrosuisse.ch\/verband\/?no_cache=1\">GastroSuisse<\/a>\u00a0as well as\u00a0<a href=\"http:\/\/www.gastroschwyz.ch\/gastroschwyz\/\">GastroSchwyz<\/a>\u00a0and donated to the catering industry in Germany via equivalent organizations. Particular attention is being paid to young restaurateurs, as they are often particularly hard hit by the current situation. \"As a retail, online and mail-order merchant, we are fortunately not as dramatically affected by the lockdown due to the Corona pandemic. The gastronomy, which is a very important partner for the wine trade, even more so. That is why we are supporting the gastronomy with this project. As a tradition-conscious and one of the oldest trading houses in Switzerland, this is a particular concern for us,\" comments Nikolas von Haugwitz, Chairman of the Management Board of Schuler St. Jakobskellerei. He thus underscores the company's partnership with the catering industry. The target is a total donation of around CHF 500,000.<\/p>\n<h2><strong>Help and enjoy<\/strong><\/h2>\n<p>The charity wine edition, consisting of one first-class typical Tuscan and Mallorcan red wine each, as well as a fine drop from the Valais, is limited to 30,000 bottles. Anyone who wants to \"Help with a bottle.today\" can order \"their\" charity wine in Switzerland and Germany via\u00a0<a href=\"https:\/\/helpwithabottle.today\/\">helpwithabottle.today<\/a>. The retail price for an auxiliary package of six bottles is CHF 110 \/ \u20ac 99.<\/p>\n<h2><strong>With a little help ...<\/strong><\/h2>\n<p>The project also triggered a wave of helpfulness among the relevant implementation partners for design, print, marketing and communication. In keeping with the Beatles' song \"With a little help from my friends,\" the respective companies provide their services free of charge or at a special charity discount.<\/p>\n<p>This charity action was initiated just two weeks ago by Schuler St. Jakobskellerei and Ses Talaioles, two family businesses. This is no coincidence. While Schuler St. Jakobskellerei has been family-owned for over 325 years and in its 11th generation, Ses Talaioles is still a young family business. What both have in common is an entrepreneurship for which cohesion and solidarity have high value.<\/p>","protected":false},"excerpt":{"rendered":"<p>Im Sinne der Devise \u00abUnternehmen helfen Unternehmen\u00bb spenden die Schuler St. Jakobskellerei und die mitwirkenden Weing\u00fcter gemeinsam den erzielten Umsatz aus \u00abHelp with a bottle.today\u00bb. Der gesamte Verkaufsertrag fliesst in einen Gastronomie-Hilfsfonds und wird in der Schweiz \u00fcber\u00a0Jeunes Restaurateurs,\u00a0GastroSuisse\u00a0sowie\u00a0GastroSchwyz\u00a0und in Deutschland \u00fcber \u00e4quivalente Organisationen an die Gastronomie gespendet. Ein besonderes Augenmerk gilt dabei den jungen [&hellip;]<\/p>\n","protected":false},"author":4,"featured_media":6667,"comment_status":"closed","ping_status":"closed","sticky":false,"template":"","format":"standard","meta":{"_acf_changed":false,"_yoast_wpseo_focuskw":"Charity-Wein","_yoast_wpseo_metadesc":"Die Schuler St. Jakobskellerei unterst\u00fctzt mit ihrer Charity-Wein Initiative \u00abHelp with a bottle.today\u00bb die Corona-krisengesch\u00fcttelten Gastronomen.","articlekey":"","footnotes":""},"categories":[29],"tags":[113,132,339,393],"class_list":["post-6666","post","type-post","status-publish","format-standard","has-post-thumbnail","hentry","category-marketing","tag-charity","tag-coronavirus","tag-marketing","tag-produkte"],"acf":[],"yoast_head":"<!-- This site is optimized with the Yoast SEO plugin v27.4 - https:\/\/yoast.com\/product\/yoast-seo-wordpress\/ -->\n<title>Charity-Wein als Krisenhilfe f\u00fcr die Gastronomie - Organisator<\/title>\n<meta name=\"description\" content=\"Die Schuler St. Jakobskellerei unterst\u00fctzt mit ihrer Charity-Wein Initiative \u00abHelp with a bottle.today\u00bb die Corona-krisengesch\u00fcttelten Gastronomen.\" \/>\n<meta name=\"robots\" content=\"index, follow, max-snippet:-1, max-image-preview:large, max-video-preview:-1\" \/>\n<link rel=\"canonical\" href=\"https:\/\/www.organisator.ch\/en\/marketing\/2020-05-06\/charity-wein-als-krisenhilfe-fuer-die-gastronomie\/\" \/>\n<meta property=\"og:locale\" content=\"en_US\" \/>\n<meta property=\"og:type\" content=\"article\" \/>\n<meta property=\"og:title\" content=\"Charity-Wein als Krisenhilfe f\u00fcr die Gastronomie\" \/>\n<meta property=\"og:description\" content=\"Die Schuler St. Jakobskellerei unterst\u00fctzt mit ihrer Charity-Wein Initiative \u00abHelp with a bottle.today\u00bb die Corona-krisengesch\u00fcttelten Gastronomen.\" \/>\n<meta property=\"og:url\" content=\"https:\/\/www.organisator.ch\/en\/marketing\/2020-05-06\/charity-wein-als-krisenhilfe-fuer-die-gastronomie\/\" \/>\n<meta property=\"og:site_name\" content=\"Organisator\" \/>\n<meta property=\"article:publisher\" content=\"https:\/\/www.facebook.com\/OrganisatorFachmagazin\" \/>\n<meta property=\"article:published_time\" content=\"2020-05-06T12:05:45+00:00\" \/>\n<meta property=\"og:image\" content=\"https:\/\/www.organisator.ch\/wp-content\/uploads\/2020\/05\/Charity-Wein-als-Krisenhilfe-fuer-die-Gastronomie_Organisator.png\" \/>\n\t<meta property=\"og:image:width\" content=\"680\" \/>\n\t<meta property=\"og:image:height\" content=\"481\" \/>\n\t<meta property=\"og:image:type\" content=\"image\/png\" \/>\n<meta name=\"author\" content=\"thomas.berner\" \/>\n<meta name=\"twitter:card\" content=\"summary_large_image\" \/>\n<meta name=\"twitter:title\" content=\"Charity-Wein als Krisenhilfe f\u00fcr die Gastronomie\" \/>\n<meta name=\"twitter:description\" content=\"Die Schuler St. Jakobskellerei unterst\u00fctzt mit ihrer Charity-Wein Initiative \u00abHelp with a bottle.today\u00bb die Corona-krisengesch\u00fcttelten Gastronomen.\" \/>\n<meta name=\"twitter:image\" content=\"https:\/\/www.organisator.ch\/wp-content\/uploads\/2020\/05\/Charity-Wein-als-Krisenhilfe-fuer-die-Gastronomie_Organisator.png\" \/>\n<script type=\"application\/ld+json\" class=\"yoast-schema-graph\">{\"@context\":\"https:\\\/\\\/schema.org\",\"@graph\":[{\"@type\":\"Article\",\"@id\":\"https:\\\/\\\/www.organisator.ch\\\/marketing\\\/2020-05-06\\\/charity-wein-als-krisenhilfe-fuer-die-gastronomie\\\/#article\",\"isPartOf\":{\"@id\":\"https:\\\/\\\/www.organisator.ch\\\/marketing\\\/2020-05-06\\\/charity-wein-als-krisenhilfe-fuer-die-gastronomie\\\/\"},\"author\":{\"name\":\"thomas.berner\",\"@id\":\"https:\\\/\\\/www.organisator.ch\\\/#\\\/schema\\\/person\\\/6f650f90b2842cd4c0cc334b4e36f67e\"},\"headline\":\"Charity-Wein als Krisenhilfe f\u00fcr die Gastronomie\",\"datePublished\":\"2020-05-06T12:05:45+00:00\",\"mainEntityOfPage\":{\"@id\":\"https:\\\/\\\/www.organisator.ch\\\/marketing\\\/2020-05-06\\\/charity-wein-als-krisenhilfe-fuer-die-gastronomie\\\/\"},\"wordCount\":382,\"publisher\":{\"@id\":\"https:\\\/\\\/www.organisator.ch\\\/#organization\"},\"image\":{\"@id\":\"https:\\\/\\\/www.organisator.ch\\\/marketing\\\/2020-05-06\\\/charity-wein-als-krisenhilfe-fuer-die-gastronomie\\\/#primaryimage\"},\"thumbnailUrl\":\"https:\\\/\\\/www.organisator.ch\\\/wp-content\\\/uploads\\\/2020\\\/05\\\/Charity-Wein-als-Krisenhilfe-fuer-die-Gastronomie_Organisator.png\",\"keywords\":[\"Charity\",\"Coronavirus\",\"Marketing\",\"Produkte\"],\"articleSection\":[\"MARKETING\"],\"inLanguage\":\"en-US\"},{\"@type\":\"WebPage\",\"@id\":\"https:\\\/\\\/www.organisator.ch\\\/marketing\\\/2020-05-06\\\/charity-wein-als-krisenhilfe-fuer-die-gastronomie\\\/\",\"url\":\"https:\\\/\\\/www.organisator.ch\\\/marketing\\\/2020-05-06\\\/charity-wein-als-krisenhilfe-fuer-die-gastronomie\\\/\",\"name\":\"Charity-Wein als Krisenhilfe f\u00fcr die Gastronomie - Organisator\",\"isPartOf\":{\"@id\":\"https:\\\/\\\/www.organisator.ch\\\/#website\"},\"primaryImageOfPage\":{\"@id\":\"https:\\\/\\\/www.organisator.ch\\\/marketing\\\/2020-05-06\\\/charity-wein-als-krisenhilfe-fuer-die-gastronomie\\\/#primaryimage\"},\"image\":{\"@id\":\"https:\\\/\\\/www.organisator.ch\\\/marketing\\\/2020-05-06\\\/charity-wein-als-krisenhilfe-fuer-die-gastronomie\\\/#primaryimage\"},\"thumbnailUrl\":\"https:\\\/\\\/www.organisator.ch\\\/wp-content\\\/uploads\\\/2020\\\/05\\\/Charity-Wein-als-Krisenhilfe-fuer-die-Gastronomie_Organisator.png\",\"datePublished\":\"2020-05-06T12:05:45+00:00\",\"description\":\"Die Schuler St. Jakobskellerei unterst\u00fctzt mit ihrer Charity-Wein Initiative \u00abHelp with a bottle.today\u00bb die Corona-krisengesch\u00fcttelten Gastronomen.\",\"breadcrumb\":{\"@id\":\"https:\\\/\\\/www.organisator.ch\\\/marketing\\\/2020-05-06\\\/charity-wein-als-krisenhilfe-fuer-die-gastronomie\\\/#breadcrumb\"},\"inLanguage\":\"en-US\",\"potentialAction\":[{\"@type\":\"ReadAction\",\"target\":[\"https:\\\/\\\/www.organisator.ch\\\/marketing\\\/2020-05-06\\\/charity-wein-als-krisenhilfe-fuer-die-gastronomie\\\/\"]}]},{\"@type\":\"ImageObject\",\"inLanguage\":\"en-US\",\"@id\":\"https:\\\/\\\/www.organisator.ch\\\/marketing\\\/2020-05-06\\\/charity-wein-als-krisenhilfe-fuer-die-gastronomie\\\/#primaryimage\",\"url\":\"https:\\\/\\\/www.organisator.ch\\\/wp-content\\\/uploads\\\/2020\\\/05\\\/Charity-Wein-als-Krisenhilfe-fuer-die-Gastronomie_Organisator.png\",\"contentUrl\":\"https:\\\/\\\/www.organisator.ch\\\/wp-content\\\/uploads\\\/2020\\\/05\\\/Charity-Wein-als-Krisenhilfe-fuer-die-Gastronomie_Organisator.png\",\"width\":680,\"height\":481,\"caption\":\"Charity-Weinedition, bestehend aus je einem erstklassigen typischen toskanischen und mallorquinischen Rotwein sowie einem edlen Tropfen aus dem Wallis,\"},{\"@type\":\"BreadcrumbList\",\"@id\":\"https:\\\/\\\/www.organisator.ch\\\/marketing\\\/2020-05-06\\\/charity-wein-als-krisenhilfe-fuer-die-gastronomie\\\/#breadcrumb\",\"itemListElement\":[{\"@type\":\"ListItem\",\"position\":1,\"name\":\"Home\",\"item\":\"https:\\\/\\\/www.organisator.ch\\\/\"},{\"@type\":\"ListItem\",\"position\":2,\"name\":\"Charity-Wein als Krisenhilfe f\u00fcr die Gastronomie\"}]},{\"@type\":\"WebSite\",\"@id\":\"https:\\\/\\\/www.organisator.ch\\\/#website\",\"url\":\"https:\\\/\\\/www.organisator.ch\\\/\",\"name\":\"Organisator\",\"description\":\"Kompetent. Praxisnah. Der ORGANISATOR bereitet in 10 Ausgaben pro Jahr die wesentlichen Themen f\u00fcr F\u00fchrungskr\u00e4fte von KMU auf.\",\"publisher\":{\"@id\":\"https:\\\/\\\/www.organisator.ch\\\/#organization\"},\"potentialAction\":[{\"@type\":\"SearchAction\",\"target\":{\"@type\":\"EntryPoint\",\"urlTemplate\":\"https:\\\/\\\/www.organisator.ch\\\/?s={search_term_string}\"},\"query-input\":{\"@type\":\"PropertyValueSpecification\",\"valueRequired\":true,\"valueName\":\"search_term_string\"}}],\"inLanguage\":\"en-US\"},{\"@type\":\"Organization\",\"@id\":\"https:\\\/\\\/www.organisator.ch\\\/#organization\",\"name\":\"Organisator\",\"url\":\"https:\\\/\\\/www.organisator.ch\\\/\",\"logo\":{\"@type\":\"ImageObject\",\"inLanguage\":\"en-US\",\"@id\":\"https:\\\/\\\/www.organisator.ch\\\/#\\\/schema\\\/logo\\\/image\\\/\",\"url\":\"https:\\\/\\\/www.organisator.ch\\\/wp-content\\\/uploads\\\/2022\\\/01\\\/Logo_Organisator_Website.png\",\"contentUrl\":\"https:\\\/\\\/www.organisator.ch\\\/wp-content\\\/uploads\\\/2022\\\/01\\\/Logo_Organisator_Website.png\",\"width\":800,\"height\":77,\"caption\":\"Organisator\"},\"image\":{\"@id\":\"https:\\\/\\\/www.organisator.ch\\\/#\\\/schema\\\/logo\\\/image\\\/\"},\"sameAs\":[\"https:\\\/\\\/www.facebook.com\\\/OrganisatorFachmagazin\",\"https:\\\/\\\/www.linkedin.com\\\/showcase\\\/organisator-das-magazin-fr-kmu\",\"https:\\\/\\\/www.xing.com\\\/news\\\/pages\\\/organisator-ch-695\",\"https:\\\/\\\/www.youtube.com\\\/channel\\\/UCGP2Sq0iWaZwT3BdIAQFYpw\"]},{\"@type\":\"Person\",\"@id\":\"https:\\\/\\\/www.organisator.ch\\\/#\\\/schema\\\/person\\\/6f650f90b2842cd4c0cc334b4e36f67e\",\"name\":\"thomas.berner\",\"image\":{\"@type\":\"ImageObject\",\"inLanguage\":\"en-US\",\"@id\":\"https:\\\/\\\/secure.gravatar.com\\\/avatar\\\/ac5001d2a36cb6c6cd3e50789007ffca834b477b74a2144564522e944eabff61?s=96&d=mm&r=g\",\"url\":\"https:\\\/\\\/secure.gravatar.com\\\/avatar\\\/ac5001d2a36cb6c6cd3e50789007ffca834b477b74a2144564522e944eabff61?s=96&d=mm&r=g\",\"contentUrl\":\"https:\\\/\\\/secure.gravatar.com\\\/avatar\\\/ac5001d2a36cb6c6cd3e50789007ffca834b477b74a2144564522e944eabff61?s=96&d=mm&r=g\",\"caption\":\"thomas.berner\"},\"url\":\"https:\\\/\\\/www.organisator.ch\\\/en\\\/author\\\/thomas-berner\\\/\"}]}<\/script>\n<!-- \/ Yoast SEO plugin. -->","yoast_head_json":{"title":"Charity wine as a crisis aid for gastronomy - organizer","description":"Schuler St. Jakobskellerei supports Corona-crisis-stricken restaurateurs with its charity wine initiative \"Help with a bottle.today\".","robots":{"index":"index","follow":"follow","max-snippet":"max-snippet:-1","max-image-preview":"max-image-preview:large","max-video-preview":"max-video-preview:-1"},"canonical":"https:\/\/www.organisator.ch\/en\/marketing\/2020-05-06\/charity-wein-als-krisenhilfe-fuer-die-gastronomie\/","og_locale":"en_US","og_type":"article","og_title":"Charity-Wein als Krisenhilfe f\u00fcr die Gastronomie","og_description":"Die Schuler St. Jakobskellerei unterst\u00fctzt mit ihrer Charity-Wein Initiative \u00abHelp with a bottle.today\u00bb die Corona-krisengesch\u00fcttelten Gastronomen.","og_url":"https:\/\/www.organisator.ch\/en\/marketing\/2020-05-06\/charity-wein-als-krisenhilfe-fuer-die-gastronomie\/","og_site_name":"Organisator","article_publisher":"https:\/\/www.facebook.com\/OrganisatorFachmagazin","article_published_time":"2020-05-06T12:05:45+00:00","og_image":[{"width":680,"height":481,"url":"https:\/\/www.organisator.ch\/wp-content\/uploads\/2020\/05\/Charity-Wein-als-Krisenhilfe-fuer-die-Gastronomie_Organisator.png","type":"image\/png"}],"author":"thomas.berner","twitter_card":"summary_large_image","twitter_title":"Charity-Wein als Krisenhilfe f\u00fcr die Gastronomie","twitter_description":"Die Schuler St. Jakobskellerei unterst\u00fctzt mit ihrer Charity-Wein Initiative \u00abHelp with a bottle.today\u00bb die Corona-krisengesch\u00fcttelten Gastronomen.","twitter_image":"https:\/\/www.organisator.ch\/wp-content\/uploads\/2020\/05\/Charity-Wein-als-Krisenhilfe-fuer-die-Gastronomie_Organisator.png","schema":{"@context":"https:\/\/schema.org","@graph":[{"@type":"Article","@id":"https:\/\/www.organisator.ch\/marketing\/2020-05-06\/charity-wein-als-krisenhilfe-fuer-die-gastronomie\/#article","isPartOf":{"@id":"https:\/\/www.organisator.ch\/marketing\/2020-05-06\/charity-wein-als-krisenhilfe-fuer-die-gastronomie\/"},"author":{"name":"thomas.berner","@id":"https:\/\/www.organisator.ch\/#\/schema\/person\/6f650f90b2842cd4c0cc334b4e36f67e"},"headline":"Charity-Wein als Krisenhilfe f\u00fcr die Gastronomie","datePublished":"2020-05-06T12:05:45+00:00","mainEntityOfPage":{"@id":"https:\/\/www.organisator.ch\/marketing\/2020-05-06\/charity-wein-als-krisenhilfe-fuer-die-gastronomie\/"},"wordCount":382,"publisher":{"@id":"https:\/\/www.organisator.ch\/#organization"},"image":{"@id":"https:\/\/www.organisator.ch\/marketing\/2020-05-06\/charity-wein-als-krisenhilfe-fuer-die-gastronomie\/#primaryimage"},"thumbnailUrl":"https:\/\/www.organisator.ch\/wp-content\/uploads\/2020\/05\/Charity-Wein-als-Krisenhilfe-fuer-die-Gastronomie_Organisator.png","keywords":["Charity","Coronavirus","Marketing","Produkte"],"articleSection":["MARKETING"],"inLanguage":"en-US"},{"@type":"WebPage","@id":"https:\/\/www.organisator.ch\/marketing\/2020-05-06\/charity-wein-als-krisenhilfe-fuer-die-gastronomie\/","url":"https:\/\/www.organisator.ch\/marketing\/2020-05-06\/charity-wein-als-krisenhilfe-fuer-die-gastronomie\/","name":"Charity wine as a crisis aid for gastronomy - organizer","isPartOf":{"@id":"https:\/\/www.organisator.ch\/#website"},"primaryImageOfPage":{"@id":"https:\/\/www.organisator.ch\/marketing\/2020-05-06\/charity-wein-als-krisenhilfe-fuer-die-gastronomie\/#primaryimage"},"image":{"@id":"https:\/\/www.organisator.ch\/marketing\/2020-05-06\/charity-wein-als-krisenhilfe-fuer-die-gastronomie\/#primaryimage"},"thumbnailUrl":"https:\/\/www.organisator.ch\/wp-content\/uploads\/2020\/05\/Charity-Wein-als-Krisenhilfe-fuer-die-Gastronomie_Organisator.png","datePublished":"2020-05-06T12:05:45+00:00","description":"Schuler St. Jakobskellerei supports Corona-crisis-stricken restaurateurs with its charity wine initiative \"Help with a bottle.today\".","breadcrumb":{"@id":"https:\/\/www.organisator.ch\/marketing\/2020-05-06\/charity-wein-als-krisenhilfe-fuer-die-gastronomie\/#breadcrumb"},"inLanguage":"en-US","potentialAction":[{"@type":"ReadAction","target":["https:\/\/www.organisator.ch\/marketing\/2020-05-06\/charity-wein-als-krisenhilfe-fuer-die-gastronomie\/"]}]},{"@type":"ImageObject","inLanguage":"en-US","@id":"https:\/\/www.organisator.ch\/marketing\/2020-05-06\/charity-wein-als-krisenhilfe-fuer-die-gastronomie\/#primaryimage","url":"https:\/\/www.organisator.ch\/wp-content\/uploads\/2020\/05\/Charity-Wein-als-Krisenhilfe-fuer-die-Gastronomie_Organisator.png","contentUrl":"https:\/\/www.organisator.ch\/wp-content\/uploads\/2020\/05\/Charity-Wein-als-Krisenhilfe-fuer-die-Gastronomie_Organisator.png","width":680,"height":481,"caption":"Charity-Weinedition, bestehend aus je einem erstklassigen typischen toskanischen und mallorquinischen Rotwein sowie einem edlen Tropfen aus dem Wallis,"},{"@type":"BreadcrumbList","@id":"https:\/\/www.organisator.ch\/marketing\/2020-05-06\/charity-wein-als-krisenhilfe-fuer-die-gastronomie\/#breadcrumb","itemListElement":[{"@type":"ListItem","position":1,"name":"Home","item":"https:\/\/www.organisator.ch\/"},{"@type":"ListItem","position":2,"name":"Charity-Wein als Krisenhilfe f\u00fcr die Gastronomie"}]},{"@type":"WebSite","@id":"https:\/\/www.organisator.ch\/#website","url":"https:\/\/www.organisator.ch\/","name":"Organizer","description":"Competent. Practical. In 10 issues per year, ORGANISATOR presents the essential topics for managers of SMEs.","publisher":{"@id":"https:\/\/www.organisator.ch\/#organization"},"potentialAction":[{"@type":"SearchAction","target":{"@type":"EntryPoint","urlTemplate":"https:\/\/www.organisator.ch\/?s={search_term_string}"},"query-input":{"@type":"PropertyValueSpecification","valueRequired":true,"valueName":"search_term_string"}}],"inLanguage":"en-US"},{"@type":"Organization","@id":"https:\/\/www.organisator.ch\/#organization","name":"Organizer","url":"https:\/\/www.organisator.ch\/","logo":{"@type":"ImageObject","inLanguage":"en-US","@id":"https:\/\/www.organisator.ch\/#\/schema\/logo\/image\/","url":"https:\/\/www.organisator.ch\/wp-content\/uploads\/2022\/01\/Logo_Organisator_Website.png","contentUrl":"https:\/\/www.organisator.ch\/wp-content\/uploads\/2022\/01\/Logo_Organisator_Website.png","width":800,"height":77,"caption":"Organisator"},"image":{"@id":"https:\/\/www.organisator.ch\/#\/schema\/logo\/image\/"},"sameAs":["https:\/\/www.facebook.com\/OrganisatorFachmagazin","https:\/\/www.linkedin.com\/showcase\/organisator-das-magazin-fr-kmu","https:\/\/www.xing.com\/news\/pages\/organisator-ch-695","https:\/\/www.youtube.com\/channel\/UCGP2Sq0iWaZwT3BdIAQFYpw"]},{"@type":"Person","@id":"https:\/\/www.organisator.ch\/#\/schema\/person\/6f650f90b2842cd4c0cc334b4e36f67e","name":"thomas.berner","image":{"@type":"ImageObject","inLanguage":"en-US","@id":"https:\/\/secure.gravatar.com\/avatar\/ac5001d2a36cb6c6cd3e50789007ffca834b477b74a2144564522e944eabff61?s=96&d=mm&r=g","url":"https:\/\/secure.gravatar.com\/avatar\/ac5001d2a36cb6c6cd3e50789007ffca834b477b74a2144564522e944eabff61?s=96&d=mm&r=g","contentUrl":"https:\/\/secure.gravatar.com\/avatar\/ac5001d2a36cb6c6cd3e50789007ffca834b477b74a2144564522e944eabff61?s=96&d=mm&r=g","caption":"thomas.berner"},"url":"https:\/\/www.organisator.ch\/en\/author\/thomas-berner\/"}]}},"_links":{"self":[{"href":"https:\/\/www.organisator.ch\/en\/wp-json\/wp\/v2\/posts\/6666","targetHints":{"allow":["GET"]}}],"collection":[{"href":"https:\/\/www.organisator.ch\/en\/wp-json\/wp\/v2\/posts"}],"about":[{"href":"https:\/\/www.organisator.ch\/en\/wp-json\/wp\/v2\/types\/post"}],"author":[{"embeddable":true,"href":"https:\/\/www.organisator.ch\/en\/wp-json\/wp\/v2\/users\/4"}],"replies":[{"embeddable":true,"href":"https:\/\/www.organisator.ch\/en\/wp-json\/wp\/v2\/comments?post=6666"}],"version-history":[{"count":0,"href":"https:\/\/www.organisator.ch\/en\/wp-json\/wp\/v2\/posts\/6666\/revisions"}],"wp:featuredmedia":[{"embeddable":true,"href":"https:\/\/www.organisator.ch\/en\/wp-json\/wp\/v2\/media\/6667"}],"wp:attachment":[{"href":"https:\/\/www.organisator.ch\/en\/wp-json\/wp\/v2\/media?parent=6666"}],"wp:term":[{"taxonomy":"category","embeddable":true,"href":"https:\/\/www.organisator.ch\/en\/wp-json\/wp\/v2\/categories?post=6666"},{"taxonomy":"post_tag","embeddable":true,"href":"https:\/\/www.organisator.ch\/en\/wp-json\/wp\/v2\/tags?post=6666"}],"curies":[{"name":"wp","href":"https:\/\/api.w.org\/{rel}","templated":true}]}}