{"id":6669,"date":"2020-05-06T17:08:03","date_gmt":"2020-05-06T15:08:03","guid":{"rendered":"https:\/\/www.organisator.ch\/?p=6669"},"modified":"2020-05-06T17:08:03","modified_gmt":"2020-05-06T15:08:03","slug":"schweizer-kmu-glauben-an-rueckkehr-mit-neuer-staerke","status":"publish","type":"post","link":"https:\/\/www.organisator.ch\/en\/management\/2020-05-06\/schweizer-kmu-glauben-an-rueckkehr-mit-neuer-staerke\/","title":{"rendered":"Swiss SMEs believe in return with new strength"},"content":{"rendered":"<figure id=\"attachment_6670\" aria-describedby=\"caption-attachment-6670\" style=\"width: 680px\" class=\"wp-caption alignnone\"><img loading=\"lazy\" decoding=\"async\" class=\"size-medium wp-image-6670\" src=\"https:\/\/www.organisator.ch\/wp-content\/uploads\/2020\/05\/Schweizer-KMU-glauben-an-Rueckkehr-mit-neuer-Staerke_Organisator.jpg\" alt=\"\" width=\"680\" height=\"266\" srcset=\"https:\/\/www.organisator.ch\/wp-content\/uploads\/2020\/05\/Schweizer-KMU-glauben-an-Rueckkehr-mit-neuer-Staerke_Organisator.jpg 680w, https:\/\/www.organisator.ch\/wp-content\/uploads\/2020\/05\/Schweizer-KMU-glauben-an-Rueckkehr-mit-neuer-Staerke_Organisator-16x6.jpg 16w, https:\/\/www.organisator.ch\/wp-content\/uploads\/2020\/05\/Schweizer-KMU-glauben-an-Rueckkehr-mit-neuer-Staerke_Organisator-375x147.jpg 375w, https:\/\/www.organisator.ch\/wp-content\/uploads\/2020\/05\/Schweizer-KMU-glauben-an-Rueckkehr-mit-neuer-Staerke_Organisator-300x117.jpg 300w\" sizes=\"auto, (max-width: 680px) 100vw, 680px\" \/><figcaption id=\"caption-attachment-6670\" class=\"wp-caption-text\">This is how Swiss SMEs assess the Corona crisis. (Graphic: Localsearch)<\/figcaption><\/figure>\n<p>Despite massive economic upheavals, Swiss SMEs do not believe in an economic Armageddon. In a survey conducted by <a href=\"https:\/\/www.localsearch.ch\/de\">localsearch (Swisscom Directories AG)<\/a> survey of 200 SMEs in German-speaking Switzerland, 68 percent agree with the statement \"My SME will find new strength after the Corona crisis. A minority of 11 percent doubt their own economic viability.<\/p>\n<h2>A quarter of Swiss SMEs expect a wave of bankruptcies<\/h2>\n<p>Swiss SMEs are not only rather optimistic about their own future in the post-Corona era, they are also not overly concerned about their industry. Almost half (46 percent) of those surveyed are convinced \"In my industry, there will be few bankruptcies as a result of Corona.\" On the other hand, 27 percent of respondents expect a wave of bankruptcies among their competitors. However, it seems to be too early for many entrepreneurs to form a conclusive opinion on this question: Indeed, one in four survey participants (27 percent) say they are not yet able to assess the bankruptcy potential of the Corona crisis.<\/p>\n<h2>Crisis as an opportunity: one in five SMEs sees great potential for itself after Corona<\/h2>\n<p>One in five Swiss SMEs sees the crisis as an opportunity. \"For my SME, the Corona crisis is an opportunity\" - 21 percent of the SMEs surveyed agree with this statement, for 50 percent it does not apply and 29 percent do not want to commit themselves in their assessment. \"I am very impressed by the mental strength and optimism of many Swiss SMEs. These are the best prerequisites for economic recovery,\" says Stefano Santinelli, CEO of localsearch (Swisscom Directories AG), commenting on the SMEs' assessment.<\/p>\n<h2>Corona accelerates digitization - many SMEs nevertheless remain unimpressed<\/h2>\n<p>Triggered by the Corona crisis, the population has strongly digitized its everyday life with online shopping, home office, food delivery, video chats and cashless payment. This trend leaves many SMEs cold. 55 percent of the companies surveyed say they are not more interested in digital offerings such as web stores, online appointment bookings, etc. than before because of the lockdown. Only a minority of 23 percent affirmed the statement \"Digital marketing is more important for us today than before the crisis\".<\/p>\n<p>Stefano Santinelli is convinced that the discrepancy between consumers' growing digital demands and a lack of correspondence among many SMEs could become dangerous for these companies in the medium term: \"Consumers are not guided by the provider. If he wants to order online, he orders where he can. The others go away empty-handed.\"<\/p>\n<p>&nbsp;<\/p>","protected":false},"excerpt":{"rendered":"<p>Die Schweizer KMU glauben trotz massiver \u00f6konomischer Verwerfungen nicht an ein wirtschaftliches Armageddon. In einer von localsearch (Swisscom Directories AG) beauftragten Umfrage unter 200 Deutschschweizer KMU stimmen 68 Prozent der Aussage zu \u00abMein KMU wird nach der Coronakrise zu neuer St\u00e4rke finden\u00bb. Eine Minderheit von 11 Prozent zweifelt an der eigenen wirtschaftlichen \u00dcberlebensf\u00e4higkeit. Ein Viertel [&hellip;]<\/p>\n","protected":false},"author":4,"featured_media":6670,"comment_status":"closed","ping_status":"closed","sticky":false,"template":"","format":"standard","meta":{"_acf_changed":false,"_yoast_wpseo_focuskw":"Schweizer KMU","_yoast_wpseo_metadesc":"Mehr als zwei Drittel der Schweizer KMU sind zuversichtlich, mit neuer St\u00e4rke in die Nach-Corona-Zeit zur\u00fcckkehren zu k\u00f6nnen.","articlekey":"","footnotes":""},"categories":[28],"tags":[132,335,492],"class_list":["post-6669","post","type-post","status-publish","format-standard","has-post-thumbnail","hentry","category-management","tag-coronavirus","tag-management-und-unternehmensfuehrung","tag-unternehmen"],"acf":[],"yoast_head":"<!-- This site is optimized with the Yoast SEO plugin v27.5 - https:\/\/yoast.com\/product\/yoast-seo-wordpress\/ -->\n<title>Schweizer KMU glauben an R\u00fcckkehr mit neuer St\u00e4rke - Organisator<\/title>\n<meta name=\"description\" content=\"Mehr als zwei Drittel der Schweizer KMU sind zuversichtlich, mit neuer St\u00e4rke in die Nach-Corona-Zeit zur\u00fcckkehren zu k\u00f6nnen.\" \/>\n<meta name=\"robots\" content=\"index, follow, max-snippet:-1, max-image-preview:large, max-video-preview:-1\" \/>\n<link rel=\"canonical\" href=\"https:\/\/www.organisator.ch\/en\/management\/2020-05-06\/schweizer-kmu-glauben-an-rueckkehr-mit-neuer-staerke\/\" \/>\n<meta property=\"og:locale\" content=\"en_US\" \/>\n<meta property=\"og:type\" content=\"article\" \/>\n<meta property=\"og:title\" content=\"Schweizer KMU glauben an R\u00fcckkehr mit neuer St\u00e4rke\" \/>\n<meta property=\"og:description\" content=\"Mehr als zwei Drittel der Schweizer KMU sind zuversichtlich, mit neuer St\u00e4rke in die Nach-Corona-Zeit zur\u00fcckkehren zu k\u00f6nnen.\" \/>\n<meta property=\"og:url\" content=\"https:\/\/www.organisator.ch\/en\/management\/2020-05-06\/schweizer-kmu-glauben-an-rueckkehr-mit-neuer-staerke\/\" \/>\n<meta property=\"og:site_name\" content=\"Organisator\" \/>\n<meta property=\"article:publisher\" content=\"https:\/\/www.facebook.com\/OrganisatorFachmagazin\" \/>\n<meta property=\"article:published_time\" content=\"2020-05-06T15:08:03+00:00\" \/>\n<meta property=\"og:image\" content=\"https:\/\/www.organisator.ch\/wp-content\/uploads\/2020\/05\/Schweizer-KMU-glauben-an-Rueckkehr-mit-neuer-Staerke_Organisator.jpg\" \/>\n\t<meta property=\"og:image:width\" content=\"680\" \/>\n\t<meta property=\"og:image:height\" content=\"266\" \/>\n\t<meta property=\"og:image:type\" content=\"image\/jpeg\" \/>\n<meta name=\"author\" content=\"thomas.berner\" \/>\n<meta name=\"twitter:card\" content=\"summary_large_image\" \/>\n<meta name=\"twitter:title\" content=\"Schweizer #KMU glauben an R\u00fcckkehr mit neuer #St\u00e4rke\" \/>\n<meta name=\"twitter:description\" content=\"Mehr als zwei Drittel der Schweizer #KMU sind zuversichtlich, mit neuer St\u00e4rke in die #Nach-Corona-Zeit zur\u00fcckkehren zu k\u00f6nnen.\" \/>\n<meta name=\"twitter:image\" content=\"https:\/\/www.organisator.ch\/wp-content\/uploads\/2020\/05\/Schweizer-KMU-glauben-an-Rueckkehr-mit-neuer-Staerke_Organisator.jpg\" \/>\n<script type=\"application\/ld+json\" class=\"yoast-schema-graph\">{\"@context\":\"https:\\\/\\\/schema.org\",\"@graph\":[{\"@type\":\"Article\",\"@id\":\"https:\\\/\\\/www.organisator.ch\\\/management\\\/2020-05-06\\\/schweizer-kmu-glauben-an-rueckkehr-mit-neuer-staerke\\\/#article\",\"isPartOf\":{\"@id\":\"https:\\\/\\\/www.organisator.ch\\\/management\\\/2020-05-06\\\/schweizer-kmu-glauben-an-rueckkehr-mit-neuer-staerke\\\/\"},\"author\":{\"name\":\"thomas.berner\",\"@id\":\"https:\\\/\\\/www.organisator.ch\\\/#\\\/schema\\\/person\\\/6f650f90b2842cd4c0cc334b4e36f67e\"},\"headline\":\"Schweizer KMU glauben an R\u00fcckkehr mit neuer St\u00e4rke\",\"datePublished\":\"2020-05-06T15:08:03+00:00\",\"mainEntityOfPage\":{\"@id\":\"https:\\\/\\\/www.organisator.ch\\\/management\\\/2020-05-06\\\/schweizer-kmu-glauben-an-rueckkehr-mit-neuer-staerke\\\/\"},\"wordCount\":420,\"publisher\":{\"@id\":\"https:\\\/\\\/www.organisator.ch\\\/#organization\"},\"image\":{\"@id\":\"https:\\\/\\\/www.organisator.ch\\\/management\\\/2020-05-06\\\/schweizer-kmu-glauben-an-rueckkehr-mit-neuer-staerke\\\/#primaryimage\"},\"thumbnailUrl\":\"https:\\\/\\\/www.organisator.ch\\\/wp-content\\\/uploads\\\/2020\\\/05\\\/Schweizer-KMU-glauben-an-Rueckkehr-mit-neuer-Staerke_Organisator.jpg\",\"keywords\":[\"Coronavirus\",\"Management und Unternehmensf\u00fchrung\",\"Unternehmen\"],\"articleSection\":[\"MANAGEMENT\"],\"inLanguage\":\"en-US\"},{\"@type\":\"WebPage\",\"@id\":\"https:\\\/\\\/www.organisator.ch\\\/management\\\/2020-05-06\\\/schweizer-kmu-glauben-an-rueckkehr-mit-neuer-staerke\\\/\",\"url\":\"https:\\\/\\\/www.organisator.ch\\\/management\\\/2020-05-06\\\/schweizer-kmu-glauben-an-rueckkehr-mit-neuer-staerke\\\/\",\"name\":\"Schweizer KMU glauben an R\u00fcckkehr mit neuer St\u00e4rke - Organisator\",\"isPartOf\":{\"@id\":\"https:\\\/\\\/www.organisator.ch\\\/#website\"},\"primaryImageOfPage\":{\"@id\":\"https:\\\/\\\/www.organisator.ch\\\/management\\\/2020-05-06\\\/schweizer-kmu-glauben-an-rueckkehr-mit-neuer-staerke\\\/#primaryimage\"},\"image\":{\"@id\":\"https:\\\/\\\/www.organisator.ch\\\/management\\\/2020-05-06\\\/schweizer-kmu-glauben-an-rueckkehr-mit-neuer-staerke\\\/#primaryimage\"},\"thumbnailUrl\":\"https:\\\/\\\/www.organisator.ch\\\/wp-content\\\/uploads\\\/2020\\\/05\\\/Schweizer-KMU-glauben-an-Rueckkehr-mit-neuer-Staerke_Organisator.jpg\",\"datePublished\":\"2020-05-06T15:08:03+00:00\",\"description\":\"Mehr als zwei Drittel der Schweizer KMU sind zuversichtlich, mit neuer St\u00e4rke in die Nach-Corona-Zeit zur\u00fcckkehren zu k\u00f6nnen.\",\"breadcrumb\":{\"@id\":\"https:\\\/\\\/www.organisator.ch\\\/management\\\/2020-05-06\\\/schweizer-kmu-glauben-an-rueckkehr-mit-neuer-staerke\\\/#breadcrumb\"},\"inLanguage\":\"en-US\",\"potentialAction\":[{\"@type\":\"ReadAction\",\"target\":[\"https:\\\/\\\/www.organisator.ch\\\/management\\\/2020-05-06\\\/schweizer-kmu-glauben-an-rueckkehr-mit-neuer-staerke\\\/\"]}]},{\"@type\":\"ImageObject\",\"inLanguage\":\"en-US\",\"@id\":\"https:\\\/\\\/www.organisator.ch\\\/management\\\/2020-05-06\\\/schweizer-kmu-glauben-an-rueckkehr-mit-neuer-staerke\\\/#primaryimage\",\"url\":\"https:\\\/\\\/www.organisator.ch\\\/wp-content\\\/uploads\\\/2020\\\/05\\\/Schweizer-KMU-glauben-an-Rueckkehr-mit-neuer-Staerke_Organisator.jpg\",\"contentUrl\":\"https:\\\/\\\/www.organisator.ch\\\/wp-content\\\/uploads\\\/2020\\\/05\\\/Schweizer-KMU-glauben-an-Rueckkehr-mit-neuer-Staerke_Organisator.jpg\",\"width\":680,\"height\":266,\"caption\":\"So beurteilen Schweizer KMU die Coronakrise. (Grafik: Localsearch)\"},{\"@type\":\"BreadcrumbList\",\"@id\":\"https:\\\/\\\/www.organisator.ch\\\/management\\\/2020-05-06\\\/schweizer-kmu-glauben-an-rueckkehr-mit-neuer-staerke\\\/#breadcrumb\",\"itemListElement\":[{\"@type\":\"ListItem\",\"position\":1,\"name\":\"Home\",\"item\":\"https:\\\/\\\/www.organisator.ch\\\/\"},{\"@type\":\"ListItem\",\"position\":2,\"name\":\"Schweizer KMU glauben an R\u00fcckkehr mit neuer St\u00e4rke\"}]},{\"@type\":\"WebSite\",\"@id\":\"https:\\\/\\\/www.organisator.ch\\\/#website\",\"url\":\"https:\\\/\\\/www.organisator.ch\\\/\",\"name\":\"Organisator\",\"description\":\"Kompetent. Praxisnah. Der ORGANISATOR bereitet in 10 Ausgaben pro Jahr die wesentlichen Themen f\u00fcr F\u00fchrungskr\u00e4fte von KMU auf.\",\"publisher\":{\"@id\":\"https:\\\/\\\/www.organisator.ch\\\/#organization\"},\"potentialAction\":[{\"@type\":\"SearchAction\",\"target\":{\"@type\":\"EntryPoint\",\"urlTemplate\":\"https:\\\/\\\/www.organisator.ch\\\/?s={search_term_string}\"},\"query-input\":{\"@type\":\"PropertyValueSpecification\",\"valueRequired\":true,\"valueName\":\"search_term_string\"}}],\"inLanguage\":\"en-US\"},{\"@type\":\"Organization\",\"@id\":\"https:\\\/\\\/www.organisator.ch\\\/#organization\",\"name\":\"Organisator\",\"url\":\"https:\\\/\\\/www.organisator.ch\\\/\",\"logo\":{\"@type\":\"ImageObject\",\"inLanguage\":\"en-US\",\"@id\":\"https:\\\/\\\/www.organisator.ch\\\/#\\\/schema\\\/logo\\\/image\\\/\",\"url\":\"https:\\\/\\\/www.organisator.ch\\\/wp-content\\\/uploads\\\/2022\\\/01\\\/Logo_Organisator_Website.png\",\"contentUrl\":\"https:\\\/\\\/www.organisator.ch\\\/wp-content\\\/uploads\\\/2022\\\/01\\\/Logo_Organisator_Website.png\",\"width\":800,\"height\":77,\"caption\":\"Organisator\"},\"image\":{\"@id\":\"https:\\\/\\\/www.organisator.ch\\\/#\\\/schema\\\/logo\\\/image\\\/\"},\"sameAs\":[\"https:\\\/\\\/www.facebook.com\\\/OrganisatorFachmagazin\",\"https:\\\/\\\/www.linkedin.com\\\/showcase\\\/organisator-das-magazin-fr-kmu\",\"https:\\\/\\\/www.xing.com\\\/news\\\/pages\\\/organisator-ch-695\",\"https:\\\/\\\/www.youtube.com\\\/channel\\\/UCGP2Sq0iWaZwT3BdIAQFYpw\"]},{\"@type\":\"Person\",\"@id\":\"https:\\\/\\\/www.organisator.ch\\\/#\\\/schema\\\/person\\\/6f650f90b2842cd4c0cc334b4e36f67e\",\"name\":\"thomas.berner\",\"image\":{\"@type\":\"ImageObject\",\"inLanguage\":\"en-US\",\"@id\":\"https:\\\/\\\/secure.gravatar.com\\\/avatar\\\/ac5001d2a36cb6c6cd3e50789007ffca834b477b74a2144564522e944eabff61?s=96&d=mm&r=g\",\"url\":\"https:\\\/\\\/secure.gravatar.com\\\/avatar\\\/ac5001d2a36cb6c6cd3e50789007ffca834b477b74a2144564522e944eabff61?s=96&d=mm&r=g\",\"contentUrl\":\"https:\\\/\\\/secure.gravatar.com\\\/avatar\\\/ac5001d2a36cb6c6cd3e50789007ffca834b477b74a2144564522e944eabff61?s=96&d=mm&r=g\",\"caption\":\"thomas.berner\"},\"url\":\"https:\\\/\\\/www.organisator.ch\\\/en\\\/author\\\/thomas-berner\\\/\"}]}<\/script>\n<!-- \/ Yoast SEO plugin. -->","yoast_head_json":{"title":"Swiss SMEs believe in return with new strength - Organizer","description":"More than two-thirds of Swiss SMEs are confident of returning to the post-Corona era with renewed strength.","robots":{"index":"index","follow":"follow","max-snippet":"max-snippet:-1","max-image-preview":"max-image-preview:large","max-video-preview":"max-video-preview:-1"},"canonical":"https:\/\/www.organisator.ch\/en\/management\/2020-05-06\/schweizer-kmu-glauben-an-rueckkehr-mit-neuer-staerke\/","og_locale":"en_US","og_type":"article","og_title":"Schweizer KMU glauben an R\u00fcckkehr mit neuer St\u00e4rke","og_description":"Mehr als zwei Drittel der Schweizer KMU sind zuversichtlich, mit neuer St\u00e4rke in die Nach-Corona-Zeit zur\u00fcckkehren zu k\u00f6nnen.","og_url":"https:\/\/www.organisator.ch\/en\/management\/2020-05-06\/schweizer-kmu-glauben-an-rueckkehr-mit-neuer-staerke\/","og_site_name":"Organisator","article_publisher":"https:\/\/www.facebook.com\/OrganisatorFachmagazin","article_published_time":"2020-05-06T15:08:03+00:00","og_image":[{"width":680,"height":266,"url":"https:\/\/www.organisator.ch\/wp-content\/uploads\/2020\/05\/Schweizer-KMU-glauben-an-Rueckkehr-mit-neuer-Staerke_Organisator.jpg","type":"image\/jpeg"}],"author":"thomas.berner","twitter_card":"summary_large_image","twitter_title":"Schweizer #KMU glauben an R\u00fcckkehr mit neuer #St\u00e4rke","twitter_description":"Mehr als zwei Drittel der Schweizer #KMU sind zuversichtlich, mit neuer St\u00e4rke in die #Nach-Corona-Zeit zur\u00fcckkehren zu k\u00f6nnen.","twitter_image":"https:\/\/www.organisator.ch\/wp-content\/uploads\/2020\/05\/Schweizer-KMU-glauben-an-Rueckkehr-mit-neuer-Staerke_Organisator.jpg","schema":{"@context":"https:\/\/schema.org","@graph":[{"@type":"Article","@id":"https:\/\/www.organisator.ch\/management\/2020-05-06\/schweizer-kmu-glauben-an-rueckkehr-mit-neuer-staerke\/#article","isPartOf":{"@id":"https:\/\/www.organisator.ch\/management\/2020-05-06\/schweizer-kmu-glauben-an-rueckkehr-mit-neuer-staerke\/"},"author":{"name":"thomas.berner","@id":"https:\/\/www.organisator.ch\/#\/schema\/person\/6f650f90b2842cd4c0cc334b4e36f67e"},"headline":"Schweizer KMU glauben an R\u00fcckkehr mit neuer St\u00e4rke","datePublished":"2020-05-06T15:08:03+00:00","mainEntityOfPage":{"@id":"https:\/\/www.organisator.ch\/management\/2020-05-06\/schweizer-kmu-glauben-an-rueckkehr-mit-neuer-staerke\/"},"wordCount":420,"publisher":{"@id":"https:\/\/www.organisator.ch\/#organization"},"image":{"@id":"https:\/\/www.organisator.ch\/management\/2020-05-06\/schweizer-kmu-glauben-an-rueckkehr-mit-neuer-staerke\/#primaryimage"},"thumbnailUrl":"https:\/\/www.organisator.ch\/wp-content\/uploads\/2020\/05\/Schweizer-KMU-glauben-an-Rueckkehr-mit-neuer-Staerke_Organisator.jpg","keywords":["Coronavirus","Management und Unternehmensf\u00fchrung","Unternehmen"],"articleSection":["MANAGEMENT"],"inLanguage":"en-US"},{"@type":"WebPage","@id":"https:\/\/www.organisator.ch\/management\/2020-05-06\/schweizer-kmu-glauben-an-rueckkehr-mit-neuer-staerke\/","url":"https:\/\/www.organisator.ch\/management\/2020-05-06\/schweizer-kmu-glauben-an-rueckkehr-mit-neuer-staerke\/","name":"Swiss SMEs believe in return with new strength - Organizer","isPartOf":{"@id":"https:\/\/www.organisator.ch\/#website"},"primaryImageOfPage":{"@id":"https:\/\/www.organisator.ch\/management\/2020-05-06\/schweizer-kmu-glauben-an-rueckkehr-mit-neuer-staerke\/#primaryimage"},"image":{"@id":"https:\/\/www.organisator.ch\/management\/2020-05-06\/schweizer-kmu-glauben-an-rueckkehr-mit-neuer-staerke\/#primaryimage"},"thumbnailUrl":"https:\/\/www.organisator.ch\/wp-content\/uploads\/2020\/05\/Schweizer-KMU-glauben-an-Rueckkehr-mit-neuer-Staerke_Organisator.jpg","datePublished":"2020-05-06T15:08:03+00:00","description":"More than two-thirds of Swiss SMEs are confident of returning to the post-Corona era with renewed strength.","breadcrumb":{"@id":"https:\/\/www.organisator.ch\/management\/2020-05-06\/schweizer-kmu-glauben-an-rueckkehr-mit-neuer-staerke\/#breadcrumb"},"inLanguage":"en-US","potentialAction":[{"@type":"ReadAction","target":["https:\/\/www.organisator.ch\/management\/2020-05-06\/schweizer-kmu-glauben-an-rueckkehr-mit-neuer-staerke\/"]}]},{"@type":"ImageObject","inLanguage":"en-US","@id":"https:\/\/www.organisator.ch\/management\/2020-05-06\/schweizer-kmu-glauben-an-rueckkehr-mit-neuer-staerke\/#primaryimage","url":"https:\/\/www.organisator.ch\/wp-content\/uploads\/2020\/05\/Schweizer-KMU-glauben-an-Rueckkehr-mit-neuer-Staerke_Organisator.jpg","contentUrl":"https:\/\/www.organisator.ch\/wp-content\/uploads\/2020\/05\/Schweizer-KMU-glauben-an-Rueckkehr-mit-neuer-Staerke_Organisator.jpg","width":680,"height":266,"caption":"So beurteilen Schweizer KMU die Coronakrise. (Grafik: Localsearch)"},{"@type":"BreadcrumbList","@id":"https:\/\/www.organisator.ch\/management\/2020-05-06\/schweizer-kmu-glauben-an-rueckkehr-mit-neuer-staerke\/#breadcrumb","itemListElement":[{"@type":"ListItem","position":1,"name":"Home","item":"https:\/\/www.organisator.ch\/"},{"@type":"ListItem","position":2,"name":"Schweizer KMU glauben an R\u00fcckkehr mit neuer St\u00e4rke"}]},{"@type":"WebSite","@id":"https:\/\/www.organisator.ch\/#website","url":"https:\/\/www.organisator.ch\/","name":"Organizer","description":"Competent. Practical. In 10 issues per year, ORGANISATOR presents the essential topics for managers of SMEs.","publisher":{"@id":"https:\/\/www.organisator.ch\/#organization"},"potentialAction":[{"@type":"SearchAction","target":{"@type":"EntryPoint","urlTemplate":"https:\/\/www.organisator.ch\/?s={search_term_string}"},"query-input":{"@type":"PropertyValueSpecification","valueRequired":true,"valueName":"search_term_string"}}],"inLanguage":"en-US"},{"@type":"Organization","@id":"https:\/\/www.organisator.ch\/#organization","name":"Organizer","url":"https:\/\/www.organisator.ch\/","logo":{"@type":"ImageObject","inLanguage":"en-US","@id":"https:\/\/www.organisator.ch\/#\/schema\/logo\/image\/","url":"https:\/\/www.organisator.ch\/wp-content\/uploads\/2022\/01\/Logo_Organisator_Website.png","contentUrl":"https:\/\/www.organisator.ch\/wp-content\/uploads\/2022\/01\/Logo_Organisator_Website.png","width":800,"height":77,"caption":"Organisator"},"image":{"@id":"https:\/\/www.organisator.ch\/#\/schema\/logo\/image\/"},"sameAs":["https:\/\/www.facebook.com\/OrganisatorFachmagazin","https:\/\/www.linkedin.com\/showcase\/organisator-das-magazin-fr-kmu","https:\/\/www.xing.com\/news\/pages\/organisator-ch-695","https:\/\/www.youtube.com\/channel\/UCGP2Sq0iWaZwT3BdIAQFYpw"]},{"@type":"Person","@id":"https:\/\/www.organisator.ch\/#\/schema\/person\/6f650f90b2842cd4c0cc334b4e36f67e","name":"thomas.berner","image":{"@type":"ImageObject","inLanguage":"en-US","@id":"https:\/\/secure.gravatar.com\/avatar\/ac5001d2a36cb6c6cd3e50789007ffca834b477b74a2144564522e944eabff61?s=96&d=mm&r=g","url":"https:\/\/secure.gravatar.com\/avatar\/ac5001d2a36cb6c6cd3e50789007ffca834b477b74a2144564522e944eabff61?s=96&d=mm&r=g","contentUrl":"https:\/\/secure.gravatar.com\/avatar\/ac5001d2a36cb6c6cd3e50789007ffca834b477b74a2144564522e944eabff61?s=96&d=mm&r=g","caption":"thomas.berner"},"url":"https:\/\/www.organisator.ch\/en\/author\/thomas-berner\/"}]}},"_links":{"self":[{"href":"https:\/\/www.organisator.ch\/en\/wp-json\/wp\/v2\/posts\/6669","targetHints":{"allow":["GET"]}}],"collection":[{"href":"https:\/\/www.organisator.ch\/en\/wp-json\/wp\/v2\/posts"}],"about":[{"href":"https:\/\/www.organisator.ch\/en\/wp-json\/wp\/v2\/types\/post"}],"author":[{"embeddable":true,"href":"https:\/\/www.organisator.ch\/en\/wp-json\/wp\/v2\/users\/4"}],"replies":[{"embeddable":true,"href":"https:\/\/www.organisator.ch\/en\/wp-json\/wp\/v2\/comments?post=6669"}],"version-history":[{"count":0,"href":"https:\/\/www.organisator.ch\/en\/wp-json\/wp\/v2\/posts\/6669\/revisions"}],"wp:featuredmedia":[{"embeddable":true,"href":"https:\/\/www.organisator.ch\/en\/wp-json\/wp\/v2\/media\/6670"}],"wp:attachment":[{"href":"https:\/\/www.organisator.ch\/en\/wp-json\/wp\/v2\/media?parent=6669"}],"wp:term":[{"taxonomy":"category","embeddable":true,"href":"https:\/\/www.organisator.ch\/en\/wp-json\/wp\/v2\/categories?post=6669"},{"taxonomy":"post_tag","embeddable":true,"href":"https:\/\/www.organisator.ch\/en\/wp-json\/wp\/v2\/tags?post=6669"}],"curies":[{"name":"wp","href":"https:\/\/api.w.org\/{rel}","templated":true}]}}