{"id":6672,"date":"2020-05-08T07:52:58","date_gmt":"2020-05-08T05:52:58","guid":{"rendered":"https:\/\/www.organisator.ch\/?p=6672"},"modified":"2020-05-08T07:52:58","modified_gmt":"2020-05-08T05:52:58","slug":"staerkung-der-inneren-kraft-am-female-business-erlebnistag","status":"publish","type":"post","link":"https:\/\/www.organisator.ch\/en\/weiterbildung\/2020-05-08\/staerkung-der-inneren-kraft-am-female-business-erlebnistag\/","title":{"rendered":"\"Strengthening the inner power\" at the Female Business Experience Day"},"content":{"rendered":"<figure id=\"attachment_6674\" aria-describedby=\"caption-attachment-6674\" style=\"width: 680px\" class=\"wp-caption alignnone\"><img loading=\"lazy\" decoding=\"async\" class=\"size-medium wp-image-6674\" src=\"https:\/\/www.organisator.ch\/wp-content\/uploads\/2020\/05\/Staerkung-der-inneren-Kraft-am-Female-Business-Erlebnistag-1_Organisator.jpg\" alt=\"\" width=\"680\" height=\"510\" srcset=\"https:\/\/www.organisator.ch\/wp-content\/uploads\/2020\/05\/Staerkung-der-inneren-Kraft-am-Female-Business-Erlebnistag-1_Organisator.jpg 680w, https:\/\/www.organisator.ch\/wp-content\/uploads\/2020\/05\/Staerkung-der-inneren-Kraft-am-Female-Business-Erlebnistag-1_Organisator-16x12.jpg 16w, https:\/\/www.organisator.ch\/wp-content\/uploads\/2020\/05\/Staerkung-der-inneren-Kraft-am-Female-Business-Erlebnistag-1_Organisator-233x175.jpg 233w, https:\/\/www.organisator.ch\/wp-content\/uploads\/2020\/05\/Staerkung-der-inneren-Kraft-am-Female-Business-Erlebnistag-1_Organisator-467x350.jpg 467w, https:\/\/www.organisator.ch\/wp-content\/uploads\/2020\/05\/Staerkung-der-inneren-Kraft-am-Female-Business-Erlebnistag-1_Organisator-300x225.jpg 300w\" sizes=\"auto, (max-width: 680px) 100vw, 680px\" \/><figcaption id=\"caption-attachment-6674\" class=\"wp-caption-text\">This year's Female Business Experience Day will take place at the Badhof seminar hotel in Meggen - with a view of Lake Lucerne. (Image: zVg)<\/figcaption><\/figure>\n<p>This year's Female Business Experience Day on June 19, 2020 carries the theme: Strengthening inner power - training emotional and mental muscles for more inner strength and self-fulfillment. On this day, the participants will be shown their own heart's goals in two different workshops, they will trace their essence and mobilize hidden forces. The event promises an unforgettable experience at the seminar hotel Badhof in Meggen, with a view of Lake Lucerne and the Central Swiss Alps!<\/p>\n<h2>Workshop by Nicole Brandes: \"The four roles of a strong woman\".<\/h2>\n<p>In the workshop by Taoism expert and executive coach Nicole Brandes, the four roles of a strong woman will be discussed and how she can bring them into harmony with her life goals. It is about finding ways out of the comfort zone and strengthening one's own energy matrix. Nicole Brandes is founder of \"Achievers on Fire!\", international management coach,<br \/>\nBest-selling author and sought-after keynote speaker worldwide. She held top positions in various multinational financial corporations and with Queen Silvia of Sweden for over 15 years. When she led on-site relief efforts in the Halifax plane crash, it changed her life: \"If people's hearts aren't recognized and involved, all processes are for naught.\" She wrote her own team mission statements and won awards for her work at Bank Leu. Today, she works with business people to be not only more successful at work, but also more fulfilled in life.<\/p>\n<figure id=\"attachment_6675\" aria-describedby=\"caption-attachment-6675\" style=\"width: 680px\" class=\"wp-caption alignnone\"><img loading=\"lazy\" decoding=\"async\" class=\"size-medium wp-image-6675\" src=\"https:\/\/www.organisator.ch\/wp-content\/uploads\/2020\/05\/Staerkung-der-inneren-Kraft-am-Female-Business-Erlebnistag-2_Organisator.jpg\" alt=\"\" width=\"680\" height=\"309\" srcset=\"https:\/\/www.organisator.ch\/wp-content\/uploads\/2020\/05\/Staerkung-der-inneren-Kraft-am-Female-Business-Erlebnistag-2_Organisator.jpg 680w, https:\/\/www.organisator.ch\/wp-content\/uploads\/2020\/05\/Staerkung-der-inneren-Kraft-am-Female-Business-Erlebnistag-2_Organisator-16x7.jpg 16w, https:\/\/www.organisator.ch\/wp-content\/uploads\/2020\/05\/Staerkung-der-inneren-Kraft-am-Female-Business-Erlebnistag-2_Organisator-375x170.jpg 375w, https:\/\/www.organisator.ch\/wp-content\/uploads\/2020\/05\/Staerkung-der-inneren-Kraft-am-Female-Business-Erlebnistag-2_Organisator-300x136.jpg 300w\" sizes=\"auto, (max-width: 680px) 100vw, 680px\" \/><figcaption id=\"caption-attachment-6675\" class=\"wp-caption-text\">The two workshop leaders at the Female Business Experience Day: Nicole Brandes (left) and Nadine Rass. (Image: zVg)<\/figcaption><\/figure>\n<h2>Workshop by Nadine Rass: \"High performance thanks to active regeneration\".<\/h2>\n<p>Nadine Rass's workshop will cover topics such as stress management and how to better deal with performance pressure. The former professional golfer and current business coach shows how to achieve high performance under pressure and how to deal with defeats. Her holistic methodology encompasses the training of mental and<br \/>\nemotional muscles to strengthen one's energy matrix. She talks about linear concentration, active regeneration and how to stay intrinsically motivated for longer periods of time. With integrated exercises from breathing therapy and Qi Gong. Optionally, a golf short workshop (9-12h) with Nadine Rass can be booked on the following day, June 20, 2020. The cost of CHF 150\/person can be paid directly on site (max. 12 persons).<\/p>\n<p>Nadine Rass, PGA golf professional and mental coach was herself an athlete and coach on the tour around the globe for many years. She is one of the top 100 business coaches and has been supporting numerous companies and personalities for 15 years now. Her innovative impulse coaching concept was nominated for the Austrian HR Award in the Vienna Hofburg last fall.<\/p>\n<h2>Female Business Experience Day: The most important facts in brief<\/h2>\n<p><strong>Date:<\/strong> June 19, 2020<br \/>\n<strong>Location:<\/strong> Golf Meggen \/ Badhof Inn, Kreuzbuchweg 1, 6045 Meggen<br \/>\n<strong>Time:<\/strong> 09:00 till 18:00<br \/>\n<strong>Prices:<\/strong> CHF 420.- (regular) | CHF 350.- (for Female Business Club-Members)<br \/>\n<strong>Registration deadline:<\/strong> May 31, 2020<br \/>\n<strong>Registration:<\/strong> <a href=\"https:\/\/www.femalebusinessseminars.ch\/veranstaltungen\/fb-erlebnistag-2020\">https:\/\/www.femalebusinessseminars.ch\/veranstaltungen\/fb-erlebnistag-2020<\/a><\/p>","protected":false},"excerpt":{"rendered":"<p>Der diesj\u00e4hrige Female Business Erlebnistag vom 19. Juni 2020 tr\u00e4gt das Thema: St\u00e4rkung der inneren Kraft &#8211; Training emotionaler und mentaler Muskeln f\u00fcr mehr innere St\u00e4rke und Selbsterf\u00fcllung. An diesem Tag werden den Teilnehmerinnen in zwei unterschiedlichen Workshops ihre eigenen Herzensziele vor Augen gef\u00fchrt, sie gehen ihrer Essenz auf die Spur und mobilisieren verborgene Kr\u00e4fte. [&hellip;]<\/p>\n","protected":false},"author":4,"featured_media":6674,"comment_status":"closed","ping_status":"closed","sticky":false,"template":"","format":"standard","meta":{"_acf_changed":false,"_yoast_wpseo_focuskw":"Female Business Erlebnistag","_yoast_wpseo_metadesc":"Das Weiterbildungsunternehmen Female Business Seminars organisiert den 5. Female Business Erlebnistag, einen Workshop-Tag f\u00fcr beruflich engagierte Frauen.","articlekey":"","footnotes":""},"categories":[30],"tags":[62,198,502],"class_list":["post-6672","post","type-post","status-publish","format-standard","has-post-thumbnail","hentry","category-weiterbildung","tag-aus-weiterbildung","tag-female-business-seminars","tag-veranstaltungen"],"acf":[],"yoast_head":"<!-- This site is optimized with the Yoast SEO plugin v27.5 - https:\/\/yoast.com\/product\/yoast-seo-wordpress\/ -->\n<title>\u00abSt\u00e4rkung der inneren Kraft\u00bb am Female Business Erlebnistag - Organisator<\/title>\n<meta name=\"description\" content=\"Das Weiterbildungsunternehmen Female Business Seminars organisiert den 5. Female Business Erlebnistag, einen Workshop-Tag f\u00fcr beruflich engagierte Frauen.\" \/>\n<meta name=\"robots\" content=\"index, follow, max-snippet:-1, max-image-preview:large, max-video-preview:-1\" \/>\n<link rel=\"canonical\" href=\"https:\/\/www.organisator.ch\/en\/further-education\/2020-05-08\/staerkung-der-inneren-kraft-am-female-business-erlebnistag\/\" \/>\n<meta property=\"og:locale\" content=\"en_US\" \/>\n<meta property=\"og:type\" content=\"article\" \/>\n<meta property=\"og:title\" content=\"\u00abSt\u00e4rkung der inneren Kraft\u00bb am Female Business Erlebnistag\" \/>\n<meta property=\"og:description\" content=\"Das Weiterbildungsunternehmen Female Business Seminars organisiert den 5. Female Business Erlebnistag, einen Workshop-Tag f\u00fcr beruflich engagierte Frauen.\" \/>\n<meta property=\"og:url\" content=\"https:\/\/www.organisator.ch\/en\/further-education\/2020-05-08\/staerkung-der-inneren-kraft-am-female-business-erlebnistag\/\" \/>\n<meta property=\"og:site_name\" content=\"Organisator\" \/>\n<meta property=\"article:publisher\" content=\"https:\/\/www.facebook.com\/OrganisatorFachmagazin\" \/>\n<meta property=\"article:published_time\" content=\"2020-05-08T05:52:58+00:00\" \/>\n<meta property=\"og:image\" content=\"https:\/\/www.organisator.ch\/wp-content\/uploads\/2020\/05\/Staerkung-der-inneren-Kraft-am-Female-Business-Erlebnistag-2_Organisator.jpg\" \/>\n\t<meta property=\"og:image:width\" content=\"680\" \/>\n\t<meta property=\"og:image:height\" content=\"309\" \/>\n\t<meta property=\"og:image:type\" content=\"image\/jpeg\" \/>\n<meta name=\"author\" content=\"thomas.berner\" \/>\n<meta name=\"twitter:card\" content=\"summary_large_image\" \/>\n<meta name=\"twitter:title\" content=\"\u00abSt\u00e4rkung der inneren Kraft\u00bb am #FemaleBusiness #Erlebnistag\" \/>\n<meta name=\"twitter:description\" content=\"Das #Weiterbildungsunternehmen Female Business Seminars organisiert den 5. #FemaleBusiness Erlebnistag, einen Workshop-Tag f\u00fcr beruflich engagierte Frauen.\" \/>\n<meta name=\"twitter:image\" content=\"https:\/\/www.organisator.ch\/wp-content\/uploads\/2020\/05\/Staerkung-der-inneren-Kraft-am-Female-Business-Erlebnistag-2_Organisator.jpg\" \/>\n<script type=\"application\/ld+json\" class=\"yoast-schema-graph\">{\"@context\":\"https:\\\/\\\/schema.org\",\"@graph\":[{\"@type\":\"Article\",\"@id\":\"https:\\\/\\\/www.organisator.ch\\\/weiterbildung\\\/2020-05-08\\\/staerkung-der-inneren-kraft-am-female-business-erlebnistag\\\/#article\",\"isPartOf\":{\"@id\":\"https:\\\/\\\/www.organisator.ch\\\/weiterbildung\\\/2020-05-08\\\/staerkung-der-inneren-kraft-am-female-business-erlebnistag\\\/\"},\"author\":{\"name\":\"thomas.berner\",\"@id\":\"https:\\\/\\\/www.organisator.ch\\\/#\\\/schema\\\/person\\\/6f650f90b2842cd4c0cc334b4e36f67e\"},\"headline\":\"\u00abSt\u00e4rkung der inneren Kraft\u00bb am Female Business Erlebnistag\",\"datePublished\":\"2020-05-08T05:52:58+00:00\",\"mainEntityOfPage\":{\"@id\":\"https:\\\/\\\/www.organisator.ch\\\/weiterbildung\\\/2020-05-08\\\/staerkung-der-inneren-kraft-am-female-business-erlebnistag\\\/\"},\"wordCount\":519,\"publisher\":{\"@id\":\"https:\\\/\\\/www.organisator.ch\\\/#organization\"},\"image\":{\"@id\":\"https:\\\/\\\/www.organisator.ch\\\/weiterbildung\\\/2020-05-08\\\/staerkung-der-inneren-kraft-am-female-business-erlebnistag\\\/#primaryimage\"},\"thumbnailUrl\":\"https:\\\/\\\/www.organisator.ch\\\/wp-content\\\/uploads\\\/2020\\\/05\\\/Staerkung-der-inneren-Kraft-am-Female-Business-Erlebnistag-1_Organisator.jpg\",\"keywords\":[\"Aus-\\\/Weiterbildung\",\"Female Business Seminars\",\"Veranstaltungen\"],\"articleSection\":[\"WEITERBILDUNG\"],\"inLanguage\":\"en-US\"},{\"@type\":\"WebPage\",\"@id\":\"https:\\\/\\\/www.organisator.ch\\\/weiterbildung\\\/2020-05-08\\\/staerkung-der-inneren-kraft-am-female-business-erlebnistag\\\/\",\"url\":\"https:\\\/\\\/www.organisator.ch\\\/weiterbildung\\\/2020-05-08\\\/staerkung-der-inneren-kraft-am-female-business-erlebnistag\\\/\",\"name\":\"\u00abSt\u00e4rkung der inneren Kraft\u00bb am Female Business Erlebnistag - Organisator\",\"isPartOf\":{\"@id\":\"https:\\\/\\\/www.organisator.ch\\\/#website\"},\"primaryImageOfPage\":{\"@id\":\"https:\\\/\\\/www.organisator.ch\\\/weiterbildung\\\/2020-05-08\\\/staerkung-der-inneren-kraft-am-female-business-erlebnistag\\\/#primaryimage\"},\"image\":{\"@id\":\"https:\\\/\\\/www.organisator.ch\\\/weiterbildung\\\/2020-05-08\\\/staerkung-der-inneren-kraft-am-female-business-erlebnistag\\\/#primaryimage\"},\"thumbnailUrl\":\"https:\\\/\\\/www.organisator.ch\\\/wp-content\\\/uploads\\\/2020\\\/05\\\/Staerkung-der-inneren-Kraft-am-Female-Business-Erlebnistag-1_Organisator.jpg\",\"datePublished\":\"2020-05-08T05:52:58+00:00\",\"description\":\"Das Weiterbildungsunternehmen Female Business Seminars organisiert den 5. Female Business Erlebnistag, einen Workshop-Tag f\u00fcr beruflich engagierte Frauen.\",\"breadcrumb\":{\"@id\":\"https:\\\/\\\/www.organisator.ch\\\/weiterbildung\\\/2020-05-08\\\/staerkung-der-inneren-kraft-am-female-business-erlebnistag\\\/#breadcrumb\"},\"inLanguage\":\"en-US\",\"potentialAction\":[{\"@type\":\"ReadAction\",\"target\":[\"https:\\\/\\\/www.organisator.ch\\\/weiterbildung\\\/2020-05-08\\\/staerkung-der-inneren-kraft-am-female-business-erlebnistag\\\/\"]}]},{\"@type\":\"ImageObject\",\"inLanguage\":\"en-US\",\"@id\":\"https:\\\/\\\/www.organisator.ch\\\/weiterbildung\\\/2020-05-08\\\/staerkung-der-inneren-kraft-am-female-business-erlebnistag\\\/#primaryimage\",\"url\":\"https:\\\/\\\/www.organisator.ch\\\/wp-content\\\/uploads\\\/2020\\\/05\\\/Staerkung-der-inneren-Kraft-am-Female-Business-Erlebnistag-1_Organisator.jpg\",\"contentUrl\":\"https:\\\/\\\/www.organisator.ch\\\/wp-content\\\/uploads\\\/2020\\\/05\\\/Staerkung-der-inneren-Kraft-am-Female-Business-Erlebnistag-1_Organisator.jpg\",\"width\":680,\"height\":510,\"caption\":\"Der diesj\u00e4hrige Female Business Erlebnistag findet im Seminarhotel Badhof in Meggen statt - mit Blick auf den Vierwaldst\u00e4ttersee. (Bild: zVg)\"},{\"@type\":\"BreadcrumbList\",\"@id\":\"https:\\\/\\\/www.organisator.ch\\\/weiterbildung\\\/2020-05-08\\\/staerkung-der-inneren-kraft-am-female-business-erlebnistag\\\/#breadcrumb\",\"itemListElement\":[{\"@type\":\"ListItem\",\"position\":1,\"name\":\"Home\",\"item\":\"https:\\\/\\\/www.organisator.ch\\\/\"},{\"@type\":\"ListItem\",\"position\":2,\"name\":\"\u00abSt\u00e4rkung der inneren Kraft\u00bb am Female Business Erlebnistag\"}]},{\"@type\":\"WebSite\",\"@id\":\"https:\\\/\\\/www.organisator.ch\\\/#website\",\"url\":\"https:\\\/\\\/www.organisator.ch\\\/\",\"name\":\"Organisator\",\"description\":\"Kompetent. Praxisnah. Der ORGANISATOR bereitet in 10 Ausgaben pro Jahr die wesentlichen Themen f\u00fcr F\u00fchrungskr\u00e4fte von KMU auf.\",\"publisher\":{\"@id\":\"https:\\\/\\\/www.organisator.ch\\\/#organization\"},\"potentialAction\":[{\"@type\":\"SearchAction\",\"target\":{\"@type\":\"EntryPoint\",\"urlTemplate\":\"https:\\\/\\\/www.organisator.ch\\\/?s={search_term_string}\"},\"query-input\":{\"@type\":\"PropertyValueSpecification\",\"valueRequired\":true,\"valueName\":\"search_term_string\"}}],\"inLanguage\":\"en-US\"},{\"@type\":\"Organization\",\"@id\":\"https:\\\/\\\/www.organisator.ch\\\/#organization\",\"name\":\"Organisator\",\"url\":\"https:\\\/\\\/www.organisator.ch\\\/\",\"logo\":{\"@type\":\"ImageObject\",\"inLanguage\":\"en-US\",\"@id\":\"https:\\\/\\\/www.organisator.ch\\\/#\\\/schema\\\/logo\\\/image\\\/\",\"url\":\"https:\\\/\\\/www.organisator.ch\\\/wp-content\\\/uploads\\\/2022\\\/01\\\/Logo_Organisator_Website.png\",\"contentUrl\":\"https:\\\/\\\/www.organisator.ch\\\/wp-content\\\/uploads\\\/2022\\\/01\\\/Logo_Organisator_Website.png\",\"width\":800,\"height\":77,\"caption\":\"Organisator\"},\"image\":{\"@id\":\"https:\\\/\\\/www.organisator.ch\\\/#\\\/schema\\\/logo\\\/image\\\/\"},\"sameAs\":[\"https:\\\/\\\/www.facebook.com\\\/OrganisatorFachmagazin\",\"https:\\\/\\\/www.linkedin.com\\\/showcase\\\/organisator-das-magazin-fr-kmu\",\"https:\\\/\\\/www.xing.com\\\/news\\\/pages\\\/organisator-ch-695\",\"https:\\\/\\\/www.youtube.com\\\/channel\\\/UCGP2Sq0iWaZwT3BdIAQFYpw\"]},{\"@type\":\"Person\",\"@id\":\"https:\\\/\\\/www.organisator.ch\\\/#\\\/schema\\\/person\\\/6f650f90b2842cd4c0cc334b4e36f67e\",\"name\":\"thomas.berner\",\"image\":{\"@type\":\"ImageObject\",\"inLanguage\":\"en-US\",\"@id\":\"https:\\\/\\\/secure.gravatar.com\\\/avatar\\\/ac5001d2a36cb6c6cd3e50789007ffca834b477b74a2144564522e944eabff61?s=96&d=mm&r=g\",\"url\":\"https:\\\/\\\/secure.gravatar.com\\\/avatar\\\/ac5001d2a36cb6c6cd3e50789007ffca834b477b74a2144564522e944eabff61?s=96&d=mm&r=g\",\"contentUrl\":\"https:\\\/\\\/secure.gravatar.com\\\/avatar\\\/ac5001d2a36cb6c6cd3e50789007ffca834b477b74a2144564522e944eabff61?s=96&d=mm&r=g\",\"caption\":\"thomas.berner\"},\"url\":\"https:\\\/\\\/www.organisator.ch\\\/en\\\/author\\\/thomas-berner\\\/\"}]}<\/script>\n<!-- \/ Yoast SEO plugin. -->","yoast_head_json":{"title":"\"Strengthening the inner power\" at the Female Business Experience Day - Organizer.","description":"The training company Female Business Seminars organizes the 5th Female Business Experience Day, a workshop day for professionally engaged women.","robots":{"index":"index","follow":"follow","max-snippet":"max-snippet:-1","max-image-preview":"max-image-preview:large","max-video-preview":"max-video-preview:-1"},"canonical":"https:\/\/www.organisator.ch\/en\/further-education\/2020-05-08\/staerkung-der-inneren-kraft-am-female-business-erlebnistag\/","og_locale":"en_US","og_type":"article","og_title":"\u00abSt\u00e4rkung der inneren Kraft\u00bb am Female Business Erlebnistag","og_description":"Das Weiterbildungsunternehmen Female Business Seminars organisiert den 5. Female Business Erlebnistag, einen Workshop-Tag f\u00fcr beruflich engagierte Frauen.","og_url":"https:\/\/www.organisator.ch\/en\/further-education\/2020-05-08\/staerkung-der-inneren-kraft-am-female-business-erlebnistag\/","og_site_name":"Organisator","article_publisher":"https:\/\/www.facebook.com\/OrganisatorFachmagazin","article_published_time":"2020-05-08T05:52:58+00:00","og_image":[{"width":680,"height":309,"url":"https:\/\/www.organisator.ch\/wp-content\/uploads\/2020\/05\/Staerkung-der-inneren-Kraft-am-Female-Business-Erlebnistag-2_Organisator.jpg","type":"image\/jpeg"}],"author":"thomas.berner","twitter_card":"summary_large_image","twitter_title":"\u00abSt\u00e4rkung der inneren Kraft\u00bb am #FemaleBusiness #Erlebnistag","twitter_description":"Das #Weiterbildungsunternehmen Female Business Seminars organisiert den 5. #FemaleBusiness Erlebnistag, einen Workshop-Tag f\u00fcr beruflich engagierte Frauen.","twitter_image":"https:\/\/www.organisator.ch\/wp-content\/uploads\/2020\/05\/Staerkung-der-inneren-Kraft-am-Female-Business-Erlebnistag-2_Organisator.jpg","schema":{"@context":"https:\/\/schema.org","@graph":[{"@type":"Article","@id":"https:\/\/www.organisator.ch\/weiterbildung\/2020-05-08\/staerkung-der-inneren-kraft-am-female-business-erlebnistag\/#article","isPartOf":{"@id":"https:\/\/www.organisator.ch\/weiterbildung\/2020-05-08\/staerkung-der-inneren-kraft-am-female-business-erlebnistag\/"},"author":{"name":"thomas.berner","@id":"https:\/\/www.organisator.ch\/#\/schema\/person\/6f650f90b2842cd4c0cc334b4e36f67e"},"headline":"\u00abSt\u00e4rkung der inneren Kraft\u00bb am Female Business Erlebnistag","datePublished":"2020-05-08T05:52:58+00:00","mainEntityOfPage":{"@id":"https:\/\/www.organisator.ch\/weiterbildung\/2020-05-08\/staerkung-der-inneren-kraft-am-female-business-erlebnistag\/"},"wordCount":519,"publisher":{"@id":"https:\/\/www.organisator.ch\/#organization"},"image":{"@id":"https:\/\/www.organisator.ch\/weiterbildung\/2020-05-08\/staerkung-der-inneren-kraft-am-female-business-erlebnistag\/#primaryimage"},"thumbnailUrl":"https:\/\/www.organisator.ch\/wp-content\/uploads\/2020\/05\/Staerkung-der-inneren-Kraft-am-Female-Business-Erlebnistag-1_Organisator.jpg","keywords":["Aus-\/Weiterbildung","Female Business Seminars","Veranstaltungen"],"articleSection":["WEITERBILDUNG"],"inLanguage":"en-US"},{"@type":"WebPage","@id":"https:\/\/www.organisator.ch\/weiterbildung\/2020-05-08\/staerkung-der-inneren-kraft-am-female-business-erlebnistag\/","url":"https:\/\/www.organisator.ch\/weiterbildung\/2020-05-08\/staerkung-der-inneren-kraft-am-female-business-erlebnistag\/","name":"\"Strengthening the inner power\" at the Female Business Experience Day - Organizer.","isPartOf":{"@id":"https:\/\/www.organisator.ch\/#website"},"primaryImageOfPage":{"@id":"https:\/\/www.organisator.ch\/weiterbildung\/2020-05-08\/staerkung-der-inneren-kraft-am-female-business-erlebnistag\/#primaryimage"},"image":{"@id":"https:\/\/www.organisator.ch\/weiterbildung\/2020-05-08\/staerkung-der-inneren-kraft-am-female-business-erlebnistag\/#primaryimage"},"thumbnailUrl":"https:\/\/www.organisator.ch\/wp-content\/uploads\/2020\/05\/Staerkung-der-inneren-Kraft-am-Female-Business-Erlebnistag-1_Organisator.jpg","datePublished":"2020-05-08T05:52:58+00:00","description":"The training company Female Business Seminars organizes the 5th Female Business Experience Day, a workshop day for professionally engaged women.","breadcrumb":{"@id":"https:\/\/www.organisator.ch\/weiterbildung\/2020-05-08\/staerkung-der-inneren-kraft-am-female-business-erlebnistag\/#breadcrumb"},"inLanguage":"en-US","potentialAction":[{"@type":"ReadAction","target":["https:\/\/www.organisator.ch\/weiterbildung\/2020-05-08\/staerkung-der-inneren-kraft-am-female-business-erlebnistag\/"]}]},{"@type":"ImageObject","inLanguage":"en-US","@id":"https:\/\/www.organisator.ch\/weiterbildung\/2020-05-08\/staerkung-der-inneren-kraft-am-female-business-erlebnistag\/#primaryimage","url":"https:\/\/www.organisator.ch\/wp-content\/uploads\/2020\/05\/Staerkung-der-inneren-Kraft-am-Female-Business-Erlebnistag-1_Organisator.jpg","contentUrl":"https:\/\/www.organisator.ch\/wp-content\/uploads\/2020\/05\/Staerkung-der-inneren-Kraft-am-Female-Business-Erlebnistag-1_Organisator.jpg","width":680,"height":510,"caption":"Der diesj\u00e4hrige Female Business Erlebnistag findet im Seminarhotel Badhof in Meggen statt - mit Blick auf den Vierwaldst\u00e4ttersee. (Bild: zVg)"},{"@type":"BreadcrumbList","@id":"https:\/\/www.organisator.ch\/weiterbildung\/2020-05-08\/staerkung-der-inneren-kraft-am-female-business-erlebnistag\/#breadcrumb","itemListElement":[{"@type":"ListItem","position":1,"name":"Home","item":"https:\/\/www.organisator.ch\/"},{"@type":"ListItem","position":2,"name":"\u00abSt\u00e4rkung der inneren Kraft\u00bb am Female Business Erlebnistag"}]},{"@type":"WebSite","@id":"https:\/\/www.organisator.ch\/#website","url":"https:\/\/www.organisator.ch\/","name":"Organizer","description":"Competent. Practical. In 10 issues per year, ORGANISATOR presents the essential topics for managers of SMEs.","publisher":{"@id":"https:\/\/www.organisator.ch\/#organization"},"potentialAction":[{"@type":"SearchAction","target":{"@type":"EntryPoint","urlTemplate":"https:\/\/www.organisator.ch\/?s={search_term_string}"},"query-input":{"@type":"PropertyValueSpecification","valueRequired":true,"valueName":"search_term_string"}}],"inLanguage":"en-US"},{"@type":"Organization","@id":"https:\/\/www.organisator.ch\/#organization","name":"Organizer","url":"https:\/\/www.organisator.ch\/","logo":{"@type":"ImageObject","inLanguage":"en-US","@id":"https:\/\/www.organisator.ch\/#\/schema\/logo\/image\/","url":"https:\/\/www.organisator.ch\/wp-content\/uploads\/2022\/01\/Logo_Organisator_Website.png","contentUrl":"https:\/\/www.organisator.ch\/wp-content\/uploads\/2022\/01\/Logo_Organisator_Website.png","width":800,"height":77,"caption":"Organisator"},"image":{"@id":"https:\/\/www.organisator.ch\/#\/schema\/logo\/image\/"},"sameAs":["https:\/\/www.facebook.com\/OrganisatorFachmagazin","https:\/\/www.linkedin.com\/showcase\/organisator-das-magazin-fr-kmu","https:\/\/www.xing.com\/news\/pages\/organisator-ch-695","https:\/\/www.youtube.com\/channel\/UCGP2Sq0iWaZwT3BdIAQFYpw"]},{"@type":"Person","@id":"https:\/\/www.organisator.ch\/#\/schema\/person\/6f650f90b2842cd4c0cc334b4e36f67e","name":"thomas.berner","image":{"@type":"ImageObject","inLanguage":"en-US","@id":"https:\/\/secure.gravatar.com\/avatar\/ac5001d2a36cb6c6cd3e50789007ffca834b477b74a2144564522e944eabff61?s=96&d=mm&r=g","url":"https:\/\/secure.gravatar.com\/avatar\/ac5001d2a36cb6c6cd3e50789007ffca834b477b74a2144564522e944eabff61?s=96&d=mm&r=g","contentUrl":"https:\/\/secure.gravatar.com\/avatar\/ac5001d2a36cb6c6cd3e50789007ffca834b477b74a2144564522e944eabff61?s=96&d=mm&r=g","caption":"thomas.berner"},"url":"https:\/\/www.organisator.ch\/en\/author\/thomas-berner\/"}]}},"_links":{"self":[{"href":"https:\/\/www.organisator.ch\/en\/wp-json\/wp\/v2\/posts\/6672","targetHints":{"allow":["GET"]}}],"collection":[{"href":"https:\/\/www.organisator.ch\/en\/wp-json\/wp\/v2\/posts"}],"about":[{"href":"https:\/\/www.organisator.ch\/en\/wp-json\/wp\/v2\/types\/post"}],"author":[{"embeddable":true,"href":"https:\/\/www.organisator.ch\/en\/wp-json\/wp\/v2\/users\/4"}],"replies":[{"embeddable":true,"href":"https:\/\/www.organisator.ch\/en\/wp-json\/wp\/v2\/comments?post=6672"}],"version-history":[{"count":0,"href":"https:\/\/www.organisator.ch\/en\/wp-json\/wp\/v2\/posts\/6672\/revisions"}],"wp:featuredmedia":[{"embeddable":true,"href":"https:\/\/www.organisator.ch\/en\/wp-json\/wp\/v2\/media\/6674"}],"wp:attachment":[{"href":"https:\/\/www.organisator.ch\/en\/wp-json\/wp\/v2\/media?parent=6672"}],"wp:term":[{"taxonomy":"category","embeddable":true,"href":"https:\/\/www.organisator.ch\/en\/wp-json\/wp\/v2\/categories?post=6672"},{"taxonomy":"post_tag","embeddable":true,"href":"https:\/\/www.organisator.ch\/en\/wp-json\/wp\/v2\/tags?post=6672"}],"curies":[{"name":"wp","href":"https:\/\/api.w.org\/{rel}","templated":true}]}}