{"id":6677,"date":"2020-05-08T09:16:54","date_gmt":"2020-05-08T07:16:54","guid":{"rendered":"https:\/\/www.organisator.ch\/?p=6677"},"modified":"2020-05-08T09:16:54","modified_gmt":"2020-05-08T07:16:54","slug":"haertefaelle-beantragen-kaum-covid-19-kredite","status":"publish","type":"post","link":"https:\/\/www.organisator.ch\/en\/management\/2020-05-08\/haertefaelle-beantragen-kaum-covid-19-kredite\/","title":{"rendered":"Hardship cases rarely apply for Covid 19 credits"},"content":{"rendered":"<figure id=\"attachment_6678\" aria-describedby=\"caption-attachment-6678\" style=\"width: 680px\" class=\"wp-caption alignnone\"><img loading=\"lazy\" decoding=\"async\" class=\"size-medium wp-image-6678\" src=\"https:\/\/www.organisator.ch\/wp-content\/uploads\/2020\/05\/Haertefaelle-beantragen-kaum-Covid-19-Kredite_Organisator.jpg\" alt=\"\" width=\"680\" height=\"485\" srcset=\"https:\/\/www.organisator.ch\/wp-content\/uploads\/2020\/05\/Haertefaelle-beantragen-kaum-Covid-19-Kredite_Organisator.jpg 680w, https:\/\/www.organisator.ch\/wp-content\/uploads\/2020\/05\/Haertefaelle-beantragen-kaum-Covid-19-Kredite_Organisator-16x12.jpg 16w, https:\/\/www.organisator.ch\/wp-content\/uploads\/2020\/05\/Haertefaelle-beantragen-kaum-Covid-19-Kredite_Organisator-245x175.jpg 245w, https:\/\/www.organisator.ch\/wp-content\/uploads\/2020\/05\/Haertefaelle-beantragen-kaum-Covid-19-Kredite_Organisator-491x350.jpg 491w, https:\/\/www.organisator.ch\/wp-content\/uploads\/2020\/05\/Haertefaelle-beantragen-kaum-Covid-19-Kredite_Organisator-300x214.jpg 300w\" sizes=\"auto, (max-width: 680px) 100vw, 680px\" \/><figcaption id=\"caption-attachment-6678\" class=\"wp-caption-text\">Even if the bank would say yes: Not all SMEs take advantage of Covid 19 loans. (Image: Pixabay.com)<\/figcaption><\/figure>\n<p>The Corona crisis poses existential challenges for SMEs in Switzerland. 33 percent of SMEs suffered a drop in sales of more than 75 percent in April 2020 and 14.4 percent expect to go bankrupt in the next 6 months due to Corona. This is shown by the second <a href=\"https:\/\/gryps.us8.list-manage.com\/track\/click?u=66b2112d1484743c8ab92f576&amp;id=d2da1d995a&amp;e=3a73cb9cf4\">Survey of GRYPS offer portal<\/a> on the economic impact of the Corona crisis on small and medium-sized enterprises in Switzerland. This was conducted online on May 5 and 6, 2020, with 140 SMEs participating. Of these, most are small companies with up to 50 employees.<\/p>\n<h2>Few Covid 19 loans by vulnerable SMEs.<\/h2>\n<p>Strikingly, 80 percent of SMEs surveyed that fear bankruptcy due to the current situation have not applied for a Covid 19 bridge loan. Most companies with bankruptcy fears fall into the 1-10 employee category and are in the service and hospitality industries. \"It turns out that it's the smallest service and hospitality firms that don't feel they can repay a loan. Here, a massive wave of bankruptcies will roll towards us,\" says Gaby St\u00e4heli, co-CEO of GRYPS Offertenportal.<\/p>\n<h2>Other results in the survey<\/h2>\n<p>Compared with the previous month, there was a slight reduction in layoffs. While 15 percent planned or already carried out layoffs in March, the figure fell to 12 percent in April. Overall, 35 percent of SMEs surveyed have applied for a loan. Of these, however, 12 percent have not yet taken advantage of the bridging loan. 65 percent of SMEs have not applied for a bridging loan at all to date. And in terms of rent reductions, 12.6% have been able to agree on a deferral or temporary reduction of rent, while 7.5% are still planning to do so. Interestingly, the data analysis revealed that SMEs with bankruptcy fears are not in these two categories.<\/p>\n<p>At just over 55 percent, a majority of SMEs believe that the crisis will last until 2021 and then pick up. Just under 27 percent think a crisis lasting several years is likely. Only just over 18 percent think that with the opening, the economy will quickly grow to pre-Corona levels.<\/p>\n<h2>Home office experiences remain<\/h2>\n<p>21 percent of the SMEs surveyed have now introduced home office for the first time and intend to continue offering it to employees in the future. And a majority of the SMEs surveyed have introduced new forms of communication such as online collaboration and video conferencing. 8 percent have added to their product portfolio and 4 percent have expanded to e-commerce.<\/p>","protected":false},"excerpt":{"rendered":"<p>Die Corona-Krise stellt KMU in der Schweiz vor existenzielle Herausforderungen. 33 Prozent der KMU haben im April 2020 einen Umsatzr\u00fcckgang von mehr als 75 Prozent hinnehmen m\u00fcssen und 14,4 Prozent rechnen Corona-bedingt in den n\u00e4chsten 6 Monaten mit einem Konkurs. Dies zeigt die zweite Umfrage von GRYPS Offertenportal zu den wirtschaftlichen Auswirkungen der Corona-Krise auf [&hellip;]<\/p>\n","protected":false},"author":4,"featured_media":6678,"comment_status":"closed","ping_status":"closed","sticky":false,"template":"","format":"standard","meta":{"_acf_changed":false,"_yoast_wpseo_focuskw":"Covid-19-Kredite","_yoast_wpseo_metadesc":"Eine neue KMU-Umfrage zeigt: 14,4 Prozent rechnen mit einem Konkurs. Dennoch beantragen gerade H\u00e4rtef\u00e4lle keine Covid-19-Kredite.","articlekey":"","footnotes":""},"categories":[28],"tags":[202,487,492,508],"class_list":["post-6677","post","type-post","status-publish","format-standard","has-post-thumbnail","hentry","category-management","tag-finanzenrecht","tag-umfrage","tag-unternehmen","tag-vermischtes"],"acf":[],"yoast_head":"<!-- This site is optimized with the Yoast SEO plugin v27.5 - https:\/\/yoast.com\/product\/yoast-seo-wordpress\/ -->\n<title>H\u00e4rtef\u00e4lle beantragen kaum Covid-19-Kredite - Organisator<\/title>\n<meta name=\"description\" content=\"Eine neue KMU-Umfrage zeigt: 14,4 Prozent rechnen mit einem Konkurs. Dennoch beantragen gerade H\u00e4rtef\u00e4lle keine Covid-19-Kredite.\" \/>\n<meta name=\"robots\" content=\"index, follow, max-snippet:-1, max-image-preview:large, max-video-preview:-1\" \/>\n<link rel=\"canonical\" href=\"https:\/\/www.organisator.ch\/en\/management\/2020-05-08\/haertefaelle-beantragen-kaum-covid-19-kredite\/\" \/>\n<meta property=\"og:locale\" content=\"en_US\" \/>\n<meta property=\"og:type\" content=\"article\" \/>\n<meta property=\"og:title\" content=\"H\u00e4rtef\u00e4lle beantragen kaum Covid-19-Kredite\" \/>\n<meta property=\"og:description\" content=\"Eine neue KMU-Umfrage zeigt: 14,4 Prozent rechnen mit einem Konkurs. Dennoch beantragen gerade H\u00e4rtef\u00e4lle keine Covid-19-Kredite.\" \/>\n<meta property=\"og:url\" content=\"https:\/\/www.organisator.ch\/en\/management\/2020-05-08\/haertefaelle-beantragen-kaum-covid-19-kredite\/\" \/>\n<meta property=\"og:site_name\" content=\"Organisator\" \/>\n<meta property=\"article:publisher\" content=\"https:\/\/www.facebook.com\/OrganisatorFachmagazin\" \/>\n<meta property=\"article:published_time\" content=\"2020-05-08T07:16:54+00:00\" \/>\n<meta property=\"og:image\" content=\"https:\/\/www.organisator.ch\/wp-content\/uploads\/2020\/05\/Haertefaelle-beantragen-kaum-Covid-19-Kredite_Organisator.jpg\" \/>\n\t<meta property=\"og:image:width\" content=\"680\" \/>\n\t<meta property=\"og:image:height\" content=\"485\" \/>\n\t<meta property=\"og:image:type\" content=\"image\/jpeg\" \/>\n<meta name=\"author\" content=\"thomas.berner\" \/>\n<meta name=\"twitter:card\" content=\"summary_large_image\" \/>\n<meta name=\"twitter:title\" content=\"H\u00e4rtef\u00e4lle beantragen kaum #Covid-19-Kredite\" \/>\n<meta name=\"twitter:description\" content=\"Eine neue #KMU-Umfrage zeigt: 14,4 Prozent rechnen mit einem Konkurs. Dennoch beantragen gerade H\u00e4rtef\u00e4lle keine #Covid-19-Kredite.\" \/>\n<meta name=\"twitter:image\" content=\"https:\/\/www.organisator.ch\/wp-content\/uploads\/2020\/05\/Haertefaelle-beantragen-kaum-Covid-19-Kredite_Organisator.jpg\" \/>\n<script type=\"application\/ld+json\" class=\"yoast-schema-graph\">{\"@context\":\"https:\\\/\\\/schema.org\",\"@graph\":[{\"@type\":\"Article\",\"@id\":\"https:\\\/\\\/www.organisator.ch\\\/management\\\/2020-05-08\\\/haertefaelle-beantragen-kaum-covid-19-kredite\\\/#article\",\"isPartOf\":{\"@id\":\"https:\\\/\\\/www.organisator.ch\\\/management\\\/2020-05-08\\\/haertefaelle-beantragen-kaum-covid-19-kredite\\\/\"},\"author\":{\"name\":\"thomas.berner\",\"@id\":\"https:\\\/\\\/www.organisator.ch\\\/#\\\/schema\\\/person\\\/6f650f90b2842cd4c0cc334b4e36f67e\"},\"headline\":\"H\u00e4rtef\u00e4lle beantragen kaum Covid-19-Kredite\",\"datePublished\":\"2020-05-08T07:16:54+00:00\",\"mainEntityOfPage\":{\"@id\":\"https:\\\/\\\/www.organisator.ch\\\/management\\\/2020-05-08\\\/haertefaelle-beantragen-kaum-covid-19-kredite\\\/\"},\"wordCount\":406,\"publisher\":{\"@id\":\"https:\\\/\\\/www.organisator.ch\\\/#organization\"},\"image\":{\"@id\":\"https:\\\/\\\/www.organisator.ch\\\/management\\\/2020-05-08\\\/haertefaelle-beantragen-kaum-covid-19-kredite\\\/#primaryimage\"},\"thumbnailUrl\":\"https:\\\/\\\/www.organisator.ch\\\/wp-content\\\/uploads\\\/2020\\\/05\\\/Haertefaelle-beantragen-kaum-Covid-19-Kredite_Organisator.jpg\",\"keywords\":[\"Finanzen\\\/Recht\",\"Umfrage\",\"Unternehmen\",\"Vermischtes\"],\"articleSection\":[\"MANAGEMENT\"],\"inLanguage\":\"en-US\"},{\"@type\":\"WebPage\",\"@id\":\"https:\\\/\\\/www.organisator.ch\\\/management\\\/2020-05-08\\\/haertefaelle-beantragen-kaum-covid-19-kredite\\\/\",\"url\":\"https:\\\/\\\/www.organisator.ch\\\/management\\\/2020-05-08\\\/haertefaelle-beantragen-kaum-covid-19-kredite\\\/\",\"name\":\"H\u00e4rtef\u00e4lle beantragen kaum Covid-19-Kredite - Organisator\",\"isPartOf\":{\"@id\":\"https:\\\/\\\/www.organisator.ch\\\/#website\"},\"primaryImageOfPage\":{\"@id\":\"https:\\\/\\\/www.organisator.ch\\\/management\\\/2020-05-08\\\/haertefaelle-beantragen-kaum-covid-19-kredite\\\/#primaryimage\"},\"image\":{\"@id\":\"https:\\\/\\\/www.organisator.ch\\\/management\\\/2020-05-08\\\/haertefaelle-beantragen-kaum-covid-19-kredite\\\/#primaryimage\"},\"thumbnailUrl\":\"https:\\\/\\\/www.organisator.ch\\\/wp-content\\\/uploads\\\/2020\\\/05\\\/Haertefaelle-beantragen-kaum-Covid-19-Kredite_Organisator.jpg\",\"datePublished\":\"2020-05-08T07:16:54+00:00\",\"description\":\"Eine neue KMU-Umfrage zeigt: 14,4 Prozent rechnen mit einem Konkurs. Dennoch beantragen gerade H\u00e4rtef\u00e4lle keine Covid-19-Kredite.\",\"breadcrumb\":{\"@id\":\"https:\\\/\\\/www.organisator.ch\\\/management\\\/2020-05-08\\\/haertefaelle-beantragen-kaum-covid-19-kredite\\\/#breadcrumb\"},\"inLanguage\":\"en-US\",\"potentialAction\":[{\"@type\":\"ReadAction\",\"target\":[\"https:\\\/\\\/www.organisator.ch\\\/management\\\/2020-05-08\\\/haertefaelle-beantragen-kaum-covid-19-kredite\\\/\"]}]},{\"@type\":\"ImageObject\",\"inLanguage\":\"en-US\",\"@id\":\"https:\\\/\\\/www.organisator.ch\\\/management\\\/2020-05-08\\\/haertefaelle-beantragen-kaum-covid-19-kredite\\\/#primaryimage\",\"url\":\"https:\\\/\\\/www.organisator.ch\\\/wp-content\\\/uploads\\\/2020\\\/05\\\/Haertefaelle-beantragen-kaum-Covid-19-Kredite_Organisator.jpg\",\"contentUrl\":\"https:\\\/\\\/www.organisator.ch\\\/wp-content\\\/uploads\\\/2020\\\/05\\\/Haertefaelle-beantragen-kaum-Covid-19-Kredite_Organisator.jpg\",\"width\":680,\"height\":485,\"caption\":\"Auch wenn die Bank ja sagen w\u00fcrde: Nicht alle KMU nehmen die Covid-19-Kredite in Anspruch. (Bild: Pixabay.com)\"},{\"@type\":\"BreadcrumbList\",\"@id\":\"https:\\\/\\\/www.organisator.ch\\\/management\\\/2020-05-08\\\/haertefaelle-beantragen-kaum-covid-19-kredite\\\/#breadcrumb\",\"itemListElement\":[{\"@type\":\"ListItem\",\"position\":1,\"name\":\"Home\",\"item\":\"https:\\\/\\\/www.organisator.ch\\\/\"},{\"@type\":\"ListItem\",\"position\":2,\"name\":\"H\u00e4rtef\u00e4lle beantragen kaum Covid-19-Kredite\"}]},{\"@type\":\"WebSite\",\"@id\":\"https:\\\/\\\/www.organisator.ch\\\/#website\",\"url\":\"https:\\\/\\\/www.organisator.ch\\\/\",\"name\":\"Organisator\",\"description\":\"Kompetent. Praxisnah. Der ORGANISATOR bereitet in 10 Ausgaben pro Jahr die wesentlichen Themen f\u00fcr F\u00fchrungskr\u00e4fte von KMU auf.\",\"publisher\":{\"@id\":\"https:\\\/\\\/www.organisator.ch\\\/#organization\"},\"potentialAction\":[{\"@type\":\"SearchAction\",\"target\":{\"@type\":\"EntryPoint\",\"urlTemplate\":\"https:\\\/\\\/www.organisator.ch\\\/?s={search_term_string}\"},\"query-input\":{\"@type\":\"PropertyValueSpecification\",\"valueRequired\":true,\"valueName\":\"search_term_string\"}}],\"inLanguage\":\"en-US\"},{\"@type\":\"Organization\",\"@id\":\"https:\\\/\\\/www.organisator.ch\\\/#organization\",\"name\":\"Organisator\",\"url\":\"https:\\\/\\\/www.organisator.ch\\\/\",\"logo\":{\"@type\":\"ImageObject\",\"inLanguage\":\"en-US\",\"@id\":\"https:\\\/\\\/www.organisator.ch\\\/#\\\/schema\\\/logo\\\/image\\\/\",\"url\":\"https:\\\/\\\/www.organisator.ch\\\/wp-content\\\/uploads\\\/2022\\\/01\\\/Logo_Organisator_Website.png\",\"contentUrl\":\"https:\\\/\\\/www.organisator.ch\\\/wp-content\\\/uploads\\\/2022\\\/01\\\/Logo_Organisator_Website.png\",\"width\":800,\"height\":77,\"caption\":\"Organisator\"},\"image\":{\"@id\":\"https:\\\/\\\/www.organisator.ch\\\/#\\\/schema\\\/logo\\\/image\\\/\"},\"sameAs\":[\"https:\\\/\\\/www.facebook.com\\\/OrganisatorFachmagazin\",\"https:\\\/\\\/www.linkedin.com\\\/showcase\\\/organisator-das-magazin-fr-kmu\",\"https:\\\/\\\/www.xing.com\\\/news\\\/pages\\\/organisator-ch-695\",\"https:\\\/\\\/www.youtube.com\\\/channel\\\/UCGP2Sq0iWaZwT3BdIAQFYpw\"]},{\"@type\":\"Person\",\"@id\":\"https:\\\/\\\/www.organisator.ch\\\/#\\\/schema\\\/person\\\/6f650f90b2842cd4c0cc334b4e36f67e\",\"name\":\"thomas.berner\",\"image\":{\"@type\":\"ImageObject\",\"inLanguage\":\"en-US\",\"@id\":\"https:\\\/\\\/secure.gravatar.com\\\/avatar\\\/ac5001d2a36cb6c6cd3e50789007ffca834b477b74a2144564522e944eabff61?s=96&d=mm&r=g\",\"url\":\"https:\\\/\\\/secure.gravatar.com\\\/avatar\\\/ac5001d2a36cb6c6cd3e50789007ffca834b477b74a2144564522e944eabff61?s=96&d=mm&r=g\",\"contentUrl\":\"https:\\\/\\\/secure.gravatar.com\\\/avatar\\\/ac5001d2a36cb6c6cd3e50789007ffca834b477b74a2144564522e944eabff61?s=96&d=mm&r=g\",\"caption\":\"thomas.berner\"},\"url\":\"https:\\\/\\\/www.organisator.ch\\\/en\\\/author\\\/thomas-berner\\\/\"}]}<\/script>\n<!-- \/ Yoast SEO plugin. -->","yoast_head_json":{"title":"Hardship cases rarely apply for Covid 19 credits - Organizer.","description":"A new SME survey shows: 14.4 percent expect bankruptcy. Nevertheless, hardship cases in particular do not apply for Covid 19 loans.","robots":{"index":"index","follow":"follow","max-snippet":"max-snippet:-1","max-image-preview":"max-image-preview:large","max-video-preview":"max-video-preview:-1"},"canonical":"https:\/\/www.organisator.ch\/en\/management\/2020-05-08\/haertefaelle-beantragen-kaum-covid-19-kredite\/","og_locale":"en_US","og_type":"article","og_title":"H\u00e4rtef\u00e4lle beantragen kaum Covid-19-Kredite","og_description":"Eine neue KMU-Umfrage zeigt: 14,4 Prozent rechnen mit einem Konkurs. Dennoch beantragen gerade H\u00e4rtef\u00e4lle keine Covid-19-Kredite.","og_url":"https:\/\/www.organisator.ch\/en\/management\/2020-05-08\/haertefaelle-beantragen-kaum-covid-19-kredite\/","og_site_name":"Organisator","article_publisher":"https:\/\/www.facebook.com\/OrganisatorFachmagazin","article_published_time":"2020-05-08T07:16:54+00:00","og_image":[{"width":680,"height":485,"url":"https:\/\/www.organisator.ch\/wp-content\/uploads\/2020\/05\/Haertefaelle-beantragen-kaum-Covid-19-Kredite_Organisator.jpg","type":"image\/jpeg"}],"author":"thomas.berner","twitter_card":"summary_large_image","twitter_title":"H\u00e4rtef\u00e4lle beantragen kaum #Covid-19-Kredite","twitter_description":"Eine neue #KMU-Umfrage zeigt: 14,4 Prozent rechnen mit einem Konkurs. Dennoch beantragen gerade H\u00e4rtef\u00e4lle keine #Covid-19-Kredite.","twitter_image":"https:\/\/www.organisator.ch\/wp-content\/uploads\/2020\/05\/Haertefaelle-beantragen-kaum-Covid-19-Kredite_Organisator.jpg","schema":{"@context":"https:\/\/schema.org","@graph":[{"@type":"Article","@id":"https:\/\/www.organisator.ch\/management\/2020-05-08\/haertefaelle-beantragen-kaum-covid-19-kredite\/#article","isPartOf":{"@id":"https:\/\/www.organisator.ch\/management\/2020-05-08\/haertefaelle-beantragen-kaum-covid-19-kredite\/"},"author":{"name":"thomas.berner","@id":"https:\/\/www.organisator.ch\/#\/schema\/person\/6f650f90b2842cd4c0cc334b4e36f67e"},"headline":"H\u00e4rtef\u00e4lle beantragen kaum Covid-19-Kredite","datePublished":"2020-05-08T07:16:54+00:00","mainEntityOfPage":{"@id":"https:\/\/www.organisator.ch\/management\/2020-05-08\/haertefaelle-beantragen-kaum-covid-19-kredite\/"},"wordCount":406,"publisher":{"@id":"https:\/\/www.organisator.ch\/#organization"},"image":{"@id":"https:\/\/www.organisator.ch\/management\/2020-05-08\/haertefaelle-beantragen-kaum-covid-19-kredite\/#primaryimage"},"thumbnailUrl":"https:\/\/www.organisator.ch\/wp-content\/uploads\/2020\/05\/Haertefaelle-beantragen-kaum-Covid-19-Kredite_Organisator.jpg","keywords":["Finanzen\/Recht","Umfrage","Unternehmen","Vermischtes"],"articleSection":["MANAGEMENT"],"inLanguage":"en-US"},{"@type":"WebPage","@id":"https:\/\/www.organisator.ch\/management\/2020-05-08\/haertefaelle-beantragen-kaum-covid-19-kredite\/","url":"https:\/\/www.organisator.ch\/management\/2020-05-08\/haertefaelle-beantragen-kaum-covid-19-kredite\/","name":"Hardship cases rarely apply for Covid 19 credits - Organizer.","isPartOf":{"@id":"https:\/\/www.organisator.ch\/#website"},"primaryImageOfPage":{"@id":"https:\/\/www.organisator.ch\/management\/2020-05-08\/haertefaelle-beantragen-kaum-covid-19-kredite\/#primaryimage"},"image":{"@id":"https:\/\/www.organisator.ch\/management\/2020-05-08\/haertefaelle-beantragen-kaum-covid-19-kredite\/#primaryimage"},"thumbnailUrl":"https:\/\/www.organisator.ch\/wp-content\/uploads\/2020\/05\/Haertefaelle-beantragen-kaum-Covid-19-Kredite_Organisator.jpg","datePublished":"2020-05-08T07:16:54+00:00","description":"A new SME survey shows: 14.4 percent expect bankruptcy. Nevertheless, hardship cases in particular do not apply for Covid 19 loans.","breadcrumb":{"@id":"https:\/\/www.organisator.ch\/management\/2020-05-08\/haertefaelle-beantragen-kaum-covid-19-kredite\/#breadcrumb"},"inLanguage":"en-US","potentialAction":[{"@type":"ReadAction","target":["https:\/\/www.organisator.ch\/management\/2020-05-08\/haertefaelle-beantragen-kaum-covid-19-kredite\/"]}]},{"@type":"ImageObject","inLanguage":"en-US","@id":"https:\/\/www.organisator.ch\/management\/2020-05-08\/haertefaelle-beantragen-kaum-covid-19-kredite\/#primaryimage","url":"https:\/\/www.organisator.ch\/wp-content\/uploads\/2020\/05\/Haertefaelle-beantragen-kaum-Covid-19-Kredite_Organisator.jpg","contentUrl":"https:\/\/www.organisator.ch\/wp-content\/uploads\/2020\/05\/Haertefaelle-beantragen-kaum-Covid-19-Kredite_Organisator.jpg","width":680,"height":485,"caption":"Auch wenn die Bank ja sagen w\u00fcrde: Nicht alle KMU nehmen die Covid-19-Kredite in Anspruch. (Bild: Pixabay.com)"},{"@type":"BreadcrumbList","@id":"https:\/\/www.organisator.ch\/management\/2020-05-08\/haertefaelle-beantragen-kaum-covid-19-kredite\/#breadcrumb","itemListElement":[{"@type":"ListItem","position":1,"name":"Home","item":"https:\/\/www.organisator.ch\/"},{"@type":"ListItem","position":2,"name":"H\u00e4rtef\u00e4lle beantragen kaum Covid-19-Kredite"}]},{"@type":"WebSite","@id":"https:\/\/www.organisator.ch\/#website","url":"https:\/\/www.organisator.ch\/","name":"Organizer","description":"Competent. Practical. In 10 issues per year, ORGANISATOR presents the essential topics for managers of SMEs.","publisher":{"@id":"https:\/\/www.organisator.ch\/#organization"},"potentialAction":[{"@type":"SearchAction","target":{"@type":"EntryPoint","urlTemplate":"https:\/\/www.organisator.ch\/?s={search_term_string}"},"query-input":{"@type":"PropertyValueSpecification","valueRequired":true,"valueName":"search_term_string"}}],"inLanguage":"en-US"},{"@type":"Organization","@id":"https:\/\/www.organisator.ch\/#organization","name":"Organizer","url":"https:\/\/www.organisator.ch\/","logo":{"@type":"ImageObject","inLanguage":"en-US","@id":"https:\/\/www.organisator.ch\/#\/schema\/logo\/image\/","url":"https:\/\/www.organisator.ch\/wp-content\/uploads\/2022\/01\/Logo_Organisator_Website.png","contentUrl":"https:\/\/www.organisator.ch\/wp-content\/uploads\/2022\/01\/Logo_Organisator_Website.png","width":800,"height":77,"caption":"Organisator"},"image":{"@id":"https:\/\/www.organisator.ch\/#\/schema\/logo\/image\/"},"sameAs":["https:\/\/www.facebook.com\/OrganisatorFachmagazin","https:\/\/www.linkedin.com\/showcase\/organisator-das-magazin-fr-kmu","https:\/\/www.xing.com\/news\/pages\/organisator-ch-695","https:\/\/www.youtube.com\/channel\/UCGP2Sq0iWaZwT3BdIAQFYpw"]},{"@type":"Person","@id":"https:\/\/www.organisator.ch\/#\/schema\/person\/6f650f90b2842cd4c0cc334b4e36f67e","name":"thomas.berner","image":{"@type":"ImageObject","inLanguage":"en-US","@id":"https:\/\/secure.gravatar.com\/avatar\/ac5001d2a36cb6c6cd3e50789007ffca834b477b74a2144564522e944eabff61?s=96&d=mm&r=g","url":"https:\/\/secure.gravatar.com\/avatar\/ac5001d2a36cb6c6cd3e50789007ffca834b477b74a2144564522e944eabff61?s=96&d=mm&r=g","contentUrl":"https:\/\/secure.gravatar.com\/avatar\/ac5001d2a36cb6c6cd3e50789007ffca834b477b74a2144564522e944eabff61?s=96&d=mm&r=g","caption":"thomas.berner"},"url":"https:\/\/www.organisator.ch\/en\/author\/thomas-berner\/"}]}},"_links":{"self":[{"href":"https:\/\/www.organisator.ch\/en\/wp-json\/wp\/v2\/posts\/6677","targetHints":{"allow":["GET"]}}],"collection":[{"href":"https:\/\/www.organisator.ch\/en\/wp-json\/wp\/v2\/posts"}],"about":[{"href":"https:\/\/www.organisator.ch\/en\/wp-json\/wp\/v2\/types\/post"}],"author":[{"embeddable":true,"href":"https:\/\/www.organisator.ch\/en\/wp-json\/wp\/v2\/users\/4"}],"replies":[{"embeddable":true,"href":"https:\/\/www.organisator.ch\/en\/wp-json\/wp\/v2\/comments?post=6677"}],"version-history":[{"count":0,"href":"https:\/\/www.organisator.ch\/en\/wp-json\/wp\/v2\/posts\/6677\/revisions"}],"wp:featuredmedia":[{"embeddable":true,"href":"https:\/\/www.organisator.ch\/en\/wp-json\/wp\/v2\/media\/6678"}],"wp:attachment":[{"href":"https:\/\/www.organisator.ch\/en\/wp-json\/wp\/v2\/media?parent=6677"}],"wp:term":[{"taxonomy":"category","embeddable":true,"href":"https:\/\/www.organisator.ch\/en\/wp-json\/wp\/v2\/categories?post=6677"},{"taxonomy":"post_tag","embeddable":true,"href":"https:\/\/www.organisator.ch\/en\/wp-json\/wp\/v2\/tags?post=6677"}],"curies":[{"name":"wp","href":"https:\/\/api.w.org\/{rel}","templated":true}]}}