{"id":6743,"date":"2020-05-25T08:45:46","date_gmt":"2020-05-25T06:45:46","guid":{"rendered":"https:\/\/www.organisator.ch\/?p=6743"},"modified":"2020-05-25T08:45:46","modified_gmt":"2020-05-25T06:45:46","slug":"corona-kredite-fuer-verpfaendete-luxusautos","status":"publish","type":"post","link":"https:\/\/www.organisator.ch\/en\/management\/finanzen_recht\/2020-05-25\/corona-kredite-fuer-verpfaendete-luxusautos\/","title":{"rendered":"Corona loans for pawned luxury cars"},"content":{"rendered":"<figure id=\"attachment_6744\" aria-describedby=\"caption-attachment-6744\" style=\"width: 680px\" class=\"wp-caption alignnone\"><img loading=\"lazy\" decoding=\"async\" class=\"size-medium wp-image-6744\" src=\"https:\/\/www.organisator.ch\/wp-content\/uploads\/2020\/05\/Corona-Kredite-fuer-verpfaendete-Luxusautos_Organisator.jpg\" alt=\"\" width=\"680\" height=\"510\" srcset=\"https:\/\/www.organisator.ch\/wp-content\/uploads\/2020\/05\/Corona-Kredite-fuer-verpfaendete-Luxusautos_Organisator.jpg 680w, https:\/\/www.organisator.ch\/wp-content\/uploads\/2020\/05\/Corona-Kredite-fuer-verpfaendete-Luxusautos_Organisator-16x12.jpg 16w, https:\/\/www.organisator.ch\/wp-content\/uploads\/2020\/05\/Corona-Kredite-fuer-verpfaendete-Luxusautos_Organisator-233x175.jpg 233w, https:\/\/www.organisator.ch\/wp-content\/uploads\/2020\/05\/Corona-Kredite-fuer-verpfaendete-Luxusautos_Organisator-467x350.jpg 467w, https:\/\/www.organisator.ch\/wp-content\/uploads\/2020\/05\/Corona-Kredite-fuer-verpfaendete-Luxusautos_Organisator-300x225.jpg 300w\" sizes=\"auto, (max-width: 680px) 100vw, 680px\" \/><figcaption id=\"caption-attachment-6744\" class=\"wp-caption-text\">Back to the Ferrari thanks to federal aid: there are entrepreneurs who use Corona loans to buy back their pawned luxury cars. (Image: Auto-Pfandhaus.ch)<\/figcaption><\/figure>\n<p>Many entrepreneurs got into massive financial difficulties in the wake of the Corona crisis. However, around 120,000 companies received money from their principal banks quickly and unbureaucratically, thanks in part to emergency loans covered by the federal government.<\/p>\n<h2>Corona loans for luxury sleds?<\/h2>\n<p>While most entrepreneurs do not want to use the Corona loans until an absolute emergency situation arises, there are apparently also business people among them who use the money for purposes that have nothing to do with the consequences of the pandemic: \"Since the emergency aid for the Covid 19 pandemic started on March 26, 2020, a conspicuously large number of luxury cars have been retrieved from entrepreneurs at our company,\" says Cedric Domeniconi, co-founder of Auto-Pfandhaus.ch. \"It's true that our customers don't have to give any reasons for redeeming their pawned cars. But we know that many customers use the emergency loans to buy back the pawn they had originally covered with their car.\" The company bosses then drive home again in their Aston Martin convertibles, big Audi, Ferrari, Mercedes AMG, Porsche 911 or Rolls Royce - luxury cars, in other words, with loan amounts in the high five-digit range. Interestingly, these customers mainly come from the construction, real estate and finance sectors.<\/p>\n<h2>Sluggish business with pawnshops<\/h2>\n<p>The more favorable cars with a credit sum of 5000 to 12,000 francs however remain at the moment in the Auto-Pfandhaus.ch in B\u00fcsingen in the majority. Before the federal assistance programs asked then also first customers from the Eventbereich and later also customers from the catering trade, store owners or Coiffeure for pawn credits on their cars. The possibility of obtaining a deposit loan immediately without having to provide information on their financial situation was very appealing to the tradesmen.  After all, the lockdown caused them to lose sales from one day to the next. That has changed in the meantime. \"Currently, business is very slow,\" says Domeniconi. That's understandable, he says, considering that companies can now borrow money for free on the one hand. On the other hand, many entrepreneurs would put business opportunities or investments on the back burner as a result of the negative economic forecasts. For the latter, in addition to financial emergencies, have always been important reasons for entrepreneurs to use the services of Auto-Pfandhaus.ch. Domeniconi expects, however, that the auto pawn business will pick up again. \"If the negative consequences of the pandemic continue in the harsh reality of the economy and no more aid is available, more cars will be pawned with us again than triggered,\" he is convinced.<\/p>\n<p><em>Source: <a href=\"http:\/\/www.auto-pfandhaus.ch\">www.auto-pfandhaus.ch<\/a>\u00a0<\/em><\/p>","protected":false},"excerpt":{"rendered":"<p>Viele Unternehmer sind im Zuge der Corona-Krise in massive finanzielle Schwierigkeiten geraten. Rund 120\u2019000 Firmen erhielten aber auch dank der durch den Bund gedeckten Notkredite schnell und unb\u00fcrokratisch Geld von ihren Hausbanken. Corona-Kredite f\u00fcr Luxus-Schlitten? W\u00e4hrend die meisten Unternehmer die Corona-Kredite erst in der absoluten Notsituation verwenden wollen, gibt es unter ihnen offenbar auch Gesch\u00e4ftsleute, [&hellip;]<\/p>\n","protected":false},"author":4,"featured_media":6744,"comment_status":"closed","ping_status":"closed","sticky":false,"template":"","format":"standard","meta":{"_acf_changed":false,"_yoast_wpseo_focuskw":"Corona-Kredite","_yoast_wpseo_metadesc":"Unternehmer nutzen die Corona-Kredite, um verpf\u00e4ndete Luxusautos zur\u00fcckzukaufen. Dies berichten die Betreiber von Auto-Pfandhaus.ch.","articlekey":"","footnotes":""},"categories":[24],"tags":[132,202,203,334],"class_list":["post-6743","post","type-post","status-publish","format-standard","has-post-thumbnail","hentry","category-finanzen_recht","tag-coronavirus","tag-finanzenrecht","tag-finanzierung","tag-management"],"acf":[],"yoast_head":"<!-- This site is optimized with the Yoast SEO plugin v27.4 - https:\/\/yoast.com\/product\/yoast-seo-wordpress\/ -->\n<title>Corona-Kredite f\u00fcr verpf\u00e4ndete Luxusautos - Organisator<\/title>\n<meta name=\"description\" content=\"Unternehmer nutzen die Corona-Kredite, um verpf\u00e4ndete Luxusautos zur\u00fcckzukaufen. Dies berichten die Betreiber von Auto-Pfandhaus.ch.\" \/>\n<meta name=\"robots\" content=\"index, follow, max-snippet:-1, max-image-preview:large, max-video-preview:-1\" \/>\n<link rel=\"canonical\" href=\"https:\/\/www.organisator.ch\/en\/management\/finanzen_recht\/2020-05-25\/corona-kredite-fuer-verpfaendete-luxusautos\/\" \/>\n<meta property=\"og:locale\" content=\"en_US\" \/>\n<meta property=\"og:type\" content=\"article\" \/>\n<meta property=\"og:title\" content=\"Corona-Kredite f\u00fcr verpf\u00e4ndete Luxusautos\" \/>\n<meta property=\"og:description\" content=\"Unternehmer nutzen die Corona-Kredite, um verpf\u00e4ndete Luxusautos zur\u00fcckzukaufen. Dies berichten die Betreiber von Auto-Pfandhaus.ch.\" \/>\n<meta property=\"og:url\" content=\"https:\/\/www.organisator.ch\/en\/management\/finanzen_recht\/2020-05-25\/corona-kredite-fuer-verpfaendete-luxusautos\/\" \/>\n<meta property=\"og:site_name\" content=\"Organisator\" \/>\n<meta property=\"article:publisher\" content=\"https:\/\/www.facebook.com\/OrganisatorFachmagazin\" \/>\n<meta property=\"article:published_time\" content=\"2020-05-25T06:45:46+00:00\" \/>\n<meta property=\"og:image\" content=\"https:\/\/www.organisator.ch\/wp-content\/uploads\/2020\/05\/Corona-Kredite-fuer-verpfaendete-Luxusautos_Organisator.jpg\" \/>\n\t<meta property=\"og:image:width\" content=\"680\" \/>\n\t<meta property=\"og:image:height\" content=\"510\" \/>\n\t<meta property=\"og:image:type\" content=\"image\/jpeg\" \/>\n<meta name=\"author\" content=\"thomas.berner\" \/>\n<meta name=\"twitter:card\" content=\"summary_large_image\" \/>\n<meta name=\"twitter:title\" content=\"#Corona-Kredite f\u00fcr verpf\u00e4ndete #Luxusautos\" \/>\n<meta name=\"twitter:description\" content=\"Unternehmer nutzen die #Corona-Kredite, um verpf\u00e4ndete Luxusautos zur\u00fcckzukaufen. Dies berichten die Betreiber von #Auto-Pfandhaus.ch.\" \/>\n<meta name=\"twitter:image\" content=\"https:\/\/www.organisator.ch\/wp-content\/uploads\/2020\/05\/Corona-Kredite-fuer-verpfaendete-Luxusautos_Organisator.jpg\" \/>\n<script type=\"application\/ld+json\" class=\"yoast-schema-graph\">{\"@context\":\"https:\\\/\\\/schema.org\",\"@graph\":[{\"@type\":\"Article\",\"@id\":\"https:\\\/\\\/www.organisator.ch\\\/management\\\/finanzen_recht\\\/2020-05-25\\\/corona-kredite-fuer-verpfaendete-luxusautos\\\/#article\",\"isPartOf\":{\"@id\":\"https:\\\/\\\/www.organisator.ch\\\/management\\\/finanzen_recht\\\/2020-05-25\\\/corona-kredite-fuer-verpfaendete-luxusautos\\\/\"},\"author\":{\"name\":\"thomas.berner\",\"@id\":\"https:\\\/\\\/www.organisator.ch\\\/#\\\/schema\\\/person\\\/6f650f90b2842cd4c0cc334b4e36f67e\"},\"headline\":\"Corona-Kredite f\u00fcr verpf\u00e4ndete Luxusautos\",\"datePublished\":\"2020-05-25T06:45:46+00:00\",\"mainEntityOfPage\":{\"@id\":\"https:\\\/\\\/www.organisator.ch\\\/management\\\/finanzen_recht\\\/2020-05-25\\\/corona-kredite-fuer-verpfaendete-luxusautos\\\/\"},\"wordCount\":447,\"publisher\":{\"@id\":\"https:\\\/\\\/www.organisator.ch\\\/#organization\"},\"image\":{\"@id\":\"https:\\\/\\\/www.organisator.ch\\\/management\\\/finanzen_recht\\\/2020-05-25\\\/corona-kredite-fuer-verpfaendete-luxusautos\\\/#primaryimage\"},\"thumbnailUrl\":\"https:\\\/\\\/www.organisator.ch\\\/wp-content\\\/uploads\\\/2020\\\/05\\\/Corona-Kredite-fuer-verpfaendete-Luxusautos_Organisator.jpg\",\"keywords\":[\"Coronavirus\",\"Finanzen\\\/Recht\",\"Finanzierung\",\"Management\"],\"articleSection\":[\"FINANZEN\\\/RECHT\"],\"inLanguage\":\"en-US\"},{\"@type\":\"WebPage\",\"@id\":\"https:\\\/\\\/www.organisator.ch\\\/management\\\/finanzen_recht\\\/2020-05-25\\\/corona-kredite-fuer-verpfaendete-luxusautos\\\/\",\"url\":\"https:\\\/\\\/www.organisator.ch\\\/management\\\/finanzen_recht\\\/2020-05-25\\\/corona-kredite-fuer-verpfaendete-luxusautos\\\/\",\"name\":\"Corona-Kredite f\u00fcr verpf\u00e4ndete Luxusautos - Organisator\",\"isPartOf\":{\"@id\":\"https:\\\/\\\/www.organisator.ch\\\/#website\"},\"primaryImageOfPage\":{\"@id\":\"https:\\\/\\\/www.organisator.ch\\\/management\\\/finanzen_recht\\\/2020-05-25\\\/corona-kredite-fuer-verpfaendete-luxusautos\\\/#primaryimage\"},\"image\":{\"@id\":\"https:\\\/\\\/www.organisator.ch\\\/management\\\/finanzen_recht\\\/2020-05-25\\\/corona-kredite-fuer-verpfaendete-luxusautos\\\/#primaryimage\"},\"thumbnailUrl\":\"https:\\\/\\\/www.organisator.ch\\\/wp-content\\\/uploads\\\/2020\\\/05\\\/Corona-Kredite-fuer-verpfaendete-Luxusautos_Organisator.jpg\",\"datePublished\":\"2020-05-25T06:45:46+00:00\",\"description\":\"Unternehmer nutzen die Corona-Kredite, um verpf\u00e4ndete Luxusautos zur\u00fcckzukaufen. Dies berichten die Betreiber von Auto-Pfandhaus.ch.\",\"breadcrumb\":{\"@id\":\"https:\\\/\\\/www.organisator.ch\\\/management\\\/finanzen_recht\\\/2020-05-25\\\/corona-kredite-fuer-verpfaendete-luxusautos\\\/#breadcrumb\"},\"inLanguage\":\"en-US\",\"potentialAction\":[{\"@type\":\"ReadAction\",\"target\":[\"https:\\\/\\\/www.organisator.ch\\\/management\\\/finanzen_recht\\\/2020-05-25\\\/corona-kredite-fuer-verpfaendete-luxusautos\\\/\"]}]},{\"@type\":\"ImageObject\",\"inLanguage\":\"en-US\",\"@id\":\"https:\\\/\\\/www.organisator.ch\\\/management\\\/finanzen_recht\\\/2020-05-25\\\/corona-kredite-fuer-verpfaendete-luxusautos\\\/#primaryimage\",\"url\":\"https:\\\/\\\/www.organisator.ch\\\/wp-content\\\/uploads\\\/2020\\\/05\\\/Corona-Kredite-fuer-verpfaendete-Luxusautos_Organisator.jpg\",\"contentUrl\":\"https:\\\/\\\/www.organisator.ch\\\/wp-content\\\/uploads\\\/2020\\\/05\\\/Corona-Kredite-fuer-verpfaendete-Luxusautos_Organisator.jpg\",\"width\":680,\"height\":510,\"caption\":\"Dank Bundeshilfe zur\u00fcck zum Ferrari: Es gibt Unternehmer, die Corona-Kredite zum R\u00fcckkauf ihrer verpf\u00e4ndeten Luxusautos nutzen. (Bild: Auto-Pfandhaus.ch)\"},{\"@type\":\"BreadcrumbList\",\"@id\":\"https:\\\/\\\/www.organisator.ch\\\/management\\\/finanzen_recht\\\/2020-05-25\\\/corona-kredite-fuer-verpfaendete-luxusautos\\\/#breadcrumb\",\"itemListElement\":[{\"@type\":\"ListItem\",\"position\":1,\"name\":\"Home\",\"item\":\"https:\\\/\\\/www.organisator.ch\\\/\"},{\"@type\":\"ListItem\",\"position\":2,\"name\":\"Corona-Kredite f\u00fcr verpf\u00e4ndete Luxusautos\"}]},{\"@type\":\"WebSite\",\"@id\":\"https:\\\/\\\/www.organisator.ch\\\/#website\",\"url\":\"https:\\\/\\\/www.organisator.ch\\\/\",\"name\":\"Organisator\",\"description\":\"Kompetent. Praxisnah. Der ORGANISATOR bereitet in 10 Ausgaben pro Jahr die wesentlichen Themen f\u00fcr F\u00fchrungskr\u00e4fte von KMU auf.\",\"publisher\":{\"@id\":\"https:\\\/\\\/www.organisator.ch\\\/#organization\"},\"potentialAction\":[{\"@type\":\"SearchAction\",\"target\":{\"@type\":\"EntryPoint\",\"urlTemplate\":\"https:\\\/\\\/www.organisator.ch\\\/?s={search_term_string}\"},\"query-input\":{\"@type\":\"PropertyValueSpecification\",\"valueRequired\":true,\"valueName\":\"search_term_string\"}}],\"inLanguage\":\"en-US\"},{\"@type\":\"Organization\",\"@id\":\"https:\\\/\\\/www.organisator.ch\\\/#organization\",\"name\":\"Organisator\",\"url\":\"https:\\\/\\\/www.organisator.ch\\\/\",\"logo\":{\"@type\":\"ImageObject\",\"inLanguage\":\"en-US\",\"@id\":\"https:\\\/\\\/www.organisator.ch\\\/#\\\/schema\\\/logo\\\/image\\\/\",\"url\":\"https:\\\/\\\/www.organisator.ch\\\/wp-content\\\/uploads\\\/2022\\\/01\\\/Logo_Organisator_Website.png\",\"contentUrl\":\"https:\\\/\\\/www.organisator.ch\\\/wp-content\\\/uploads\\\/2022\\\/01\\\/Logo_Organisator_Website.png\",\"width\":800,\"height\":77,\"caption\":\"Organisator\"},\"image\":{\"@id\":\"https:\\\/\\\/www.organisator.ch\\\/#\\\/schema\\\/logo\\\/image\\\/\"},\"sameAs\":[\"https:\\\/\\\/www.facebook.com\\\/OrganisatorFachmagazin\",\"https:\\\/\\\/www.linkedin.com\\\/showcase\\\/organisator-das-magazin-fr-kmu\",\"https:\\\/\\\/www.xing.com\\\/news\\\/pages\\\/organisator-ch-695\",\"https:\\\/\\\/www.youtube.com\\\/channel\\\/UCGP2Sq0iWaZwT3BdIAQFYpw\"]},{\"@type\":\"Person\",\"@id\":\"https:\\\/\\\/www.organisator.ch\\\/#\\\/schema\\\/person\\\/6f650f90b2842cd4c0cc334b4e36f67e\",\"name\":\"thomas.berner\",\"image\":{\"@type\":\"ImageObject\",\"inLanguage\":\"en-US\",\"@id\":\"https:\\\/\\\/secure.gravatar.com\\\/avatar\\\/ac5001d2a36cb6c6cd3e50789007ffca834b477b74a2144564522e944eabff61?s=96&d=mm&r=g\",\"url\":\"https:\\\/\\\/secure.gravatar.com\\\/avatar\\\/ac5001d2a36cb6c6cd3e50789007ffca834b477b74a2144564522e944eabff61?s=96&d=mm&r=g\",\"contentUrl\":\"https:\\\/\\\/secure.gravatar.com\\\/avatar\\\/ac5001d2a36cb6c6cd3e50789007ffca834b477b74a2144564522e944eabff61?s=96&d=mm&r=g\",\"caption\":\"thomas.berner\"},\"url\":\"https:\\\/\\\/www.organisator.ch\\\/en\\\/author\\\/thomas-berner\\\/\"}]}<\/script>\n<!-- \/ Yoast SEO plugin. -->","yoast_head_json":{"title":"Corona loans for pawned luxury cars - organizer","description":"Entrepreneurs use Corona loans to buy back pawned luxury cars. This is reported by the operators of Auto-Pfandhaus.ch.","robots":{"index":"index","follow":"follow","max-snippet":"max-snippet:-1","max-image-preview":"max-image-preview:large","max-video-preview":"max-video-preview:-1"},"canonical":"https:\/\/www.organisator.ch\/en\/management\/finanzen_recht\/2020-05-25\/corona-kredite-fuer-verpfaendete-luxusautos\/","og_locale":"en_US","og_type":"article","og_title":"Corona-Kredite f\u00fcr verpf\u00e4ndete Luxusautos","og_description":"Unternehmer nutzen die Corona-Kredite, um verpf\u00e4ndete Luxusautos zur\u00fcckzukaufen. Dies berichten die Betreiber von Auto-Pfandhaus.ch.","og_url":"https:\/\/www.organisator.ch\/en\/management\/finanzen_recht\/2020-05-25\/corona-kredite-fuer-verpfaendete-luxusautos\/","og_site_name":"Organisator","article_publisher":"https:\/\/www.facebook.com\/OrganisatorFachmagazin","article_published_time":"2020-05-25T06:45:46+00:00","og_image":[{"width":680,"height":510,"url":"https:\/\/www.organisator.ch\/wp-content\/uploads\/2020\/05\/Corona-Kredite-fuer-verpfaendete-Luxusautos_Organisator.jpg","type":"image\/jpeg"}],"author":"thomas.berner","twitter_card":"summary_large_image","twitter_title":"#Corona-Kredite f\u00fcr verpf\u00e4ndete #Luxusautos","twitter_description":"Unternehmer nutzen die #Corona-Kredite, um verpf\u00e4ndete Luxusautos zur\u00fcckzukaufen. Dies berichten die Betreiber von #Auto-Pfandhaus.ch.","twitter_image":"https:\/\/www.organisator.ch\/wp-content\/uploads\/2020\/05\/Corona-Kredite-fuer-verpfaendete-Luxusautos_Organisator.jpg","schema":{"@context":"https:\/\/schema.org","@graph":[{"@type":"Article","@id":"https:\/\/www.organisator.ch\/management\/finanzen_recht\/2020-05-25\/corona-kredite-fuer-verpfaendete-luxusautos\/#article","isPartOf":{"@id":"https:\/\/www.organisator.ch\/management\/finanzen_recht\/2020-05-25\/corona-kredite-fuer-verpfaendete-luxusautos\/"},"author":{"name":"thomas.berner","@id":"https:\/\/www.organisator.ch\/#\/schema\/person\/6f650f90b2842cd4c0cc334b4e36f67e"},"headline":"Corona-Kredite f\u00fcr verpf\u00e4ndete Luxusautos","datePublished":"2020-05-25T06:45:46+00:00","mainEntityOfPage":{"@id":"https:\/\/www.organisator.ch\/management\/finanzen_recht\/2020-05-25\/corona-kredite-fuer-verpfaendete-luxusautos\/"},"wordCount":447,"publisher":{"@id":"https:\/\/www.organisator.ch\/#organization"},"image":{"@id":"https:\/\/www.organisator.ch\/management\/finanzen_recht\/2020-05-25\/corona-kredite-fuer-verpfaendete-luxusautos\/#primaryimage"},"thumbnailUrl":"https:\/\/www.organisator.ch\/wp-content\/uploads\/2020\/05\/Corona-Kredite-fuer-verpfaendete-Luxusautos_Organisator.jpg","keywords":["Coronavirus","Finanzen\/Recht","Finanzierung","Management"],"articleSection":["FINANZEN\/RECHT"],"inLanguage":"en-US"},{"@type":"WebPage","@id":"https:\/\/www.organisator.ch\/management\/finanzen_recht\/2020-05-25\/corona-kredite-fuer-verpfaendete-luxusautos\/","url":"https:\/\/www.organisator.ch\/management\/finanzen_recht\/2020-05-25\/corona-kredite-fuer-verpfaendete-luxusautos\/","name":"Corona loans for pawned luxury cars - organizer","isPartOf":{"@id":"https:\/\/www.organisator.ch\/#website"},"primaryImageOfPage":{"@id":"https:\/\/www.organisator.ch\/management\/finanzen_recht\/2020-05-25\/corona-kredite-fuer-verpfaendete-luxusautos\/#primaryimage"},"image":{"@id":"https:\/\/www.organisator.ch\/management\/finanzen_recht\/2020-05-25\/corona-kredite-fuer-verpfaendete-luxusautos\/#primaryimage"},"thumbnailUrl":"https:\/\/www.organisator.ch\/wp-content\/uploads\/2020\/05\/Corona-Kredite-fuer-verpfaendete-Luxusautos_Organisator.jpg","datePublished":"2020-05-25T06:45:46+00:00","description":"Entrepreneurs use Corona loans to buy back pawned luxury cars. This is reported by the operators of Auto-Pfandhaus.ch.","breadcrumb":{"@id":"https:\/\/www.organisator.ch\/management\/finanzen_recht\/2020-05-25\/corona-kredite-fuer-verpfaendete-luxusautos\/#breadcrumb"},"inLanguage":"en-US","potentialAction":[{"@type":"ReadAction","target":["https:\/\/www.organisator.ch\/management\/finanzen_recht\/2020-05-25\/corona-kredite-fuer-verpfaendete-luxusautos\/"]}]},{"@type":"ImageObject","inLanguage":"en-US","@id":"https:\/\/www.organisator.ch\/management\/finanzen_recht\/2020-05-25\/corona-kredite-fuer-verpfaendete-luxusautos\/#primaryimage","url":"https:\/\/www.organisator.ch\/wp-content\/uploads\/2020\/05\/Corona-Kredite-fuer-verpfaendete-Luxusautos_Organisator.jpg","contentUrl":"https:\/\/www.organisator.ch\/wp-content\/uploads\/2020\/05\/Corona-Kredite-fuer-verpfaendete-Luxusautos_Organisator.jpg","width":680,"height":510,"caption":"Dank Bundeshilfe zur\u00fcck zum Ferrari: Es gibt Unternehmer, die Corona-Kredite zum R\u00fcckkauf ihrer verpf\u00e4ndeten Luxusautos nutzen. (Bild: Auto-Pfandhaus.ch)"},{"@type":"BreadcrumbList","@id":"https:\/\/www.organisator.ch\/management\/finanzen_recht\/2020-05-25\/corona-kredite-fuer-verpfaendete-luxusautos\/#breadcrumb","itemListElement":[{"@type":"ListItem","position":1,"name":"Home","item":"https:\/\/www.organisator.ch\/"},{"@type":"ListItem","position":2,"name":"Corona-Kredite f\u00fcr verpf\u00e4ndete Luxusautos"}]},{"@type":"WebSite","@id":"https:\/\/www.organisator.ch\/#website","url":"https:\/\/www.organisator.ch\/","name":"Organizer","description":"Competent. Practical. In 10 issues per year, ORGANISATOR presents the essential topics for managers of SMEs.","publisher":{"@id":"https:\/\/www.organisator.ch\/#organization"},"potentialAction":[{"@type":"SearchAction","target":{"@type":"EntryPoint","urlTemplate":"https:\/\/www.organisator.ch\/?s={search_term_string}"},"query-input":{"@type":"PropertyValueSpecification","valueRequired":true,"valueName":"search_term_string"}}],"inLanguage":"en-US"},{"@type":"Organization","@id":"https:\/\/www.organisator.ch\/#organization","name":"Organizer","url":"https:\/\/www.organisator.ch\/","logo":{"@type":"ImageObject","inLanguage":"en-US","@id":"https:\/\/www.organisator.ch\/#\/schema\/logo\/image\/","url":"https:\/\/www.organisator.ch\/wp-content\/uploads\/2022\/01\/Logo_Organisator_Website.png","contentUrl":"https:\/\/www.organisator.ch\/wp-content\/uploads\/2022\/01\/Logo_Organisator_Website.png","width":800,"height":77,"caption":"Organisator"},"image":{"@id":"https:\/\/www.organisator.ch\/#\/schema\/logo\/image\/"},"sameAs":["https:\/\/www.facebook.com\/OrganisatorFachmagazin","https:\/\/www.linkedin.com\/showcase\/organisator-das-magazin-fr-kmu","https:\/\/www.xing.com\/news\/pages\/organisator-ch-695","https:\/\/www.youtube.com\/channel\/UCGP2Sq0iWaZwT3BdIAQFYpw"]},{"@type":"Person","@id":"https:\/\/www.organisator.ch\/#\/schema\/person\/6f650f90b2842cd4c0cc334b4e36f67e","name":"thomas.berner","image":{"@type":"ImageObject","inLanguage":"en-US","@id":"https:\/\/secure.gravatar.com\/avatar\/ac5001d2a36cb6c6cd3e50789007ffca834b477b74a2144564522e944eabff61?s=96&d=mm&r=g","url":"https:\/\/secure.gravatar.com\/avatar\/ac5001d2a36cb6c6cd3e50789007ffca834b477b74a2144564522e944eabff61?s=96&d=mm&r=g","contentUrl":"https:\/\/secure.gravatar.com\/avatar\/ac5001d2a36cb6c6cd3e50789007ffca834b477b74a2144564522e944eabff61?s=96&d=mm&r=g","caption":"thomas.berner"},"url":"https:\/\/www.organisator.ch\/en\/author\/thomas-berner\/"}]}},"_links":{"self":[{"href":"https:\/\/www.organisator.ch\/en\/wp-json\/wp\/v2\/posts\/6743","targetHints":{"allow":["GET"]}}],"collection":[{"href":"https:\/\/www.organisator.ch\/en\/wp-json\/wp\/v2\/posts"}],"about":[{"href":"https:\/\/www.organisator.ch\/en\/wp-json\/wp\/v2\/types\/post"}],"author":[{"embeddable":true,"href":"https:\/\/www.organisator.ch\/en\/wp-json\/wp\/v2\/users\/4"}],"replies":[{"embeddable":true,"href":"https:\/\/www.organisator.ch\/en\/wp-json\/wp\/v2\/comments?post=6743"}],"version-history":[{"count":0,"href":"https:\/\/www.organisator.ch\/en\/wp-json\/wp\/v2\/posts\/6743\/revisions"}],"wp:featuredmedia":[{"embeddable":true,"href":"https:\/\/www.organisator.ch\/en\/wp-json\/wp\/v2\/media\/6744"}],"wp:attachment":[{"href":"https:\/\/www.organisator.ch\/en\/wp-json\/wp\/v2\/media?parent=6743"}],"wp:term":[{"taxonomy":"category","embeddable":true,"href":"https:\/\/www.organisator.ch\/en\/wp-json\/wp\/v2\/categories?post=6743"},{"taxonomy":"post_tag","embeddable":true,"href":"https:\/\/www.organisator.ch\/en\/wp-json\/wp\/v2\/tags?post=6743"}],"curies":[{"name":"wp","href":"https:\/\/api.w.org\/{rel}","templated":true}]}}