{"id":6776,"date":"2020-06-04T07:58:42","date_gmt":"2020-06-04T05:58:42","guid":{"rendered":"https:\/\/www.organisator.ch\/?p=6776"},"modified":"2020-06-04T07:58:42","modified_gmt":"2020-06-04T05:58:42","slug":"baumessen-wegen-coronavirus-abgesagt","status":"publish","type":"post","link":"https:\/\/www.organisator.ch\/en\/allgemein\/2020-06-04\/baumessen-wegen-coronavirus-abgesagt\/","title":{"rendered":"Building fairs canceled due to corona virus"},"content":{"rendered":"<figure id=\"attachment_6777\" aria-describedby=\"caption-attachment-6777\" style=\"width: 680px\" class=\"wp-caption alignnone\"><img loading=\"lazy\" decoding=\"async\" class=\"size-medium wp-image-6777\" src=\"https:\/\/www.organisator.ch\/wp-content\/uploads\/2020\/06\/Baumessen-wegen-Coronavirus-abgesagt_Organisator.jpg\" alt=\"\" width=\"680\" height=\"218\" srcset=\"https:\/\/www.organisator.ch\/wp-content\/uploads\/2020\/06\/Baumessen-wegen-Coronavirus-abgesagt_Organisator.jpg 680w, https:\/\/www.organisator.ch\/wp-content\/uploads\/2020\/06\/Baumessen-wegen-Coronavirus-abgesagt_Organisator-16x5.jpg 16w, https:\/\/www.organisator.ch\/wp-content\/uploads\/2020\/06\/Baumessen-wegen-Coronavirus-abgesagt_Organisator-375x120.jpg 375w, https:\/\/www.organisator.ch\/wp-content\/uploads\/2020\/06\/Baumessen-wegen-Coronavirus-abgesagt_Organisator-300x96.jpg 300w\" sizes=\"auto, (max-width: 680px) 100vw, 680px\" \/><figcaption id=\"caption-attachment-6777\" class=\"wp-caption-text\">Due to the Corona virus, the construction fairs \"Bauen &amp; Modernisieren\" in Zurich and \"Bauen+Wohnen\" in Lucerne are cancelled. (Image: ZT Fachmessen)<\/figcaption><\/figure>\n<p>Because the planning security for events with more than 1000 people is still missing, ZT Fachmessen AG has decided to cancel its construction fairs Bauen &amp; Modernisieren in Zurich and Bauen+Wohnen in Lucerne, which will take place in September. Owners Andr\u00e9 and Marco Biland have already informed their exhibitors and they will not be charged. \"Trade fairs need a long lead time and clear planning. It was a difficult decision, but under these circumstances it is impossible to think of a successful realization of our fairs in September,\" the fair organizers justify. \"It is important that the state government next makes a distinction between major events and trade fairs \", they think. Trade fairs are an integral part of the economic system, which can be well organized with visitor registration and appropriate hygiene measures. A whole sector with hundreds of companies is at the starting line and wants to be able to resume its work. ZT Fachmessen believes that it will be able to restart its trade fairs at the end of the year.<\/p>\n<p><em>Source and further information: ZT Fachmessen AG | <a href=\"http:\/\/www.fachmessen.ch\">www.fachmessen.ch<\/a><\/em><\/p>","protected":false},"excerpt":{"rendered":"<p>Weil die Planungssicherheit bei Veranstaltungen \u00fcber 1000 Personen weiterhin fehlt, hat sich die ZT Fachmessen AG entschieden, ihre im September stattfindenden Baumessen Bauen &amp; Modernisieren in Z\u00fcrich und Bauen+Wohnen in Luzern abzusagen. Die Inhaber Andr\u00e9 und Marco Biland haben ihre Aussteller bereits dar\u00fcber informiert, ihnen werden keine Kosten verrechnet. \u00abMessen brauchen einen langen Vorlauf und [&hellip;]<\/p>\n","protected":false},"author":4,"featured_media":6777,"comment_status":"closed","ping_status":"closed","sticky":false,"template":"","format":"standard","meta":{"_acf_changed":false,"_yoast_wpseo_focuskw":"Baumessen","_yoast_wpseo_metadesc":"Die beiden Baumessen \"Bauen & Modernisieren\" in Z\u00fcrich und die \"Bauen+Wohnen\" in Luzern, veranstaltet durch ZT Fachmessen, finden dieses Jahr nicht statt.","articlekey":"","footnotes":""},"categories":[1],"tags":[132,193,502],"class_list":["post-6776","post","type-post","status-publish","format-standard","has-post-thumbnail","hentry","category-allgemein","tag-coronavirus","tag-fachkongressfachmesse","tag-veranstaltungen"],"acf":[],"yoast_head":"<!-- This site is optimized with the Yoast SEO plugin v27.5 - https:\/\/yoast.com\/product\/yoast-seo-wordpress\/ -->\n<title>Baumessen wegen Coronavirus abgesagt - Organisator<\/title>\n<meta name=\"description\" content=\"Die beiden Baumessen &quot;Bauen &amp; Modernisieren&quot; in Z\u00fcrich und die &quot;Bauen+Wohnen&quot; in Luzern, veranstaltet durch ZT Fachmessen, finden dieses Jahr nicht statt.\" \/>\n<meta name=\"robots\" content=\"index, follow, max-snippet:-1, max-image-preview:large, max-video-preview:-1\" \/>\n<link rel=\"canonical\" href=\"https:\/\/www.organisator.ch\/en\/general\/2020-06-04\/baumessen-wegen-coronavirus-abgesagt\/\" \/>\n<meta property=\"og:locale\" content=\"en_US\" \/>\n<meta property=\"og:type\" content=\"article\" \/>\n<meta property=\"og:title\" content=\"Baumessen wegen Coronavirus abgesagt\" \/>\n<meta property=\"og:description\" content=\"Die beiden Baumessen &quot;Bauen &amp; Modernisieren&quot; in Z\u00fcrich und die &quot;Bauen+Wohnen&quot; in Luzern, veranstaltet durch ZT Fachmessen, finden dieses Jahr nicht statt.\" \/>\n<meta property=\"og:url\" content=\"https:\/\/www.organisator.ch\/en\/general\/2020-06-04\/baumessen-wegen-coronavirus-abgesagt\/\" \/>\n<meta property=\"og:site_name\" content=\"Organisator\" \/>\n<meta property=\"article:publisher\" content=\"https:\/\/www.facebook.com\/OrganisatorFachmagazin\" \/>\n<meta property=\"article:published_time\" content=\"2020-06-04T05:58:42+00:00\" \/>\n<meta property=\"og:image\" content=\"https:\/\/www.organisator.ch\/wp-content\/uploads\/2020\/06\/Baumessen-wegen-Coronavirus-abgesagt_Organisator.jpg\" \/>\n\t<meta property=\"og:image:width\" content=\"680\" \/>\n\t<meta property=\"og:image:height\" content=\"218\" \/>\n\t<meta property=\"og:image:type\" content=\"image\/jpeg\" \/>\n<meta name=\"author\" content=\"thomas.berner\" \/>\n<meta name=\"twitter:card\" content=\"summary_large_image\" \/>\n<meta name=\"twitter:title\" content=\"#Baumessen wegen #Coronavirus abgesagt\" \/>\n<meta name=\"twitter:description\" content=\"Die beiden #Baumessen &quot;Bauen &amp; Modernisieren&quot; in Z\u00fcrich und die &quot;Bauen+Wohnen&quot; in Luzern, veranstaltet durch ZT #Fachmessen, finden dieses Jahr nicht statt.\" \/>\n<meta name=\"twitter:image\" content=\"https:\/\/www.organisator.ch\/wp-content\/uploads\/2020\/06\/Baumessen-wegen-Coronavirus-abgesagt_Organisator.jpg\" \/>\n<script type=\"application\/ld+json\" class=\"yoast-schema-graph\">{\"@context\":\"https:\\\/\\\/schema.org\",\"@graph\":[{\"@type\":\"Article\",\"@id\":\"https:\\\/\\\/www.organisator.ch\\\/en\\\/general\\\/2020-06-04\\\/baumessen-wegen-coronavirus-abgesagt\\\/#article\",\"isPartOf\":{\"@id\":\"https:\\\/\\\/www.organisator.ch\\\/en\\\/general\\\/2020-06-04\\\/baumessen-wegen-coronavirus-abgesagt\\\/\"},\"author\":{\"name\":\"thomas.berner\",\"@id\":\"https:\\\/\\\/www.organisator.ch\\\/#\\\/schema\\\/person\\\/6f650f90b2842cd4c0cc334b4e36f67e\"},\"headline\":\"Baumessen wegen Coronavirus abgesagt\",\"datePublished\":\"2020-06-04T05:58:42+00:00\",\"mainEntityOfPage\":{\"@id\":\"https:\\\/\\\/www.organisator.ch\\\/en\\\/general\\\/2020-06-04\\\/baumessen-wegen-coronavirus-abgesagt\\\/\"},\"wordCount\":200,\"publisher\":{\"@id\":\"https:\\\/\\\/www.organisator.ch\\\/#organization\"},\"image\":{\"@id\":\"https:\\\/\\\/www.organisator.ch\\\/en\\\/general\\\/2020-06-04\\\/baumessen-wegen-coronavirus-abgesagt\\\/#primaryimage\"},\"thumbnailUrl\":\"https:\\\/\\\/www.organisator.ch\\\/wp-content\\\/uploads\\\/2020\\\/06\\\/Baumessen-wegen-Coronavirus-abgesagt_Organisator.jpg\",\"keywords\":[\"Coronavirus\",\"Fachkongress\\\/Fachmesse\",\"Veranstaltungen\"],\"articleSection\":[\"Allgemein\"],\"inLanguage\":\"en-US\"},{\"@type\":\"WebPage\",\"@id\":\"https:\\\/\\\/www.organisator.ch\\\/en\\\/general\\\/2020-06-04\\\/baumessen-wegen-coronavirus-abgesagt\\\/\",\"url\":\"https:\\\/\\\/www.organisator.ch\\\/en\\\/general\\\/2020-06-04\\\/baumessen-wegen-coronavirus-abgesagt\\\/\",\"name\":\"Baumessen wegen Coronavirus abgesagt - Organisator\",\"isPartOf\":{\"@id\":\"https:\\\/\\\/www.organisator.ch\\\/#website\"},\"primaryImageOfPage\":{\"@id\":\"https:\\\/\\\/www.organisator.ch\\\/en\\\/general\\\/2020-06-04\\\/baumessen-wegen-coronavirus-abgesagt\\\/#primaryimage\"},\"image\":{\"@id\":\"https:\\\/\\\/www.organisator.ch\\\/en\\\/general\\\/2020-06-04\\\/baumessen-wegen-coronavirus-abgesagt\\\/#primaryimage\"},\"thumbnailUrl\":\"https:\\\/\\\/www.organisator.ch\\\/wp-content\\\/uploads\\\/2020\\\/06\\\/Baumessen-wegen-Coronavirus-abgesagt_Organisator.jpg\",\"datePublished\":\"2020-06-04T05:58:42+00:00\",\"description\":\"Die beiden Baumessen \\\"Bauen & Modernisieren\\\" in Z\u00fcrich und die \\\"Bauen+Wohnen\\\" in Luzern, veranstaltet durch ZT Fachmessen, finden dieses Jahr nicht statt.\",\"breadcrumb\":{\"@id\":\"https:\\\/\\\/www.organisator.ch\\\/en\\\/general\\\/2020-06-04\\\/baumessen-wegen-coronavirus-abgesagt\\\/#breadcrumb\"},\"inLanguage\":\"en-US\",\"potentialAction\":[{\"@type\":\"ReadAction\",\"target\":[\"https:\\\/\\\/www.organisator.ch\\\/en\\\/general\\\/2020-06-04\\\/baumessen-wegen-coronavirus-abgesagt\\\/\"]}]},{\"@type\":\"ImageObject\",\"inLanguage\":\"en-US\",\"@id\":\"https:\\\/\\\/www.organisator.ch\\\/en\\\/general\\\/2020-06-04\\\/baumessen-wegen-coronavirus-abgesagt\\\/#primaryimage\",\"url\":\"https:\\\/\\\/www.organisator.ch\\\/wp-content\\\/uploads\\\/2020\\\/06\\\/Baumessen-wegen-Coronavirus-abgesagt_Organisator.jpg\",\"contentUrl\":\"https:\\\/\\\/www.organisator.ch\\\/wp-content\\\/uploads\\\/2020\\\/06\\\/Baumessen-wegen-Coronavirus-abgesagt_Organisator.jpg\",\"width\":680,\"height\":218,\"caption\":\"Wegen des Coronavirus werden die Baumessen \\\"Bauen & Modernisieren\\\" in Z\u00fcrich und \\\"Bauen+Wohnen\\\" in Luzern abgesagt. (Bild: ZT Fachmessen)\"},{\"@type\":\"BreadcrumbList\",\"@id\":\"https:\\\/\\\/www.organisator.ch\\\/en\\\/general\\\/2020-06-04\\\/baumessen-wegen-coronavirus-abgesagt\\\/#breadcrumb\",\"itemListElement\":[{\"@type\":\"ListItem\",\"position\":1,\"name\":\"Home\",\"item\":\"https:\\\/\\\/www.organisator.ch\\\/\"},{\"@type\":\"ListItem\",\"position\":2,\"name\":\"Baumessen wegen Coronavirus abgesagt\"}]},{\"@type\":\"WebSite\",\"@id\":\"https:\\\/\\\/www.organisator.ch\\\/#website\",\"url\":\"https:\\\/\\\/www.organisator.ch\\\/\",\"name\":\"Organisator\",\"description\":\"Kompetent. Praxisnah. Der ORGANISATOR bereitet in 10 Ausgaben pro Jahr die wesentlichen Themen f\u00fcr F\u00fchrungskr\u00e4fte von KMU auf.\",\"publisher\":{\"@id\":\"https:\\\/\\\/www.organisator.ch\\\/#organization\"},\"potentialAction\":[{\"@type\":\"SearchAction\",\"target\":{\"@type\":\"EntryPoint\",\"urlTemplate\":\"https:\\\/\\\/www.organisator.ch\\\/?s={search_term_string}\"},\"query-input\":{\"@type\":\"PropertyValueSpecification\",\"valueRequired\":true,\"valueName\":\"search_term_string\"}}],\"inLanguage\":\"en-US\"},{\"@type\":\"Organization\",\"@id\":\"https:\\\/\\\/www.organisator.ch\\\/#organization\",\"name\":\"Organisator\",\"url\":\"https:\\\/\\\/www.organisator.ch\\\/\",\"logo\":{\"@type\":\"ImageObject\",\"inLanguage\":\"en-US\",\"@id\":\"https:\\\/\\\/www.organisator.ch\\\/#\\\/schema\\\/logo\\\/image\\\/\",\"url\":\"https:\\\/\\\/www.organisator.ch\\\/wp-content\\\/uploads\\\/2022\\\/01\\\/Logo_Organisator_Website.png\",\"contentUrl\":\"https:\\\/\\\/www.organisator.ch\\\/wp-content\\\/uploads\\\/2022\\\/01\\\/Logo_Organisator_Website.png\",\"width\":800,\"height\":77,\"caption\":\"Organisator\"},\"image\":{\"@id\":\"https:\\\/\\\/www.organisator.ch\\\/#\\\/schema\\\/logo\\\/image\\\/\"},\"sameAs\":[\"https:\\\/\\\/www.facebook.com\\\/OrganisatorFachmagazin\",\"https:\\\/\\\/www.linkedin.com\\\/showcase\\\/organisator-das-magazin-fr-kmu\",\"https:\\\/\\\/www.xing.com\\\/news\\\/pages\\\/organisator-ch-695\",\"https:\\\/\\\/www.youtube.com\\\/channel\\\/UCGP2Sq0iWaZwT3BdIAQFYpw\"]},{\"@type\":\"Person\",\"@id\":\"https:\\\/\\\/www.organisator.ch\\\/#\\\/schema\\\/person\\\/6f650f90b2842cd4c0cc334b4e36f67e\",\"name\":\"thomas.berner\",\"image\":{\"@type\":\"ImageObject\",\"inLanguage\":\"en-US\",\"@id\":\"https:\\\/\\\/secure.gravatar.com\\\/avatar\\\/ac5001d2a36cb6c6cd3e50789007ffca834b477b74a2144564522e944eabff61?s=96&d=mm&r=g\",\"url\":\"https:\\\/\\\/secure.gravatar.com\\\/avatar\\\/ac5001d2a36cb6c6cd3e50789007ffca834b477b74a2144564522e944eabff61?s=96&d=mm&r=g\",\"contentUrl\":\"https:\\\/\\\/secure.gravatar.com\\\/avatar\\\/ac5001d2a36cb6c6cd3e50789007ffca834b477b74a2144564522e944eabff61?s=96&d=mm&r=g\",\"caption\":\"thomas.berner\"},\"url\":\"https:\\\/\\\/www.organisator.ch\\\/en\\\/author\\\/thomas-berner\\\/\"}]}<\/script>\n<!-- \/ Yoast SEO plugin. -->","yoast_head_json":{"title":"Building fairs canceled due to corona virus - organizer","description":"The two construction trade fairs \"Bauen &amp; Modernisieren\" in Zurich and \"Bauen+Wohnen\" in Lucerne, organized by ZT Fachmessen, will not take place this year.","robots":{"index":"index","follow":"follow","max-snippet":"max-snippet:-1","max-image-preview":"max-image-preview:large","max-video-preview":"max-video-preview:-1"},"canonical":"https:\/\/www.organisator.ch\/en\/general\/2020-06-04\/baumessen-wegen-coronavirus-abgesagt\/","og_locale":"en_US","og_type":"article","og_title":"Baumessen wegen Coronavirus abgesagt","og_description":"Die beiden Baumessen \"Bauen & Modernisieren\" in Z\u00fcrich und die \"Bauen+Wohnen\" in Luzern, veranstaltet durch ZT Fachmessen, finden dieses Jahr nicht statt.","og_url":"https:\/\/www.organisator.ch\/en\/general\/2020-06-04\/baumessen-wegen-coronavirus-abgesagt\/","og_site_name":"Organisator","article_publisher":"https:\/\/www.facebook.com\/OrganisatorFachmagazin","article_published_time":"2020-06-04T05:58:42+00:00","og_image":[{"width":680,"height":218,"url":"https:\/\/www.organisator.ch\/wp-content\/uploads\/2020\/06\/Baumessen-wegen-Coronavirus-abgesagt_Organisator.jpg","type":"image\/jpeg"}],"author":"thomas.berner","twitter_card":"summary_large_image","twitter_title":"#Baumessen wegen #Coronavirus abgesagt","twitter_description":"Die beiden #Baumessen \"Bauen & Modernisieren\" in Z\u00fcrich und die \"Bauen+Wohnen\" in Luzern, veranstaltet durch ZT #Fachmessen, finden dieses Jahr nicht statt.","twitter_image":"https:\/\/www.organisator.ch\/wp-content\/uploads\/2020\/06\/Baumessen-wegen-Coronavirus-abgesagt_Organisator.jpg","schema":{"@context":"https:\/\/schema.org","@graph":[{"@type":"Article","@id":"https:\/\/www.organisator.ch\/en\/general\/2020-06-04\/baumessen-wegen-coronavirus-abgesagt\/#article","isPartOf":{"@id":"https:\/\/www.organisator.ch\/en\/general\/2020-06-04\/baumessen-wegen-coronavirus-abgesagt\/"},"author":{"name":"thomas.berner","@id":"https:\/\/www.organisator.ch\/#\/schema\/person\/6f650f90b2842cd4c0cc334b4e36f67e"},"headline":"Baumessen wegen Coronavirus abgesagt","datePublished":"2020-06-04T05:58:42+00:00","mainEntityOfPage":{"@id":"https:\/\/www.organisator.ch\/en\/general\/2020-06-04\/baumessen-wegen-coronavirus-abgesagt\/"},"wordCount":200,"publisher":{"@id":"https:\/\/www.organisator.ch\/#organization"},"image":{"@id":"https:\/\/www.organisator.ch\/en\/general\/2020-06-04\/baumessen-wegen-coronavirus-abgesagt\/#primaryimage"},"thumbnailUrl":"https:\/\/www.organisator.ch\/wp-content\/uploads\/2020\/06\/Baumessen-wegen-Coronavirus-abgesagt_Organisator.jpg","keywords":["Coronavirus","Fachkongress\/Fachmesse","Veranstaltungen"],"articleSection":["Allgemein"],"inLanguage":"en-US"},{"@type":"WebPage","@id":"https:\/\/www.organisator.ch\/en\/general\/2020-06-04\/baumessen-wegen-coronavirus-abgesagt\/","url":"https:\/\/www.organisator.ch\/en\/general\/2020-06-04\/baumessen-wegen-coronavirus-abgesagt\/","name":"Building fairs canceled due to corona virus - organizer","isPartOf":{"@id":"https:\/\/www.organisator.ch\/#website"},"primaryImageOfPage":{"@id":"https:\/\/www.organisator.ch\/en\/general\/2020-06-04\/baumessen-wegen-coronavirus-abgesagt\/#primaryimage"},"image":{"@id":"https:\/\/www.organisator.ch\/en\/general\/2020-06-04\/baumessen-wegen-coronavirus-abgesagt\/#primaryimage"},"thumbnailUrl":"https:\/\/www.organisator.ch\/wp-content\/uploads\/2020\/06\/Baumessen-wegen-Coronavirus-abgesagt_Organisator.jpg","datePublished":"2020-06-04T05:58:42+00:00","description":"The two construction trade fairs \"Bauen &amp; Modernisieren\" in Zurich and \"Bauen+Wohnen\" in Lucerne, organized by ZT Fachmessen, will not take place this year.","breadcrumb":{"@id":"https:\/\/www.organisator.ch\/en\/general\/2020-06-04\/baumessen-wegen-coronavirus-abgesagt\/#breadcrumb"},"inLanguage":"en-US","potentialAction":[{"@type":"ReadAction","target":["https:\/\/www.organisator.ch\/en\/general\/2020-06-04\/baumessen-wegen-coronavirus-abgesagt\/"]}]},{"@type":"ImageObject","inLanguage":"en-US","@id":"https:\/\/www.organisator.ch\/en\/general\/2020-06-04\/baumessen-wegen-coronavirus-abgesagt\/#primaryimage","url":"https:\/\/www.organisator.ch\/wp-content\/uploads\/2020\/06\/Baumessen-wegen-Coronavirus-abgesagt_Organisator.jpg","contentUrl":"https:\/\/www.organisator.ch\/wp-content\/uploads\/2020\/06\/Baumessen-wegen-Coronavirus-abgesagt_Organisator.jpg","width":680,"height":218,"caption":"Wegen des Coronavirus werden die Baumessen \"Bauen & Modernisieren\" in Z\u00fcrich und \"Bauen+Wohnen\" in Luzern abgesagt. (Bild: ZT Fachmessen)"},{"@type":"BreadcrumbList","@id":"https:\/\/www.organisator.ch\/en\/general\/2020-06-04\/baumessen-wegen-coronavirus-abgesagt\/#breadcrumb","itemListElement":[{"@type":"ListItem","position":1,"name":"Home","item":"https:\/\/www.organisator.ch\/"},{"@type":"ListItem","position":2,"name":"Baumessen wegen Coronavirus abgesagt"}]},{"@type":"WebSite","@id":"https:\/\/www.organisator.ch\/#website","url":"https:\/\/www.organisator.ch\/","name":"Organizer","description":"Competent. Practical. In 10 issues per year, ORGANISATOR presents the essential topics for managers of SMEs.","publisher":{"@id":"https:\/\/www.organisator.ch\/#organization"},"potentialAction":[{"@type":"SearchAction","target":{"@type":"EntryPoint","urlTemplate":"https:\/\/www.organisator.ch\/?s={search_term_string}"},"query-input":{"@type":"PropertyValueSpecification","valueRequired":true,"valueName":"search_term_string"}}],"inLanguage":"en-US"},{"@type":"Organization","@id":"https:\/\/www.organisator.ch\/#organization","name":"Organizer","url":"https:\/\/www.organisator.ch\/","logo":{"@type":"ImageObject","inLanguage":"en-US","@id":"https:\/\/www.organisator.ch\/#\/schema\/logo\/image\/","url":"https:\/\/www.organisator.ch\/wp-content\/uploads\/2022\/01\/Logo_Organisator_Website.png","contentUrl":"https:\/\/www.organisator.ch\/wp-content\/uploads\/2022\/01\/Logo_Organisator_Website.png","width":800,"height":77,"caption":"Organisator"},"image":{"@id":"https:\/\/www.organisator.ch\/#\/schema\/logo\/image\/"},"sameAs":["https:\/\/www.facebook.com\/OrganisatorFachmagazin","https:\/\/www.linkedin.com\/showcase\/organisator-das-magazin-fr-kmu","https:\/\/www.xing.com\/news\/pages\/organisator-ch-695","https:\/\/www.youtube.com\/channel\/UCGP2Sq0iWaZwT3BdIAQFYpw"]},{"@type":"Person","@id":"https:\/\/www.organisator.ch\/#\/schema\/person\/6f650f90b2842cd4c0cc334b4e36f67e","name":"thomas.berner","image":{"@type":"ImageObject","inLanguage":"en-US","@id":"https:\/\/secure.gravatar.com\/avatar\/ac5001d2a36cb6c6cd3e50789007ffca834b477b74a2144564522e944eabff61?s=96&d=mm&r=g","url":"https:\/\/secure.gravatar.com\/avatar\/ac5001d2a36cb6c6cd3e50789007ffca834b477b74a2144564522e944eabff61?s=96&d=mm&r=g","contentUrl":"https:\/\/secure.gravatar.com\/avatar\/ac5001d2a36cb6c6cd3e50789007ffca834b477b74a2144564522e944eabff61?s=96&d=mm&r=g","caption":"thomas.berner"},"url":"https:\/\/www.organisator.ch\/en\/author\/thomas-berner\/"}]}},"_links":{"self":[{"href":"https:\/\/www.organisator.ch\/en\/wp-json\/wp\/v2\/posts\/6776","targetHints":{"allow":["GET"]}}],"collection":[{"href":"https:\/\/www.organisator.ch\/en\/wp-json\/wp\/v2\/posts"}],"about":[{"href":"https:\/\/www.organisator.ch\/en\/wp-json\/wp\/v2\/types\/post"}],"author":[{"embeddable":true,"href":"https:\/\/www.organisator.ch\/en\/wp-json\/wp\/v2\/users\/4"}],"replies":[{"embeddable":true,"href":"https:\/\/www.organisator.ch\/en\/wp-json\/wp\/v2\/comments?post=6776"}],"version-history":[{"count":0,"href":"https:\/\/www.organisator.ch\/en\/wp-json\/wp\/v2\/posts\/6776\/revisions"}],"wp:featuredmedia":[{"embeddable":true,"href":"https:\/\/www.organisator.ch\/en\/wp-json\/wp\/v2\/media\/6777"}],"wp:attachment":[{"href":"https:\/\/www.organisator.ch\/en\/wp-json\/wp\/v2\/media?parent=6776"}],"wp:term":[{"taxonomy":"category","embeddable":true,"href":"https:\/\/www.organisator.ch\/en\/wp-json\/wp\/v2\/categories?post=6776"},{"taxonomy":"post_tag","embeddable":true,"href":"https:\/\/www.organisator.ch\/en\/wp-json\/wp\/v2\/tags?post=6776"}],"curies":[{"name":"wp","href":"https:\/\/api.w.org\/{rel}","templated":true}]}}