{"id":6782,"date":"2020-06-05T12:01:27","date_gmt":"2020-06-05T10:01:27","guid":{"rendered":"https:\/\/www.organisator.ch\/?p=6782"},"modified":"2020-06-05T12:01:27","modified_gmt":"2020-06-05T10:01:27","slug":"das-startup-forum-graubuenden-2020-etwas-anders-als-gewohnt","status":"publish","type":"post","link":"https:\/\/www.organisator.ch\/en\/management\/2020-06-05\/das-startup-forum-graubuenden-2020-etwas-anders-als-gewohnt\/","title":{"rendered":"The Startup Forum Graub\u00fcnden 2020 - a little different than usual"},"content":{"rendered":"<figure id=\"attachment_6783\" aria-describedby=\"caption-attachment-6783\" style=\"width: 680px\" class=\"wp-caption alignnone\"><img loading=\"lazy\" decoding=\"async\" class=\"size-medium wp-image-6783\" src=\"https:\/\/www.organisator.ch\/wp-content\/uploads\/2020\/06\/Das-Startup-Forum-Graubuenden-2020-etwas-anders-als-gewohnt_Organisator.jpg\" alt=\"\" width=\"680\" height=\"367\" srcset=\"https:\/\/www.organisator.ch\/wp-content\/uploads\/2020\/06\/Das-Startup-Forum-Graubuenden-2020-etwas-anders-als-gewohnt_Organisator.jpg 680w, https:\/\/www.organisator.ch\/wp-content\/uploads\/2020\/06\/Das-Startup-Forum-Graubuenden-2020-etwas-anders-als-gewohnt_Organisator-16x9.jpg 16w, https:\/\/www.organisator.ch\/wp-content\/uploads\/2020\/06\/Das-Startup-Forum-Graubuenden-2020-etwas-anders-als-gewohnt_Organisator-324x175.jpg 324w, https:\/\/www.organisator.ch\/wp-content\/uploads\/2020\/06\/Das-Startup-Forum-Graubuenden-2020-etwas-anders-als-gewohnt_Organisator-649x350.jpg 649w, https:\/\/www.organisator.ch\/wp-content\/uploads\/2020\/06\/Das-Startup-Forum-Graubuenden-2020-etwas-anders-als-gewohnt_Organisator-300x162.jpg 300w\" sizes=\"auto, (max-width: 680px) 100vw, 680px\" \/><figcaption id=\"caption-attachment-6783\" class=\"wp-caption-text\">Simon May chatted with Pius Truffer in a panel interview at Startup Forum Graub\u00fcnden. (Image: zVg \/ Institute for Young Enterprises)<\/figcaption><\/figure>\n<p>Graub\u00fcnden, Switzerland's largest canton, is bursting with innovative startup founders. Successful entrepreneur Pius Truffer, digital marketing expert Robin Mark and three Graub\u00fcnden-based startups provided insights into the local startup scene and shared their experiences of success and hurdles.<\/p>\n<h2>Benefit from each other at the Startup Forum Graub\u00fcnden<\/h2>\n<p>The organizers of the Startup Forum Graub\u00fcnden, namely the Office of Economy and Tourism Graub\u00fcnden, the KMU Center and the IFJ Institute for Young Enterprises initiated the forum already last year in order to fuel new ideas in the startup scene Graub\u00fcnden, to exchange knowledge and experience with like-minded people and to network. In this sense, the event was perfectly staffed, even if by digital means this year. Established entrepreneurs, startups and people interested in founding a company as well as entrepreneur students from the University of Applied Sciences Graub\u00fcnden offered an optimal mix to benefit from each other.<\/p>\n<h2><strong>The icon from Grisons<\/strong><\/h2>\n<p>Successful entrepreneur Pius Truffer reported on his successes and initial difficulties in the panel interview. Vals quartzite has been used as stone for walls and roofs for hundreds of years. The Vals village image is characterized by the stone roofscape. Today, the stone is used in all kinds of forms all over the world. It has become one of the most sought-after building materials for architecture all over the world. Pius Truffer inspires with his founding story, which started over 36 years ago with Pia Truffer.<\/p>\n<h2><strong>Three startups that still have the road ahead of them<\/strong><\/h2>\n<p>From the two founders Dario &amp; Dario of Muntagnard GmbH comes the - according to their own statement - most comfortable T-shirt ever. They develop their products from the selection of the raw material to the end of life to 100% biodegradable and are thus probably the first manufacturers ever, which close the biological cycle in a T-shirt and its raw materials.<\/p>\n<p>Amin Casutt's story is also impressive: he will only finish high school this year, but has already founded his first startup, CASGRE GmbH, with Jan Gredig. With the startup, various projects are being implemented, such as a concept in collaboration with SV Group AG for the direct distribution of office supplies on site at various educational locations with over 21,000 learners. Especially in connection with the spread of the coronavirus, this distribution concept is being elaborated with further offers.<\/p>\n<p>True to the motto \"Mach\u00e4 und nid Labr\u00e4\", Noe T\u00fcfer and Nicolo Angerer have joined forces. The \"Bergbuaba\" from Davos have an international vision with LifeDrop GmbH. A kind of capsule as a retreat with integrated curved screen, speakers, ventilation with scent function and heating. With the prototype they could inspire the first customers for themselves. Whether as a show case for companies, to promote the mental health of employees or as a treatment for various diseases. LifeDrop convinced the investors and the next milestone is the go-live at the end of 2020.<\/p>\n<h2><strong>The digital marketing mastermind from Graub\u00fcnden<\/strong><\/h2>\n<p>Robin Mark, the founder of the Rob Nicolas GmbH agency, is no stranger to the bunch. Robin Mark founded his agency over nine years ago, which enjoys expert status in the field of digital marketing. On average, everyone looks at their smartphone 150 times a day. The question is not whether companies should rely on digital marketing, but how they should do it. Today, content that is transparent is the order of the day. Companies should also focus on new advertising channels, especially social commerce, which is currently growing strongly. In fact, the e-commerce market in Switzerland was 10.3 billion francs last year. The situation with Corona is another reason to focus on digital marketing.<\/p>\n<p><em>Source and further information: <a href=\"http:\/\/www.ifj.ch\">IfJ Institute for Young Enterprises<\/a><\/em><\/p>\n<p>(Simon May in a panel interview with Pius Truffer)<\/p>","protected":false},"excerpt":{"rendered":"<p>Graub\u00fcnden, der gr\u00f6sste Kanton der Schweiz, spriesst vor innovativen Gr\u00fcnderinnen und Gr\u00fcnder. Der Erfolgsunternehmer Pius Truffer, der Digital Marketing Experte Robin Mark und drei in Graub\u00fcnden ans\u00e4ssige Startups gaben Einblicke in die dortige Startup-Szene und berichteten von ihren Erfolgserlebnissen und H\u00fcrden. Am Startup Forum Graub\u00fcnden voneinander profitieren Die Veranstalter des Startup Forum Graub\u00fcnden, namentlich das [&hellip;]<\/p>\n","protected":false},"author":4,"featured_media":6783,"comment_status":"closed","ping_status":"closed","sticky":false,"template":"","format":"standard","meta":{"_acf_changed":false,"_yoast_wpseo_focuskw":"Startup Forum Graub\u00fcnden","_yoast_wpseo_metadesc":"Die Organisatoren des diesj\u00e4hrigen Startup Forum Graub\u00fcnden durften am 02. Juni 2020 \u00fcber 200 G\u00e4ste auf digitalem Wege begr\u00fcssen.","articlekey":"","footnotes":""},"categories":[28],"tags":[193,335,451,492],"class_list":["post-6782","post","type-post","status-publish","format-standard","has-post-thumbnail","hentry","category-management","tag-fachkongressfachmesse","tag-management-und-unternehmensfuehrung","tag-startups","tag-unternehmen"],"acf":[],"yoast_head":"<!-- This site is optimized with the Yoast SEO plugin v27.4 - https:\/\/yoast.com\/product\/yoast-seo-wordpress\/ -->\n<title>Das Startup Forum Graub\u00fcnden 2020 \u2013 etwas anders als gewohnt - Organisator<\/title>\n<meta name=\"description\" content=\"Die Organisatoren des diesj\u00e4hrigen Startup Forum Graub\u00fcnden durften am 02. Juni 2020 \u00fcber 200 G\u00e4ste auf digitalem Wege begr\u00fcssen.\" \/>\n<meta name=\"robots\" content=\"index, follow, max-snippet:-1, max-image-preview:large, max-video-preview:-1\" \/>\n<link rel=\"canonical\" href=\"https:\/\/www.organisator.ch\/en\/management\/2020-06-05\/das-startup-forum-graubuenden-2020-etwas-anders-als-gewohnt\/\" \/>\n<meta property=\"og:locale\" content=\"en_US\" \/>\n<meta property=\"og:type\" content=\"article\" \/>\n<meta property=\"og:title\" content=\"Das Startup Forum Graub\u00fcnden 2020 \u2013 etwas anders als gewohnt\" \/>\n<meta property=\"og:description\" content=\"Die Organisatoren des diesj\u00e4hrigen Startup Forum Graub\u00fcnden durften am 02. Juni 2020 \u00fcber 200 G\u00e4ste auf digitalem Wege begr\u00fcssen.\" \/>\n<meta property=\"og:url\" content=\"https:\/\/www.organisator.ch\/en\/management\/2020-06-05\/das-startup-forum-graubuenden-2020-etwas-anders-als-gewohnt\/\" \/>\n<meta property=\"og:site_name\" content=\"Organisator\" \/>\n<meta property=\"article:publisher\" content=\"https:\/\/www.facebook.com\/OrganisatorFachmagazin\" \/>\n<meta property=\"article:published_time\" content=\"2020-06-05T10:01:27+00:00\" \/>\n<meta property=\"og:image\" content=\"https:\/\/www.organisator.ch\/wp-content\/uploads\/2020\/06\/Das-Startup-Forum-Graubuenden-2020-etwas-anders-als-gewohnt_Organisator.jpg\" \/>\n\t<meta property=\"og:image:width\" content=\"680\" \/>\n\t<meta property=\"og:image:height\" content=\"367\" \/>\n\t<meta property=\"og:image:type\" content=\"image\/jpeg\" \/>\n<meta name=\"author\" content=\"thomas.berner\" \/>\n<meta name=\"twitter:card\" content=\"summary_large_image\" \/>\n<meta name=\"twitter:title\" content=\"Das #Startup Forum #Graub\u00fcnden 2020 \u2013 etwas anders als gewohnt\" \/>\n<meta name=\"twitter:description\" content=\"Die Organisatoren des diesj\u00e4hrigen #Startup Forum #Graub\u00fcnden durften am 02. Juni 2020 \u00fcber 200 G\u00e4ste auf digitalem Wege begr\u00fcssen.\" \/>\n<meta name=\"twitter:image\" content=\"https:\/\/www.organisator.ch\/wp-content\/uploads\/2020\/06\/Das-Startup-Forum-Graubuenden-2020-etwas-anders-als-gewohnt_Organisator.jpg\" \/>\n<script type=\"application\/ld+json\" class=\"yoast-schema-graph\">{\"@context\":\"https:\\\/\\\/schema.org\",\"@graph\":[{\"@type\":\"Article\",\"@id\":\"https:\\\/\\\/www.organisator.ch\\\/management\\\/2020-06-05\\\/das-startup-forum-graubuenden-2020-etwas-anders-als-gewohnt\\\/#article\",\"isPartOf\":{\"@id\":\"https:\\\/\\\/www.organisator.ch\\\/management\\\/2020-06-05\\\/das-startup-forum-graubuenden-2020-etwas-anders-als-gewohnt\\\/\"},\"author\":{\"name\":\"thomas.berner\",\"@id\":\"https:\\\/\\\/www.organisator.ch\\\/#\\\/schema\\\/person\\\/6f650f90b2842cd4c0cc334b4e36f67e\"},\"headline\":\"Das Startup Forum Graub\u00fcnden 2020 \u2013 etwas anders als gewohnt\",\"datePublished\":\"2020-06-05T10:01:27+00:00\",\"mainEntityOfPage\":{\"@id\":\"https:\\\/\\\/www.organisator.ch\\\/management\\\/2020-06-05\\\/das-startup-forum-graubuenden-2020-etwas-anders-als-gewohnt\\\/\"},\"wordCount\":646,\"publisher\":{\"@id\":\"https:\\\/\\\/www.organisator.ch\\\/#organization\"},\"image\":{\"@id\":\"https:\\\/\\\/www.organisator.ch\\\/management\\\/2020-06-05\\\/das-startup-forum-graubuenden-2020-etwas-anders-als-gewohnt\\\/#primaryimage\"},\"thumbnailUrl\":\"https:\\\/\\\/www.organisator.ch\\\/wp-content\\\/uploads\\\/2020\\\/06\\\/Das-Startup-Forum-Graubuenden-2020-etwas-anders-als-gewohnt_Organisator.jpg\",\"keywords\":[\"Fachkongress\\\/Fachmesse\",\"Management und Unternehmensf\u00fchrung\",\"Startups\",\"Unternehmen\"],\"articleSection\":[\"MANAGEMENT\"],\"inLanguage\":\"en-US\"},{\"@type\":\"WebPage\",\"@id\":\"https:\\\/\\\/www.organisator.ch\\\/management\\\/2020-06-05\\\/das-startup-forum-graubuenden-2020-etwas-anders-als-gewohnt\\\/\",\"url\":\"https:\\\/\\\/www.organisator.ch\\\/management\\\/2020-06-05\\\/das-startup-forum-graubuenden-2020-etwas-anders-als-gewohnt\\\/\",\"name\":\"Das Startup Forum Graub\u00fcnden 2020 \u2013 etwas anders als gewohnt - Organisator\",\"isPartOf\":{\"@id\":\"https:\\\/\\\/www.organisator.ch\\\/#website\"},\"primaryImageOfPage\":{\"@id\":\"https:\\\/\\\/www.organisator.ch\\\/management\\\/2020-06-05\\\/das-startup-forum-graubuenden-2020-etwas-anders-als-gewohnt\\\/#primaryimage\"},\"image\":{\"@id\":\"https:\\\/\\\/www.organisator.ch\\\/management\\\/2020-06-05\\\/das-startup-forum-graubuenden-2020-etwas-anders-als-gewohnt\\\/#primaryimage\"},\"thumbnailUrl\":\"https:\\\/\\\/www.organisator.ch\\\/wp-content\\\/uploads\\\/2020\\\/06\\\/Das-Startup-Forum-Graubuenden-2020-etwas-anders-als-gewohnt_Organisator.jpg\",\"datePublished\":\"2020-06-05T10:01:27+00:00\",\"description\":\"Die Organisatoren des diesj\u00e4hrigen Startup Forum Graub\u00fcnden durften am 02. Juni 2020 \u00fcber 200 G\u00e4ste auf digitalem Wege begr\u00fcssen.\",\"breadcrumb\":{\"@id\":\"https:\\\/\\\/www.organisator.ch\\\/management\\\/2020-06-05\\\/das-startup-forum-graubuenden-2020-etwas-anders-als-gewohnt\\\/#breadcrumb\"},\"inLanguage\":\"en-US\",\"potentialAction\":[{\"@type\":\"ReadAction\",\"target\":[\"https:\\\/\\\/www.organisator.ch\\\/management\\\/2020-06-05\\\/das-startup-forum-graubuenden-2020-etwas-anders-als-gewohnt\\\/\"]}]},{\"@type\":\"ImageObject\",\"inLanguage\":\"en-US\",\"@id\":\"https:\\\/\\\/www.organisator.ch\\\/management\\\/2020-06-05\\\/das-startup-forum-graubuenden-2020-etwas-anders-als-gewohnt\\\/#primaryimage\",\"url\":\"https:\\\/\\\/www.organisator.ch\\\/wp-content\\\/uploads\\\/2020\\\/06\\\/Das-Startup-Forum-Graubuenden-2020-etwas-anders-als-gewohnt_Organisator.jpg\",\"contentUrl\":\"https:\\\/\\\/www.organisator.ch\\\/wp-content\\\/uploads\\\/2020\\\/06\\\/Das-Startup-Forum-Graubuenden-2020-etwas-anders-als-gewohnt_Organisator.jpg\",\"width\":680,\"height\":367,\"caption\":\"Simon May im Podiumsinterview mit Pius Truffer. (Bild: zVg \\\/ Institut f\u00fcr Jungunternehmen)\"},{\"@type\":\"BreadcrumbList\",\"@id\":\"https:\\\/\\\/www.organisator.ch\\\/management\\\/2020-06-05\\\/das-startup-forum-graubuenden-2020-etwas-anders-als-gewohnt\\\/#breadcrumb\",\"itemListElement\":[{\"@type\":\"ListItem\",\"position\":1,\"name\":\"Home\",\"item\":\"https:\\\/\\\/www.organisator.ch\\\/\"},{\"@type\":\"ListItem\",\"position\":2,\"name\":\"Das Startup Forum Graub\u00fcnden 2020 \u2013 etwas anders als gewohnt\"}]},{\"@type\":\"WebSite\",\"@id\":\"https:\\\/\\\/www.organisator.ch\\\/#website\",\"url\":\"https:\\\/\\\/www.organisator.ch\\\/\",\"name\":\"Organisator\",\"description\":\"Kompetent. Praxisnah. Der ORGANISATOR bereitet in 10 Ausgaben pro Jahr die wesentlichen Themen f\u00fcr F\u00fchrungskr\u00e4fte von KMU auf.\",\"publisher\":{\"@id\":\"https:\\\/\\\/www.organisator.ch\\\/#organization\"},\"potentialAction\":[{\"@type\":\"SearchAction\",\"target\":{\"@type\":\"EntryPoint\",\"urlTemplate\":\"https:\\\/\\\/www.organisator.ch\\\/?s={search_term_string}\"},\"query-input\":{\"@type\":\"PropertyValueSpecification\",\"valueRequired\":true,\"valueName\":\"search_term_string\"}}],\"inLanguage\":\"en-US\"},{\"@type\":\"Organization\",\"@id\":\"https:\\\/\\\/www.organisator.ch\\\/#organization\",\"name\":\"Organisator\",\"url\":\"https:\\\/\\\/www.organisator.ch\\\/\",\"logo\":{\"@type\":\"ImageObject\",\"inLanguage\":\"en-US\",\"@id\":\"https:\\\/\\\/www.organisator.ch\\\/#\\\/schema\\\/logo\\\/image\\\/\",\"url\":\"https:\\\/\\\/www.organisator.ch\\\/wp-content\\\/uploads\\\/2022\\\/01\\\/Logo_Organisator_Website.png\",\"contentUrl\":\"https:\\\/\\\/www.organisator.ch\\\/wp-content\\\/uploads\\\/2022\\\/01\\\/Logo_Organisator_Website.png\",\"width\":800,\"height\":77,\"caption\":\"Organisator\"},\"image\":{\"@id\":\"https:\\\/\\\/www.organisator.ch\\\/#\\\/schema\\\/logo\\\/image\\\/\"},\"sameAs\":[\"https:\\\/\\\/www.facebook.com\\\/OrganisatorFachmagazin\",\"https:\\\/\\\/www.linkedin.com\\\/showcase\\\/organisator-das-magazin-fr-kmu\",\"https:\\\/\\\/www.xing.com\\\/news\\\/pages\\\/organisator-ch-695\",\"https:\\\/\\\/www.youtube.com\\\/channel\\\/UCGP2Sq0iWaZwT3BdIAQFYpw\"]},{\"@type\":\"Person\",\"@id\":\"https:\\\/\\\/www.organisator.ch\\\/#\\\/schema\\\/person\\\/6f650f90b2842cd4c0cc334b4e36f67e\",\"name\":\"thomas.berner\",\"image\":{\"@type\":\"ImageObject\",\"inLanguage\":\"en-US\",\"@id\":\"https:\\\/\\\/secure.gravatar.com\\\/avatar\\\/ac5001d2a36cb6c6cd3e50789007ffca834b477b74a2144564522e944eabff61?s=96&d=mm&r=g\",\"url\":\"https:\\\/\\\/secure.gravatar.com\\\/avatar\\\/ac5001d2a36cb6c6cd3e50789007ffca834b477b74a2144564522e944eabff61?s=96&d=mm&r=g\",\"contentUrl\":\"https:\\\/\\\/secure.gravatar.com\\\/avatar\\\/ac5001d2a36cb6c6cd3e50789007ffca834b477b74a2144564522e944eabff61?s=96&d=mm&r=g\",\"caption\":\"thomas.berner\"},\"url\":\"https:\\\/\\\/www.organisator.ch\\\/en\\\/author\\\/thomas-berner\\\/\"}]}<\/script>\n<!-- \/ Yoast SEO plugin. -->","yoast_head_json":{"title":"The Startup Forum Graub\u00fcnden 2020 - a little different than usual - organizer","description":"The organizers of this year's Startup Forum Graub\u00fcnden had the pleasure of welcoming over 200 guests digitally on June 02, 2020.","robots":{"index":"index","follow":"follow","max-snippet":"max-snippet:-1","max-image-preview":"max-image-preview:large","max-video-preview":"max-video-preview:-1"},"canonical":"https:\/\/www.organisator.ch\/en\/management\/2020-06-05\/das-startup-forum-graubuenden-2020-etwas-anders-als-gewohnt\/","og_locale":"en_US","og_type":"article","og_title":"Das Startup Forum Graub\u00fcnden 2020 \u2013 etwas anders als gewohnt","og_description":"Die Organisatoren des diesj\u00e4hrigen Startup Forum Graub\u00fcnden durften am 02. Juni 2020 \u00fcber 200 G\u00e4ste auf digitalem Wege begr\u00fcssen.","og_url":"https:\/\/www.organisator.ch\/en\/management\/2020-06-05\/das-startup-forum-graubuenden-2020-etwas-anders-als-gewohnt\/","og_site_name":"Organisator","article_publisher":"https:\/\/www.facebook.com\/OrganisatorFachmagazin","article_published_time":"2020-06-05T10:01:27+00:00","og_image":[{"width":680,"height":367,"url":"https:\/\/www.organisator.ch\/wp-content\/uploads\/2020\/06\/Das-Startup-Forum-Graubuenden-2020-etwas-anders-als-gewohnt_Organisator.jpg","type":"image\/jpeg"}],"author":"thomas.berner","twitter_card":"summary_large_image","twitter_title":"Das #Startup Forum #Graub\u00fcnden 2020 \u2013 etwas anders als gewohnt","twitter_description":"Die Organisatoren des diesj\u00e4hrigen #Startup Forum #Graub\u00fcnden durften am 02. Juni 2020 \u00fcber 200 G\u00e4ste auf digitalem Wege begr\u00fcssen.","twitter_image":"https:\/\/www.organisator.ch\/wp-content\/uploads\/2020\/06\/Das-Startup-Forum-Graubuenden-2020-etwas-anders-als-gewohnt_Organisator.jpg","schema":{"@context":"https:\/\/schema.org","@graph":[{"@type":"Article","@id":"https:\/\/www.organisator.ch\/management\/2020-06-05\/das-startup-forum-graubuenden-2020-etwas-anders-als-gewohnt\/#article","isPartOf":{"@id":"https:\/\/www.organisator.ch\/management\/2020-06-05\/das-startup-forum-graubuenden-2020-etwas-anders-als-gewohnt\/"},"author":{"name":"thomas.berner","@id":"https:\/\/www.organisator.ch\/#\/schema\/person\/6f650f90b2842cd4c0cc334b4e36f67e"},"headline":"Das Startup Forum Graub\u00fcnden 2020 \u2013 etwas anders als gewohnt","datePublished":"2020-06-05T10:01:27+00:00","mainEntityOfPage":{"@id":"https:\/\/www.organisator.ch\/management\/2020-06-05\/das-startup-forum-graubuenden-2020-etwas-anders-als-gewohnt\/"},"wordCount":646,"publisher":{"@id":"https:\/\/www.organisator.ch\/#organization"},"image":{"@id":"https:\/\/www.organisator.ch\/management\/2020-06-05\/das-startup-forum-graubuenden-2020-etwas-anders-als-gewohnt\/#primaryimage"},"thumbnailUrl":"https:\/\/www.organisator.ch\/wp-content\/uploads\/2020\/06\/Das-Startup-Forum-Graubuenden-2020-etwas-anders-als-gewohnt_Organisator.jpg","keywords":["Fachkongress\/Fachmesse","Management und Unternehmensf\u00fchrung","Startups","Unternehmen"],"articleSection":["MANAGEMENT"],"inLanguage":"en-US"},{"@type":"WebPage","@id":"https:\/\/www.organisator.ch\/management\/2020-06-05\/das-startup-forum-graubuenden-2020-etwas-anders-als-gewohnt\/","url":"https:\/\/www.organisator.ch\/management\/2020-06-05\/das-startup-forum-graubuenden-2020-etwas-anders-als-gewohnt\/","name":"The Startup Forum Graub\u00fcnden 2020 - a little different than usual - organizer","isPartOf":{"@id":"https:\/\/www.organisator.ch\/#website"},"primaryImageOfPage":{"@id":"https:\/\/www.organisator.ch\/management\/2020-06-05\/das-startup-forum-graubuenden-2020-etwas-anders-als-gewohnt\/#primaryimage"},"image":{"@id":"https:\/\/www.organisator.ch\/management\/2020-06-05\/das-startup-forum-graubuenden-2020-etwas-anders-als-gewohnt\/#primaryimage"},"thumbnailUrl":"https:\/\/www.organisator.ch\/wp-content\/uploads\/2020\/06\/Das-Startup-Forum-Graubuenden-2020-etwas-anders-als-gewohnt_Organisator.jpg","datePublished":"2020-06-05T10:01:27+00:00","description":"The organizers of this year's Startup Forum Graub\u00fcnden had the pleasure of welcoming over 200 guests digitally on June 02, 2020.","breadcrumb":{"@id":"https:\/\/www.organisator.ch\/management\/2020-06-05\/das-startup-forum-graubuenden-2020-etwas-anders-als-gewohnt\/#breadcrumb"},"inLanguage":"en-US","potentialAction":[{"@type":"ReadAction","target":["https:\/\/www.organisator.ch\/management\/2020-06-05\/das-startup-forum-graubuenden-2020-etwas-anders-als-gewohnt\/"]}]},{"@type":"ImageObject","inLanguage":"en-US","@id":"https:\/\/www.organisator.ch\/management\/2020-06-05\/das-startup-forum-graubuenden-2020-etwas-anders-als-gewohnt\/#primaryimage","url":"https:\/\/www.organisator.ch\/wp-content\/uploads\/2020\/06\/Das-Startup-Forum-Graubuenden-2020-etwas-anders-als-gewohnt_Organisator.jpg","contentUrl":"https:\/\/www.organisator.ch\/wp-content\/uploads\/2020\/06\/Das-Startup-Forum-Graubuenden-2020-etwas-anders-als-gewohnt_Organisator.jpg","width":680,"height":367,"caption":"Simon May im Podiumsinterview mit Pius Truffer. (Bild: zVg \/ Institut f\u00fcr Jungunternehmen)"},{"@type":"BreadcrumbList","@id":"https:\/\/www.organisator.ch\/management\/2020-06-05\/das-startup-forum-graubuenden-2020-etwas-anders-als-gewohnt\/#breadcrumb","itemListElement":[{"@type":"ListItem","position":1,"name":"Home","item":"https:\/\/www.organisator.ch\/"},{"@type":"ListItem","position":2,"name":"Das Startup Forum Graub\u00fcnden 2020 \u2013 etwas anders als gewohnt"}]},{"@type":"WebSite","@id":"https:\/\/www.organisator.ch\/#website","url":"https:\/\/www.organisator.ch\/","name":"Organizer","description":"Competent. Practical. In 10 issues per year, ORGANISATOR presents the essential topics for managers of SMEs.","publisher":{"@id":"https:\/\/www.organisator.ch\/#organization"},"potentialAction":[{"@type":"SearchAction","target":{"@type":"EntryPoint","urlTemplate":"https:\/\/www.organisator.ch\/?s={search_term_string}"},"query-input":{"@type":"PropertyValueSpecification","valueRequired":true,"valueName":"search_term_string"}}],"inLanguage":"en-US"},{"@type":"Organization","@id":"https:\/\/www.organisator.ch\/#organization","name":"Organizer","url":"https:\/\/www.organisator.ch\/","logo":{"@type":"ImageObject","inLanguage":"en-US","@id":"https:\/\/www.organisator.ch\/#\/schema\/logo\/image\/","url":"https:\/\/www.organisator.ch\/wp-content\/uploads\/2022\/01\/Logo_Organisator_Website.png","contentUrl":"https:\/\/www.organisator.ch\/wp-content\/uploads\/2022\/01\/Logo_Organisator_Website.png","width":800,"height":77,"caption":"Organisator"},"image":{"@id":"https:\/\/www.organisator.ch\/#\/schema\/logo\/image\/"},"sameAs":["https:\/\/www.facebook.com\/OrganisatorFachmagazin","https:\/\/www.linkedin.com\/showcase\/organisator-das-magazin-fr-kmu","https:\/\/www.xing.com\/news\/pages\/organisator-ch-695","https:\/\/www.youtube.com\/channel\/UCGP2Sq0iWaZwT3BdIAQFYpw"]},{"@type":"Person","@id":"https:\/\/www.organisator.ch\/#\/schema\/person\/6f650f90b2842cd4c0cc334b4e36f67e","name":"thomas.berner","image":{"@type":"ImageObject","inLanguage":"en-US","@id":"https:\/\/secure.gravatar.com\/avatar\/ac5001d2a36cb6c6cd3e50789007ffca834b477b74a2144564522e944eabff61?s=96&d=mm&r=g","url":"https:\/\/secure.gravatar.com\/avatar\/ac5001d2a36cb6c6cd3e50789007ffca834b477b74a2144564522e944eabff61?s=96&d=mm&r=g","contentUrl":"https:\/\/secure.gravatar.com\/avatar\/ac5001d2a36cb6c6cd3e50789007ffca834b477b74a2144564522e944eabff61?s=96&d=mm&r=g","caption":"thomas.berner"},"url":"https:\/\/www.organisator.ch\/en\/author\/thomas-berner\/"}]}},"_links":{"self":[{"href":"https:\/\/www.organisator.ch\/en\/wp-json\/wp\/v2\/posts\/6782","targetHints":{"allow":["GET"]}}],"collection":[{"href":"https:\/\/www.organisator.ch\/en\/wp-json\/wp\/v2\/posts"}],"about":[{"href":"https:\/\/www.organisator.ch\/en\/wp-json\/wp\/v2\/types\/post"}],"author":[{"embeddable":true,"href":"https:\/\/www.organisator.ch\/en\/wp-json\/wp\/v2\/users\/4"}],"replies":[{"embeddable":true,"href":"https:\/\/www.organisator.ch\/en\/wp-json\/wp\/v2\/comments?post=6782"}],"version-history":[{"count":0,"href":"https:\/\/www.organisator.ch\/en\/wp-json\/wp\/v2\/posts\/6782\/revisions"}],"wp:featuredmedia":[{"embeddable":true,"href":"https:\/\/www.organisator.ch\/en\/wp-json\/wp\/v2\/media\/6783"}],"wp:attachment":[{"href":"https:\/\/www.organisator.ch\/en\/wp-json\/wp\/v2\/media?parent=6782"}],"wp:term":[{"taxonomy":"category","embeddable":true,"href":"https:\/\/www.organisator.ch\/en\/wp-json\/wp\/v2\/categories?post=6782"},{"taxonomy":"post_tag","embeddable":true,"href":"https:\/\/www.organisator.ch\/en\/wp-json\/wp\/v2\/tags?post=6782"}],"curies":[{"name":"wp","href":"https:\/\/api.w.org\/{rel}","templated":true}]}}