{"id":6789,"date":"2020-06-09T08:21:42","date_gmt":"2020-06-09T06:21:42","guid":{"rendered":"https:\/\/www.organisator.ch\/?p=6789"},"modified":"2020-06-09T08:21:42","modified_gmt":"2020-06-09T06:21:42","slug":"messen-kongresse-vertrieb-nichts-ist-mehr-so-wie-frueher","status":"publish","type":"post","link":"https:\/\/www.organisator.ch\/en\/marketing\/2020-06-09\/messen-kongresse-vertrieb-nichts-ist-mehr-so-wie-frueher\/","title":{"rendered":"Trade fairs, congresses, sales: nothing is the same anymore"},"content":{"rendered":"<figure id=\"attachment_6790\" aria-describedby=\"caption-attachment-6790\" style=\"width: 680px\" class=\"wp-caption alignnone\"><img loading=\"lazy\" decoding=\"async\" class=\"size-medium wp-image-6790\" src=\"https:\/\/www.organisator.ch\/wp-content\/uploads\/2020\/06\/Messen-Kongresse-Vertrieb-Nichts-ist-mehr-so-wie-frueher_Organisator.jpg\" alt=\"\" width=\"680\" height=\"389\" srcset=\"https:\/\/www.organisator.ch\/wp-content\/uploads\/2020\/06\/Messen-Kongresse-Vertrieb-Nichts-ist-mehr-so-wie-frueher_Organisator.jpg 680w, https:\/\/www.organisator.ch\/wp-content\/uploads\/2020\/06\/Messen-Kongresse-Vertrieb-Nichts-ist-mehr-so-wie-frueher_Organisator-16x9.jpg 16w, https:\/\/www.organisator.ch\/wp-content\/uploads\/2020\/06\/Messen-Kongresse-Vertrieb-Nichts-ist-mehr-so-wie-frueher_Organisator-306x175.jpg 306w, https:\/\/www.organisator.ch\/wp-content\/uploads\/2020\/06\/Messen-Kongresse-Vertrieb-Nichts-ist-mehr-so-wie-frueher_Organisator-612x350.jpg 612w, https:\/\/www.organisator.ch\/wp-content\/uploads\/2020\/06\/Messen-Kongresse-Vertrieb-Nichts-ist-mehr-so-wie-frueher_Organisator-300x172.jpg 300w\" sizes=\"auto, (max-width: 680px) 100vw, 680px\" \/><figcaption id=\"caption-attachment-6790\" class=\"wp-caption-text\">The lockdown of the economy shows consequences: Trade shows, events, activities for sales - nothing will be the same. (Graphic: Contact-Center-Network)<\/figcaption><\/figure>\n<p>\"Lockdown and home office have led to a lasting and permanent change in our everyday business life,\" says Markus Grutzeck, Chairman of Contact Center Network e.V. (CCN), when presenting the results of a study conducted among German executives in May 2020. The most important result: business travel is also being significantly reduced in the long term. This has consequences for sales appointments as well as for trade fairs and congresses.<\/p>\n<h2><strong>In person or online - How do you keep it after Corona?<\/strong><\/h2>\n<p>Almost 70 percent of the executives surveyed from German companies want to reduce their own travel, while only 32 percent want to use public transport in the future. By contrast, 52 percent of respondents said that they would prefer to use their own car. The results are also clear when it comes to events: 67 percent of respondents plan to take part in online events, webinars or virtual trade fairs. Only one-third of respondents plan to attend face-to-face events organized by associations or industry trade shows. This is one of the reasons why the CCN recently announced its intention to develop its own future-proof digital event format.<\/p>\n<h2>Pessimism for sales<\/h2>\n<p>The assessment of sales appointments is also very clear: Only 14 percent of those surveyed assume that their own sales force will return to normal travel activities after the Corona crisis. According to their own statements, every tenth company intends to completely dispense with sales travel in the future, while half of the respondents will at least reduce their travel activities.<\/p>\n<p>The results are similar for in-house meetings and conferences. 57 percent of respondents aim to reduce face-to-face meetings. However, face-to-face exchanges are important. Only 10 percent of respondents can imagine holding exclusively online meetings in the future. The future will probably bring a hybrid meeting culture - with a mix of online and face-to-face meetings.<\/p>\n<h2>Involuntary digitization push<\/h2>\n<p>\"Companies, management and employees have experienced that digital communication works. For some, it was an involuntary digitalization push. But it's clear that digital has taken hold and will be a very important pillar for networking and information exchange, for collaboration and teamwork in the future,\" summarizes Grutzeck.<\/p>\n<p><em>Source and further information: <a href=\"https:\/\/contact-center-portal.de\/persoenlich-oder-online-wie-halten-sie-es-nach-corona\/\">Contact Center Network<\/a><\/em><\/p>","protected":false},"excerpt":{"rendered":"<p>\u201eLockdown und Homeoffice haben dazu gef\u00fchrt, dass sich unser gesch\u00e4ftlicher Alltag nachhaltig und dauerhaft ver\u00e4ndert\u201c, sagt Markus Grutzeck, Vorsitzender des Contact Center Network e.V. (CCN) bei der Pr\u00e4sentation der Ergebnisse einer im Mai 2020 durchgef\u00fchrten Studie unter deutschen F\u00fchrungskr\u00e4ften. Das wichtigste Ergebnis: Die gesch\u00e4ftliche Reiset\u00e4tigkeit wird auch langfristig deutlich reduziert. Das hat Folgen f\u00fcr vertriebliche [&hellip;]<\/p>\n","protected":false},"author":4,"featured_media":6790,"comment_status":"closed","ping_status":"closed","sticky":false,"template":"","format":"standard","meta":{"_acf_changed":false,"_yoast_wpseo_focuskw":"Vertrieb","_yoast_wpseo_metadesc":"Eine Studie des Contact Center Network erfasst wichtige Folgen der Corona-Pandemie f\u00fcr den Vertrieb: Bleibt alles wie zuvor oder wird alles anders?","articlekey":"","footnotes":""},"categories":[29],"tags":[132,347,459,512],"class_list":["post-6789","post","type-post","status-publish","format-standard","has-post-thumbnail","hentry","category-marketing","tag-coronavirus","tag-messen","tag-studie","tag-vertrieb"],"acf":[],"yoast_head":"<!-- This site is optimized with the Yoast SEO plugin v27.5 - https:\/\/yoast.com\/product\/yoast-seo-wordpress\/ -->\n<title>Messen, Kongresse, Vertrieb: Nichts ist mehr so wie fr\u00fcher - Organisator<\/title>\n<meta name=\"description\" content=\"Eine Studie des Contact Center Network erfasst wichtige Folgen der Corona-Pandemie f\u00fcr den Vertrieb: Bleibt alles wie zuvor oder wird alles anders?\" \/>\n<meta name=\"robots\" content=\"index, follow, max-snippet:-1, max-image-preview:large, max-video-preview:-1\" \/>\n<link rel=\"canonical\" href=\"https:\/\/www.organisator.ch\/en\/marketing\/2020-06-09\/messen-kongresse-vertrieb-nichts-ist-mehr-so-wie-frueher\/\" \/>\n<meta property=\"og:locale\" content=\"en_US\" \/>\n<meta property=\"og:type\" content=\"article\" \/>\n<meta property=\"og:title\" content=\"Messen, Kongresse, Vertrieb: Nichts ist mehr so wie fr\u00fcher\" \/>\n<meta property=\"og:description\" content=\"Eine Studie des Contact Center Network erfasst wichtige Folgen der Corona-Pandemie f\u00fcr den Vertrieb: Bleibt alles wie zuvor oder wird alles anders?\" \/>\n<meta property=\"og:url\" content=\"https:\/\/www.organisator.ch\/en\/marketing\/2020-06-09\/messen-kongresse-vertrieb-nichts-ist-mehr-so-wie-frueher\/\" \/>\n<meta property=\"og:site_name\" content=\"Organisator\" \/>\n<meta property=\"article:publisher\" content=\"https:\/\/www.facebook.com\/OrganisatorFachmagazin\" \/>\n<meta property=\"article:published_time\" content=\"2020-06-09T06:21:42+00:00\" \/>\n<meta property=\"og:image\" content=\"https:\/\/www.organisator.ch\/wp-content\/uploads\/2020\/06\/Messen-Kongresse-Vertrieb-Nichts-ist-mehr-so-wie-frueher_Organisator.jpg\" \/>\n\t<meta property=\"og:image:width\" content=\"680\" \/>\n\t<meta property=\"og:image:height\" content=\"389\" \/>\n\t<meta property=\"og:image:type\" content=\"image\/jpeg\" \/>\n<meta name=\"author\" content=\"thomas.berner\" \/>\n<meta name=\"twitter:card\" content=\"summary_large_image\" \/>\n<meta name=\"twitter:title\" content=\"#Messen, #Kongresse, #Vertrieb: Nichts ist mehr so wie fr\u00fcher\" \/>\n<meta name=\"twitter:description\" content=\"Eine Studie des Contact Center Network erfasst wichtige Folgen der #Corona-Pandemie f\u00fcr den Vertrieb: Bleibt alles wie zuvor oder wird alles anders?\" \/>\n<meta name=\"twitter:image\" content=\"https:\/\/www.organisator.ch\/wp-content\/uploads\/2020\/06\/Messen-Kongresse-Vertrieb-Nichts-ist-mehr-so-wie-frueher_Organisator.jpg\" \/>\n<script type=\"application\/ld+json\" class=\"yoast-schema-graph\">{\"@context\":\"https:\\\/\\\/schema.org\",\"@graph\":[{\"@type\":\"Article\",\"@id\":\"https:\\\/\\\/www.organisator.ch\\\/marketing\\\/2020-06-09\\\/messen-kongresse-vertrieb-nichts-ist-mehr-so-wie-frueher\\\/#article\",\"isPartOf\":{\"@id\":\"https:\\\/\\\/www.organisator.ch\\\/marketing\\\/2020-06-09\\\/messen-kongresse-vertrieb-nichts-ist-mehr-so-wie-frueher\\\/\"},\"author\":{\"name\":\"thomas.berner\",\"@id\":\"https:\\\/\\\/www.organisator.ch\\\/#\\\/schema\\\/person\\\/6f650f90b2842cd4c0cc334b4e36f67e\"},\"headline\":\"Messen, Kongresse, Vertrieb: Nichts ist mehr so wie fr\u00fcher\",\"datePublished\":\"2020-06-09T06:21:42+00:00\",\"mainEntityOfPage\":{\"@id\":\"https:\\\/\\\/www.organisator.ch\\\/marketing\\\/2020-06-09\\\/messen-kongresse-vertrieb-nichts-ist-mehr-so-wie-frueher\\\/\"},\"wordCount\":401,\"publisher\":{\"@id\":\"https:\\\/\\\/www.organisator.ch\\\/#organization\"},\"image\":{\"@id\":\"https:\\\/\\\/www.organisator.ch\\\/marketing\\\/2020-06-09\\\/messen-kongresse-vertrieb-nichts-ist-mehr-so-wie-frueher\\\/#primaryimage\"},\"thumbnailUrl\":\"https:\\\/\\\/www.organisator.ch\\\/wp-content\\\/uploads\\\/2020\\\/06\\\/Messen-Kongresse-Vertrieb-Nichts-ist-mehr-so-wie-frueher_Organisator.jpg\",\"keywords\":[\"Coronavirus\",\"Messen\",\"Studie\",\"Vertrieb\"],\"articleSection\":[\"MARKETING\"],\"inLanguage\":\"en-US\"},{\"@type\":\"WebPage\",\"@id\":\"https:\\\/\\\/www.organisator.ch\\\/marketing\\\/2020-06-09\\\/messen-kongresse-vertrieb-nichts-ist-mehr-so-wie-frueher\\\/\",\"url\":\"https:\\\/\\\/www.organisator.ch\\\/marketing\\\/2020-06-09\\\/messen-kongresse-vertrieb-nichts-ist-mehr-so-wie-frueher\\\/\",\"name\":\"Messen, Kongresse, Vertrieb: Nichts ist mehr so wie fr\u00fcher - Organisator\",\"isPartOf\":{\"@id\":\"https:\\\/\\\/www.organisator.ch\\\/#website\"},\"primaryImageOfPage\":{\"@id\":\"https:\\\/\\\/www.organisator.ch\\\/marketing\\\/2020-06-09\\\/messen-kongresse-vertrieb-nichts-ist-mehr-so-wie-frueher\\\/#primaryimage\"},\"image\":{\"@id\":\"https:\\\/\\\/www.organisator.ch\\\/marketing\\\/2020-06-09\\\/messen-kongresse-vertrieb-nichts-ist-mehr-so-wie-frueher\\\/#primaryimage\"},\"thumbnailUrl\":\"https:\\\/\\\/www.organisator.ch\\\/wp-content\\\/uploads\\\/2020\\\/06\\\/Messen-Kongresse-Vertrieb-Nichts-ist-mehr-so-wie-frueher_Organisator.jpg\",\"datePublished\":\"2020-06-09T06:21:42+00:00\",\"description\":\"Eine Studie des Contact Center Network erfasst wichtige Folgen der Corona-Pandemie f\u00fcr den Vertrieb: Bleibt alles wie zuvor oder wird alles anders?\",\"breadcrumb\":{\"@id\":\"https:\\\/\\\/www.organisator.ch\\\/marketing\\\/2020-06-09\\\/messen-kongresse-vertrieb-nichts-ist-mehr-so-wie-frueher\\\/#breadcrumb\"},\"inLanguage\":\"en-US\",\"potentialAction\":[{\"@type\":\"ReadAction\",\"target\":[\"https:\\\/\\\/www.organisator.ch\\\/marketing\\\/2020-06-09\\\/messen-kongresse-vertrieb-nichts-ist-mehr-so-wie-frueher\\\/\"]}]},{\"@type\":\"ImageObject\",\"inLanguage\":\"en-US\",\"@id\":\"https:\\\/\\\/www.organisator.ch\\\/marketing\\\/2020-06-09\\\/messen-kongresse-vertrieb-nichts-ist-mehr-so-wie-frueher\\\/#primaryimage\",\"url\":\"https:\\\/\\\/www.organisator.ch\\\/wp-content\\\/uploads\\\/2020\\\/06\\\/Messen-Kongresse-Vertrieb-Nichts-ist-mehr-so-wie-frueher_Organisator.jpg\",\"contentUrl\":\"https:\\\/\\\/www.organisator.ch\\\/wp-content\\\/uploads\\\/2020\\\/06\\\/Messen-Kongresse-Vertrieb-Nichts-ist-mehr-so-wie-frueher_Organisator.jpg\",\"width\":680,\"height\":389,\"caption\":\"Der Lockdown der Wirtschaft zeigt Folgen: Messen, Veranstaltungen, Aktivit\u00e4ten f\u00fcr den Vertrieb - nichts wird mehr so sein wie zuvor. (Grafik: Contact-Center-Network)\"},{\"@type\":\"BreadcrumbList\",\"@id\":\"https:\\\/\\\/www.organisator.ch\\\/marketing\\\/2020-06-09\\\/messen-kongresse-vertrieb-nichts-ist-mehr-so-wie-frueher\\\/#breadcrumb\",\"itemListElement\":[{\"@type\":\"ListItem\",\"position\":1,\"name\":\"Home\",\"item\":\"https:\\\/\\\/www.organisator.ch\\\/\"},{\"@type\":\"ListItem\",\"position\":2,\"name\":\"Messen, Kongresse, Vertrieb: Nichts ist mehr so wie fr\u00fcher\"}]},{\"@type\":\"WebSite\",\"@id\":\"https:\\\/\\\/www.organisator.ch\\\/#website\",\"url\":\"https:\\\/\\\/www.organisator.ch\\\/\",\"name\":\"Organisator\",\"description\":\"Kompetent. Praxisnah. Der ORGANISATOR bereitet in 10 Ausgaben pro Jahr die wesentlichen Themen f\u00fcr F\u00fchrungskr\u00e4fte von KMU auf.\",\"publisher\":{\"@id\":\"https:\\\/\\\/www.organisator.ch\\\/#organization\"},\"potentialAction\":[{\"@type\":\"SearchAction\",\"target\":{\"@type\":\"EntryPoint\",\"urlTemplate\":\"https:\\\/\\\/www.organisator.ch\\\/?s={search_term_string}\"},\"query-input\":{\"@type\":\"PropertyValueSpecification\",\"valueRequired\":true,\"valueName\":\"search_term_string\"}}],\"inLanguage\":\"en-US\"},{\"@type\":\"Organization\",\"@id\":\"https:\\\/\\\/www.organisator.ch\\\/#organization\",\"name\":\"Organisator\",\"url\":\"https:\\\/\\\/www.organisator.ch\\\/\",\"logo\":{\"@type\":\"ImageObject\",\"inLanguage\":\"en-US\",\"@id\":\"https:\\\/\\\/www.organisator.ch\\\/#\\\/schema\\\/logo\\\/image\\\/\",\"url\":\"https:\\\/\\\/www.organisator.ch\\\/wp-content\\\/uploads\\\/2022\\\/01\\\/Logo_Organisator_Website.png\",\"contentUrl\":\"https:\\\/\\\/www.organisator.ch\\\/wp-content\\\/uploads\\\/2022\\\/01\\\/Logo_Organisator_Website.png\",\"width\":800,\"height\":77,\"caption\":\"Organisator\"},\"image\":{\"@id\":\"https:\\\/\\\/www.organisator.ch\\\/#\\\/schema\\\/logo\\\/image\\\/\"},\"sameAs\":[\"https:\\\/\\\/www.facebook.com\\\/OrganisatorFachmagazin\",\"https:\\\/\\\/www.linkedin.com\\\/showcase\\\/organisator-das-magazin-fr-kmu\",\"https:\\\/\\\/www.xing.com\\\/news\\\/pages\\\/organisator-ch-695\",\"https:\\\/\\\/www.youtube.com\\\/channel\\\/UCGP2Sq0iWaZwT3BdIAQFYpw\"]},{\"@type\":\"Person\",\"@id\":\"https:\\\/\\\/www.organisator.ch\\\/#\\\/schema\\\/person\\\/6f650f90b2842cd4c0cc334b4e36f67e\",\"name\":\"thomas.berner\",\"image\":{\"@type\":\"ImageObject\",\"inLanguage\":\"en-US\",\"@id\":\"https:\\\/\\\/secure.gravatar.com\\\/avatar\\\/ac5001d2a36cb6c6cd3e50789007ffca834b477b74a2144564522e944eabff61?s=96&d=mm&r=g\",\"url\":\"https:\\\/\\\/secure.gravatar.com\\\/avatar\\\/ac5001d2a36cb6c6cd3e50789007ffca834b477b74a2144564522e944eabff61?s=96&d=mm&r=g\",\"contentUrl\":\"https:\\\/\\\/secure.gravatar.com\\\/avatar\\\/ac5001d2a36cb6c6cd3e50789007ffca834b477b74a2144564522e944eabff61?s=96&d=mm&r=g\",\"caption\":\"thomas.berner\"},\"url\":\"https:\\\/\\\/www.organisator.ch\\\/en\\\/author\\\/thomas-berner\\\/\"}]}<\/script>\n<!-- \/ Yoast SEO plugin. -->","yoast_head_json":{"title":"Trade fairs, congresses, sales: nothing is the same anymore - Organizer","description":"A study by the Contact Center Network captures important consequences of the Corona pandemic for sales: Will everything remain as before or will everything change?","robots":{"index":"index","follow":"follow","max-snippet":"max-snippet:-1","max-image-preview":"max-image-preview:large","max-video-preview":"max-video-preview:-1"},"canonical":"https:\/\/www.organisator.ch\/en\/marketing\/2020-06-09\/messen-kongresse-vertrieb-nichts-ist-mehr-so-wie-frueher\/","og_locale":"en_US","og_type":"article","og_title":"Messen, Kongresse, Vertrieb: Nichts ist mehr so wie fr\u00fcher","og_description":"Eine Studie des Contact Center Network erfasst wichtige Folgen der Corona-Pandemie f\u00fcr den Vertrieb: Bleibt alles wie zuvor oder wird alles anders?","og_url":"https:\/\/www.organisator.ch\/en\/marketing\/2020-06-09\/messen-kongresse-vertrieb-nichts-ist-mehr-so-wie-frueher\/","og_site_name":"Organisator","article_publisher":"https:\/\/www.facebook.com\/OrganisatorFachmagazin","article_published_time":"2020-06-09T06:21:42+00:00","og_image":[{"width":680,"height":389,"url":"https:\/\/www.organisator.ch\/wp-content\/uploads\/2020\/06\/Messen-Kongresse-Vertrieb-Nichts-ist-mehr-so-wie-frueher_Organisator.jpg","type":"image\/jpeg"}],"author":"thomas.berner","twitter_card":"summary_large_image","twitter_title":"#Messen, #Kongresse, #Vertrieb: Nichts ist mehr so wie fr\u00fcher","twitter_description":"Eine Studie des Contact Center Network erfasst wichtige Folgen der #Corona-Pandemie f\u00fcr den Vertrieb: Bleibt alles wie zuvor oder wird alles anders?","twitter_image":"https:\/\/www.organisator.ch\/wp-content\/uploads\/2020\/06\/Messen-Kongresse-Vertrieb-Nichts-ist-mehr-so-wie-frueher_Organisator.jpg","schema":{"@context":"https:\/\/schema.org","@graph":[{"@type":"Article","@id":"https:\/\/www.organisator.ch\/marketing\/2020-06-09\/messen-kongresse-vertrieb-nichts-ist-mehr-so-wie-frueher\/#article","isPartOf":{"@id":"https:\/\/www.organisator.ch\/marketing\/2020-06-09\/messen-kongresse-vertrieb-nichts-ist-mehr-so-wie-frueher\/"},"author":{"name":"thomas.berner","@id":"https:\/\/www.organisator.ch\/#\/schema\/person\/6f650f90b2842cd4c0cc334b4e36f67e"},"headline":"Messen, Kongresse, Vertrieb: Nichts ist mehr so wie fr\u00fcher","datePublished":"2020-06-09T06:21:42+00:00","mainEntityOfPage":{"@id":"https:\/\/www.organisator.ch\/marketing\/2020-06-09\/messen-kongresse-vertrieb-nichts-ist-mehr-so-wie-frueher\/"},"wordCount":401,"publisher":{"@id":"https:\/\/www.organisator.ch\/#organization"},"image":{"@id":"https:\/\/www.organisator.ch\/marketing\/2020-06-09\/messen-kongresse-vertrieb-nichts-ist-mehr-so-wie-frueher\/#primaryimage"},"thumbnailUrl":"https:\/\/www.organisator.ch\/wp-content\/uploads\/2020\/06\/Messen-Kongresse-Vertrieb-Nichts-ist-mehr-so-wie-frueher_Organisator.jpg","keywords":["Coronavirus","Messen","Studie","Vertrieb"],"articleSection":["MARKETING"],"inLanguage":"en-US"},{"@type":"WebPage","@id":"https:\/\/www.organisator.ch\/marketing\/2020-06-09\/messen-kongresse-vertrieb-nichts-ist-mehr-so-wie-frueher\/","url":"https:\/\/www.organisator.ch\/marketing\/2020-06-09\/messen-kongresse-vertrieb-nichts-ist-mehr-so-wie-frueher\/","name":"Trade fairs, congresses, sales: nothing is the same anymore - Organizer","isPartOf":{"@id":"https:\/\/www.organisator.ch\/#website"},"primaryImageOfPage":{"@id":"https:\/\/www.organisator.ch\/marketing\/2020-06-09\/messen-kongresse-vertrieb-nichts-ist-mehr-so-wie-frueher\/#primaryimage"},"image":{"@id":"https:\/\/www.organisator.ch\/marketing\/2020-06-09\/messen-kongresse-vertrieb-nichts-ist-mehr-so-wie-frueher\/#primaryimage"},"thumbnailUrl":"https:\/\/www.organisator.ch\/wp-content\/uploads\/2020\/06\/Messen-Kongresse-Vertrieb-Nichts-ist-mehr-so-wie-frueher_Organisator.jpg","datePublished":"2020-06-09T06:21:42+00:00","description":"A study by the Contact Center Network captures important consequences of the Corona pandemic for sales: Will everything remain as before or will everything change?","breadcrumb":{"@id":"https:\/\/www.organisator.ch\/marketing\/2020-06-09\/messen-kongresse-vertrieb-nichts-ist-mehr-so-wie-frueher\/#breadcrumb"},"inLanguage":"en-US","potentialAction":[{"@type":"ReadAction","target":["https:\/\/www.organisator.ch\/marketing\/2020-06-09\/messen-kongresse-vertrieb-nichts-ist-mehr-so-wie-frueher\/"]}]},{"@type":"ImageObject","inLanguage":"en-US","@id":"https:\/\/www.organisator.ch\/marketing\/2020-06-09\/messen-kongresse-vertrieb-nichts-ist-mehr-so-wie-frueher\/#primaryimage","url":"https:\/\/www.organisator.ch\/wp-content\/uploads\/2020\/06\/Messen-Kongresse-Vertrieb-Nichts-ist-mehr-so-wie-frueher_Organisator.jpg","contentUrl":"https:\/\/www.organisator.ch\/wp-content\/uploads\/2020\/06\/Messen-Kongresse-Vertrieb-Nichts-ist-mehr-so-wie-frueher_Organisator.jpg","width":680,"height":389,"caption":"Der Lockdown der Wirtschaft zeigt Folgen: Messen, Veranstaltungen, Aktivit\u00e4ten f\u00fcr den Vertrieb - nichts wird mehr so sein wie zuvor. (Grafik: Contact-Center-Network)"},{"@type":"BreadcrumbList","@id":"https:\/\/www.organisator.ch\/marketing\/2020-06-09\/messen-kongresse-vertrieb-nichts-ist-mehr-so-wie-frueher\/#breadcrumb","itemListElement":[{"@type":"ListItem","position":1,"name":"Home","item":"https:\/\/www.organisator.ch\/"},{"@type":"ListItem","position":2,"name":"Messen, Kongresse, Vertrieb: Nichts ist mehr so wie fr\u00fcher"}]},{"@type":"WebSite","@id":"https:\/\/www.organisator.ch\/#website","url":"https:\/\/www.organisator.ch\/","name":"Organizer","description":"Competent. Practical. In 10 issues per year, ORGANISATOR presents the essential topics for managers of SMEs.","publisher":{"@id":"https:\/\/www.organisator.ch\/#organization"},"potentialAction":[{"@type":"SearchAction","target":{"@type":"EntryPoint","urlTemplate":"https:\/\/www.organisator.ch\/?s={search_term_string}"},"query-input":{"@type":"PropertyValueSpecification","valueRequired":true,"valueName":"search_term_string"}}],"inLanguage":"en-US"},{"@type":"Organization","@id":"https:\/\/www.organisator.ch\/#organization","name":"Organizer","url":"https:\/\/www.organisator.ch\/","logo":{"@type":"ImageObject","inLanguage":"en-US","@id":"https:\/\/www.organisator.ch\/#\/schema\/logo\/image\/","url":"https:\/\/www.organisator.ch\/wp-content\/uploads\/2022\/01\/Logo_Organisator_Website.png","contentUrl":"https:\/\/www.organisator.ch\/wp-content\/uploads\/2022\/01\/Logo_Organisator_Website.png","width":800,"height":77,"caption":"Organisator"},"image":{"@id":"https:\/\/www.organisator.ch\/#\/schema\/logo\/image\/"},"sameAs":["https:\/\/www.facebook.com\/OrganisatorFachmagazin","https:\/\/www.linkedin.com\/showcase\/organisator-das-magazin-fr-kmu","https:\/\/www.xing.com\/news\/pages\/organisator-ch-695","https:\/\/www.youtube.com\/channel\/UCGP2Sq0iWaZwT3BdIAQFYpw"]},{"@type":"Person","@id":"https:\/\/www.organisator.ch\/#\/schema\/person\/6f650f90b2842cd4c0cc334b4e36f67e","name":"thomas.berner","image":{"@type":"ImageObject","inLanguage":"en-US","@id":"https:\/\/secure.gravatar.com\/avatar\/ac5001d2a36cb6c6cd3e50789007ffca834b477b74a2144564522e944eabff61?s=96&d=mm&r=g","url":"https:\/\/secure.gravatar.com\/avatar\/ac5001d2a36cb6c6cd3e50789007ffca834b477b74a2144564522e944eabff61?s=96&d=mm&r=g","contentUrl":"https:\/\/secure.gravatar.com\/avatar\/ac5001d2a36cb6c6cd3e50789007ffca834b477b74a2144564522e944eabff61?s=96&d=mm&r=g","caption":"thomas.berner"},"url":"https:\/\/www.organisator.ch\/en\/author\/thomas-berner\/"}]}},"_links":{"self":[{"href":"https:\/\/www.organisator.ch\/en\/wp-json\/wp\/v2\/posts\/6789","targetHints":{"allow":["GET"]}}],"collection":[{"href":"https:\/\/www.organisator.ch\/en\/wp-json\/wp\/v2\/posts"}],"about":[{"href":"https:\/\/www.organisator.ch\/en\/wp-json\/wp\/v2\/types\/post"}],"author":[{"embeddable":true,"href":"https:\/\/www.organisator.ch\/en\/wp-json\/wp\/v2\/users\/4"}],"replies":[{"embeddable":true,"href":"https:\/\/www.organisator.ch\/en\/wp-json\/wp\/v2\/comments?post=6789"}],"version-history":[{"count":0,"href":"https:\/\/www.organisator.ch\/en\/wp-json\/wp\/v2\/posts\/6789\/revisions"}],"wp:featuredmedia":[{"embeddable":true,"href":"https:\/\/www.organisator.ch\/en\/wp-json\/wp\/v2\/media\/6790"}],"wp:attachment":[{"href":"https:\/\/www.organisator.ch\/en\/wp-json\/wp\/v2\/media?parent=6789"}],"wp:term":[{"taxonomy":"category","embeddable":true,"href":"https:\/\/www.organisator.ch\/en\/wp-json\/wp\/v2\/categories?post=6789"},{"taxonomy":"post_tag","embeddable":true,"href":"https:\/\/www.organisator.ch\/en\/wp-json\/wp\/v2\/tags?post=6789"}],"curies":[{"name":"wp","href":"https:\/\/api.w.org\/{rel}","templated":true}]}}