{"id":6796,"date":"2020-06-11T10:54:39","date_gmt":"2020-06-11T08:54:39","guid":{"rendered":"https:\/\/www.organisator.ch\/?p=6796"},"modified":"2020-06-11T10:54:39","modified_gmt":"2020-06-11T08:54:39","slug":"inspirierende-speed-speeches-am-jubilaeums-business-talk-von-rb-ruettimann-consulting","status":"publish","type":"post","link":"https:\/\/www.organisator.ch\/en\/marketing\/2020-06-11\/inspirierende-speed-speeches-am-jubilaeums-business-talk-von-rb-ruettimann-consulting\/","title":{"rendered":"Inspiring \"Speed Speeches\" at the Anniversary Business Talk of rb R\u00fcttimann Consulting"},"content":{"rendered":"<figure id=\"attachment_6798\" aria-describedby=\"caption-attachment-6798\" style=\"width: 680px\" class=\"wp-caption alignnone\"><img loading=\"lazy\" decoding=\"async\" class=\"size-medium wp-image-6798\" src=\"https:\/\/www.organisator.ch\/wp-content\/uploads\/2020\/06\/Inspirierende-Speed-Speeches-am-Jubilaeums-Business-Talk-von-rb-Ruettimann-Consulting_Organisator.jpg\" alt=\"\" width=\"680\" height=\"451\" srcset=\"https:\/\/www.organisator.ch\/wp-content\/uploads\/2020\/06\/Inspirierende-Speed-Speeches-am-Jubilaeums-Business-Talk-von-rb-Ruettimann-Consulting_Organisator.jpg 680w, https:\/\/www.organisator.ch\/wp-content\/uploads\/2020\/06\/Inspirierende-Speed-Speeches-am-Jubilaeums-Business-Talk-von-rb-Ruettimann-Consulting_Organisator-16x12.jpg 16w, https:\/\/www.organisator.ch\/wp-content\/uploads\/2020\/06\/Inspirierende-Speed-Speeches-am-Jubilaeums-Business-Talk-von-rb-Ruettimann-Consulting_Organisator-264x175.jpg 264w, https:\/\/www.organisator.ch\/wp-content\/uploads\/2020\/06\/Inspirierende-Speed-Speeches-am-Jubilaeums-Business-Talk-von-rb-Ruettimann-Consulting_Organisator-528x350.jpg 528w, https:\/\/www.organisator.ch\/wp-content\/uploads\/2020\/06\/Inspirierende-Speed-Speeches-am-Jubilaeums-Business-Talk-von-rb-Ruettimann-Consulting_Organisator-300x199.jpg 300w\" sizes=\"auto, (max-width: 680px) 100vw, 680px\" \/><figcaption id=\"caption-attachment-6798\" class=\"wp-caption-text\">Barbara R\u00fcttimann of rb R\u00fcttimann Consulting (far left) with the speakers of the anniversary event (from left to right): Stephan Peyer, Thomas Schreiber, Helena Trachsel, Peter Ac\u00e9l, Anna Grassler and Oliver Hauri. (Photo: Linda Pollari)<\/figcaption><\/figure>\n<p>After several weeks of lockdown due to Covid-19, smaller social events have finally been possible again since May. At the anniversary event of rb R\u00fcttimann Consulting, the relaxation among the guests was palpable: Finally, people were allowed to diligently network in person again, even if some restrictions in the form of physical distancing still had to be observed.<\/p>\n<h2>\"Speed Speeches\" - also in rhymed form<\/h2>\n<p>Nevertheless: Barbara R\u00fcttimann believed in the realization of the event until the very end, and the partners and sponsors also remained on board. The result: an exciting event format with short speeches in \"slam poetry style\". Six speakers each had ten minutes to give the guests some inspiring impulses on various business topics. The first speaker was Stephan Peyer, CEO of hauser &amp; partner. He dedicated his speech - partly even in rhymed form - to the topic of live marketing. The customer journey has become complex, and digitization has virtually become the \"enemy\" of live marketing. But digitization also helps to pick up customers. But the communication of the future will still be live, according to Stephan Peyer's credo, as long as a clear message can be packaged in clever storytelling.<\/p>\n<h2>From Agile Leadership to Good Food at Work<\/h2>\n<p>Dr. Peter Ac\u00e9l, owner of Dr. Ac\u00e9l &amp; Partner, spoke on \"Agile Leadership\" and emphasized that this is more than just a buzzword, but requires a new corporate culture and a new understanding of leadership. Helena Trachsel, Head of the Equality Office of the Canton of Zurich, called for more encounters with respect - free of stereotypes - and Oliver Hauri, CEO of Haworth Switzerland, asked why returning from the home office to the traditional office is so valuable. People want to be able to physically meet their colleagues again. \"The office of the future should then also be a meeting platform,\" Hauri said. Anna Grassler from Felfel then presented the \"Good Food at Work\" concept, of which all participants received a tasty sample at the end. And Thomas Schreiber from atool Architekten gave an insight into sustainable building with an example of a fa\u00e7ade greening.<\/p>\n<h2>Insight into the rich portfolio of rb R\u00fcttimann Consulting<\/h2>\n<p>Conclusion of the event: The selection of speakers and the guests present showed a cross-section of the variety of topics Barbara R\u00fcttimann covers with her communications and marketing consultancy. Since 2000, her clientele has included clients from SMEs and large companies in various industries. Over the years, she has also been a TV presenter, a contributor to various publications - she regularly writes columns for the print editions of ORGANISATOR - and a real estate consultant. The format of this anniversary event with \"speed speeches\" and culinary accompaniment could well set a precedent for other events.<\/p>\n<p><em>More information: <a href=\"https:\/\/www.rbconsulting.info\/\">www.rbconsulting.info\/<\/a><\/em><\/p>","protected":false},"excerpt":{"rendered":"<p>Nach dem mehrw\u00f6chigen Lockdown infolge von Covid-19 sind seit Mai endlich wieder kleinere gesellschaftliche Anl\u00e4sse m\u00f6glich. Am Jubil\u00e4umsanlass von rb R\u00fcttimann Consulting war die Entspannung unter den G\u00e4sten sp\u00fcrbar: Endlich durfte wieder fleissig pers\u00f6nlich genetzwerkt werden, auch wenn immer noch einige Einschr\u00e4nkungen in Form von Physical Distancing eingehalten werden mussten. &#8222;Speed Speeches&#8220; &#8211; auch in [&hellip;]<\/p>\n","protected":false},"author":4,"featured_media":6798,"comment_status":"closed","ping_status":"closed","sticky":false,"template":"","format":"standard","meta":{"_acf_changed":false,"_yoast_wpseo_focuskw":"rb R\u00fcttimann","_yoast_wpseo_metadesc":"Im Juni 2000 startete die Kleinagentur rb R\u00fcttimann Consulting ihre T\u00e4tigkeit. Inhaberin und Gesch\u00e4ftsf\u00fchrerin Barbara R\u00fcttimann lud nun zum Jubil\u00e4um ein.","articlekey":"","footnotes":""},"categories":[29],"tags":[186,206,339,492],"class_list":["post-6796","post","type-post","status-publish","format-standard","has-post-thumbnail","hentry","category-marketing","tag-event","tag-firmenjubilaeum","tag-marketing","tag-unternehmen"],"acf":[],"yoast_head":"<!-- This site is optimized with the Yoast SEO plugin v27.5 - https:\/\/yoast.com\/product\/yoast-seo-wordpress\/ -->\n<title>Inspirierende &quot;Speed Speeches&quot; am Jubil\u00e4ums-Business-Talk von rb R\u00fcttimann Consulting - Organisator<\/title>\n<meta name=\"description\" content=\"Im Juni 2000 startete die Kleinagentur rb R\u00fcttimann Consulting ihre T\u00e4tigkeit. Inhaberin und Gesch\u00e4ftsf\u00fchrerin Barbara R\u00fcttimann lud nun zum Jubil\u00e4um ein.\" \/>\n<meta name=\"robots\" content=\"index, follow, max-snippet:-1, max-image-preview:large, max-video-preview:-1\" \/>\n<link rel=\"canonical\" href=\"https:\/\/www.organisator.ch\/en\/marketing\/2020-06-11\/inspirierende-speed-speeches-am-jubilaeums-business-talk-von-rb-ruettimann-consulting\/\" \/>\n<meta property=\"og:locale\" content=\"en_US\" \/>\n<meta property=\"og:type\" content=\"article\" \/>\n<meta property=\"og:title\" content=\"Inspirierende &quot;Speed Speeches&quot; am Jubil\u00e4ums-Business-Talk von rb R\u00fcttimann Consulting\" \/>\n<meta property=\"og:description\" content=\"Im Juni 2000 startete die Kleinagentur rb R\u00fcttimann Consulting ihre T\u00e4tigkeit. Inhaberin und Gesch\u00e4ftsf\u00fchrerin Barbara R\u00fcttimann lud nun zum Jubil\u00e4um ein.\" \/>\n<meta property=\"og:url\" content=\"https:\/\/www.organisator.ch\/en\/marketing\/2020-06-11\/inspirierende-speed-speeches-am-jubilaeums-business-talk-von-rb-ruettimann-consulting\/\" \/>\n<meta property=\"og:site_name\" content=\"Organisator\" \/>\n<meta property=\"article:publisher\" content=\"https:\/\/www.facebook.com\/OrganisatorFachmagazin\" \/>\n<meta property=\"article:published_time\" content=\"2020-06-11T08:54:39+00:00\" \/>\n<meta property=\"og:image\" content=\"https:\/\/www.organisator.ch\/wp-content\/uploads\/2020\/06\/Inspirierende-Speed-Speeches-am-Jubilaeums-Business-Talk-von-rb-Ruettimann-Consulting_Organisator.jpg\" \/>\n\t<meta property=\"og:image:width\" content=\"680\" \/>\n\t<meta property=\"og:image:height\" content=\"451\" \/>\n\t<meta property=\"og:image:type\" content=\"image\/jpeg\" \/>\n<meta name=\"author\" content=\"thomas.berner\" \/>\n<meta name=\"twitter:card\" content=\"summary_large_image\" \/>\n<meta name=\"twitter:title\" content=\"Inspirierende &quot;Speed Speeches&quot; am #Jubil\u00e4ums-Business-Talk von rb #R\u00fcttimann Consulting\" \/>\n<meta name=\"twitter:description\" content=\"Im Juni 2000 startete die #Kleinagentur rb #R\u00fcttimann Consulting ihre T\u00e4tigkeit. Inhaberin und Gesch\u00e4ftsf\u00fchrerin Barbara R\u00fcttimann lud nun zum Jubil\u00e4um ein.\" \/>\n<meta name=\"twitter:image\" content=\"https:\/\/www.organisator.ch\/wp-content\/uploads\/2020\/06\/Inspirierende-Speed-Speeches-am-Jubilaeums-Business-Talk-von-rb-Ruettimann-Consulting_Organisator.jpg\" \/>\n<script type=\"application\/ld+json\" class=\"yoast-schema-graph\">{\"@context\":\"https:\\\/\\\/schema.org\",\"@graph\":[{\"@type\":\"Article\",\"@id\":\"https:\\\/\\\/www.organisator.ch\\\/marketing\\\/2020-06-11\\\/inspirierende-speed-speeches-am-jubilaeums-business-talk-von-rb-ruettimann-consulting\\\/#article\",\"isPartOf\":{\"@id\":\"https:\\\/\\\/www.organisator.ch\\\/marketing\\\/2020-06-11\\\/inspirierende-speed-speeches-am-jubilaeums-business-talk-von-rb-ruettimann-consulting\\\/\"},\"author\":{\"name\":\"thomas.berner\",\"@id\":\"https:\\\/\\\/www.organisator.ch\\\/#\\\/schema\\\/person\\\/6f650f90b2842cd4c0cc334b4e36f67e\"},\"headline\":\"Inspirierende &#8222;Speed Speeches&#8220; am Jubil\u00e4ums-Business-Talk von rb R\u00fcttimann Consulting\",\"datePublished\":\"2020-06-11T08:54:39+00:00\",\"mainEntityOfPage\":{\"@id\":\"https:\\\/\\\/www.organisator.ch\\\/marketing\\\/2020-06-11\\\/inspirierende-speed-speeches-am-jubilaeums-business-talk-von-rb-ruettimann-consulting\\\/\"},\"wordCount\":498,\"publisher\":{\"@id\":\"https:\\\/\\\/www.organisator.ch\\\/#organization\"},\"image\":{\"@id\":\"https:\\\/\\\/www.organisator.ch\\\/marketing\\\/2020-06-11\\\/inspirierende-speed-speeches-am-jubilaeums-business-talk-von-rb-ruettimann-consulting\\\/#primaryimage\"},\"thumbnailUrl\":\"https:\\\/\\\/www.organisator.ch\\\/wp-content\\\/uploads\\\/2020\\\/06\\\/Inspirierende-Speed-Speeches-am-Jubilaeums-Business-Talk-von-rb-Ruettimann-Consulting_Organisator.jpg\",\"keywords\":[\"Event\",\"Firmenjubil\u00e4um\",\"Marketing\",\"Unternehmen\"],\"articleSection\":[\"MARKETING\"],\"inLanguage\":\"en-US\"},{\"@type\":\"WebPage\",\"@id\":\"https:\\\/\\\/www.organisator.ch\\\/marketing\\\/2020-06-11\\\/inspirierende-speed-speeches-am-jubilaeums-business-talk-von-rb-ruettimann-consulting\\\/\",\"url\":\"https:\\\/\\\/www.organisator.ch\\\/marketing\\\/2020-06-11\\\/inspirierende-speed-speeches-am-jubilaeums-business-talk-von-rb-ruettimann-consulting\\\/\",\"name\":\"Inspirierende \\\"Speed Speeches\\\" am Jubil\u00e4ums-Business-Talk von rb R\u00fcttimann Consulting - Organisator\",\"isPartOf\":{\"@id\":\"https:\\\/\\\/www.organisator.ch\\\/#website\"},\"primaryImageOfPage\":{\"@id\":\"https:\\\/\\\/www.organisator.ch\\\/marketing\\\/2020-06-11\\\/inspirierende-speed-speeches-am-jubilaeums-business-talk-von-rb-ruettimann-consulting\\\/#primaryimage\"},\"image\":{\"@id\":\"https:\\\/\\\/www.organisator.ch\\\/marketing\\\/2020-06-11\\\/inspirierende-speed-speeches-am-jubilaeums-business-talk-von-rb-ruettimann-consulting\\\/#primaryimage\"},\"thumbnailUrl\":\"https:\\\/\\\/www.organisator.ch\\\/wp-content\\\/uploads\\\/2020\\\/06\\\/Inspirierende-Speed-Speeches-am-Jubilaeums-Business-Talk-von-rb-Ruettimann-Consulting_Organisator.jpg\",\"datePublished\":\"2020-06-11T08:54:39+00:00\",\"description\":\"Im Juni 2000 startete die Kleinagentur rb R\u00fcttimann Consulting ihre T\u00e4tigkeit. Inhaberin und Gesch\u00e4ftsf\u00fchrerin Barbara R\u00fcttimann lud nun zum Jubil\u00e4um ein.\",\"breadcrumb\":{\"@id\":\"https:\\\/\\\/www.organisator.ch\\\/marketing\\\/2020-06-11\\\/inspirierende-speed-speeches-am-jubilaeums-business-talk-von-rb-ruettimann-consulting\\\/#breadcrumb\"},\"inLanguage\":\"en-US\",\"potentialAction\":[{\"@type\":\"ReadAction\",\"target\":[\"https:\\\/\\\/www.organisator.ch\\\/marketing\\\/2020-06-11\\\/inspirierende-speed-speeches-am-jubilaeums-business-talk-von-rb-ruettimann-consulting\\\/\"]}]},{\"@type\":\"ImageObject\",\"inLanguage\":\"en-US\",\"@id\":\"https:\\\/\\\/www.organisator.ch\\\/marketing\\\/2020-06-11\\\/inspirierende-speed-speeches-am-jubilaeums-business-talk-von-rb-ruettimann-consulting\\\/#primaryimage\",\"url\":\"https:\\\/\\\/www.organisator.ch\\\/wp-content\\\/uploads\\\/2020\\\/06\\\/Inspirierende-Speed-Speeches-am-Jubilaeums-Business-Talk-von-rb-Ruettimann-Consulting_Organisator.jpg\",\"contentUrl\":\"https:\\\/\\\/www.organisator.ch\\\/wp-content\\\/uploads\\\/2020\\\/06\\\/Inspirierende-Speed-Speeches-am-Jubilaeums-Business-Talk-von-rb-Ruettimann-Consulting_Organisator.jpg\",\"width\":680,\"height\":451,\"caption\":\"Barbara R\u00fcttimann von rb R\u00fcttimann Consulting (ganz links) mit den Referenten des Jubil\u00e4umsanlasses. (Foto: Linda Pollari)\"},{\"@type\":\"BreadcrumbList\",\"@id\":\"https:\\\/\\\/www.organisator.ch\\\/marketing\\\/2020-06-11\\\/inspirierende-speed-speeches-am-jubilaeums-business-talk-von-rb-ruettimann-consulting\\\/#breadcrumb\",\"itemListElement\":[{\"@type\":\"ListItem\",\"position\":1,\"name\":\"Home\",\"item\":\"https:\\\/\\\/www.organisator.ch\\\/\"},{\"@type\":\"ListItem\",\"position\":2,\"name\":\"Inspirierende &#8222;Speed Speeches&#8220; am Jubil\u00e4ums-Business-Talk von rb R\u00fcttimann Consulting\"}]},{\"@type\":\"WebSite\",\"@id\":\"https:\\\/\\\/www.organisator.ch\\\/#website\",\"url\":\"https:\\\/\\\/www.organisator.ch\\\/\",\"name\":\"Organisator\",\"description\":\"Kompetent. Praxisnah. Der ORGANISATOR bereitet in 10 Ausgaben pro Jahr die wesentlichen Themen f\u00fcr F\u00fchrungskr\u00e4fte von KMU auf.\",\"publisher\":{\"@id\":\"https:\\\/\\\/www.organisator.ch\\\/#organization\"},\"potentialAction\":[{\"@type\":\"SearchAction\",\"target\":{\"@type\":\"EntryPoint\",\"urlTemplate\":\"https:\\\/\\\/www.organisator.ch\\\/?s={search_term_string}\"},\"query-input\":{\"@type\":\"PropertyValueSpecification\",\"valueRequired\":true,\"valueName\":\"search_term_string\"}}],\"inLanguage\":\"en-US\"},{\"@type\":\"Organization\",\"@id\":\"https:\\\/\\\/www.organisator.ch\\\/#organization\",\"name\":\"Organisator\",\"url\":\"https:\\\/\\\/www.organisator.ch\\\/\",\"logo\":{\"@type\":\"ImageObject\",\"inLanguage\":\"en-US\",\"@id\":\"https:\\\/\\\/www.organisator.ch\\\/#\\\/schema\\\/logo\\\/image\\\/\",\"url\":\"https:\\\/\\\/www.organisator.ch\\\/wp-content\\\/uploads\\\/2022\\\/01\\\/Logo_Organisator_Website.png\",\"contentUrl\":\"https:\\\/\\\/www.organisator.ch\\\/wp-content\\\/uploads\\\/2022\\\/01\\\/Logo_Organisator_Website.png\",\"width\":800,\"height\":77,\"caption\":\"Organisator\"},\"image\":{\"@id\":\"https:\\\/\\\/www.organisator.ch\\\/#\\\/schema\\\/logo\\\/image\\\/\"},\"sameAs\":[\"https:\\\/\\\/www.facebook.com\\\/OrganisatorFachmagazin\",\"https:\\\/\\\/www.linkedin.com\\\/showcase\\\/organisator-das-magazin-fr-kmu\",\"https:\\\/\\\/www.xing.com\\\/news\\\/pages\\\/organisator-ch-695\",\"https:\\\/\\\/www.youtube.com\\\/channel\\\/UCGP2Sq0iWaZwT3BdIAQFYpw\"]},{\"@type\":\"Person\",\"@id\":\"https:\\\/\\\/www.organisator.ch\\\/#\\\/schema\\\/person\\\/6f650f90b2842cd4c0cc334b4e36f67e\",\"name\":\"thomas.berner\",\"image\":{\"@type\":\"ImageObject\",\"inLanguage\":\"en-US\",\"@id\":\"https:\\\/\\\/secure.gravatar.com\\\/avatar\\\/ac5001d2a36cb6c6cd3e50789007ffca834b477b74a2144564522e944eabff61?s=96&d=mm&r=g\",\"url\":\"https:\\\/\\\/secure.gravatar.com\\\/avatar\\\/ac5001d2a36cb6c6cd3e50789007ffca834b477b74a2144564522e944eabff61?s=96&d=mm&r=g\",\"contentUrl\":\"https:\\\/\\\/secure.gravatar.com\\\/avatar\\\/ac5001d2a36cb6c6cd3e50789007ffca834b477b74a2144564522e944eabff61?s=96&d=mm&r=g\",\"caption\":\"thomas.berner\"},\"url\":\"https:\\\/\\\/www.organisator.ch\\\/en\\\/author\\\/thomas-berner\\\/\"}]}<\/script>\n<!-- \/ Yoast SEO plugin. -->","yoast_head_json":{"title":"Inspiring \"Speed Speeches\" at the anniversary business talk of rb R\u00fcttimann Consulting - organizer","description":"In June 2000, the small agency rb R\u00fcttimann Consulting started its activities. Owner and managing director Barbara R\u00fcttimann now invited to the anniversary.","robots":{"index":"index","follow":"follow","max-snippet":"max-snippet:-1","max-image-preview":"max-image-preview:large","max-video-preview":"max-video-preview:-1"},"canonical":"https:\/\/www.organisator.ch\/en\/marketing\/2020-06-11\/inspirierende-speed-speeches-am-jubilaeums-business-talk-von-rb-ruettimann-consulting\/","og_locale":"en_US","og_type":"article","og_title":"Inspirierende \"Speed Speeches\" am Jubil\u00e4ums-Business-Talk von rb R\u00fcttimann Consulting","og_description":"Im Juni 2000 startete die Kleinagentur rb R\u00fcttimann Consulting ihre T\u00e4tigkeit. Inhaberin und Gesch\u00e4ftsf\u00fchrerin Barbara R\u00fcttimann lud nun zum Jubil\u00e4um ein.","og_url":"https:\/\/www.organisator.ch\/en\/marketing\/2020-06-11\/inspirierende-speed-speeches-am-jubilaeums-business-talk-von-rb-ruettimann-consulting\/","og_site_name":"Organisator","article_publisher":"https:\/\/www.facebook.com\/OrganisatorFachmagazin","article_published_time":"2020-06-11T08:54:39+00:00","og_image":[{"width":680,"height":451,"url":"https:\/\/www.organisator.ch\/wp-content\/uploads\/2020\/06\/Inspirierende-Speed-Speeches-am-Jubilaeums-Business-Talk-von-rb-Ruettimann-Consulting_Organisator.jpg","type":"image\/jpeg"}],"author":"thomas.berner","twitter_card":"summary_large_image","twitter_title":"Inspirierende \"Speed Speeches\" am #Jubil\u00e4ums-Business-Talk von rb #R\u00fcttimann Consulting","twitter_description":"Im Juni 2000 startete die #Kleinagentur rb #R\u00fcttimann Consulting ihre T\u00e4tigkeit. Inhaberin und Gesch\u00e4ftsf\u00fchrerin Barbara R\u00fcttimann lud nun zum Jubil\u00e4um ein.","twitter_image":"https:\/\/www.organisator.ch\/wp-content\/uploads\/2020\/06\/Inspirierende-Speed-Speeches-am-Jubilaeums-Business-Talk-von-rb-Ruettimann-Consulting_Organisator.jpg","schema":{"@context":"https:\/\/schema.org","@graph":[{"@type":"Article","@id":"https:\/\/www.organisator.ch\/marketing\/2020-06-11\/inspirierende-speed-speeches-am-jubilaeums-business-talk-von-rb-ruettimann-consulting\/#article","isPartOf":{"@id":"https:\/\/www.organisator.ch\/marketing\/2020-06-11\/inspirierende-speed-speeches-am-jubilaeums-business-talk-von-rb-ruettimann-consulting\/"},"author":{"name":"thomas.berner","@id":"https:\/\/www.organisator.ch\/#\/schema\/person\/6f650f90b2842cd4c0cc334b4e36f67e"},"headline":"Inspirierende &#8222;Speed Speeches&#8220; am Jubil\u00e4ums-Business-Talk von rb R\u00fcttimann Consulting","datePublished":"2020-06-11T08:54:39+00:00","mainEntityOfPage":{"@id":"https:\/\/www.organisator.ch\/marketing\/2020-06-11\/inspirierende-speed-speeches-am-jubilaeums-business-talk-von-rb-ruettimann-consulting\/"},"wordCount":498,"publisher":{"@id":"https:\/\/www.organisator.ch\/#organization"},"image":{"@id":"https:\/\/www.organisator.ch\/marketing\/2020-06-11\/inspirierende-speed-speeches-am-jubilaeums-business-talk-von-rb-ruettimann-consulting\/#primaryimage"},"thumbnailUrl":"https:\/\/www.organisator.ch\/wp-content\/uploads\/2020\/06\/Inspirierende-Speed-Speeches-am-Jubilaeums-Business-Talk-von-rb-Ruettimann-Consulting_Organisator.jpg","keywords":["Event","Firmenjubil\u00e4um","Marketing","Unternehmen"],"articleSection":["MARKETING"],"inLanguage":"en-US"},{"@type":"WebPage","@id":"https:\/\/www.organisator.ch\/marketing\/2020-06-11\/inspirierende-speed-speeches-am-jubilaeums-business-talk-von-rb-ruettimann-consulting\/","url":"https:\/\/www.organisator.ch\/marketing\/2020-06-11\/inspirierende-speed-speeches-am-jubilaeums-business-talk-von-rb-ruettimann-consulting\/","name":"Inspiring \"Speed Speeches\" at the anniversary business talk of rb R\u00fcttimann Consulting - organizer","isPartOf":{"@id":"https:\/\/www.organisator.ch\/#website"},"primaryImageOfPage":{"@id":"https:\/\/www.organisator.ch\/marketing\/2020-06-11\/inspirierende-speed-speeches-am-jubilaeums-business-talk-von-rb-ruettimann-consulting\/#primaryimage"},"image":{"@id":"https:\/\/www.organisator.ch\/marketing\/2020-06-11\/inspirierende-speed-speeches-am-jubilaeums-business-talk-von-rb-ruettimann-consulting\/#primaryimage"},"thumbnailUrl":"https:\/\/www.organisator.ch\/wp-content\/uploads\/2020\/06\/Inspirierende-Speed-Speeches-am-Jubilaeums-Business-Talk-von-rb-Ruettimann-Consulting_Organisator.jpg","datePublished":"2020-06-11T08:54:39+00:00","description":"In June 2000, the small agency rb R\u00fcttimann Consulting started its activities. Owner and managing director Barbara R\u00fcttimann now invited to the anniversary.","breadcrumb":{"@id":"https:\/\/www.organisator.ch\/marketing\/2020-06-11\/inspirierende-speed-speeches-am-jubilaeums-business-talk-von-rb-ruettimann-consulting\/#breadcrumb"},"inLanguage":"en-US","potentialAction":[{"@type":"ReadAction","target":["https:\/\/www.organisator.ch\/marketing\/2020-06-11\/inspirierende-speed-speeches-am-jubilaeums-business-talk-von-rb-ruettimann-consulting\/"]}]},{"@type":"ImageObject","inLanguage":"en-US","@id":"https:\/\/www.organisator.ch\/marketing\/2020-06-11\/inspirierende-speed-speeches-am-jubilaeums-business-talk-von-rb-ruettimann-consulting\/#primaryimage","url":"https:\/\/www.organisator.ch\/wp-content\/uploads\/2020\/06\/Inspirierende-Speed-Speeches-am-Jubilaeums-Business-Talk-von-rb-Ruettimann-Consulting_Organisator.jpg","contentUrl":"https:\/\/www.organisator.ch\/wp-content\/uploads\/2020\/06\/Inspirierende-Speed-Speeches-am-Jubilaeums-Business-Talk-von-rb-Ruettimann-Consulting_Organisator.jpg","width":680,"height":451,"caption":"Barbara R\u00fcttimann von rb R\u00fcttimann Consulting (ganz links) mit den Referenten des Jubil\u00e4umsanlasses. (Foto: Linda Pollari)"},{"@type":"BreadcrumbList","@id":"https:\/\/www.organisator.ch\/marketing\/2020-06-11\/inspirierende-speed-speeches-am-jubilaeums-business-talk-von-rb-ruettimann-consulting\/#breadcrumb","itemListElement":[{"@type":"ListItem","position":1,"name":"Home","item":"https:\/\/www.organisator.ch\/"},{"@type":"ListItem","position":2,"name":"Inspirierende &#8222;Speed Speeches&#8220; am Jubil\u00e4ums-Business-Talk von rb R\u00fcttimann Consulting"}]},{"@type":"WebSite","@id":"https:\/\/www.organisator.ch\/#website","url":"https:\/\/www.organisator.ch\/","name":"Organizer","description":"Competent. Practical. In 10 issues per year, ORGANISATOR presents the essential topics for managers of SMEs.","publisher":{"@id":"https:\/\/www.organisator.ch\/#organization"},"potentialAction":[{"@type":"SearchAction","target":{"@type":"EntryPoint","urlTemplate":"https:\/\/www.organisator.ch\/?s={search_term_string}"},"query-input":{"@type":"PropertyValueSpecification","valueRequired":true,"valueName":"search_term_string"}}],"inLanguage":"en-US"},{"@type":"Organization","@id":"https:\/\/www.organisator.ch\/#organization","name":"Organizer","url":"https:\/\/www.organisator.ch\/","logo":{"@type":"ImageObject","inLanguage":"en-US","@id":"https:\/\/www.organisator.ch\/#\/schema\/logo\/image\/","url":"https:\/\/www.organisator.ch\/wp-content\/uploads\/2022\/01\/Logo_Organisator_Website.png","contentUrl":"https:\/\/www.organisator.ch\/wp-content\/uploads\/2022\/01\/Logo_Organisator_Website.png","width":800,"height":77,"caption":"Organisator"},"image":{"@id":"https:\/\/www.organisator.ch\/#\/schema\/logo\/image\/"},"sameAs":["https:\/\/www.facebook.com\/OrganisatorFachmagazin","https:\/\/www.linkedin.com\/showcase\/organisator-das-magazin-fr-kmu","https:\/\/www.xing.com\/news\/pages\/organisator-ch-695","https:\/\/www.youtube.com\/channel\/UCGP2Sq0iWaZwT3BdIAQFYpw"]},{"@type":"Person","@id":"https:\/\/www.organisator.ch\/#\/schema\/person\/6f650f90b2842cd4c0cc334b4e36f67e","name":"thomas.berner","image":{"@type":"ImageObject","inLanguage":"en-US","@id":"https:\/\/secure.gravatar.com\/avatar\/ac5001d2a36cb6c6cd3e50789007ffca834b477b74a2144564522e944eabff61?s=96&d=mm&r=g","url":"https:\/\/secure.gravatar.com\/avatar\/ac5001d2a36cb6c6cd3e50789007ffca834b477b74a2144564522e944eabff61?s=96&d=mm&r=g","contentUrl":"https:\/\/secure.gravatar.com\/avatar\/ac5001d2a36cb6c6cd3e50789007ffca834b477b74a2144564522e944eabff61?s=96&d=mm&r=g","caption":"thomas.berner"},"url":"https:\/\/www.organisator.ch\/en\/author\/thomas-berner\/"}]}},"_links":{"self":[{"href":"https:\/\/www.organisator.ch\/en\/wp-json\/wp\/v2\/posts\/6796","targetHints":{"allow":["GET"]}}],"collection":[{"href":"https:\/\/www.organisator.ch\/en\/wp-json\/wp\/v2\/posts"}],"about":[{"href":"https:\/\/www.organisator.ch\/en\/wp-json\/wp\/v2\/types\/post"}],"author":[{"embeddable":true,"href":"https:\/\/www.organisator.ch\/en\/wp-json\/wp\/v2\/users\/4"}],"replies":[{"embeddable":true,"href":"https:\/\/www.organisator.ch\/en\/wp-json\/wp\/v2\/comments?post=6796"}],"version-history":[{"count":0,"href":"https:\/\/www.organisator.ch\/en\/wp-json\/wp\/v2\/posts\/6796\/revisions"}],"wp:featuredmedia":[{"embeddable":true,"href":"https:\/\/www.organisator.ch\/en\/wp-json\/wp\/v2\/media\/6798"}],"wp:attachment":[{"href":"https:\/\/www.organisator.ch\/en\/wp-json\/wp\/v2\/media?parent=6796"}],"wp:term":[{"taxonomy":"category","embeddable":true,"href":"https:\/\/www.organisator.ch\/en\/wp-json\/wp\/v2\/categories?post=6796"},{"taxonomy":"post_tag","embeddable":true,"href":"https:\/\/www.organisator.ch\/en\/wp-json\/wp\/v2\/tags?post=6796"}],"curies":[{"name":"wp","href":"https:\/\/api.w.org\/{rel}","templated":true}]}}