{"id":6800,"date":"2020-06-12T08:40:13","date_gmt":"2020-06-12T06:40:13","guid":{"rendered":"https:\/\/www.organisator.ch\/?p=6800"},"modified":"2020-06-12T08:40:13","modified_gmt":"2020-06-12T06:40:13","slug":"historisch-schwache-beschaeftigungsaussichten-fuer-den-sommer-2020","status":"publish","type":"post","link":"https:\/\/www.organisator.ch\/en\/human-resources\/hrm\/2020-06-12\/historisch-schwache-beschaeftigungsaussichten-fuer-den-sommer-2020\/","title":{"rendered":"Historically weak employment outlook for summer 2020"},"content":{"rendered":"<figure id=\"attachment_6801\" aria-describedby=\"caption-attachment-6801\" style=\"width: 680px\" class=\"wp-caption alignnone\"><img loading=\"lazy\" decoding=\"async\" class=\"size-medium wp-image-6801\" src=\"https:\/\/www.organisator.ch\/wp-content\/uploads\/2020\/06\/Historisch-schwache-Beschaeftigungsaussichten-fuer-den-Sommer-2020-1_Organisator.jpg\" alt=\"\" width=\"680\" height=\"453\" srcset=\"https:\/\/www.organisator.ch\/wp-content\/uploads\/2020\/06\/Historisch-schwache-Beschaeftigungsaussichten-fuer-den-Sommer-2020-1_Organisator.jpg 680w, https:\/\/www.organisator.ch\/wp-content\/uploads\/2020\/06\/Historisch-schwache-Beschaeftigungsaussichten-fuer-den-Sommer-2020-1_Organisator-16x12.jpg 16w, https:\/\/www.organisator.ch\/wp-content\/uploads\/2020\/06\/Historisch-schwache-Beschaeftigungsaussichten-fuer-den-Sommer-2020-1_Organisator-263x175.jpg 263w, https:\/\/www.organisator.ch\/wp-content\/uploads\/2020\/06\/Historisch-schwache-Beschaeftigungsaussichten-fuer-den-Sommer-2020-1_Organisator-525x350.jpg 525w, https:\/\/www.organisator.ch\/wp-content\/uploads\/2020\/06\/Historisch-schwache-Beschaeftigungsaussichten-fuer-den-Sommer-2020-1_Organisator-300x200.jpg 300w\" sizes=\"auto, (max-width: 680px) 100vw, 680px\" \/><figcaption id=\"caption-attachment-6801\" class=\"wp-caption-text\">The employment outlook for summer 2020 in Switzerland is anything but rosy. (Image: Pixabay.com)<\/figcaption><\/figure>\n<p>Four out of seven sectors and five out of seven regions record the lowest numbers in 15 years. However, most Swiss employers (56 %) expect to return to prehealth crisis employment levels within a year. The most optimistic among them (28 %) already expect this to happen by the fall. The survey was conducted April 17-29, 2020.<\/p>\n<h2>Stability among companies in the domestic market<\/h2>\n<p>\"As expected, the labor market is suffering greatly from the lockdown measures to contain the coronavirus. The labor market forecast reaches the lowest level since the Barometer was introduced in Switzerland 15 years ago. Nevertheless, employers in certain regions and sectors are showing some stability and sticking to their hiring plans. These are mainly companies with a focus on the domestic market,\" underlines Gianni Valeri, Managing Director of Manpower Switzerland.<\/p>\n<figure id=\"attachment_6802\" aria-describedby=\"caption-attachment-6802\" style=\"width: 680px\" class=\"wp-caption alignnone\"><img loading=\"lazy\" decoding=\"async\" class=\"size-medium wp-image-6802\" src=\"https:\/\/www.organisator.ch\/wp-content\/uploads\/2020\/06\/Historisch-schwache-Beschaeftigungsaussichten-fuer-den-Sommer-2020-2_Organisator.jpg\" alt=\"\" width=\"680\" height=\"403\" srcset=\"https:\/\/www.organisator.ch\/wp-content\/uploads\/2020\/06\/Historisch-schwache-Beschaeftigungsaussichten-fuer-den-Sommer-2020-2_Organisator.jpg 1317w, https:\/\/www.organisator.ch\/wp-content\/uploads\/2020\/06\/Historisch-schwache-Beschaeftigungsaussichten-fuer-den-Sommer-2020-2_Organisator-680x403.jpg 680w, https:\/\/www.organisator.ch\/wp-content\/uploads\/2020\/06\/Historisch-schwache-Beschaeftigungsaussichten-fuer-den-Sommer-2020-2_Organisator-1024x607.jpg 1024w, https:\/\/www.organisator.ch\/wp-content\/uploads\/2020\/06\/Historisch-schwache-Beschaeftigungsaussichten-fuer-den-Sommer-2020-2_Organisator-768x455.jpg 768w, https:\/\/www.organisator.ch\/wp-content\/uploads\/2020\/06\/Historisch-schwache-Beschaeftigungsaussichten-fuer-den-Sommer-2020-2_Organisator-16x9.jpg 16w, https:\/\/www.organisator.ch\/wp-content\/uploads\/2020\/06\/Historisch-schwache-Beschaeftigungsaussichten-fuer-den-Sommer-2020-2_Organisator-295x175.jpg 295w, https:\/\/www.organisator.ch\/wp-content\/uploads\/2020\/06\/Historisch-schwache-Beschaeftigungsaussichten-fuer-den-Sommer-2020-2_Organisator-590x350.jpg 590w, https:\/\/www.organisator.ch\/wp-content\/uploads\/2020\/06\/Historisch-schwache-Beschaeftigungsaussichten-fuer-den-Sommer-2020-2_Organisator-920x546.jpg 920w, https:\/\/www.organisator.ch\/wp-content\/uploads\/2020\/06\/Historisch-schwache-Beschaeftigungsaussichten-fuer-den-Sommer-2020-2_Organisator-300x178.jpg 300w\" sizes=\"auto, (max-width: 680px) 100vw, 680px\" \/><figcaption id=\"caption-attachment-6802\" class=\"wp-caption-text\">Employment outlook by region (chart: ManpowerGroup Labor Market Barometer)<\/figcaption><\/figure>\n<h2>Ticino with weakest employment outlook in 15 years<\/h2>\n<p>Employers in six of the seven regions intend to reduce the number of their employees in the third quarter of 2020. Only employers in Eastern Switzerland (+3 %) report a positive forecast and an increase compared to the previous quarter (+4 percentage points). Employers in all other regions are pessimistic: Ticino (-14 %), Northwestern Switzerland (-13 %), the Lake Geneva region (-10 %), the Zurich region (-10 %) and Central Switzerland (-2 %) each report their worst results since the Barometer was launched in Switzerland in 2005. Quarter-over-quarter, Ticino and the Lake Geneva region show the largest declines (-17 and -16 percentage points, respectively). Year-on-year, all regions are down, with Northwestern Switzerland recording the most significant losses (-24 percentage points).<\/p>\n<h2>Stable employment momentum in Other manufacturing sectors and Other service sectors<\/h2>\n<p>Five of the seven sectors anticipate staff reductions in the summer of 2020, with only two sectors showing a more robust trend. These are Other manufacturing sectors (+1 %) and Other service sectors (0 %). The latter also records little change from the previous quarter (-1 percentage point). By contrast, employers in the Hotels and Restaurants sector (-36 %) are the most pessimistic, with the sector suffering the sharpest quarter-on-quarter (-38 percentage points) and year-on-year (-46 points) declines. Employers also have a negative view of the employment situation in construction (-12 %), manufacturing (-9 %) and financial and business services (-8 %) - delivering the weakest forecast in 15 years.<\/p>\n<h2>Employment freeze in the four categories of companies studied<\/h2>\n<p>Employers in all four business categories surveyed report negative results for the third quarter of 2020. Large business employers (-3 %) anticipate a sharp slowdown in the labor market, and small business (-4 %) and micro business (-7 %) employers forecast an even more difficult situation. Medium business employers are the most pessimistic (-17 %), posting the largest quarter-over-quarter and year-over-year declines (at -22 and -28 percentage points, respectively).<\/p>\n<h2>Employment prospects in neighboring countries: Germany as an exception<\/h2>\n<p>Germany is among seven of the 43 countries participating in the survey to report a positive outlook. Nevertheless, German employers (+1 %) anticipate significantly weaker employment momentum in the third quarter of 2020 and, as is the case across the EMEA region, the country's employment outlook declines quarter-on-quarter and year-on-year. Other service sectors and construction fare best. France (-11 %) shows the lowest figures since the Barometer was launched in the country in 2003 and significant quarter-on-quarter and year-on-year declines. In Italy (-5 %), the most solid labor market is likely to be that of the Other manufacturing sectors in summer 2020.<\/p>\n<p><em>Source and further information: <a href=\"http:\/\/www.manpowergroup.com\">Manpower Group<\/a><\/em><\/p>","protected":false},"excerpt":{"rendered":"<p>Vier von sieben Sektoren und f\u00fcnf von sieben Regionen verzeichnen die niedrigsten Zahlen in 15 Jahren. Die meisten Schweizer Arbeitgeber (56 %) gehen jedoch davon aus, dass innerhalb von einem Jahr wieder das Besch\u00e4ftigungsniveau von vor der Gesundheitskrise erreicht wird. Die optimistischsten unter ihnen (28 %) rechnen bereits bis zum Herbst damit. Die Umfrage wurde [&hellip;]<\/p>\n","protected":false},"author":4,"featured_media":6801,"comment_status":"closed","ping_status":"closed","sticky":false,"template":"","format":"standard","meta":{"_acf_changed":false,"_yoast_wpseo_focuskw":"Besch\u00e4ftigungsaussichten","_yoast_wpseo_metadesc":"Gem\u00e4ss dem aktuellen ManpowerGroup Arbeitsmarktbarometer fallen die Besch\u00e4ftigungsaussichten der Schweizer Arbeitgeber f\u00fcr den Sommer 2020 d\u00fcster aus.","articlekey":"","footnotes":""},"categories":[26],"tags":[47,254,335,531],"class_list":["post-6800","post","type-post","status-publish","format-standard","has-post-thumbnail","hentry","category-hrm","tag-arbeitsmarkt","tag-hrm","tag-management-und-unternehmensfuehrung","tag-wirtschaftspolitik"],"acf":[],"yoast_head":"<!-- This site is optimized with the Yoast SEO plugin v27.4 - https:\/\/yoast.com\/product\/yoast-seo-wordpress\/ -->\n<title>Historisch schwache Besch\u00e4ftigungsaussichten f\u00fcr den Sommer 2020 - Organisator<\/title>\n<meta name=\"description\" content=\"Gem\u00e4ss dem aktuellen ManpowerGroup Arbeitsmarktbarometer fallen die Besch\u00e4ftigungsaussichten der Schweizer Arbeitgeber f\u00fcr den Sommer 2020 d\u00fcster aus.\" \/>\n<meta name=\"robots\" content=\"index, follow, max-snippet:-1, max-image-preview:large, max-video-preview:-1\" \/>\n<link rel=\"canonical\" href=\"https:\/\/www.organisator.ch\/en\/human-resources\/hrm\/2020-06-12\/historisch-schwache-beschaeftigungsaussichten-fuer-den-sommer-2020\/\" \/>\n<meta property=\"og:locale\" content=\"en_US\" \/>\n<meta property=\"og:type\" content=\"article\" \/>\n<meta property=\"og:title\" content=\"Historisch schwache Besch\u00e4ftigungsaussichten f\u00fcr den Sommer 2020\" \/>\n<meta property=\"og:description\" content=\"Gem\u00e4ss dem aktuellen ManpowerGroup Arbeitsmarktbarometer fallen die Besch\u00e4ftigungsaussichten der Schweizer Arbeitgeber f\u00fcr den Sommer 2020 d\u00fcster aus.\" \/>\n<meta property=\"og:url\" content=\"https:\/\/www.organisator.ch\/en\/human-resources\/hrm\/2020-06-12\/historisch-schwache-beschaeftigungsaussichten-fuer-den-sommer-2020\/\" \/>\n<meta property=\"og:site_name\" content=\"Organisator\" \/>\n<meta property=\"article:publisher\" content=\"https:\/\/www.facebook.com\/OrganisatorFachmagazin\" \/>\n<meta property=\"article:published_time\" content=\"2020-06-12T06:40:13+00:00\" \/>\n<meta property=\"og:image\" content=\"https:\/\/www.organisator.ch\/wp-content\/uploads\/2020\/06\/Historisch-schwache-Beschaeftigungsaussichten-fuer-den-Sommer-2020-1_Organisator.jpg\" \/>\n\t<meta property=\"og:image:width\" content=\"680\" \/>\n\t<meta property=\"og:image:height\" content=\"453\" \/>\n\t<meta property=\"og:image:type\" content=\"image\/jpeg\" \/>\n<meta name=\"author\" content=\"thomas.berner\" \/>\n<meta name=\"twitter:card\" content=\"summary_large_image\" \/>\n<meta name=\"twitter:title\" content=\"Historisch schwache #Besch\u00e4ftigungsaussichten f\u00fcr den Sommer 2020\" \/>\n<meta name=\"twitter:description\" content=\"Gem\u00e4ss dem aktuellen #ManpowerGroup #Arbeitsmarktbarometer fallen die #Besch\u00e4ftigungsaussichten der Schweizer Arbeitgeber f\u00fcr den Sommer 2020 d\u00fcster aus.\" \/>\n<meta name=\"twitter:image\" content=\"https:\/\/www.organisator.ch\/wp-content\/uploads\/2020\/06\/Historisch-schwache-Beschaeftigungsaussichten-fuer-den-Sommer-2020-1_Organisator.jpg\" \/>\n<script type=\"application\/ld+json\" class=\"yoast-schema-graph\">{\"@context\":\"https:\\\/\\\/schema.org\",\"@graph\":[{\"@type\":\"Article\",\"@id\":\"https:\\\/\\\/www.organisator.ch\\\/human-resources\\\/hrm\\\/2020-06-12\\\/historisch-schwache-beschaeftigungsaussichten-fuer-den-sommer-2020\\\/#article\",\"isPartOf\":{\"@id\":\"https:\\\/\\\/www.organisator.ch\\\/human-resources\\\/hrm\\\/2020-06-12\\\/historisch-schwache-beschaeftigungsaussichten-fuer-den-sommer-2020\\\/\"},\"author\":{\"name\":\"thomas.berner\",\"@id\":\"https:\\\/\\\/www.organisator.ch\\\/#\\\/schema\\\/person\\\/6f650f90b2842cd4c0cc334b4e36f67e\"},\"headline\":\"Historisch schwache Besch\u00e4ftigungsaussichten f\u00fcr den Sommer 2020\",\"datePublished\":\"2020-06-12T06:40:13+00:00\",\"mainEntityOfPage\":{\"@id\":\"https:\\\/\\\/www.organisator.ch\\\/human-resources\\\/hrm\\\/2020-06-12\\\/historisch-schwache-beschaeftigungsaussichten-fuer-den-sommer-2020\\\/\"},\"wordCount\":586,\"publisher\":{\"@id\":\"https:\\\/\\\/www.organisator.ch\\\/#organization\"},\"image\":{\"@id\":\"https:\\\/\\\/www.organisator.ch\\\/human-resources\\\/hrm\\\/2020-06-12\\\/historisch-schwache-beschaeftigungsaussichten-fuer-den-sommer-2020\\\/#primaryimage\"},\"thumbnailUrl\":\"https:\\\/\\\/www.organisator.ch\\\/wp-content\\\/uploads\\\/2020\\\/06\\\/Historisch-schwache-Beschaeftigungsaussichten-fuer-den-Sommer-2020-1_Organisator.jpg\",\"keywords\":[\"Arbeitsmarkt\",\"HRM\",\"Management und Unternehmensf\u00fchrung\",\"Wirtschaftspolitik\"],\"articleSection\":[\"HRM\"],\"inLanguage\":\"en-US\"},{\"@type\":\"WebPage\",\"@id\":\"https:\\\/\\\/www.organisator.ch\\\/human-resources\\\/hrm\\\/2020-06-12\\\/historisch-schwache-beschaeftigungsaussichten-fuer-den-sommer-2020\\\/\",\"url\":\"https:\\\/\\\/www.organisator.ch\\\/human-resources\\\/hrm\\\/2020-06-12\\\/historisch-schwache-beschaeftigungsaussichten-fuer-den-sommer-2020\\\/\",\"name\":\"Historisch schwache Besch\u00e4ftigungsaussichten f\u00fcr den Sommer 2020 - Organisator\",\"isPartOf\":{\"@id\":\"https:\\\/\\\/www.organisator.ch\\\/#website\"},\"primaryImageOfPage\":{\"@id\":\"https:\\\/\\\/www.organisator.ch\\\/human-resources\\\/hrm\\\/2020-06-12\\\/historisch-schwache-beschaeftigungsaussichten-fuer-den-sommer-2020\\\/#primaryimage\"},\"image\":{\"@id\":\"https:\\\/\\\/www.organisator.ch\\\/human-resources\\\/hrm\\\/2020-06-12\\\/historisch-schwache-beschaeftigungsaussichten-fuer-den-sommer-2020\\\/#primaryimage\"},\"thumbnailUrl\":\"https:\\\/\\\/www.organisator.ch\\\/wp-content\\\/uploads\\\/2020\\\/06\\\/Historisch-schwache-Beschaeftigungsaussichten-fuer-den-Sommer-2020-1_Organisator.jpg\",\"datePublished\":\"2020-06-12T06:40:13+00:00\",\"description\":\"Gem\u00e4ss dem aktuellen ManpowerGroup Arbeitsmarktbarometer fallen die Besch\u00e4ftigungsaussichten der Schweizer Arbeitgeber f\u00fcr den Sommer 2020 d\u00fcster aus.\",\"breadcrumb\":{\"@id\":\"https:\\\/\\\/www.organisator.ch\\\/human-resources\\\/hrm\\\/2020-06-12\\\/historisch-schwache-beschaeftigungsaussichten-fuer-den-sommer-2020\\\/#breadcrumb\"},\"inLanguage\":\"en-US\",\"potentialAction\":[{\"@type\":\"ReadAction\",\"target\":[\"https:\\\/\\\/www.organisator.ch\\\/human-resources\\\/hrm\\\/2020-06-12\\\/historisch-schwache-beschaeftigungsaussichten-fuer-den-sommer-2020\\\/\"]}]},{\"@type\":\"ImageObject\",\"inLanguage\":\"en-US\",\"@id\":\"https:\\\/\\\/www.organisator.ch\\\/human-resources\\\/hrm\\\/2020-06-12\\\/historisch-schwache-beschaeftigungsaussichten-fuer-den-sommer-2020\\\/#primaryimage\",\"url\":\"https:\\\/\\\/www.organisator.ch\\\/wp-content\\\/uploads\\\/2020\\\/06\\\/Historisch-schwache-Beschaeftigungsaussichten-fuer-den-Sommer-2020-1_Organisator.jpg\",\"contentUrl\":\"https:\\\/\\\/www.organisator.ch\\\/wp-content\\\/uploads\\\/2020\\\/06\\\/Historisch-schwache-Beschaeftigungsaussichten-fuer-den-Sommer-2020-1_Organisator.jpg\",\"width\":680,\"height\":453,\"caption\":\"Die Besch\u00e4ftigungsaussichten f\u00fcr Sommer 2020 sind in der Schweiz alles andere als rosig. (Bild: Pixabay.com)\"},{\"@type\":\"BreadcrumbList\",\"@id\":\"https:\\\/\\\/www.organisator.ch\\\/human-resources\\\/hrm\\\/2020-06-12\\\/historisch-schwache-beschaeftigungsaussichten-fuer-den-sommer-2020\\\/#breadcrumb\",\"itemListElement\":[{\"@type\":\"ListItem\",\"position\":1,\"name\":\"Home\",\"item\":\"https:\\\/\\\/www.organisator.ch\\\/\"},{\"@type\":\"ListItem\",\"position\":2,\"name\":\"Historisch schwache Besch\u00e4ftigungsaussichten f\u00fcr den Sommer 2020\"}]},{\"@type\":\"WebSite\",\"@id\":\"https:\\\/\\\/www.organisator.ch\\\/#website\",\"url\":\"https:\\\/\\\/www.organisator.ch\\\/\",\"name\":\"Organisator\",\"description\":\"Kompetent. Praxisnah. Der ORGANISATOR bereitet in 10 Ausgaben pro Jahr die wesentlichen Themen f\u00fcr F\u00fchrungskr\u00e4fte von KMU auf.\",\"publisher\":{\"@id\":\"https:\\\/\\\/www.organisator.ch\\\/#organization\"},\"potentialAction\":[{\"@type\":\"SearchAction\",\"target\":{\"@type\":\"EntryPoint\",\"urlTemplate\":\"https:\\\/\\\/www.organisator.ch\\\/?s={search_term_string}\"},\"query-input\":{\"@type\":\"PropertyValueSpecification\",\"valueRequired\":true,\"valueName\":\"search_term_string\"}}],\"inLanguage\":\"en-US\"},{\"@type\":\"Organization\",\"@id\":\"https:\\\/\\\/www.organisator.ch\\\/#organization\",\"name\":\"Organisator\",\"url\":\"https:\\\/\\\/www.organisator.ch\\\/\",\"logo\":{\"@type\":\"ImageObject\",\"inLanguage\":\"en-US\",\"@id\":\"https:\\\/\\\/www.organisator.ch\\\/#\\\/schema\\\/logo\\\/image\\\/\",\"url\":\"https:\\\/\\\/www.organisator.ch\\\/wp-content\\\/uploads\\\/2022\\\/01\\\/Logo_Organisator_Website.png\",\"contentUrl\":\"https:\\\/\\\/www.organisator.ch\\\/wp-content\\\/uploads\\\/2022\\\/01\\\/Logo_Organisator_Website.png\",\"width\":800,\"height\":77,\"caption\":\"Organisator\"},\"image\":{\"@id\":\"https:\\\/\\\/www.organisator.ch\\\/#\\\/schema\\\/logo\\\/image\\\/\"},\"sameAs\":[\"https:\\\/\\\/www.facebook.com\\\/OrganisatorFachmagazin\",\"https:\\\/\\\/www.linkedin.com\\\/showcase\\\/organisator-das-magazin-fr-kmu\",\"https:\\\/\\\/www.xing.com\\\/news\\\/pages\\\/organisator-ch-695\",\"https:\\\/\\\/www.youtube.com\\\/channel\\\/UCGP2Sq0iWaZwT3BdIAQFYpw\"]},{\"@type\":\"Person\",\"@id\":\"https:\\\/\\\/www.organisator.ch\\\/#\\\/schema\\\/person\\\/6f650f90b2842cd4c0cc334b4e36f67e\",\"name\":\"thomas.berner\",\"image\":{\"@type\":\"ImageObject\",\"inLanguage\":\"en-US\",\"@id\":\"https:\\\/\\\/secure.gravatar.com\\\/avatar\\\/ac5001d2a36cb6c6cd3e50789007ffca834b477b74a2144564522e944eabff61?s=96&d=mm&r=g\",\"url\":\"https:\\\/\\\/secure.gravatar.com\\\/avatar\\\/ac5001d2a36cb6c6cd3e50789007ffca834b477b74a2144564522e944eabff61?s=96&d=mm&r=g\",\"contentUrl\":\"https:\\\/\\\/secure.gravatar.com\\\/avatar\\\/ac5001d2a36cb6c6cd3e50789007ffca834b477b74a2144564522e944eabff61?s=96&d=mm&r=g\",\"caption\":\"thomas.berner\"},\"url\":\"https:\\\/\\\/www.organisator.ch\\\/en\\\/author\\\/thomas-berner\\\/\"}]}<\/script>\n<!-- \/ Yoast SEO plugin. -->","yoast_head_json":{"title":"Historically weak employment outlook for summer 2020 - organizer","description":"According to the latest ManpowerGroup Labor Market Barometer, the employment outlook of Swiss employers for the summer of 2020 is bleak.","robots":{"index":"index","follow":"follow","max-snippet":"max-snippet:-1","max-image-preview":"max-image-preview:large","max-video-preview":"max-video-preview:-1"},"canonical":"https:\/\/www.organisator.ch\/en\/human-resources\/hrm\/2020-06-12\/historisch-schwache-beschaeftigungsaussichten-fuer-den-sommer-2020\/","og_locale":"en_US","og_type":"article","og_title":"Historisch schwache Besch\u00e4ftigungsaussichten f\u00fcr den Sommer 2020","og_description":"Gem\u00e4ss dem aktuellen ManpowerGroup Arbeitsmarktbarometer fallen die Besch\u00e4ftigungsaussichten der Schweizer Arbeitgeber f\u00fcr den Sommer 2020 d\u00fcster aus.","og_url":"https:\/\/www.organisator.ch\/en\/human-resources\/hrm\/2020-06-12\/historisch-schwache-beschaeftigungsaussichten-fuer-den-sommer-2020\/","og_site_name":"Organisator","article_publisher":"https:\/\/www.facebook.com\/OrganisatorFachmagazin","article_published_time":"2020-06-12T06:40:13+00:00","og_image":[{"width":680,"height":453,"url":"https:\/\/www.organisator.ch\/wp-content\/uploads\/2020\/06\/Historisch-schwache-Beschaeftigungsaussichten-fuer-den-Sommer-2020-1_Organisator.jpg","type":"image\/jpeg"}],"author":"thomas.berner","twitter_card":"summary_large_image","twitter_title":"Historisch schwache #Besch\u00e4ftigungsaussichten f\u00fcr den Sommer 2020","twitter_description":"Gem\u00e4ss dem aktuellen #ManpowerGroup #Arbeitsmarktbarometer fallen die #Besch\u00e4ftigungsaussichten der Schweizer Arbeitgeber f\u00fcr den Sommer 2020 d\u00fcster aus.","twitter_image":"https:\/\/www.organisator.ch\/wp-content\/uploads\/2020\/06\/Historisch-schwache-Beschaeftigungsaussichten-fuer-den-Sommer-2020-1_Organisator.jpg","schema":{"@context":"https:\/\/schema.org","@graph":[{"@type":"Article","@id":"https:\/\/www.organisator.ch\/human-resources\/hrm\/2020-06-12\/historisch-schwache-beschaeftigungsaussichten-fuer-den-sommer-2020\/#article","isPartOf":{"@id":"https:\/\/www.organisator.ch\/human-resources\/hrm\/2020-06-12\/historisch-schwache-beschaeftigungsaussichten-fuer-den-sommer-2020\/"},"author":{"name":"thomas.berner","@id":"https:\/\/www.organisator.ch\/#\/schema\/person\/6f650f90b2842cd4c0cc334b4e36f67e"},"headline":"Historisch schwache Besch\u00e4ftigungsaussichten f\u00fcr den Sommer 2020","datePublished":"2020-06-12T06:40:13+00:00","mainEntityOfPage":{"@id":"https:\/\/www.organisator.ch\/human-resources\/hrm\/2020-06-12\/historisch-schwache-beschaeftigungsaussichten-fuer-den-sommer-2020\/"},"wordCount":586,"publisher":{"@id":"https:\/\/www.organisator.ch\/#organization"},"image":{"@id":"https:\/\/www.organisator.ch\/human-resources\/hrm\/2020-06-12\/historisch-schwache-beschaeftigungsaussichten-fuer-den-sommer-2020\/#primaryimage"},"thumbnailUrl":"https:\/\/www.organisator.ch\/wp-content\/uploads\/2020\/06\/Historisch-schwache-Beschaeftigungsaussichten-fuer-den-Sommer-2020-1_Organisator.jpg","keywords":["Arbeitsmarkt","HRM","Management und Unternehmensf\u00fchrung","Wirtschaftspolitik"],"articleSection":["HRM"],"inLanguage":"en-US"},{"@type":"WebPage","@id":"https:\/\/www.organisator.ch\/human-resources\/hrm\/2020-06-12\/historisch-schwache-beschaeftigungsaussichten-fuer-den-sommer-2020\/","url":"https:\/\/www.organisator.ch\/human-resources\/hrm\/2020-06-12\/historisch-schwache-beschaeftigungsaussichten-fuer-den-sommer-2020\/","name":"Historically weak employment outlook for summer 2020 - organizer","isPartOf":{"@id":"https:\/\/www.organisator.ch\/#website"},"primaryImageOfPage":{"@id":"https:\/\/www.organisator.ch\/human-resources\/hrm\/2020-06-12\/historisch-schwache-beschaeftigungsaussichten-fuer-den-sommer-2020\/#primaryimage"},"image":{"@id":"https:\/\/www.organisator.ch\/human-resources\/hrm\/2020-06-12\/historisch-schwache-beschaeftigungsaussichten-fuer-den-sommer-2020\/#primaryimage"},"thumbnailUrl":"https:\/\/www.organisator.ch\/wp-content\/uploads\/2020\/06\/Historisch-schwache-Beschaeftigungsaussichten-fuer-den-Sommer-2020-1_Organisator.jpg","datePublished":"2020-06-12T06:40:13+00:00","description":"According to the latest ManpowerGroup Labor Market Barometer, the employment outlook of Swiss employers for the summer of 2020 is bleak.","breadcrumb":{"@id":"https:\/\/www.organisator.ch\/human-resources\/hrm\/2020-06-12\/historisch-schwache-beschaeftigungsaussichten-fuer-den-sommer-2020\/#breadcrumb"},"inLanguage":"en-US","potentialAction":[{"@type":"ReadAction","target":["https:\/\/www.organisator.ch\/human-resources\/hrm\/2020-06-12\/historisch-schwache-beschaeftigungsaussichten-fuer-den-sommer-2020\/"]}]},{"@type":"ImageObject","inLanguage":"en-US","@id":"https:\/\/www.organisator.ch\/human-resources\/hrm\/2020-06-12\/historisch-schwache-beschaeftigungsaussichten-fuer-den-sommer-2020\/#primaryimage","url":"https:\/\/www.organisator.ch\/wp-content\/uploads\/2020\/06\/Historisch-schwache-Beschaeftigungsaussichten-fuer-den-Sommer-2020-1_Organisator.jpg","contentUrl":"https:\/\/www.organisator.ch\/wp-content\/uploads\/2020\/06\/Historisch-schwache-Beschaeftigungsaussichten-fuer-den-Sommer-2020-1_Organisator.jpg","width":680,"height":453,"caption":"Die Besch\u00e4ftigungsaussichten f\u00fcr Sommer 2020 sind in der Schweiz alles andere als rosig. (Bild: Pixabay.com)"},{"@type":"BreadcrumbList","@id":"https:\/\/www.organisator.ch\/human-resources\/hrm\/2020-06-12\/historisch-schwache-beschaeftigungsaussichten-fuer-den-sommer-2020\/#breadcrumb","itemListElement":[{"@type":"ListItem","position":1,"name":"Home","item":"https:\/\/www.organisator.ch\/"},{"@type":"ListItem","position":2,"name":"Historisch schwache Besch\u00e4ftigungsaussichten f\u00fcr den Sommer 2020"}]},{"@type":"WebSite","@id":"https:\/\/www.organisator.ch\/#website","url":"https:\/\/www.organisator.ch\/","name":"Organizer","description":"Competent. Practical. In 10 issues per year, ORGANISATOR presents the essential topics for managers of SMEs.","publisher":{"@id":"https:\/\/www.organisator.ch\/#organization"},"potentialAction":[{"@type":"SearchAction","target":{"@type":"EntryPoint","urlTemplate":"https:\/\/www.organisator.ch\/?s={search_term_string}"},"query-input":{"@type":"PropertyValueSpecification","valueRequired":true,"valueName":"search_term_string"}}],"inLanguage":"en-US"},{"@type":"Organization","@id":"https:\/\/www.organisator.ch\/#organization","name":"Organizer","url":"https:\/\/www.organisator.ch\/","logo":{"@type":"ImageObject","inLanguage":"en-US","@id":"https:\/\/www.organisator.ch\/#\/schema\/logo\/image\/","url":"https:\/\/www.organisator.ch\/wp-content\/uploads\/2022\/01\/Logo_Organisator_Website.png","contentUrl":"https:\/\/www.organisator.ch\/wp-content\/uploads\/2022\/01\/Logo_Organisator_Website.png","width":800,"height":77,"caption":"Organisator"},"image":{"@id":"https:\/\/www.organisator.ch\/#\/schema\/logo\/image\/"},"sameAs":["https:\/\/www.facebook.com\/OrganisatorFachmagazin","https:\/\/www.linkedin.com\/showcase\/organisator-das-magazin-fr-kmu","https:\/\/www.xing.com\/news\/pages\/organisator-ch-695","https:\/\/www.youtube.com\/channel\/UCGP2Sq0iWaZwT3BdIAQFYpw"]},{"@type":"Person","@id":"https:\/\/www.organisator.ch\/#\/schema\/person\/6f650f90b2842cd4c0cc334b4e36f67e","name":"thomas.berner","image":{"@type":"ImageObject","inLanguage":"en-US","@id":"https:\/\/secure.gravatar.com\/avatar\/ac5001d2a36cb6c6cd3e50789007ffca834b477b74a2144564522e944eabff61?s=96&d=mm&r=g","url":"https:\/\/secure.gravatar.com\/avatar\/ac5001d2a36cb6c6cd3e50789007ffca834b477b74a2144564522e944eabff61?s=96&d=mm&r=g","contentUrl":"https:\/\/secure.gravatar.com\/avatar\/ac5001d2a36cb6c6cd3e50789007ffca834b477b74a2144564522e944eabff61?s=96&d=mm&r=g","caption":"thomas.berner"},"url":"https:\/\/www.organisator.ch\/en\/author\/thomas-berner\/"}]}},"_links":{"self":[{"href":"https:\/\/www.organisator.ch\/en\/wp-json\/wp\/v2\/posts\/6800","targetHints":{"allow":["GET"]}}],"collection":[{"href":"https:\/\/www.organisator.ch\/en\/wp-json\/wp\/v2\/posts"}],"about":[{"href":"https:\/\/www.organisator.ch\/en\/wp-json\/wp\/v2\/types\/post"}],"author":[{"embeddable":true,"href":"https:\/\/www.organisator.ch\/en\/wp-json\/wp\/v2\/users\/4"}],"replies":[{"embeddable":true,"href":"https:\/\/www.organisator.ch\/en\/wp-json\/wp\/v2\/comments?post=6800"}],"version-history":[{"count":0,"href":"https:\/\/www.organisator.ch\/en\/wp-json\/wp\/v2\/posts\/6800\/revisions"}],"wp:featuredmedia":[{"embeddable":true,"href":"https:\/\/www.organisator.ch\/en\/wp-json\/wp\/v2\/media\/6801"}],"wp:attachment":[{"href":"https:\/\/www.organisator.ch\/en\/wp-json\/wp\/v2\/media?parent=6800"}],"wp:term":[{"taxonomy":"category","embeddable":true,"href":"https:\/\/www.organisator.ch\/en\/wp-json\/wp\/v2\/categories?post=6800"},{"taxonomy":"post_tag","embeddable":true,"href":"https:\/\/www.organisator.ch\/en\/wp-json\/wp\/v2\/tags?post=6800"}],"curies":[{"name":"wp","href":"https:\/\/api.w.org\/{rel}","templated":true}]}}