{"id":6811,"date":"2020-06-16T08:35:18","date_gmt":"2020-06-16T06:35:18","guid":{"rendered":"https:\/\/www.organisator.ch\/?p=6811"},"modified":"2020-06-16T08:35:18","modified_gmt":"2020-06-16T06:35:18","slug":"trotz-corona-krise-mehr-offene-stellen-als-arbeitslose-fachkraefte-in-ict-berufen","status":"publish","type":"post","link":"https:\/\/www.organisator.ch\/en\/management\/it\/2020-06-16\/trotz-corona-krise-mehr-offene-stellen-als-arbeitslose-fachkraefte-in-ict-berufen\/","title":{"rendered":"Despite Corona crisis: More vacancies than unemployed skilled workers in ICT professions"},"content":{"rendered":"<figure id=\"attachment_6812\" aria-describedby=\"caption-attachment-6812\" style=\"width: 680px\" class=\"wp-caption alignnone\"><img loading=\"lazy\" decoding=\"async\" class=\"size-medium wp-image-6812\" src=\"https:\/\/www.organisator.ch\/wp-content\/uploads\/2020\/06\/Trotz-Corona-Krise-Mehr-offene-Stellen-als-arbeitslose-Fachkraefte-in-ICT-Berufen_Organisator.jpg\" alt=\"\" width=\"680\" height=\"461\" srcset=\"https:\/\/www.organisator.ch\/wp-content\/uploads\/2020\/06\/Trotz-Corona-Krise-Mehr-offene-Stellen-als-arbeitslose-Fachkraefte-in-ICT-Berufen_Organisator.jpg 680w, https:\/\/www.organisator.ch\/wp-content\/uploads\/2020\/06\/Trotz-Corona-Krise-Mehr-offene-Stellen-als-arbeitslose-Fachkraefte-in-ICT-Berufen_Organisator-16x12.jpg 16w, https:\/\/www.organisator.ch\/wp-content\/uploads\/2020\/06\/Trotz-Corona-Krise-Mehr-offene-Stellen-als-arbeitslose-Fachkraefte-in-ICT-Berufen_Organisator-258x175.jpg 258w, https:\/\/www.organisator.ch\/wp-content\/uploads\/2020\/06\/Trotz-Corona-Krise-Mehr-offene-Stellen-als-arbeitslose-Fachkraefte-in-ICT-Berufen_Organisator-516x350.jpg 516w, https:\/\/www.organisator.ch\/wp-content\/uploads\/2020\/06\/Trotz-Corona-Krise-Mehr-offene-Stellen-als-arbeitslose-Fachkraefte-in-ICT-Berufen_Organisator-300x203.jpg 300w\" sizes=\"auto, (max-width: 680px) 100vw, 680px\" \/><figcaption id=\"caption-attachment-6812\" class=\"wp-caption-text\">There are currently more vacancies than unemployed in the ICT occupational field. (Image: Pixabay.com)<\/figcaption><\/figure>\n<p>The umbrella organization ICTswitzerland is taking a close look at the Swiss ICT economy: Since June 15, 2020, all trends and key figures can be accessed and used online on the online platform \"Facts and Figures on the Digital Economy from a Single Source\". The information platform provides the public with a broad-based database that allows an independent and holistic insight into the ICT economy.<\/p>\n<h2>Many vacancies despite Corona crisis<\/h2>\n<p>The platform covers the six topics of labor market situation, employment structure, education, training needs, industry and cybersecurity. Users can access in-depth data to classify current developments and analyze Switzerland's strengths and weaknesses in key areas of digitization. Under the topic area \"<a href=\"https:\/\/ictswitzerland.ch\/facts-and-figures\/arbeitsmarkt\/\">Current labor market situation<\/a>\"For example, it becomes clear that the number of vacancies in the ICT occupational field (16,534) exceeds the number of unemployed professionals (4,305) by almost four times. This fact reflects the acute shortage of skilled workers in the ICT occupational field. At the same time, it can be concluded that the large supply of vacancies in times of crisis such as Corona can also be seen as a positive factor. After all, the dynamic ICT occupational field with its 242,600 employees (growth since 2010: +83,200, or +52%) has also been affected by the crisis in the Swiss labor market: since April 2020, the number of vacancies has fallen by 7.1%, while the number of unemployed has risen by 571. And in the subject area \"<a href=\"https:\/\/ictswitzerland.ch\/facts-and-figures\/bildung\/\">Education<\/a>\", it can be seen that 9 times more men continue to complete basic ICT training than women (2018: 1990 men, 220 women).<\/p>\n<h2>Monthly updated data<\/h2>\n<p>Andreas Kaelin, CEO of ICTswitzerland, emphasizes: \"In addition to intuitive use, the quality, trustworthiness and completeness of the data are particularly important to us. The data comes from reputable and objective sources. They are checked and updated monthly by our commissioned economist Nils Braun-Dubler from the Institute for Economic Studies Basel (IWSB).\"<\/p>\n<p><em>Source and further information: <a href=\"https:\/\/ictswitzerland.ch\/facts-and-figures\">www.ictswitzerland.ch\/facts-and-figures<\/a><\/em><\/p>","protected":false},"excerpt":{"rendered":"<p>Der Dachverband ICTswitzerland nimmt die Schweizer ICT-Wirtschaft unter die Lupe: Auf der Onlineplattform \u00abFacts and Figures zur digitalen Wirtschaft aus einer Hand\u00bb k\u00f6nnen seit 15. Juni 2020 heute s\u00e4mtliche Trends und zentralen Kennzahlen online abgerufen und verwendet werden. Mit der Informationsplattform wird der \u00d6ffentlichkeit eine breit angelegte Datenbasis zur Verf\u00fcgung gestellt, die einen unabh\u00e4ngigen und [&hellip;]<\/p>\n","protected":false},"author":4,"featured_media":6812,"comment_status":"closed","ping_status":"closed","sticky":false,"template":"","format":"standard","meta":{"_acf_changed":false,"_yoast_wpseo_focuskw":"offene Stellen","_yoast_wpseo_metadesc":"Auf jede arbeitslose Fachkraft im Berufsfeld ICT kommen vier offene Stellen. Das sind gute Neuigkeiten f\u00fcr ICT-Fachkr\u00e4fte in der Schweiz.","articlekey":"","footnotes":""},"categories":[27],"tags":[47,254,286],"class_list":["post-6811","post","type-post","status-publish","format-standard","has-post-thumbnail","hentry","category-it","tag-arbeitsmarkt","tag-hrm","tag-it"],"acf":[],"yoast_head":"<!-- This site is optimized with the Yoast SEO plugin v27.4 - https:\/\/yoast.com\/product\/yoast-seo-wordpress\/ -->\n<title>Trotz Corona-Krise: Mehr offene Stellen als arbeitslose Fachkr\u00e4fte in ICT-Berufen - Organisator<\/title>\n<meta name=\"description\" content=\"Auf jede arbeitslose Fachkraft im Berufsfeld ICT kommen vier offene Stellen. Das sind gute Neuigkeiten f\u00fcr ICT-Fachkr\u00e4fte in der Schweiz.\" \/>\n<meta name=\"robots\" content=\"index, follow, max-snippet:-1, max-image-preview:large, max-video-preview:-1\" \/>\n<link rel=\"canonical\" href=\"https:\/\/www.organisator.ch\/en\/management\/it\/2020-06-16\/trotz-corona-krise-mehr-offene-stellen-als-arbeitslose-fachkraefte-in-ict-berufen\/\" \/>\n<meta property=\"og:locale\" content=\"en_US\" \/>\n<meta property=\"og:type\" content=\"article\" \/>\n<meta property=\"og:title\" content=\"Trotz Corona-Krise: Mehr offene Stellen als arbeitslose Fachkr\u00e4fte in ICT-Berufen\" \/>\n<meta property=\"og:description\" content=\"Auf jede arbeitslose Fachkraft im Berufsfeld ICT kommen vier offene Stellen. Das sind gute Neuigkeiten f\u00fcr ICT-Fachkr\u00e4fte in der Schweiz.\" \/>\n<meta property=\"og:url\" content=\"https:\/\/www.organisator.ch\/en\/management\/it\/2020-06-16\/trotz-corona-krise-mehr-offene-stellen-als-arbeitslose-fachkraefte-in-ict-berufen\/\" \/>\n<meta property=\"og:site_name\" content=\"Organisator\" \/>\n<meta property=\"article:publisher\" content=\"https:\/\/www.facebook.com\/OrganisatorFachmagazin\" \/>\n<meta property=\"article:published_time\" content=\"2020-06-16T06:35:18+00:00\" \/>\n<meta property=\"og:image\" content=\"https:\/\/www.organisator.ch\/wp-content\/uploads\/2020\/06\/Trotz-Corona-Krise-Mehr-offene-Stellen-als-arbeitslose-Fachkraefte-in-ICT-Berufen_Organisator.jpg\" \/>\n\t<meta property=\"og:image:width\" content=\"680\" \/>\n\t<meta property=\"og:image:height\" content=\"461\" \/>\n\t<meta property=\"og:image:type\" content=\"image\/jpeg\" \/>\n<meta name=\"author\" content=\"thomas.berner\" \/>\n<meta name=\"twitter:card\" content=\"summary_large_image\" \/>\n<meta name=\"twitter:title\" content=\"Trotz #Corona-Krise: Mehr offene Stellen als arbeitslose Fachkr\u00e4fte in #ICT-Berufen\" \/>\n<meta name=\"twitter:description\" content=\"Auf jede arbeitslose #Fachkraft im Berufsfeld #ICT kommen vier offene Stellen. Das sind gute Neuigkeiten f\u00fcr #ICT-Fachkr\u00e4fte in der Schweiz.\" \/>\n<meta name=\"twitter:image\" content=\"https:\/\/www.organisator.ch\/wp-content\/uploads\/2020\/06\/Trotz-Corona-Krise-Mehr-offene-Stellen-als-arbeitslose-Fachkraefte-in-ICT-Berufen_Organisator.jpg\" \/>\n<script type=\"application\/ld+json\" class=\"yoast-schema-graph\">{\"@context\":\"https:\\\/\\\/schema.org\",\"@graph\":[{\"@type\":\"Article\",\"@id\":\"https:\\\/\\\/www.organisator.ch\\\/management\\\/it\\\/2020-06-16\\\/trotz-corona-krise-mehr-offene-stellen-als-arbeitslose-fachkraefte-in-ict-berufen\\\/#article\",\"isPartOf\":{\"@id\":\"https:\\\/\\\/www.organisator.ch\\\/management\\\/it\\\/2020-06-16\\\/trotz-corona-krise-mehr-offene-stellen-als-arbeitslose-fachkraefte-in-ict-berufen\\\/\"},\"author\":{\"name\":\"thomas.berner\",\"@id\":\"https:\\\/\\\/www.organisator.ch\\\/#\\\/schema\\\/person\\\/6f650f90b2842cd4c0cc334b4e36f67e\"},\"headline\":\"Trotz Corona-Krise: Mehr offene Stellen als arbeitslose Fachkr\u00e4fte in ICT-Berufen\",\"datePublished\":\"2020-06-16T06:35:18+00:00\",\"mainEntityOfPage\":{\"@id\":\"https:\\\/\\\/www.organisator.ch\\\/management\\\/it\\\/2020-06-16\\\/trotz-corona-krise-mehr-offene-stellen-als-arbeitslose-fachkraefte-in-ict-berufen\\\/\"},\"wordCount\":325,\"publisher\":{\"@id\":\"https:\\\/\\\/www.organisator.ch\\\/#organization\"},\"image\":{\"@id\":\"https:\\\/\\\/www.organisator.ch\\\/management\\\/it\\\/2020-06-16\\\/trotz-corona-krise-mehr-offene-stellen-als-arbeitslose-fachkraefte-in-ict-berufen\\\/#primaryimage\"},\"thumbnailUrl\":\"https:\\\/\\\/www.organisator.ch\\\/wp-content\\\/uploads\\\/2020\\\/06\\\/Trotz-Corona-Krise-Mehr-offene-Stellen-als-arbeitslose-Fachkraefte-in-ICT-Berufen_Organisator.jpg\",\"keywords\":[\"Arbeitsmarkt\",\"HRM\",\"IT\"],\"articleSection\":[\"IT\"],\"inLanguage\":\"en-US\"},{\"@type\":\"WebPage\",\"@id\":\"https:\\\/\\\/www.organisator.ch\\\/management\\\/it\\\/2020-06-16\\\/trotz-corona-krise-mehr-offene-stellen-als-arbeitslose-fachkraefte-in-ict-berufen\\\/\",\"url\":\"https:\\\/\\\/www.organisator.ch\\\/management\\\/it\\\/2020-06-16\\\/trotz-corona-krise-mehr-offene-stellen-als-arbeitslose-fachkraefte-in-ict-berufen\\\/\",\"name\":\"Trotz Corona-Krise: Mehr offene Stellen als arbeitslose Fachkr\u00e4fte in ICT-Berufen - Organisator\",\"isPartOf\":{\"@id\":\"https:\\\/\\\/www.organisator.ch\\\/#website\"},\"primaryImageOfPage\":{\"@id\":\"https:\\\/\\\/www.organisator.ch\\\/management\\\/it\\\/2020-06-16\\\/trotz-corona-krise-mehr-offene-stellen-als-arbeitslose-fachkraefte-in-ict-berufen\\\/#primaryimage\"},\"image\":{\"@id\":\"https:\\\/\\\/www.organisator.ch\\\/management\\\/it\\\/2020-06-16\\\/trotz-corona-krise-mehr-offene-stellen-als-arbeitslose-fachkraefte-in-ict-berufen\\\/#primaryimage\"},\"thumbnailUrl\":\"https:\\\/\\\/www.organisator.ch\\\/wp-content\\\/uploads\\\/2020\\\/06\\\/Trotz-Corona-Krise-Mehr-offene-Stellen-als-arbeitslose-Fachkraefte-in-ICT-Berufen_Organisator.jpg\",\"datePublished\":\"2020-06-16T06:35:18+00:00\",\"description\":\"Auf jede arbeitslose Fachkraft im Berufsfeld ICT kommen vier offene Stellen. Das sind gute Neuigkeiten f\u00fcr ICT-Fachkr\u00e4fte in der Schweiz.\",\"breadcrumb\":{\"@id\":\"https:\\\/\\\/www.organisator.ch\\\/management\\\/it\\\/2020-06-16\\\/trotz-corona-krise-mehr-offene-stellen-als-arbeitslose-fachkraefte-in-ict-berufen\\\/#breadcrumb\"},\"inLanguage\":\"en-US\",\"potentialAction\":[{\"@type\":\"ReadAction\",\"target\":[\"https:\\\/\\\/www.organisator.ch\\\/management\\\/it\\\/2020-06-16\\\/trotz-corona-krise-mehr-offene-stellen-als-arbeitslose-fachkraefte-in-ict-berufen\\\/\"]}]},{\"@type\":\"ImageObject\",\"inLanguage\":\"en-US\",\"@id\":\"https:\\\/\\\/www.organisator.ch\\\/management\\\/it\\\/2020-06-16\\\/trotz-corona-krise-mehr-offene-stellen-als-arbeitslose-fachkraefte-in-ict-berufen\\\/#primaryimage\",\"url\":\"https:\\\/\\\/www.organisator.ch\\\/wp-content\\\/uploads\\\/2020\\\/06\\\/Trotz-Corona-Krise-Mehr-offene-Stellen-als-arbeitslose-Fachkraefte-in-ICT-Berufen_Organisator.jpg\",\"contentUrl\":\"https:\\\/\\\/www.organisator.ch\\\/wp-content\\\/uploads\\\/2020\\\/06\\\/Trotz-Corona-Krise-Mehr-offene-Stellen-als-arbeitslose-Fachkraefte-in-ICT-Berufen_Organisator.jpg\",\"width\":680,\"height\":461,\"caption\":\"Im ICT-Berufsfeld gibt es derzeit mehr offene Stellen als Arbeitslose. (Bild: Pixabay.com)\"},{\"@type\":\"BreadcrumbList\",\"@id\":\"https:\\\/\\\/www.organisator.ch\\\/management\\\/it\\\/2020-06-16\\\/trotz-corona-krise-mehr-offene-stellen-als-arbeitslose-fachkraefte-in-ict-berufen\\\/#breadcrumb\",\"itemListElement\":[{\"@type\":\"ListItem\",\"position\":1,\"name\":\"Home\",\"item\":\"https:\\\/\\\/www.organisator.ch\\\/\"},{\"@type\":\"ListItem\",\"position\":2,\"name\":\"Trotz Corona-Krise: Mehr offene Stellen als arbeitslose Fachkr\u00e4fte in ICT-Berufen\"}]},{\"@type\":\"WebSite\",\"@id\":\"https:\\\/\\\/www.organisator.ch\\\/#website\",\"url\":\"https:\\\/\\\/www.organisator.ch\\\/\",\"name\":\"Organisator\",\"description\":\"Kompetent. Praxisnah. Der ORGANISATOR bereitet in 10 Ausgaben pro Jahr die wesentlichen Themen f\u00fcr F\u00fchrungskr\u00e4fte von KMU auf.\",\"publisher\":{\"@id\":\"https:\\\/\\\/www.organisator.ch\\\/#organization\"},\"potentialAction\":[{\"@type\":\"SearchAction\",\"target\":{\"@type\":\"EntryPoint\",\"urlTemplate\":\"https:\\\/\\\/www.organisator.ch\\\/?s={search_term_string}\"},\"query-input\":{\"@type\":\"PropertyValueSpecification\",\"valueRequired\":true,\"valueName\":\"search_term_string\"}}],\"inLanguage\":\"en-US\"},{\"@type\":\"Organization\",\"@id\":\"https:\\\/\\\/www.organisator.ch\\\/#organization\",\"name\":\"Organisator\",\"url\":\"https:\\\/\\\/www.organisator.ch\\\/\",\"logo\":{\"@type\":\"ImageObject\",\"inLanguage\":\"en-US\",\"@id\":\"https:\\\/\\\/www.organisator.ch\\\/#\\\/schema\\\/logo\\\/image\\\/\",\"url\":\"https:\\\/\\\/www.organisator.ch\\\/wp-content\\\/uploads\\\/2022\\\/01\\\/Logo_Organisator_Website.png\",\"contentUrl\":\"https:\\\/\\\/www.organisator.ch\\\/wp-content\\\/uploads\\\/2022\\\/01\\\/Logo_Organisator_Website.png\",\"width\":800,\"height\":77,\"caption\":\"Organisator\"},\"image\":{\"@id\":\"https:\\\/\\\/www.organisator.ch\\\/#\\\/schema\\\/logo\\\/image\\\/\"},\"sameAs\":[\"https:\\\/\\\/www.facebook.com\\\/OrganisatorFachmagazin\",\"https:\\\/\\\/www.linkedin.com\\\/showcase\\\/organisator-das-magazin-fr-kmu\",\"https:\\\/\\\/www.xing.com\\\/news\\\/pages\\\/organisator-ch-695\",\"https:\\\/\\\/www.youtube.com\\\/channel\\\/UCGP2Sq0iWaZwT3BdIAQFYpw\"]},{\"@type\":\"Person\",\"@id\":\"https:\\\/\\\/www.organisator.ch\\\/#\\\/schema\\\/person\\\/6f650f90b2842cd4c0cc334b4e36f67e\",\"name\":\"thomas.berner\",\"image\":{\"@type\":\"ImageObject\",\"inLanguage\":\"en-US\",\"@id\":\"https:\\\/\\\/secure.gravatar.com\\\/avatar\\\/ac5001d2a36cb6c6cd3e50789007ffca834b477b74a2144564522e944eabff61?s=96&d=mm&r=g\",\"url\":\"https:\\\/\\\/secure.gravatar.com\\\/avatar\\\/ac5001d2a36cb6c6cd3e50789007ffca834b477b74a2144564522e944eabff61?s=96&d=mm&r=g\",\"contentUrl\":\"https:\\\/\\\/secure.gravatar.com\\\/avatar\\\/ac5001d2a36cb6c6cd3e50789007ffca834b477b74a2144564522e944eabff61?s=96&d=mm&r=g\",\"caption\":\"thomas.berner\"},\"url\":\"https:\\\/\\\/www.organisator.ch\\\/en\\\/author\\\/thomas-berner\\\/\"}]}<\/script>\n<!-- \/ Yoast SEO plugin. -->","yoast_head_json":{"title":"Despite Corona crisis: More vacancies than unemployed specialists in ICT professions - Organizer","description":"For every unemployed ICT professional, there are four job openings. This is good news for ICT professionals in Switzerland.","robots":{"index":"index","follow":"follow","max-snippet":"max-snippet:-1","max-image-preview":"max-image-preview:large","max-video-preview":"max-video-preview:-1"},"canonical":"https:\/\/www.organisator.ch\/en\/management\/it\/2020-06-16\/trotz-corona-krise-mehr-offene-stellen-als-arbeitslose-fachkraefte-in-ict-berufen\/","og_locale":"en_US","og_type":"article","og_title":"Trotz Corona-Krise: Mehr offene Stellen als arbeitslose Fachkr\u00e4fte in ICT-Berufen","og_description":"Auf jede arbeitslose Fachkraft im Berufsfeld ICT kommen vier offene Stellen. Das sind gute Neuigkeiten f\u00fcr ICT-Fachkr\u00e4fte in der Schweiz.","og_url":"https:\/\/www.organisator.ch\/en\/management\/it\/2020-06-16\/trotz-corona-krise-mehr-offene-stellen-als-arbeitslose-fachkraefte-in-ict-berufen\/","og_site_name":"Organisator","article_publisher":"https:\/\/www.facebook.com\/OrganisatorFachmagazin","article_published_time":"2020-06-16T06:35:18+00:00","og_image":[{"width":680,"height":461,"url":"https:\/\/www.organisator.ch\/wp-content\/uploads\/2020\/06\/Trotz-Corona-Krise-Mehr-offene-Stellen-als-arbeitslose-Fachkraefte-in-ICT-Berufen_Organisator.jpg","type":"image\/jpeg"}],"author":"thomas.berner","twitter_card":"summary_large_image","twitter_title":"Trotz #Corona-Krise: Mehr offene Stellen als arbeitslose Fachkr\u00e4fte in #ICT-Berufen","twitter_description":"Auf jede arbeitslose #Fachkraft im Berufsfeld #ICT kommen vier offene Stellen. Das sind gute Neuigkeiten f\u00fcr #ICT-Fachkr\u00e4fte in der Schweiz.","twitter_image":"https:\/\/www.organisator.ch\/wp-content\/uploads\/2020\/06\/Trotz-Corona-Krise-Mehr-offene-Stellen-als-arbeitslose-Fachkraefte-in-ICT-Berufen_Organisator.jpg","schema":{"@context":"https:\/\/schema.org","@graph":[{"@type":"Article","@id":"https:\/\/www.organisator.ch\/management\/it\/2020-06-16\/trotz-corona-krise-mehr-offene-stellen-als-arbeitslose-fachkraefte-in-ict-berufen\/#article","isPartOf":{"@id":"https:\/\/www.organisator.ch\/management\/it\/2020-06-16\/trotz-corona-krise-mehr-offene-stellen-als-arbeitslose-fachkraefte-in-ict-berufen\/"},"author":{"name":"thomas.berner","@id":"https:\/\/www.organisator.ch\/#\/schema\/person\/6f650f90b2842cd4c0cc334b4e36f67e"},"headline":"Trotz Corona-Krise: Mehr offene Stellen als arbeitslose Fachkr\u00e4fte in ICT-Berufen","datePublished":"2020-06-16T06:35:18+00:00","mainEntityOfPage":{"@id":"https:\/\/www.organisator.ch\/management\/it\/2020-06-16\/trotz-corona-krise-mehr-offene-stellen-als-arbeitslose-fachkraefte-in-ict-berufen\/"},"wordCount":325,"publisher":{"@id":"https:\/\/www.organisator.ch\/#organization"},"image":{"@id":"https:\/\/www.organisator.ch\/management\/it\/2020-06-16\/trotz-corona-krise-mehr-offene-stellen-als-arbeitslose-fachkraefte-in-ict-berufen\/#primaryimage"},"thumbnailUrl":"https:\/\/www.organisator.ch\/wp-content\/uploads\/2020\/06\/Trotz-Corona-Krise-Mehr-offene-Stellen-als-arbeitslose-Fachkraefte-in-ICT-Berufen_Organisator.jpg","keywords":["Arbeitsmarkt","HRM","IT"],"articleSection":["IT"],"inLanguage":"en-US"},{"@type":"WebPage","@id":"https:\/\/www.organisator.ch\/management\/it\/2020-06-16\/trotz-corona-krise-mehr-offene-stellen-als-arbeitslose-fachkraefte-in-ict-berufen\/","url":"https:\/\/www.organisator.ch\/management\/it\/2020-06-16\/trotz-corona-krise-mehr-offene-stellen-als-arbeitslose-fachkraefte-in-ict-berufen\/","name":"Despite Corona crisis: More vacancies than unemployed specialists in ICT professions - Organizer","isPartOf":{"@id":"https:\/\/www.organisator.ch\/#website"},"primaryImageOfPage":{"@id":"https:\/\/www.organisator.ch\/management\/it\/2020-06-16\/trotz-corona-krise-mehr-offene-stellen-als-arbeitslose-fachkraefte-in-ict-berufen\/#primaryimage"},"image":{"@id":"https:\/\/www.organisator.ch\/management\/it\/2020-06-16\/trotz-corona-krise-mehr-offene-stellen-als-arbeitslose-fachkraefte-in-ict-berufen\/#primaryimage"},"thumbnailUrl":"https:\/\/www.organisator.ch\/wp-content\/uploads\/2020\/06\/Trotz-Corona-Krise-Mehr-offene-Stellen-als-arbeitslose-Fachkraefte-in-ICT-Berufen_Organisator.jpg","datePublished":"2020-06-16T06:35:18+00:00","description":"For every unemployed ICT professional, there are four job openings. This is good news for ICT professionals in Switzerland.","breadcrumb":{"@id":"https:\/\/www.organisator.ch\/management\/it\/2020-06-16\/trotz-corona-krise-mehr-offene-stellen-als-arbeitslose-fachkraefte-in-ict-berufen\/#breadcrumb"},"inLanguage":"en-US","potentialAction":[{"@type":"ReadAction","target":["https:\/\/www.organisator.ch\/management\/it\/2020-06-16\/trotz-corona-krise-mehr-offene-stellen-als-arbeitslose-fachkraefte-in-ict-berufen\/"]}]},{"@type":"ImageObject","inLanguage":"en-US","@id":"https:\/\/www.organisator.ch\/management\/it\/2020-06-16\/trotz-corona-krise-mehr-offene-stellen-als-arbeitslose-fachkraefte-in-ict-berufen\/#primaryimage","url":"https:\/\/www.organisator.ch\/wp-content\/uploads\/2020\/06\/Trotz-Corona-Krise-Mehr-offene-Stellen-als-arbeitslose-Fachkraefte-in-ICT-Berufen_Organisator.jpg","contentUrl":"https:\/\/www.organisator.ch\/wp-content\/uploads\/2020\/06\/Trotz-Corona-Krise-Mehr-offene-Stellen-als-arbeitslose-Fachkraefte-in-ICT-Berufen_Organisator.jpg","width":680,"height":461,"caption":"Im ICT-Berufsfeld gibt es derzeit mehr offene Stellen als Arbeitslose. (Bild: Pixabay.com)"},{"@type":"BreadcrumbList","@id":"https:\/\/www.organisator.ch\/management\/it\/2020-06-16\/trotz-corona-krise-mehr-offene-stellen-als-arbeitslose-fachkraefte-in-ict-berufen\/#breadcrumb","itemListElement":[{"@type":"ListItem","position":1,"name":"Home","item":"https:\/\/www.organisator.ch\/"},{"@type":"ListItem","position":2,"name":"Trotz Corona-Krise: Mehr offene Stellen als arbeitslose Fachkr\u00e4fte in ICT-Berufen"}]},{"@type":"WebSite","@id":"https:\/\/www.organisator.ch\/#website","url":"https:\/\/www.organisator.ch\/","name":"Organizer","description":"Competent. Practical. In 10 issues per year, ORGANISATOR presents the essential topics for managers of SMEs.","publisher":{"@id":"https:\/\/www.organisator.ch\/#organization"},"potentialAction":[{"@type":"SearchAction","target":{"@type":"EntryPoint","urlTemplate":"https:\/\/www.organisator.ch\/?s={search_term_string}"},"query-input":{"@type":"PropertyValueSpecification","valueRequired":true,"valueName":"search_term_string"}}],"inLanguage":"en-US"},{"@type":"Organization","@id":"https:\/\/www.organisator.ch\/#organization","name":"Organizer","url":"https:\/\/www.organisator.ch\/","logo":{"@type":"ImageObject","inLanguage":"en-US","@id":"https:\/\/www.organisator.ch\/#\/schema\/logo\/image\/","url":"https:\/\/www.organisator.ch\/wp-content\/uploads\/2022\/01\/Logo_Organisator_Website.png","contentUrl":"https:\/\/www.organisator.ch\/wp-content\/uploads\/2022\/01\/Logo_Organisator_Website.png","width":800,"height":77,"caption":"Organisator"},"image":{"@id":"https:\/\/www.organisator.ch\/#\/schema\/logo\/image\/"},"sameAs":["https:\/\/www.facebook.com\/OrganisatorFachmagazin","https:\/\/www.linkedin.com\/showcase\/organisator-das-magazin-fr-kmu","https:\/\/www.xing.com\/news\/pages\/organisator-ch-695","https:\/\/www.youtube.com\/channel\/UCGP2Sq0iWaZwT3BdIAQFYpw"]},{"@type":"Person","@id":"https:\/\/www.organisator.ch\/#\/schema\/person\/6f650f90b2842cd4c0cc334b4e36f67e","name":"thomas.berner","image":{"@type":"ImageObject","inLanguage":"en-US","@id":"https:\/\/secure.gravatar.com\/avatar\/ac5001d2a36cb6c6cd3e50789007ffca834b477b74a2144564522e944eabff61?s=96&d=mm&r=g","url":"https:\/\/secure.gravatar.com\/avatar\/ac5001d2a36cb6c6cd3e50789007ffca834b477b74a2144564522e944eabff61?s=96&d=mm&r=g","contentUrl":"https:\/\/secure.gravatar.com\/avatar\/ac5001d2a36cb6c6cd3e50789007ffca834b477b74a2144564522e944eabff61?s=96&d=mm&r=g","caption":"thomas.berner"},"url":"https:\/\/www.organisator.ch\/en\/author\/thomas-berner\/"}]}},"_links":{"self":[{"href":"https:\/\/www.organisator.ch\/en\/wp-json\/wp\/v2\/posts\/6811","targetHints":{"allow":["GET"]}}],"collection":[{"href":"https:\/\/www.organisator.ch\/en\/wp-json\/wp\/v2\/posts"}],"about":[{"href":"https:\/\/www.organisator.ch\/en\/wp-json\/wp\/v2\/types\/post"}],"author":[{"embeddable":true,"href":"https:\/\/www.organisator.ch\/en\/wp-json\/wp\/v2\/users\/4"}],"replies":[{"embeddable":true,"href":"https:\/\/www.organisator.ch\/en\/wp-json\/wp\/v2\/comments?post=6811"}],"version-history":[{"count":0,"href":"https:\/\/www.organisator.ch\/en\/wp-json\/wp\/v2\/posts\/6811\/revisions"}],"wp:featuredmedia":[{"embeddable":true,"href":"https:\/\/www.organisator.ch\/en\/wp-json\/wp\/v2\/media\/6812"}],"wp:attachment":[{"href":"https:\/\/www.organisator.ch\/en\/wp-json\/wp\/v2\/media?parent=6811"}],"wp:term":[{"taxonomy":"category","embeddable":true,"href":"https:\/\/www.organisator.ch\/en\/wp-json\/wp\/v2\/categories?post=6811"},{"taxonomy":"post_tag","embeddable":true,"href":"https:\/\/www.organisator.ch\/en\/wp-json\/wp\/v2\/tags?post=6811"}],"curies":[{"name":"wp","href":"https:\/\/api.w.org\/{rel}","templated":true}]}}