{"id":6818,"date":"2020-06-17T09:17:59","date_gmt":"2020-06-17T07:17:59","guid":{"rendered":"https:\/\/www.organisator.ch\/?p=6818"},"modified":"2020-06-17T09:17:59","modified_gmt":"2020-06-17T07:17:59","slug":"helvetia-und-raiffeisen-gehen-getrennte-wege","status":"publish","type":"post","link":"https:\/\/www.organisator.ch\/en\/management\/finanzen_recht\/2020-06-17\/helvetia-und-raiffeisen-gehen-getrennte-wege\/","title":{"rendered":"Helvetia and Raiffeisen go their separate ways"},"content":{"rendered":"<figure id=\"attachment_6819\" aria-describedby=\"caption-attachment-6819\" style=\"width: 680px\" class=\"wp-caption alignnone\"><img loading=\"lazy\" decoding=\"async\" class=\"size-medium wp-image-6819\" src=\"https:\/\/www.organisator.ch\/wp-content\/uploads\/2020\/06\/Helvetia-und-Raiffeisen-gehen-getrennte-Wege_Organisator.jpg\" alt=\"\" width=\"680\" height=\"369\" srcset=\"https:\/\/www.organisator.ch\/wp-content\/uploads\/2020\/06\/Helvetia-und-Raiffeisen-gehen-getrennte-Wege_Organisator.jpg 680w, https:\/\/www.organisator.ch\/wp-content\/uploads\/2020\/06\/Helvetia-und-Raiffeisen-gehen-getrennte-Wege_Organisator-16x9.jpg 16w, https:\/\/www.organisator.ch\/wp-content\/uploads\/2020\/06\/Helvetia-und-Raiffeisen-gehen-getrennte-Wege_Organisator-322x175.jpg 322w, https:\/\/www.organisator.ch\/wp-content\/uploads\/2020\/06\/Helvetia-und-Raiffeisen-gehen-getrennte-Wege_Organisator-645x350.jpg 645w, https:\/\/www.organisator.ch\/wp-content\/uploads\/2020\/06\/Helvetia-und-Raiffeisen-gehen-getrennte-Wege_Organisator-300x163.jpg 300w\" sizes=\"auto, (max-width: 680px) 100vw, 680px\" \/><figcaption id=\"caption-attachment-6819\" class=\"wp-caption-text\">Helvetia and Raiffeisen will end their long-standing cooperation at the end of 2020. (Image: Helvetia \/ Raiffeisen)<\/figcaption><\/figure>\n<p>After 20 years of successful cooperation, Helvetia and Raiffeisen have decided to dissolve their exclusive sales cooperation by mutual agreement. This allows the two companies to flexibly pursue their own strategic goals independently of each other, according to the media release issued on June 17, 2020. Raiffeisen Switzerland had already put the cooperation out to tender in the first half of 2019, the communiqu\u00e9 added.<\/p>\n<h2>Helvetia and Raiffeisen: A relationship ends<\/h2>\n<p style=\"font-style: inherit; font-weight: inherit;\">The partnership between the insurance and financial services provider has existed since 1999, during which time both companies have successfully developed: Raiffeisen became a systemically important Swiss banking group, Helvetia became the leading Swiss bancassurance company in Switzerland with a strong second pillar in Europe. With its many years of experience in the bancassurance business in the areas of residential property protection, investments and pensions, Helvetia intends to tap into additional business areas and drive forward the development of its ecosystems as technological change continues. In doing so, the insurer will pursue even more targeted digital paths to realize innovations and cooperations.<\/p>\n<h2>Customer relationships not affected<\/h2>\n<p style=\"font-style: inherit; font-weight: inherit;\">The decision will not affect existing customer relationships between Raiffeisen and Helvetia, they said. Customer service will continue to be provided by Helvetia in a professional and needs-based manner. Helvetia generated a business volume in the mid-double-digit million range via Raiffeisen's sales channels in the 2019 financial year, primarily in the Swiss individual life business, which corresponds to slightly less than 10 percent of new business in this area. The resulting contribution to earnings had only an insignificant impact in the low single-digit million range on Helvetia's profit in 2019.<\/p>\n<p><em>Source and further information: <a href=\"http:\/\/www.helvetia.ch\">www.helvetia.ch<\/a><\/em><\/p>","protected":false},"excerpt":{"rendered":"<p>Nach 20 Jahren erfolgreicher Zusammenarbeit haben sich Helvetia und Raiffeisen entschieden, ihre exklusive Vertriebs-Kooperation in gegenseitigem Einvernehmen aufzul\u00f6sen. Dies erlaube den beiden Unternehmen, ihre eigenen strategischen Ziele unabh\u00e4ngig voneinander flexibel weiterzuverfolgen, heisst es in der am 17. Juni 2020 ver\u00f6ffentlichten Mitteilung an die Medien. Raiffeisen Schweiz habe die Kooperation bereits im ersten Semester 2019 ausgeschrieben, [&hellip;]<\/p>\n","protected":false},"author":4,"featured_media":6819,"comment_status":"closed","ping_status":"closed","sticky":false,"template":"","format":"standard","meta":{"_acf_changed":false,"_yoast_wpseo_focuskw":"Helvetia und Raiffeisen","_yoast_wpseo_metadesc":"Helvetia und Raiffeisen beenden per 31. Dezember 2020 ihre langj\u00e4hrige und exklusive Vertriebs-Kooperation in gegenseitigem Einvernehmen.","articlekey":"","footnotes":""},"categories":[24],"tags":[69,202,492,511],"class_list":["post-6818","post","type-post","status-publish","format-standard","has-post-thumbnail","hentry","category-finanzen_recht","tag-banken","tag-finanzenrecht","tag-unternehmen","tag-versicherungen"],"acf":[],"yoast_head":"<!-- This site is optimized with the Yoast SEO plugin v27.4 - https:\/\/yoast.com\/product\/yoast-seo-wordpress\/ -->\n<title>Helvetia und Raiffeisen gehen getrennte Wege - Organisator<\/title>\n<meta name=\"description\" content=\"Helvetia und Raiffeisen beenden per 31. Dezember 2020 ihre langj\u00e4hrige und exklusive Vertriebs-Kooperation in gegenseitigem Einvernehmen.\" \/>\n<meta name=\"robots\" content=\"index, follow, max-snippet:-1, max-image-preview:large, max-video-preview:-1\" \/>\n<link rel=\"canonical\" href=\"https:\/\/www.organisator.ch\/en\/management\/finanzen_recht\/2020-06-17\/helvetia-und-raiffeisen-gehen-getrennte-wege\/\" \/>\n<meta property=\"og:locale\" content=\"en_US\" \/>\n<meta property=\"og:type\" content=\"article\" \/>\n<meta property=\"og:title\" content=\"Helvetia und Raiffeisen gehen getrennte Wege\" \/>\n<meta property=\"og:description\" content=\"Helvetia und Raiffeisen beenden per 31. Dezember 2020 ihre langj\u00e4hrige und exklusive Vertriebs-Kooperation in gegenseitigem Einvernehmen.\" \/>\n<meta property=\"og:url\" content=\"https:\/\/www.organisator.ch\/en\/management\/finanzen_recht\/2020-06-17\/helvetia-und-raiffeisen-gehen-getrennte-wege\/\" \/>\n<meta property=\"og:site_name\" content=\"Organisator\" \/>\n<meta property=\"article:publisher\" content=\"https:\/\/www.facebook.com\/OrganisatorFachmagazin\" \/>\n<meta property=\"article:published_time\" content=\"2020-06-17T07:17:59+00:00\" \/>\n<meta property=\"og:image\" content=\"https:\/\/www.organisator.ch\/wp-content\/uploads\/2020\/06\/Helvetia-und-Raiffeisen-gehen-getrennte-Wege_Organisator.jpg\" \/>\n\t<meta property=\"og:image:width\" content=\"680\" \/>\n\t<meta property=\"og:image:height\" content=\"369\" \/>\n\t<meta property=\"og:image:type\" content=\"image\/jpeg\" \/>\n<meta name=\"author\" content=\"thomas.berner\" \/>\n<meta name=\"twitter:card\" content=\"summary_large_image\" \/>\n<meta name=\"twitter:title\" content=\"#Helvetia und #Raiffeisen gehen getrennte Wege\" \/>\n<meta name=\"twitter:description\" content=\"#Helvetia und #Raiffeisen beenden per 31. Dezember 2020 ihre langj\u00e4hrige und exklusive #Vertriebs-Kooperation in gegenseitigem Einvernehmen.\" \/>\n<meta name=\"twitter:image\" content=\"https:\/\/www.organisator.ch\/wp-content\/uploads\/2020\/06\/Helvetia-und-Raiffeisen-gehen-getrennte-Wege_Organisator.jpg\" \/>\n<script type=\"application\/ld+json\" class=\"yoast-schema-graph\">{\"@context\":\"https:\\\/\\\/schema.org\",\"@graph\":[{\"@type\":\"Article\",\"@id\":\"https:\\\/\\\/www.organisator.ch\\\/management\\\/finanzen_recht\\\/2020-06-17\\\/helvetia-und-raiffeisen-gehen-getrennte-wege\\\/#article\",\"isPartOf\":{\"@id\":\"https:\\\/\\\/www.organisator.ch\\\/management\\\/finanzen_recht\\\/2020-06-17\\\/helvetia-und-raiffeisen-gehen-getrennte-wege\\\/\"},\"author\":{\"name\":\"thomas.berner\",\"@id\":\"https:\\\/\\\/www.organisator.ch\\\/#\\\/schema\\\/person\\\/6f650f90b2842cd4c0cc334b4e36f67e\"},\"headline\":\"Helvetia und Raiffeisen gehen getrennte Wege\",\"datePublished\":\"2020-06-17T07:17:59+00:00\",\"mainEntityOfPage\":{\"@id\":\"https:\\\/\\\/www.organisator.ch\\\/management\\\/finanzen_recht\\\/2020-06-17\\\/helvetia-und-raiffeisen-gehen-getrennte-wege\\\/\"},\"wordCount\":270,\"publisher\":{\"@id\":\"https:\\\/\\\/www.organisator.ch\\\/#organization\"},\"image\":{\"@id\":\"https:\\\/\\\/www.organisator.ch\\\/management\\\/finanzen_recht\\\/2020-06-17\\\/helvetia-und-raiffeisen-gehen-getrennte-wege\\\/#primaryimage\"},\"thumbnailUrl\":\"https:\\\/\\\/www.organisator.ch\\\/wp-content\\\/uploads\\\/2020\\\/06\\\/Helvetia-und-Raiffeisen-gehen-getrennte-Wege_Organisator.jpg\",\"keywords\":[\"Banken\",\"Finanzen\\\/Recht\",\"Unternehmen\",\"Versicherungen\"],\"articleSection\":[\"FINANZEN\\\/RECHT\"],\"inLanguage\":\"en-US\"},{\"@type\":\"WebPage\",\"@id\":\"https:\\\/\\\/www.organisator.ch\\\/management\\\/finanzen_recht\\\/2020-06-17\\\/helvetia-und-raiffeisen-gehen-getrennte-wege\\\/\",\"url\":\"https:\\\/\\\/www.organisator.ch\\\/management\\\/finanzen_recht\\\/2020-06-17\\\/helvetia-und-raiffeisen-gehen-getrennte-wege\\\/\",\"name\":\"Helvetia und Raiffeisen gehen getrennte Wege - Organisator\",\"isPartOf\":{\"@id\":\"https:\\\/\\\/www.organisator.ch\\\/#website\"},\"primaryImageOfPage\":{\"@id\":\"https:\\\/\\\/www.organisator.ch\\\/management\\\/finanzen_recht\\\/2020-06-17\\\/helvetia-und-raiffeisen-gehen-getrennte-wege\\\/#primaryimage\"},\"image\":{\"@id\":\"https:\\\/\\\/www.organisator.ch\\\/management\\\/finanzen_recht\\\/2020-06-17\\\/helvetia-und-raiffeisen-gehen-getrennte-wege\\\/#primaryimage\"},\"thumbnailUrl\":\"https:\\\/\\\/www.organisator.ch\\\/wp-content\\\/uploads\\\/2020\\\/06\\\/Helvetia-und-Raiffeisen-gehen-getrennte-Wege_Organisator.jpg\",\"datePublished\":\"2020-06-17T07:17:59+00:00\",\"description\":\"Helvetia und Raiffeisen beenden per 31. Dezember 2020 ihre langj\u00e4hrige und exklusive Vertriebs-Kooperation in gegenseitigem Einvernehmen.\",\"breadcrumb\":{\"@id\":\"https:\\\/\\\/www.organisator.ch\\\/management\\\/finanzen_recht\\\/2020-06-17\\\/helvetia-und-raiffeisen-gehen-getrennte-wege\\\/#breadcrumb\"},\"inLanguage\":\"en-US\",\"potentialAction\":[{\"@type\":\"ReadAction\",\"target\":[\"https:\\\/\\\/www.organisator.ch\\\/management\\\/finanzen_recht\\\/2020-06-17\\\/helvetia-und-raiffeisen-gehen-getrennte-wege\\\/\"]}]},{\"@type\":\"ImageObject\",\"inLanguage\":\"en-US\",\"@id\":\"https:\\\/\\\/www.organisator.ch\\\/management\\\/finanzen_recht\\\/2020-06-17\\\/helvetia-und-raiffeisen-gehen-getrennte-wege\\\/#primaryimage\",\"url\":\"https:\\\/\\\/www.organisator.ch\\\/wp-content\\\/uploads\\\/2020\\\/06\\\/Helvetia-und-Raiffeisen-gehen-getrennte-Wege_Organisator.jpg\",\"contentUrl\":\"https:\\\/\\\/www.organisator.ch\\\/wp-content\\\/uploads\\\/2020\\\/06\\\/Helvetia-und-Raiffeisen-gehen-getrennte-Wege_Organisator.jpg\",\"width\":680,\"height\":369,\"caption\":\"Helvetia und Raiffeisen beenden ihre langj\u00e4hrige Partnerschaft.\"},{\"@type\":\"BreadcrumbList\",\"@id\":\"https:\\\/\\\/www.organisator.ch\\\/management\\\/finanzen_recht\\\/2020-06-17\\\/helvetia-und-raiffeisen-gehen-getrennte-wege\\\/#breadcrumb\",\"itemListElement\":[{\"@type\":\"ListItem\",\"position\":1,\"name\":\"Home\",\"item\":\"https:\\\/\\\/www.organisator.ch\\\/\"},{\"@type\":\"ListItem\",\"position\":2,\"name\":\"Helvetia und Raiffeisen gehen getrennte Wege\"}]},{\"@type\":\"WebSite\",\"@id\":\"https:\\\/\\\/www.organisator.ch\\\/#website\",\"url\":\"https:\\\/\\\/www.organisator.ch\\\/\",\"name\":\"Organisator\",\"description\":\"Kompetent. Praxisnah. Der ORGANISATOR bereitet in 10 Ausgaben pro Jahr die wesentlichen Themen f\u00fcr F\u00fchrungskr\u00e4fte von KMU auf.\",\"publisher\":{\"@id\":\"https:\\\/\\\/www.organisator.ch\\\/#organization\"},\"potentialAction\":[{\"@type\":\"SearchAction\",\"target\":{\"@type\":\"EntryPoint\",\"urlTemplate\":\"https:\\\/\\\/www.organisator.ch\\\/?s={search_term_string}\"},\"query-input\":{\"@type\":\"PropertyValueSpecification\",\"valueRequired\":true,\"valueName\":\"search_term_string\"}}],\"inLanguage\":\"en-US\"},{\"@type\":\"Organization\",\"@id\":\"https:\\\/\\\/www.organisator.ch\\\/#organization\",\"name\":\"Organisator\",\"url\":\"https:\\\/\\\/www.organisator.ch\\\/\",\"logo\":{\"@type\":\"ImageObject\",\"inLanguage\":\"en-US\",\"@id\":\"https:\\\/\\\/www.organisator.ch\\\/#\\\/schema\\\/logo\\\/image\\\/\",\"url\":\"https:\\\/\\\/www.organisator.ch\\\/wp-content\\\/uploads\\\/2022\\\/01\\\/Logo_Organisator_Website.png\",\"contentUrl\":\"https:\\\/\\\/www.organisator.ch\\\/wp-content\\\/uploads\\\/2022\\\/01\\\/Logo_Organisator_Website.png\",\"width\":800,\"height\":77,\"caption\":\"Organisator\"},\"image\":{\"@id\":\"https:\\\/\\\/www.organisator.ch\\\/#\\\/schema\\\/logo\\\/image\\\/\"},\"sameAs\":[\"https:\\\/\\\/www.facebook.com\\\/OrganisatorFachmagazin\",\"https:\\\/\\\/www.linkedin.com\\\/showcase\\\/organisator-das-magazin-fr-kmu\",\"https:\\\/\\\/www.xing.com\\\/news\\\/pages\\\/organisator-ch-695\",\"https:\\\/\\\/www.youtube.com\\\/channel\\\/UCGP2Sq0iWaZwT3BdIAQFYpw\"]},{\"@type\":\"Person\",\"@id\":\"https:\\\/\\\/www.organisator.ch\\\/#\\\/schema\\\/person\\\/6f650f90b2842cd4c0cc334b4e36f67e\",\"name\":\"thomas.berner\",\"image\":{\"@type\":\"ImageObject\",\"inLanguage\":\"en-US\",\"@id\":\"https:\\\/\\\/secure.gravatar.com\\\/avatar\\\/ac5001d2a36cb6c6cd3e50789007ffca834b477b74a2144564522e944eabff61?s=96&d=mm&r=g\",\"url\":\"https:\\\/\\\/secure.gravatar.com\\\/avatar\\\/ac5001d2a36cb6c6cd3e50789007ffca834b477b74a2144564522e944eabff61?s=96&d=mm&r=g\",\"contentUrl\":\"https:\\\/\\\/secure.gravatar.com\\\/avatar\\\/ac5001d2a36cb6c6cd3e50789007ffca834b477b74a2144564522e944eabff61?s=96&d=mm&r=g\",\"caption\":\"thomas.berner\"},\"url\":\"https:\\\/\\\/www.organisator.ch\\\/en\\\/author\\\/thomas-berner\\\/\"}]}<\/script>\n<!-- \/ Yoast SEO plugin. -->","yoast_head_json":{"title":"Helvetia and Raiffeisen go their separate ways - Organizer","description":"Helvetia and Raiffeisen are ending their long-standing and exclusive sales cooperation by mutual agreement as of December 31, 2020.","robots":{"index":"index","follow":"follow","max-snippet":"max-snippet:-1","max-image-preview":"max-image-preview:large","max-video-preview":"max-video-preview:-1"},"canonical":"https:\/\/www.organisator.ch\/en\/management\/finanzen_recht\/2020-06-17\/helvetia-und-raiffeisen-gehen-getrennte-wege\/","og_locale":"en_US","og_type":"article","og_title":"Helvetia und Raiffeisen gehen getrennte Wege","og_description":"Helvetia und Raiffeisen beenden per 31. Dezember 2020 ihre langj\u00e4hrige und exklusive Vertriebs-Kooperation in gegenseitigem Einvernehmen.","og_url":"https:\/\/www.organisator.ch\/en\/management\/finanzen_recht\/2020-06-17\/helvetia-und-raiffeisen-gehen-getrennte-wege\/","og_site_name":"Organisator","article_publisher":"https:\/\/www.facebook.com\/OrganisatorFachmagazin","article_published_time":"2020-06-17T07:17:59+00:00","og_image":[{"width":680,"height":369,"url":"https:\/\/www.organisator.ch\/wp-content\/uploads\/2020\/06\/Helvetia-und-Raiffeisen-gehen-getrennte-Wege_Organisator.jpg","type":"image\/jpeg"}],"author":"thomas.berner","twitter_card":"summary_large_image","twitter_title":"#Helvetia und #Raiffeisen gehen getrennte Wege","twitter_description":"#Helvetia und #Raiffeisen beenden per 31. Dezember 2020 ihre langj\u00e4hrige und exklusive #Vertriebs-Kooperation in gegenseitigem Einvernehmen.","twitter_image":"https:\/\/www.organisator.ch\/wp-content\/uploads\/2020\/06\/Helvetia-und-Raiffeisen-gehen-getrennte-Wege_Organisator.jpg","schema":{"@context":"https:\/\/schema.org","@graph":[{"@type":"Article","@id":"https:\/\/www.organisator.ch\/management\/finanzen_recht\/2020-06-17\/helvetia-und-raiffeisen-gehen-getrennte-wege\/#article","isPartOf":{"@id":"https:\/\/www.organisator.ch\/management\/finanzen_recht\/2020-06-17\/helvetia-und-raiffeisen-gehen-getrennte-wege\/"},"author":{"name":"thomas.berner","@id":"https:\/\/www.organisator.ch\/#\/schema\/person\/6f650f90b2842cd4c0cc334b4e36f67e"},"headline":"Helvetia und Raiffeisen gehen getrennte Wege","datePublished":"2020-06-17T07:17:59+00:00","mainEntityOfPage":{"@id":"https:\/\/www.organisator.ch\/management\/finanzen_recht\/2020-06-17\/helvetia-und-raiffeisen-gehen-getrennte-wege\/"},"wordCount":270,"publisher":{"@id":"https:\/\/www.organisator.ch\/#organization"},"image":{"@id":"https:\/\/www.organisator.ch\/management\/finanzen_recht\/2020-06-17\/helvetia-und-raiffeisen-gehen-getrennte-wege\/#primaryimage"},"thumbnailUrl":"https:\/\/www.organisator.ch\/wp-content\/uploads\/2020\/06\/Helvetia-und-Raiffeisen-gehen-getrennte-Wege_Organisator.jpg","keywords":["Banken","Finanzen\/Recht","Unternehmen","Versicherungen"],"articleSection":["FINANZEN\/RECHT"],"inLanguage":"en-US"},{"@type":"WebPage","@id":"https:\/\/www.organisator.ch\/management\/finanzen_recht\/2020-06-17\/helvetia-und-raiffeisen-gehen-getrennte-wege\/","url":"https:\/\/www.organisator.ch\/management\/finanzen_recht\/2020-06-17\/helvetia-und-raiffeisen-gehen-getrennte-wege\/","name":"Helvetia and Raiffeisen go their separate ways - Organizer","isPartOf":{"@id":"https:\/\/www.organisator.ch\/#website"},"primaryImageOfPage":{"@id":"https:\/\/www.organisator.ch\/management\/finanzen_recht\/2020-06-17\/helvetia-und-raiffeisen-gehen-getrennte-wege\/#primaryimage"},"image":{"@id":"https:\/\/www.organisator.ch\/management\/finanzen_recht\/2020-06-17\/helvetia-und-raiffeisen-gehen-getrennte-wege\/#primaryimage"},"thumbnailUrl":"https:\/\/www.organisator.ch\/wp-content\/uploads\/2020\/06\/Helvetia-und-Raiffeisen-gehen-getrennte-Wege_Organisator.jpg","datePublished":"2020-06-17T07:17:59+00:00","description":"Helvetia and Raiffeisen are ending their long-standing and exclusive sales cooperation by mutual agreement as of December 31, 2020.","breadcrumb":{"@id":"https:\/\/www.organisator.ch\/management\/finanzen_recht\/2020-06-17\/helvetia-und-raiffeisen-gehen-getrennte-wege\/#breadcrumb"},"inLanguage":"en-US","potentialAction":[{"@type":"ReadAction","target":["https:\/\/www.organisator.ch\/management\/finanzen_recht\/2020-06-17\/helvetia-und-raiffeisen-gehen-getrennte-wege\/"]}]},{"@type":"ImageObject","inLanguage":"en-US","@id":"https:\/\/www.organisator.ch\/management\/finanzen_recht\/2020-06-17\/helvetia-und-raiffeisen-gehen-getrennte-wege\/#primaryimage","url":"https:\/\/www.organisator.ch\/wp-content\/uploads\/2020\/06\/Helvetia-und-Raiffeisen-gehen-getrennte-Wege_Organisator.jpg","contentUrl":"https:\/\/www.organisator.ch\/wp-content\/uploads\/2020\/06\/Helvetia-und-Raiffeisen-gehen-getrennte-Wege_Organisator.jpg","width":680,"height":369,"caption":"Helvetia und Raiffeisen beenden ihre langj\u00e4hrige Partnerschaft."},{"@type":"BreadcrumbList","@id":"https:\/\/www.organisator.ch\/management\/finanzen_recht\/2020-06-17\/helvetia-und-raiffeisen-gehen-getrennte-wege\/#breadcrumb","itemListElement":[{"@type":"ListItem","position":1,"name":"Home","item":"https:\/\/www.organisator.ch\/"},{"@type":"ListItem","position":2,"name":"Helvetia und Raiffeisen gehen getrennte Wege"}]},{"@type":"WebSite","@id":"https:\/\/www.organisator.ch\/#website","url":"https:\/\/www.organisator.ch\/","name":"Organizer","description":"Competent. Practical. In 10 issues per year, ORGANISATOR presents the essential topics for managers of SMEs.","publisher":{"@id":"https:\/\/www.organisator.ch\/#organization"},"potentialAction":[{"@type":"SearchAction","target":{"@type":"EntryPoint","urlTemplate":"https:\/\/www.organisator.ch\/?s={search_term_string}"},"query-input":{"@type":"PropertyValueSpecification","valueRequired":true,"valueName":"search_term_string"}}],"inLanguage":"en-US"},{"@type":"Organization","@id":"https:\/\/www.organisator.ch\/#organization","name":"Organizer","url":"https:\/\/www.organisator.ch\/","logo":{"@type":"ImageObject","inLanguage":"en-US","@id":"https:\/\/www.organisator.ch\/#\/schema\/logo\/image\/","url":"https:\/\/www.organisator.ch\/wp-content\/uploads\/2022\/01\/Logo_Organisator_Website.png","contentUrl":"https:\/\/www.organisator.ch\/wp-content\/uploads\/2022\/01\/Logo_Organisator_Website.png","width":800,"height":77,"caption":"Organisator"},"image":{"@id":"https:\/\/www.organisator.ch\/#\/schema\/logo\/image\/"},"sameAs":["https:\/\/www.facebook.com\/OrganisatorFachmagazin","https:\/\/www.linkedin.com\/showcase\/organisator-das-magazin-fr-kmu","https:\/\/www.xing.com\/news\/pages\/organisator-ch-695","https:\/\/www.youtube.com\/channel\/UCGP2Sq0iWaZwT3BdIAQFYpw"]},{"@type":"Person","@id":"https:\/\/www.organisator.ch\/#\/schema\/person\/6f650f90b2842cd4c0cc334b4e36f67e","name":"thomas.berner","image":{"@type":"ImageObject","inLanguage":"en-US","@id":"https:\/\/secure.gravatar.com\/avatar\/ac5001d2a36cb6c6cd3e50789007ffca834b477b74a2144564522e944eabff61?s=96&d=mm&r=g","url":"https:\/\/secure.gravatar.com\/avatar\/ac5001d2a36cb6c6cd3e50789007ffca834b477b74a2144564522e944eabff61?s=96&d=mm&r=g","contentUrl":"https:\/\/secure.gravatar.com\/avatar\/ac5001d2a36cb6c6cd3e50789007ffca834b477b74a2144564522e944eabff61?s=96&d=mm&r=g","caption":"thomas.berner"},"url":"https:\/\/www.organisator.ch\/en\/author\/thomas-berner\/"}]}},"_links":{"self":[{"href":"https:\/\/www.organisator.ch\/en\/wp-json\/wp\/v2\/posts\/6818","targetHints":{"allow":["GET"]}}],"collection":[{"href":"https:\/\/www.organisator.ch\/en\/wp-json\/wp\/v2\/posts"}],"about":[{"href":"https:\/\/www.organisator.ch\/en\/wp-json\/wp\/v2\/types\/post"}],"author":[{"embeddable":true,"href":"https:\/\/www.organisator.ch\/en\/wp-json\/wp\/v2\/users\/4"}],"replies":[{"embeddable":true,"href":"https:\/\/www.organisator.ch\/en\/wp-json\/wp\/v2\/comments?post=6818"}],"version-history":[{"count":0,"href":"https:\/\/www.organisator.ch\/en\/wp-json\/wp\/v2\/posts\/6818\/revisions"}],"wp:featuredmedia":[{"embeddable":true,"href":"https:\/\/www.organisator.ch\/en\/wp-json\/wp\/v2\/media\/6819"}],"wp:attachment":[{"href":"https:\/\/www.organisator.ch\/en\/wp-json\/wp\/v2\/media?parent=6818"}],"wp:term":[{"taxonomy":"category","embeddable":true,"href":"https:\/\/www.organisator.ch\/en\/wp-json\/wp\/v2\/categories?post=6818"},{"taxonomy":"post_tag","embeddable":true,"href":"https:\/\/www.organisator.ch\/en\/wp-json\/wp\/v2\/tags?post=6818"}],"curies":[{"name":"wp","href":"https:\/\/api.w.org\/{rel}","templated":true}]}}